{"id":281858,"date":"2025-02-14T17:16:39","date_gmt":"2025-02-14T21:16:39","guid":{"rendered":"https:\/\/www.eldiario.net\/portal\/?p=281858"},"modified":"2025-02-14T17:18:25","modified_gmt":"2025-02-14T21:18:25","slug":"san-valentin-entre-el-amor-y-la-lucha-por-subsistir-1715","status":"publish","type":"post","link":"https:\/\/www.eldiario.net\/portal\/2025\/02\/14\/san-valentin-entre-el-amor-y-la-lucha-por-subsistir-1715\/","title":{"rendered":"San Valent\u00edn entre el amor y la lucha por subsistir. (17:15)"},"content":{"rendered":"<p>Aunque ajena a nuestras tradiciones, la festividad de San Valent\u00edn se est\u00e1 volviendo cada vez m\u00e1s popular, dinamizando la econom\u00eda y permitiendo a muchas familias generar un ingreso extra a trav\u00e9s del comercio<\/p>\n<p>Las alternativas de festejo pasan por citas rom\u00e1nticas en diferentes restaurantes y caf\u00e9s o la adquisici\u00f3n de flores, chocolates y peluches que llenan las calles de compradores que buscan expresar su afecto.<\/p>\n<p>No obstante, este impulso, aunque vital, no oculta la cruda realidad de una crisis profunda; los ingresos adicionales alivian moment\u00e1neamente las dificultades, evidenciando la necesidad de soluciones duraderas.<\/p>\n<p>Aun as\u00ed, el esp\u00edritu de la fecha persiste. M\u00e1s all\u00e1 del valor material de un regalo, lo que realmente importa es la intenci\u00f3n de compartir y demostrar cari\u00f1o.<\/p>\n","protected":false},"excerpt":{"rendered":"<p>Aunque ajena a nuestras tradiciones, la festividad de San Valent\u00edn se est\u00e1 volviendo cada vez m\u00e1s popular, dinamizando la econom\u00eda y permitiendo a muchas familias generar un ingreso extra a trav\u00e9s del comercio Las alternativas de festejo pasan por citas rom\u00e1nticas en diferentes restaurantes y caf\u00e9s o la adquisici\u00f3n de flores, chocolates y peluches que [&hellip;]<\/p>\n","protected":false},"author":7,"featured_media":281859,"comment_status":"closed","ping_status":"open","sticky":false,"template":"","format":"standard","meta":{"_acf_changed":false,"footnotes":""},"categories":[51],"tags":[],"class_list":["post-281858","post","type-post","status-publish","format-standard","has-post-thumbnail","category-ultima-hora"],"acf":{"antetitulo":""},"yoast_head":"<!-- This site is optimized with the Yoast SEO plugin v28.3 - https:\/\/yoast.com\/product\/yoast-seo-wordpress\/ -->\n<title>San Valent\u00edn entre el amor y la lucha por subsistir. (17:15) - El Diario - Bolivia<\/title>\n<meta name=\"robots\" content=\"index, follow, max-snippet:-1, max-image-preview:large, max-video-preview:-1\" \/>\n<link rel=\"canonical\" href=\"https:\/\/www.eldiario.net\/portal\/2025\/02\/14\/san-valentin-entre-el-amor-y-la-lucha-por-subsistir-1715\/\" \/>\n<meta property=\"og:locale\" content=\"es_ES\" \/>\n<meta property=\"og:type\" content=\"article\" \/>\n<meta property=\"og:title\" content=\"San Valent\u00edn entre el amor y la lucha por subsistir. (17:15) - El Diario - Bolivia\" \/>\n<meta property=\"og:description\" content=\"Aunque ajena a nuestras tradiciones, la festividad de San Valent\u00edn se est\u00e1 volviendo cada vez m\u00e1s popular, dinamizando la econom\u00eda y permitiendo a muchas familias generar un ingreso extra a trav\u00e9s del comercio Las alternativas de festejo pasan por citas rom\u00e1nticas en diferentes restaurantes y caf\u00e9s o la adquisici\u00f3n de flores, chocolates y peluches que [&hellip;]\" \/>\n<meta property=\"og:url\" content=\"https:\/\/www.eldiario.net\/portal\/2025\/02\/14\/san-valentin-entre-el-amor-y-la-lucha-por-subsistir-1715\/\" \/>\n<meta property=\"og:site_name\" content=\"El Diario - Bolivia\" \/>\n<meta property=\"article:publisher\" content=\"https:\/\/www.facebook.com\/eldiario.bolivia\/\" \/>\n<meta property=\"article:published_time\" content=\"2025-02-14T21:16:39+00:00\" \/>\n<meta property=\"article:modified_time\" content=\"2025-02-14T21:18:25+00:00\" \/>\n<meta property=\"og:image\" content=\"https:\/\/www.eldiario.net\/portal\/wp-content\/uploads\/2025\/02\/san-valentin-e1739567754114.jpg\" \/>\n\t<meta property=\"og:image:width\" content=\"200\" \/>\n\t<meta property=\"og:image:height\" content=\"267\" \/>\n\t<meta property=\"og:image:type\" content=\"image\/jpeg\" \/>\n<meta name=\"author\" content=\"Viviana Monrroy\" \/>\n<meta name=\"twitter:card\" content=\"summary_large_image\" \/>\n<meta name=\"twitter:creator\" content=\"@eldiario_net\" \/>\n<meta name=\"twitter:site\" content=\"@eldiario_net\" \/>\n<meta name=\"twitter:label1\" content=\"Escrito por\" \/>\n\t<meta name=\"twitter:data1\" content=\"Viviana Monrroy\" \/>\n\t<meta name=\"twitter:label2\" content=\"Tiempo de lectura\" \/>\n\t<meta name=\"twitter:data2\" content=\"1 minuto\" \/>\n<script type=\"application\/ld+json\" class=\"yoast-schema-graph\">{\"@context\":\"https:\\\/\\\/schema.org\",\"@graph\":[{\"@type\":\"Article\",\"@id\":\"https:\\\/\\\/www.eldiario.net\\\/portal\\\/2025\\\/02\\\/14\\\/san-valentin-entre-el-amor-y-la-lucha-por-subsistir-1715\\\/#article\",\"isPartOf\":{\"@id\":\"https:\\\/\\\/www.eldiario.net\\\/portal\\\/2025\\\/02\\\/14\\\/san-valentin-entre-el-amor-y-la-lucha-por-subsistir-1715\\\/\"},\"author\":{\"name\":\"Viviana Monrroy\",\"@id\":\"https:\\\/\\\/www.eldiario.net\\\/portal\\\/#\\\/schema\\\/person\\\/ba370d92d160f4d3574381f6d9b78fab\"},\"headline\":\"San Valent\u00edn entre el amor y la lucha por subsistir. (17:15)\",\"datePublished\":\"2025-02-14T21:16:39+00:00\",\"dateModified\":\"2025-02-14T21:18:25+00:00\",\"mainEntityOfPage\":{\"@id\":\"https:\\\/\\\/www.eldiario.net\\\/portal\\\/2025\\\/02\\\/14\\\/san-valentin-entre-el-amor-y-la-lucha-por-subsistir-1715\\\/\"},\"wordCount\":144,\"publisher\":{\"@id\":\"https:\\\/\\\/www.eldiario.net\\\/portal\\\/#organization\"},\"image\":{\"@id\":\"https:\\\/\\\/www.eldiario.net\\\/portal\\\/2025\\\/02\\\/14\\\/san-valentin-entre-el-amor-y-la-lucha-por-subsistir-1715\\\/#primaryimage\"},\"thumbnailUrl\":\"https:\\\/\\\/www.eldiario.net\\\/portal\\\/wp-content\\\/uploads\\\/2025\\\/02\\\/san-valentin-e1739567754114.jpg\",\"articleSection\":[\"\u00daltima Hora\"],\"inLanguage\":\"es\"},{\"@type\":\"WebPage\",\"@id\":\"https:\\\/\\\/www.eldiario.net\\\/portal\\\/2025\\\/02\\\/14\\\/san-valentin-entre-el-amor-y-la-lucha-por-subsistir-1715\\\/\",\"url\":\"https:\\\/\\\/www.eldiario.net\\\/portal\\\/2025\\\/02\\\/14\\\/san-valentin-entre-el-amor-y-la-lucha-por-subsistir-1715\\\/\",\"name\":\"San Valent\u00edn entre el amor y la lucha por subsistir. (17:15) - El Diario - Bolivia\",\"isPartOf\":{\"@id\":\"https:\\\/\\\/www.eldiario.net\\\/portal\\\/#website\"},\"primaryImageOfPage\":{\"@id\":\"https:\\\/\\\/www.eldiario.net\\\/portal\\\/2025\\\/02\\\/14\\\/san-valentin-entre-el-amor-y-la-lucha-por-subsistir-1715\\\/#primaryimage\"},\"image\":{\"@id\":\"https:\\\/\\\/www.eldiario.net\\\/portal\\\/2025\\\/02\\\/14\\\/san-valentin-entre-el-amor-y-la-lucha-por-subsistir-1715\\\/#primaryimage\"},\"thumbnailUrl\":\"https:\\\/\\\/www.eldiario.net\\\/portal\\\/wp-content\\\/uploads\\\/2025\\\/02\\\/san-valentin-e1739567754114.jpg\",\"datePublished\":\"2025-02-14T21:16:39+00:00\",\"dateModified\":\"2025-02-14T21:18:25+00:00\",\"breadcrumb\":{\"@id\":\"https:\\\/\\\/www.eldiario.net\\\/portal\\\/2025\\\/02\\\/14\\\/san-valentin-entre-el-amor-y-la-lucha-por-subsistir-1715\\\/#breadcrumb\"},\"inLanguage\":\"es\",\"potentialAction\":[{\"@type\":\"ReadAction\",\"target\":[\"https:\\\/\\\/www.eldiario.net\\\/portal\\\/2025\\\/02\\\/14\\\/san-valentin-entre-el-amor-y-la-lucha-por-subsistir-1715\\\/\"]}]},{\"@type\":\"ImageObject\",\"inLanguage\":\"es\",\"@id\":\"https:\\\/\\\/www.eldiario.net\\\/portal\\\/2025\\\/02\\\/14\\\/san-valentin-entre-el-amor-y-la-lucha-por-subsistir-1715\\\/#primaryimage\",\"url\":\"https:\\\/\\\/www.eldiario.net\\\/portal\\\/wp-content\\\/uploads\\\/2025\\\/02\\\/san-valentin-e1739567754114.jpg\",\"contentUrl\":\"https:\\\/\\\/www.eldiario.net\\\/portal\\\/wp-content\\\/uploads\\\/2025\\\/02\\\/san-valentin-e1739567754114.jpg\",\"width\":200,\"height\":267,\"caption\":\"Foto: El Diario\"},{\"@type\":\"BreadcrumbList\",\"@id\":\"https:\\\/\\\/www.eldiario.net\\\/portal\\\/2025\\\/02\\\/14\\\/san-valentin-entre-el-amor-y-la-lucha-por-subsistir-1715\\\/#breadcrumb\",\"itemListElement\":[{\"@type\":\"ListItem\",\"position\":1,\"name\":\"Portada\",\"item\":\"https:\\\/\\\/www.eldiario.net\\\/portal\\\/\"},{\"@type\":\"ListItem\",\"position\":2,\"name\":\"San Valent\u00edn entre el amor y la lucha por subsistir. (17:15)\"}]},{\"@type\":\"WebSite\",\"@id\":\"https:\\\/\\\/www.eldiario.net\\\/portal\\\/#website\",\"url\":\"https:\\\/\\\/www.eldiario.net\\\/portal\\\/\",\"name\":\"El Diario - Decano de la prensa nacional\",\"description\":\"El Diario - Decano de la prensa nacional\",\"publisher\":{\"@id\":\"https:\\\/\\\/www.eldiario.net\\\/portal\\\/#organization\"},\"potentialAction\":[{\"@type\":\"SearchAction\",\"target\":{\"@type\":\"EntryPoint\",\"urlTemplate\":\"https:\\\/\\\/www.eldiario.net\\\/portal\\\/?s={search_term_string}\"},\"query-input\":{\"@type\":\"PropertyValueSpecification\",\"valueRequired\":true,\"valueName\":\"search_term_string\"}}],\"inLanguage\":\"es\"},{\"@type\":\"Organization\",\"@id\":\"https:\\\/\\\/www.eldiario.net\\\/portal\\\/#organization\",\"name\":\"El Diario - Decano de la prensa nacional\",\"url\":\"https:\\\/\\\/www.eldiario.net\\\/portal\\\/\",\"logo\":{\"@type\":\"ImageObject\",\"inLanguage\":\"es\",\"@id\":\"https:\\\/\\\/www.eldiario.net\\\/portal\\\/#\\\/schema\\\/logo\\\/image\\\/\",\"url\":\"https:\\\/\\\/www.eldiario.net\\\/portal\\\/wp-content\\\/uploads\\\/2023\\\/07\\\/logo_ED.jpg\",\"contentUrl\":\"https:\\\/\\\/www.eldiario.net\\\/portal\\\/wp-content\\\/uploads\\\/2023\\\/07\\\/logo_ED.jpg\",\"width\":272,\"height\":52,\"caption\":\"El Diario - Decano de la prensa nacional\"},\"image\":{\"@id\":\"https:\\\/\\\/www.eldiario.net\\\/portal\\\/#\\\/schema\\\/logo\\\/image\\\/\"},\"sameAs\":[\"https:\\\/\\\/www.facebook.com\\\/eldiario.bolivia\\\/\",\"https:\\\/\\\/x.com\\\/eldiario_net\"]},{\"@type\":\"Person\",\"@id\":\"https:\\\/\\\/www.eldiario.net\\\/portal\\\/#\\\/schema\\\/person\\\/ba370d92d160f4d3574381f6d9b78fab\",\"name\":\"Viviana Monrroy\",\"image\":{\"@type\":\"ImageObject\",\"inLanguage\":\"es\",\"@id\":\"https:\\\/\\\/secure.gravatar.com\\\/avatar\\\/dfd1611ed5600959a0e5a9754503b6c05d1dcf190010998e0363aee2ad98afca?s=96&d=mm&r=g\",\"url\":\"https:\\\/\\\/secure.gravatar.com\\\/avatar\\\/dfd1611ed5600959a0e5a9754503b6c05d1dcf190010998e0363aee2ad98afca?s=96&d=mm&r=g\",\"contentUrl\":\"https:\\\/\\\/secure.gravatar.com\\\/avatar\\\/dfd1611ed5600959a0e5a9754503b6c05d1dcf190010998e0363aee2ad98afca?s=96&d=mm&r=g\",\"caption\":\"Viviana Monrroy\"},\"sameAs\":[\"http:\\\/\\\/www.eldiario.net\"],\"url\":\"https:\\\/\\\/www.eldiario.net\\\/portal\\\/author\\\/vivianamonrroy\\\/\"}]}<\/script>\n<!-- \/ Yoast SEO plugin. -->","yoast_head_json":{"title":"San Valent\u00edn entre el amor y la lucha por subsistir. (17:15) - El Diario - Bolivia","robots":{"index":"index","follow":"follow","max-snippet":"max-snippet:-1","max-image-preview":"max-image-preview:large","max-video-preview":"max-video-preview:-1"},"canonical":"https:\/\/www.eldiario.net\/portal\/2025\/02\/14\/san-valentin-entre-el-amor-y-la-lucha-por-subsistir-1715\/","og_locale":"es_ES","og_type":"article","og_title":"San Valent\u00edn entre el amor y la lucha por subsistir. (17:15) - El Diario - Bolivia","og_description":"Aunque ajena a nuestras tradiciones, la festividad de San Valent\u00edn se est\u00e1 volviendo cada vez m\u00e1s popular, dinamizando la econom\u00eda y permitiendo a muchas familias generar un ingreso extra a trav\u00e9s del comercio Las alternativas de festejo pasan por citas rom\u00e1nticas en diferentes restaurantes y caf\u00e9s o la adquisici\u00f3n de flores, chocolates y peluches que [&hellip;]","og_url":"https:\/\/www.eldiario.net\/portal\/2025\/02\/14\/san-valentin-entre-el-amor-y-la-lucha-por-subsistir-1715\/","og_site_name":"El Diario - Bolivia","article_publisher":"https:\/\/www.facebook.com\/eldiario.bolivia\/","article_published_time":"2025-02-14T21:16:39+00:00","article_modified_time":"2025-02-14T21:18:25+00:00","og_image":[{"width":200,"height":267,"url":"https:\/\/www.eldiario.net\/portal\/wp-content\/uploads\/2025\/02\/san-valentin-e1739567754114.jpg","type":"image\/jpeg"}],"author":"Viviana Monrroy","twitter_card":"summary_large_image","twitter_creator":"@eldiario_net","twitter_site":"@eldiario_net","twitter_misc":{"Escrito por":"Viviana Monrroy","Tiempo de lectura":"1 minuto"},"schema":{"@context":"https:\/\/schema.org","@graph":[{"@type":"Article","@id":"https:\/\/www.eldiario.net\/portal\/2025\/02\/14\/san-valentin-entre-el-amor-y-la-lucha-por-subsistir-1715\/#article","isPartOf":{"@id":"https:\/\/www.eldiario.net\/portal\/2025\/02\/14\/san-valentin-entre-el-amor-y-la-lucha-por-subsistir-1715\/"},"author":{"name":"Viviana Monrroy","@id":"https:\/\/www.eldiario.net\/portal\/#\/schema\/person\/ba370d92d160f4d3574381f6d9b78fab"},"headline":"San Valent\u00edn entre el amor y la lucha por subsistir. (17:15)","datePublished":"2025-02-14T21:16:39+00:00","dateModified":"2025-02-14T21:18:25+00:00","mainEntityOfPage":{"@id":"https:\/\/www.eldiario.net\/portal\/2025\/02\/14\/san-valentin-entre-el-amor-y-la-lucha-por-subsistir-1715\/"},"wordCount":144,"publisher":{"@id":"https:\/\/www.eldiario.net\/portal\/#organization"},"image":{"@id":"https:\/\/www.eldiario.net\/portal\/2025\/02\/14\/san-valentin-entre-el-amor-y-la-lucha-por-subsistir-1715\/#primaryimage"},"thumbnailUrl":"https:\/\/www.eldiario.net\/portal\/wp-content\/uploads\/2025\/02\/san-valentin-e1739567754114.jpg","articleSection":["\u00daltima Hora"],"inLanguage":"es"},{"@type":"WebPage","@id":"https:\/\/www.eldiario.net\/portal\/2025\/02\/14\/san-valentin-entre-el-amor-y-la-lucha-por-subsistir-1715\/","url":"https:\/\/www.eldiario.net\/portal\/2025\/02\/14\/san-valentin-entre-el-amor-y-la-lucha-por-subsistir-1715\/","name":"San Valent\u00edn entre el amor y la lucha por subsistir. (17:15) - El Diario - Bolivia","isPartOf":{"@id":"https:\/\/www.eldiario.net\/portal\/#website"},"primaryImageOfPage":{"@id":"https:\/\/www.eldiario.net\/portal\/2025\/02\/14\/san-valentin-entre-el-amor-y-la-lucha-por-subsistir-1715\/#primaryimage"},"image":{"@id":"https:\/\/www.eldiario.net\/portal\/2025\/02\/14\/san-valentin-entre-el-amor-y-la-lucha-por-subsistir-1715\/#primaryimage"},"thumbnailUrl":"https:\/\/www.eldiario.net\/portal\/wp-content\/uploads\/2025\/02\/san-valentin-e1739567754114.jpg","datePublished":"2025-02-14T21:16:39+00:00","dateModified":"2025-02-14T21:18:25+00:00","breadcrumb":{"@id":"https:\/\/www.eldiario.net\/portal\/2025\/02\/14\/san-valentin-entre-el-amor-y-la-lucha-por-subsistir-1715\/#breadcrumb"},"inLanguage":"es","potentialAction":[{"@type":"ReadAction","target":["https:\/\/www.eldiario.net\/portal\/2025\/02\/14\/san-valentin-entre-el-amor-y-la-lucha-por-subsistir-1715\/"]}]},{"@type":"ImageObject","inLanguage":"es","@id":"https:\/\/www.eldiario.net\/portal\/2025\/02\/14\/san-valentin-entre-el-amor-y-la-lucha-por-subsistir-1715\/#primaryimage","url":"https:\/\/www.eldiario.net\/portal\/wp-content\/uploads\/2025\/02\/san-valentin-e1739567754114.jpg","contentUrl":"https:\/\/www.eldiario.net\/portal\/wp-content\/uploads\/2025\/02\/san-valentin-e1739567754114.jpg","width":200,"height":267,"caption":"Foto: El Diario"},{"@type":"BreadcrumbList","@id":"https:\/\/www.eldiario.net\/portal\/2025\/02\/14\/san-valentin-entre-el-amor-y-la-lucha-por-subsistir-1715\/#breadcrumb","itemListElement":[{"@type":"ListItem","position":1,"name":"Portada","item":"https:\/\/www.eldiario.net\/portal\/"},{"@type":"ListItem","position":2,"name":"San Valent\u00edn entre el amor y la lucha por subsistir. (17:15)"}]},{"@type":"WebSite","@id":"https:\/\/www.eldiario.net\/portal\/#website","url":"https:\/\/www.eldiario.net\/portal\/","name":"El Diario - Decano de la prensa nacional","description":"El Diario - Decano de la prensa nacional","publisher":{"@id":"https:\/\/www.eldiario.net\/portal\/#organization"},"potentialAction":[{"@type":"SearchAction","target":{"@type":"EntryPoint","urlTemplate":"https:\/\/www.eldiario.net\/portal\/?s={search_term_string}"},"query-input":{"@type":"PropertyValueSpecification","valueRequired":true,"valueName":"search_term_string"}}],"inLanguage":"es"},{"@type":"Organization","@id":"https:\/\/www.eldiario.net\/portal\/#organization","name":"El Diario - Decano de la prensa nacional","url":"https:\/\/www.eldiario.net\/portal\/","logo":{"@type":"ImageObject","inLanguage":"es","@id":"https:\/\/www.eldiario.net\/portal\/#\/schema\/logo\/image\/","url":"https:\/\/www.eldiario.net\/portal\/wp-content\/uploads\/2023\/07\/logo_ED.jpg","contentUrl":"https:\/\/www.eldiario.net\/portal\/wp-content\/uploads\/2023\/07\/logo_ED.jpg","width":272,"height":52,"caption":"El Diario - Decano de la prensa nacional"},"image":{"@id":"https:\/\/www.eldiario.net\/portal\/#\/schema\/logo\/image\/"},"sameAs":["https:\/\/www.facebook.com\/eldiario.bolivia\/","https:\/\/x.com\/eldiario_net"]},{"@type":"Person","@id":"https:\/\/www.eldiario.net\/portal\/#\/schema\/person\/ba370d92d160f4d3574381f6d9b78fab","name":"Viviana Monrroy","image":{"@type":"ImageObject","inLanguage":"es","@id":"https:\/\/secure.gravatar.com\/avatar\/dfd1611ed5600959a0e5a9754503b6c05d1dcf190010998e0363aee2ad98afca?s=96&d=mm&r=g","url":"https:\/\/secure.gravatar.com\/avatar\/dfd1611ed5600959a0e5a9754503b6c05d1dcf190010998e0363aee2ad98afca?s=96&d=mm&r=g","contentUrl":"https:\/\/secure.gravatar.com\/avatar\/dfd1611ed5600959a0e5a9754503b6c05d1dcf190010998e0363aee2ad98afca?s=96&d=mm&r=g","caption":"Viviana Monrroy"},"sameAs":["http:\/\/www.eldiario.net"],"url":"https:\/\/www.eldiario.net\/portal\/author\/vivianamonrroy\/"}]}},"_links":{"self":[{"href":"https:\/\/www.eldiario.net\/portal\/wp-json\/wp\/v2\/posts\/281858","targetHints":{"allow":["GET"]}}],"collection":[{"href":"https:\/\/www.eldiario.net\/portal\/wp-json\/wp\/v2\/posts"}],"about":[{"href":"https:\/\/www.eldiario.net\/portal\/wp-json\/wp\/v2\/types\/post"}],"author":[{"embeddable":true,"href":"https:\/\/www.eldiario.net\/portal\/wp-json\/wp\/v2\/users\/7"}],"replies":[{"embeddable":true,"href":"https:\/\/www.eldiario.net\/portal\/wp-json\/wp\/v2\/comments?post=281858"}],"version-history":[{"count":1,"href":"https:\/\/www.eldiario.net\/portal\/wp-json\/wp\/v2\/posts\/281858\/revisions"}],"predecessor-version":[{"id":281860,"href":"https:\/\/www.eldiario.net\/portal\/wp-json\/wp\/v2\/posts\/281858\/revisions\/281860"}],"wp:featuredmedia":[{"embeddable":true,"href":"https:\/\/www.eldiario.net\/portal\/wp-json\/wp\/v2\/media\/281859"}],"wp:attachment":[{"href":"https:\/\/www.eldiario.net\/portal\/wp-json\/wp\/v2\/media?parent=281858"}],"wp:term":[{"taxonomy":"category","embeddable":true,"href":"https:\/\/www.eldiario.net\/portal\/wp-json\/wp\/v2\/categories?post=281858"},{"taxonomy":"post_tag","embeddable":true,"href":"https:\/\/www.eldiario.net\/portal\/wp-json\/wp\/v2\/tags?post=281858"}],"curies":[{"name":"wp","href":"https:\/\/api.w.org\/{rel}","templated":true}]}}