{"id":281851,"date":"2025-02-14T13:26:44","date_gmt":"2025-02-14T17:26:44","guid":{"rendered":"https:\/\/www.eldiario.net\/portal\/?p=281851"},"modified":"2025-02-14T13:26:44","modified_gmt":"2025-02-14T17:26:44","slug":"tribunal-rechaza-solicitud-de-libertad-para-luis-fernando-camacho-1325","status":"publish","type":"post","link":"https:\/\/www.eldiario.net\/portal\/2025\/02\/14\/tribunal-rechaza-solicitud-de-libertad-para-luis-fernando-camacho-1325\/","title":{"rendered":"Tribunal rechaza solicitud de libertad para Luis Fernando Camacho. (13:25)"},"content":{"rendered":"<p>El gobernador electo de Santa Cruz, Luis Fernando Camacho, deber\u00e1 continuar en detenci\u00f3n preventiva en el penal de Chonchocoro seg\u00fan lo determin\u00f3 el Tribunal Sexto de Sentencia Anticorrupci\u00f3n de La Paz. El juicio continuar\u00e1 el 17 de febrero, cuando se reinstalar\u00e1 la audiencia para definir los pr\u00f3ximos pasos del caso.<\/p>\n<p>Pese a los argumentos de la defensa de Camacho, que present\u00f3 documentaci\u00f3n m\u00e9dica acreditando que padece el s\u00edndrome de Churg-Strauss, una enfermedad grave que compromete su vida, la justicia rechaz\u00f3 su solicitud de libertad condicional.<\/p>\n<p>La audiencia, desarrollada este viernes en el marco del caso \u00abGolpe I\u00bb, defini\u00f3 que Camacho seguir\u00e1 en prisi\u00f3n mientras avanza el juicio en su contra, que incluye acusaciones por terrorismo, sedici\u00f3n y otros delitos.<\/p>\n","protected":false},"excerpt":{"rendered":"<p>El gobernador electo de Santa Cruz, Luis Fernando Camacho, deber\u00e1 continuar en detenci\u00f3n preventiva en el penal de Chonchocoro seg\u00fan lo determin\u00f3 el Tribunal Sexto de Sentencia Anticorrupci\u00f3n de La Paz. El juicio continuar\u00e1 el 17 de febrero, cuando se reinstalar\u00e1 la audiencia para definir los pr\u00f3ximos pasos del caso. Pese a los argumentos de [&hellip;]<\/p>\n","protected":false},"author":7,"featured_media":281852,"comment_status":"closed","ping_status":"open","sticky":false,"template":"","format":"standard","meta":{"_acf_changed":false,"footnotes":""},"categories":[51],"tags":[],"class_list":["post-281851","post","type-post","status-publish","format-standard","has-post-thumbnail","category-ultima-hora"],"acf":{"antetitulo":""},"yoast_head":"<!-- This site is optimized with the Yoast SEO plugin v28.3 - https:\/\/yoast.com\/product\/yoast-seo-wordpress\/ -->\n<title>Tribunal rechaza solicitud de libertad para Luis Fernando Camacho. (13:25) - El Diario - Bolivia<\/title>\n<meta name=\"robots\" content=\"index, follow, max-snippet:-1, max-image-preview:large, max-video-preview:-1\" \/>\n<link rel=\"canonical\" href=\"https:\/\/www.eldiario.net\/portal\/2025\/02\/14\/tribunal-rechaza-solicitud-de-libertad-para-luis-fernando-camacho-1325\/\" \/>\n<meta property=\"og:locale\" content=\"es_ES\" \/>\n<meta property=\"og:type\" content=\"article\" \/>\n<meta property=\"og:title\" content=\"Tribunal rechaza solicitud de libertad para Luis Fernando Camacho. (13:25) - El Diario - Bolivia\" \/>\n<meta property=\"og:description\" content=\"El gobernador electo de Santa Cruz, Luis Fernando Camacho, deber\u00e1 continuar en detenci\u00f3n preventiva en el penal de Chonchocoro seg\u00fan lo determin\u00f3 el Tribunal Sexto de Sentencia Anticorrupci\u00f3n de La Paz. El juicio continuar\u00e1 el 17 de febrero, cuando se reinstalar\u00e1 la audiencia para definir los pr\u00f3ximos pasos del caso. Pese a los argumentos de [&hellip;]\" \/>\n<meta property=\"og:url\" content=\"https:\/\/www.eldiario.net\/portal\/2025\/02\/14\/tribunal-rechaza-solicitud-de-libertad-para-luis-fernando-camacho-1325\/\" \/>\n<meta property=\"og:site_name\" content=\"El Diario - Bolivia\" \/>\n<meta property=\"article:publisher\" content=\"https:\/\/www.facebook.com\/eldiario.bolivia\/\" \/>\n<meta property=\"article:published_time\" content=\"2025-02-14T17:26:44+00:00\" \/>\n<meta property=\"og:image\" content=\"https:\/\/www.eldiario.net\/portal\/wp-content\/uploads\/2025\/02\/camacho-14.02.25-e1739553962766.jpg\" \/>\n\t<meta property=\"og:image:width\" content=\"300\" \/>\n\t<meta property=\"og:image:height\" content=\"200\" \/>\n\t<meta property=\"og:image:type\" content=\"image\/jpeg\" \/>\n<meta name=\"author\" content=\"Viviana Monrroy\" \/>\n<meta name=\"twitter:card\" content=\"summary_large_image\" \/>\n<meta name=\"twitter:creator\" content=\"@eldiario_net\" \/>\n<meta name=\"twitter:site\" content=\"@eldiario_net\" \/>\n<meta name=\"twitter:label1\" content=\"Escrito por\" \/>\n\t<meta name=\"twitter:data1\" content=\"Viviana Monrroy\" \/>\n\t<meta name=\"twitter:label2\" content=\"Tiempo de lectura\" \/>\n\t<meta name=\"twitter:data2\" content=\"1 minuto\" \/>\n<script type=\"application\/ld+json\" class=\"yoast-schema-graph\">{\"@context\":\"https:\\\/\\\/schema.org\",\"@graph\":[{\"@type\":\"Article\",\"@id\":\"https:\\\/\\\/www.eldiario.net\\\/portal\\\/2025\\\/02\\\/14\\\/tribunal-rechaza-solicitud-de-libertad-para-luis-fernando-camacho-1325\\\/#article\",\"isPartOf\":{\"@id\":\"https:\\\/\\\/www.eldiario.net\\\/portal\\\/2025\\\/02\\\/14\\\/tribunal-rechaza-solicitud-de-libertad-para-luis-fernando-camacho-1325\\\/\"},\"author\":{\"name\":\"Viviana Monrroy\",\"@id\":\"https:\\\/\\\/www.eldiario.net\\\/portal\\\/#\\\/schema\\\/person\\\/ba370d92d160f4d3574381f6d9b78fab\"},\"headline\":\"Tribunal rechaza solicitud de libertad para Luis Fernando Camacho. (13:25)\",\"datePublished\":\"2025-02-14T17:26:44+00:00\",\"mainEntityOfPage\":{\"@id\":\"https:\\\/\\\/www.eldiario.net\\\/portal\\\/2025\\\/02\\\/14\\\/tribunal-rechaza-solicitud-de-libertad-para-luis-fernando-camacho-1325\\\/\"},\"wordCount\":136,\"publisher\":{\"@id\":\"https:\\\/\\\/www.eldiario.net\\\/portal\\\/#organization\"},\"image\":{\"@id\":\"https:\\\/\\\/www.eldiario.net\\\/portal\\\/2025\\\/02\\\/14\\\/tribunal-rechaza-solicitud-de-libertad-para-luis-fernando-camacho-1325\\\/#primaryimage\"},\"thumbnailUrl\":\"https:\\\/\\\/www.eldiario.net\\\/portal\\\/wp-content\\\/uploads\\\/2025\\\/02\\\/camacho-14.02.25-e1739553962766.jpg\",\"articleSection\":[\"\u00daltima Hora\"],\"inLanguage\":\"es\"},{\"@type\":\"WebPage\",\"@id\":\"https:\\\/\\\/www.eldiario.net\\\/portal\\\/2025\\\/02\\\/14\\\/tribunal-rechaza-solicitud-de-libertad-para-luis-fernando-camacho-1325\\\/\",\"url\":\"https:\\\/\\\/www.eldiario.net\\\/portal\\\/2025\\\/02\\\/14\\\/tribunal-rechaza-solicitud-de-libertad-para-luis-fernando-camacho-1325\\\/\",\"name\":\"Tribunal rechaza solicitud de libertad para Luis Fernando Camacho. (13:25) - El Diario - Bolivia\",\"isPartOf\":{\"@id\":\"https:\\\/\\\/www.eldiario.net\\\/portal\\\/#website\"},\"primaryImageOfPage\":{\"@id\":\"https:\\\/\\\/www.eldiario.net\\\/portal\\\/2025\\\/02\\\/14\\\/tribunal-rechaza-solicitud-de-libertad-para-luis-fernando-camacho-1325\\\/#primaryimage\"},\"image\":{\"@id\":\"https:\\\/\\\/www.eldiario.net\\\/portal\\\/2025\\\/02\\\/14\\\/tribunal-rechaza-solicitud-de-libertad-para-luis-fernando-camacho-1325\\\/#primaryimage\"},\"thumbnailUrl\":\"https:\\\/\\\/www.eldiario.net\\\/portal\\\/wp-content\\\/uploads\\\/2025\\\/02\\\/camacho-14.02.25-e1739553962766.jpg\",\"datePublished\":\"2025-02-14T17:26:44+00:00\",\"breadcrumb\":{\"@id\":\"https:\\\/\\\/www.eldiario.net\\\/portal\\\/2025\\\/02\\\/14\\\/tribunal-rechaza-solicitud-de-libertad-para-luis-fernando-camacho-1325\\\/#breadcrumb\"},\"inLanguage\":\"es\",\"potentialAction\":[{\"@type\":\"ReadAction\",\"target\":[\"https:\\\/\\\/www.eldiario.net\\\/portal\\\/2025\\\/02\\\/14\\\/tribunal-rechaza-solicitud-de-libertad-para-luis-fernando-camacho-1325\\\/\"]}]},{\"@type\":\"ImageObject\",\"inLanguage\":\"es\",\"@id\":\"https:\\\/\\\/www.eldiario.net\\\/portal\\\/2025\\\/02\\\/14\\\/tribunal-rechaza-solicitud-de-libertad-para-luis-fernando-camacho-1325\\\/#primaryimage\",\"url\":\"https:\\\/\\\/www.eldiario.net\\\/portal\\\/wp-content\\\/uploads\\\/2025\\\/02\\\/camacho-14.02.25-e1739553962766.jpg\",\"contentUrl\":\"https:\\\/\\\/www.eldiario.net\\\/portal\\\/wp-content\\\/uploads\\\/2025\\\/02\\\/camacho-14.02.25-e1739553962766.jpg\",\"width\":300,\"height\":200,\"caption\":\"Foto: APG\"},{\"@type\":\"BreadcrumbList\",\"@id\":\"https:\\\/\\\/www.eldiario.net\\\/portal\\\/2025\\\/02\\\/14\\\/tribunal-rechaza-solicitud-de-libertad-para-luis-fernando-camacho-1325\\\/#breadcrumb\",\"itemListElement\":[{\"@type\":\"ListItem\",\"position\":1,\"name\":\"Portada\",\"item\":\"https:\\\/\\\/www.eldiario.net\\\/portal\\\/\"},{\"@type\":\"ListItem\",\"position\":2,\"name\":\"Tribunal rechaza solicitud de libertad para Luis Fernando Camacho. (13:25)\"}]},{\"@type\":\"WebSite\",\"@id\":\"https:\\\/\\\/www.eldiario.net\\\/portal\\\/#website\",\"url\":\"https:\\\/\\\/www.eldiario.net\\\/portal\\\/\",\"name\":\"El Diario - Decano de la prensa nacional\",\"description\":\"El Diario - Decano de la prensa nacional\",\"publisher\":{\"@id\":\"https:\\\/\\\/www.eldiario.net\\\/portal\\\/#organization\"},\"potentialAction\":[{\"@type\":\"SearchAction\",\"target\":{\"@type\":\"EntryPoint\",\"urlTemplate\":\"https:\\\/\\\/www.eldiario.net\\\/portal\\\/?s={search_term_string}\"},\"query-input\":{\"@type\":\"PropertyValueSpecification\",\"valueRequired\":true,\"valueName\":\"search_term_string\"}}],\"inLanguage\":\"es\"},{\"@type\":\"Organization\",\"@id\":\"https:\\\/\\\/www.eldiario.net\\\/portal\\\/#organization\",\"name\":\"El Diario - Decano de la prensa nacional\",\"url\":\"https:\\\/\\\/www.eldiario.net\\\/portal\\\/\",\"logo\":{\"@type\":\"ImageObject\",\"inLanguage\":\"es\",\"@id\":\"https:\\\/\\\/www.eldiario.net\\\/portal\\\/#\\\/schema\\\/logo\\\/image\\\/\",\"url\":\"https:\\\/\\\/www.eldiario.net\\\/portal\\\/wp-content\\\/uploads\\\/2023\\\/07\\\/logo_ED.jpg\",\"contentUrl\":\"https:\\\/\\\/www.eldiario.net\\\/portal\\\/wp-content\\\/uploads\\\/2023\\\/07\\\/logo_ED.jpg\",\"width\":272,\"height\":52,\"caption\":\"El Diario - Decano de la prensa nacional\"},\"image\":{\"@id\":\"https:\\\/\\\/www.eldiario.net\\\/portal\\\/#\\\/schema\\\/logo\\\/image\\\/\"},\"sameAs\":[\"https:\\\/\\\/www.facebook.com\\\/eldiario.bolivia\\\/\",\"https:\\\/\\\/x.com\\\/eldiario_net\"]},{\"@type\":\"Person\",\"@id\":\"https:\\\/\\\/www.eldiario.net\\\/portal\\\/#\\\/schema\\\/person\\\/ba370d92d160f4d3574381f6d9b78fab\",\"name\":\"Viviana Monrroy\",\"image\":{\"@type\":\"ImageObject\",\"inLanguage\":\"es\",\"@id\":\"https:\\\/\\\/secure.gravatar.com\\\/avatar\\\/dfd1611ed5600959a0e5a9754503b6c05d1dcf190010998e0363aee2ad98afca?s=96&d=mm&r=g\",\"url\":\"https:\\\/\\\/secure.gravatar.com\\\/avatar\\\/dfd1611ed5600959a0e5a9754503b6c05d1dcf190010998e0363aee2ad98afca?s=96&d=mm&r=g\",\"contentUrl\":\"https:\\\/\\\/secure.gravatar.com\\\/avatar\\\/dfd1611ed5600959a0e5a9754503b6c05d1dcf190010998e0363aee2ad98afca?s=96&d=mm&r=g\",\"caption\":\"Viviana Monrroy\"},\"sameAs\":[\"http:\\\/\\\/www.eldiario.net\"],\"url\":\"https:\\\/\\\/www.eldiario.net\\\/portal\\\/author\\\/vivianamonrroy\\\/\"}]}<\/script>\n<!-- \/ Yoast SEO plugin. -->","yoast_head_json":{"title":"Tribunal rechaza solicitud de libertad para Luis Fernando Camacho. (13:25) - El Diario - Bolivia","robots":{"index":"index","follow":"follow","max-snippet":"max-snippet:-1","max-image-preview":"max-image-preview:large","max-video-preview":"max-video-preview:-1"},"canonical":"https:\/\/www.eldiario.net\/portal\/2025\/02\/14\/tribunal-rechaza-solicitud-de-libertad-para-luis-fernando-camacho-1325\/","og_locale":"es_ES","og_type":"article","og_title":"Tribunal rechaza solicitud de libertad para Luis Fernando Camacho. (13:25) - El Diario - Bolivia","og_description":"El gobernador electo de Santa Cruz, Luis Fernando Camacho, deber\u00e1 continuar en detenci\u00f3n preventiva en el penal de Chonchocoro seg\u00fan lo determin\u00f3 el Tribunal Sexto de Sentencia Anticorrupci\u00f3n de La Paz. El juicio continuar\u00e1 el 17 de febrero, cuando se reinstalar\u00e1 la audiencia para definir los pr\u00f3ximos pasos del caso. Pese a los argumentos de [&hellip;]","og_url":"https:\/\/www.eldiario.net\/portal\/2025\/02\/14\/tribunal-rechaza-solicitud-de-libertad-para-luis-fernando-camacho-1325\/","og_site_name":"El Diario - Bolivia","article_publisher":"https:\/\/www.facebook.com\/eldiario.bolivia\/","article_published_time":"2025-02-14T17:26:44+00:00","og_image":[{"width":300,"height":200,"url":"https:\/\/www.eldiario.net\/portal\/wp-content\/uploads\/2025\/02\/camacho-14.02.25-e1739553962766.jpg","type":"image\/jpeg"}],"author":"Viviana Monrroy","twitter_card":"summary_large_image","twitter_creator":"@eldiario_net","twitter_site":"@eldiario_net","twitter_misc":{"Escrito por":"Viviana Monrroy","Tiempo de lectura":"1 minuto"},"schema":{"@context":"https:\/\/schema.org","@graph":[{"@type":"Article","@id":"https:\/\/www.eldiario.net\/portal\/2025\/02\/14\/tribunal-rechaza-solicitud-de-libertad-para-luis-fernando-camacho-1325\/#article","isPartOf":{"@id":"https:\/\/www.eldiario.net\/portal\/2025\/02\/14\/tribunal-rechaza-solicitud-de-libertad-para-luis-fernando-camacho-1325\/"},"author":{"name":"Viviana Monrroy","@id":"https:\/\/www.eldiario.net\/portal\/#\/schema\/person\/ba370d92d160f4d3574381f6d9b78fab"},"headline":"Tribunal rechaza solicitud de libertad para Luis Fernando Camacho. (13:25)","datePublished":"2025-02-14T17:26:44+00:00","mainEntityOfPage":{"@id":"https:\/\/www.eldiario.net\/portal\/2025\/02\/14\/tribunal-rechaza-solicitud-de-libertad-para-luis-fernando-camacho-1325\/"},"wordCount":136,"publisher":{"@id":"https:\/\/www.eldiario.net\/portal\/#organization"},"image":{"@id":"https:\/\/www.eldiario.net\/portal\/2025\/02\/14\/tribunal-rechaza-solicitud-de-libertad-para-luis-fernando-camacho-1325\/#primaryimage"},"thumbnailUrl":"https:\/\/www.eldiario.net\/portal\/wp-content\/uploads\/2025\/02\/camacho-14.02.25-e1739553962766.jpg","articleSection":["\u00daltima Hora"],"inLanguage":"es"},{"@type":"WebPage","@id":"https:\/\/www.eldiario.net\/portal\/2025\/02\/14\/tribunal-rechaza-solicitud-de-libertad-para-luis-fernando-camacho-1325\/","url":"https:\/\/www.eldiario.net\/portal\/2025\/02\/14\/tribunal-rechaza-solicitud-de-libertad-para-luis-fernando-camacho-1325\/","name":"Tribunal rechaza solicitud de libertad para Luis Fernando Camacho. (13:25) - El Diario - Bolivia","isPartOf":{"@id":"https:\/\/www.eldiario.net\/portal\/#website"},"primaryImageOfPage":{"@id":"https:\/\/www.eldiario.net\/portal\/2025\/02\/14\/tribunal-rechaza-solicitud-de-libertad-para-luis-fernando-camacho-1325\/#primaryimage"},"image":{"@id":"https:\/\/www.eldiario.net\/portal\/2025\/02\/14\/tribunal-rechaza-solicitud-de-libertad-para-luis-fernando-camacho-1325\/#primaryimage"},"thumbnailUrl":"https:\/\/www.eldiario.net\/portal\/wp-content\/uploads\/2025\/02\/camacho-14.02.25-e1739553962766.jpg","datePublished":"2025-02-14T17:26:44+00:00","breadcrumb":{"@id":"https:\/\/www.eldiario.net\/portal\/2025\/02\/14\/tribunal-rechaza-solicitud-de-libertad-para-luis-fernando-camacho-1325\/#breadcrumb"},"inLanguage":"es","potentialAction":[{"@type":"ReadAction","target":["https:\/\/www.eldiario.net\/portal\/2025\/02\/14\/tribunal-rechaza-solicitud-de-libertad-para-luis-fernando-camacho-1325\/"]}]},{"@type":"ImageObject","inLanguage":"es","@id":"https:\/\/www.eldiario.net\/portal\/2025\/02\/14\/tribunal-rechaza-solicitud-de-libertad-para-luis-fernando-camacho-1325\/#primaryimage","url":"https:\/\/www.eldiario.net\/portal\/wp-content\/uploads\/2025\/02\/camacho-14.02.25-e1739553962766.jpg","contentUrl":"https:\/\/www.eldiario.net\/portal\/wp-content\/uploads\/2025\/02\/camacho-14.02.25-e1739553962766.jpg","width":300,"height":200,"caption":"Foto: APG"},{"@type":"BreadcrumbList","@id":"https:\/\/www.eldiario.net\/portal\/2025\/02\/14\/tribunal-rechaza-solicitud-de-libertad-para-luis-fernando-camacho-1325\/#breadcrumb","itemListElement":[{"@type":"ListItem","position":1,"name":"Portada","item":"https:\/\/www.eldiario.net\/portal\/"},{"@type":"ListItem","position":2,"name":"Tribunal rechaza solicitud de libertad para Luis Fernando Camacho. (13:25)"}]},{"@type":"WebSite","@id":"https:\/\/www.eldiario.net\/portal\/#website","url":"https:\/\/www.eldiario.net\/portal\/","name":"El Diario - Decano de la prensa nacional","description":"El Diario - Decano de la prensa nacional","publisher":{"@id":"https:\/\/www.eldiario.net\/portal\/#organization"},"potentialAction":[{"@type":"SearchAction","target":{"@type":"EntryPoint","urlTemplate":"https:\/\/www.eldiario.net\/portal\/?s={search_term_string}"},"query-input":{"@type":"PropertyValueSpecification","valueRequired":true,"valueName":"search_term_string"}}],"inLanguage":"es"},{"@type":"Organization","@id":"https:\/\/www.eldiario.net\/portal\/#organization","name":"El Diario - Decano de la prensa nacional","url":"https:\/\/www.eldiario.net\/portal\/","logo":{"@type":"ImageObject","inLanguage":"es","@id":"https:\/\/www.eldiario.net\/portal\/#\/schema\/logo\/image\/","url":"https:\/\/www.eldiario.net\/portal\/wp-content\/uploads\/2023\/07\/logo_ED.jpg","contentUrl":"https:\/\/www.eldiario.net\/portal\/wp-content\/uploads\/2023\/07\/logo_ED.jpg","width":272,"height":52,"caption":"El Diario - Decano de la prensa nacional"},"image":{"@id":"https:\/\/www.eldiario.net\/portal\/#\/schema\/logo\/image\/"},"sameAs":["https:\/\/www.facebook.com\/eldiario.bolivia\/","https:\/\/x.com\/eldiario_net"]},{"@type":"Person","@id":"https:\/\/www.eldiario.net\/portal\/#\/schema\/person\/ba370d92d160f4d3574381f6d9b78fab","name":"Viviana Monrroy","image":{"@type":"ImageObject","inLanguage":"es","@id":"https:\/\/secure.gravatar.com\/avatar\/dfd1611ed5600959a0e5a9754503b6c05d1dcf190010998e0363aee2ad98afca?s=96&d=mm&r=g","url":"https:\/\/secure.gravatar.com\/avatar\/dfd1611ed5600959a0e5a9754503b6c05d1dcf190010998e0363aee2ad98afca?s=96&d=mm&r=g","contentUrl":"https:\/\/secure.gravatar.com\/avatar\/dfd1611ed5600959a0e5a9754503b6c05d1dcf190010998e0363aee2ad98afca?s=96&d=mm&r=g","caption":"Viviana Monrroy"},"sameAs":["http:\/\/www.eldiario.net"],"url":"https:\/\/www.eldiario.net\/portal\/author\/vivianamonrroy\/"}]}},"_links":{"self":[{"href":"https:\/\/www.eldiario.net\/portal\/wp-json\/wp\/v2\/posts\/281851","targetHints":{"allow":["GET"]}}],"collection":[{"href":"https:\/\/www.eldiario.net\/portal\/wp-json\/wp\/v2\/posts"}],"about":[{"href":"https:\/\/www.eldiario.net\/portal\/wp-json\/wp\/v2\/types\/post"}],"author":[{"embeddable":true,"href":"https:\/\/www.eldiario.net\/portal\/wp-json\/wp\/v2\/users\/7"}],"replies":[{"embeddable":true,"href":"https:\/\/www.eldiario.net\/portal\/wp-json\/wp\/v2\/comments?post=281851"}],"version-history":[{"count":1,"href":"https:\/\/www.eldiario.net\/portal\/wp-json\/wp\/v2\/posts\/281851\/revisions"}],"predecessor-version":[{"id":281853,"href":"https:\/\/www.eldiario.net\/portal\/wp-json\/wp\/v2\/posts\/281851\/revisions\/281853"}],"wp:featuredmedia":[{"embeddable":true,"href":"https:\/\/www.eldiario.net\/portal\/wp-json\/wp\/v2\/media\/281852"}],"wp:attachment":[{"href":"https:\/\/www.eldiario.net\/portal\/wp-json\/wp\/v2\/media?parent=281851"}],"wp:term":[{"taxonomy":"category","embeddable":true,"href":"https:\/\/www.eldiario.net\/portal\/wp-json\/wp\/v2\/categories?post=281851"},{"taxonomy":"post_tag","embeddable":true,"href":"https:\/\/www.eldiario.net\/portal\/wp-json\/wp\/v2\/tags?post=281851"}],"curies":[{"name":"wp","href":"https:\/\/api.w.org\/{rel}","templated":true}]}}