{"id":281833,"date":"2025-02-14T06:11:07","date_gmt":"2025-02-14T10:11:07","guid":{"rendered":"https:\/\/www.eldiario.net\/portal\/?p=281833"},"modified":"2025-02-14T06:11:07","modified_gmt":"2025-02-14T10:11:07","slug":"el-racismo-y-su-relevancia-en-la-sociedad-2","status":"publish","type":"post","link":"https:\/\/www.eldiario.net\/portal\/2025\/02\/14\/el-racismo-y-su-relevancia-en-la-sociedad-2\/","title":{"rendered":"El racismo y su relevancia en la sociedad"},"content":{"rendered":"<p><strong>Por. Lic. H\u00e9ctor Molina<\/strong><\/p>\n<p>&nbsp;<\/p>\n<p><strong>Recordemos que\u2026<\/strong><\/p>\n<p>&nbsp;<\/p>\n<p>El racismo es una ideolog\u00eda y un sistema de poder que jerarquiza a las personas y a los grupos sociales en funci\u00f3n de su \u00abraza\u00bb o etnia, otorgando privilegios y ventajas a unos y discriminaci\u00f3n y desventajas a otros. Esta jerarquizaci\u00f3n se basa en la creencia err\u00f3nea de que existen razas superiores e inferiores, y se manifiesta a trav\u00e9s de actitudes, pr\u00e1cticas y estructuras que perpet\u00faan la desigualdad y la opresi\u00f3n.<\/p>\n<p>&nbsp;<\/p>\n<p><strong>Cu\u00e1les son las causas y consecuencias m\u00e1s relevantes del racismo<\/strong><\/p>\n<p>&nbsp;<\/p>\n<p>El racismo, un fen\u00f3meno complejo y multifac\u00e9tico, se nutre de diversas ra\u00edces y genera consecuencias devastadoras tanto a nivel individual como social. A continuaci\u00f3n, exploramos algunas de sus causas m\u00e1s comunes y sus posibles efectos.<\/p>\n<p>&nbsp;<\/p>\n<p><strong>Causas del racismo<\/strong><\/p>\n<p>&nbsp;<\/p>\n<ul>\n<li><strong>Prejuicios y estereotipos.<\/strong> La base del racismo reside en los prejuicios, ideas preconcebidas y negativas sobre grupos raciales espec\u00edficos. Estos prejuicios alimentan estereotipos, generalizaciones simplistas y a menudo falsas sobre las caracter\u00edsticas de estos grupos.<\/li>\n<\/ul>\n<p>&nbsp;<\/p>\n<ul>\n<li><strong>Socializaci\u00f3n y aprendizaje.<\/strong> El racismo no es innato, sino que se aprende a trav\u00e9s de la socializaci\u00f3n. Desde la infancia, las personas pueden internalizar mensajes racistas de su entorno familiar, educativo o medi\u00e1tico.<\/li>\n<\/ul>\n<p>&nbsp;<\/p>\n<ul>\n<li><strong>Factores socioecon\u00f3micos.<\/strong> La desigualdad econ\u00f3mica y la competencia por recursos limitados pueden exacerbar las tensiones raciales. Grupos minoritarios pueden ser percibidos como una amenaza, lo que alimenta la discriminaci\u00f3n.<\/li>\n<\/ul>\n<p>&nbsp;<\/p>\n<ul>\n<li><strong>Identidad social y grupal.<\/strong> Las personas tienden a identificarse con su propio grupo racial o \u00e9tnico, lo que puede generar sentimientos de superioridad y exclusi\u00f3n hacia otros grupos.<\/li>\n<\/ul>\n<p>&nbsp;<\/p>\n<ul>\n<li><strong>Miedo y desconocimiento.<\/strong> El miedo a lo diferente y el desconocimiento sobre otras culturas pueden ser un caldo de cultivo para el racismo. La falta de contacto y di\u00e1logo entre grupos diversos refuerza los prejuicios.<\/li>\n<\/ul>\n<p>&nbsp;<\/p>\n<p><strong>Consecuencias del racismo<\/strong><\/p>\n<p>&nbsp;<\/p>\n<ul>\n<li><strong>Discriminaci\u00f3n y desigualdad.<\/strong> El racismo se manifiesta en pr\u00e1cticas discriminatorias en diversos \u00e1mbitos. empleo, vivienda, educaci\u00f3n, justicia, etc. Esto perpet\u00faa la desigualdad y limita las oportunidades de las personas afectadas.<\/li>\n<\/ul>\n<p>&nbsp;<\/p>\n<ul>\n<li><strong>Impacto psicol\u00f3gico.<\/strong> Las v\u00edctimas de racismo pueden experimentar estr\u00e9s, ansiedad, depresi\u00f3n, baja autoestima e incluso traumas. La discriminaci\u00f3n constante mina su bienestar emocional y su salud mental.<\/li>\n<\/ul>\n<p>&nbsp;<\/p>\n<ul>\n<li><strong>Violencia y odio.<\/strong> En casos extremos, el racismo puede desembocar en actos de violencia y cr\u00edmenes de odio. Las agresiones racistas, tanto f\u00edsicas como verbales, generan un clima de miedo e inseguridad.<\/li>\n<\/ul>\n<p>&nbsp;<\/p>\n<ul>\n<li><strong>Segregaci\u00f3n y exclusi\u00f3n.<\/strong> El racismo puede conducir a la segregaci\u00f3n espacial y social, donde grupos raciales viven separados y tienen poco contacto entre s\u00ed. Esto refuerza los estereotipos y dificulta la integraci\u00f3n.<\/li>\n<\/ul>\n<p>&nbsp;<\/p>\n<ul>\n<li><strong>Conflicto social.<\/strong> El racismo erosiona la cohesi\u00f3n social y puede desencadenar conflictos entre diferentes grupos. Las tensiones raciales pueden desembocar en disturbios y violencia colectiva.<\/li>\n<\/ul>\n\r\n                <style type=\"text\/css\">\r\n                    \r\n                    #tdi_1  .td-doubleSlider-2 .td-item1 {\r\n                        background: url(https:\/\/www.eldiario.net\/portal\/wp-content\/uploads\/2025\/02\/Socio-No-al-Racismo-80x60.jpg) 0 0 no-repeat;\r\n                    }\r\n                    #tdi_1  .td-doubleSlider-2 .td-item2 {\r\n                        background: url(https:\/\/www.eldiario.net\/portal\/wp-content\/uploads\/2025\/02\/Socio-Racismo-1-80x60.jpg) 0 0 no-repeat;\r\n                    }\r\n                <\/style>\r\n\r\n                <div id=\"tdi_1\" class=\"td-gallery td-slide-on-2-columns\">\r\n                    <div class=\"post_td_gallery\">\r\n                        <div class=\"td-gallery-slide-top\">\r\n                           <div class=\"td-gallery-title\"><\/div>\r\n\r\n                            <div class=\"td-gallery-controls-wrapper\">\r\n                                <div class=\"td-gallery-slide-count\"><span class=\"td-gallery-slide-item-focus\">1<\/span> de 2<\/div>\r\n                                <div class=\"td-gallery-slide-prev-next-but\">\r\n                                    <i class = \"td-icon-left doubleSliderPrevButton\"><\/i>\r\n                                    <i class = \"td-icon-right doubleSliderNextButton\"><\/i>\r\n                                <\/div>\r\n                            <\/div>\r\n                        <\/div>\r\n\r\n                        <div class = \"td-doubleSlider-1 \">\r\n                            <div class = \"td-slider\">\r\n                                \r\n                    <div class = \"td-slide-item td-item1\">\r\n                        <figure class=\"td-slide-galery-figure td-slide-popup-gallery\">\r\n                            <a class=\"slide-gallery-image-link\" href=\"https:\/\/www.eldiario.net\/portal\/wp-content\/uploads\/2025\/02\/Socio-No-al-Racismo.jpg\" title=\"Socio - No al Racismo\"  data-caption=\"\"  data-description=\"\">\r\n                                <img decoding=\"async\" src=\"https:\/\/www.eldiario.net\/portal\/wp-content\/uploads\/2025\/02\/Socio-No-al-Racismo-426x420.jpg\" srcset=\"https:\/\/www.eldiario.net\/portal\/wp-content\/uploads\/2025\/02\/Socio-No-al-Racismo-426x420.jpg 426w, https:\/\/www.eldiario.net\/portal\/wp-content\/uploads\/2025\/02\/Socio-No-al-Racismo-300x296.jpg 300w, https:\/\/www.eldiario.net\/portal\/wp-content\/uploads\/2025\/02\/Socio-No-al-Racismo-1024x1011.jpg 1024w, https:\/\/www.eldiario.net\/portal\/wp-content\/uploads\/2025\/02\/Socio-No-al-Racismo-768x758.jpg 768w, https:\/\/www.eldiario.net\/portal\/wp-content\/uploads\/2025\/02\/Socio-No-al-Racismo-696x687.jpg 696w, https:\/\/www.eldiario.net\/portal\/wp-content\/uploads\/2025\/02\/Socio-No-al-Racismo-1068x1054.jpg 1068w, https:\/\/www.eldiario.net\/portal\/wp-content\/uploads\/2025\/02\/Socio-No-al-Racismo.jpg 1523w\" sizes=\"(max-width: 426px) 100vw, 426px\" alt=\"\">\r\n                            <\/a>\r\n                            \r\n                        <\/figure>\r\n                    <\/div>\r\n                    <div class = \"td-slide-item td-item2\">\r\n                        <figure class=\"td-slide-galery-figure td-slide-popup-gallery\">\r\n                            <a class=\"slide-gallery-image-link\" href=\"https:\/\/www.eldiario.net\/portal\/wp-content\/uploads\/2025\/02\/Socio-Racismo-1.jpg\" title=\"Socio - Racismo\"  data-caption=\"\"  data-description=\"\">\r\n                                <img decoding=\"async\" src=\"https:\/\/www.eldiario.net\/portal\/wp-content\/uploads\/2025\/02\/Socio-Racismo-1.jpg\" srcset=\"https:\/\/www.eldiario.net\/portal\/wp-content\/uploads\/2025\/02\/Socio-Racismo-1.jpg 600w, https:\/\/www.eldiario.net\/portal\/wp-content\/uploads\/2025\/02\/Socio-Racismo-1-300x200.jpg 300w\" sizes=\"(max-width: 600px) 100vw, 600px\" alt=\"\">\r\n                            <\/a>\r\n                            \r\n                        <\/figure>\r\n                    <\/div>\r\n                            <\/div>\r\n                        <\/div>\r\n\r\n                        <div class = \"td-doubleSlider-2\">\r\n                            <div class = \"td-slider\">\r\n                                \r\n                    <div class = \"td-button td-item1\">\r\n                        <div class = \"td-border\"><\/div>\r\n                    <\/div>\r\n                    <div class = \"td-button td-item2\">\r\n                        <div class = \"td-border\"><\/div>\r\n                    <\/div>\r\n                            <\/div>\r\n                        <\/div>\r\n\r\n                    <\/div>\r\n\r\n                <\/div>\r\n                \n","protected":false},"excerpt":{"rendered":"<p>Por. Lic. H\u00e9ctor Molina &nbsp; Recordemos que\u2026 &nbsp; El racismo es una ideolog\u00eda y un sistema de poder que jerarquiza a las personas y a los grupos sociales en funci\u00f3n de su \u00abraza\u00bb o etnia, otorgando privilegios y ventajas a unos y discriminaci\u00f3n y desventajas a otros. Esta jerarquizaci\u00f3n se basa en la creencia err\u00f3nea [&hellip;]<\/p>\n","protected":false},"author":1,"featured_media":281835,"comment_status":"closed","ping_status":"open","sticky":false,"template":"","format":"standard","meta":{"_acf_changed":false,"footnotes":""},"categories":[43],"tags":[],"class_list":["post-281833","post","type-post","status-publish","format-standard","has-post-thumbnail","category-nuevos-horizontes"],"acf":{"antetitulo":""},"yoast_head":"<!-- This site is optimized with the Yoast SEO plugin v28.4 - https:\/\/yoast.com\/product\/yoast-seo-wordpress\/ -->\n<title>El racismo y su relevancia en la sociedad - El Diario - Bolivia<\/title>\n<meta name=\"robots\" content=\"index, follow, max-snippet:-1, max-image-preview:large, max-video-preview:-1\" \/>\n<link rel=\"canonical\" href=\"https:\/\/www.eldiario.net\/portal\/2025\/02\/14\/el-racismo-y-su-relevancia-en-la-sociedad-2\/\" \/>\n<meta property=\"og:locale\" content=\"es_ES\" \/>\n<meta property=\"og:type\" content=\"article\" \/>\n<meta property=\"og:title\" content=\"El racismo y su relevancia en la sociedad - El Diario - Bolivia\" \/>\n<meta property=\"og:description\" content=\"Por. Lic. H\u00e9ctor Molina &nbsp; Recordemos que\u2026 &nbsp; El racismo es una ideolog\u00eda y un sistema de poder que jerarquiza a las personas y a los grupos sociales en funci\u00f3n de su \u00abraza\u00bb o etnia, otorgando privilegios y ventajas a unos y discriminaci\u00f3n y desventajas a otros. Esta jerarquizaci\u00f3n se basa en la creencia err\u00f3nea [&hellip;]\" \/>\n<meta property=\"og:url\" content=\"https:\/\/www.eldiario.net\/portal\/2025\/02\/14\/el-racismo-y-su-relevancia-en-la-sociedad-2\/\" \/>\n<meta property=\"og:site_name\" content=\"El Diario - Bolivia\" \/>\n<meta property=\"article:publisher\" content=\"https:\/\/www.facebook.com\/eldiario.bolivia\/\" \/>\n<meta property=\"article:published_time\" content=\"2025-02-14T10:11:07+00:00\" \/>\n<meta property=\"og:image\" content=\"https:\/\/www.eldiario.net\/portal\/wp-content\/uploads\/2025\/02\/Socio-Racismo-1.jpg\" \/>\n\t<meta property=\"og:image:width\" content=\"600\" \/>\n\t<meta property=\"og:image:height\" content=\"400\" \/>\n\t<meta property=\"og:image:type\" content=\"image\/jpeg\" \/>\n<meta name=\"author\" content=\"Jeanette\" \/>\n<meta name=\"twitter:card\" content=\"summary_large_image\" \/>\n<meta name=\"twitter:creator\" content=\"@eldiario_net\" \/>\n<meta name=\"twitter:site\" content=\"@eldiario_net\" \/>\n<meta name=\"twitter:label1\" content=\"Escrito por\" \/>\n\t<meta name=\"twitter:data1\" content=\"Jeanette\" \/>\n\t<meta name=\"twitter:label2\" content=\"Tiempo de lectura\" \/>\n\t<meta name=\"twitter:data2\" content=\"3 minutos\" \/>\n<script type=\"application\/ld+json\" class=\"yoast-schema-graph\">{\"@context\":\"https:\\\/\\\/schema.org\",\"@graph\":[{\"@type\":\"Article\",\"@id\":\"https:\\\/\\\/www.eldiario.net\\\/portal\\\/2025\\\/02\\\/14\\\/el-racismo-y-su-relevancia-en-la-sociedad-2\\\/#article\",\"isPartOf\":{\"@id\":\"https:\\\/\\\/www.eldiario.net\\\/portal\\\/2025\\\/02\\\/14\\\/el-racismo-y-su-relevancia-en-la-sociedad-2\\\/\"},\"author\":{\"name\":\"Jeanette\",\"@id\":\"https:\\\/\\\/www.eldiario.net\\\/portal\\\/#\\\/schema\\\/person\\\/f46445640444750d7d753ccd04ae01b7\"},\"headline\":\"El racismo y su relevancia en la sociedad\",\"datePublished\":\"2025-02-14T10:11:07+00:00\",\"mainEntityOfPage\":{\"@id\":\"https:\\\/\\\/www.eldiario.net\\\/portal\\\/2025\\\/02\\\/14\\\/el-racismo-y-su-relevancia-en-la-sociedad-2\\\/\"},\"wordCount\":511,\"publisher\":{\"@id\":\"https:\\\/\\\/www.eldiario.net\\\/portal\\\/#organization\"},\"image\":{\"@id\":\"https:\\\/\\\/www.eldiario.net\\\/portal\\\/2025\\\/02\\\/14\\\/el-racismo-y-su-relevancia-en-la-sociedad-2\\\/#primaryimage\"},\"thumbnailUrl\":\"https:\\\/\\\/www.eldiario.net\\\/portal\\\/wp-content\\\/uploads\\\/2025\\\/02\\\/Socio-Racismo-1.jpg\",\"articleSection\":[\"Nuevos Horizontes\"],\"inLanguage\":\"es\"},{\"@type\":\"WebPage\",\"@id\":\"https:\\\/\\\/www.eldiario.net\\\/portal\\\/2025\\\/02\\\/14\\\/el-racismo-y-su-relevancia-en-la-sociedad-2\\\/\",\"url\":\"https:\\\/\\\/www.eldiario.net\\\/portal\\\/2025\\\/02\\\/14\\\/el-racismo-y-su-relevancia-en-la-sociedad-2\\\/\",\"name\":\"El racismo y su relevancia en la sociedad - El Diario - Bolivia\",\"isPartOf\":{\"@id\":\"https:\\\/\\\/www.eldiario.net\\\/portal\\\/#website\"},\"primaryImageOfPage\":{\"@id\":\"https:\\\/\\\/www.eldiario.net\\\/portal\\\/2025\\\/02\\\/14\\\/el-racismo-y-su-relevancia-en-la-sociedad-2\\\/#primaryimage\"},\"image\":{\"@id\":\"https:\\\/\\\/www.eldiario.net\\\/portal\\\/2025\\\/02\\\/14\\\/el-racismo-y-su-relevancia-en-la-sociedad-2\\\/#primaryimage\"},\"thumbnailUrl\":\"https:\\\/\\\/www.eldiario.net\\\/portal\\\/wp-content\\\/uploads\\\/2025\\\/02\\\/Socio-Racismo-1.jpg\",\"datePublished\":\"2025-02-14T10:11:07+00:00\",\"breadcrumb\":{\"@id\":\"https:\\\/\\\/www.eldiario.net\\\/portal\\\/2025\\\/02\\\/14\\\/el-racismo-y-su-relevancia-en-la-sociedad-2\\\/#breadcrumb\"},\"inLanguage\":\"es\",\"potentialAction\":[{\"@type\":\"ReadAction\",\"target\":[\"https:\\\/\\\/www.eldiario.net\\\/portal\\\/2025\\\/02\\\/14\\\/el-racismo-y-su-relevancia-en-la-sociedad-2\\\/\"]}]},{\"@type\":\"ImageObject\",\"inLanguage\":\"es\",\"@id\":\"https:\\\/\\\/www.eldiario.net\\\/portal\\\/2025\\\/02\\\/14\\\/el-racismo-y-su-relevancia-en-la-sociedad-2\\\/#primaryimage\",\"url\":\"https:\\\/\\\/www.eldiario.net\\\/portal\\\/wp-content\\\/uploads\\\/2025\\\/02\\\/Socio-Racismo-1.jpg\",\"contentUrl\":\"https:\\\/\\\/www.eldiario.net\\\/portal\\\/wp-content\\\/uploads\\\/2025\\\/02\\\/Socio-Racismo-1.jpg\",\"width\":600,\"height\":400},{\"@type\":\"BreadcrumbList\",\"@id\":\"https:\\\/\\\/www.eldiario.net\\\/portal\\\/2025\\\/02\\\/14\\\/el-racismo-y-su-relevancia-en-la-sociedad-2\\\/#breadcrumb\",\"itemListElement\":[{\"@type\":\"ListItem\",\"position\":1,\"name\":\"Portada\",\"item\":\"https:\\\/\\\/www.eldiario.net\\\/portal\\\/\"},{\"@type\":\"ListItem\",\"position\":2,\"name\":\"El racismo y su relevancia en la sociedad\"}]},{\"@type\":\"WebSite\",\"@id\":\"https:\\\/\\\/www.eldiario.net\\\/portal\\\/#website\",\"url\":\"https:\\\/\\\/www.eldiario.net\\\/portal\\\/\",\"name\":\"El Diario - Decano de la prensa nacional\",\"description\":\"El Diario - Decano de la prensa nacional\",\"publisher\":{\"@id\":\"https:\\\/\\\/www.eldiario.net\\\/portal\\\/#organization\"},\"potentialAction\":[{\"@type\":\"SearchAction\",\"target\":{\"@type\":\"EntryPoint\",\"urlTemplate\":\"https:\\\/\\\/www.eldiario.net\\\/portal\\\/?s={search_term_string}\"},\"query-input\":{\"@type\":\"PropertyValueSpecification\",\"valueRequired\":true,\"valueName\":\"search_term_string\"}}],\"inLanguage\":\"es\"},{\"@type\":\"Organization\",\"@id\":\"https:\\\/\\\/www.eldiario.net\\\/portal\\\/#organization\",\"name\":\"El Diario - Decano de la prensa nacional\",\"url\":\"https:\\\/\\\/www.eldiario.net\\\/portal\\\/\",\"logo\":{\"@type\":\"ImageObject\",\"inLanguage\":\"es\",\"@id\":\"https:\\\/\\\/www.eldiario.net\\\/portal\\\/#\\\/schema\\\/logo\\\/image\\\/\",\"url\":\"https:\\\/\\\/www.eldiario.net\\\/portal\\\/wp-content\\\/uploads\\\/2023\\\/07\\\/logo_ED.jpg\",\"contentUrl\":\"https:\\\/\\\/www.eldiario.net\\\/portal\\\/wp-content\\\/uploads\\\/2023\\\/07\\\/logo_ED.jpg\",\"width\":272,\"height\":52,\"caption\":\"El Diario - Decano de la prensa nacional\"},\"image\":{\"@id\":\"https:\\\/\\\/www.eldiario.net\\\/portal\\\/#\\\/schema\\\/logo\\\/image\\\/\"},\"sameAs\":[\"https:\\\/\\\/www.facebook.com\\\/eldiario.bolivia\\\/\",\"https:\\\/\\\/x.com\\\/eldiario_net\"]},{\"@type\":\"Person\",\"@id\":\"https:\\\/\\\/www.eldiario.net\\\/portal\\\/#\\\/schema\\\/person\\\/f46445640444750d7d753ccd04ae01b7\",\"name\":\"Jeanette\",\"image\":{\"@type\":\"ImageObject\",\"inLanguage\":\"es\",\"@id\":\"https:\\\/\\\/secure.gravatar.com\\\/avatar\\\/3ea2118a5f7dad2b7138b1187a6b7ee55f160b9968b66013c3a3ef39dd7e5798?s=96&d=mm&r=g\",\"url\":\"https:\\\/\\\/secure.gravatar.com\\\/avatar\\\/3ea2118a5f7dad2b7138b1187a6b7ee55f160b9968b66013c3a3ef39dd7e5798?s=96&d=mm&r=g\",\"contentUrl\":\"https:\\\/\\\/secure.gravatar.com\\\/avatar\\\/3ea2118a5f7dad2b7138b1187a6b7ee55f160b9968b66013c3a3ef39dd7e5798?s=96&d=mm&r=g\",\"caption\":\"Jeanette\"},\"sameAs\":[\"https:\\\/\\\/www.eldiario.net\\\/portal\"],\"url\":\"https:\\\/\\\/www.eldiario.net\\\/portal\\\/author\\\/jeanette\\\/\"}]}<\/script>\n<!-- \/ Yoast SEO plugin. -->","yoast_head_json":{"title":"El racismo y su relevancia en la sociedad - El Diario - Bolivia","robots":{"index":"index","follow":"follow","max-snippet":"max-snippet:-1","max-image-preview":"max-image-preview:large","max-video-preview":"max-video-preview:-1"},"canonical":"https:\/\/www.eldiario.net\/portal\/2025\/02\/14\/el-racismo-y-su-relevancia-en-la-sociedad-2\/","og_locale":"es_ES","og_type":"article","og_title":"El racismo y su relevancia en la sociedad - El Diario - Bolivia","og_description":"Por. Lic. H\u00e9ctor Molina &nbsp; Recordemos que\u2026 &nbsp; El racismo es una ideolog\u00eda y un sistema de poder que jerarquiza a las personas y a los grupos sociales en funci\u00f3n de su \u00abraza\u00bb o etnia, otorgando privilegios y ventajas a unos y discriminaci\u00f3n y desventajas a otros. Esta jerarquizaci\u00f3n se basa en la creencia err\u00f3nea [&hellip;]","og_url":"https:\/\/www.eldiario.net\/portal\/2025\/02\/14\/el-racismo-y-su-relevancia-en-la-sociedad-2\/","og_site_name":"El Diario - Bolivia","article_publisher":"https:\/\/www.facebook.com\/eldiario.bolivia\/","article_published_time":"2025-02-14T10:11:07+00:00","og_image":[{"width":600,"height":400,"url":"https:\/\/www.eldiario.net\/portal\/wp-content\/uploads\/2025\/02\/Socio-Racismo-1.jpg","type":"image\/jpeg"}],"author":"Jeanette","twitter_card":"summary_large_image","twitter_creator":"@eldiario_net","twitter_site":"@eldiario_net","twitter_misc":{"Escrito por":"Jeanette","Tiempo de lectura":"3 minutos"},"schema":{"@context":"https:\/\/schema.org","@graph":[{"@type":"Article","@id":"https:\/\/www.eldiario.net\/portal\/2025\/02\/14\/el-racismo-y-su-relevancia-en-la-sociedad-2\/#article","isPartOf":{"@id":"https:\/\/www.eldiario.net\/portal\/2025\/02\/14\/el-racismo-y-su-relevancia-en-la-sociedad-2\/"},"author":{"name":"Jeanette","@id":"https:\/\/www.eldiario.net\/portal\/#\/schema\/person\/f46445640444750d7d753ccd04ae01b7"},"headline":"El racismo y su relevancia en la sociedad","datePublished":"2025-02-14T10:11:07+00:00","mainEntityOfPage":{"@id":"https:\/\/www.eldiario.net\/portal\/2025\/02\/14\/el-racismo-y-su-relevancia-en-la-sociedad-2\/"},"wordCount":511,"publisher":{"@id":"https:\/\/www.eldiario.net\/portal\/#organization"},"image":{"@id":"https:\/\/www.eldiario.net\/portal\/2025\/02\/14\/el-racismo-y-su-relevancia-en-la-sociedad-2\/#primaryimage"},"thumbnailUrl":"https:\/\/www.eldiario.net\/portal\/wp-content\/uploads\/2025\/02\/Socio-Racismo-1.jpg","articleSection":["Nuevos Horizontes"],"inLanguage":"es"},{"@type":"WebPage","@id":"https:\/\/www.eldiario.net\/portal\/2025\/02\/14\/el-racismo-y-su-relevancia-en-la-sociedad-2\/","url":"https:\/\/www.eldiario.net\/portal\/2025\/02\/14\/el-racismo-y-su-relevancia-en-la-sociedad-2\/","name":"El racismo y su relevancia en la sociedad - El Diario - Bolivia","isPartOf":{"@id":"https:\/\/www.eldiario.net\/portal\/#website"},"primaryImageOfPage":{"@id":"https:\/\/www.eldiario.net\/portal\/2025\/02\/14\/el-racismo-y-su-relevancia-en-la-sociedad-2\/#primaryimage"},"image":{"@id":"https:\/\/www.eldiario.net\/portal\/2025\/02\/14\/el-racismo-y-su-relevancia-en-la-sociedad-2\/#primaryimage"},"thumbnailUrl":"https:\/\/www.eldiario.net\/portal\/wp-content\/uploads\/2025\/02\/Socio-Racismo-1.jpg","datePublished":"2025-02-14T10:11:07+00:00","breadcrumb":{"@id":"https:\/\/www.eldiario.net\/portal\/2025\/02\/14\/el-racismo-y-su-relevancia-en-la-sociedad-2\/#breadcrumb"},"inLanguage":"es","potentialAction":[{"@type":"ReadAction","target":["https:\/\/www.eldiario.net\/portal\/2025\/02\/14\/el-racismo-y-su-relevancia-en-la-sociedad-2\/"]}]},{"@type":"ImageObject","inLanguage":"es","@id":"https:\/\/www.eldiario.net\/portal\/2025\/02\/14\/el-racismo-y-su-relevancia-en-la-sociedad-2\/#primaryimage","url":"https:\/\/www.eldiario.net\/portal\/wp-content\/uploads\/2025\/02\/Socio-Racismo-1.jpg","contentUrl":"https:\/\/www.eldiario.net\/portal\/wp-content\/uploads\/2025\/02\/Socio-Racismo-1.jpg","width":600,"height":400},{"@type":"BreadcrumbList","@id":"https:\/\/www.eldiario.net\/portal\/2025\/02\/14\/el-racismo-y-su-relevancia-en-la-sociedad-2\/#breadcrumb","itemListElement":[{"@type":"ListItem","position":1,"name":"Portada","item":"https:\/\/www.eldiario.net\/portal\/"},{"@type":"ListItem","position":2,"name":"El racismo y su relevancia en la sociedad"}]},{"@type":"WebSite","@id":"https:\/\/www.eldiario.net\/portal\/#website","url":"https:\/\/www.eldiario.net\/portal\/","name":"El Diario - Decano de la prensa nacional","description":"El Diario - Decano de la prensa nacional","publisher":{"@id":"https:\/\/www.eldiario.net\/portal\/#organization"},"potentialAction":[{"@type":"SearchAction","target":{"@type":"EntryPoint","urlTemplate":"https:\/\/www.eldiario.net\/portal\/?s={search_term_string}"},"query-input":{"@type":"PropertyValueSpecification","valueRequired":true,"valueName":"search_term_string"}}],"inLanguage":"es"},{"@type":"Organization","@id":"https:\/\/www.eldiario.net\/portal\/#organization","name":"El Diario - Decano de la prensa nacional","url":"https:\/\/www.eldiario.net\/portal\/","logo":{"@type":"ImageObject","inLanguage":"es","@id":"https:\/\/www.eldiario.net\/portal\/#\/schema\/logo\/image\/","url":"https:\/\/www.eldiario.net\/portal\/wp-content\/uploads\/2023\/07\/logo_ED.jpg","contentUrl":"https:\/\/www.eldiario.net\/portal\/wp-content\/uploads\/2023\/07\/logo_ED.jpg","width":272,"height":52,"caption":"El Diario - Decano de la prensa nacional"},"image":{"@id":"https:\/\/www.eldiario.net\/portal\/#\/schema\/logo\/image\/"},"sameAs":["https:\/\/www.facebook.com\/eldiario.bolivia\/","https:\/\/x.com\/eldiario_net"]},{"@type":"Person","@id":"https:\/\/www.eldiario.net\/portal\/#\/schema\/person\/f46445640444750d7d753ccd04ae01b7","name":"Jeanette","image":{"@type":"ImageObject","inLanguage":"es","@id":"https:\/\/secure.gravatar.com\/avatar\/3ea2118a5f7dad2b7138b1187a6b7ee55f160b9968b66013c3a3ef39dd7e5798?s=96&d=mm&r=g","url":"https:\/\/secure.gravatar.com\/avatar\/3ea2118a5f7dad2b7138b1187a6b7ee55f160b9968b66013c3a3ef39dd7e5798?s=96&d=mm&r=g","contentUrl":"https:\/\/secure.gravatar.com\/avatar\/3ea2118a5f7dad2b7138b1187a6b7ee55f160b9968b66013c3a3ef39dd7e5798?s=96&d=mm&r=g","caption":"Jeanette"},"sameAs":["https:\/\/www.eldiario.net\/portal"],"url":"https:\/\/www.eldiario.net\/portal\/author\/jeanette\/"}]}},"_links":{"self":[{"href":"https:\/\/www.eldiario.net\/portal\/wp-json\/wp\/v2\/posts\/281833","targetHints":{"allow":["GET"]}}],"collection":[{"href":"https:\/\/www.eldiario.net\/portal\/wp-json\/wp\/v2\/posts"}],"about":[{"href":"https:\/\/www.eldiario.net\/portal\/wp-json\/wp\/v2\/types\/post"}],"author":[{"embeddable":true,"href":"https:\/\/www.eldiario.net\/portal\/wp-json\/wp\/v2\/users\/1"}],"replies":[{"embeddable":true,"href":"https:\/\/www.eldiario.net\/portal\/wp-json\/wp\/v2\/comments?post=281833"}],"version-history":[{"count":1,"href":"https:\/\/www.eldiario.net\/portal\/wp-json\/wp\/v2\/posts\/281833\/revisions"}],"predecessor-version":[{"id":281836,"href":"https:\/\/www.eldiario.net\/portal\/wp-json\/wp\/v2\/posts\/281833\/revisions\/281836"}],"wp:featuredmedia":[{"embeddable":true,"href":"https:\/\/www.eldiario.net\/portal\/wp-json\/wp\/v2\/media\/281835"}],"wp:attachment":[{"href":"https:\/\/www.eldiario.net\/portal\/wp-json\/wp\/v2\/media?parent=281833"}],"wp:term":[{"taxonomy":"category","embeddable":true,"href":"https:\/\/www.eldiario.net\/portal\/wp-json\/wp\/v2\/categories?post=281833"},{"taxonomy":"post_tag","embeddable":true,"href":"https:\/\/www.eldiario.net\/portal\/wp-json\/wp\/v2\/tags?post=281833"}],"curies":[{"name":"wp","href":"https:\/\/api.w.org\/{rel}","templated":true}]}}