{"id":281819,"date":"2025-02-14T06:07:36","date_gmt":"2025-02-14T10:07:36","guid":{"rendered":"https:\/\/www.eldiario.net\/portal\/?p=281819"},"modified":"2025-02-14T06:07:36","modified_gmt":"2025-02-14T10:07:36","slug":"alerta-naranja-por-lluvias-y-posible-desborde-de-rios-continua-vigente","status":"publish","type":"post","link":"https:\/\/www.eldiario.net\/portal\/2025\/02\/14\/alerta-naranja-por-lluvias-y-posible-desborde-de-rios-continua-vigente\/","title":{"rendered":"Alerta naranja por lluvias y posible  desborde de r\u00edos contin\u00faa vigente"},"content":{"rendered":"<p>El Servicio Nacional de Meteorolog\u00eda e Hidrolog\u00eda (Senamhi) se\u00f1al\u00f3 que en Cochabamba a\u00fan existe una alerta naranja vigente hasta la siguiente semana, la cual implica lluvias y crec\u00eda de r\u00edos en varias regiones.<\/p>\n<p>\u201cEs una alerta hidrol\u00f3gica de coloraci\u00f3n naranja, que est\u00e1 vigente entre el viernes 7 y el pr\u00f3ximo 22 de febrero que nos dice que tendremos elevaciones instant\u00e1neas de niveles en los r\u00edos Chapare, Veinticuatro Chipiriri, Eterazama, Ich\u00f3a, Isiboro, Ivirgarzama, Chimor\u00e9, y el curso principal de esta cuenca que es el r\u00edo Ichilo\u201d, dijo Erick Sosa, responsable del Senamhi.<\/p>\n<p>De acuerdo a Sosa, las lluvias y posibles crecidas tambi\u00e9n afectar\u00e1n a los r\u00edos Pojo y Mizque en la confluencia con el r\u00edo Caine donde se forma el r\u00edo Grande, los cuales se encuentran en los municipios de Vacas, Pocona y Totora.<\/p>\n<p>Ante la situaci\u00f3n, se recomienda a la poblaci\u00f3n mantenerse alerta ante la posibilidad de desbordes, principalmente aquellas poblaciones que se encuentran cercanas a los r\u00edos ya mencionados.<\/p>\n<p>Por su parte, en la ciudad de Cochabamba se conoce que las lluvias continuar\u00e1n en estos d\u00edas, pero con menor intensidad, manteniendo temperaturas agradables pero con cielos nubosos.<\/p>\n<p>Asimismo, seg\u00fan el reporte de Senamhi, el periodo de lluvias en Cochabamba fue normal en el departamento, a excepci\u00f3n de enero donde las lluvias marcaron un r\u00e9cord en dos puntos de Cercado.<\/p>\n<p>\u201cCon respecto a la \u00e9poca de lluvias, hemos tenido una \u00e9poca de lluvias que en general tiene un comportamiento normal. Los meses de octubre, noviembre, diciembre, han sido de lo m\u00e1s normales, septiembre incluido, sin embargo el mes de enero ha sido especialmente lluvioso\u201d, aclar\u00f3. (Cochabamba, agencias)<\/p>\n","protected":false},"excerpt":{"rendered":"<p>El Servicio Nacional de Meteorolog\u00eda e Hidrolog\u00eda (Senamhi) se\u00f1al\u00f3 que en Cochabamba a\u00fan existe una alerta naranja vigente hasta la siguiente semana, la cual implica lluvias y crec\u00eda de r\u00edos en varias regiones. \u201cEs una alerta hidrol\u00f3gica de coloraci\u00f3n naranja, que est\u00e1 vigente entre el viernes 7 y el pr\u00f3ximo 22 de febrero que nos [&hellip;]<\/p>\n","protected":false},"author":1,"featured_media":281820,"comment_status":"closed","ping_status":"open","sticky":false,"template":"","format":"standard","meta":{"_acf_changed":false,"footnotes":""},"categories":[12],"tags":[],"class_list":["post-281819","post","type-post","status-publish","format-standard","has-post-thumbnail","category-nacional"],"acf":{"antetitulo":"Cochabamba"},"yoast_head":"<!-- This site is optimized with the Yoast SEO plugin v28.4 - https:\/\/yoast.com\/product\/yoast-seo-wordpress\/ -->\n<title>Alerta naranja por lluvias y posible desborde de r\u00edos contin\u00faa vigente - El Diario - Bolivia<\/title>\n<meta name=\"robots\" content=\"index, follow, max-snippet:-1, max-image-preview:large, max-video-preview:-1\" \/>\n<link rel=\"canonical\" href=\"https:\/\/www.eldiario.net\/portal\/2025\/02\/14\/alerta-naranja-por-lluvias-y-posible-desborde-de-rios-continua-vigente\/\" \/>\n<meta property=\"og:locale\" content=\"es_ES\" \/>\n<meta property=\"og:type\" content=\"article\" \/>\n<meta property=\"og:title\" content=\"Alerta naranja por lluvias y posible desborde de r\u00edos contin\u00faa vigente - El Diario - Bolivia\" \/>\n<meta property=\"og:description\" content=\"El Servicio Nacional de Meteorolog\u00eda e Hidrolog\u00eda (Senamhi) se\u00f1al\u00f3 que en Cochabamba a\u00fan existe una alerta naranja vigente hasta la siguiente semana, la cual implica lluvias y crec\u00eda de r\u00edos en varias regiones. \u201cEs una alerta hidrol\u00f3gica de coloraci\u00f3n naranja, que est\u00e1 vigente entre el viernes 7 y el pr\u00f3ximo 22 de febrero que nos [&hellip;]\" \/>\n<meta property=\"og:url\" content=\"https:\/\/www.eldiario.net\/portal\/2025\/02\/14\/alerta-naranja-por-lluvias-y-posible-desborde-de-rios-continua-vigente\/\" \/>\n<meta property=\"og:site_name\" content=\"El Diario - Bolivia\" \/>\n<meta property=\"article:publisher\" content=\"https:\/\/www.facebook.com\/eldiario.bolivia\/\" \/>\n<meta property=\"article:published_time\" content=\"2025-02-14T10:07:36+00:00\" \/>\n<meta property=\"og:image\" content=\"https:\/\/www.eldiario.net\/portal\/wp-content\/uploads\/2025\/02\/ALERTA-FOTO.jpg\" \/>\n\t<meta property=\"og:image:width\" content=\"1200\" \/>\n\t<meta property=\"og:image:height\" content=\"511\" \/>\n\t<meta property=\"og:image:type\" content=\"image\/jpeg\" \/>\n<meta name=\"author\" content=\"Jeanette\" \/>\n<meta name=\"twitter:card\" content=\"summary_large_image\" \/>\n<meta name=\"twitter:creator\" content=\"@eldiario_net\" \/>\n<meta name=\"twitter:site\" content=\"@eldiario_net\" \/>\n<meta name=\"twitter:label1\" content=\"Escrito por\" \/>\n\t<meta name=\"twitter:data1\" content=\"Jeanette\" \/>\n\t<meta name=\"twitter:label2\" content=\"Tiempo de lectura\" \/>\n\t<meta name=\"twitter:data2\" content=\"2 minutos\" \/>\n<script type=\"application\/ld+json\" class=\"yoast-schema-graph\">{\"@context\":\"https:\\\/\\\/schema.org\",\"@graph\":[{\"@type\":\"Article\",\"@id\":\"https:\\\/\\\/www.eldiario.net\\\/portal\\\/2025\\\/02\\\/14\\\/alerta-naranja-por-lluvias-y-posible-desborde-de-rios-continua-vigente\\\/#article\",\"isPartOf\":{\"@id\":\"https:\\\/\\\/www.eldiario.net\\\/portal\\\/2025\\\/02\\\/14\\\/alerta-naranja-por-lluvias-y-posible-desborde-de-rios-continua-vigente\\\/\"},\"author\":{\"name\":\"Jeanette\",\"@id\":\"https:\\\/\\\/www.eldiario.net\\\/portal\\\/#\\\/schema\\\/person\\\/f46445640444750d7d753ccd04ae01b7\"},\"headline\":\"Alerta naranja por lluvias y posible desborde de r\u00edos contin\u00faa vigente\",\"datePublished\":\"2025-02-14T10:07:36+00:00\",\"mainEntityOfPage\":{\"@id\":\"https:\\\/\\\/www.eldiario.net\\\/portal\\\/2025\\\/02\\\/14\\\/alerta-naranja-por-lluvias-y-posible-desborde-de-rios-continua-vigente\\\/\"},\"wordCount\":305,\"publisher\":{\"@id\":\"https:\\\/\\\/www.eldiario.net\\\/portal\\\/#organization\"},\"image\":{\"@id\":\"https:\\\/\\\/www.eldiario.net\\\/portal\\\/2025\\\/02\\\/14\\\/alerta-naranja-por-lluvias-y-posible-desborde-de-rios-continua-vigente\\\/#primaryimage\"},\"thumbnailUrl\":\"https:\\\/\\\/www.eldiario.net\\\/portal\\\/wp-content\\\/uploads\\\/2025\\\/02\\\/ALERTA-FOTO.jpg\",\"articleSection\":[\"Nacional\"],\"inLanguage\":\"es\"},{\"@type\":\"WebPage\",\"@id\":\"https:\\\/\\\/www.eldiario.net\\\/portal\\\/2025\\\/02\\\/14\\\/alerta-naranja-por-lluvias-y-posible-desborde-de-rios-continua-vigente\\\/\",\"url\":\"https:\\\/\\\/www.eldiario.net\\\/portal\\\/2025\\\/02\\\/14\\\/alerta-naranja-por-lluvias-y-posible-desborde-de-rios-continua-vigente\\\/\",\"name\":\"Alerta naranja por lluvias y posible desborde de r\u00edos contin\u00faa vigente - El Diario - Bolivia\",\"isPartOf\":{\"@id\":\"https:\\\/\\\/www.eldiario.net\\\/portal\\\/#website\"},\"primaryImageOfPage\":{\"@id\":\"https:\\\/\\\/www.eldiario.net\\\/portal\\\/2025\\\/02\\\/14\\\/alerta-naranja-por-lluvias-y-posible-desborde-de-rios-continua-vigente\\\/#primaryimage\"},\"image\":{\"@id\":\"https:\\\/\\\/www.eldiario.net\\\/portal\\\/2025\\\/02\\\/14\\\/alerta-naranja-por-lluvias-y-posible-desborde-de-rios-continua-vigente\\\/#primaryimage\"},\"thumbnailUrl\":\"https:\\\/\\\/www.eldiario.net\\\/portal\\\/wp-content\\\/uploads\\\/2025\\\/02\\\/ALERTA-FOTO.jpg\",\"datePublished\":\"2025-02-14T10:07:36+00:00\",\"breadcrumb\":{\"@id\":\"https:\\\/\\\/www.eldiario.net\\\/portal\\\/2025\\\/02\\\/14\\\/alerta-naranja-por-lluvias-y-posible-desborde-de-rios-continua-vigente\\\/#breadcrumb\"},\"inLanguage\":\"es\",\"potentialAction\":[{\"@type\":\"ReadAction\",\"target\":[\"https:\\\/\\\/www.eldiario.net\\\/portal\\\/2025\\\/02\\\/14\\\/alerta-naranja-por-lluvias-y-posible-desborde-de-rios-continua-vigente\\\/\"]}]},{\"@type\":\"ImageObject\",\"inLanguage\":\"es\",\"@id\":\"https:\\\/\\\/www.eldiario.net\\\/portal\\\/2025\\\/02\\\/14\\\/alerta-naranja-por-lluvias-y-posible-desborde-de-rios-continua-vigente\\\/#primaryimage\",\"url\":\"https:\\\/\\\/www.eldiario.net\\\/portal\\\/wp-content\\\/uploads\\\/2025\\\/02\\\/ALERTA-FOTO.jpg\",\"contentUrl\":\"https:\\\/\\\/www.eldiario.net\\\/portal\\\/wp-content\\\/uploads\\\/2025\\\/02\\\/ALERTA-FOTO.jpg\",\"width\":1200,\"height\":511,\"caption\":\"Alerta por posible desborde de r\u00edos. FOTO: RRSS\"},{\"@type\":\"BreadcrumbList\",\"@id\":\"https:\\\/\\\/www.eldiario.net\\\/portal\\\/2025\\\/02\\\/14\\\/alerta-naranja-por-lluvias-y-posible-desborde-de-rios-continua-vigente\\\/#breadcrumb\",\"itemListElement\":[{\"@type\":\"ListItem\",\"position\":1,\"name\":\"Portada\",\"item\":\"https:\\\/\\\/www.eldiario.net\\\/portal\\\/\"},{\"@type\":\"ListItem\",\"position\":2,\"name\":\"Alerta naranja por lluvias y posible desborde de r\u00edos contin\u00faa vigente\"}]},{\"@type\":\"WebSite\",\"@id\":\"https:\\\/\\\/www.eldiario.net\\\/portal\\\/#website\",\"url\":\"https:\\\/\\\/www.eldiario.net\\\/portal\\\/\",\"name\":\"El Diario - Decano de la prensa nacional\",\"description\":\"El Diario - Decano de la prensa nacional\",\"publisher\":{\"@id\":\"https:\\\/\\\/www.eldiario.net\\\/portal\\\/#organization\"},\"potentialAction\":[{\"@type\":\"SearchAction\",\"target\":{\"@type\":\"EntryPoint\",\"urlTemplate\":\"https:\\\/\\\/www.eldiario.net\\\/portal\\\/?s={search_term_string}\"},\"query-input\":{\"@type\":\"PropertyValueSpecification\",\"valueRequired\":true,\"valueName\":\"search_term_string\"}}],\"inLanguage\":\"es\"},{\"@type\":\"Organization\",\"@id\":\"https:\\\/\\\/www.eldiario.net\\\/portal\\\/#organization\",\"name\":\"El Diario - Decano de la prensa nacional\",\"url\":\"https:\\\/\\\/www.eldiario.net\\\/portal\\\/\",\"logo\":{\"@type\":\"ImageObject\",\"inLanguage\":\"es\",\"@id\":\"https:\\\/\\\/www.eldiario.net\\\/portal\\\/#\\\/schema\\\/logo\\\/image\\\/\",\"url\":\"https:\\\/\\\/www.eldiario.net\\\/portal\\\/wp-content\\\/uploads\\\/2023\\\/07\\\/logo_ED.jpg\",\"contentUrl\":\"https:\\\/\\\/www.eldiario.net\\\/portal\\\/wp-content\\\/uploads\\\/2023\\\/07\\\/logo_ED.jpg\",\"width\":272,\"height\":52,\"caption\":\"El Diario - Decano de la prensa nacional\"},\"image\":{\"@id\":\"https:\\\/\\\/www.eldiario.net\\\/portal\\\/#\\\/schema\\\/logo\\\/image\\\/\"},\"sameAs\":[\"https:\\\/\\\/www.facebook.com\\\/eldiario.bolivia\\\/\",\"https:\\\/\\\/x.com\\\/eldiario_net\"]},{\"@type\":\"Person\",\"@id\":\"https:\\\/\\\/www.eldiario.net\\\/portal\\\/#\\\/schema\\\/person\\\/f46445640444750d7d753ccd04ae01b7\",\"name\":\"Jeanette\",\"image\":{\"@type\":\"ImageObject\",\"inLanguage\":\"es\",\"@id\":\"https:\\\/\\\/secure.gravatar.com\\\/avatar\\\/3ea2118a5f7dad2b7138b1187a6b7ee55f160b9968b66013c3a3ef39dd7e5798?s=96&d=mm&r=g\",\"url\":\"https:\\\/\\\/secure.gravatar.com\\\/avatar\\\/3ea2118a5f7dad2b7138b1187a6b7ee55f160b9968b66013c3a3ef39dd7e5798?s=96&d=mm&r=g\",\"contentUrl\":\"https:\\\/\\\/secure.gravatar.com\\\/avatar\\\/3ea2118a5f7dad2b7138b1187a6b7ee55f160b9968b66013c3a3ef39dd7e5798?s=96&d=mm&r=g\",\"caption\":\"Jeanette\"},\"sameAs\":[\"https:\\\/\\\/www.eldiario.net\\\/portal\"],\"url\":\"https:\\\/\\\/www.eldiario.net\\\/portal\\\/author\\\/jeanette\\\/\"}]}<\/script>\n<!-- \/ Yoast SEO plugin. -->","yoast_head_json":{"title":"Alerta naranja por lluvias y posible desborde de r\u00edos contin\u00faa vigente - El Diario - Bolivia","robots":{"index":"index","follow":"follow","max-snippet":"max-snippet:-1","max-image-preview":"max-image-preview:large","max-video-preview":"max-video-preview:-1"},"canonical":"https:\/\/www.eldiario.net\/portal\/2025\/02\/14\/alerta-naranja-por-lluvias-y-posible-desborde-de-rios-continua-vigente\/","og_locale":"es_ES","og_type":"article","og_title":"Alerta naranja por lluvias y posible desborde de r\u00edos contin\u00faa vigente - El Diario - Bolivia","og_description":"El Servicio Nacional de Meteorolog\u00eda e Hidrolog\u00eda (Senamhi) se\u00f1al\u00f3 que en Cochabamba a\u00fan existe una alerta naranja vigente hasta la siguiente semana, la cual implica lluvias y crec\u00eda de r\u00edos en varias regiones. \u201cEs una alerta hidrol\u00f3gica de coloraci\u00f3n naranja, que est\u00e1 vigente entre el viernes 7 y el pr\u00f3ximo 22 de febrero que nos [&hellip;]","og_url":"https:\/\/www.eldiario.net\/portal\/2025\/02\/14\/alerta-naranja-por-lluvias-y-posible-desborde-de-rios-continua-vigente\/","og_site_name":"El Diario - Bolivia","article_publisher":"https:\/\/www.facebook.com\/eldiario.bolivia\/","article_published_time":"2025-02-14T10:07:36+00:00","og_image":[{"width":1200,"height":511,"url":"https:\/\/www.eldiario.net\/portal\/wp-content\/uploads\/2025\/02\/ALERTA-FOTO.jpg","type":"image\/jpeg"}],"author":"Jeanette","twitter_card":"summary_large_image","twitter_creator":"@eldiario_net","twitter_site":"@eldiario_net","twitter_misc":{"Escrito por":"Jeanette","Tiempo de lectura":"2 minutos"},"schema":{"@context":"https:\/\/schema.org","@graph":[{"@type":"Article","@id":"https:\/\/www.eldiario.net\/portal\/2025\/02\/14\/alerta-naranja-por-lluvias-y-posible-desborde-de-rios-continua-vigente\/#article","isPartOf":{"@id":"https:\/\/www.eldiario.net\/portal\/2025\/02\/14\/alerta-naranja-por-lluvias-y-posible-desborde-de-rios-continua-vigente\/"},"author":{"name":"Jeanette","@id":"https:\/\/www.eldiario.net\/portal\/#\/schema\/person\/f46445640444750d7d753ccd04ae01b7"},"headline":"Alerta naranja por lluvias y posible desborde de r\u00edos contin\u00faa vigente","datePublished":"2025-02-14T10:07:36+00:00","mainEntityOfPage":{"@id":"https:\/\/www.eldiario.net\/portal\/2025\/02\/14\/alerta-naranja-por-lluvias-y-posible-desborde-de-rios-continua-vigente\/"},"wordCount":305,"publisher":{"@id":"https:\/\/www.eldiario.net\/portal\/#organization"},"image":{"@id":"https:\/\/www.eldiario.net\/portal\/2025\/02\/14\/alerta-naranja-por-lluvias-y-posible-desborde-de-rios-continua-vigente\/#primaryimage"},"thumbnailUrl":"https:\/\/www.eldiario.net\/portal\/wp-content\/uploads\/2025\/02\/ALERTA-FOTO.jpg","articleSection":["Nacional"],"inLanguage":"es"},{"@type":"WebPage","@id":"https:\/\/www.eldiario.net\/portal\/2025\/02\/14\/alerta-naranja-por-lluvias-y-posible-desborde-de-rios-continua-vigente\/","url":"https:\/\/www.eldiario.net\/portal\/2025\/02\/14\/alerta-naranja-por-lluvias-y-posible-desborde-de-rios-continua-vigente\/","name":"Alerta naranja por lluvias y posible desborde de r\u00edos contin\u00faa vigente - El Diario - Bolivia","isPartOf":{"@id":"https:\/\/www.eldiario.net\/portal\/#website"},"primaryImageOfPage":{"@id":"https:\/\/www.eldiario.net\/portal\/2025\/02\/14\/alerta-naranja-por-lluvias-y-posible-desborde-de-rios-continua-vigente\/#primaryimage"},"image":{"@id":"https:\/\/www.eldiario.net\/portal\/2025\/02\/14\/alerta-naranja-por-lluvias-y-posible-desborde-de-rios-continua-vigente\/#primaryimage"},"thumbnailUrl":"https:\/\/www.eldiario.net\/portal\/wp-content\/uploads\/2025\/02\/ALERTA-FOTO.jpg","datePublished":"2025-02-14T10:07:36+00:00","breadcrumb":{"@id":"https:\/\/www.eldiario.net\/portal\/2025\/02\/14\/alerta-naranja-por-lluvias-y-posible-desborde-de-rios-continua-vigente\/#breadcrumb"},"inLanguage":"es","potentialAction":[{"@type":"ReadAction","target":["https:\/\/www.eldiario.net\/portal\/2025\/02\/14\/alerta-naranja-por-lluvias-y-posible-desborde-de-rios-continua-vigente\/"]}]},{"@type":"ImageObject","inLanguage":"es","@id":"https:\/\/www.eldiario.net\/portal\/2025\/02\/14\/alerta-naranja-por-lluvias-y-posible-desborde-de-rios-continua-vigente\/#primaryimage","url":"https:\/\/www.eldiario.net\/portal\/wp-content\/uploads\/2025\/02\/ALERTA-FOTO.jpg","contentUrl":"https:\/\/www.eldiario.net\/portal\/wp-content\/uploads\/2025\/02\/ALERTA-FOTO.jpg","width":1200,"height":511,"caption":"Alerta por posible desborde de r\u00edos. FOTO: RRSS"},{"@type":"BreadcrumbList","@id":"https:\/\/www.eldiario.net\/portal\/2025\/02\/14\/alerta-naranja-por-lluvias-y-posible-desborde-de-rios-continua-vigente\/#breadcrumb","itemListElement":[{"@type":"ListItem","position":1,"name":"Portada","item":"https:\/\/www.eldiario.net\/portal\/"},{"@type":"ListItem","position":2,"name":"Alerta naranja por lluvias y posible desborde de r\u00edos contin\u00faa vigente"}]},{"@type":"WebSite","@id":"https:\/\/www.eldiario.net\/portal\/#website","url":"https:\/\/www.eldiario.net\/portal\/","name":"El Diario - Decano de la prensa nacional","description":"El Diario - Decano de la prensa nacional","publisher":{"@id":"https:\/\/www.eldiario.net\/portal\/#organization"},"potentialAction":[{"@type":"SearchAction","target":{"@type":"EntryPoint","urlTemplate":"https:\/\/www.eldiario.net\/portal\/?s={search_term_string}"},"query-input":{"@type":"PropertyValueSpecification","valueRequired":true,"valueName":"search_term_string"}}],"inLanguage":"es"},{"@type":"Organization","@id":"https:\/\/www.eldiario.net\/portal\/#organization","name":"El Diario - Decano de la prensa nacional","url":"https:\/\/www.eldiario.net\/portal\/","logo":{"@type":"ImageObject","inLanguage":"es","@id":"https:\/\/www.eldiario.net\/portal\/#\/schema\/logo\/image\/","url":"https:\/\/www.eldiario.net\/portal\/wp-content\/uploads\/2023\/07\/logo_ED.jpg","contentUrl":"https:\/\/www.eldiario.net\/portal\/wp-content\/uploads\/2023\/07\/logo_ED.jpg","width":272,"height":52,"caption":"El Diario - Decano de la prensa nacional"},"image":{"@id":"https:\/\/www.eldiario.net\/portal\/#\/schema\/logo\/image\/"},"sameAs":["https:\/\/www.facebook.com\/eldiario.bolivia\/","https:\/\/x.com\/eldiario_net"]},{"@type":"Person","@id":"https:\/\/www.eldiario.net\/portal\/#\/schema\/person\/f46445640444750d7d753ccd04ae01b7","name":"Jeanette","image":{"@type":"ImageObject","inLanguage":"es","@id":"https:\/\/secure.gravatar.com\/avatar\/3ea2118a5f7dad2b7138b1187a6b7ee55f160b9968b66013c3a3ef39dd7e5798?s=96&d=mm&r=g","url":"https:\/\/secure.gravatar.com\/avatar\/3ea2118a5f7dad2b7138b1187a6b7ee55f160b9968b66013c3a3ef39dd7e5798?s=96&d=mm&r=g","contentUrl":"https:\/\/secure.gravatar.com\/avatar\/3ea2118a5f7dad2b7138b1187a6b7ee55f160b9968b66013c3a3ef39dd7e5798?s=96&d=mm&r=g","caption":"Jeanette"},"sameAs":["https:\/\/www.eldiario.net\/portal"],"url":"https:\/\/www.eldiario.net\/portal\/author\/jeanette\/"}]}},"_links":{"self":[{"href":"https:\/\/www.eldiario.net\/portal\/wp-json\/wp\/v2\/posts\/281819","targetHints":{"allow":["GET"]}}],"collection":[{"href":"https:\/\/www.eldiario.net\/portal\/wp-json\/wp\/v2\/posts"}],"about":[{"href":"https:\/\/www.eldiario.net\/portal\/wp-json\/wp\/v2\/types\/post"}],"author":[{"embeddable":true,"href":"https:\/\/www.eldiario.net\/portal\/wp-json\/wp\/v2\/users\/1"}],"replies":[{"embeddable":true,"href":"https:\/\/www.eldiario.net\/portal\/wp-json\/wp\/v2\/comments?post=281819"}],"version-history":[{"count":1,"href":"https:\/\/www.eldiario.net\/portal\/wp-json\/wp\/v2\/posts\/281819\/revisions"}],"predecessor-version":[{"id":281821,"href":"https:\/\/www.eldiario.net\/portal\/wp-json\/wp\/v2\/posts\/281819\/revisions\/281821"}],"wp:featuredmedia":[{"embeddable":true,"href":"https:\/\/www.eldiario.net\/portal\/wp-json\/wp\/v2\/media\/281820"}],"wp:attachment":[{"href":"https:\/\/www.eldiario.net\/portal\/wp-json\/wp\/v2\/media?parent=281819"}],"wp:term":[{"taxonomy":"category","embeddable":true,"href":"https:\/\/www.eldiario.net\/portal\/wp-json\/wp\/v2\/categories?post=281819"},{"taxonomy":"post_tag","embeddable":true,"href":"https:\/\/www.eldiario.net\/portal\/wp-json\/wp\/v2\/tags?post=281819"}],"curies":[{"name":"wp","href":"https:\/\/api.w.org\/{rel}","templated":true}]}}