{"id":281813,"date":"2025-02-14T06:06:26","date_gmt":"2025-02-14T10:06:26","guid":{"rendered":"https:\/\/www.eldiario.net\/portal\/?p=281813"},"modified":"2025-02-14T06:06:38","modified_gmt":"2025-02-14T10:06:38","slug":"activan-plan-escuela-segura-para-proteger-a-estudiantes","status":"publish","type":"post","link":"https:\/\/www.eldiario.net\/portal\/2025\/02\/14\/activan-plan-escuela-segura-para-proteger-a-estudiantes\/","title":{"rendered":"Activan plan \u201cEscuela Segura\u201d  para proteger a estudiantes"},"content":{"rendered":"<p>La Defensor\u00eda de la Ni\u00f1ez y Adolescencia (DNA) puso en marcha el plan \u201cEscuela Segura\u201d con el objetivo de reforzar la seguridad en las unidades educativas, previniendo situaciones de violencia, acceso a material pornogr\u00e1fico y consumo de sustancias controladas.<\/p>\n<p>El jefe de la DNA, Edwin P\u00e9rez, explic\u00f3 que el plan contempla un protocolo espec\u00edfico para ingresar e intervenir en los establecimientos educativos. \u201cEscuela Segura\u201d se desarrollar\u00e1 en dos etapas. En la primera, la intervenci\u00f3n debe ser solicitada por el director de la unidad educativa o los padres de familia. Antes del ingreso, se llevar\u00e1 a cabo una sesi\u00f3n informativa para explicar los alcances del plan.<\/p>\n<p>Durante la intervenci\u00f3n, participar\u00e1n dos funcionarios de la DNA, un efectivo policial, el director del establecimiento y el presidente de la junta de padres de familia. \u201cPor el momento, ya se cuenta con la solicitud de dos unidades educativas para iniciar la fase de socializaci\u00f3n y posteriormente fijar la fecha de intervenci\u00f3n\u201d, inform\u00f3 P\u00e9rez.<\/p>\n<p>La segunda fase consiste en visitas sorpresivas en las que se revisar\u00e1n mochilas y celulares de algunos estudiantes previamente identificados por sus antecedentes de violencia, consumo de drogas o pornograf\u00eda, o por presentar problemas de conducta.<\/p>\n<p>En caso de encontrar objetos peligrosos, como armas de fuego o punzocortantes, estos ser\u00e1n entregados al director de la unidad educativa, y se convocar\u00e1 a los padres o tutores del estudiante para una charla informativa. Seg\u00fan la situaci\u00f3n, el menor podr\u00e1 ser derivado al Centro de Atenci\u00f3n Integral a la Familia (CAIF) o a la Escuela de la Familia de la DNA para recibir orientaci\u00f3n complementaria.<\/p>\n<p>Si se hallara material pornogr\u00e1fico en los celulares, estos ser\u00e1n decomisados temporalmente para eliminar el contenido, y se trabajar\u00e1 con la familia y el estudiante en un enfoque educativo. Adem\u00e1s, se firmar\u00e1 un compromiso de cumplimiento del reglamento escolar y las normas de convivencia pac\u00edfica.<\/p>\n<p>En caso de encontrar sustancias controladas, se aplicar\u00e1 el Protocolo de Actuaci\u00f3n en Situaciones de Presencia, Tenencia, Consumo y Microtr\u00e1fico de Drogas en Unidades Educativas del Ministerio de Educaci\u00f3n, priorizando el inter\u00e9s superior del menor, la confidencialidad y el resguardo de su identidad.<\/p>\n<p>Por su parte, la mayor Roc\u00edo Olivera, representante del Comando Departamental de la Polic\u00eda, se\u00f1al\u00f3 que la instituci\u00f3n coordinar\u00e1 con la DNA para garantizar la seguridad en los establecimientos educativos. (Cochabamba, agencias)<\/p>\n","protected":false},"excerpt":{"rendered":"<p>La Defensor\u00eda de la Ni\u00f1ez y Adolescencia (DNA) puso en marcha el plan \u201cEscuela Segura\u201d con el objetivo de reforzar la seguridad en las unidades educativas, previniendo situaciones de violencia, acceso a material pornogr\u00e1fico y consumo de sustancias controladas. El jefe de la DNA, Edwin P\u00e9rez, explic\u00f3 que el plan contempla un protocolo espec\u00edfico para [&hellip;]<\/p>\n","protected":false},"author":1,"featured_media":281814,"comment_status":"closed","ping_status":"open","sticky":false,"template":"","format":"standard","meta":{"_acf_changed":false,"footnotes":""},"categories":[12],"tags":[],"class_list":["post-281813","post","type-post","status-publish","format-standard","has-post-thumbnail","category-nacional"],"acf":{"antetitulo":"Cochabamba"},"yoast_head":"<!-- This site is optimized with the Yoast SEO plugin v28.4 - https:\/\/yoast.com\/product\/yoast-seo-wordpress\/ -->\n<title>Activan plan \u201cEscuela Segura\u201d para proteger a estudiantes - El Diario - Bolivia<\/title>\n<meta name=\"robots\" content=\"index, follow, max-snippet:-1, max-image-preview:large, max-video-preview:-1\" \/>\n<link rel=\"canonical\" href=\"https:\/\/www.eldiario.net\/portal\/2025\/02\/14\/activan-plan-escuela-segura-para-proteger-a-estudiantes\/\" \/>\n<meta property=\"og:locale\" content=\"es_ES\" \/>\n<meta property=\"og:type\" content=\"article\" \/>\n<meta property=\"og:title\" content=\"Activan plan \u201cEscuela Segura\u201d para proteger a estudiantes - El Diario - Bolivia\" \/>\n<meta property=\"og:description\" content=\"La Defensor\u00eda de la Ni\u00f1ez y Adolescencia (DNA) puso en marcha el plan \u201cEscuela Segura\u201d con el objetivo de reforzar la seguridad en las unidades educativas, previniendo situaciones de violencia, acceso a material pornogr\u00e1fico y consumo de sustancias controladas. El jefe de la DNA, Edwin P\u00e9rez, explic\u00f3 que el plan contempla un protocolo espec\u00edfico para [&hellip;]\" \/>\n<meta property=\"og:url\" content=\"https:\/\/www.eldiario.net\/portal\/2025\/02\/14\/activan-plan-escuela-segura-para-proteger-a-estudiantes\/\" \/>\n<meta property=\"og:site_name\" content=\"El Diario - Bolivia\" \/>\n<meta property=\"article:publisher\" content=\"https:\/\/www.facebook.com\/eldiario.bolivia\/\" \/>\n<meta property=\"article:published_time\" content=\"2025-02-14T10:06:26+00:00\" \/>\n<meta property=\"article:modified_time\" content=\"2025-02-14T10:06:38+00:00\" \/>\n<meta property=\"og:image\" content=\"https:\/\/www.eldiario.net\/portal\/wp-content\/uploads\/2025\/02\/ESCUELA-FOTO.jpg\" \/>\n\t<meta property=\"og:image:width\" content=\"1200\" \/>\n\t<meta property=\"og:image:height\" content=\"792\" \/>\n\t<meta property=\"og:image:type\" content=\"image\/jpeg\" \/>\n<meta name=\"author\" content=\"Jeanette\" \/>\n<meta name=\"twitter:card\" content=\"summary_large_image\" \/>\n<meta name=\"twitter:creator\" content=\"@eldiario_net\" \/>\n<meta name=\"twitter:site\" content=\"@eldiario_net\" \/>\n<meta name=\"twitter:label1\" content=\"Escrito por\" \/>\n\t<meta name=\"twitter:data1\" content=\"Jeanette\" \/>\n\t<meta name=\"twitter:label2\" content=\"Tiempo de lectura\" \/>\n\t<meta name=\"twitter:data2\" content=\"2 minutos\" \/>\n<script type=\"application\/ld+json\" class=\"yoast-schema-graph\">{\"@context\":\"https:\\\/\\\/schema.org\",\"@graph\":[{\"@type\":\"Article\",\"@id\":\"https:\\\/\\\/www.eldiario.net\\\/portal\\\/2025\\\/02\\\/14\\\/activan-plan-escuela-segura-para-proteger-a-estudiantes\\\/#article\",\"isPartOf\":{\"@id\":\"https:\\\/\\\/www.eldiario.net\\\/portal\\\/2025\\\/02\\\/14\\\/activan-plan-escuela-segura-para-proteger-a-estudiantes\\\/\"},\"author\":{\"name\":\"Jeanette\",\"@id\":\"https:\\\/\\\/www.eldiario.net\\\/portal\\\/#\\\/schema\\\/person\\\/f46445640444750d7d753ccd04ae01b7\"},\"headline\":\"Activan plan \u201cEscuela Segura\u201d para proteger a estudiantes\",\"datePublished\":\"2025-02-14T10:06:26+00:00\",\"dateModified\":\"2025-02-14T10:06:38+00:00\",\"mainEntityOfPage\":{\"@id\":\"https:\\\/\\\/www.eldiario.net\\\/portal\\\/2025\\\/02\\\/14\\\/activan-plan-escuela-segura-para-proteger-a-estudiantes\\\/\"},\"wordCount\":420,\"publisher\":{\"@id\":\"https:\\\/\\\/www.eldiario.net\\\/portal\\\/#organization\"},\"image\":{\"@id\":\"https:\\\/\\\/www.eldiario.net\\\/portal\\\/2025\\\/02\\\/14\\\/activan-plan-escuela-segura-para-proteger-a-estudiantes\\\/#primaryimage\"},\"thumbnailUrl\":\"https:\\\/\\\/www.eldiario.net\\\/portal\\\/wp-content\\\/uploads\\\/2025\\\/02\\\/ESCUELA-FOTO.jpg\",\"articleSection\":[\"Nacional\"],\"inLanguage\":\"es\"},{\"@type\":\"WebPage\",\"@id\":\"https:\\\/\\\/www.eldiario.net\\\/portal\\\/2025\\\/02\\\/14\\\/activan-plan-escuela-segura-para-proteger-a-estudiantes\\\/\",\"url\":\"https:\\\/\\\/www.eldiario.net\\\/portal\\\/2025\\\/02\\\/14\\\/activan-plan-escuela-segura-para-proteger-a-estudiantes\\\/\",\"name\":\"Activan plan \u201cEscuela Segura\u201d para proteger a estudiantes - El Diario - Bolivia\",\"isPartOf\":{\"@id\":\"https:\\\/\\\/www.eldiario.net\\\/portal\\\/#website\"},\"primaryImageOfPage\":{\"@id\":\"https:\\\/\\\/www.eldiario.net\\\/portal\\\/2025\\\/02\\\/14\\\/activan-plan-escuela-segura-para-proteger-a-estudiantes\\\/#primaryimage\"},\"image\":{\"@id\":\"https:\\\/\\\/www.eldiario.net\\\/portal\\\/2025\\\/02\\\/14\\\/activan-plan-escuela-segura-para-proteger-a-estudiantes\\\/#primaryimage\"},\"thumbnailUrl\":\"https:\\\/\\\/www.eldiario.net\\\/portal\\\/wp-content\\\/uploads\\\/2025\\\/02\\\/ESCUELA-FOTO.jpg\",\"datePublished\":\"2025-02-14T10:06:26+00:00\",\"dateModified\":\"2025-02-14T10:06:38+00:00\",\"breadcrumb\":{\"@id\":\"https:\\\/\\\/www.eldiario.net\\\/portal\\\/2025\\\/02\\\/14\\\/activan-plan-escuela-segura-para-proteger-a-estudiantes\\\/#breadcrumb\"},\"inLanguage\":\"es\",\"potentialAction\":[{\"@type\":\"ReadAction\",\"target\":[\"https:\\\/\\\/www.eldiario.net\\\/portal\\\/2025\\\/02\\\/14\\\/activan-plan-escuela-segura-para-proteger-a-estudiantes\\\/\"]}]},{\"@type\":\"ImageObject\",\"inLanguage\":\"es\",\"@id\":\"https:\\\/\\\/www.eldiario.net\\\/portal\\\/2025\\\/02\\\/14\\\/activan-plan-escuela-segura-para-proteger-a-estudiantes\\\/#primaryimage\",\"url\":\"https:\\\/\\\/www.eldiario.net\\\/portal\\\/wp-content\\\/uploads\\\/2025\\\/02\\\/ESCUELA-FOTO.jpg\",\"contentUrl\":\"https:\\\/\\\/www.eldiario.net\\\/portal\\\/wp-content\\\/uploads\\\/2025\\\/02\\\/ESCUELA-FOTO.jpg\",\"width\":1200,\"height\":792,\"caption\":\"El jefe de la Defensor\u00eda de la Ni\u00f1ez y Adolescencia, Edwin P\u00e9rez (centro). FOTO: GAMC\"},{\"@type\":\"BreadcrumbList\",\"@id\":\"https:\\\/\\\/www.eldiario.net\\\/portal\\\/2025\\\/02\\\/14\\\/activan-plan-escuela-segura-para-proteger-a-estudiantes\\\/#breadcrumb\",\"itemListElement\":[{\"@type\":\"ListItem\",\"position\":1,\"name\":\"Portada\",\"item\":\"https:\\\/\\\/www.eldiario.net\\\/portal\\\/\"},{\"@type\":\"ListItem\",\"position\":2,\"name\":\"Activan plan \u201cEscuela Segura\u201d para proteger a estudiantes\"}]},{\"@type\":\"WebSite\",\"@id\":\"https:\\\/\\\/www.eldiario.net\\\/portal\\\/#website\",\"url\":\"https:\\\/\\\/www.eldiario.net\\\/portal\\\/\",\"name\":\"El Diario - Decano de la prensa nacional\",\"description\":\"El Diario - Decano de la prensa nacional\",\"publisher\":{\"@id\":\"https:\\\/\\\/www.eldiario.net\\\/portal\\\/#organization\"},\"potentialAction\":[{\"@type\":\"SearchAction\",\"target\":{\"@type\":\"EntryPoint\",\"urlTemplate\":\"https:\\\/\\\/www.eldiario.net\\\/portal\\\/?s={search_term_string}\"},\"query-input\":{\"@type\":\"PropertyValueSpecification\",\"valueRequired\":true,\"valueName\":\"search_term_string\"}}],\"inLanguage\":\"es\"},{\"@type\":\"Organization\",\"@id\":\"https:\\\/\\\/www.eldiario.net\\\/portal\\\/#organization\",\"name\":\"El Diario - Decano de la prensa nacional\",\"url\":\"https:\\\/\\\/www.eldiario.net\\\/portal\\\/\",\"logo\":{\"@type\":\"ImageObject\",\"inLanguage\":\"es\",\"@id\":\"https:\\\/\\\/www.eldiario.net\\\/portal\\\/#\\\/schema\\\/logo\\\/image\\\/\",\"url\":\"https:\\\/\\\/www.eldiario.net\\\/portal\\\/wp-content\\\/uploads\\\/2023\\\/07\\\/logo_ED.jpg\",\"contentUrl\":\"https:\\\/\\\/www.eldiario.net\\\/portal\\\/wp-content\\\/uploads\\\/2023\\\/07\\\/logo_ED.jpg\",\"width\":272,\"height\":52,\"caption\":\"El Diario - Decano de la prensa nacional\"},\"image\":{\"@id\":\"https:\\\/\\\/www.eldiario.net\\\/portal\\\/#\\\/schema\\\/logo\\\/image\\\/\"},\"sameAs\":[\"https:\\\/\\\/www.facebook.com\\\/eldiario.bolivia\\\/\",\"https:\\\/\\\/x.com\\\/eldiario_net\"]},{\"@type\":\"Person\",\"@id\":\"https:\\\/\\\/www.eldiario.net\\\/portal\\\/#\\\/schema\\\/person\\\/f46445640444750d7d753ccd04ae01b7\",\"name\":\"Jeanette\",\"image\":{\"@type\":\"ImageObject\",\"inLanguage\":\"es\",\"@id\":\"https:\\\/\\\/secure.gravatar.com\\\/avatar\\\/3ea2118a5f7dad2b7138b1187a6b7ee55f160b9968b66013c3a3ef39dd7e5798?s=96&d=mm&r=g\",\"url\":\"https:\\\/\\\/secure.gravatar.com\\\/avatar\\\/3ea2118a5f7dad2b7138b1187a6b7ee55f160b9968b66013c3a3ef39dd7e5798?s=96&d=mm&r=g\",\"contentUrl\":\"https:\\\/\\\/secure.gravatar.com\\\/avatar\\\/3ea2118a5f7dad2b7138b1187a6b7ee55f160b9968b66013c3a3ef39dd7e5798?s=96&d=mm&r=g\",\"caption\":\"Jeanette\"},\"sameAs\":[\"https:\\\/\\\/www.eldiario.net\\\/portal\"],\"url\":\"https:\\\/\\\/www.eldiario.net\\\/portal\\\/author\\\/jeanette\\\/\"}]}<\/script>\n<!-- \/ Yoast SEO plugin. -->","yoast_head_json":{"title":"Activan plan \u201cEscuela Segura\u201d para proteger a estudiantes - El Diario - Bolivia","robots":{"index":"index","follow":"follow","max-snippet":"max-snippet:-1","max-image-preview":"max-image-preview:large","max-video-preview":"max-video-preview:-1"},"canonical":"https:\/\/www.eldiario.net\/portal\/2025\/02\/14\/activan-plan-escuela-segura-para-proteger-a-estudiantes\/","og_locale":"es_ES","og_type":"article","og_title":"Activan plan \u201cEscuela Segura\u201d para proteger a estudiantes - El Diario - Bolivia","og_description":"La Defensor\u00eda de la Ni\u00f1ez y Adolescencia (DNA) puso en marcha el plan \u201cEscuela Segura\u201d con el objetivo de reforzar la seguridad en las unidades educativas, previniendo situaciones de violencia, acceso a material pornogr\u00e1fico y consumo de sustancias controladas. El jefe de la DNA, Edwin P\u00e9rez, explic\u00f3 que el plan contempla un protocolo espec\u00edfico para [&hellip;]","og_url":"https:\/\/www.eldiario.net\/portal\/2025\/02\/14\/activan-plan-escuela-segura-para-proteger-a-estudiantes\/","og_site_name":"El Diario - Bolivia","article_publisher":"https:\/\/www.facebook.com\/eldiario.bolivia\/","article_published_time":"2025-02-14T10:06:26+00:00","article_modified_time":"2025-02-14T10:06:38+00:00","og_image":[{"width":1200,"height":792,"url":"https:\/\/www.eldiario.net\/portal\/wp-content\/uploads\/2025\/02\/ESCUELA-FOTO.jpg","type":"image\/jpeg"}],"author":"Jeanette","twitter_card":"summary_large_image","twitter_creator":"@eldiario_net","twitter_site":"@eldiario_net","twitter_misc":{"Escrito por":"Jeanette","Tiempo de lectura":"2 minutos"},"schema":{"@context":"https:\/\/schema.org","@graph":[{"@type":"Article","@id":"https:\/\/www.eldiario.net\/portal\/2025\/02\/14\/activan-plan-escuela-segura-para-proteger-a-estudiantes\/#article","isPartOf":{"@id":"https:\/\/www.eldiario.net\/portal\/2025\/02\/14\/activan-plan-escuela-segura-para-proteger-a-estudiantes\/"},"author":{"name":"Jeanette","@id":"https:\/\/www.eldiario.net\/portal\/#\/schema\/person\/f46445640444750d7d753ccd04ae01b7"},"headline":"Activan plan \u201cEscuela Segura\u201d para proteger a estudiantes","datePublished":"2025-02-14T10:06:26+00:00","dateModified":"2025-02-14T10:06:38+00:00","mainEntityOfPage":{"@id":"https:\/\/www.eldiario.net\/portal\/2025\/02\/14\/activan-plan-escuela-segura-para-proteger-a-estudiantes\/"},"wordCount":420,"publisher":{"@id":"https:\/\/www.eldiario.net\/portal\/#organization"},"image":{"@id":"https:\/\/www.eldiario.net\/portal\/2025\/02\/14\/activan-plan-escuela-segura-para-proteger-a-estudiantes\/#primaryimage"},"thumbnailUrl":"https:\/\/www.eldiario.net\/portal\/wp-content\/uploads\/2025\/02\/ESCUELA-FOTO.jpg","articleSection":["Nacional"],"inLanguage":"es"},{"@type":"WebPage","@id":"https:\/\/www.eldiario.net\/portal\/2025\/02\/14\/activan-plan-escuela-segura-para-proteger-a-estudiantes\/","url":"https:\/\/www.eldiario.net\/portal\/2025\/02\/14\/activan-plan-escuela-segura-para-proteger-a-estudiantes\/","name":"Activan plan \u201cEscuela Segura\u201d para proteger a estudiantes - El Diario - Bolivia","isPartOf":{"@id":"https:\/\/www.eldiario.net\/portal\/#website"},"primaryImageOfPage":{"@id":"https:\/\/www.eldiario.net\/portal\/2025\/02\/14\/activan-plan-escuela-segura-para-proteger-a-estudiantes\/#primaryimage"},"image":{"@id":"https:\/\/www.eldiario.net\/portal\/2025\/02\/14\/activan-plan-escuela-segura-para-proteger-a-estudiantes\/#primaryimage"},"thumbnailUrl":"https:\/\/www.eldiario.net\/portal\/wp-content\/uploads\/2025\/02\/ESCUELA-FOTO.jpg","datePublished":"2025-02-14T10:06:26+00:00","dateModified":"2025-02-14T10:06:38+00:00","breadcrumb":{"@id":"https:\/\/www.eldiario.net\/portal\/2025\/02\/14\/activan-plan-escuela-segura-para-proteger-a-estudiantes\/#breadcrumb"},"inLanguage":"es","potentialAction":[{"@type":"ReadAction","target":["https:\/\/www.eldiario.net\/portal\/2025\/02\/14\/activan-plan-escuela-segura-para-proteger-a-estudiantes\/"]}]},{"@type":"ImageObject","inLanguage":"es","@id":"https:\/\/www.eldiario.net\/portal\/2025\/02\/14\/activan-plan-escuela-segura-para-proteger-a-estudiantes\/#primaryimage","url":"https:\/\/www.eldiario.net\/portal\/wp-content\/uploads\/2025\/02\/ESCUELA-FOTO.jpg","contentUrl":"https:\/\/www.eldiario.net\/portal\/wp-content\/uploads\/2025\/02\/ESCUELA-FOTO.jpg","width":1200,"height":792,"caption":"El jefe de la Defensor\u00eda de la Ni\u00f1ez y Adolescencia, Edwin P\u00e9rez (centro). FOTO: GAMC"},{"@type":"BreadcrumbList","@id":"https:\/\/www.eldiario.net\/portal\/2025\/02\/14\/activan-plan-escuela-segura-para-proteger-a-estudiantes\/#breadcrumb","itemListElement":[{"@type":"ListItem","position":1,"name":"Portada","item":"https:\/\/www.eldiario.net\/portal\/"},{"@type":"ListItem","position":2,"name":"Activan plan \u201cEscuela Segura\u201d para proteger a estudiantes"}]},{"@type":"WebSite","@id":"https:\/\/www.eldiario.net\/portal\/#website","url":"https:\/\/www.eldiario.net\/portal\/","name":"El Diario - Decano de la prensa nacional","description":"El Diario - Decano de la prensa nacional","publisher":{"@id":"https:\/\/www.eldiario.net\/portal\/#organization"},"potentialAction":[{"@type":"SearchAction","target":{"@type":"EntryPoint","urlTemplate":"https:\/\/www.eldiario.net\/portal\/?s={search_term_string}"},"query-input":{"@type":"PropertyValueSpecification","valueRequired":true,"valueName":"search_term_string"}}],"inLanguage":"es"},{"@type":"Organization","@id":"https:\/\/www.eldiario.net\/portal\/#organization","name":"El Diario - Decano de la prensa nacional","url":"https:\/\/www.eldiario.net\/portal\/","logo":{"@type":"ImageObject","inLanguage":"es","@id":"https:\/\/www.eldiario.net\/portal\/#\/schema\/logo\/image\/","url":"https:\/\/www.eldiario.net\/portal\/wp-content\/uploads\/2023\/07\/logo_ED.jpg","contentUrl":"https:\/\/www.eldiario.net\/portal\/wp-content\/uploads\/2023\/07\/logo_ED.jpg","width":272,"height":52,"caption":"El Diario - Decano de la prensa nacional"},"image":{"@id":"https:\/\/www.eldiario.net\/portal\/#\/schema\/logo\/image\/"},"sameAs":["https:\/\/www.facebook.com\/eldiario.bolivia\/","https:\/\/x.com\/eldiario_net"]},{"@type":"Person","@id":"https:\/\/www.eldiario.net\/portal\/#\/schema\/person\/f46445640444750d7d753ccd04ae01b7","name":"Jeanette","image":{"@type":"ImageObject","inLanguage":"es","@id":"https:\/\/secure.gravatar.com\/avatar\/3ea2118a5f7dad2b7138b1187a6b7ee55f160b9968b66013c3a3ef39dd7e5798?s=96&d=mm&r=g","url":"https:\/\/secure.gravatar.com\/avatar\/3ea2118a5f7dad2b7138b1187a6b7ee55f160b9968b66013c3a3ef39dd7e5798?s=96&d=mm&r=g","contentUrl":"https:\/\/secure.gravatar.com\/avatar\/3ea2118a5f7dad2b7138b1187a6b7ee55f160b9968b66013c3a3ef39dd7e5798?s=96&d=mm&r=g","caption":"Jeanette"},"sameAs":["https:\/\/www.eldiario.net\/portal"],"url":"https:\/\/www.eldiario.net\/portal\/author\/jeanette\/"}]}},"_links":{"self":[{"href":"https:\/\/www.eldiario.net\/portal\/wp-json\/wp\/v2\/posts\/281813","targetHints":{"allow":["GET"]}}],"collection":[{"href":"https:\/\/www.eldiario.net\/portal\/wp-json\/wp\/v2\/posts"}],"about":[{"href":"https:\/\/www.eldiario.net\/portal\/wp-json\/wp\/v2\/types\/post"}],"author":[{"embeddable":true,"href":"https:\/\/www.eldiario.net\/portal\/wp-json\/wp\/v2\/users\/1"}],"replies":[{"embeddable":true,"href":"https:\/\/www.eldiario.net\/portal\/wp-json\/wp\/v2\/comments?post=281813"}],"version-history":[{"count":1,"href":"https:\/\/www.eldiario.net\/portal\/wp-json\/wp\/v2\/posts\/281813\/revisions"}],"predecessor-version":[{"id":281815,"href":"https:\/\/www.eldiario.net\/portal\/wp-json\/wp\/v2\/posts\/281813\/revisions\/281815"}],"wp:featuredmedia":[{"embeddable":true,"href":"https:\/\/www.eldiario.net\/portal\/wp-json\/wp\/v2\/media\/281814"}],"wp:attachment":[{"href":"https:\/\/www.eldiario.net\/portal\/wp-json\/wp\/v2\/media?parent=281813"}],"wp:term":[{"taxonomy":"category","embeddable":true,"href":"https:\/\/www.eldiario.net\/portal\/wp-json\/wp\/v2\/categories?post=281813"},{"taxonomy":"post_tag","embeddable":true,"href":"https:\/\/www.eldiario.net\/portal\/wp-json\/wp\/v2\/tags?post=281813"}],"curies":[{"name":"wp","href":"https:\/\/api.w.org\/{rel}","templated":true}]}}