{"id":281807,"date":"2025-02-14T06:04:13","date_gmt":"2025-02-14T10:04:13","guid":{"rendered":"https:\/\/www.eldiario.net\/portal\/?p=281807"},"modified":"2025-02-14T06:04:13","modified_gmt":"2025-02-14T10:04:13","slug":"principales-actos-de-homenaje-seran-en-plaza-24-de-septiembre","status":"publish","type":"post","link":"https:\/\/www.eldiario.net\/portal\/2025\/02\/14\/principales-actos-de-homenaje-seran-en-plaza-24-de-septiembre\/","title":{"rendered":"Principales actos de homenaje  ser\u00e1n en plaza 24 de Septiembre"},"content":{"rendered":"<p>Con el fin de rendir homenaje y participar de los actos conmemorativos a los 200 a\u00f1os de independencia de Santa Cruz, las autoridades de la Gobernaci\u00f3n indicaron que los actos principales se realizar\u00e1n hoy en la plaza 24 de Septiembre.<\/p>\n<p>La secretaria de Gesti\u00f3n Institucional, Patricia Viera, resalt\u00f3 la Ley Departamental 358 que promulg\u00f3 el gobernador en ejercicio, Mario Aguilera, para ensalzar los festejos por los 200 a\u00f1os de independencia de Santa Cruz, con las actividades que se vienen desarrollando desde el pasado a\u00f1o.<\/p>\n<p>\u201cHemos venido trabajando durante todo este tiempo mostrando nuestra historia, luchas, los pr\u00f3ceres, h\u00e9roes notables y los hitos econ\u00f3micos que han permitido que Santa Cruz sea lo que es hoy en d\u00eda\u201d, expres\u00f3.<\/p>\n<p>Indic\u00f3 que los actos protocolares de este 14 de febrero comenzar\u00e1n a las 08:30 horas con el Tedeum en la catedral, luego a las 09:30 se realizar\u00e1 las ofrendas florales y el enarbolamiento de las banderas, donde participar\u00e1 toda la institucionalidad cruce\u00f1a y el pueblo en general como el principal invitado especial.<\/p>\n<p>Para las 11:00 horas est\u00e1 previsto en Casa de Gobierno, la presentaci\u00f3n de un libro conmemorativo por parte de la Sociedad Geogr\u00e1fica, finalmente por la noche se tendr\u00e1 la verbena popular. \u201cInvitamos a la poblaci\u00f3n a participar de todas las actividades, nuestros artistas que van a homenajear a Santa Cruz a trav\u00e9s de su m\u00fasica y de esta manera tambi\u00e9n podemos compartir con la poblaci\u00f3n de esta actividad\u201d, dijo. (Santa Cruz, agencias)<\/p>\n","protected":false},"excerpt":{"rendered":"<p>Con el fin de rendir homenaje y participar de los actos conmemorativos a los 200 a\u00f1os de independencia de Santa Cruz, las autoridades de la Gobernaci\u00f3n indicaron que los actos principales se realizar\u00e1n hoy en la plaza 24 de Septiembre. La secretaria de Gesti\u00f3n Institucional, Patricia Viera, resalt\u00f3 la Ley Departamental 358 que promulg\u00f3 el [&hellip;]<\/p>\n","protected":false},"author":1,"featured_media":281808,"comment_status":"closed","ping_status":"open","sticky":false,"template":"","format":"standard","meta":{"_acf_changed":false,"footnotes":""},"categories":[12],"tags":[],"class_list":["post-281807","post","type-post","status-publish","format-standard","has-post-thumbnail","category-nacional"],"acf":{"antetitulo":"Bicentenario de Santa Cruz"},"yoast_head":"<!-- This site is optimized with the Yoast SEO plugin v28.4 - https:\/\/yoast.com\/product\/yoast-seo-wordpress\/ -->\n<title>Principales actos de homenaje ser\u00e1n en plaza 24 de Septiembre - El Diario - Bolivia<\/title>\n<meta name=\"robots\" content=\"index, follow, max-snippet:-1, max-image-preview:large, max-video-preview:-1\" \/>\n<link rel=\"canonical\" href=\"https:\/\/www.eldiario.net\/portal\/2025\/02\/14\/principales-actos-de-homenaje-seran-en-plaza-24-de-septiembre\/\" \/>\n<meta property=\"og:locale\" content=\"es_ES\" \/>\n<meta property=\"og:type\" content=\"article\" \/>\n<meta property=\"og:title\" content=\"Principales actos de homenaje ser\u00e1n en plaza 24 de Septiembre - El Diario - Bolivia\" \/>\n<meta property=\"og:description\" content=\"Con el fin de rendir homenaje y participar de los actos conmemorativos a los 200 a\u00f1os de independencia de Santa Cruz, las autoridades de la Gobernaci\u00f3n indicaron que los actos principales se realizar\u00e1n hoy en la plaza 24 de Septiembre. La secretaria de Gesti\u00f3n Institucional, Patricia Viera, resalt\u00f3 la Ley Departamental 358 que promulg\u00f3 el [&hellip;]\" \/>\n<meta property=\"og:url\" content=\"https:\/\/www.eldiario.net\/portal\/2025\/02\/14\/principales-actos-de-homenaje-seran-en-plaza-24-de-septiembre\/\" \/>\n<meta property=\"og:site_name\" content=\"El Diario - Bolivia\" \/>\n<meta property=\"article:publisher\" content=\"https:\/\/www.facebook.com\/eldiario.bolivia\/\" \/>\n<meta property=\"article:published_time\" content=\"2025-02-14T10:04:13+00:00\" \/>\n<meta property=\"og:image\" content=\"https:\/\/www.eldiario.net\/portal\/wp-content\/uploads\/2025\/02\/PLAZA-FOTO-1.jpg\" \/>\n\t<meta property=\"og:image:width\" content=\"1600\" \/>\n\t<meta property=\"og:image:height\" content=\"1066\" \/>\n\t<meta property=\"og:image:type\" content=\"image\/jpeg\" \/>\n<meta name=\"author\" content=\"Jeanette\" \/>\n<meta name=\"twitter:card\" content=\"summary_large_image\" \/>\n<meta name=\"twitter:creator\" content=\"@eldiario_net\" \/>\n<meta name=\"twitter:site\" content=\"@eldiario_net\" \/>\n<meta name=\"twitter:label1\" content=\"Escrito por\" \/>\n\t<meta name=\"twitter:data1\" content=\"Jeanette\" \/>\n\t<meta name=\"twitter:label2\" content=\"Tiempo de lectura\" \/>\n\t<meta name=\"twitter:data2\" content=\"2 minutos\" \/>\n<script type=\"application\/ld+json\" class=\"yoast-schema-graph\">{\"@context\":\"https:\\\/\\\/schema.org\",\"@graph\":[{\"@type\":\"Article\",\"@id\":\"https:\\\/\\\/www.eldiario.net\\\/portal\\\/2025\\\/02\\\/14\\\/principales-actos-de-homenaje-seran-en-plaza-24-de-septiembre\\\/#article\",\"isPartOf\":{\"@id\":\"https:\\\/\\\/www.eldiario.net\\\/portal\\\/2025\\\/02\\\/14\\\/principales-actos-de-homenaje-seran-en-plaza-24-de-septiembre\\\/\"},\"author\":{\"name\":\"Jeanette\",\"@id\":\"https:\\\/\\\/www.eldiario.net\\\/portal\\\/#\\\/schema\\\/person\\\/f46445640444750d7d753ccd04ae01b7\"},\"headline\":\"Principales actos de homenaje ser\u00e1n en plaza 24 de Septiembre\",\"datePublished\":\"2025-02-14T10:04:13+00:00\",\"mainEntityOfPage\":{\"@id\":\"https:\\\/\\\/www.eldiario.net\\\/portal\\\/2025\\\/02\\\/14\\\/principales-actos-de-homenaje-seran-en-plaza-24-de-septiembre\\\/\"},\"wordCount\":262,\"publisher\":{\"@id\":\"https:\\\/\\\/www.eldiario.net\\\/portal\\\/#organization\"},\"image\":{\"@id\":\"https:\\\/\\\/www.eldiario.net\\\/portal\\\/2025\\\/02\\\/14\\\/principales-actos-de-homenaje-seran-en-plaza-24-de-septiembre\\\/#primaryimage\"},\"thumbnailUrl\":\"https:\\\/\\\/www.eldiario.net\\\/portal\\\/wp-content\\\/uploads\\\/2025\\\/02\\\/PLAZA-FOTO-1.jpg\",\"articleSection\":[\"Nacional\"],\"inLanguage\":\"es\"},{\"@type\":\"WebPage\",\"@id\":\"https:\\\/\\\/www.eldiario.net\\\/portal\\\/2025\\\/02\\\/14\\\/principales-actos-de-homenaje-seran-en-plaza-24-de-septiembre\\\/\",\"url\":\"https:\\\/\\\/www.eldiario.net\\\/portal\\\/2025\\\/02\\\/14\\\/principales-actos-de-homenaje-seran-en-plaza-24-de-septiembre\\\/\",\"name\":\"Principales actos de homenaje ser\u00e1n en plaza 24 de Septiembre - El Diario - Bolivia\",\"isPartOf\":{\"@id\":\"https:\\\/\\\/www.eldiario.net\\\/portal\\\/#website\"},\"primaryImageOfPage\":{\"@id\":\"https:\\\/\\\/www.eldiario.net\\\/portal\\\/2025\\\/02\\\/14\\\/principales-actos-de-homenaje-seran-en-plaza-24-de-septiembre\\\/#primaryimage\"},\"image\":{\"@id\":\"https:\\\/\\\/www.eldiario.net\\\/portal\\\/2025\\\/02\\\/14\\\/principales-actos-de-homenaje-seran-en-plaza-24-de-septiembre\\\/#primaryimage\"},\"thumbnailUrl\":\"https:\\\/\\\/www.eldiario.net\\\/portal\\\/wp-content\\\/uploads\\\/2025\\\/02\\\/PLAZA-FOTO-1.jpg\",\"datePublished\":\"2025-02-14T10:04:13+00:00\",\"breadcrumb\":{\"@id\":\"https:\\\/\\\/www.eldiario.net\\\/portal\\\/2025\\\/02\\\/14\\\/principales-actos-de-homenaje-seran-en-plaza-24-de-septiembre\\\/#breadcrumb\"},\"inLanguage\":\"es\",\"potentialAction\":[{\"@type\":\"ReadAction\",\"target\":[\"https:\\\/\\\/www.eldiario.net\\\/portal\\\/2025\\\/02\\\/14\\\/principales-actos-de-homenaje-seran-en-plaza-24-de-septiembre\\\/\"]}]},{\"@type\":\"ImageObject\",\"inLanguage\":\"es\",\"@id\":\"https:\\\/\\\/www.eldiario.net\\\/portal\\\/2025\\\/02\\\/14\\\/principales-actos-de-homenaje-seran-en-plaza-24-de-septiembre\\\/#primaryimage\",\"url\":\"https:\\\/\\\/www.eldiario.net\\\/portal\\\/wp-content\\\/uploads\\\/2025\\\/02\\\/PLAZA-FOTO-1.jpg\",\"contentUrl\":\"https:\\\/\\\/www.eldiario.net\\\/portal\\\/wp-content\\\/uploads\\\/2025\\\/02\\\/PLAZA-FOTO-1.jpg\",\"width\":1600,\"height\":1066,\"caption\":\"La secretaria de Gesti\u00f3n Institucional, Patricia Viera. FOTO: GSTC\"},{\"@type\":\"BreadcrumbList\",\"@id\":\"https:\\\/\\\/www.eldiario.net\\\/portal\\\/2025\\\/02\\\/14\\\/principales-actos-de-homenaje-seran-en-plaza-24-de-septiembre\\\/#breadcrumb\",\"itemListElement\":[{\"@type\":\"ListItem\",\"position\":1,\"name\":\"Portada\",\"item\":\"https:\\\/\\\/www.eldiario.net\\\/portal\\\/\"},{\"@type\":\"ListItem\",\"position\":2,\"name\":\"Principales actos de homenaje ser\u00e1n en plaza 24 de Septiembre\"}]},{\"@type\":\"WebSite\",\"@id\":\"https:\\\/\\\/www.eldiario.net\\\/portal\\\/#website\",\"url\":\"https:\\\/\\\/www.eldiario.net\\\/portal\\\/\",\"name\":\"El Diario - Decano de la prensa nacional\",\"description\":\"El Diario - Decano de la prensa nacional\",\"publisher\":{\"@id\":\"https:\\\/\\\/www.eldiario.net\\\/portal\\\/#organization\"},\"potentialAction\":[{\"@type\":\"SearchAction\",\"target\":{\"@type\":\"EntryPoint\",\"urlTemplate\":\"https:\\\/\\\/www.eldiario.net\\\/portal\\\/?s={search_term_string}\"},\"query-input\":{\"@type\":\"PropertyValueSpecification\",\"valueRequired\":true,\"valueName\":\"search_term_string\"}}],\"inLanguage\":\"es\"},{\"@type\":\"Organization\",\"@id\":\"https:\\\/\\\/www.eldiario.net\\\/portal\\\/#organization\",\"name\":\"El Diario - Decano de la prensa nacional\",\"url\":\"https:\\\/\\\/www.eldiario.net\\\/portal\\\/\",\"logo\":{\"@type\":\"ImageObject\",\"inLanguage\":\"es\",\"@id\":\"https:\\\/\\\/www.eldiario.net\\\/portal\\\/#\\\/schema\\\/logo\\\/image\\\/\",\"url\":\"https:\\\/\\\/www.eldiario.net\\\/portal\\\/wp-content\\\/uploads\\\/2023\\\/07\\\/logo_ED.jpg\",\"contentUrl\":\"https:\\\/\\\/www.eldiario.net\\\/portal\\\/wp-content\\\/uploads\\\/2023\\\/07\\\/logo_ED.jpg\",\"width\":272,\"height\":52,\"caption\":\"El Diario - Decano de la prensa nacional\"},\"image\":{\"@id\":\"https:\\\/\\\/www.eldiario.net\\\/portal\\\/#\\\/schema\\\/logo\\\/image\\\/\"},\"sameAs\":[\"https:\\\/\\\/www.facebook.com\\\/eldiario.bolivia\\\/\",\"https:\\\/\\\/x.com\\\/eldiario_net\"]},{\"@type\":\"Person\",\"@id\":\"https:\\\/\\\/www.eldiario.net\\\/portal\\\/#\\\/schema\\\/person\\\/f46445640444750d7d753ccd04ae01b7\",\"name\":\"Jeanette\",\"image\":{\"@type\":\"ImageObject\",\"inLanguage\":\"es\",\"@id\":\"https:\\\/\\\/secure.gravatar.com\\\/avatar\\\/3ea2118a5f7dad2b7138b1187a6b7ee55f160b9968b66013c3a3ef39dd7e5798?s=96&d=mm&r=g\",\"url\":\"https:\\\/\\\/secure.gravatar.com\\\/avatar\\\/3ea2118a5f7dad2b7138b1187a6b7ee55f160b9968b66013c3a3ef39dd7e5798?s=96&d=mm&r=g\",\"contentUrl\":\"https:\\\/\\\/secure.gravatar.com\\\/avatar\\\/3ea2118a5f7dad2b7138b1187a6b7ee55f160b9968b66013c3a3ef39dd7e5798?s=96&d=mm&r=g\",\"caption\":\"Jeanette\"},\"sameAs\":[\"https:\\\/\\\/www.eldiario.net\\\/portal\"],\"url\":\"https:\\\/\\\/www.eldiario.net\\\/portal\\\/author\\\/jeanette\\\/\"}]}<\/script>\n<!-- \/ Yoast SEO plugin. -->","yoast_head_json":{"title":"Principales actos de homenaje ser\u00e1n en plaza 24 de Septiembre - El Diario - Bolivia","robots":{"index":"index","follow":"follow","max-snippet":"max-snippet:-1","max-image-preview":"max-image-preview:large","max-video-preview":"max-video-preview:-1"},"canonical":"https:\/\/www.eldiario.net\/portal\/2025\/02\/14\/principales-actos-de-homenaje-seran-en-plaza-24-de-septiembre\/","og_locale":"es_ES","og_type":"article","og_title":"Principales actos de homenaje ser\u00e1n en plaza 24 de Septiembre - El Diario - Bolivia","og_description":"Con el fin de rendir homenaje y participar de los actos conmemorativos a los 200 a\u00f1os de independencia de Santa Cruz, las autoridades de la Gobernaci\u00f3n indicaron que los actos principales se realizar\u00e1n hoy en la plaza 24 de Septiembre. La secretaria de Gesti\u00f3n Institucional, Patricia Viera, resalt\u00f3 la Ley Departamental 358 que promulg\u00f3 el [&hellip;]","og_url":"https:\/\/www.eldiario.net\/portal\/2025\/02\/14\/principales-actos-de-homenaje-seran-en-plaza-24-de-septiembre\/","og_site_name":"El Diario - Bolivia","article_publisher":"https:\/\/www.facebook.com\/eldiario.bolivia\/","article_published_time":"2025-02-14T10:04:13+00:00","og_image":[{"width":1600,"height":1066,"url":"https:\/\/www.eldiario.net\/portal\/wp-content\/uploads\/2025\/02\/PLAZA-FOTO-1.jpg","type":"image\/jpeg"}],"author":"Jeanette","twitter_card":"summary_large_image","twitter_creator":"@eldiario_net","twitter_site":"@eldiario_net","twitter_misc":{"Escrito por":"Jeanette","Tiempo de lectura":"2 minutos"},"schema":{"@context":"https:\/\/schema.org","@graph":[{"@type":"Article","@id":"https:\/\/www.eldiario.net\/portal\/2025\/02\/14\/principales-actos-de-homenaje-seran-en-plaza-24-de-septiembre\/#article","isPartOf":{"@id":"https:\/\/www.eldiario.net\/portal\/2025\/02\/14\/principales-actos-de-homenaje-seran-en-plaza-24-de-septiembre\/"},"author":{"name":"Jeanette","@id":"https:\/\/www.eldiario.net\/portal\/#\/schema\/person\/f46445640444750d7d753ccd04ae01b7"},"headline":"Principales actos de homenaje ser\u00e1n en plaza 24 de Septiembre","datePublished":"2025-02-14T10:04:13+00:00","mainEntityOfPage":{"@id":"https:\/\/www.eldiario.net\/portal\/2025\/02\/14\/principales-actos-de-homenaje-seran-en-plaza-24-de-septiembre\/"},"wordCount":262,"publisher":{"@id":"https:\/\/www.eldiario.net\/portal\/#organization"},"image":{"@id":"https:\/\/www.eldiario.net\/portal\/2025\/02\/14\/principales-actos-de-homenaje-seran-en-plaza-24-de-septiembre\/#primaryimage"},"thumbnailUrl":"https:\/\/www.eldiario.net\/portal\/wp-content\/uploads\/2025\/02\/PLAZA-FOTO-1.jpg","articleSection":["Nacional"],"inLanguage":"es"},{"@type":"WebPage","@id":"https:\/\/www.eldiario.net\/portal\/2025\/02\/14\/principales-actos-de-homenaje-seran-en-plaza-24-de-septiembre\/","url":"https:\/\/www.eldiario.net\/portal\/2025\/02\/14\/principales-actos-de-homenaje-seran-en-plaza-24-de-septiembre\/","name":"Principales actos de homenaje ser\u00e1n en plaza 24 de Septiembre - El Diario - Bolivia","isPartOf":{"@id":"https:\/\/www.eldiario.net\/portal\/#website"},"primaryImageOfPage":{"@id":"https:\/\/www.eldiario.net\/portal\/2025\/02\/14\/principales-actos-de-homenaje-seran-en-plaza-24-de-septiembre\/#primaryimage"},"image":{"@id":"https:\/\/www.eldiario.net\/portal\/2025\/02\/14\/principales-actos-de-homenaje-seran-en-plaza-24-de-septiembre\/#primaryimage"},"thumbnailUrl":"https:\/\/www.eldiario.net\/portal\/wp-content\/uploads\/2025\/02\/PLAZA-FOTO-1.jpg","datePublished":"2025-02-14T10:04:13+00:00","breadcrumb":{"@id":"https:\/\/www.eldiario.net\/portal\/2025\/02\/14\/principales-actos-de-homenaje-seran-en-plaza-24-de-septiembre\/#breadcrumb"},"inLanguage":"es","potentialAction":[{"@type":"ReadAction","target":["https:\/\/www.eldiario.net\/portal\/2025\/02\/14\/principales-actos-de-homenaje-seran-en-plaza-24-de-septiembre\/"]}]},{"@type":"ImageObject","inLanguage":"es","@id":"https:\/\/www.eldiario.net\/portal\/2025\/02\/14\/principales-actos-de-homenaje-seran-en-plaza-24-de-septiembre\/#primaryimage","url":"https:\/\/www.eldiario.net\/portal\/wp-content\/uploads\/2025\/02\/PLAZA-FOTO-1.jpg","contentUrl":"https:\/\/www.eldiario.net\/portal\/wp-content\/uploads\/2025\/02\/PLAZA-FOTO-1.jpg","width":1600,"height":1066,"caption":"La secretaria de Gesti\u00f3n Institucional, Patricia Viera. FOTO: GSTC"},{"@type":"BreadcrumbList","@id":"https:\/\/www.eldiario.net\/portal\/2025\/02\/14\/principales-actos-de-homenaje-seran-en-plaza-24-de-septiembre\/#breadcrumb","itemListElement":[{"@type":"ListItem","position":1,"name":"Portada","item":"https:\/\/www.eldiario.net\/portal\/"},{"@type":"ListItem","position":2,"name":"Principales actos de homenaje ser\u00e1n en plaza 24 de Septiembre"}]},{"@type":"WebSite","@id":"https:\/\/www.eldiario.net\/portal\/#website","url":"https:\/\/www.eldiario.net\/portal\/","name":"El Diario - Decano de la prensa nacional","description":"El Diario - Decano de la prensa nacional","publisher":{"@id":"https:\/\/www.eldiario.net\/portal\/#organization"},"potentialAction":[{"@type":"SearchAction","target":{"@type":"EntryPoint","urlTemplate":"https:\/\/www.eldiario.net\/portal\/?s={search_term_string}"},"query-input":{"@type":"PropertyValueSpecification","valueRequired":true,"valueName":"search_term_string"}}],"inLanguage":"es"},{"@type":"Organization","@id":"https:\/\/www.eldiario.net\/portal\/#organization","name":"El Diario - Decano de la prensa nacional","url":"https:\/\/www.eldiario.net\/portal\/","logo":{"@type":"ImageObject","inLanguage":"es","@id":"https:\/\/www.eldiario.net\/portal\/#\/schema\/logo\/image\/","url":"https:\/\/www.eldiario.net\/portal\/wp-content\/uploads\/2023\/07\/logo_ED.jpg","contentUrl":"https:\/\/www.eldiario.net\/portal\/wp-content\/uploads\/2023\/07\/logo_ED.jpg","width":272,"height":52,"caption":"El Diario - Decano de la prensa nacional"},"image":{"@id":"https:\/\/www.eldiario.net\/portal\/#\/schema\/logo\/image\/"},"sameAs":["https:\/\/www.facebook.com\/eldiario.bolivia\/","https:\/\/x.com\/eldiario_net"]},{"@type":"Person","@id":"https:\/\/www.eldiario.net\/portal\/#\/schema\/person\/f46445640444750d7d753ccd04ae01b7","name":"Jeanette","image":{"@type":"ImageObject","inLanguage":"es","@id":"https:\/\/secure.gravatar.com\/avatar\/3ea2118a5f7dad2b7138b1187a6b7ee55f160b9968b66013c3a3ef39dd7e5798?s=96&d=mm&r=g","url":"https:\/\/secure.gravatar.com\/avatar\/3ea2118a5f7dad2b7138b1187a6b7ee55f160b9968b66013c3a3ef39dd7e5798?s=96&d=mm&r=g","contentUrl":"https:\/\/secure.gravatar.com\/avatar\/3ea2118a5f7dad2b7138b1187a6b7ee55f160b9968b66013c3a3ef39dd7e5798?s=96&d=mm&r=g","caption":"Jeanette"},"sameAs":["https:\/\/www.eldiario.net\/portal"],"url":"https:\/\/www.eldiario.net\/portal\/author\/jeanette\/"}]}},"_links":{"self":[{"href":"https:\/\/www.eldiario.net\/portal\/wp-json\/wp\/v2\/posts\/281807","targetHints":{"allow":["GET"]}}],"collection":[{"href":"https:\/\/www.eldiario.net\/portal\/wp-json\/wp\/v2\/posts"}],"about":[{"href":"https:\/\/www.eldiario.net\/portal\/wp-json\/wp\/v2\/types\/post"}],"author":[{"embeddable":true,"href":"https:\/\/www.eldiario.net\/portal\/wp-json\/wp\/v2\/users\/1"}],"replies":[{"embeddable":true,"href":"https:\/\/www.eldiario.net\/portal\/wp-json\/wp\/v2\/comments?post=281807"}],"version-history":[{"count":1,"href":"https:\/\/www.eldiario.net\/portal\/wp-json\/wp\/v2\/posts\/281807\/revisions"}],"predecessor-version":[{"id":281809,"href":"https:\/\/www.eldiario.net\/portal\/wp-json\/wp\/v2\/posts\/281807\/revisions\/281809"}],"wp:featuredmedia":[{"embeddable":true,"href":"https:\/\/www.eldiario.net\/portal\/wp-json\/wp\/v2\/media\/281808"}],"wp:attachment":[{"href":"https:\/\/www.eldiario.net\/portal\/wp-json\/wp\/v2\/media?parent=281807"}],"wp:term":[{"taxonomy":"category","embeddable":true,"href":"https:\/\/www.eldiario.net\/portal\/wp-json\/wp\/v2\/categories?post=281807"},{"taxonomy":"post_tag","embeddable":true,"href":"https:\/\/www.eldiario.net\/portal\/wp-json\/wp\/v2\/tags?post=281807"}],"curies":[{"name":"wp","href":"https:\/\/api.w.org\/{rel}","templated":true}]}}