{"id":281584,"date":"2025-02-13T10:57:55","date_gmt":"2025-02-13T14:57:55","guid":{"rendered":"https:\/\/www.eldiario.net\/portal\/?p=281584"},"modified":"2025-02-13T10:57:55","modified_gmt":"2025-02-13T14:57:55","slug":"carniceros-inician-protestas-en-la-paz-y-anuncian-mas-movilizaciones-1055","status":"publish","type":"post","link":"https:\/\/www.eldiario.net\/portal\/2025\/02\/13\/carniceros-inician-protestas-en-la-paz-y-anuncian-mas-movilizaciones-1055\/","title":{"rendered":"Carniceros inician protestas en La Paz y anuncian m\u00e1s movilizaciones. (10:55)"},"content":{"rendered":"<p>Un mitin de la Federaci\u00f3n de Carniceros de La Paz (FEDECAR) cerr\u00f3 el paso vehicular en el carril de bajada de la avenida Mariscal Santa Cruz, esquina calle Oruro, frente al Centro de Comunicaciones. La protesta se dio en rechazo al alza del precio del kilo gancho de carne, que supera los 38 bolivianos, y al contrabando de ganado en pie, que estar\u00eda generando escasez en el mercado.<\/p>\n<p>El dirigente del sector, Jorge Choque, advirti\u00f3 que las movilizaciones continuar\u00e1n hasta que se encuentre una soluci\u00f3n definitiva, ya que por el alto costo del producto la ciudadan\u00eda se ve imposibilitada de comprar el alimento en la misma cantidad y la frecuencia que antes. Pese a los acuerdos con el Gobierno y el veto a la exportaci\u00f3n de carne que lleva m\u00e1s de una semana, los carniceros denuncian que el precio no ha mostrado ninguna reducci\u00f3n.<\/p>\n","protected":false},"excerpt":{"rendered":"<p>Un mitin de la Federaci\u00f3n de Carniceros de La Paz (FEDECAR) cerr\u00f3 el paso vehicular en el carril de bajada de la avenida Mariscal Santa Cruz, esquina calle Oruro, frente al Centro de Comunicaciones. La protesta se dio en rechazo al alza del precio del kilo gancho de carne, que supera los 38 bolivianos, y [&hellip;]<\/p>\n","protected":false},"author":7,"featured_media":281585,"comment_status":"closed","ping_status":"open","sticky":false,"template":"","format":"standard","meta":{"_acf_changed":false,"footnotes":""},"categories":[51],"tags":[],"class_list":["post-281584","post","type-post","status-publish","format-standard","has-post-thumbnail","category-ultima-hora"],"acf":{"antetitulo":""},"yoast_head":"<!-- This site is optimized with the Yoast SEO plugin v28.4 - https:\/\/yoast.com\/product\/yoast-seo-wordpress\/ -->\n<title>Carniceros inician protestas en La Paz y anuncian m\u00e1s movilizaciones. (10:55) - El Diario - Bolivia<\/title>\n<meta name=\"robots\" content=\"index, follow, max-snippet:-1, max-image-preview:large, max-video-preview:-1\" \/>\n<link rel=\"canonical\" href=\"https:\/\/www.eldiario.net\/portal\/2025\/02\/13\/carniceros-inician-protestas-en-la-paz-y-anuncian-mas-movilizaciones-1055\/\" \/>\n<meta property=\"og:locale\" content=\"es_ES\" \/>\n<meta property=\"og:type\" content=\"article\" \/>\n<meta property=\"og:title\" content=\"Carniceros inician protestas en La Paz y anuncian m\u00e1s movilizaciones. (10:55) - El Diario - Bolivia\" \/>\n<meta property=\"og:description\" content=\"Un mitin de la Federaci\u00f3n de Carniceros de La Paz (FEDECAR) cerr\u00f3 el paso vehicular en el carril de bajada de la avenida Mariscal Santa Cruz, esquina calle Oruro, frente al Centro de Comunicaciones. La protesta se dio en rechazo al alza del precio del kilo gancho de carne, que supera los 38 bolivianos, y [&hellip;]\" \/>\n<meta property=\"og:url\" content=\"https:\/\/www.eldiario.net\/portal\/2025\/02\/13\/carniceros-inician-protestas-en-la-paz-y-anuncian-mas-movilizaciones-1055\/\" \/>\n<meta property=\"og:site_name\" content=\"El Diario - Bolivia\" \/>\n<meta property=\"article:publisher\" content=\"https:\/\/www.facebook.com\/eldiario.bolivia\/\" \/>\n<meta property=\"article:published_time\" content=\"2025-02-13T14:57:55+00:00\" \/>\n<meta property=\"og:image\" content=\"https:\/\/www.eldiario.net\/portal\/wp-content\/uploads\/2025\/02\/fedecar-e1739458587966.jpg\" \/>\n\t<meta property=\"og:image:width\" content=\"380\" \/>\n\t<meta property=\"og:image:height\" content=\"214\" \/>\n\t<meta property=\"og:image:type\" content=\"image\/jpeg\" \/>\n<meta name=\"author\" content=\"Viviana Monrroy\" \/>\n<meta name=\"twitter:card\" content=\"summary_large_image\" \/>\n<meta name=\"twitter:creator\" content=\"@eldiario_net\" \/>\n<meta name=\"twitter:site\" content=\"@eldiario_net\" \/>\n<meta name=\"twitter:label1\" content=\"Escrito por\" \/>\n\t<meta name=\"twitter:data1\" content=\"Viviana Monrroy\" \/>\n\t<meta name=\"twitter:label2\" content=\"Tiempo de lectura\" \/>\n\t<meta name=\"twitter:data2\" content=\"1 minuto\" \/>\n<script type=\"application\/ld+json\" class=\"yoast-schema-graph\">{\"@context\":\"https:\\\/\\\/schema.org\",\"@graph\":[{\"@type\":\"Article\",\"@id\":\"https:\\\/\\\/www.eldiario.net\\\/portal\\\/2025\\\/02\\\/13\\\/carniceros-inician-protestas-en-la-paz-y-anuncian-mas-movilizaciones-1055\\\/#article\",\"isPartOf\":{\"@id\":\"https:\\\/\\\/www.eldiario.net\\\/portal\\\/2025\\\/02\\\/13\\\/carniceros-inician-protestas-en-la-paz-y-anuncian-mas-movilizaciones-1055\\\/\"},\"author\":{\"name\":\"Viviana Monrroy\",\"@id\":\"https:\\\/\\\/www.eldiario.net\\\/portal\\\/#\\\/schema\\\/person\\\/32cc89e801dfcbad3a54f91da7f2ea06\"},\"headline\":\"Carniceros inician protestas en La Paz y anuncian m\u00e1s movilizaciones. (10:55)\",\"datePublished\":\"2025-02-13T14:57:55+00:00\",\"mainEntityOfPage\":{\"@id\":\"https:\\\/\\\/www.eldiario.net\\\/portal\\\/2025\\\/02\\\/13\\\/carniceros-inician-protestas-en-la-paz-y-anuncian-mas-movilizaciones-1055\\\/\"},\"wordCount\":162,\"publisher\":{\"@id\":\"https:\\\/\\\/www.eldiario.net\\\/portal\\\/#organization\"},\"image\":{\"@id\":\"https:\\\/\\\/www.eldiario.net\\\/portal\\\/2025\\\/02\\\/13\\\/carniceros-inician-protestas-en-la-paz-y-anuncian-mas-movilizaciones-1055\\\/#primaryimage\"},\"thumbnailUrl\":\"https:\\\/\\\/www.eldiario.net\\\/portal\\\/wp-content\\\/uploads\\\/2025\\\/02\\\/fedecar-e1739458587966.jpg\",\"articleSection\":[\"\u00daltima Hora\"],\"inLanguage\":\"es\"},{\"@type\":\"WebPage\",\"@id\":\"https:\\\/\\\/www.eldiario.net\\\/portal\\\/2025\\\/02\\\/13\\\/carniceros-inician-protestas-en-la-paz-y-anuncian-mas-movilizaciones-1055\\\/\",\"url\":\"https:\\\/\\\/www.eldiario.net\\\/portal\\\/2025\\\/02\\\/13\\\/carniceros-inician-protestas-en-la-paz-y-anuncian-mas-movilizaciones-1055\\\/\",\"name\":\"Carniceros inician protestas en La Paz y anuncian m\u00e1s movilizaciones. (10:55) - El Diario - Bolivia\",\"isPartOf\":{\"@id\":\"https:\\\/\\\/www.eldiario.net\\\/portal\\\/#website\"},\"primaryImageOfPage\":{\"@id\":\"https:\\\/\\\/www.eldiario.net\\\/portal\\\/2025\\\/02\\\/13\\\/carniceros-inician-protestas-en-la-paz-y-anuncian-mas-movilizaciones-1055\\\/#primaryimage\"},\"image\":{\"@id\":\"https:\\\/\\\/www.eldiario.net\\\/portal\\\/2025\\\/02\\\/13\\\/carniceros-inician-protestas-en-la-paz-y-anuncian-mas-movilizaciones-1055\\\/#primaryimage\"},\"thumbnailUrl\":\"https:\\\/\\\/www.eldiario.net\\\/portal\\\/wp-content\\\/uploads\\\/2025\\\/02\\\/fedecar-e1739458587966.jpg\",\"datePublished\":\"2025-02-13T14:57:55+00:00\",\"breadcrumb\":{\"@id\":\"https:\\\/\\\/www.eldiario.net\\\/portal\\\/2025\\\/02\\\/13\\\/carniceros-inician-protestas-en-la-paz-y-anuncian-mas-movilizaciones-1055\\\/#breadcrumb\"},\"inLanguage\":\"es\",\"potentialAction\":[{\"@type\":\"ReadAction\",\"target\":[\"https:\\\/\\\/www.eldiario.net\\\/portal\\\/2025\\\/02\\\/13\\\/carniceros-inician-protestas-en-la-paz-y-anuncian-mas-movilizaciones-1055\\\/\"]}]},{\"@type\":\"ImageObject\",\"inLanguage\":\"es\",\"@id\":\"https:\\\/\\\/www.eldiario.net\\\/portal\\\/2025\\\/02\\\/13\\\/carniceros-inician-protestas-en-la-paz-y-anuncian-mas-movilizaciones-1055\\\/#primaryimage\",\"url\":\"https:\\\/\\\/www.eldiario.net\\\/portal\\\/wp-content\\\/uploads\\\/2025\\\/02\\\/fedecar-e1739458587966.jpg\",\"contentUrl\":\"https:\\\/\\\/www.eldiario.net\\\/portal\\\/wp-content\\\/uploads\\\/2025\\\/02\\\/fedecar-e1739458587966.jpg\",\"width\":380,\"height\":214},{\"@type\":\"BreadcrumbList\",\"@id\":\"https:\\\/\\\/www.eldiario.net\\\/portal\\\/2025\\\/02\\\/13\\\/carniceros-inician-protestas-en-la-paz-y-anuncian-mas-movilizaciones-1055\\\/#breadcrumb\",\"itemListElement\":[{\"@type\":\"ListItem\",\"position\":1,\"name\":\"Portada\",\"item\":\"https:\\\/\\\/www.eldiario.net\\\/portal\\\/\"},{\"@type\":\"ListItem\",\"position\":2,\"name\":\"Carniceros inician protestas en La Paz y anuncian m\u00e1s movilizaciones. (10:55)\"}]},{\"@type\":\"WebSite\",\"@id\":\"https:\\\/\\\/www.eldiario.net\\\/portal\\\/#website\",\"url\":\"https:\\\/\\\/www.eldiario.net\\\/portal\\\/\",\"name\":\"El Diario - Decano de la prensa nacional\",\"description\":\"El Diario - Decano de la prensa nacional\",\"publisher\":{\"@id\":\"https:\\\/\\\/www.eldiario.net\\\/portal\\\/#organization\"},\"potentialAction\":[{\"@type\":\"SearchAction\",\"target\":{\"@type\":\"EntryPoint\",\"urlTemplate\":\"https:\\\/\\\/www.eldiario.net\\\/portal\\\/?s={search_term_string}\"},\"query-input\":{\"@type\":\"PropertyValueSpecification\",\"valueRequired\":true,\"valueName\":\"search_term_string\"}}],\"inLanguage\":\"es\"},{\"@type\":\"Organization\",\"@id\":\"https:\\\/\\\/www.eldiario.net\\\/portal\\\/#organization\",\"name\":\"El Diario - Decano de la prensa nacional\",\"url\":\"https:\\\/\\\/www.eldiario.net\\\/portal\\\/\",\"logo\":{\"@type\":\"ImageObject\",\"inLanguage\":\"es\",\"@id\":\"https:\\\/\\\/www.eldiario.net\\\/portal\\\/#\\\/schema\\\/logo\\\/image\\\/\",\"url\":\"https:\\\/\\\/www.eldiario.net\\\/portal\\\/wp-content\\\/uploads\\\/2023\\\/07\\\/logo_ED.jpg\",\"contentUrl\":\"https:\\\/\\\/www.eldiario.net\\\/portal\\\/wp-content\\\/uploads\\\/2023\\\/07\\\/logo_ED.jpg\",\"width\":272,\"height\":52,\"caption\":\"El Diario - Decano de la prensa nacional\"},\"image\":{\"@id\":\"https:\\\/\\\/www.eldiario.net\\\/portal\\\/#\\\/schema\\\/logo\\\/image\\\/\"},\"sameAs\":[\"https:\\\/\\\/www.facebook.com\\\/eldiario.bolivia\\\/\",\"https:\\\/\\\/x.com\\\/eldiario_net\"]},{\"@type\":\"Person\",\"@id\":\"https:\\\/\\\/www.eldiario.net\\\/portal\\\/#\\\/schema\\\/person\\\/32cc89e801dfcbad3a54f91da7f2ea06\",\"name\":\"Viviana Monrroy\",\"image\":{\"@type\":\"ImageObject\",\"inLanguage\":\"es\",\"@id\":\"https:\\\/\\\/secure.gravatar.com\\\/avatar\\\/dfd1611ed5600959a0e5a9754503b6c05d1dcf190010998e0363aee2ad98afca?s=96&d=mm&r=g\",\"url\":\"https:\\\/\\\/secure.gravatar.com\\\/avatar\\\/dfd1611ed5600959a0e5a9754503b6c05d1dcf190010998e0363aee2ad98afca?s=96&d=mm&r=g\",\"contentUrl\":\"https:\\\/\\\/secure.gravatar.com\\\/avatar\\\/dfd1611ed5600959a0e5a9754503b6c05d1dcf190010998e0363aee2ad98afca?s=96&d=mm&r=g\",\"caption\":\"Viviana Monrroy\"},\"sameAs\":[\"http:\\\/\\\/www.eldiario.net\"],\"url\":\"https:\\\/\\\/www.eldiario.net\\\/portal\\\/author\\\/vivianamonrroy\\\/\"}]}<\/script>\n<!-- \/ Yoast SEO plugin. -->","yoast_head_json":{"title":"Carniceros inician protestas en La Paz y anuncian m\u00e1s movilizaciones. (10:55) - El Diario - Bolivia","robots":{"index":"index","follow":"follow","max-snippet":"max-snippet:-1","max-image-preview":"max-image-preview:large","max-video-preview":"max-video-preview:-1"},"canonical":"https:\/\/www.eldiario.net\/portal\/2025\/02\/13\/carniceros-inician-protestas-en-la-paz-y-anuncian-mas-movilizaciones-1055\/","og_locale":"es_ES","og_type":"article","og_title":"Carniceros inician protestas en La Paz y anuncian m\u00e1s movilizaciones. (10:55) - El Diario - Bolivia","og_description":"Un mitin de la Federaci\u00f3n de Carniceros de La Paz (FEDECAR) cerr\u00f3 el paso vehicular en el carril de bajada de la avenida Mariscal Santa Cruz, esquina calle Oruro, frente al Centro de Comunicaciones. La protesta se dio en rechazo al alza del precio del kilo gancho de carne, que supera los 38 bolivianos, y [&hellip;]","og_url":"https:\/\/www.eldiario.net\/portal\/2025\/02\/13\/carniceros-inician-protestas-en-la-paz-y-anuncian-mas-movilizaciones-1055\/","og_site_name":"El Diario - Bolivia","article_publisher":"https:\/\/www.facebook.com\/eldiario.bolivia\/","article_published_time":"2025-02-13T14:57:55+00:00","og_image":[{"width":380,"height":214,"url":"https:\/\/www.eldiario.net\/portal\/wp-content\/uploads\/2025\/02\/fedecar-e1739458587966.jpg","type":"image\/jpeg"}],"author":"Viviana Monrroy","twitter_card":"summary_large_image","twitter_creator":"@eldiario_net","twitter_site":"@eldiario_net","twitter_misc":{"Escrito por":"Viviana Monrroy","Tiempo de lectura":"1 minuto"},"schema":{"@context":"https:\/\/schema.org","@graph":[{"@type":"Article","@id":"https:\/\/www.eldiario.net\/portal\/2025\/02\/13\/carniceros-inician-protestas-en-la-paz-y-anuncian-mas-movilizaciones-1055\/#article","isPartOf":{"@id":"https:\/\/www.eldiario.net\/portal\/2025\/02\/13\/carniceros-inician-protestas-en-la-paz-y-anuncian-mas-movilizaciones-1055\/"},"author":{"name":"Viviana Monrroy","@id":"https:\/\/www.eldiario.net\/portal\/#\/schema\/person\/32cc89e801dfcbad3a54f91da7f2ea06"},"headline":"Carniceros inician protestas en La Paz y anuncian m\u00e1s movilizaciones. (10:55)","datePublished":"2025-02-13T14:57:55+00:00","mainEntityOfPage":{"@id":"https:\/\/www.eldiario.net\/portal\/2025\/02\/13\/carniceros-inician-protestas-en-la-paz-y-anuncian-mas-movilizaciones-1055\/"},"wordCount":162,"publisher":{"@id":"https:\/\/www.eldiario.net\/portal\/#organization"},"image":{"@id":"https:\/\/www.eldiario.net\/portal\/2025\/02\/13\/carniceros-inician-protestas-en-la-paz-y-anuncian-mas-movilizaciones-1055\/#primaryimage"},"thumbnailUrl":"https:\/\/www.eldiario.net\/portal\/wp-content\/uploads\/2025\/02\/fedecar-e1739458587966.jpg","articleSection":["\u00daltima Hora"],"inLanguage":"es"},{"@type":"WebPage","@id":"https:\/\/www.eldiario.net\/portal\/2025\/02\/13\/carniceros-inician-protestas-en-la-paz-y-anuncian-mas-movilizaciones-1055\/","url":"https:\/\/www.eldiario.net\/portal\/2025\/02\/13\/carniceros-inician-protestas-en-la-paz-y-anuncian-mas-movilizaciones-1055\/","name":"Carniceros inician protestas en La Paz y anuncian m\u00e1s movilizaciones. (10:55) - El Diario - Bolivia","isPartOf":{"@id":"https:\/\/www.eldiario.net\/portal\/#website"},"primaryImageOfPage":{"@id":"https:\/\/www.eldiario.net\/portal\/2025\/02\/13\/carniceros-inician-protestas-en-la-paz-y-anuncian-mas-movilizaciones-1055\/#primaryimage"},"image":{"@id":"https:\/\/www.eldiario.net\/portal\/2025\/02\/13\/carniceros-inician-protestas-en-la-paz-y-anuncian-mas-movilizaciones-1055\/#primaryimage"},"thumbnailUrl":"https:\/\/www.eldiario.net\/portal\/wp-content\/uploads\/2025\/02\/fedecar-e1739458587966.jpg","datePublished":"2025-02-13T14:57:55+00:00","breadcrumb":{"@id":"https:\/\/www.eldiario.net\/portal\/2025\/02\/13\/carniceros-inician-protestas-en-la-paz-y-anuncian-mas-movilizaciones-1055\/#breadcrumb"},"inLanguage":"es","potentialAction":[{"@type":"ReadAction","target":["https:\/\/www.eldiario.net\/portal\/2025\/02\/13\/carniceros-inician-protestas-en-la-paz-y-anuncian-mas-movilizaciones-1055\/"]}]},{"@type":"ImageObject","inLanguage":"es","@id":"https:\/\/www.eldiario.net\/portal\/2025\/02\/13\/carniceros-inician-protestas-en-la-paz-y-anuncian-mas-movilizaciones-1055\/#primaryimage","url":"https:\/\/www.eldiario.net\/portal\/wp-content\/uploads\/2025\/02\/fedecar-e1739458587966.jpg","contentUrl":"https:\/\/www.eldiario.net\/portal\/wp-content\/uploads\/2025\/02\/fedecar-e1739458587966.jpg","width":380,"height":214},{"@type":"BreadcrumbList","@id":"https:\/\/www.eldiario.net\/portal\/2025\/02\/13\/carniceros-inician-protestas-en-la-paz-y-anuncian-mas-movilizaciones-1055\/#breadcrumb","itemListElement":[{"@type":"ListItem","position":1,"name":"Portada","item":"https:\/\/www.eldiario.net\/portal\/"},{"@type":"ListItem","position":2,"name":"Carniceros inician protestas en La Paz y anuncian m\u00e1s movilizaciones. (10:55)"}]},{"@type":"WebSite","@id":"https:\/\/www.eldiario.net\/portal\/#website","url":"https:\/\/www.eldiario.net\/portal\/","name":"El Diario - Decano de la prensa nacional","description":"El Diario - Decano de la prensa nacional","publisher":{"@id":"https:\/\/www.eldiario.net\/portal\/#organization"},"potentialAction":[{"@type":"SearchAction","target":{"@type":"EntryPoint","urlTemplate":"https:\/\/www.eldiario.net\/portal\/?s={search_term_string}"},"query-input":{"@type":"PropertyValueSpecification","valueRequired":true,"valueName":"search_term_string"}}],"inLanguage":"es"},{"@type":"Organization","@id":"https:\/\/www.eldiario.net\/portal\/#organization","name":"El Diario - Decano de la prensa nacional","url":"https:\/\/www.eldiario.net\/portal\/","logo":{"@type":"ImageObject","inLanguage":"es","@id":"https:\/\/www.eldiario.net\/portal\/#\/schema\/logo\/image\/","url":"https:\/\/www.eldiario.net\/portal\/wp-content\/uploads\/2023\/07\/logo_ED.jpg","contentUrl":"https:\/\/www.eldiario.net\/portal\/wp-content\/uploads\/2023\/07\/logo_ED.jpg","width":272,"height":52,"caption":"El Diario - Decano de la prensa nacional"},"image":{"@id":"https:\/\/www.eldiario.net\/portal\/#\/schema\/logo\/image\/"},"sameAs":["https:\/\/www.facebook.com\/eldiario.bolivia\/","https:\/\/x.com\/eldiario_net"]},{"@type":"Person","@id":"https:\/\/www.eldiario.net\/portal\/#\/schema\/person\/32cc89e801dfcbad3a54f91da7f2ea06","name":"Viviana Monrroy","image":{"@type":"ImageObject","inLanguage":"es","@id":"https:\/\/secure.gravatar.com\/avatar\/dfd1611ed5600959a0e5a9754503b6c05d1dcf190010998e0363aee2ad98afca?s=96&d=mm&r=g","url":"https:\/\/secure.gravatar.com\/avatar\/dfd1611ed5600959a0e5a9754503b6c05d1dcf190010998e0363aee2ad98afca?s=96&d=mm&r=g","contentUrl":"https:\/\/secure.gravatar.com\/avatar\/dfd1611ed5600959a0e5a9754503b6c05d1dcf190010998e0363aee2ad98afca?s=96&d=mm&r=g","caption":"Viviana Monrroy"},"sameAs":["http:\/\/www.eldiario.net"],"url":"https:\/\/www.eldiario.net\/portal\/author\/vivianamonrroy\/"}]}},"_links":{"self":[{"href":"https:\/\/www.eldiario.net\/portal\/wp-json\/wp\/v2\/posts\/281584","targetHints":{"allow":["GET"]}}],"collection":[{"href":"https:\/\/www.eldiario.net\/portal\/wp-json\/wp\/v2\/posts"}],"about":[{"href":"https:\/\/www.eldiario.net\/portal\/wp-json\/wp\/v2\/types\/post"}],"author":[{"embeddable":true,"href":"https:\/\/www.eldiario.net\/portal\/wp-json\/wp\/v2\/users\/7"}],"replies":[{"embeddable":true,"href":"https:\/\/www.eldiario.net\/portal\/wp-json\/wp\/v2\/comments?post=281584"}],"version-history":[{"count":1,"href":"https:\/\/www.eldiario.net\/portal\/wp-json\/wp\/v2\/posts\/281584\/revisions"}],"predecessor-version":[{"id":281586,"href":"https:\/\/www.eldiario.net\/portal\/wp-json\/wp\/v2\/posts\/281584\/revisions\/281586"}],"wp:featuredmedia":[{"embeddable":true,"href":"https:\/\/www.eldiario.net\/portal\/wp-json\/wp\/v2\/media\/281585"}],"wp:attachment":[{"href":"https:\/\/www.eldiario.net\/portal\/wp-json\/wp\/v2\/media?parent=281584"}],"wp:term":[{"taxonomy":"category","embeddable":true,"href":"https:\/\/www.eldiario.net\/portal\/wp-json\/wp\/v2\/categories?post=281584"},{"taxonomy":"post_tag","embeddable":true,"href":"https:\/\/www.eldiario.net\/portal\/wp-json\/wp\/v2\/tags?post=281584"}],"curies":[{"name":"wp","href":"https:\/\/api.w.org\/{rel}","templated":true}]}}