{"id":281567,"date":"2025-02-13T06:45:02","date_gmt":"2025-02-13T10:45:02","guid":{"rendered":"https:\/\/www.eldiario.net\/portal\/?p=281567"},"modified":"2025-02-13T06:45:02","modified_gmt":"2025-02-13T10:45:02","slug":"nacional-indoor-culmina-con-exitosas-marcas-y-campeones","status":"publish","type":"post","link":"https:\/\/www.eldiario.net\/portal\/2025\/02\/13\/nacional-indoor-culmina-con-exitosas-marcas-y-campeones\/","title":{"rendered":"Nacional Indoor culmina con exitosas marcas y campeones"},"content":{"rendered":"<p>Los deportistas David Ninavia, Benita Parra, Cecilia G\u00f3mez y Valeria Quispe destacaron en el torneo nacional Indoor, categor\u00eda Mayores, celebrado en Cochabamba, donde estos cuatro competidores ganaron, cada uno, dos medallas, en las pruebas de 1.500, 3.000, 400 metros, 800 metros, salto largo y salto triple.<\/p>\n<div dir=\"auto\"><\/div>\n<div dir=\"auto\">Ninavia (Oruro) fue el campe\u00f3n nacional en los 1.500 metros, con un registro de 3.55.03, que pas\u00f3 a ser el nuevo r\u00e9cord nacional. Sin embargo, \u00e9sta fue una de las dos alegr\u00edas que tendr\u00eda el corredor orure\u00f1o, ya que fue el vencedor en los 3.000 metros con 8.33.01.<\/div>\n<div dir=\"auto\"><\/div>\n<div dir=\"auto\">En la rama femenina, en estas mismas distancias, Parra fue la campeona nacional, otorg\u00e1ndole a Cochabamba el oro. En los 1.500 metros complet\u00f3 el evento con 4.36.91 y en 3.000 su acumulado fue de 10.27.80.<\/div>\n<div dir=\"auto\"><\/div>\n<div dir=\"auto\">La cochabambina G\u00f3mez, por su lado, tambi\u00e9n se qued\u00f3 con dos medallas de oro: 400 metros planos con un tiempo de 56.32 y en 800 metros con 2.14.00.<\/div>\n<div dir=\"auto\"><\/div>\n<div dir=\"auto\">Quispe sigue ampliando su hegemon\u00eda en las pruebas de salto, en largo fue la n\u00famero uno con un registro de 5.79 metros y en triple alcanz\u00f3 el primer sitio con 12.99 metros.<\/div>\n<div dir=\"auto\"><\/div>\n<div dir=\"auto\">En las dem\u00e1s pruebas tambi\u00e9n sobresalieron los siguientes atletas: Guadalupe T\u00f3rrez (Santa Cruz) en los 60 metros con 07.38; Alinny Delgadillo (Santa Cruz) en los 200 metros con 24.30, siendo nuevo r\u00e9cord nacional. Tambi\u00e9n le dio oro a Santa Cruz, Aldo Gonz\u00e1les en lanzamiento de bala con 15.00 y \u00c1ngela Castro (La Paz) fue la vencedora en marcha atl\u00e9tica (5K) con 23.00.39.<\/div>\n<div dir=\"auto\"><\/div>\n<div dir=\"auto\">CLASIFICACI\u00d3N GENERAL<\/div>\n<div dir=\"auto\">Santa Cruz fue el ganador de este torneo, categor\u00eda Mayores, a nivel de asociaciones con un puntaje de 232 unidades, escoltado por: Cochabamba con 227 y Tarija con 70. Entre tanto, en U-20, la delegaci\u00f3n cruce\u00f1a repiti\u00f3 el primer lugar con 227, Cochabamba qued\u00f3 en el segundo sitio con 141 y La Paz fue tercera con 116.<\/div>\n","protected":false},"excerpt":{"rendered":"<p>Los deportistas David Ninavia, Benita Parra, Cecilia G\u00f3mez y Valeria Quispe destacaron en el torneo nacional Indoor, categor\u00eda Mayores, celebrado en Cochabamba, donde estos cuatro competidores ganaron, cada uno, dos medallas, en las pruebas de 1.500, 3.000, 400 metros, 800 metros, salto largo y salto triple. Ninavia (Oruro) fue el campe\u00f3n nacional en los 1.500 [&hellip;]<\/p>\n","protected":false},"author":1,"featured_media":281568,"comment_status":"closed","ping_status":"open","sticky":false,"template":"","format":"standard","meta":{"_acf_changed":false,"footnotes":""},"categories":[6],"tags":[],"class_list":["post-281567","post","type-post","status-publish","format-standard","has-post-thumbnail","category-deportes"],"acf":{"antetitulo":""},"yoast_head":"<!-- This site is optimized with the Yoast SEO plugin v28.4 - https:\/\/yoast.com\/product\/yoast-seo-wordpress\/ -->\n<title>Nacional Indoor culmina con exitosas marcas y campeones - El Diario - Bolivia<\/title>\n<meta name=\"robots\" content=\"index, follow, max-snippet:-1, max-image-preview:large, max-video-preview:-1\" \/>\n<link rel=\"canonical\" href=\"https:\/\/www.eldiario.net\/portal\/2025\/02\/13\/nacional-indoor-culmina-con-exitosas-marcas-y-campeones\/\" \/>\n<meta property=\"og:locale\" content=\"es_ES\" \/>\n<meta property=\"og:type\" content=\"article\" \/>\n<meta property=\"og:title\" content=\"Nacional Indoor culmina con exitosas marcas y campeones - El Diario - Bolivia\" \/>\n<meta property=\"og:description\" content=\"Los deportistas David Ninavia, Benita Parra, Cecilia G\u00f3mez y Valeria Quispe destacaron en el torneo nacional Indoor, categor\u00eda Mayores, celebrado en Cochabamba, donde estos cuatro competidores ganaron, cada uno, dos medallas, en las pruebas de 1.500, 3.000, 400 metros, 800 metros, salto largo y salto triple. Ninavia (Oruro) fue el campe\u00f3n nacional en los 1.500 [&hellip;]\" \/>\n<meta property=\"og:url\" content=\"https:\/\/www.eldiario.net\/portal\/2025\/02\/13\/nacional-indoor-culmina-con-exitosas-marcas-y-campeones\/\" \/>\n<meta property=\"og:site_name\" content=\"El Diario - Bolivia\" \/>\n<meta property=\"article:publisher\" content=\"https:\/\/www.facebook.com\/eldiario.bolivia\/\" \/>\n<meta property=\"article:published_time\" content=\"2025-02-13T10:45:02+00:00\" \/>\n<meta property=\"og:image\" content=\"https:\/\/www.eldiario.net\/portal\/wp-content\/uploads\/2025\/02\/FB_IMG_1739424927806.jpg\" \/>\n\t<meta property=\"og:image:width\" content=\"1080\" \/>\n\t<meta property=\"og:image:height\" content=\"487\" \/>\n\t<meta property=\"og:image:type\" content=\"image\/jpeg\" \/>\n<meta name=\"author\" content=\"Jeanette\" \/>\n<meta name=\"twitter:card\" content=\"summary_large_image\" \/>\n<meta name=\"twitter:creator\" content=\"@eldiario_net\" \/>\n<meta name=\"twitter:site\" content=\"@eldiario_net\" \/>\n<meta name=\"twitter:label1\" content=\"Escrito por\" \/>\n\t<meta name=\"twitter:data1\" content=\"Jeanette\" \/>\n\t<meta name=\"twitter:label2\" content=\"Tiempo de lectura\" \/>\n\t<meta name=\"twitter:data2\" content=\"2 minutos\" \/>\n<script type=\"application\/ld+json\" class=\"yoast-schema-graph\">{\"@context\":\"https:\\\/\\\/schema.org\",\"@graph\":[{\"@type\":\"Article\",\"@id\":\"https:\\\/\\\/www.eldiario.net\\\/portal\\\/2025\\\/02\\\/13\\\/nacional-indoor-culmina-con-exitosas-marcas-y-campeones\\\/#article\",\"isPartOf\":{\"@id\":\"https:\\\/\\\/www.eldiario.net\\\/portal\\\/2025\\\/02\\\/13\\\/nacional-indoor-culmina-con-exitosas-marcas-y-campeones\\\/\"},\"author\":{\"name\":\"Jeanette\",\"@id\":\"https:\\\/\\\/www.eldiario.net\\\/portal\\\/#\\\/schema\\\/person\\\/2c57cf2b7a7ae032e449e4c9b1019eac\"},\"headline\":\"Nacional Indoor culmina con exitosas marcas y campeones\",\"datePublished\":\"2025-02-13T10:45:02+00:00\",\"mainEntityOfPage\":{\"@id\":\"https:\\\/\\\/www.eldiario.net\\\/portal\\\/2025\\\/02\\\/13\\\/nacional-indoor-culmina-con-exitosas-marcas-y-campeones\\\/\"},\"wordCount\":311,\"publisher\":{\"@id\":\"https:\\\/\\\/www.eldiario.net\\\/portal\\\/#organization\"},\"image\":{\"@id\":\"https:\\\/\\\/www.eldiario.net\\\/portal\\\/2025\\\/02\\\/13\\\/nacional-indoor-culmina-con-exitosas-marcas-y-campeones\\\/#primaryimage\"},\"thumbnailUrl\":\"https:\\\/\\\/www.eldiario.net\\\/portal\\\/wp-content\\\/uploads\\\/2025\\\/02\\\/FB_IMG_1739424927806.jpg\",\"articleSection\":[\"Deportes\"],\"inLanguage\":\"es\"},{\"@type\":\"WebPage\",\"@id\":\"https:\\\/\\\/www.eldiario.net\\\/portal\\\/2025\\\/02\\\/13\\\/nacional-indoor-culmina-con-exitosas-marcas-y-campeones\\\/\",\"url\":\"https:\\\/\\\/www.eldiario.net\\\/portal\\\/2025\\\/02\\\/13\\\/nacional-indoor-culmina-con-exitosas-marcas-y-campeones\\\/\",\"name\":\"Nacional Indoor culmina con exitosas marcas y campeones - El Diario - Bolivia\",\"isPartOf\":{\"@id\":\"https:\\\/\\\/www.eldiario.net\\\/portal\\\/#website\"},\"primaryImageOfPage\":{\"@id\":\"https:\\\/\\\/www.eldiario.net\\\/portal\\\/2025\\\/02\\\/13\\\/nacional-indoor-culmina-con-exitosas-marcas-y-campeones\\\/#primaryimage\"},\"image\":{\"@id\":\"https:\\\/\\\/www.eldiario.net\\\/portal\\\/2025\\\/02\\\/13\\\/nacional-indoor-culmina-con-exitosas-marcas-y-campeones\\\/#primaryimage\"},\"thumbnailUrl\":\"https:\\\/\\\/www.eldiario.net\\\/portal\\\/wp-content\\\/uploads\\\/2025\\\/02\\\/FB_IMG_1739424927806.jpg\",\"datePublished\":\"2025-02-13T10:45:02+00:00\",\"breadcrumb\":{\"@id\":\"https:\\\/\\\/www.eldiario.net\\\/portal\\\/2025\\\/02\\\/13\\\/nacional-indoor-culmina-con-exitosas-marcas-y-campeones\\\/#breadcrumb\"},\"inLanguage\":\"es\",\"potentialAction\":[{\"@type\":\"ReadAction\",\"target\":[\"https:\\\/\\\/www.eldiario.net\\\/portal\\\/2025\\\/02\\\/13\\\/nacional-indoor-culmina-con-exitosas-marcas-y-campeones\\\/\"]}]},{\"@type\":\"ImageObject\",\"inLanguage\":\"es\",\"@id\":\"https:\\\/\\\/www.eldiario.net\\\/portal\\\/2025\\\/02\\\/13\\\/nacional-indoor-culmina-con-exitosas-marcas-y-campeones\\\/#primaryimage\",\"url\":\"https:\\\/\\\/www.eldiario.net\\\/portal\\\/wp-content\\\/uploads\\\/2025\\\/02\\\/FB_IMG_1739424927806.jpg\",\"contentUrl\":\"https:\\\/\\\/www.eldiario.net\\\/portal\\\/wp-content\\\/uploads\\\/2025\\\/02\\\/FB_IMG_1739424927806.jpg\",\"width\":1080,\"height\":487},{\"@type\":\"BreadcrumbList\",\"@id\":\"https:\\\/\\\/www.eldiario.net\\\/portal\\\/2025\\\/02\\\/13\\\/nacional-indoor-culmina-con-exitosas-marcas-y-campeones\\\/#breadcrumb\",\"itemListElement\":[{\"@type\":\"ListItem\",\"position\":1,\"name\":\"Portada\",\"item\":\"https:\\\/\\\/www.eldiario.net\\\/portal\\\/\"},{\"@type\":\"ListItem\",\"position\":2,\"name\":\"Nacional Indoor culmina con exitosas marcas y campeones\"}]},{\"@type\":\"WebSite\",\"@id\":\"https:\\\/\\\/www.eldiario.net\\\/portal\\\/#website\",\"url\":\"https:\\\/\\\/www.eldiario.net\\\/portal\\\/\",\"name\":\"El Diario - Decano de la prensa nacional\",\"description\":\"El Diario - Decano de la prensa nacional\",\"publisher\":{\"@id\":\"https:\\\/\\\/www.eldiario.net\\\/portal\\\/#organization\"},\"potentialAction\":[{\"@type\":\"SearchAction\",\"target\":{\"@type\":\"EntryPoint\",\"urlTemplate\":\"https:\\\/\\\/www.eldiario.net\\\/portal\\\/?s={search_term_string}\"},\"query-input\":{\"@type\":\"PropertyValueSpecification\",\"valueRequired\":true,\"valueName\":\"search_term_string\"}}],\"inLanguage\":\"es\"},{\"@type\":\"Organization\",\"@id\":\"https:\\\/\\\/www.eldiario.net\\\/portal\\\/#organization\",\"name\":\"El Diario - Decano de la prensa nacional\",\"url\":\"https:\\\/\\\/www.eldiario.net\\\/portal\\\/\",\"logo\":{\"@type\":\"ImageObject\",\"inLanguage\":\"es\",\"@id\":\"https:\\\/\\\/www.eldiario.net\\\/portal\\\/#\\\/schema\\\/logo\\\/image\\\/\",\"url\":\"https:\\\/\\\/www.eldiario.net\\\/portal\\\/wp-content\\\/uploads\\\/2023\\\/07\\\/logo_ED.jpg\",\"contentUrl\":\"https:\\\/\\\/www.eldiario.net\\\/portal\\\/wp-content\\\/uploads\\\/2023\\\/07\\\/logo_ED.jpg\",\"width\":272,\"height\":52,\"caption\":\"El Diario - Decano de la prensa nacional\"},\"image\":{\"@id\":\"https:\\\/\\\/www.eldiario.net\\\/portal\\\/#\\\/schema\\\/logo\\\/image\\\/\"},\"sameAs\":[\"https:\\\/\\\/www.facebook.com\\\/eldiario.bolivia\\\/\",\"https:\\\/\\\/x.com\\\/eldiario_net\"]},{\"@type\":\"Person\",\"@id\":\"https:\\\/\\\/www.eldiario.net\\\/portal\\\/#\\\/schema\\\/person\\\/2c57cf2b7a7ae032e449e4c9b1019eac\",\"name\":\"Jeanette\",\"image\":{\"@type\":\"ImageObject\",\"inLanguage\":\"es\",\"@id\":\"https:\\\/\\\/secure.gravatar.com\\\/avatar\\\/3ea2118a5f7dad2b7138b1187a6b7ee55f160b9968b66013c3a3ef39dd7e5798?s=96&d=mm&r=g\",\"url\":\"https:\\\/\\\/secure.gravatar.com\\\/avatar\\\/3ea2118a5f7dad2b7138b1187a6b7ee55f160b9968b66013c3a3ef39dd7e5798?s=96&d=mm&r=g\",\"contentUrl\":\"https:\\\/\\\/secure.gravatar.com\\\/avatar\\\/3ea2118a5f7dad2b7138b1187a6b7ee55f160b9968b66013c3a3ef39dd7e5798?s=96&d=mm&r=g\",\"caption\":\"Jeanette\"},\"sameAs\":[\"https:\\\/\\\/www.eldiario.net\\\/portal\"],\"url\":\"https:\\\/\\\/www.eldiario.net\\\/portal\\\/author\\\/jeanette\\\/\"}]}<\/script>\n<!-- \/ Yoast SEO plugin. -->","yoast_head_json":{"title":"Nacional Indoor culmina con exitosas marcas y campeones - El Diario - Bolivia","robots":{"index":"index","follow":"follow","max-snippet":"max-snippet:-1","max-image-preview":"max-image-preview:large","max-video-preview":"max-video-preview:-1"},"canonical":"https:\/\/www.eldiario.net\/portal\/2025\/02\/13\/nacional-indoor-culmina-con-exitosas-marcas-y-campeones\/","og_locale":"es_ES","og_type":"article","og_title":"Nacional Indoor culmina con exitosas marcas y campeones - El Diario - Bolivia","og_description":"Los deportistas David Ninavia, Benita Parra, Cecilia G\u00f3mez y Valeria Quispe destacaron en el torneo nacional Indoor, categor\u00eda Mayores, celebrado en Cochabamba, donde estos cuatro competidores ganaron, cada uno, dos medallas, en las pruebas de 1.500, 3.000, 400 metros, 800 metros, salto largo y salto triple. Ninavia (Oruro) fue el campe\u00f3n nacional en los 1.500 [&hellip;]","og_url":"https:\/\/www.eldiario.net\/portal\/2025\/02\/13\/nacional-indoor-culmina-con-exitosas-marcas-y-campeones\/","og_site_name":"El Diario - Bolivia","article_publisher":"https:\/\/www.facebook.com\/eldiario.bolivia\/","article_published_time":"2025-02-13T10:45:02+00:00","og_image":[{"width":1080,"height":487,"url":"https:\/\/www.eldiario.net\/portal\/wp-content\/uploads\/2025\/02\/FB_IMG_1739424927806.jpg","type":"image\/jpeg"}],"author":"Jeanette","twitter_card":"summary_large_image","twitter_creator":"@eldiario_net","twitter_site":"@eldiario_net","twitter_misc":{"Escrito por":"Jeanette","Tiempo de lectura":"2 minutos"},"schema":{"@context":"https:\/\/schema.org","@graph":[{"@type":"Article","@id":"https:\/\/www.eldiario.net\/portal\/2025\/02\/13\/nacional-indoor-culmina-con-exitosas-marcas-y-campeones\/#article","isPartOf":{"@id":"https:\/\/www.eldiario.net\/portal\/2025\/02\/13\/nacional-indoor-culmina-con-exitosas-marcas-y-campeones\/"},"author":{"name":"Jeanette","@id":"https:\/\/www.eldiario.net\/portal\/#\/schema\/person\/2c57cf2b7a7ae032e449e4c9b1019eac"},"headline":"Nacional Indoor culmina con exitosas marcas y campeones","datePublished":"2025-02-13T10:45:02+00:00","mainEntityOfPage":{"@id":"https:\/\/www.eldiario.net\/portal\/2025\/02\/13\/nacional-indoor-culmina-con-exitosas-marcas-y-campeones\/"},"wordCount":311,"publisher":{"@id":"https:\/\/www.eldiario.net\/portal\/#organization"},"image":{"@id":"https:\/\/www.eldiario.net\/portal\/2025\/02\/13\/nacional-indoor-culmina-con-exitosas-marcas-y-campeones\/#primaryimage"},"thumbnailUrl":"https:\/\/www.eldiario.net\/portal\/wp-content\/uploads\/2025\/02\/FB_IMG_1739424927806.jpg","articleSection":["Deportes"],"inLanguage":"es"},{"@type":"WebPage","@id":"https:\/\/www.eldiario.net\/portal\/2025\/02\/13\/nacional-indoor-culmina-con-exitosas-marcas-y-campeones\/","url":"https:\/\/www.eldiario.net\/portal\/2025\/02\/13\/nacional-indoor-culmina-con-exitosas-marcas-y-campeones\/","name":"Nacional Indoor culmina con exitosas marcas y campeones - El Diario - Bolivia","isPartOf":{"@id":"https:\/\/www.eldiario.net\/portal\/#website"},"primaryImageOfPage":{"@id":"https:\/\/www.eldiario.net\/portal\/2025\/02\/13\/nacional-indoor-culmina-con-exitosas-marcas-y-campeones\/#primaryimage"},"image":{"@id":"https:\/\/www.eldiario.net\/portal\/2025\/02\/13\/nacional-indoor-culmina-con-exitosas-marcas-y-campeones\/#primaryimage"},"thumbnailUrl":"https:\/\/www.eldiario.net\/portal\/wp-content\/uploads\/2025\/02\/FB_IMG_1739424927806.jpg","datePublished":"2025-02-13T10:45:02+00:00","breadcrumb":{"@id":"https:\/\/www.eldiario.net\/portal\/2025\/02\/13\/nacional-indoor-culmina-con-exitosas-marcas-y-campeones\/#breadcrumb"},"inLanguage":"es","potentialAction":[{"@type":"ReadAction","target":["https:\/\/www.eldiario.net\/portal\/2025\/02\/13\/nacional-indoor-culmina-con-exitosas-marcas-y-campeones\/"]}]},{"@type":"ImageObject","inLanguage":"es","@id":"https:\/\/www.eldiario.net\/portal\/2025\/02\/13\/nacional-indoor-culmina-con-exitosas-marcas-y-campeones\/#primaryimage","url":"https:\/\/www.eldiario.net\/portal\/wp-content\/uploads\/2025\/02\/FB_IMG_1739424927806.jpg","contentUrl":"https:\/\/www.eldiario.net\/portal\/wp-content\/uploads\/2025\/02\/FB_IMG_1739424927806.jpg","width":1080,"height":487},{"@type":"BreadcrumbList","@id":"https:\/\/www.eldiario.net\/portal\/2025\/02\/13\/nacional-indoor-culmina-con-exitosas-marcas-y-campeones\/#breadcrumb","itemListElement":[{"@type":"ListItem","position":1,"name":"Portada","item":"https:\/\/www.eldiario.net\/portal\/"},{"@type":"ListItem","position":2,"name":"Nacional Indoor culmina con exitosas marcas y campeones"}]},{"@type":"WebSite","@id":"https:\/\/www.eldiario.net\/portal\/#website","url":"https:\/\/www.eldiario.net\/portal\/","name":"El Diario - Decano de la prensa nacional","description":"El Diario - Decano de la prensa nacional","publisher":{"@id":"https:\/\/www.eldiario.net\/portal\/#organization"},"potentialAction":[{"@type":"SearchAction","target":{"@type":"EntryPoint","urlTemplate":"https:\/\/www.eldiario.net\/portal\/?s={search_term_string}"},"query-input":{"@type":"PropertyValueSpecification","valueRequired":true,"valueName":"search_term_string"}}],"inLanguage":"es"},{"@type":"Organization","@id":"https:\/\/www.eldiario.net\/portal\/#organization","name":"El Diario - Decano de la prensa nacional","url":"https:\/\/www.eldiario.net\/portal\/","logo":{"@type":"ImageObject","inLanguage":"es","@id":"https:\/\/www.eldiario.net\/portal\/#\/schema\/logo\/image\/","url":"https:\/\/www.eldiario.net\/portal\/wp-content\/uploads\/2023\/07\/logo_ED.jpg","contentUrl":"https:\/\/www.eldiario.net\/portal\/wp-content\/uploads\/2023\/07\/logo_ED.jpg","width":272,"height":52,"caption":"El Diario - Decano de la prensa nacional"},"image":{"@id":"https:\/\/www.eldiario.net\/portal\/#\/schema\/logo\/image\/"},"sameAs":["https:\/\/www.facebook.com\/eldiario.bolivia\/","https:\/\/x.com\/eldiario_net"]},{"@type":"Person","@id":"https:\/\/www.eldiario.net\/portal\/#\/schema\/person\/2c57cf2b7a7ae032e449e4c9b1019eac","name":"Jeanette","image":{"@type":"ImageObject","inLanguage":"es","@id":"https:\/\/secure.gravatar.com\/avatar\/3ea2118a5f7dad2b7138b1187a6b7ee55f160b9968b66013c3a3ef39dd7e5798?s=96&d=mm&r=g","url":"https:\/\/secure.gravatar.com\/avatar\/3ea2118a5f7dad2b7138b1187a6b7ee55f160b9968b66013c3a3ef39dd7e5798?s=96&d=mm&r=g","contentUrl":"https:\/\/secure.gravatar.com\/avatar\/3ea2118a5f7dad2b7138b1187a6b7ee55f160b9968b66013c3a3ef39dd7e5798?s=96&d=mm&r=g","caption":"Jeanette"},"sameAs":["https:\/\/www.eldiario.net\/portal"],"url":"https:\/\/www.eldiario.net\/portal\/author\/jeanette\/"}]}},"_links":{"self":[{"href":"https:\/\/www.eldiario.net\/portal\/wp-json\/wp\/v2\/posts\/281567","targetHints":{"allow":["GET"]}}],"collection":[{"href":"https:\/\/www.eldiario.net\/portal\/wp-json\/wp\/v2\/posts"}],"about":[{"href":"https:\/\/www.eldiario.net\/portal\/wp-json\/wp\/v2\/types\/post"}],"author":[{"embeddable":true,"href":"https:\/\/www.eldiario.net\/portal\/wp-json\/wp\/v2\/users\/1"}],"replies":[{"embeddable":true,"href":"https:\/\/www.eldiario.net\/portal\/wp-json\/wp\/v2\/comments?post=281567"}],"version-history":[{"count":1,"href":"https:\/\/www.eldiario.net\/portal\/wp-json\/wp\/v2\/posts\/281567\/revisions"}],"predecessor-version":[{"id":281569,"href":"https:\/\/www.eldiario.net\/portal\/wp-json\/wp\/v2\/posts\/281567\/revisions\/281569"}],"wp:featuredmedia":[{"embeddable":true,"href":"https:\/\/www.eldiario.net\/portal\/wp-json\/wp\/v2\/media\/281568"}],"wp:attachment":[{"href":"https:\/\/www.eldiario.net\/portal\/wp-json\/wp\/v2\/media?parent=281567"}],"wp:term":[{"taxonomy":"category","embeddable":true,"href":"https:\/\/www.eldiario.net\/portal\/wp-json\/wp\/v2\/categories?post=281567"},{"taxonomy":"post_tag","embeddable":true,"href":"https:\/\/www.eldiario.net\/portal\/wp-json\/wp\/v2\/tags?post=281567"}],"curies":[{"name":"wp","href":"https:\/\/api.w.org\/{rel}","templated":true}]}}