{"id":281557,"date":"2025-02-13T06:42:49","date_gmt":"2025-02-13T10:42:49","guid":{"rendered":"https:\/\/www.eldiario.net\/portal\/?p=281557"},"modified":"2025-02-13T06:42:49","modified_gmt":"2025-02-13T10:42:49","slug":"copa-libertadores-blooming-busca-clasificar-en-su-visita-a-el-nacional","status":"publish","type":"post","link":"https:\/\/www.eldiario.net\/portal\/2025\/02\/13\/copa-libertadores-blooming-busca-clasificar-en-su-visita-a-el-nacional\/","title":{"rendered":"COPA LIBERTADORES: Blooming busca clasificar en su visita a El Nacional"},"content":{"rendered":"<p>QUITO.- Blooming lleg\u00f3 a Quito con una ventaja de un gol (3-2) frente a El Nacional, quedando a un paso de clasificarse a la segunda fase de la Copa Libertadores de Am\u00e9rica 2025 y este tramo final tendr\u00e1 que cumplirlo este jueves (20:30 HB), en una visita dif\u00edcil.<\/p>\n<p>Los celestes cumplieron con su tarea como local hace una semana, en Santa Cruz, pero el panorama ser\u00e1 distinto en Quito, donde El Nacional tendr\u00e1 la iniciativa, viendo que s\u00f3lo hay un gol de diferencia para igualar el marcador global.<\/p>\n<p>El elenco del entrenador Mauricio Soria tuvo un excelente primer tiempo en la ida, producto de esa din\u00e1mica llegaron los tres goles; sin embargo, en el complemento, baj\u00f3 su porcentaje de efectividad y descuido la marcaci\u00f3n, dando paso a que el rival puede acercarse en la cuenta.<\/p>\n<p>Problemas extradeportivos mermar\u00e1n la zona del mediocampo, debido a que el volante venezolano Arqu\u00edmedes Figuera no pudo viajar con la delegaci\u00f3n por falta de la visa para ingresar a Ecuador. Sin este jugador titular, el cuerpo t\u00e9cnico colocar\u00e1 a Richard Spenhay desde el inicio. Mientras, Marc Enoumba, con arraigo en el pa\u00eds por una demanda por asistencia familiar, se sumar\u00e1 al equipo sobre la hora.<\/p>\n<p>Durante estos d\u00edas de preparaci\u00f3n, Soria se enfoc\u00f3 en el trabajo t\u00e1ctico y en la motivaci\u00f3n, sin f\u00fatbol oficial en Bolivia. En condici\u00f3n de visitante, los celestes desarrollar\u00e1n su faceta defensiva, una de las caracter\u00edsticas de Soria cuando sale del pa\u00eds, manteniendo a la mayor\u00eda de los titulares, con instrucciones para ajustar la marca.<\/p>\n<p>El empate s\u00f3lo favorecer\u00e1 a Blooming, lo que obliga a El Nacional a buscar un triunfo por una diferencia mayor de un gol para avanzar sin necesidad de ir a los lanzamientos penales. Caso contrario, la noche de los ecuatorianos podr\u00eda complicarse.<\/p>\n<p>El ganador de esta llave en la segunda fase tendr\u00e1 como rival a Barcelona, de Ecuador. Adem\u00e1s, recibir\u00e1 la suma de medio mill\u00f3n de d\u00f3lares. Por s\u00f3lo jugar esta primera etapa, los celestes ya tienen asegurados 400 mil de d\u00f3lares, como motivaci\u00f3n para avanzar.<\/p>\n<p>El \u00e1rbitro Flavio de Souza (Brasil) controlar\u00e1 las acciones, asistido desde los costados por: Bruno Boschila y Rafael Alves. Rodrigo Guarizo (Brasil) ser\u00e1 el juez VAR y Rodrigo Dalonso, el AVAR.<\/p>\n<p>Las posibles alineaciones son las siguientes:<\/p>\n<p>El Nacional: David Cabezas; Marco Monta\u00f1o, Franklin Carabal\u00ed, Anthony Bedoya, Eddy Mej\u00eda, Jeison Chal\u00e1, Marcos Olmedo, Jos\u00e9 Cevallos, Jawer Guisamano, Jhon Cifuente y \u00c1ngel Ledesma<\/p>\n<p>DT: Omar Asad.<\/p>\n<p>&nbsp;<\/p>\n<p>Blooming: Braulio Uraeza\u00f1a; Marc Enoumba, Richet G\u00f3mez, Santiago Etchebarne, Denilson Dur\u00e1n, Richard Spenhay, Mois\u00e9s Villarroel, Mart\u00edn Alan\u00edz, Nahuel Acosta, Guido Vadal\u00e1 y Samuel Garz\u00f3n.<\/p>\n<p>DT: Mauricio Soria.<\/p>\n<p>&nbsp;<\/p>\n<p><strong>(APG)<\/strong><\/p>\n","protected":false},"excerpt":{"rendered":"<p>QUITO.- Blooming lleg\u00f3 a Quito con una ventaja de un gol (3-2) frente a El Nacional, quedando a un paso de clasificarse a la segunda fase de la Copa Libertadores de Am\u00e9rica 2025 y este tramo final tendr\u00e1 que cumplirlo este jueves (20:30 HB), en una visita dif\u00edcil. Los celestes cumplieron con su tarea como [&hellip;]<\/p>\n","protected":false},"author":1,"featured_media":281558,"comment_status":"closed","ping_status":"open","sticky":false,"template":"","format":"standard","meta":{"_acf_changed":false,"footnotes":""},"categories":[6],"tags":[],"class_list":["post-281557","post","type-post","status-publish","format-standard","has-post-thumbnail","category-deportes"],"acf":{"antetitulo":""},"yoast_head":"<!-- This site is optimized with the Yoast SEO plugin v28.4 - https:\/\/yoast.com\/product\/yoast-seo-wordpress\/ -->\n<title>COPA LIBERTADORES: Blooming busca clasificar en su visita a El Nacional - El Diario - Bolivia<\/title>\n<meta name=\"robots\" content=\"index, follow, max-snippet:-1, max-image-preview:large, max-video-preview:-1\" \/>\n<link rel=\"canonical\" href=\"https:\/\/www.eldiario.net\/portal\/2025\/02\/13\/copa-libertadores-blooming-busca-clasificar-en-su-visita-a-el-nacional\/\" \/>\n<meta property=\"og:locale\" content=\"es_ES\" \/>\n<meta property=\"og:type\" content=\"article\" \/>\n<meta property=\"og:title\" content=\"COPA LIBERTADORES: Blooming busca clasificar en su visita a El Nacional - El Diario - Bolivia\" \/>\n<meta property=\"og:description\" content=\"QUITO.- Blooming lleg\u00f3 a Quito con una ventaja de un gol (3-2) frente a El Nacional, quedando a un paso de clasificarse a la segunda fase de la Copa Libertadores de Am\u00e9rica 2025 y este tramo final tendr\u00e1 que cumplirlo este jueves (20:30 HB), en una visita dif\u00edcil. Los celestes cumplieron con su tarea como [&hellip;]\" \/>\n<meta property=\"og:url\" content=\"https:\/\/www.eldiario.net\/portal\/2025\/02\/13\/copa-libertadores-blooming-busca-clasificar-en-su-visita-a-el-nacional\/\" \/>\n<meta property=\"og:site_name\" content=\"El Diario - Bolivia\" \/>\n<meta property=\"article:publisher\" content=\"https:\/\/www.facebook.com\/eldiario.bolivia\/\" \/>\n<meta property=\"article:published_time\" content=\"2025-02-13T10:42:49+00:00\" \/>\n<meta property=\"og:image\" content=\"https:\/\/www.eldiario.net\/portal\/wp-content\/uploads\/2025\/02\/Blooming-12.jpg\" \/>\n\t<meta property=\"og:image:width\" content=\"720\" \/>\n\t<meta property=\"og:image:height\" content=\"434\" \/>\n\t<meta property=\"og:image:type\" content=\"image\/jpeg\" \/>\n<meta name=\"author\" content=\"Jeanette\" \/>\n<meta name=\"twitter:card\" content=\"summary_large_image\" \/>\n<meta name=\"twitter:creator\" content=\"@eldiario_net\" \/>\n<meta name=\"twitter:site\" content=\"@eldiario_net\" \/>\n<meta name=\"twitter:label1\" content=\"Escrito por\" \/>\n\t<meta name=\"twitter:data1\" content=\"Jeanette\" \/>\n\t<meta name=\"twitter:label2\" content=\"Tiempo de lectura\" \/>\n\t<meta name=\"twitter:data2\" content=\"3 minutos\" \/>\n<script type=\"application\/ld+json\" class=\"yoast-schema-graph\">{\"@context\":\"https:\\\/\\\/schema.org\",\"@graph\":[{\"@type\":\"Article\",\"@id\":\"https:\\\/\\\/www.eldiario.net\\\/portal\\\/2025\\\/02\\\/13\\\/copa-libertadores-blooming-busca-clasificar-en-su-visita-a-el-nacional\\\/#article\",\"isPartOf\":{\"@id\":\"https:\\\/\\\/www.eldiario.net\\\/portal\\\/2025\\\/02\\\/13\\\/copa-libertadores-blooming-busca-clasificar-en-su-visita-a-el-nacional\\\/\"},\"author\":{\"name\":\"Jeanette\",\"@id\":\"https:\\\/\\\/www.eldiario.net\\\/portal\\\/#\\\/schema\\\/person\\\/2c57cf2b7a7ae032e449e4c9b1019eac\"},\"headline\":\"COPA LIBERTADORES: Blooming busca clasificar en su visita a El Nacional\",\"datePublished\":\"2025-02-13T10:42:49+00:00\",\"mainEntityOfPage\":{\"@id\":\"https:\\\/\\\/www.eldiario.net\\\/portal\\\/2025\\\/02\\\/13\\\/copa-libertadores-blooming-busca-clasificar-en-su-visita-a-el-nacional\\\/\"},\"wordCount\":481,\"publisher\":{\"@id\":\"https:\\\/\\\/www.eldiario.net\\\/portal\\\/#organization\"},\"image\":{\"@id\":\"https:\\\/\\\/www.eldiario.net\\\/portal\\\/2025\\\/02\\\/13\\\/copa-libertadores-blooming-busca-clasificar-en-su-visita-a-el-nacional\\\/#primaryimage\"},\"thumbnailUrl\":\"https:\\\/\\\/www.eldiario.net\\\/portal\\\/wp-content\\\/uploads\\\/2025\\\/02\\\/Blooming-12.jpg\",\"articleSection\":[\"Deportes\"],\"inLanguage\":\"es\"},{\"@type\":\"WebPage\",\"@id\":\"https:\\\/\\\/www.eldiario.net\\\/portal\\\/2025\\\/02\\\/13\\\/copa-libertadores-blooming-busca-clasificar-en-su-visita-a-el-nacional\\\/\",\"url\":\"https:\\\/\\\/www.eldiario.net\\\/portal\\\/2025\\\/02\\\/13\\\/copa-libertadores-blooming-busca-clasificar-en-su-visita-a-el-nacional\\\/\",\"name\":\"COPA LIBERTADORES: Blooming busca clasificar en su visita a El Nacional - El Diario - Bolivia\",\"isPartOf\":{\"@id\":\"https:\\\/\\\/www.eldiario.net\\\/portal\\\/#website\"},\"primaryImageOfPage\":{\"@id\":\"https:\\\/\\\/www.eldiario.net\\\/portal\\\/2025\\\/02\\\/13\\\/copa-libertadores-blooming-busca-clasificar-en-su-visita-a-el-nacional\\\/#primaryimage\"},\"image\":{\"@id\":\"https:\\\/\\\/www.eldiario.net\\\/portal\\\/2025\\\/02\\\/13\\\/copa-libertadores-blooming-busca-clasificar-en-su-visita-a-el-nacional\\\/#primaryimage\"},\"thumbnailUrl\":\"https:\\\/\\\/www.eldiario.net\\\/portal\\\/wp-content\\\/uploads\\\/2025\\\/02\\\/Blooming-12.jpg\",\"datePublished\":\"2025-02-13T10:42:49+00:00\",\"breadcrumb\":{\"@id\":\"https:\\\/\\\/www.eldiario.net\\\/portal\\\/2025\\\/02\\\/13\\\/copa-libertadores-blooming-busca-clasificar-en-su-visita-a-el-nacional\\\/#breadcrumb\"},\"inLanguage\":\"es\",\"potentialAction\":[{\"@type\":\"ReadAction\",\"target\":[\"https:\\\/\\\/www.eldiario.net\\\/portal\\\/2025\\\/02\\\/13\\\/copa-libertadores-blooming-busca-clasificar-en-su-visita-a-el-nacional\\\/\"]}]},{\"@type\":\"ImageObject\",\"inLanguage\":\"es\",\"@id\":\"https:\\\/\\\/www.eldiario.net\\\/portal\\\/2025\\\/02\\\/13\\\/copa-libertadores-blooming-busca-clasificar-en-su-visita-a-el-nacional\\\/#primaryimage\",\"url\":\"https:\\\/\\\/www.eldiario.net\\\/portal\\\/wp-content\\\/uploads\\\/2025\\\/02\\\/Blooming-12.jpg\",\"contentUrl\":\"https:\\\/\\\/www.eldiario.net\\\/portal\\\/wp-content\\\/uploads\\\/2025\\\/02\\\/Blooming-12.jpg\",\"width\":720,\"height\":434},{\"@type\":\"BreadcrumbList\",\"@id\":\"https:\\\/\\\/www.eldiario.net\\\/portal\\\/2025\\\/02\\\/13\\\/copa-libertadores-blooming-busca-clasificar-en-su-visita-a-el-nacional\\\/#breadcrumb\",\"itemListElement\":[{\"@type\":\"ListItem\",\"position\":1,\"name\":\"Portada\",\"item\":\"https:\\\/\\\/www.eldiario.net\\\/portal\\\/\"},{\"@type\":\"ListItem\",\"position\":2,\"name\":\"COPA LIBERTADORES: Blooming busca clasificar en su visita a El Nacional\"}]},{\"@type\":\"WebSite\",\"@id\":\"https:\\\/\\\/www.eldiario.net\\\/portal\\\/#website\",\"url\":\"https:\\\/\\\/www.eldiario.net\\\/portal\\\/\",\"name\":\"El Diario - Decano de la prensa nacional\",\"description\":\"El Diario - Decano de la prensa nacional\",\"publisher\":{\"@id\":\"https:\\\/\\\/www.eldiario.net\\\/portal\\\/#organization\"},\"potentialAction\":[{\"@type\":\"SearchAction\",\"target\":{\"@type\":\"EntryPoint\",\"urlTemplate\":\"https:\\\/\\\/www.eldiario.net\\\/portal\\\/?s={search_term_string}\"},\"query-input\":{\"@type\":\"PropertyValueSpecification\",\"valueRequired\":true,\"valueName\":\"search_term_string\"}}],\"inLanguage\":\"es\"},{\"@type\":\"Organization\",\"@id\":\"https:\\\/\\\/www.eldiario.net\\\/portal\\\/#organization\",\"name\":\"El Diario - Decano de la prensa nacional\",\"url\":\"https:\\\/\\\/www.eldiario.net\\\/portal\\\/\",\"logo\":{\"@type\":\"ImageObject\",\"inLanguage\":\"es\",\"@id\":\"https:\\\/\\\/www.eldiario.net\\\/portal\\\/#\\\/schema\\\/logo\\\/image\\\/\",\"url\":\"https:\\\/\\\/www.eldiario.net\\\/portal\\\/wp-content\\\/uploads\\\/2023\\\/07\\\/logo_ED.jpg\",\"contentUrl\":\"https:\\\/\\\/www.eldiario.net\\\/portal\\\/wp-content\\\/uploads\\\/2023\\\/07\\\/logo_ED.jpg\",\"width\":272,\"height\":52,\"caption\":\"El Diario - Decano de la prensa nacional\"},\"image\":{\"@id\":\"https:\\\/\\\/www.eldiario.net\\\/portal\\\/#\\\/schema\\\/logo\\\/image\\\/\"},\"sameAs\":[\"https:\\\/\\\/www.facebook.com\\\/eldiario.bolivia\\\/\",\"https:\\\/\\\/x.com\\\/eldiario_net\"]},{\"@type\":\"Person\",\"@id\":\"https:\\\/\\\/www.eldiario.net\\\/portal\\\/#\\\/schema\\\/person\\\/2c57cf2b7a7ae032e449e4c9b1019eac\",\"name\":\"Jeanette\",\"image\":{\"@type\":\"ImageObject\",\"inLanguage\":\"es\",\"@id\":\"https:\\\/\\\/secure.gravatar.com\\\/avatar\\\/3ea2118a5f7dad2b7138b1187a6b7ee55f160b9968b66013c3a3ef39dd7e5798?s=96&d=mm&r=g\",\"url\":\"https:\\\/\\\/secure.gravatar.com\\\/avatar\\\/3ea2118a5f7dad2b7138b1187a6b7ee55f160b9968b66013c3a3ef39dd7e5798?s=96&d=mm&r=g\",\"contentUrl\":\"https:\\\/\\\/secure.gravatar.com\\\/avatar\\\/3ea2118a5f7dad2b7138b1187a6b7ee55f160b9968b66013c3a3ef39dd7e5798?s=96&d=mm&r=g\",\"caption\":\"Jeanette\"},\"sameAs\":[\"https:\\\/\\\/www.eldiario.net\\\/portal\"],\"url\":\"https:\\\/\\\/www.eldiario.net\\\/portal\\\/author\\\/jeanette\\\/\"}]}<\/script>\n<!-- \/ Yoast SEO plugin. -->","yoast_head_json":{"title":"COPA LIBERTADORES: Blooming busca clasificar en su visita a El Nacional - El Diario - Bolivia","robots":{"index":"index","follow":"follow","max-snippet":"max-snippet:-1","max-image-preview":"max-image-preview:large","max-video-preview":"max-video-preview:-1"},"canonical":"https:\/\/www.eldiario.net\/portal\/2025\/02\/13\/copa-libertadores-blooming-busca-clasificar-en-su-visita-a-el-nacional\/","og_locale":"es_ES","og_type":"article","og_title":"COPA LIBERTADORES: Blooming busca clasificar en su visita a El Nacional - El Diario - Bolivia","og_description":"QUITO.- Blooming lleg\u00f3 a Quito con una ventaja de un gol (3-2) frente a El Nacional, quedando a un paso de clasificarse a la segunda fase de la Copa Libertadores de Am\u00e9rica 2025 y este tramo final tendr\u00e1 que cumplirlo este jueves (20:30 HB), en una visita dif\u00edcil. Los celestes cumplieron con su tarea como [&hellip;]","og_url":"https:\/\/www.eldiario.net\/portal\/2025\/02\/13\/copa-libertadores-blooming-busca-clasificar-en-su-visita-a-el-nacional\/","og_site_name":"El Diario - Bolivia","article_publisher":"https:\/\/www.facebook.com\/eldiario.bolivia\/","article_published_time":"2025-02-13T10:42:49+00:00","og_image":[{"width":720,"height":434,"url":"https:\/\/www.eldiario.net\/portal\/wp-content\/uploads\/2025\/02\/Blooming-12.jpg","type":"image\/jpeg"}],"author":"Jeanette","twitter_card":"summary_large_image","twitter_creator":"@eldiario_net","twitter_site":"@eldiario_net","twitter_misc":{"Escrito por":"Jeanette","Tiempo de lectura":"3 minutos"},"schema":{"@context":"https:\/\/schema.org","@graph":[{"@type":"Article","@id":"https:\/\/www.eldiario.net\/portal\/2025\/02\/13\/copa-libertadores-blooming-busca-clasificar-en-su-visita-a-el-nacional\/#article","isPartOf":{"@id":"https:\/\/www.eldiario.net\/portal\/2025\/02\/13\/copa-libertadores-blooming-busca-clasificar-en-su-visita-a-el-nacional\/"},"author":{"name":"Jeanette","@id":"https:\/\/www.eldiario.net\/portal\/#\/schema\/person\/2c57cf2b7a7ae032e449e4c9b1019eac"},"headline":"COPA LIBERTADORES: Blooming busca clasificar en su visita a El Nacional","datePublished":"2025-02-13T10:42:49+00:00","mainEntityOfPage":{"@id":"https:\/\/www.eldiario.net\/portal\/2025\/02\/13\/copa-libertadores-blooming-busca-clasificar-en-su-visita-a-el-nacional\/"},"wordCount":481,"publisher":{"@id":"https:\/\/www.eldiario.net\/portal\/#organization"},"image":{"@id":"https:\/\/www.eldiario.net\/portal\/2025\/02\/13\/copa-libertadores-blooming-busca-clasificar-en-su-visita-a-el-nacional\/#primaryimage"},"thumbnailUrl":"https:\/\/www.eldiario.net\/portal\/wp-content\/uploads\/2025\/02\/Blooming-12.jpg","articleSection":["Deportes"],"inLanguage":"es"},{"@type":"WebPage","@id":"https:\/\/www.eldiario.net\/portal\/2025\/02\/13\/copa-libertadores-blooming-busca-clasificar-en-su-visita-a-el-nacional\/","url":"https:\/\/www.eldiario.net\/portal\/2025\/02\/13\/copa-libertadores-blooming-busca-clasificar-en-su-visita-a-el-nacional\/","name":"COPA LIBERTADORES: Blooming busca clasificar en su visita a El Nacional - El Diario - Bolivia","isPartOf":{"@id":"https:\/\/www.eldiario.net\/portal\/#website"},"primaryImageOfPage":{"@id":"https:\/\/www.eldiario.net\/portal\/2025\/02\/13\/copa-libertadores-blooming-busca-clasificar-en-su-visita-a-el-nacional\/#primaryimage"},"image":{"@id":"https:\/\/www.eldiario.net\/portal\/2025\/02\/13\/copa-libertadores-blooming-busca-clasificar-en-su-visita-a-el-nacional\/#primaryimage"},"thumbnailUrl":"https:\/\/www.eldiario.net\/portal\/wp-content\/uploads\/2025\/02\/Blooming-12.jpg","datePublished":"2025-02-13T10:42:49+00:00","breadcrumb":{"@id":"https:\/\/www.eldiario.net\/portal\/2025\/02\/13\/copa-libertadores-blooming-busca-clasificar-en-su-visita-a-el-nacional\/#breadcrumb"},"inLanguage":"es","potentialAction":[{"@type":"ReadAction","target":["https:\/\/www.eldiario.net\/portal\/2025\/02\/13\/copa-libertadores-blooming-busca-clasificar-en-su-visita-a-el-nacional\/"]}]},{"@type":"ImageObject","inLanguage":"es","@id":"https:\/\/www.eldiario.net\/portal\/2025\/02\/13\/copa-libertadores-blooming-busca-clasificar-en-su-visita-a-el-nacional\/#primaryimage","url":"https:\/\/www.eldiario.net\/portal\/wp-content\/uploads\/2025\/02\/Blooming-12.jpg","contentUrl":"https:\/\/www.eldiario.net\/portal\/wp-content\/uploads\/2025\/02\/Blooming-12.jpg","width":720,"height":434},{"@type":"BreadcrumbList","@id":"https:\/\/www.eldiario.net\/portal\/2025\/02\/13\/copa-libertadores-blooming-busca-clasificar-en-su-visita-a-el-nacional\/#breadcrumb","itemListElement":[{"@type":"ListItem","position":1,"name":"Portada","item":"https:\/\/www.eldiario.net\/portal\/"},{"@type":"ListItem","position":2,"name":"COPA LIBERTADORES: Blooming busca clasificar en su visita a El Nacional"}]},{"@type":"WebSite","@id":"https:\/\/www.eldiario.net\/portal\/#website","url":"https:\/\/www.eldiario.net\/portal\/","name":"El Diario - Decano de la prensa nacional","description":"El Diario - Decano de la prensa nacional","publisher":{"@id":"https:\/\/www.eldiario.net\/portal\/#organization"},"potentialAction":[{"@type":"SearchAction","target":{"@type":"EntryPoint","urlTemplate":"https:\/\/www.eldiario.net\/portal\/?s={search_term_string}"},"query-input":{"@type":"PropertyValueSpecification","valueRequired":true,"valueName":"search_term_string"}}],"inLanguage":"es"},{"@type":"Organization","@id":"https:\/\/www.eldiario.net\/portal\/#organization","name":"El Diario - Decano de la prensa nacional","url":"https:\/\/www.eldiario.net\/portal\/","logo":{"@type":"ImageObject","inLanguage":"es","@id":"https:\/\/www.eldiario.net\/portal\/#\/schema\/logo\/image\/","url":"https:\/\/www.eldiario.net\/portal\/wp-content\/uploads\/2023\/07\/logo_ED.jpg","contentUrl":"https:\/\/www.eldiario.net\/portal\/wp-content\/uploads\/2023\/07\/logo_ED.jpg","width":272,"height":52,"caption":"El Diario - Decano de la prensa nacional"},"image":{"@id":"https:\/\/www.eldiario.net\/portal\/#\/schema\/logo\/image\/"},"sameAs":["https:\/\/www.facebook.com\/eldiario.bolivia\/","https:\/\/x.com\/eldiario_net"]},{"@type":"Person","@id":"https:\/\/www.eldiario.net\/portal\/#\/schema\/person\/2c57cf2b7a7ae032e449e4c9b1019eac","name":"Jeanette","image":{"@type":"ImageObject","inLanguage":"es","@id":"https:\/\/secure.gravatar.com\/avatar\/3ea2118a5f7dad2b7138b1187a6b7ee55f160b9968b66013c3a3ef39dd7e5798?s=96&d=mm&r=g","url":"https:\/\/secure.gravatar.com\/avatar\/3ea2118a5f7dad2b7138b1187a6b7ee55f160b9968b66013c3a3ef39dd7e5798?s=96&d=mm&r=g","contentUrl":"https:\/\/secure.gravatar.com\/avatar\/3ea2118a5f7dad2b7138b1187a6b7ee55f160b9968b66013c3a3ef39dd7e5798?s=96&d=mm&r=g","caption":"Jeanette"},"sameAs":["https:\/\/www.eldiario.net\/portal"],"url":"https:\/\/www.eldiario.net\/portal\/author\/jeanette\/"}]}},"_links":{"self":[{"href":"https:\/\/www.eldiario.net\/portal\/wp-json\/wp\/v2\/posts\/281557","targetHints":{"allow":["GET"]}}],"collection":[{"href":"https:\/\/www.eldiario.net\/portal\/wp-json\/wp\/v2\/posts"}],"about":[{"href":"https:\/\/www.eldiario.net\/portal\/wp-json\/wp\/v2\/types\/post"}],"author":[{"embeddable":true,"href":"https:\/\/www.eldiario.net\/portal\/wp-json\/wp\/v2\/users\/1"}],"replies":[{"embeddable":true,"href":"https:\/\/www.eldiario.net\/portal\/wp-json\/wp\/v2\/comments?post=281557"}],"version-history":[{"count":1,"href":"https:\/\/www.eldiario.net\/portal\/wp-json\/wp\/v2\/posts\/281557\/revisions"}],"predecessor-version":[{"id":281559,"href":"https:\/\/www.eldiario.net\/portal\/wp-json\/wp\/v2\/posts\/281557\/revisions\/281559"}],"wp:featuredmedia":[{"embeddable":true,"href":"https:\/\/www.eldiario.net\/portal\/wp-json\/wp\/v2\/media\/281558"}],"wp:attachment":[{"href":"https:\/\/www.eldiario.net\/portal\/wp-json\/wp\/v2\/media?parent=281557"}],"wp:term":[{"taxonomy":"category","embeddable":true,"href":"https:\/\/www.eldiario.net\/portal\/wp-json\/wp\/v2\/categories?post=281557"},{"taxonomy":"post_tag","embeddable":true,"href":"https:\/\/www.eldiario.net\/portal\/wp-json\/wp\/v2\/tags?post=281557"}],"curies":[{"name":"wp","href":"https:\/\/api.w.org\/{rel}","templated":true}]}}