{"id":281548,"date":"2025-02-13T06:18:41","date_gmt":"2025-02-13T10:18:41","guid":{"rendered":"https:\/\/www.eldiario.net\/portal\/?p=281548"},"modified":"2025-02-13T06:18:41","modified_gmt":"2025-02-13T10:18:41","slug":"zenon-mamani-es-el-nuevo-ministro-de-desarrollo-productivo-y-economia-plural","status":"publish","type":"post","link":"https:\/\/www.eldiario.net\/portal\/2025\/02\/13\/zenon-mamani-es-el-nuevo-ministro-de-desarrollo-productivo-y-economia-plural\/","title":{"rendered":"Zen\u00f3n Mamani es el nuevo Ministro de  Desarrollo Productivo y Econom\u00eda Plural"},"content":{"rendered":"<p>Zen\u00f3n Pedro Mamani asume como nuevo Ministro de Desarrollo Productivo y Econom\u00eda Plural, en lugar de N\u00e9stor Huanca. La ex autoridad en su despedida destac\u00f3 los logros del proceso de industrializaci\u00f3n. Las observaciones no se dejaron esperar, debido a su inexperiencia en el tema de desarrollo.<\/p>\n<p>Tanto el ex director del Banco Central de Bolivia, Gabriel Espinoza, y el analista econ\u00f3mico Gonzalo Ch\u00e1vez, coinciden, por separado, sobre la experiencia de la nueva autoridad en el manejo de las finanzas, pero dudan sobre su conocimiento sobre el desarrollo econ\u00f3mico.<\/p>\n<p>\u201cZen\u00f3n Mamani, un apparatchik, tal cual Luis Arce, cuya vida profesional ha estado ligada al sector p\u00fablico, sin un m\u00ednimo conocimiento del sector privado, asume el Ministerio de Desarrollo Productivo\u201d, escribe Espinoza en su cuenta @g_espinoza.<\/p>\n<p>Este apparatchik era el experto en el manejo de finanzas del Ministerio de Econom\u00eda y Finanzas P\u00fablicas (MEFP), es decir, el hombre central que manejaba los desembolsos, presupuestos, flujos de caja, etc. Eso significa que est\u00e1n destripando al MEFP. El destripe no es casual, sostiene.<\/p>\n<p>\u201cLa resistencia del Gobierno para eliminar la disposici\u00f3n adicional s\u00e9ptima del PGE sugiere que la estrategia de control de precios a trav\u00e9s de la confiscaci\u00f3n es central en los planes de Arce (la inflaci\u00f3n asusta al pol\u00edtico), para lo que pone a alguien de confianza al frente del Ministerio que operativizar\u00e1 la opresi\u00f3n al productor. Lo preocupante para Arce es que parece que cada vez hay menos gente de confianza\u201d, reflexiona.<\/p>\n<p>Mientras tanto Ch\u00e1vez sostiene en su cuenta @GonzaloCHavezA: Cambio en Desarrollo Productivo: sale Huanca, entra Mamani, un experto en presupuesto que lleva 19 a\u00f1os en el ministerio de Eco. Conoce cada cifra, cada decreto y, sobre todo, cada truco para quedarse en el \u00e1rbol de poder desde 2006. Sabe de presupuesto, pero de desarrollo, no creo.<\/p>\n<p>Posesi\u00f3n<\/p>\n<p>El presidente Luis Arce posesion\u00f3 ayer por la ma\u00f1ana a Zen\u00f3n Pedro Mamani Ticona, como nuevo Ministro de Desarrollo Productivo y Econom\u00eda Plural (MDPyE) con la misi\u00f3n de continuar el proceso de industrializaci\u00f3n para la sustituci\u00f3n de importaciones.<\/p>\n<p>\u201cEstamos seguros que le va a dar una continuidad a todo el trabajo que estamos haciendo de industrializaci\u00f3n. Hay que seguir empujando el carro desde ese ministerio no solamente con el tema de la industrializaci\u00f3n, est\u00e1 tambi\u00e9n el tema del turismo, reforzar a las micro y peque\u00f1as empresas que requieren del Estado un apoyo. En fin toda una estrategia que se tiene que dise\u00f1ar para consolidar nuestro Ministerio de Desarrollo Productivo y Econom\u00eda Plural\u201d, dijo el jefe de Estado, tras posesionar a la nueva autoridad, en un acto en la Casa Grande del Pueblo.<\/p>\n<p>En tanto, Mamani Ticona agradeci\u00f3 al presidente Arce por su confianza para estar al frente del MDPyEP y continuar con el proceso de industrializaci\u00f3n para sustituir importaciones en \u00e1reas estrat\u00e9gicas y apoyar con las pol\u00edticas econ\u00f3micas e incentivos a la industria privada nacional y sector productivo.<\/p>\n<p>\u201cDe esta manera seguir dinamizando y fortaleciendo el mercado interno buscando mejores d\u00edas para el pa\u00eds y el pueblo boliviano (\u2026). El liderazgo del servidor p\u00fablico es muy importante en la transformaci\u00f3n y construcci\u00f3n de las pol\u00edticas p\u00fablicas\u201d, expres\u00f3.<\/p>\n<p>Mamani Ticona reemplaza a Huanca, quien fungi\u00f3 esa cartera de Estado, la cual est\u00e1 a cargo de la construcci\u00f3n de al menos 53 plantas industriales de las 170, cuya inversi\u00f3n total supera los 32.000 millones de bolivianos.<\/p>\n<p>Huanca en su discurso de despedida recomend\u00f3 al Presidente Arce mirar bien con la gente que se trabaja, \u201ca veces nos pueden estar enga\u00f1ando\u201d.<\/p>\n","protected":false},"excerpt":{"rendered":"<p>Zen\u00f3n Pedro Mamani asume como nuevo Ministro de Desarrollo Productivo y Econom\u00eda Plural, en lugar de N\u00e9stor Huanca. La ex autoridad en su despedida destac\u00f3 los logros del proceso de industrializaci\u00f3n. Las observaciones no se dejaron esperar, debido a su inexperiencia en el tema de desarrollo. Tanto el ex director del Banco Central de Bolivia, [&hellip;]<\/p>\n","protected":false},"author":1,"featured_media":281549,"comment_status":"closed","ping_status":"open","sticky":false,"template":"","format":"standard","meta":{"_acf_changed":false,"footnotes":""},"categories":[7],"tags":[],"class_list":["post-281548","post","type-post","status-publish","format-standard","has-post-thumbnail","category-economia"],"acf":{"antetitulo":""},"yoast_head":"<!-- This site is optimized with the Yoast SEO plugin v28.4 - https:\/\/yoast.com\/product\/yoast-seo-wordpress\/ -->\n<title>Zen\u00f3n Mamani es el nuevo Ministro de Desarrollo Productivo y Econom\u00eda Plural - El Diario - Bolivia<\/title>\n<meta name=\"robots\" content=\"index, follow, max-snippet:-1, max-image-preview:large, max-video-preview:-1\" \/>\n<link rel=\"canonical\" href=\"https:\/\/www.eldiario.net\/portal\/2025\/02\/13\/zenon-mamani-es-el-nuevo-ministro-de-desarrollo-productivo-y-economia-plural\/\" \/>\n<meta property=\"og:locale\" content=\"es_ES\" \/>\n<meta property=\"og:type\" content=\"article\" \/>\n<meta property=\"og:title\" content=\"Zen\u00f3n Mamani es el nuevo Ministro de Desarrollo Productivo y Econom\u00eda Plural - El Diario - Bolivia\" \/>\n<meta property=\"og:description\" content=\"Zen\u00f3n Pedro Mamani asume como nuevo Ministro de Desarrollo Productivo y Econom\u00eda Plural, en lugar de N\u00e9stor Huanca. La ex autoridad en su despedida destac\u00f3 los logros del proceso de industrializaci\u00f3n. Las observaciones no se dejaron esperar, debido a su inexperiencia en el tema de desarrollo. Tanto el ex director del Banco Central de Bolivia, [&hellip;]\" \/>\n<meta property=\"og:url\" content=\"https:\/\/www.eldiario.net\/portal\/2025\/02\/13\/zenon-mamani-es-el-nuevo-ministro-de-desarrollo-productivo-y-economia-plural\/\" \/>\n<meta property=\"og:site_name\" content=\"El Diario - Bolivia\" \/>\n<meta property=\"article:publisher\" content=\"https:\/\/www.facebook.com\/eldiario.bolivia\/\" \/>\n<meta property=\"article:published_time\" content=\"2025-02-13T10:18:41+00:00\" \/>\n<meta property=\"og:image\" content=\"https:\/\/www.eldiario.net\/portal\/wp-content\/uploads\/2025\/02\/NUEVO-FOTO.jpg\" \/>\n\t<meta property=\"og:image:width\" content=\"1600\" \/>\n\t<meta property=\"og:image:height\" content=\"1066\" \/>\n\t<meta property=\"og:image:type\" content=\"image\/jpeg\" \/>\n<meta name=\"author\" content=\"Jeanette\" \/>\n<meta name=\"twitter:card\" content=\"summary_large_image\" \/>\n<meta name=\"twitter:creator\" content=\"@eldiario_net\" \/>\n<meta name=\"twitter:site\" content=\"@eldiario_net\" \/>\n<meta name=\"twitter:label1\" content=\"Escrito por\" \/>\n\t<meta name=\"twitter:data1\" content=\"Jeanette\" \/>\n\t<meta name=\"twitter:label2\" content=\"Tiempo de lectura\" \/>\n\t<meta name=\"twitter:data2\" content=\"3 minutos\" \/>\n<script type=\"application\/ld+json\" class=\"yoast-schema-graph\">{\"@context\":\"https:\\\/\\\/schema.org\",\"@graph\":[{\"@type\":\"Article\",\"@id\":\"https:\\\/\\\/www.eldiario.net\\\/portal\\\/2025\\\/02\\\/13\\\/zenon-mamani-es-el-nuevo-ministro-de-desarrollo-productivo-y-economia-plural\\\/#article\",\"isPartOf\":{\"@id\":\"https:\\\/\\\/www.eldiario.net\\\/portal\\\/2025\\\/02\\\/13\\\/zenon-mamani-es-el-nuevo-ministro-de-desarrollo-productivo-y-economia-plural\\\/\"},\"author\":{\"name\":\"Jeanette\",\"@id\":\"https:\\\/\\\/www.eldiario.net\\\/portal\\\/#\\\/schema\\\/person\\\/2c57cf2b7a7ae032e449e4c9b1019eac\"},\"headline\":\"Zen\u00f3n Mamani es el nuevo Ministro de Desarrollo Productivo y Econom\u00eda Plural\",\"datePublished\":\"2025-02-13T10:18:41+00:00\",\"mainEntityOfPage\":{\"@id\":\"https:\\\/\\\/www.eldiario.net\\\/portal\\\/2025\\\/02\\\/13\\\/zenon-mamani-es-el-nuevo-ministro-de-desarrollo-productivo-y-economia-plural\\\/\"},\"wordCount\":633,\"publisher\":{\"@id\":\"https:\\\/\\\/www.eldiario.net\\\/portal\\\/#organization\"},\"image\":{\"@id\":\"https:\\\/\\\/www.eldiario.net\\\/portal\\\/2025\\\/02\\\/13\\\/zenon-mamani-es-el-nuevo-ministro-de-desarrollo-productivo-y-economia-plural\\\/#primaryimage\"},\"thumbnailUrl\":\"https:\\\/\\\/www.eldiario.net\\\/portal\\\/wp-content\\\/uploads\\\/2025\\\/02\\\/NUEVO-FOTO.jpg\",\"articleSection\":[\"Econom\u00eda\"],\"inLanguage\":\"es\"},{\"@type\":\"WebPage\",\"@id\":\"https:\\\/\\\/www.eldiario.net\\\/portal\\\/2025\\\/02\\\/13\\\/zenon-mamani-es-el-nuevo-ministro-de-desarrollo-productivo-y-economia-plural\\\/\",\"url\":\"https:\\\/\\\/www.eldiario.net\\\/portal\\\/2025\\\/02\\\/13\\\/zenon-mamani-es-el-nuevo-ministro-de-desarrollo-productivo-y-economia-plural\\\/\",\"name\":\"Zen\u00f3n Mamani es el nuevo Ministro de Desarrollo Productivo y Econom\u00eda Plural - El Diario - Bolivia\",\"isPartOf\":{\"@id\":\"https:\\\/\\\/www.eldiario.net\\\/portal\\\/#website\"},\"primaryImageOfPage\":{\"@id\":\"https:\\\/\\\/www.eldiario.net\\\/portal\\\/2025\\\/02\\\/13\\\/zenon-mamani-es-el-nuevo-ministro-de-desarrollo-productivo-y-economia-plural\\\/#primaryimage\"},\"image\":{\"@id\":\"https:\\\/\\\/www.eldiario.net\\\/portal\\\/2025\\\/02\\\/13\\\/zenon-mamani-es-el-nuevo-ministro-de-desarrollo-productivo-y-economia-plural\\\/#primaryimage\"},\"thumbnailUrl\":\"https:\\\/\\\/www.eldiario.net\\\/portal\\\/wp-content\\\/uploads\\\/2025\\\/02\\\/NUEVO-FOTO.jpg\",\"datePublished\":\"2025-02-13T10:18:41+00:00\",\"breadcrumb\":{\"@id\":\"https:\\\/\\\/www.eldiario.net\\\/portal\\\/2025\\\/02\\\/13\\\/zenon-mamani-es-el-nuevo-ministro-de-desarrollo-productivo-y-economia-plural\\\/#breadcrumb\"},\"inLanguage\":\"es\",\"potentialAction\":[{\"@type\":\"ReadAction\",\"target\":[\"https:\\\/\\\/www.eldiario.net\\\/portal\\\/2025\\\/02\\\/13\\\/zenon-mamani-es-el-nuevo-ministro-de-desarrollo-productivo-y-economia-plural\\\/\"]}]},{\"@type\":\"ImageObject\",\"inLanguage\":\"es\",\"@id\":\"https:\\\/\\\/www.eldiario.net\\\/portal\\\/2025\\\/02\\\/13\\\/zenon-mamani-es-el-nuevo-ministro-de-desarrollo-productivo-y-economia-plural\\\/#primaryimage\",\"url\":\"https:\\\/\\\/www.eldiario.net\\\/portal\\\/wp-content\\\/uploads\\\/2025\\\/02\\\/NUEVO-FOTO.jpg\",\"contentUrl\":\"https:\\\/\\\/www.eldiario.net\\\/portal\\\/wp-content\\\/uploads\\\/2025\\\/02\\\/NUEVO-FOTO.jpg\",\"width\":1600,\"height\":1066,\"caption\":\"Momentos de la posesi\u00f3n. Foto apg\"},{\"@type\":\"BreadcrumbList\",\"@id\":\"https:\\\/\\\/www.eldiario.net\\\/portal\\\/2025\\\/02\\\/13\\\/zenon-mamani-es-el-nuevo-ministro-de-desarrollo-productivo-y-economia-plural\\\/#breadcrumb\",\"itemListElement\":[{\"@type\":\"ListItem\",\"position\":1,\"name\":\"Portada\",\"item\":\"https:\\\/\\\/www.eldiario.net\\\/portal\\\/\"},{\"@type\":\"ListItem\",\"position\":2,\"name\":\"Zen\u00f3n Mamani es el nuevo Ministro de Desarrollo Productivo y Econom\u00eda Plural\"}]},{\"@type\":\"WebSite\",\"@id\":\"https:\\\/\\\/www.eldiario.net\\\/portal\\\/#website\",\"url\":\"https:\\\/\\\/www.eldiario.net\\\/portal\\\/\",\"name\":\"El Diario - Decano de la prensa nacional\",\"description\":\"El Diario - Decano de la prensa nacional\",\"publisher\":{\"@id\":\"https:\\\/\\\/www.eldiario.net\\\/portal\\\/#organization\"},\"potentialAction\":[{\"@type\":\"SearchAction\",\"target\":{\"@type\":\"EntryPoint\",\"urlTemplate\":\"https:\\\/\\\/www.eldiario.net\\\/portal\\\/?s={search_term_string}\"},\"query-input\":{\"@type\":\"PropertyValueSpecification\",\"valueRequired\":true,\"valueName\":\"search_term_string\"}}],\"inLanguage\":\"es\"},{\"@type\":\"Organization\",\"@id\":\"https:\\\/\\\/www.eldiario.net\\\/portal\\\/#organization\",\"name\":\"El Diario - Decano de la prensa nacional\",\"url\":\"https:\\\/\\\/www.eldiario.net\\\/portal\\\/\",\"logo\":{\"@type\":\"ImageObject\",\"inLanguage\":\"es\",\"@id\":\"https:\\\/\\\/www.eldiario.net\\\/portal\\\/#\\\/schema\\\/logo\\\/image\\\/\",\"url\":\"https:\\\/\\\/www.eldiario.net\\\/portal\\\/wp-content\\\/uploads\\\/2023\\\/07\\\/logo_ED.jpg\",\"contentUrl\":\"https:\\\/\\\/www.eldiario.net\\\/portal\\\/wp-content\\\/uploads\\\/2023\\\/07\\\/logo_ED.jpg\",\"width\":272,\"height\":52,\"caption\":\"El Diario - Decano de la prensa nacional\"},\"image\":{\"@id\":\"https:\\\/\\\/www.eldiario.net\\\/portal\\\/#\\\/schema\\\/logo\\\/image\\\/\"},\"sameAs\":[\"https:\\\/\\\/www.facebook.com\\\/eldiario.bolivia\\\/\",\"https:\\\/\\\/x.com\\\/eldiario_net\"]},{\"@type\":\"Person\",\"@id\":\"https:\\\/\\\/www.eldiario.net\\\/portal\\\/#\\\/schema\\\/person\\\/2c57cf2b7a7ae032e449e4c9b1019eac\",\"name\":\"Jeanette\",\"image\":{\"@type\":\"ImageObject\",\"inLanguage\":\"es\",\"@id\":\"https:\\\/\\\/secure.gravatar.com\\\/avatar\\\/3ea2118a5f7dad2b7138b1187a6b7ee55f160b9968b66013c3a3ef39dd7e5798?s=96&d=mm&r=g\",\"url\":\"https:\\\/\\\/secure.gravatar.com\\\/avatar\\\/3ea2118a5f7dad2b7138b1187a6b7ee55f160b9968b66013c3a3ef39dd7e5798?s=96&d=mm&r=g\",\"contentUrl\":\"https:\\\/\\\/secure.gravatar.com\\\/avatar\\\/3ea2118a5f7dad2b7138b1187a6b7ee55f160b9968b66013c3a3ef39dd7e5798?s=96&d=mm&r=g\",\"caption\":\"Jeanette\"},\"sameAs\":[\"https:\\\/\\\/www.eldiario.net\\\/portal\"],\"url\":\"https:\\\/\\\/www.eldiario.net\\\/portal\\\/author\\\/jeanette\\\/\"}]}<\/script>\n<!-- \/ Yoast SEO plugin. -->","yoast_head_json":{"title":"Zen\u00f3n Mamani es el nuevo Ministro de Desarrollo Productivo y Econom\u00eda Plural - El Diario - Bolivia","robots":{"index":"index","follow":"follow","max-snippet":"max-snippet:-1","max-image-preview":"max-image-preview:large","max-video-preview":"max-video-preview:-1"},"canonical":"https:\/\/www.eldiario.net\/portal\/2025\/02\/13\/zenon-mamani-es-el-nuevo-ministro-de-desarrollo-productivo-y-economia-plural\/","og_locale":"es_ES","og_type":"article","og_title":"Zen\u00f3n Mamani es el nuevo Ministro de Desarrollo Productivo y Econom\u00eda Plural - El Diario - Bolivia","og_description":"Zen\u00f3n Pedro Mamani asume como nuevo Ministro de Desarrollo Productivo y Econom\u00eda Plural, en lugar de N\u00e9stor Huanca. La ex autoridad en su despedida destac\u00f3 los logros del proceso de industrializaci\u00f3n. Las observaciones no se dejaron esperar, debido a su inexperiencia en el tema de desarrollo. Tanto el ex director del Banco Central de Bolivia, [&hellip;]","og_url":"https:\/\/www.eldiario.net\/portal\/2025\/02\/13\/zenon-mamani-es-el-nuevo-ministro-de-desarrollo-productivo-y-economia-plural\/","og_site_name":"El Diario - Bolivia","article_publisher":"https:\/\/www.facebook.com\/eldiario.bolivia\/","article_published_time":"2025-02-13T10:18:41+00:00","og_image":[{"width":1600,"height":1066,"url":"https:\/\/www.eldiario.net\/portal\/wp-content\/uploads\/2025\/02\/NUEVO-FOTO.jpg","type":"image\/jpeg"}],"author":"Jeanette","twitter_card":"summary_large_image","twitter_creator":"@eldiario_net","twitter_site":"@eldiario_net","twitter_misc":{"Escrito por":"Jeanette","Tiempo de lectura":"3 minutos"},"schema":{"@context":"https:\/\/schema.org","@graph":[{"@type":"Article","@id":"https:\/\/www.eldiario.net\/portal\/2025\/02\/13\/zenon-mamani-es-el-nuevo-ministro-de-desarrollo-productivo-y-economia-plural\/#article","isPartOf":{"@id":"https:\/\/www.eldiario.net\/portal\/2025\/02\/13\/zenon-mamani-es-el-nuevo-ministro-de-desarrollo-productivo-y-economia-plural\/"},"author":{"name":"Jeanette","@id":"https:\/\/www.eldiario.net\/portal\/#\/schema\/person\/2c57cf2b7a7ae032e449e4c9b1019eac"},"headline":"Zen\u00f3n Mamani es el nuevo Ministro de Desarrollo Productivo y Econom\u00eda Plural","datePublished":"2025-02-13T10:18:41+00:00","mainEntityOfPage":{"@id":"https:\/\/www.eldiario.net\/portal\/2025\/02\/13\/zenon-mamani-es-el-nuevo-ministro-de-desarrollo-productivo-y-economia-plural\/"},"wordCount":633,"publisher":{"@id":"https:\/\/www.eldiario.net\/portal\/#organization"},"image":{"@id":"https:\/\/www.eldiario.net\/portal\/2025\/02\/13\/zenon-mamani-es-el-nuevo-ministro-de-desarrollo-productivo-y-economia-plural\/#primaryimage"},"thumbnailUrl":"https:\/\/www.eldiario.net\/portal\/wp-content\/uploads\/2025\/02\/NUEVO-FOTO.jpg","articleSection":["Econom\u00eda"],"inLanguage":"es"},{"@type":"WebPage","@id":"https:\/\/www.eldiario.net\/portal\/2025\/02\/13\/zenon-mamani-es-el-nuevo-ministro-de-desarrollo-productivo-y-economia-plural\/","url":"https:\/\/www.eldiario.net\/portal\/2025\/02\/13\/zenon-mamani-es-el-nuevo-ministro-de-desarrollo-productivo-y-economia-plural\/","name":"Zen\u00f3n Mamani es el nuevo Ministro de Desarrollo Productivo y Econom\u00eda Plural - El Diario - Bolivia","isPartOf":{"@id":"https:\/\/www.eldiario.net\/portal\/#website"},"primaryImageOfPage":{"@id":"https:\/\/www.eldiario.net\/portal\/2025\/02\/13\/zenon-mamani-es-el-nuevo-ministro-de-desarrollo-productivo-y-economia-plural\/#primaryimage"},"image":{"@id":"https:\/\/www.eldiario.net\/portal\/2025\/02\/13\/zenon-mamani-es-el-nuevo-ministro-de-desarrollo-productivo-y-economia-plural\/#primaryimage"},"thumbnailUrl":"https:\/\/www.eldiario.net\/portal\/wp-content\/uploads\/2025\/02\/NUEVO-FOTO.jpg","datePublished":"2025-02-13T10:18:41+00:00","breadcrumb":{"@id":"https:\/\/www.eldiario.net\/portal\/2025\/02\/13\/zenon-mamani-es-el-nuevo-ministro-de-desarrollo-productivo-y-economia-plural\/#breadcrumb"},"inLanguage":"es","potentialAction":[{"@type":"ReadAction","target":["https:\/\/www.eldiario.net\/portal\/2025\/02\/13\/zenon-mamani-es-el-nuevo-ministro-de-desarrollo-productivo-y-economia-plural\/"]}]},{"@type":"ImageObject","inLanguage":"es","@id":"https:\/\/www.eldiario.net\/portal\/2025\/02\/13\/zenon-mamani-es-el-nuevo-ministro-de-desarrollo-productivo-y-economia-plural\/#primaryimage","url":"https:\/\/www.eldiario.net\/portal\/wp-content\/uploads\/2025\/02\/NUEVO-FOTO.jpg","contentUrl":"https:\/\/www.eldiario.net\/portal\/wp-content\/uploads\/2025\/02\/NUEVO-FOTO.jpg","width":1600,"height":1066,"caption":"Momentos de la posesi\u00f3n. Foto apg"},{"@type":"BreadcrumbList","@id":"https:\/\/www.eldiario.net\/portal\/2025\/02\/13\/zenon-mamani-es-el-nuevo-ministro-de-desarrollo-productivo-y-economia-plural\/#breadcrumb","itemListElement":[{"@type":"ListItem","position":1,"name":"Portada","item":"https:\/\/www.eldiario.net\/portal\/"},{"@type":"ListItem","position":2,"name":"Zen\u00f3n Mamani es el nuevo Ministro de Desarrollo Productivo y Econom\u00eda Plural"}]},{"@type":"WebSite","@id":"https:\/\/www.eldiario.net\/portal\/#website","url":"https:\/\/www.eldiario.net\/portal\/","name":"El Diario - Decano de la prensa nacional","description":"El Diario - Decano de la prensa nacional","publisher":{"@id":"https:\/\/www.eldiario.net\/portal\/#organization"},"potentialAction":[{"@type":"SearchAction","target":{"@type":"EntryPoint","urlTemplate":"https:\/\/www.eldiario.net\/portal\/?s={search_term_string}"},"query-input":{"@type":"PropertyValueSpecification","valueRequired":true,"valueName":"search_term_string"}}],"inLanguage":"es"},{"@type":"Organization","@id":"https:\/\/www.eldiario.net\/portal\/#organization","name":"El Diario - Decano de la prensa nacional","url":"https:\/\/www.eldiario.net\/portal\/","logo":{"@type":"ImageObject","inLanguage":"es","@id":"https:\/\/www.eldiario.net\/portal\/#\/schema\/logo\/image\/","url":"https:\/\/www.eldiario.net\/portal\/wp-content\/uploads\/2023\/07\/logo_ED.jpg","contentUrl":"https:\/\/www.eldiario.net\/portal\/wp-content\/uploads\/2023\/07\/logo_ED.jpg","width":272,"height":52,"caption":"El Diario - Decano de la prensa nacional"},"image":{"@id":"https:\/\/www.eldiario.net\/portal\/#\/schema\/logo\/image\/"},"sameAs":["https:\/\/www.facebook.com\/eldiario.bolivia\/","https:\/\/x.com\/eldiario_net"]},{"@type":"Person","@id":"https:\/\/www.eldiario.net\/portal\/#\/schema\/person\/2c57cf2b7a7ae032e449e4c9b1019eac","name":"Jeanette","image":{"@type":"ImageObject","inLanguage":"es","@id":"https:\/\/secure.gravatar.com\/avatar\/3ea2118a5f7dad2b7138b1187a6b7ee55f160b9968b66013c3a3ef39dd7e5798?s=96&d=mm&r=g","url":"https:\/\/secure.gravatar.com\/avatar\/3ea2118a5f7dad2b7138b1187a6b7ee55f160b9968b66013c3a3ef39dd7e5798?s=96&d=mm&r=g","contentUrl":"https:\/\/secure.gravatar.com\/avatar\/3ea2118a5f7dad2b7138b1187a6b7ee55f160b9968b66013c3a3ef39dd7e5798?s=96&d=mm&r=g","caption":"Jeanette"},"sameAs":["https:\/\/www.eldiario.net\/portal"],"url":"https:\/\/www.eldiario.net\/portal\/author\/jeanette\/"}]}},"_links":{"self":[{"href":"https:\/\/www.eldiario.net\/portal\/wp-json\/wp\/v2\/posts\/281548","targetHints":{"allow":["GET"]}}],"collection":[{"href":"https:\/\/www.eldiario.net\/portal\/wp-json\/wp\/v2\/posts"}],"about":[{"href":"https:\/\/www.eldiario.net\/portal\/wp-json\/wp\/v2\/types\/post"}],"author":[{"embeddable":true,"href":"https:\/\/www.eldiario.net\/portal\/wp-json\/wp\/v2\/users\/1"}],"replies":[{"embeddable":true,"href":"https:\/\/www.eldiario.net\/portal\/wp-json\/wp\/v2\/comments?post=281548"}],"version-history":[{"count":1,"href":"https:\/\/www.eldiario.net\/portal\/wp-json\/wp\/v2\/posts\/281548\/revisions"}],"predecessor-version":[{"id":281550,"href":"https:\/\/www.eldiario.net\/portal\/wp-json\/wp\/v2\/posts\/281548\/revisions\/281550"}],"wp:featuredmedia":[{"embeddable":true,"href":"https:\/\/www.eldiario.net\/portal\/wp-json\/wp\/v2\/media\/281549"}],"wp:attachment":[{"href":"https:\/\/www.eldiario.net\/portal\/wp-json\/wp\/v2\/media?parent=281548"}],"wp:term":[{"taxonomy":"category","embeddable":true,"href":"https:\/\/www.eldiario.net\/portal\/wp-json\/wp\/v2\/categories?post=281548"},{"taxonomy":"post_tag","embeddable":true,"href":"https:\/\/www.eldiario.net\/portal\/wp-json\/wp\/v2\/tags?post=281548"}],"curies":[{"name":"wp","href":"https:\/\/api.w.org\/{rel}","templated":true}]}}