{"id":281437,"date":"2025-02-13T05:48:19","date_gmt":"2025-02-13T09:48:19","guid":{"rendered":"https:\/\/www.eldiario.net\/portal\/?p=281437"},"modified":"2025-02-13T05:48:19","modified_gmt":"2025-02-13T09:48:19","slug":"la-fundicion-de-hierro-del-mutun-es-solo-promesa","status":"publish","type":"post","link":"https:\/\/www.eldiario.net\/portal\/2025\/02\/13\/la-fundicion-de-hierro-del-mutun-es-solo-promesa\/","title":{"rendered":"La fundici\u00f3n de hierro del Mut\u00fan es solo promesa"},"content":{"rendered":"<p><em>La llamada industrializaci\u00f3n del pa\u00eds, proclamada a los cuatro vientos desde 2006, es un affaire digno de la atenci\u00f3n de la ciudadan\u00eda, por el escandaloso fracaso en que desemboc\u00f3, despu\u00e9s de que el r\u00e9gimen masista dijo que iba a ser uno de los pilares de la econom\u00eda del Estado Plurinacional, comunitario y otras lindezas del \u201cprimer presidente ind\u00edgena de Bolivia\u201d y sus aparceros.<\/em><\/p>\n<p><em>Por ejemplo, la decisi\u00f3n de instalar la Planta Sider\u00fargica del Mut\u00fan, para industrializar el hierro del yacimiento ubicado en el municipio de Puerto Su\u00e1rez, del departamento de Santa Cruz, tomada por el r\u00e9gimen masista, es poco menos que un misterio, debido a que esa obra nunca fue licitada y se la aprob\u00f3 en la forma de \u201cle meto nom\u00e1s y mis abogados lo arreglar\u00e1n, porque para eso pago\u201d, caracter\u00edstica del ex presidente Evo Morales Ayma.<\/em><\/p>\n<p><em>Seg\u00fan las malas lenguas, los primeros equipos adquiridos para dicha fundici\u00f3n, adem\u00e1s de ser requeridas entre gallos y medianoche, eran saldo de una vieja fundidora china. Adem\u00e1s, ya no ten\u00eda valor ni precio. Pese a todo, fue adquirida en el tiempo de las \u201cvacas gordas\u201d, cuando el Estado Plurinacional nadaba en d\u00f3lares, por exportaci\u00f3n de gas y otras materias primas que ten\u00edan altas cotizaciones.<\/em><\/p>\n<p><em>Medios de comunicaci\u00f3n oficialistas anunciaron entonces que la fundici\u00f3n estatal del Mut\u00fan no exportar\u00eda materia prima, sino productos elaborados, como acero a nivel industrial, que el Estado ahorrar\u00eda millones de d\u00f3lares y otras \u201cmaravillas\u201d. Seg\u00fan la propaganda, la planta fundidora deb\u00eda estar en producci\u00f3n hace a\u00f1os, despu\u00e9s se dijo que ser\u00eda en 2023, pero solo fue otra promesa incumplida.<\/em><\/p>\n<p><em>Es decir que ese \u201celefante blanco\u201d no funcion\u00f3 como fue anunciado y de poco sirvieron los millones de d\u00f3lares gastados para su adquisici\u00f3n. En consecuencia, hasta ahora no se funde grandes cantidades de hierro del yacimiento, considerado \u201cel m\u00e1s m\u00e1s grande del mundo\u201d. En segundo lugar, se dedic\u00f3 a exportar solo mineral de hierro y, en esa forma, aument\u00f3 la dependencia colonial del pa\u00eds, as\u00ed como su empobrecimiento.<\/em><\/p>\n<p><em>Los gobiernos masistas son responsables de ese fracaso, pues con frecuencia manifestaron que la fundici\u00f3n en el Mut\u00fan invadir\u00eda con su producci\u00f3n industrial todo el pa\u00eds, lo que no sucede hasta hoy. Sin embargo, los administradores del Estado Plurinacional ahora informan que ese negocio tiene \u201cretraso\u201d y s\u00f3lo operar\u00e1 a fines de este a\u00f1o en cien por ciento. Es algo muy dudoso, por cierto, porque en boca del mentiroso, lo cierto se hace dudoso.<\/em><\/p>\n<p><em>En efecto, para que esa fundici\u00f3n trabaje a plenitud, primero debe ser terminada y probada con su funcionamiento pleno. Y segundo, debe tener suficiente gas para fundir, pero he ah\u00ed el problema, \u00a1el pa\u00eds se va quedando sin gas!<\/em><\/p>\n","protected":false},"excerpt":{"rendered":"<p>La llamada industrializaci\u00f3n del pa\u00eds, proclamada a los cuatro vientos desde 2006, es un affaire digno de la atenci\u00f3n de la ciudadan\u00eda, por el escandaloso fracaso en que desemboc\u00f3, despu\u00e9s de que el r\u00e9gimen masista dijo que iba a ser uno de los pilares de la econom\u00eda del Estado Plurinacional, comunitario y otras lindezas del [&hellip;]<\/p>\n","protected":false},"author":1,"featured_media":194776,"comment_status":"closed","ping_status":"open","sticky":false,"template":"","format":"standard","meta":{"_acf_changed":false,"footnotes":""},"categories":[4],"tags":[],"class_list":["post-281437","post","type-post","status-publish","format-standard","has-post-thumbnail","category-editorial"],"acf":{"antetitulo":""},"yoast_head":"<!-- This site is optimized with the Yoast SEO plugin v28.3 - https:\/\/yoast.com\/product\/yoast-seo-wordpress\/ -->\n<title>La fundici\u00f3n de hierro del Mut\u00fan es solo promesa - El Diario - Bolivia<\/title>\n<meta name=\"robots\" content=\"index, follow, max-snippet:-1, max-image-preview:large, max-video-preview:-1\" \/>\n<link rel=\"canonical\" href=\"https:\/\/www.eldiario.net\/portal\/2025\/02\/13\/la-fundicion-de-hierro-del-mutun-es-solo-promesa\/\" \/>\n<meta property=\"og:locale\" content=\"es_ES\" \/>\n<meta property=\"og:type\" content=\"article\" \/>\n<meta property=\"og:title\" content=\"La fundici\u00f3n de hierro del Mut\u00fan es solo promesa - El Diario - Bolivia\" \/>\n<meta property=\"og:description\" content=\"La llamada industrializaci\u00f3n del pa\u00eds, proclamada a los cuatro vientos desde 2006, es un affaire digno de la atenci\u00f3n de la ciudadan\u00eda, por el escandaloso fracaso en que desemboc\u00f3, despu\u00e9s de que el r\u00e9gimen masista dijo que iba a ser uno de los pilares de la econom\u00eda del Estado Plurinacional, comunitario y otras lindezas del [&hellip;]\" \/>\n<meta property=\"og:url\" content=\"https:\/\/www.eldiario.net\/portal\/2025\/02\/13\/la-fundicion-de-hierro-del-mutun-es-solo-promesa\/\" \/>\n<meta property=\"og:site_name\" content=\"El Diario - Bolivia\" \/>\n<meta property=\"article:publisher\" content=\"https:\/\/www.facebook.com\/eldiario.bolivia\/\" \/>\n<meta property=\"article:published_time\" content=\"2025-02-13T09:48:19+00:00\" \/>\n<meta property=\"og:image\" content=\"https:\/\/www.eldiario.net\/portal\/wp-content\/uploads\/2023\/12\/Editorial.jpg\" \/>\n\t<meta property=\"og:image:width\" content=\"800\" \/>\n\t<meta property=\"og:image:height\" content=\"500\" \/>\n\t<meta property=\"og:image:type\" content=\"image\/jpeg\" \/>\n<meta name=\"author\" content=\"Jeanette\" \/>\n<meta name=\"twitter:card\" content=\"summary_large_image\" \/>\n<meta name=\"twitter:creator\" content=\"@eldiario_net\" \/>\n<meta name=\"twitter:site\" content=\"@eldiario_net\" \/>\n<meta name=\"twitter:label1\" content=\"Escrito por\" \/>\n\t<meta name=\"twitter:data1\" content=\"Jeanette\" \/>\n\t<meta name=\"twitter:label2\" content=\"Tiempo de lectura\" \/>\n\t<meta name=\"twitter:data2\" content=\"3 minutos\" \/>\n<script type=\"application\/ld+json\" class=\"yoast-schema-graph\">{\"@context\":\"https:\\\/\\\/schema.org\",\"@graph\":[{\"@type\":\"Article\",\"@id\":\"https:\\\/\\\/www.eldiario.net\\\/portal\\\/2025\\\/02\\\/13\\\/la-fundicion-de-hierro-del-mutun-es-solo-promesa\\\/#article\",\"isPartOf\":{\"@id\":\"https:\\\/\\\/www.eldiario.net\\\/portal\\\/2025\\\/02\\\/13\\\/la-fundicion-de-hierro-del-mutun-es-solo-promesa\\\/\"},\"author\":{\"name\":\"Jeanette\",\"@id\":\"https:\\\/\\\/www.eldiario.net\\\/portal\\\/#\\\/schema\\\/person\\\/f46445640444750d7d753ccd04ae01b7\"},\"headline\":\"La fundici\u00f3n de hierro del Mut\u00fan es solo promesa\",\"datePublished\":\"2025-02-13T09:48:19+00:00\",\"mainEntityOfPage\":{\"@id\":\"https:\\\/\\\/www.eldiario.net\\\/portal\\\/2025\\\/02\\\/13\\\/la-fundicion-de-hierro-del-mutun-es-solo-promesa\\\/\"},\"wordCount\":501,\"publisher\":{\"@id\":\"https:\\\/\\\/www.eldiario.net\\\/portal\\\/#organization\"},\"image\":{\"@id\":\"https:\\\/\\\/www.eldiario.net\\\/portal\\\/2025\\\/02\\\/13\\\/la-fundicion-de-hierro-del-mutun-es-solo-promesa\\\/#primaryimage\"},\"thumbnailUrl\":\"https:\\\/\\\/www.eldiario.net\\\/portal\\\/wp-content\\\/uploads\\\/2023\\\/12\\\/Editorial.jpg\",\"articleSection\":[\"Editorial\"],\"inLanguage\":\"es\"},{\"@type\":\"WebPage\",\"@id\":\"https:\\\/\\\/www.eldiario.net\\\/portal\\\/2025\\\/02\\\/13\\\/la-fundicion-de-hierro-del-mutun-es-solo-promesa\\\/\",\"url\":\"https:\\\/\\\/www.eldiario.net\\\/portal\\\/2025\\\/02\\\/13\\\/la-fundicion-de-hierro-del-mutun-es-solo-promesa\\\/\",\"name\":\"La fundici\u00f3n de hierro del Mut\u00fan es solo promesa - El Diario - Bolivia\",\"isPartOf\":{\"@id\":\"https:\\\/\\\/www.eldiario.net\\\/portal\\\/#website\"},\"primaryImageOfPage\":{\"@id\":\"https:\\\/\\\/www.eldiario.net\\\/portal\\\/2025\\\/02\\\/13\\\/la-fundicion-de-hierro-del-mutun-es-solo-promesa\\\/#primaryimage\"},\"image\":{\"@id\":\"https:\\\/\\\/www.eldiario.net\\\/portal\\\/2025\\\/02\\\/13\\\/la-fundicion-de-hierro-del-mutun-es-solo-promesa\\\/#primaryimage\"},\"thumbnailUrl\":\"https:\\\/\\\/www.eldiario.net\\\/portal\\\/wp-content\\\/uploads\\\/2023\\\/12\\\/Editorial.jpg\",\"datePublished\":\"2025-02-13T09:48:19+00:00\",\"breadcrumb\":{\"@id\":\"https:\\\/\\\/www.eldiario.net\\\/portal\\\/2025\\\/02\\\/13\\\/la-fundicion-de-hierro-del-mutun-es-solo-promesa\\\/#breadcrumb\"},\"inLanguage\":\"es\",\"potentialAction\":[{\"@type\":\"ReadAction\",\"target\":[\"https:\\\/\\\/www.eldiario.net\\\/portal\\\/2025\\\/02\\\/13\\\/la-fundicion-de-hierro-del-mutun-es-solo-promesa\\\/\"]}]},{\"@type\":\"ImageObject\",\"inLanguage\":\"es\",\"@id\":\"https:\\\/\\\/www.eldiario.net\\\/portal\\\/2025\\\/02\\\/13\\\/la-fundicion-de-hierro-del-mutun-es-solo-promesa\\\/#primaryimage\",\"url\":\"https:\\\/\\\/www.eldiario.net\\\/portal\\\/wp-content\\\/uploads\\\/2023\\\/12\\\/Editorial.jpg\",\"contentUrl\":\"https:\\\/\\\/www.eldiario.net\\\/portal\\\/wp-content\\\/uploads\\\/2023\\\/12\\\/Editorial.jpg\",\"width\":800,\"height\":500},{\"@type\":\"BreadcrumbList\",\"@id\":\"https:\\\/\\\/www.eldiario.net\\\/portal\\\/2025\\\/02\\\/13\\\/la-fundicion-de-hierro-del-mutun-es-solo-promesa\\\/#breadcrumb\",\"itemListElement\":[{\"@type\":\"ListItem\",\"position\":1,\"name\":\"Portada\",\"item\":\"https:\\\/\\\/www.eldiario.net\\\/portal\\\/\"},{\"@type\":\"ListItem\",\"position\":2,\"name\":\"La fundici\u00f3n de hierro del Mut\u00fan es solo promesa\"}]},{\"@type\":\"WebSite\",\"@id\":\"https:\\\/\\\/www.eldiario.net\\\/portal\\\/#website\",\"url\":\"https:\\\/\\\/www.eldiario.net\\\/portal\\\/\",\"name\":\"El Diario - Decano de la prensa nacional\",\"description\":\"El Diario - Decano de la prensa nacional\",\"publisher\":{\"@id\":\"https:\\\/\\\/www.eldiario.net\\\/portal\\\/#organization\"},\"potentialAction\":[{\"@type\":\"SearchAction\",\"target\":{\"@type\":\"EntryPoint\",\"urlTemplate\":\"https:\\\/\\\/www.eldiario.net\\\/portal\\\/?s={search_term_string}\"},\"query-input\":{\"@type\":\"PropertyValueSpecification\",\"valueRequired\":true,\"valueName\":\"search_term_string\"}}],\"inLanguage\":\"es\"},{\"@type\":\"Organization\",\"@id\":\"https:\\\/\\\/www.eldiario.net\\\/portal\\\/#organization\",\"name\":\"El Diario - Decano de la prensa nacional\",\"url\":\"https:\\\/\\\/www.eldiario.net\\\/portal\\\/\",\"logo\":{\"@type\":\"ImageObject\",\"inLanguage\":\"es\",\"@id\":\"https:\\\/\\\/www.eldiario.net\\\/portal\\\/#\\\/schema\\\/logo\\\/image\\\/\",\"url\":\"https:\\\/\\\/www.eldiario.net\\\/portal\\\/wp-content\\\/uploads\\\/2023\\\/07\\\/logo_ED.jpg\",\"contentUrl\":\"https:\\\/\\\/www.eldiario.net\\\/portal\\\/wp-content\\\/uploads\\\/2023\\\/07\\\/logo_ED.jpg\",\"width\":272,\"height\":52,\"caption\":\"El Diario - Decano de la prensa nacional\"},\"image\":{\"@id\":\"https:\\\/\\\/www.eldiario.net\\\/portal\\\/#\\\/schema\\\/logo\\\/image\\\/\"},\"sameAs\":[\"https:\\\/\\\/www.facebook.com\\\/eldiario.bolivia\\\/\",\"https:\\\/\\\/x.com\\\/eldiario_net\"]},{\"@type\":\"Person\",\"@id\":\"https:\\\/\\\/www.eldiario.net\\\/portal\\\/#\\\/schema\\\/person\\\/f46445640444750d7d753ccd04ae01b7\",\"name\":\"Jeanette\",\"image\":{\"@type\":\"ImageObject\",\"inLanguage\":\"es\",\"@id\":\"https:\\\/\\\/secure.gravatar.com\\\/avatar\\\/3ea2118a5f7dad2b7138b1187a6b7ee55f160b9968b66013c3a3ef39dd7e5798?s=96&d=mm&r=g\",\"url\":\"https:\\\/\\\/secure.gravatar.com\\\/avatar\\\/3ea2118a5f7dad2b7138b1187a6b7ee55f160b9968b66013c3a3ef39dd7e5798?s=96&d=mm&r=g\",\"contentUrl\":\"https:\\\/\\\/secure.gravatar.com\\\/avatar\\\/3ea2118a5f7dad2b7138b1187a6b7ee55f160b9968b66013c3a3ef39dd7e5798?s=96&d=mm&r=g\",\"caption\":\"Jeanette\"},\"sameAs\":[\"https:\\\/\\\/www.eldiario.net\\\/portal\"],\"url\":\"https:\\\/\\\/www.eldiario.net\\\/portal\\\/author\\\/jeanette\\\/\"}]}<\/script>\n<!-- \/ Yoast SEO plugin. -->","yoast_head_json":{"title":"La fundici\u00f3n de hierro del Mut\u00fan es solo promesa - El Diario - Bolivia","robots":{"index":"index","follow":"follow","max-snippet":"max-snippet:-1","max-image-preview":"max-image-preview:large","max-video-preview":"max-video-preview:-1"},"canonical":"https:\/\/www.eldiario.net\/portal\/2025\/02\/13\/la-fundicion-de-hierro-del-mutun-es-solo-promesa\/","og_locale":"es_ES","og_type":"article","og_title":"La fundici\u00f3n de hierro del Mut\u00fan es solo promesa - El Diario - Bolivia","og_description":"La llamada industrializaci\u00f3n del pa\u00eds, proclamada a los cuatro vientos desde 2006, es un affaire digno de la atenci\u00f3n de la ciudadan\u00eda, por el escandaloso fracaso en que desemboc\u00f3, despu\u00e9s de que el r\u00e9gimen masista dijo que iba a ser uno de los pilares de la econom\u00eda del Estado Plurinacional, comunitario y otras lindezas del [&hellip;]","og_url":"https:\/\/www.eldiario.net\/portal\/2025\/02\/13\/la-fundicion-de-hierro-del-mutun-es-solo-promesa\/","og_site_name":"El Diario - Bolivia","article_publisher":"https:\/\/www.facebook.com\/eldiario.bolivia\/","article_published_time":"2025-02-13T09:48:19+00:00","og_image":[{"width":800,"height":500,"url":"https:\/\/www.eldiario.net\/portal\/wp-content\/uploads\/2023\/12\/Editorial.jpg","type":"image\/jpeg"}],"author":"Jeanette","twitter_card":"summary_large_image","twitter_creator":"@eldiario_net","twitter_site":"@eldiario_net","twitter_misc":{"Escrito por":"Jeanette","Tiempo de lectura":"3 minutos"},"schema":{"@context":"https:\/\/schema.org","@graph":[{"@type":"Article","@id":"https:\/\/www.eldiario.net\/portal\/2025\/02\/13\/la-fundicion-de-hierro-del-mutun-es-solo-promesa\/#article","isPartOf":{"@id":"https:\/\/www.eldiario.net\/portal\/2025\/02\/13\/la-fundicion-de-hierro-del-mutun-es-solo-promesa\/"},"author":{"name":"Jeanette","@id":"https:\/\/www.eldiario.net\/portal\/#\/schema\/person\/f46445640444750d7d753ccd04ae01b7"},"headline":"La fundici\u00f3n de hierro del Mut\u00fan es solo promesa","datePublished":"2025-02-13T09:48:19+00:00","mainEntityOfPage":{"@id":"https:\/\/www.eldiario.net\/portal\/2025\/02\/13\/la-fundicion-de-hierro-del-mutun-es-solo-promesa\/"},"wordCount":501,"publisher":{"@id":"https:\/\/www.eldiario.net\/portal\/#organization"},"image":{"@id":"https:\/\/www.eldiario.net\/portal\/2025\/02\/13\/la-fundicion-de-hierro-del-mutun-es-solo-promesa\/#primaryimage"},"thumbnailUrl":"https:\/\/www.eldiario.net\/portal\/wp-content\/uploads\/2023\/12\/Editorial.jpg","articleSection":["Editorial"],"inLanguage":"es"},{"@type":"WebPage","@id":"https:\/\/www.eldiario.net\/portal\/2025\/02\/13\/la-fundicion-de-hierro-del-mutun-es-solo-promesa\/","url":"https:\/\/www.eldiario.net\/portal\/2025\/02\/13\/la-fundicion-de-hierro-del-mutun-es-solo-promesa\/","name":"La fundici\u00f3n de hierro del Mut\u00fan es solo promesa - El Diario - Bolivia","isPartOf":{"@id":"https:\/\/www.eldiario.net\/portal\/#website"},"primaryImageOfPage":{"@id":"https:\/\/www.eldiario.net\/portal\/2025\/02\/13\/la-fundicion-de-hierro-del-mutun-es-solo-promesa\/#primaryimage"},"image":{"@id":"https:\/\/www.eldiario.net\/portal\/2025\/02\/13\/la-fundicion-de-hierro-del-mutun-es-solo-promesa\/#primaryimage"},"thumbnailUrl":"https:\/\/www.eldiario.net\/portal\/wp-content\/uploads\/2023\/12\/Editorial.jpg","datePublished":"2025-02-13T09:48:19+00:00","breadcrumb":{"@id":"https:\/\/www.eldiario.net\/portal\/2025\/02\/13\/la-fundicion-de-hierro-del-mutun-es-solo-promesa\/#breadcrumb"},"inLanguage":"es","potentialAction":[{"@type":"ReadAction","target":["https:\/\/www.eldiario.net\/portal\/2025\/02\/13\/la-fundicion-de-hierro-del-mutun-es-solo-promesa\/"]}]},{"@type":"ImageObject","inLanguage":"es","@id":"https:\/\/www.eldiario.net\/portal\/2025\/02\/13\/la-fundicion-de-hierro-del-mutun-es-solo-promesa\/#primaryimage","url":"https:\/\/www.eldiario.net\/portal\/wp-content\/uploads\/2023\/12\/Editorial.jpg","contentUrl":"https:\/\/www.eldiario.net\/portal\/wp-content\/uploads\/2023\/12\/Editorial.jpg","width":800,"height":500},{"@type":"BreadcrumbList","@id":"https:\/\/www.eldiario.net\/portal\/2025\/02\/13\/la-fundicion-de-hierro-del-mutun-es-solo-promesa\/#breadcrumb","itemListElement":[{"@type":"ListItem","position":1,"name":"Portada","item":"https:\/\/www.eldiario.net\/portal\/"},{"@type":"ListItem","position":2,"name":"La fundici\u00f3n de hierro del Mut\u00fan es solo promesa"}]},{"@type":"WebSite","@id":"https:\/\/www.eldiario.net\/portal\/#website","url":"https:\/\/www.eldiario.net\/portal\/","name":"El Diario - Decano de la prensa nacional","description":"El Diario - Decano de la prensa nacional","publisher":{"@id":"https:\/\/www.eldiario.net\/portal\/#organization"},"potentialAction":[{"@type":"SearchAction","target":{"@type":"EntryPoint","urlTemplate":"https:\/\/www.eldiario.net\/portal\/?s={search_term_string}"},"query-input":{"@type":"PropertyValueSpecification","valueRequired":true,"valueName":"search_term_string"}}],"inLanguage":"es"},{"@type":"Organization","@id":"https:\/\/www.eldiario.net\/portal\/#organization","name":"El Diario - Decano de la prensa nacional","url":"https:\/\/www.eldiario.net\/portal\/","logo":{"@type":"ImageObject","inLanguage":"es","@id":"https:\/\/www.eldiario.net\/portal\/#\/schema\/logo\/image\/","url":"https:\/\/www.eldiario.net\/portal\/wp-content\/uploads\/2023\/07\/logo_ED.jpg","contentUrl":"https:\/\/www.eldiario.net\/portal\/wp-content\/uploads\/2023\/07\/logo_ED.jpg","width":272,"height":52,"caption":"El Diario - Decano de la prensa nacional"},"image":{"@id":"https:\/\/www.eldiario.net\/portal\/#\/schema\/logo\/image\/"},"sameAs":["https:\/\/www.facebook.com\/eldiario.bolivia\/","https:\/\/x.com\/eldiario_net"]},{"@type":"Person","@id":"https:\/\/www.eldiario.net\/portal\/#\/schema\/person\/f46445640444750d7d753ccd04ae01b7","name":"Jeanette","image":{"@type":"ImageObject","inLanguage":"es","@id":"https:\/\/secure.gravatar.com\/avatar\/3ea2118a5f7dad2b7138b1187a6b7ee55f160b9968b66013c3a3ef39dd7e5798?s=96&d=mm&r=g","url":"https:\/\/secure.gravatar.com\/avatar\/3ea2118a5f7dad2b7138b1187a6b7ee55f160b9968b66013c3a3ef39dd7e5798?s=96&d=mm&r=g","contentUrl":"https:\/\/secure.gravatar.com\/avatar\/3ea2118a5f7dad2b7138b1187a6b7ee55f160b9968b66013c3a3ef39dd7e5798?s=96&d=mm&r=g","caption":"Jeanette"},"sameAs":["https:\/\/www.eldiario.net\/portal"],"url":"https:\/\/www.eldiario.net\/portal\/author\/jeanette\/"}]}},"_links":{"self":[{"href":"https:\/\/www.eldiario.net\/portal\/wp-json\/wp\/v2\/posts\/281437","targetHints":{"allow":["GET"]}}],"collection":[{"href":"https:\/\/www.eldiario.net\/portal\/wp-json\/wp\/v2\/posts"}],"about":[{"href":"https:\/\/www.eldiario.net\/portal\/wp-json\/wp\/v2\/types\/post"}],"author":[{"embeddable":true,"href":"https:\/\/www.eldiario.net\/portal\/wp-json\/wp\/v2\/users\/1"}],"replies":[{"embeddable":true,"href":"https:\/\/www.eldiario.net\/portal\/wp-json\/wp\/v2\/comments?post=281437"}],"version-history":[{"count":1,"href":"https:\/\/www.eldiario.net\/portal\/wp-json\/wp\/v2\/posts\/281437\/revisions"}],"predecessor-version":[{"id":281438,"href":"https:\/\/www.eldiario.net\/portal\/wp-json\/wp\/v2\/posts\/281437\/revisions\/281438"}],"wp:featuredmedia":[{"embeddable":true,"href":"https:\/\/www.eldiario.net\/portal\/wp-json\/wp\/v2\/media\/194776"}],"wp:attachment":[{"href":"https:\/\/www.eldiario.net\/portal\/wp-json\/wp\/v2\/media?parent=281437"}],"wp:term":[{"taxonomy":"category","embeddable":true,"href":"https:\/\/www.eldiario.net\/portal\/wp-json\/wp\/v2\/categories?post=281437"},{"taxonomy":"post_tag","embeddable":true,"href":"https:\/\/www.eldiario.net\/portal\/wp-json\/wp\/v2\/tags?post=281437"}],"curies":[{"name":"wp","href":"https:\/\/api.w.org\/{rel}","templated":true}]}}