{"id":281435,"date":"2025-02-13T05:47:48","date_gmt":"2025-02-13T09:47:48","guid":{"rendered":"https:\/\/www.eldiario.net\/portal\/?p=281435"},"modified":"2025-02-13T05:47:48","modified_gmt":"2025-02-13T09:47:48","slug":"mercado-y-la-independencia-crucena","status":"publish","type":"post","link":"https:\/\/www.eldiario.net\/portal\/2025\/02\/13\/mercado-y-la-independencia-crucena\/","title":{"rendered":"Mercado y la independencia cruce\u00f1a"},"content":{"rendered":"<p>Muerto heroicamente el coronel Ignacio Warnes en la sangrienta batalla de El Pari, dos hombres cubrieron el escenario militar de Santa Cruz durante nueve a\u00f1os de guerra: el coronel patriota Jos\u00e9 Manuel Mercado, conocido como el \u201cColorao\u201d, y el brigadier realista Francisco Javier Aguilera, el \u201cferoz\u201d, ambos cruce\u00f1os, y, adem\u00e1s, jurados enemigos.<\/p>\n<p>Mercado, al decir de varios estudiosos, se hab\u00eda formado en los ej\u00e9rcitos reales en Cochabamba, que, durante algunos a\u00f1os, en la larga guerra emancipadora, fue la capital de nuestro actual Departamento. Luego pas\u00f3 a La Paz y particip\u00f3 en la revuelta del 16 de julio de 1809 encabezada por Murillo. Aplastada la sedici\u00f3n por el implacable Goyeneche, ejecutados sus principales inspiradores, el \u201cColorao\u201d fug\u00f3 al Per\u00fa y lo volvimos a encontrar en Buenos Aires, donde se integr\u00f3 al ej\u00e9rcito platense o Ej\u00e9rcito del Norte. No existe una documentaci\u00f3n precisa sobre Mercado en esos a\u00f1os, pero afirman los historiadores que en Buenos Aires conoci\u00f3 a Ignacio Warnes y que conform\u00f3 las huestes del brigadier Rondeau en el cerco a Montevideo y que tambi\u00e9n acompa\u00f1\u00f3 a las tropas del general Belgrano en su incursi\u00f3n a Paraguay. Incorporado plenamente en el Ej\u00e9rcito del Norte combati\u00f3 a \u00f3rdenes de Belgrano en las victoriosas batallas de Tucum\u00e1n y Salta. Sin embargo, estando en Potos\u00ed, Belgrano destin\u00f3 a Warnes como gobernador de Santa Cruz y con \u00e9l se fue Mercado, con lo que ambos se libraron de sufrir o morir en las derrotas de Vilcapugio y Ayohuma.<\/p>\n<p>El \u00abColorao\u201d tuvo una destacada participaci\u00f3n al mando de una facci\u00f3n de la caballer\u00eda patriota en la batalla de La Florida, bajo las \u00f3rdenes de Arenales y Warnes. La victoria de La Florida el 25 de mayo de 1814, donde Warnes remat\u00f3 a sablazos al jefe espa\u00f1ol coronel Blanco que hab\u00eda ca\u00eddo de su caballo, hizo que los ej\u00e9rcitos del Rey desistieran de su prop\u00f3sito de tomar las Provincias Unidas del Rio de La Plata, al extremo que, en Buenos Aires, sabedores del triunfo de La Florida, los ciudadanos echaron campanas al aire y se produjeron escenas de franca alegr\u00eda.<\/p>\n<p>Luego vino la campa\u00f1a de Chiquitos cuando Warnes march\u00f3 en persecuci\u00f3n de los espa\u00f1oles Udaeta y Altolaguirre y dej\u00f3 a Mercado para resguardar Santa Cruz. Warnes obtuvo la gran victoria de Santa B\u00e1rbara que elimin\u00f3 el peligro de que los portugueses (los brasile\u00f1os) se apoderaran de las tierras chiquitanas. Fue un rotundo triunfo del coronel Warnes en el que muri\u00f3 el jefe espa\u00f1ol Udaeta.<\/p>\n<p>Pero el peligro rondaba como un tigre al asecho, para mal de los patriotas: un camba de buena cepa, el brigadier Francisco Javier Aguilera, iniciado como religioso en el Seminario de Charcas, hab\u00eda tomado las armas incorpor\u00e1ndose al ej\u00e9rcito realista, con fervor. Algunos cruce\u00f1os abrazaron la causa del Rey, as\u00ed como muchos otros, la independencia. Aguilera fue enviado por el victorioso general Goyeneche para que apaciguase la \u201crepubliquetas\u201d de Camargo, Padilla y Warnes. El \u201cferoz\u201d brigadier se deshizo de Camargo y derrot\u00f3 a Padilla en La Laguna, haci\u00e9ndole cortar la cabeza como escarmiento. Luego parti\u00f3 hacia Santa Cruz, su tierra, donde ten\u00eda cuentas que ajustar.<\/p>\n<p>Apareci\u00f3 sorpresivamente por donde no se lo esperaba y hubo que enfrentarlo abiertamente. Se dio la batalla de El Pari el 21 de noviembre de 1816, en la que Aguilera venci\u00f3, alentado porque Warnes fue muerto en combate y pese a que el \u201cColorao\u201d Mercado, hab\u00eda desbaratado y perseguido a la caballer\u00eda realista hasta las proximidades de Peji. A partir de ese momento, cuando la cabeza cortada de Warnes fue exhibida en la plaza de Santa Cruz, se acab\u00f3 el Ej\u00e9rcito Cruce\u00f1o, y con los restos de las tropas derrotadas y el apoyo de indios guaran\u00edes, Mercado se instal\u00f3 en la regi\u00f3n de Saipur\u00fa, actual provincia de Cordillera, y desde all\u00ed le hizo una guerrilla perpetua al brigadier Aguilera, osando en alguna oportunidad, como en la noche de Navidad de 1819, retomar por algunas horas la ciudad.<\/p>\n<p>Fue Mercado quien el 14 de febrero de 1825, derrotados los ej\u00e9rcitos espa\u00f1oles por Bol\u00edvar y Sucre, entr\u00f3 con sus hombres en nuestro c\u00e1lido y polvoriento pueblo sin necesidad de combatir, siendo designado como gobernador, cargo muy justo, pero que, en poco tiempo, le fue retirado por \u00f3rdenes de Sucre. Desde entonces, a partir de esa fecha hist\u00f3rica, hasta hoy, Santa Cruz ser\u00eda gobernada desde Chuquisaca o La Paz.<\/p>\n<p>Mercado, poco entusiasta con los ej\u00e9rcitos colombianos y haciendo su propia guerra durante a\u00f1os, no entr\u00f3 en los planes de las nuevas autoridades criollas, muchas de las cuales no hab\u00edan luchado contra Aguilera y, peor, hab\u00edan sido sus partidarios. Algunos afirman que muri\u00f3 abandonado y pobre, lo que pudo suceder. Aunque Ren\u00e9 Moreno en su estudio \u201cNicomedes Antelo\u201d, narra que muri\u00f3 en su casa de esta forma:<\/p>\n<p>\u2013 \u00bfQu\u00e9 dese\u00e1is?, \u00bfqu\u00e9 os gustar\u00eda, mi oro y mi rey? \u2013 le dijo con ternura al o\u00eddo el viejo sirviente del solar en momentos que advert\u00eda en su amo un desasosiego indecible, que era la agon\u00eda.<\/p>\n<p>\u2013 Que me saques de aqu\u00ed a este par de collas \u2013 balbuce\u00f3 el moribundo, se\u00f1alando al prefecto y al de\u00e1n de la catedral, que eran cochabambinos.<\/p>\n<p>Hecho, recit\u00f3 el militar unos cu\u00e1ntos latines y se muri\u00f3 tranquilo.<\/p>\n","protected":false},"excerpt":{"rendered":"<p>Muerto heroicamente el coronel Ignacio Warnes en la sangrienta batalla de El Pari, dos hombres cubrieron el escenario militar de Santa Cruz durante nueve a\u00f1os de guerra: el coronel patriota Jos\u00e9 Manuel Mercado, conocido como el \u201cColorao\u201d, y el brigadier realista Francisco Javier Aguilera, el \u201cferoz\u201d, ambos cruce\u00f1os, y, adem\u00e1s, jurados enemigos. Mercado, al decir [&hellip;]<\/p>\n","protected":false},"author":1,"featured_media":157472,"comment_status":"closed","ping_status":"open","sticky":false,"template":"","format":"standard","meta":{"_acf_changed":false,"footnotes":""},"categories":[9],"tags":[],"class_list":["post-281435","post","type-post","status-publish","format-standard","has-post-thumbnail","category-opinion"],"acf":{"antetitulo":""},"yoast_head":"<!-- This site is optimized with the Yoast SEO plugin v28.3 - https:\/\/yoast.com\/product\/yoast-seo-wordpress\/ -->\n<title>Mercado y la independencia cruce\u00f1a - El Diario - Bolivia<\/title>\n<meta name=\"robots\" content=\"index, follow, max-snippet:-1, max-image-preview:large, max-video-preview:-1\" \/>\n<link rel=\"canonical\" href=\"https:\/\/www.eldiario.net\/portal\/2025\/02\/13\/mercado-y-la-independencia-crucena\/\" \/>\n<meta property=\"og:locale\" content=\"es_ES\" \/>\n<meta property=\"og:type\" content=\"article\" \/>\n<meta property=\"og:title\" content=\"Mercado y la independencia cruce\u00f1a - El Diario - Bolivia\" \/>\n<meta property=\"og:description\" content=\"Muerto heroicamente el coronel Ignacio Warnes en la sangrienta batalla de El Pari, dos hombres cubrieron el escenario militar de Santa Cruz durante nueve a\u00f1os de guerra: el coronel patriota Jos\u00e9 Manuel Mercado, conocido como el \u201cColorao\u201d, y el brigadier realista Francisco Javier Aguilera, el \u201cferoz\u201d, ambos cruce\u00f1os, y, adem\u00e1s, jurados enemigos. Mercado, al decir [&hellip;]\" \/>\n<meta property=\"og:url\" content=\"https:\/\/www.eldiario.net\/portal\/2025\/02\/13\/mercado-y-la-independencia-crucena\/\" \/>\n<meta property=\"og:site_name\" content=\"El Diario - Bolivia\" \/>\n<meta property=\"article:publisher\" content=\"https:\/\/www.facebook.com\/eldiario.bolivia\/\" \/>\n<meta property=\"article:published_time\" content=\"2025-02-13T09:47:48+00:00\" \/>\n<meta property=\"og:image\" content=\"https:\/\/www.eldiario.net\/portal\/wp-content\/uploads\/2023\/06\/Manfredo-Kempff-Suarez.jpg\" \/>\n\t<meta property=\"og:image:width\" content=\"1200\" \/>\n\t<meta property=\"og:image:height\" content=\"628\" \/>\n\t<meta property=\"og:image:type\" content=\"image\/jpeg\" \/>\n<meta name=\"author\" content=\"Jeanette\" \/>\n<meta name=\"twitter:card\" content=\"summary_large_image\" \/>\n<meta name=\"twitter:creator\" content=\"@eldiario_net\" \/>\n<meta name=\"twitter:site\" content=\"@eldiario_net\" \/>\n<meta name=\"twitter:label1\" content=\"Escrito por\" \/>\n\t<meta name=\"twitter:data1\" content=\"Jeanette\" \/>\n\t<meta name=\"twitter:label2\" content=\"Tiempo de lectura\" \/>\n\t<meta name=\"twitter:data2\" content=\"5 minutos\" \/>\n<script type=\"application\/ld+json\" class=\"yoast-schema-graph\">{\"@context\":\"https:\\\/\\\/schema.org\",\"@graph\":[{\"@type\":\"Article\",\"@id\":\"https:\\\/\\\/www.eldiario.net\\\/portal\\\/2025\\\/02\\\/13\\\/mercado-y-la-independencia-crucena\\\/#article\",\"isPartOf\":{\"@id\":\"https:\\\/\\\/www.eldiario.net\\\/portal\\\/2025\\\/02\\\/13\\\/mercado-y-la-independencia-crucena\\\/\"},\"author\":{\"name\":\"Jeanette\",\"@id\":\"https:\\\/\\\/www.eldiario.net\\\/portal\\\/#\\\/schema\\\/person\\\/f46445640444750d7d753ccd04ae01b7\"},\"headline\":\"Mercado y la independencia cruce\u00f1a\",\"datePublished\":\"2025-02-13T09:47:48+00:00\",\"mainEntityOfPage\":{\"@id\":\"https:\\\/\\\/www.eldiario.net\\\/portal\\\/2025\\\/02\\\/13\\\/mercado-y-la-independencia-crucena\\\/\"},\"wordCount\":913,\"publisher\":{\"@id\":\"https:\\\/\\\/www.eldiario.net\\\/portal\\\/#organization\"},\"image\":{\"@id\":\"https:\\\/\\\/www.eldiario.net\\\/portal\\\/2025\\\/02\\\/13\\\/mercado-y-la-independencia-crucena\\\/#primaryimage\"},\"thumbnailUrl\":\"https:\\\/\\\/www.eldiario.net\\\/portal\\\/wp-content\\\/uploads\\\/2023\\\/06\\\/Manfredo-Kempff-Suarez.jpg\",\"articleSection\":[\"Opini\u00f3n\"],\"inLanguage\":\"es\"},{\"@type\":\"WebPage\",\"@id\":\"https:\\\/\\\/www.eldiario.net\\\/portal\\\/2025\\\/02\\\/13\\\/mercado-y-la-independencia-crucena\\\/\",\"url\":\"https:\\\/\\\/www.eldiario.net\\\/portal\\\/2025\\\/02\\\/13\\\/mercado-y-la-independencia-crucena\\\/\",\"name\":\"Mercado y la independencia cruce\u00f1a - El Diario - Bolivia\",\"isPartOf\":{\"@id\":\"https:\\\/\\\/www.eldiario.net\\\/portal\\\/#website\"},\"primaryImageOfPage\":{\"@id\":\"https:\\\/\\\/www.eldiario.net\\\/portal\\\/2025\\\/02\\\/13\\\/mercado-y-la-independencia-crucena\\\/#primaryimage\"},\"image\":{\"@id\":\"https:\\\/\\\/www.eldiario.net\\\/portal\\\/2025\\\/02\\\/13\\\/mercado-y-la-independencia-crucena\\\/#primaryimage\"},\"thumbnailUrl\":\"https:\\\/\\\/www.eldiario.net\\\/portal\\\/wp-content\\\/uploads\\\/2023\\\/06\\\/Manfredo-Kempff-Suarez.jpg\",\"datePublished\":\"2025-02-13T09:47:48+00:00\",\"breadcrumb\":{\"@id\":\"https:\\\/\\\/www.eldiario.net\\\/portal\\\/2025\\\/02\\\/13\\\/mercado-y-la-independencia-crucena\\\/#breadcrumb\"},\"inLanguage\":\"es\",\"potentialAction\":[{\"@type\":\"ReadAction\",\"target\":[\"https:\\\/\\\/www.eldiario.net\\\/portal\\\/2025\\\/02\\\/13\\\/mercado-y-la-independencia-crucena\\\/\"]}]},{\"@type\":\"ImageObject\",\"inLanguage\":\"es\",\"@id\":\"https:\\\/\\\/www.eldiario.net\\\/portal\\\/2025\\\/02\\\/13\\\/mercado-y-la-independencia-crucena\\\/#primaryimage\",\"url\":\"https:\\\/\\\/www.eldiario.net\\\/portal\\\/wp-content\\\/uploads\\\/2023\\\/06\\\/Manfredo-Kempff-Suarez.jpg\",\"contentUrl\":\"https:\\\/\\\/www.eldiario.net\\\/portal\\\/wp-content\\\/uploads\\\/2023\\\/06\\\/Manfredo-Kempff-Suarez.jpg\",\"width\":1200,\"height\":628},{\"@type\":\"BreadcrumbList\",\"@id\":\"https:\\\/\\\/www.eldiario.net\\\/portal\\\/2025\\\/02\\\/13\\\/mercado-y-la-independencia-crucena\\\/#breadcrumb\",\"itemListElement\":[{\"@type\":\"ListItem\",\"position\":1,\"name\":\"Portada\",\"item\":\"https:\\\/\\\/www.eldiario.net\\\/portal\\\/\"},{\"@type\":\"ListItem\",\"position\":2,\"name\":\"Mercado y la independencia cruce\u00f1a\"}]},{\"@type\":\"WebSite\",\"@id\":\"https:\\\/\\\/www.eldiario.net\\\/portal\\\/#website\",\"url\":\"https:\\\/\\\/www.eldiario.net\\\/portal\\\/\",\"name\":\"El Diario - Decano de la prensa nacional\",\"description\":\"El Diario - Decano de la prensa nacional\",\"publisher\":{\"@id\":\"https:\\\/\\\/www.eldiario.net\\\/portal\\\/#organization\"},\"potentialAction\":[{\"@type\":\"SearchAction\",\"target\":{\"@type\":\"EntryPoint\",\"urlTemplate\":\"https:\\\/\\\/www.eldiario.net\\\/portal\\\/?s={search_term_string}\"},\"query-input\":{\"@type\":\"PropertyValueSpecification\",\"valueRequired\":true,\"valueName\":\"search_term_string\"}}],\"inLanguage\":\"es\"},{\"@type\":\"Organization\",\"@id\":\"https:\\\/\\\/www.eldiario.net\\\/portal\\\/#organization\",\"name\":\"El Diario - Decano de la prensa nacional\",\"url\":\"https:\\\/\\\/www.eldiario.net\\\/portal\\\/\",\"logo\":{\"@type\":\"ImageObject\",\"inLanguage\":\"es\",\"@id\":\"https:\\\/\\\/www.eldiario.net\\\/portal\\\/#\\\/schema\\\/logo\\\/image\\\/\",\"url\":\"https:\\\/\\\/www.eldiario.net\\\/portal\\\/wp-content\\\/uploads\\\/2023\\\/07\\\/logo_ED.jpg\",\"contentUrl\":\"https:\\\/\\\/www.eldiario.net\\\/portal\\\/wp-content\\\/uploads\\\/2023\\\/07\\\/logo_ED.jpg\",\"width\":272,\"height\":52,\"caption\":\"El Diario - Decano de la prensa nacional\"},\"image\":{\"@id\":\"https:\\\/\\\/www.eldiario.net\\\/portal\\\/#\\\/schema\\\/logo\\\/image\\\/\"},\"sameAs\":[\"https:\\\/\\\/www.facebook.com\\\/eldiario.bolivia\\\/\",\"https:\\\/\\\/x.com\\\/eldiario_net\"]},{\"@type\":\"Person\",\"@id\":\"https:\\\/\\\/www.eldiario.net\\\/portal\\\/#\\\/schema\\\/person\\\/f46445640444750d7d753ccd04ae01b7\",\"name\":\"Jeanette\",\"image\":{\"@type\":\"ImageObject\",\"inLanguage\":\"es\",\"@id\":\"https:\\\/\\\/secure.gravatar.com\\\/avatar\\\/3ea2118a5f7dad2b7138b1187a6b7ee55f160b9968b66013c3a3ef39dd7e5798?s=96&d=mm&r=g\",\"url\":\"https:\\\/\\\/secure.gravatar.com\\\/avatar\\\/3ea2118a5f7dad2b7138b1187a6b7ee55f160b9968b66013c3a3ef39dd7e5798?s=96&d=mm&r=g\",\"contentUrl\":\"https:\\\/\\\/secure.gravatar.com\\\/avatar\\\/3ea2118a5f7dad2b7138b1187a6b7ee55f160b9968b66013c3a3ef39dd7e5798?s=96&d=mm&r=g\",\"caption\":\"Jeanette\"},\"sameAs\":[\"https:\\\/\\\/www.eldiario.net\\\/portal\"],\"url\":\"https:\\\/\\\/www.eldiario.net\\\/portal\\\/author\\\/jeanette\\\/\"}]}<\/script>\n<!-- \/ Yoast SEO plugin. -->","yoast_head_json":{"title":"Mercado y la independencia cruce\u00f1a - El Diario - Bolivia","robots":{"index":"index","follow":"follow","max-snippet":"max-snippet:-1","max-image-preview":"max-image-preview:large","max-video-preview":"max-video-preview:-1"},"canonical":"https:\/\/www.eldiario.net\/portal\/2025\/02\/13\/mercado-y-la-independencia-crucena\/","og_locale":"es_ES","og_type":"article","og_title":"Mercado y la independencia cruce\u00f1a - El Diario - Bolivia","og_description":"Muerto heroicamente el coronel Ignacio Warnes en la sangrienta batalla de El Pari, dos hombres cubrieron el escenario militar de Santa Cruz durante nueve a\u00f1os de guerra: el coronel patriota Jos\u00e9 Manuel Mercado, conocido como el \u201cColorao\u201d, y el brigadier realista Francisco Javier Aguilera, el \u201cferoz\u201d, ambos cruce\u00f1os, y, adem\u00e1s, jurados enemigos. Mercado, al decir [&hellip;]","og_url":"https:\/\/www.eldiario.net\/portal\/2025\/02\/13\/mercado-y-la-independencia-crucena\/","og_site_name":"El Diario - Bolivia","article_publisher":"https:\/\/www.facebook.com\/eldiario.bolivia\/","article_published_time":"2025-02-13T09:47:48+00:00","og_image":[{"width":1200,"height":628,"url":"https:\/\/www.eldiario.net\/portal\/wp-content\/uploads\/2023\/06\/Manfredo-Kempff-Suarez.jpg","type":"image\/jpeg"}],"author":"Jeanette","twitter_card":"summary_large_image","twitter_creator":"@eldiario_net","twitter_site":"@eldiario_net","twitter_misc":{"Escrito por":"Jeanette","Tiempo de lectura":"5 minutos"},"schema":{"@context":"https:\/\/schema.org","@graph":[{"@type":"Article","@id":"https:\/\/www.eldiario.net\/portal\/2025\/02\/13\/mercado-y-la-independencia-crucena\/#article","isPartOf":{"@id":"https:\/\/www.eldiario.net\/portal\/2025\/02\/13\/mercado-y-la-independencia-crucena\/"},"author":{"name":"Jeanette","@id":"https:\/\/www.eldiario.net\/portal\/#\/schema\/person\/f46445640444750d7d753ccd04ae01b7"},"headline":"Mercado y la independencia cruce\u00f1a","datePublished":"2025-02-13T09:47:48+00:00","mainEntityOfPage":{"@id":"https:\/\/www.eldiario.net\/portal\/2025\/02\/13\/mercado-y-la-independencia-crucena\/"},"wordCount":913,"publisher":{"@id":"https:\/\/www.eldiario.net\/portal\/#organization"},"image":{"@id":"https:\/\/www.eldiario.net\/portal\/2025\/02\/13\/mercado-y-la-independencia-crucena\/#primaryimage"},"thumbnailUrl":"https:\/\/www.eldiario.net\/portal\/wp-content\/uploads\/2023\/06\/Manfredo-Kempff-Suarez.jpg","articleSection":["Opini\u00f3n"],"inLanguage":"es"},{"@type":"WebPage","@id":"https:\/\/www.eldiario.net\/portal\/2025\/02\/13\/mercado-y-la-independencia-crucena\/","url":"https:\/\/www.eldiario.net\/portal\/2025\/02\/13\/mercado-y-la-independencia-crucena\/","name":"Mercado y la independencia cruce\u00f1a - El Diario - Bolivia","isPartOf":{"@id":"https:\/\/www.eldiario.net\/portal\/#website"},"primaryImageOfPage":{"@id":"https:\/\/www.eldiario.net\/portal\/2025\/02\/13\/mercado-y-la-independencia-crucena\/#primaryimage"},"image":{"@id":"https:\/\/www.eldiario.net\/portal\/2025\/02\/13\/mercado-y-la-independencia-crucena\/#primaryimage"},"thumbnailUrl":"https:\/\/www.eldiario.net\/portal\/wp-content\/uploads\/2023\/06\/Manfredo-Kempff-Suarez.jpg","datePublished":"2025-02-13T09:47:48+00:00","breadcrumb":{"@id":"https:\/\/www.eldiario.net\/portal\/2025\/02\/13\/mercado-y-la-independencia-crucena\/#breadcrumb"},"inLanguage":"es","potentialAction":[{"@type":"ReadAction","target":["https:\/\/www.eldiario.net\/portal\/2025\/02\/13\/mercado-y-la-independencia-crucena\/"]}]},{"@type":"ImageObject","inLanguage":"es","@id":"https:\/\/www.eldiario.net\/portal\/2025\/02\/13\/mercado-y-la-independencia-crucena\/#primaryimage","url":"https:\/\/www.eldiario.net\/portal\/wp-content\/uploads\/2023\/06\/Manfredo-Kempff-Suarez.jpg","contentUrl":"https:\/\/www.eldiario.net\/portal\/wp-content\/uploads\/2023\/06\/Manfredo-Kempff-Suarez.jpg","width":1200,"height":628},{"@type":"BreadcrumbList","@id":"https:\/\/www.eldiario.net\/portal\/2025\/02\/13\/mercado-y-la-independencia-crucena\/#breadcrumb","itemListElement":[{"@type":"ListItem","position":1,"name":"Portada","item":"https:\/\/www.eldiario.net\/portal\/"},{"@type":"ListItem","position":2,"name":"Mercado y la independencia cruce\u00f1a"}]},{"@type":"WebSite","@id":"https:\/\/www.eldiario.net\/portal\/#website","url":"https:\/\/www.eldiario.net\/portal\/","name":"El Diario - Decano de la prensa nacional","description":"El Diario - Decano de la prensa nacional","publisher":{"@id":"https:\/\/www.eldiario.net\/portal\/#organization"},"potentialAction":[{"@type":"SearchAction","target":{"@type":"EntryPoint","urlTemplate":"https:\/\/www.eldiario.net\/portal\/?s={search_term_string}"},"query-input":{"@type":"PropertyValueSpecification","valueRequired":true,"valueName":"search_term_string"}}],"inLanguage":"es"},{"@type":"Organization","@id":"https:\/\/www.eldiario.net\/portal\/#organization","name":"El Diario - Decano de la prensa nacional","url":"https:\/\/www.eldiario.net\/portal\/","logo":{"@type":"ImageObject","inLanguage":"es","@id":"https:\/\/www.eldiario.net\/portal\/#\/schema\/logo\/image\/","url":"https:\/\/www.eldiario.net\/portal\/wp-content\/uploads\/2023\/07\/logo_ED.jpg","contentUrl":"https:\/\/www.eldiario.net\/portal\/wp-content\/uploads\/2023\/07\/logo_ED.jpg","width":272,"height":52,"caption":"El Diario - Decano de la prensa nacional"},"image":{"@id":"https:\/\/www.eldiario.net\/portal\/#\/schema\/logo\/image\/"},"sameAs":["https:\/\/www.facebook.com\/eldiario.bolivia\/","https:\/\/x.com\/eldiario_net"]},{"@type":"Person","@id":"https:\/\/www.eldiario.net\/portal\/#\/schema\/person\/f46445640444750d7d753ccd04ae01b7","name":"Jeanette","image":{"@type":"ImageObject","inLanguage":"es","@id":"https:\/\/secure.gravatar.com\/avatar\/3ea2118a5f7dad2b7138b1187a6b7ee55f160b9968b66013c3a3ef39dd7e5798?s=96&d=mm&r=g","url":"https:\/\/secure.gravatar.com\/avatar\/3ea2118a5f7dad2b7138b1187a6b7ee55f160b9968b66013c3a3ef39dd7e5798?s=96&d=mm&r=g","contentUrl":"https:\/\/secure.gravatar.com\/avatar\/3ea2118a5f7dad2b7138b1187a6b7ee55f160b9968b66013c3a3ef39dd7e5798?s=96&d=mm&r=g","caption":"Jeanette"},"sameAs":["https:\/\/www.eldiario.net\/portal"],"url":"https:\/\/www.eldiario.net\/portal\/author\/jeanette\/"}]}},"_links":{"self":[{"href":"https:\/\/www.eldiario.net\/portal\/wp-json\/wp\/v2\/posts\/281435","targetHints":{"allow":["GET"]}}],"collection":[{"href":"https:\/\/www.eldiario.net\/portal\/wp-json\/wp\/v2\/posts"}],"about":[{"href":"https:\/\/www.eldiario.net\/portal\/wp-json\/wp\/v2\/types\/post"}],"author":[{"embeddable":true,"href":"https:\/\/www.eldiario.net\/portal\/wp-json\/wp\/v2\/users\/1"}],"replies":[{"embeddable":true,"href":"https:\/\/www.eldiario.net\/portal\/wp-json\/wp\/v2\/comments?post=281435"}],"version-history":[{"count":1,"href":"https:\/\/www.eldiario.net\/portal\/wp-json\/wp\/v2\/posts\/281435\/revisions"}],"predecessor-version":[{"id":281436,"href":"https:\/\/www.eldiario.net\/portal\/wp-json\/wp\/v2\/posts\/281435\/revisions\/281436"}],"wp:featuredmedia":[{"embeddable":true,"href":"https:\/\/www.eldiario.net\/portal\/wp-json\/wp\/v2\/media\/157472"}],"wp:attachment":[{"href":"https:\/\/www.eldiario.net\/portal\/wp-json\/wp\/v2\/media?parent=281435"}],"wp:term":[{"taxonomy":"category","embeddable":true,"href":"https:\/\/www.eldiario.net\/portal\/wp-json\/wp\/v2\/categories?post=281435"},{"taxonomy":"post_tag","embeddable":true,"href":"https:\/\/www.eldiario.net\/portal\/wp-json\/wp\/v2\/tags?post=281435"}],"curies":[{"name":"wp","href":"https:\/\/api.w.org\/{rel}","templated":true}]}}