{"id":281382,"date":"2025-02-12T11:38:36","date_gmt":"2025-02-12T15:38:36","guid":{"rendered":"https:\/\/www.eldiario.net\/portal\/?p=281382"},"modified":"2025-02-12T11:38:36","modified_gmt":"2025-02-12T15:38:36","slug":"protesta-contra-contratos-de-litio-paraliza-el-centro-de-sucre-1138","status":"publish","type":"post","link":"https:\/\/www.eldiario.net\/portal\/2025\/02\/12\/protesta-contra-contratos-de-litio-paraliza-el-centro-de-sucre-1138\/","title":{"rendered":"Protesta contra contratos de litio paraliza el centro de Sucre. (11:38)"},"content":{"rendered":"<p>Una movilizaci\u00f3n cerr\u00f3 el paso vehicular en la plaza 25 de Mayo en la ciudad de Sucre, en el departamento de Chuquisaca, tras una marcha que parti\u00f3 desde la plaza del Reloj del Barrio Obrero. La protesta, liderada por residentes potosinos y el Comit\u00e9 C\u00edvico de Chuquisaca, exige la anulaci\u00f3n de los contratos de explotaci\u00f3n de litio con empresas chinas y rusas, calific\u00e1ndolos de abusivos y arbitrarios.<\/p>\n<p>El dirigente c\u00edvico Juan Carlos Antequera advirti\u00f3 que estos acuerdos comprometen recursos estrat\u00e9gicos esenciales para el futuro del pa\u00eds. Los manifestantes reclaman transparencia en la gesti\u00f3n del litio y advierten con paro y bloqueo de caminos para la siguiente semana \u00a0si el Gobierno no atiende sus demandas.<\/p>\n","protected":false},"excerpt":{"rendered":"<p>Una movilizaci\u00f3n cerr\u00f3 el paso vehicular en la plaza 25 de Mayo en la ciudad de Sucre, en el departamento de Chuquisaca, tras una marcha que parti\u00f3 desde la plaza del Reloj del Barrio Obrero. La protesta, liderada por residentes potosinos y el Comit\u00e9 C\u00edvico de Chuquisaca, exige la anulaci\u00f3n de los contratos de explotaci\u00f3n [&hellip;]<\/p>\n","protected":false},"author":7,"featured_media":281383,"comment_status":"closed","ping_status":"open","sticky":false,"template":"","format":"standard","meta":{"_acf_changed":false,"footnotes":""},"categories":[51],"tags":[],"class_list":["post-281382","post","type-post","status-publish","format-standard","has-post-thumbnail","category-ultima-hora"],"acf":{"antetitulo":""},"yoast_head":"<!-- This site is optimized with the Yoast SEO plugin v28.3 - https:\/\/yoast.com\/product\/yoast-seo-wordpress\/ -->\n<title>Protesta contra contratos de litio paraliza el centro de Sucre. (11:38) - El Diario - Bolivia<\/title>\n<meta name=\"robots\" content=\"index, follow, max-snippet:-1, max-image-preview:large, max-video-preview:-1\" \/>\n<link rel=\"canonical\" href=\"https:\/\/www.eldiario.net\/portal\/2025\/02\/12\/protesta-contra-contratos-de-litio-paraliza-el-centro-de-sucre-1138\/\" \/>\n<meta property=\"og:locale\" content=\"es_ES\" \/>\n<meta property=\"og:type\" content=\"article\" \/>\n<meta property=\"og:title\" content=\"Protesta contra contratos de litio paraliza el centro de Sucre. (11:38) - El Diario - Bolivia\" \/>\n<meta property=\"og:description\" content=\"Una movilizaci\u00f3n cerr\u00f3 el paso vehicular en la plaza 25 de Mayo en la ciudad de Sucre, en el departamento de Chuquisaca, tras una marcha que parti\u00f3 desde la plaza del Reloj del Barrio Obrero. La protesta, liderada por residentes potosinos y el Comit\u00e9 C\u00edvico de Chuquisaca, exige la anulaci\u00f3n de los contratos de explotaci\u00f3n [&hellip;]\" \/>\n<meta property=\"og:url\" content=\"https:\/\/www.eldiario.net\/portal\/2025\/02\/12\/protesta-contra-contratos-de-litio-paraliza-el-centro-de-sucre-1138\/\" \/>\n<meta property=\"og:site_name\" content=\"El Diario - Bolivia\" \/>\n<meta property=\"article:publisher\" content=\"https:\/\/www.facebook.com\/eldiario.bolivia\/\" \/>\n<meta property=\"article:published_time\" content=\"2025-02-12T15:38:36+00:00\" \/>\n<meta property=\"og:image\" content=\"https:\/\/www.eldiario.net\/portal\/wp-content\/uploads\/2025\/02\/antequera-e1739374668224.png\" \/>\n\t<meta property=\"og:image:width\" content=\"450\" \/>\n\t<meta property=\"og:image:height\" content=\"218\" \/>\n\t<meta property=\"og:image:type\" content=\"image\/png\" \/>\n<meta name=\"author\" content=\"Viviana Monrroy\" \/>\n<meta name=\"twitter:card\" content=\"summary_large_image\" \/>\n<meta name=\"twitter:creator\" content=\"@eldiario_net\" \/>\n<meta name=\"twitter:site\" content=\"@eldiario_net\" \/>\n<meta name=\"twitter:label1\" content=\"Escrito por\" \/>\n\t<meta name=\"twitter:data1\" content=\"Viviana Monrroy\" \/>\n\t<meta name=\"twitter:label2\" content=\"Tiempo de lectura\" \/>\n\t<meta name=\"twitter:data2\" content=\"1 minuto\" \/>\n<script type=\"application\/ld+json\" class=\"yoast-schema-graph\">{\"@context\":\"https:\\\/\\\/schema.org\",\"@graph\":[{\"@type\":\"Article\",\"@id\":\"https:\\\/\\\/www.eldiario.net\\\/portal\\\/2025\\\/02\\\/12\\\/protesta-contra-contratos-de-litio-paraliza-el-centro-de-sucre-1138\\\/#article\",\"isPartOf\":{\"@id\":\"https:\\\/\\\/www.eldiario.net\\\/portal\\\/2025\\\/02\\\/12\\\/protesta-contra-contratos-de-litio-paraliza-el-centro-de-sucre-1138\\\/\"},\"author\":{\"name\":\"Viviana Monrroy\",\"@id\":\"https:\\\/\\\/www.eldiario.net\\\/portal\\\/#\\\/schema\\\/person\\\/ba370d92d160f4d3574381f6d9b78fab\"},\"headline\":\"Protesta contra contratos de litio paraliza el centro de Sucre. (11:38)\",\"datePublished\":\"2025-02-12T15:38:36+00:00\",\"mainEntityOfPage\":{\"@id\":\"https:\\\/\\\/www.eldiario.net\\\/portal\\\/2025\\\/02\\\/12\\\/protesta-contra-contratos-de-litio-paraliza-el-centro-de-sucre-1138\\\/\"},\"wordCount\":132,\"publisher\":{\"@id\":\"https:\\\/\\\/www.eldiario.net\\\/portal\\\/#organization\"},\"image\":{\"@id\":\"https:\\\/\\\/www.eldiario.net\\\/portal\\\/2025\\\/02\\\/12\\\/protesta-contra-contratos-de-litio-paraliza-el-centro-de-sucre-1138\\\/#primaryimage\"},\"thumbnailUrl\":\"https:\\\/\\\/www.eldiario.net\\\/portal\\\/wp-content\\\/uploads\\\/2025\\\/02\\\/antequera-e1739374668224.png\",\"articleSection\":[\"\u00daltima Hora\"],\"inLanguage\":\"es\"},{\"@type\":\"WebPage\",\"@id\":\"https:\\\/\\\/www.eldiario.net\\\/portal\\\/2025\\\/02\\\/12\\\/protesta-contra-contratos-de-litio-paraliza-el-centro-de-sucre-1138\\\/\",\"url\":\"https:\\\/\\\/www.eldiario.net\\\/portal\\\/2025\\\/02\\\/12\\\/protesta-contra-contratos-de-litio-paraliza-el-centro-de-sucre-1138\\\/\",\"name\":\"Protesta contra contratos de litio paraliza el centro de Sucre. (11:38) - El Diario - Bolivia\",\"isPartOf\":{\"@id\":\"https:\\\/\\\/www.eldiario.net\\\/portal\\\/#website\"},\"primaryImageOfPage\":{\"@id\":\"https:\\\/\\\/www.eldiario.net\\\/portal\\\/2025\\\/02\\\/12\\\/protesta-contra-contratos-de-litio-paraliza-el-centro-de-sucre-1138\\\/#primaryimage\"},\"image\":{\"@id\":\"https:\\\/\\\/www.eldiario.net\\\/portal\\\/2025\\\/02\\\/12\\\/protesta-contra-contratos-de-litio-paraliza-el-centro-de-sucre-1138\\\/#primaryimage\"},\"thumbnailUrl\":\"https:\\\/\\\/www.eldiario.net\\\/portal\\\/wp-content\\\/uploads\\\/2025\\\/02\\\/antequera-e1739374668224.png\",\"datePublished\":\"2025-02-12T15:38:36+00:00\",\"breadcrumb\":{\"@id\":\"https:\\\/\\\/www.eldiario.net\\\/portal\\\/2025\\\/02\\\/12\\\/protesta-contra-contratos-de-litio-paraliza-el-centro-de-sucre-1138\\\/#breadcrumb\"},\"inLanguage\":\"es\",\"potentialAction\":[{\"@type\":\"ReadAction\",\"target\":[\"https:\\\/\\\/www.eldiario.net\\\/portal\\\/2025\\\/02\\\/12\\\/protesta-contra-contratos-de-litio-paraliza-el-centro-de-sucre-1138\\\/\"]}]},{\"@type\":\"ImageObject\",\"inLanguage\":\"es\",\"@id\":\"https:\\\/\\\/www.eldiario.net\\\/portal\\\/2025\\\/02\\\/12\\\/protesta-contra-contratos-de-litio-paraliza-el-centro-de-sucre-1138\\\/#primaryimage\",\"url\":\"https:\\\/\\\/www.eldiario.net\\\/portal\\\/wp-content\\\/uploads\\\/2025\\\/02\\\/antequera-e1739374668224.png\",\"contentUrl\":\"https:\\\/\\\/www.eldiario.net\\\/portal\\\/wp-content\\\/uploads\\\/2025\\\/02\\\/antequera-e1739374668224.png\",\"width\":450,\"height\":218,\"caption\":\"Foto: RR.SS.\"},{\"@type\":\"BreadcrumbList\",\"@id\":\"https:\\\/\\\/www.eldiario.net\\\/portal\\\/2025\\\/02\\\/12\\\/protesta-contra-contratos-de-litio-paraliza-el-centro-de-sucre-1138\\\/#breadcrumb\",\"itemListElement\":[{\"@type\":\"ListItem\",\"position\":1,\"name\":\"Portada\",\"item\":\"https:\\\/\\\/www.eldiario.net\\\/portal\\\/\"},{\"@type\":\"ListItem\",\"position\":2,\"name\":\"Protesta contra contratos de litio paraliza el centro de Sucre. (11:38)\"}]},{\"@type\":\"WebSite\",\"@id\":\"https:\\\/\\\/www.eldiario.net\\\/portal\\\/#website\",\"url\":\"https:\\\/\\\/www.eldiario.net\\\/portal\\\/\",\"name\":\"El Diario - Decano de la prensa nacional\",\"description\":\"El Diario - Decano de la prensa nacional\",\"publisher\":{\"@id\":\"https:\\\/\\\/www.eldiario.net\\\/portal\\\/#organization\"},\"potentialAction\":[{\"@type\":\"SearchAction\",\"target\":{\"@type\":\"EntryPoint\",\"urlTemplate\":\"https:\\\/\\\/www.eldiario.net\\\/portal\\\/?s={search_term_string}\"},\"query-input\":{\"@type\":\"PropertyValueSpecification\",\"valueRequired\":true,\"valueName\":\"search_term_string\"}}],\"inLanguage\":\"es\"},{\"@type\":\"Organization\",\"@id\":\"https:\\\/\\\/www.eldiario.net\\\/portal\\\/#organization\",\"name\":\"El Diario - Decano de la prensa nacional\",\"url\":\"https:\\\/\\\/www.eldiario.net\\\/portal\\\/\",\"logo\":{\"@type\":\"ImageObject\",\"inLanguage\":\"es\",\"@id\":\"https:\\\/\\\/www.eldiario.net\\\/portal\\\/#\\\/schema\\\/logo\\\/image\\\/\",\"url\":\"https:\\\/\\\/www.eldiario.net\\\/portal\\\/wp-content\\\/uploads\\\/2023\\\/07\\\/logo_ED.jpg\",\"contentUrl\":\"https:\\\/\\\/www.eldiario.net\\\/portal\\\/wp-content\\\/uploads\\\/2023\\\/07\\\/logo_ED.jpg\",\"width\":272,\"height\":52,\"caption\":\"El Diario - Decano de la prensa nacional\"},\"image\":{\"@id\":\"https:\\\/\\\/www.eldiario.net\\\/portal\\\/#\\\/schema\\\/logo\\\/image\\\/\"},\"sameAs\":[\"https:\\\/\\\/www.facebook.com\\\/eldiario.bolivia\\\/\",\"https:\\\/\\\/x.com\\\/eldiario_net\"]},{\"@type\":\"Person\",\"@id\":\"https:\\\/\\\/www.eldiario.net\\\/portal\\\/#\\\/schema\\\/person\\\/ba370d92d160f4d3574381f6d9b78fab\",\"name\":\"Viviana Monrroy\",\"image\":{\"@type\":\"ImageObject\",\"inLanguage\":\"es\",\"@id\":\"https:\\\/\\\/secure.gravatar.com\\\/avatar\\\/dfd1611ed5600959a0e5a9754503b6c05d1dcf190010998e0363aee2ad98afca?s=96&d=mm&r=g\",\"url\":\"https:\\\/\\\/secure.gravatar.com\\\/avatar\\\/dfd1611ed5600959a0e5a9754503b6c05d1dcf190010998e0363aee2ad98afca?s=96&d=mm&r=g\",\"contentUrl\":\"https:\\\/\\\/secure.gravatar.com\\\/avatar\\\/dfd1611ed5600959a0e5a9754503b6c05d1dcf190010998e0363aee2ad98afca?s=96&d=mm&r=g\",\"caption\":\"Viviana Monrroy\"},\"sameAs\":[\"http:\\\/\\\/www.eldiario.net\"],\"url\":\"https:\\\/\\\/www.eldiario.net\\\/portal\\\/author\\\/vivianamonrroy\\\/\"}]}<\/script>\n<!-- \/ Yoast SEO plugin. -->","yoast_head_json":{"title":"Protesta contra contratos de litio paraliza el centro de Sucre. (11:38) - El Diario - Bolivia","robots":{"index":"index","follow":"follow","max-snippet":"max-snippet:-1","max-image-preview":"max-image-preview:large","max-video-preview":"max-video-preview:-1"},"canonical":"https:\/\/www.eldiario.net\/portal\/2025\/02\/12\/protesta-contra-contratos-de-litio-paraliza-el-centro-de-sucre-1138\/","og_locale":"es_ES","og_type":"article","og_title":"Protesta contra contratos de litio paraliza el centro de Sucre. (11:38) - El Diario - Bolivia","og_description":"Una movilizaci\u00f3n cerr\u00f3 el paso vehicular en la plaza 25 de Mayo en la ciudad de Sucre, en el departamento de Chuquisaca, tras una marcha que parti\u00f3 desde la plaza del Reloj del Barrio Obrero. La protesta, liderada por residentes potosinos y el Comit\u00e9 C\u00edvico de Chuquisaca, exige la anulaci\u00f3n de los contratos de explotaci\u00f3n [&hellip;]","og_url":"https:\/\/www.eldiario.net\/portal\/2025\/02\/12\/protesta-contra-contratos-de-litio-paraliza-el-centro-de-sucre-1138\/","og_site_name":"El Diario - Bolivia","article_publisher":"https:\/\/www.facebook.com\/eldiario.bolivia\/","article_published_time":"2025-02-12T15:38:36+00:00","og_image":[{"width":450,"height":218,"url":"https:\/\/www.eldiario.net\/portal\/wp-content\/uploads\/2025\/02\/antequera-e1739374668224.png","type":"image\/png"}],"author":"Viviana Monrroy","twitter_card":"summary_large_image","twitter_creator":"@eldiario_net","twitter_site":"@eldiario_net","twitter_misc":{"Escrito por":"Viviana Monrroy","Tiempo de lectura":"1 minuto"},"schema":{"@context":"https:\/\/schema.org","@graph":[{"@type":"Article","@id":"https:\/\/www.eldiario.net\/portal\/2025\/02\/12\/protesta-contra-contratos-de-litio-paraliza-el-centro-de-sucre-1138\/#article","isPartOf":{"@id":"https:\/\/www.eldiario.net\/portal\/2025\/02\/12\/protesta-contra-contratos-de-litio-paraliza-el-centro-de-sucre-1138\/"},"author":{"name":"Viviana Monrroy","@id":"https:\/\/www.eldiario.net\/portal\/#\/schema\/person\/ba370d92d160f4d3574381f6d9b78fab"},"headline":"Protesta contra contratos de litio paraliza el centro de Sucre. (11:38)","datePublished":"2025-02-12T15:38:36+00:00","mainEntityOfPage":{"@id":"https:\/\/www.eldiario.net\/portal\/2025\/02\/12\/protesta-contra-contratos-de-litio-paraliza-el-centro-de-sucre-1138\/"},"wordCount":132,"publisher":{"@id":"https:\/\/www.eldiario.net\/portal\/#organization"},"image":{"@id":"https:\/\/www.eldiario.net\/portal\/2025\/02\/12\/protesta-contra-contratos-de-litio-paraliza-el-centro-de-sucre-1138\/#primaryimage"},"thumbnailUrl":"https:\/\/www.eldiario.net\/portal\/wp-content\/uploads\/2025\/02\/antequera-e1739374668224.png","articleSection":["\u00daltima Hora"],"inLanguage":"es"},{"@type":"WebPage","@id":"https:\/\/www.eldiario.net\/portal\/2025\/02\/12\/protesta-contra-contratos-de-litio-paraliza-el-centro-de-sucre-1138\/","url":"https:\/\/www.eldiario.net\/portal\/2025\/02\/12\/protesta-contra-contratos-de-litio-paraliza-el-centro-de-sucre-1138\/","name":"Protesta contra contratos de litio paraliza el centro de Sucre. (11:38) - El Diario - Bolivia","isPartOf":{"@id":"https:\/\/www.eldiario.net\/portal\/#website"},"primaryImageOfPage":{"@id":"https:\/\/www.eldiario.net\/portal\/2025\/02\/12\/protesta-contra-contratos-de-litio-paraliza-el-centro-de-sucre-1138\/#primaryimage"},"image":{"@id":"https:\/\/www.eldiario.net\/portal\/2025\/02\/12\/protesta-contra-contratos-de-litio-paraliza-el-centro-de-sucre-1138\/#primaryimage"},"thumbnailUrl":"https:\/\/www.eldiario.net\/portal\/wp-content\/uploads\/2025\/02\/antequera-e1739374668224.png","datePublished":"2025-02-12T15:38:36+00:00","breadcrumb":{"@id":"https:\/\/www.eldiario.net\/portal\/2025\/02\/12\/protesta-contra-contratos-de-litio-paraliza-el-centro-de-sucre-1138\/#breadcrumb"},"inLanguage":"es","potentialAction":[{"@type":"ReadAction","target":["https:\/\/www.eldiario.net\/portal\/2025\/02\/12\/protesta-contra-contratos-de-litio-paraliza-el-centro-de-sucre-1138\/"]}]},{"@type":"ImageObject","inLanguage":"es","@id":"https:\/\/www.eldiario.net\/portal\/2025\/02\/12\/protesta-contra-contratos-de-litio-paraliza-el-centro-de-sucre-1138\/#primaryimage","url":"https:\/\/www.eldiario.net\/portal\/wp-content\/uploads\/2025\/02\/antequera-e1739374668224.png","contentUrl":"https:\/\/www.eldiario.net\/portal\/wp-content\/uploads\/2025\/02\/antequera-e1739374668224.png","width":450,"height":218,"caption":"Foto: RR.SS."},{"@type":"BreadcrumbList","@id":"https:\/\/www.eldiario.net\/portal\/2025\/02\/12\/protesta-contra-contratos-de-litio-paraliza-el-centro-de-sucre-1138\/#breadcrumb","itemListElement":[{"@type":"ListItem","position":1,"name":"Portada","item":"https:\/\/www.eldiario.net\/portal\/"},{"@type":"ListItem","position":2,"name":"Protesta contra contratos de litio paraliza el centro de Sucre. (11:38)"}]},{"@type":"WebSite","@id":"https:\/\/www.eldiario.net\/portal\/#website","url":"https:\/\/www.eldiario.net\/portal\/","name":"El Diario - Decano de la prensa nacional","description":"El Diario - Decano de la prensa nacional","publisher":{"@id":"https:\/\/www.eldiario.net\/portal\/#organization"},"potentialAction":[{"@type":"SearchAction","target":{"@type":"EntryPoint","urlTemplate":"https:\/\/www.eldiario.net\/portal\/?s={search_term_string}"},"query-input":{"@type":"PropertyValueSpecification","valueRequired":true,"valueName":"search_term_string"}}],"inLanguage":"es"},{"@type":"Organization","@id":"https:\/\/www.eldiario.net\/portal\/#organization","name":"El Diario - Decano de la prensa nacional","url":"https:\/\/www.eldiario.net\/portal\/","logo":{"@type":"ImageObject","inLanguage":"es","@id":"https:\/\/www.eldiario.net\/portal\/#\/schema\/logo\/image\/","url":"https:\/\/www.eldiario.net\/portal\/wp-content\/uploads\/2023\/07\/logo_ED.jpg","contentUrl":"https:\/\/www.eldiario.net\/portal\/wp-content\/uploads\/2023\/07\/logo_ED.jpg","width":272,"height":52,"caption":"El Diario - Decano de la prensa nacional"},"image":{"@id":"https:\/\/www.eldiario.net\/portal\/#\/schema\/logo\/image\/"},"sameAs":["https:\/\/www.facebook.com\/eldiario.bolivia\/","https:\/\/x.com\/eldiario_net"]},{"@type":"Person","@id":"https:\/\/www.eldiario.net\/portal\/#\/schema\/person\/ba370d92d160f4d3574381f6d9b78fab","name":"Viviana Monrroy","image":{"@type":"ImageObject","inLanguage":"es","@id":"https:\/\/secure.gravatar.com\/avatar\/dfd1611ed5600959a0e5a9754503b6c05d1dcf190010998e0363aee2ad98afca?s=96&d=mm&r=g","url":"https:\/\/secure.gravatar.com\/avatar\/dfd1611ed5600959a0e5a9754503b6c05d1dcf190010998e0363aee2ad98afca?s=96&d=mm&r=g","contentUrl":"https:\/\/secure.gravatar.com\/avatar\/dfd1611ed5600959a0e5a9754503b6c05d1dcf190010998e0363aee2ad98afca?s=96&d=mm&r=g","caption":"Viviana Monrroy"},"sameAs":["http:\/\/www.eldiario.net"],"url":"https:\/\/www.eldiario.net\/portal\/author\/vivianamonrroy\/"}]}},"_links":{"self":[{"href":"https:\/\/www.eldiario.net\/portal\/wp-json\/wp\/v2\/posts\/281382","targetHints":{"allow":["GET"]}}],"collection":[{"href":"https:\/\/www.eldiario.net\/portal\/wp-json\/wp\/v2\/posts"}],"about":[{"href":"https:\/\/www.eldiario.net\/portal\/wp-json\/wp\/v2\/types\/post"}],"author":[{"embeddable":true,"href":"https:\/\/www.eldiario.net\/portal\/wp-json\/wp\/v2\/users\/7"}],"replies":[{"embeddable":true,"href":"https:\/\/www.eldiario.net\/portal\/wp-json\/wp\/v2\/comments?post=281382"}],"version-history":[{"count":1,"href":"https:\/\/www.eldiario.net\/portal\/wp-json\/wp\/v2\/posts\/281382\/revisions"}],"predecessor-version":[{"id":281384,"href":"https:\/\/www.eldiario.net\/portal\/wp-json\/wp\/v2\/posts\/281382\/revisions\/281384"}],"wp:featuredmedia":[{"embeddable":true,"href":"https:\/\/www.eldiario.net\/portal\/wp-json\/wp\/v2\/media\/281383"}],"wp:attachment":[{"href":"https:\/\/www.eldiario.net\/portal\/wp-json\/wp\/v2\/media?parent=281382"}],"wp:term":[{"taxonomy":"category","embeddable":true,"href":"https:\/\/www.eldiario.net\/portal\/wp-json\/wp\/v2\/categories?post=281382"},{"taxonomy":"post_tag","embeddable":true,"href":"https:\/\/www.eldiario.net\/portal\/wp-json\/wp\/v2\/tags?post=281382"}],"curies":[{"name":"wp","href":"https:\/\/api.w.org\/{rel}","templated":true}]}}