{"id":281348,"date":"2025-02-12T08:50:30","date_gmt":"2025-02-12T12:50:30","guid":{"rendered":"https:\/\/www.eldiario.net\/portal\/?p=281348"},"modified":"2025-02-12T08:50:30","modified_gmt":"2025-02-12T12:50:30","slug":"las-lineas-de-la-memoria-rinde-homenaje-a-graciela-rodo-boulanger","status":"publish","type":"post","link":"https:\/\/www.eldiario.net\/portal\/2025\/02\/12\/las-lineas-de-la-memoria-rinde-homenaje-a-graciela-rodo-boulanger\/","title":{"rendered":"\u00abLas l\u00edneas de la memoria\u00bb rinde homenaje a Graciela Rodo Boulanger"},"content":{"rendered":"<p>El Banco Nacional de Bolivia, a trav\u00e9s de su espacio BNB Art, present\u00f3 el libro \u201cLas l\u00edneas de la memoria\u201d, de la reconocida artista boliviana Graciela Rodo Boulanger, en acto emotivo y lleno de significado.<br \/>\nLa obra es un viaje a trav\u00e9s del tiempo y la emoci\u00f3n, donde la autora explora la relaci\u00f3n entre la memoria y la creci\u00f3n art\u00edstica.<br \/>\nLa entrega del libro marc\u00f3 el cierre de la exposici\u00f3n \u201cLa aventura del dibujo\u201d de la artista pl\u00e1stica, abierta al p\u00fablico desde noviembre de 2024, la cual permiti\u00f3 a los visitantes admirar cerca de un centenar de trabajos, entre pinturas, cer\u00e1micas y dibujos, tanto recientes como parte de su colecci\u00f3n privada.<br \/>\n\u00abLas l\u00edneas de la memoria\u00bb es una recopilaci\u00f3n \u00fanica de los dibujos de Graciela Rodo Boulanger, realizados d\u00eda tras d\u00eda, como una serie continua de registros visuales. Cada trazo refleja una parte de la memoria de la artista; un ejercicio de recordar y crear que se ha concretado a lo largo del tiempo.<br \/>\nPatricio Garrett, vicepresidente de Finanzas e Internacional del BNB, destac\u00f3 que, con esta presentaci\u00f3n, BNB Art da inicio a su agenda cultural 2025, tras un 2024 marcado por exposiciones que celebraron la diversidad art\u00edstica de Bolivia. \u00abCada exposici\u00f3n reafirma nuestro compromiso con la creatividad y la innovaci\u00f3n. Creemos que el arte no solo preserva la identidad cultural, sino que impulsa el cambio y el di\u00e1logo\u00bb, afirm\u00f3 Garrett.<br \/>\nLa galer\u00eda BNB Art se vio abarrotada de amigos, familiares y admiradores de la obra de la artista boliviana.<br \/>\nLa obra de Graciela Rodo abarca pintura, dibujo, escultura, cer\u00e1mica y grabado, y ha sido exhibida en m\u00e1s de 270 exposiciones internacionales. Su legado incluye importantes colecciones en museos como el Museo de Arte Moderno Latinoamericano de Washington D.C. y la Biblioteca Nacional de Par\u00eds. Ha recibido m\u00faltiples reconocimientos, como el C\u00f3ndor de los Andes y el t\u00edtulo de Maestra de las Artes en 2016. Su arte sigue siendo un referente internacional, especialmente en el \u00e1mbito de la representaci\u00f3n de la infancia y la cultura boliviana.<\/p>\n<figure id=\"attachment_281364\" aria-describedby=\"caption-attachment-281364\" style=\"width: 800px\" class=\"wp-caption aligncenter\"><img loading=\"lazy\" decoding=\"async\" class=\"wp-image-281364 size-full\" src=\"https:\/\/www.eldiario.net\/portal\/wp-content\/uploads\/2025\/02\/IMG_4800.jpg\" alt=\"\" width=\"800\" height=\"533\" srcset=\"https:\/\/www.eldiario.net\/portal\/wp-content\/uploads\/2025\/02\/IMG_4800.jpg 800w, https:\/\/www.eldiario.net\/portal\/wp-content\/uploads\/2025\/02\/IMG_4800-300x200.jpg 300w, https:\/\/www.eldiario.net\/portal\/wp-content\/uploads\/2025\/02\/IMG_4800-768x512.jpg 768w, https:\/\/www.eldiario.net\/portal\/wp-content\/uploads\/2025\/02\/IMG_4800-630x420.jpg 630w, https:\/\/www.eldiario.net\/portal\/wp-content\/uploads\/2025\/02\/IMG_4800-696x464.jpg 696w\" sizes=\"auto, (max-width: 800px) 100vw, 800px\" \/><figcaption id=\"caption-attachment-281364\" class=\"wp-caption-text\">DIEGO GULLCO, PACHI BOHRT Y JUANITA ROCA.<\/figcaption><\/figure>\n<figure id=\"attachment_281363\" aria-describedby=\"caption-attachment-281363\" style=\"width: 800px\" class=\"wp-caption aligncenter\"><img loading=\"lazy\" decoding=\"async\" class=\"wp-image-281363 size-full\" src=\"https:\/\/www.eldiario.net\/portal\/wp-content\/uploads\/2025\/02\/IMG_4786.jpg\" alt=\"\" width=\"800\" height=\"533\" srcset=\"https:\/\/www.eldiario.net\/portal\/wp-content\/uploads\/2025\/02\/IMG_4786.jpg 800w, https:\/\/www.eldiario.net\/portal\/wp-content\/uploads\/2025\/02\/IMG_4786-300x200.jpg 300w, https:\/\/www.eldiario.net\/portal\/wp-content\/uploads\/2025\/02\/IMG_4786-768x512.jpg 768w, https:\/\/www.eldiario.net\/portal\/wp-content\/uploads\/2025\/02\/IMG_4786-630x420.jpg 630w, https:\/\/www.eldiario.net\/portal\/wp-content\/uploads\/2025\/02\/IMG_4786-696x464.jpg 696w\" sizes=\"auto, (max-width: 800px) 100vw, 800px\" \/><figcaption id=\"caption-attachment-281363\" class=\"wp-caption-text\">CARMEN JORD\u00c1N, SANDRA SALINAS, BERTHA ORTEGA Y JAVIER CANEDO.<\/figcaption><\/figure>\n<figure id=\"attachment_281362\" aria-describedby=\"caption-attachment-281362\" style=\"width: 800px\" class=\"wp-caption aligncenter\"><img loading=\"lazy\" decoding=\"async\" class=\"wp-image-281362 size-full\" src=\"https:\/\/www.eldiario.net\/portal\/wp-content\/uploads\/2025\/02\/IMG_4784.jpg\" alt=\"\" width=\"800\" height=\"533\" srcset=\"https:\/\/www.eldiario.net\/portal\/wp-content\/uploads\/2025\/02\/IMG_4784.jpg 800w, https:\/\/www.eldiario.net\/portal\/wp-content\/uploads\/2025\/02\/IMG_4784-300x200.jpg 300w, https:\/\/www.eldiario.net\/portal\/wp-content\/uploads\/2025\/02\/IMG_4784-768x512.jpg 768w, https:\/\/www.eldiario.net\/portal\/wp-content\/uploads\/2025\/02\/IMG_4784-630x420.jpg 630w, https:\/\/www.eldiario.net\/portal\/wp-content\/uploads\/2025\/02\/IMG_4784-696x464.jpg 696w\" sizes=\"auto, (max-width: 800px) 100vw, 800px\" \/><figcaption id=\"caption-attachment-281362\" class=\"wp-caption-text\">ISABEL UGARTECHE, CRISTIAN BELMONTE, RAMIRO SORIANO, CARMEN UGARTECHE Y PILAR SORIANO DE UGARTECHE.<\/figcaption><\/figure>\n<figure id=\"attachment_281360\" aria-describedby=\"caption-attachment-281360\" style=\"width: 800px\" class=\"wp-caption aligncenter\"><img loading=\"lazy\" decoding=\"async\" class=\"wp-image-281360 size-full\" src=\"https:\/\/www.eldiario.net\/portal\/wp-content\/uploads\/2025\/02\/IMG_4803.jpg\" alt=\"\" width=\"800\" height=\"533\" srcset=\"https:\/\/www.eldiario.net\/portal\/wp-content\/uploads\/2025\/02\/IMG_4803.jpg 800w, https:\/\/www.eldiario.net\/portal\/wp-content\/uploads\/2025\/02\/IMG_4803-300x200.jpg 300w, https:\/\/www.eldiario.net\/portal\/wp-content\/uploads\/2025\/02\/IMG_4803-768x512.jpg 768w, https:\/\/www.eldiario.net\/portal\/wp-content\/uploads\/2025\/02\/IMG_4803-630x420.jpg 630w, https:\/\/www.eldiario.net\/portal\/wp-content\/uploads\/2025\/02\/IMG_4803-696x464.jpg 696w\" sizes=\"auto, (max-width: 800px) 100vw, 800px\" \/><figcaption id=\"caption-attachment-281360\" class=\"wp-caption-text\">JORGE BEDOYA, SUSANA BEDOYA, \u00d3SCAR SORIANO, SCHEREZADE EXENI, FRANCISCO ORMACHEA Y REGINA ARTIEDA.<\/figcaption><\/figure>\n<figure id=\"attachment_281358\" aria-describedby=\"caption-attachment-281358\" style=\"width: 800px\" class=\"wp-caption aligncenter\"><img loading=\"lazy\" decoding=\"async\" class=\"wp-image-281358 size-full\" src=\"https:\/\/www.eldiario.net\/portal\/wp-content\/uploads\/2025\/02\/IMG_4812.jpg\" alt=\"\" width=\"800\" height=\"533\" srcset=\"https:\/\/www.eldiario.net\/portal\/wp-content\/uploads\/2025\/02\/IMG_4812.jpg 800w, https:\/\/www.eldiario.net\/portal\/wp-content\/uploads\/2025\/02\/IMG_4812-300x200.jpg 300w, https:\/\/www.eldiario.net\/portal\/wp-content\/uploads\/2025\/02\/IMG_4812-768x512.jpg 768w, https:\/\/www.eldiario.net\/portal\/wp-content\/uploads\/2025\/02\/IMG_4812-630x420.jpg 630w, https:\/\/www.eldiario.net\/portal\/wp-content\/uploads\/2025\/02\/IMG_4812-696x464.jpg 696w\" sizes=\"auto, (max-width: 800px) 100vw, 800px\" \/><figcaption id=\"caption-attachment-281358\" class=\"wp-caption-text\">CARLOS FUENTES, GUIDO CORTEZ Y ALFRED VILLEGAS.<\/figcaption><\/figure>\n<figure id=\"attachment_281359\" aria-describedby=\"caption-attachment-281359\" style=\"width: 800px\" class=\"wp-caption aligncenter\"><img loading=\"lazy\" decoding=\"async\" class=\"wp-image-281359 size-full\" src=\"https:\/\/www.eldiario.net\/portal\/wp-content\/uploads\/2025\/02\/IMG_4775.jpg\" alt=\"\" width=\"800\" height=\"533\" srcset=\"https:\/\/www.eldiario.net\/portal\/wp-content\/uploads\/2025\/02\/IMG_4775.jpg 800w, https:\/\/www.eldiario.net\/portal\/wp-content\/uploads\/2025\/02\/IMG_4775-300x200.jpg 300w, https:\/\/www.eldiario.net\/portal\/wp-content\/uploads\/2025\/02\/IMG_4775-768x512.jpg 768w, https:\/\/www.eldiario.net\/portal\/wp-content\/uploads\/2025\/02\/IMG_4775-630x420.jpg 630w, https:\/\/www.eldiario.net\/portal\/wp-content\/uploads\/2025\/02\/IMG_4775-696x464.jpg 696w\" sizes=\"auto, (max-width: 800px) 100vw, 800px\" \/><figcaption id=\"caption-attachment-281359\" class=\"wp-caption-text\">CARMEN ZAMORA, NICOLE LA FAYE Y VIVI GUTI\u00c9RREZ.<\/figcaption><\/figure>\n<figure id=\"attachment_281357\" aria-describedby=\"caption-attachment-281357\" style=\"width: 800px\" class=\"wp-caption aligncenter\"><img loading=\"lazy\" decoding=\"async\" class=\"wp-image-281357 size-full\" src=\"https:\/\/www.eldiario.net\/portal\/wp-content\/uploads\/2025\/02\/IMG_4777.jpg\" alt=\"\" width=\"800\" height=\"533\" srcset=\"https:\/\/www.eldiario.net\/portal\/wp-content\/uploads\/2025\/02\/IMG_4777.jpg 800w, https:\/\/www.eldiario.net\/portal\/wp-content\/uploads\/2025\/02\/IMG_4777-300x200.jpg 300w, https:\/\/www.eldiario.net\/portal\/wp-content\/uploads\/2025\/02\/IMG_4777-768x512.jpg 768w, https:\/\/www.eldiario.net\/portal\/wp-content\/uploads\/2025\/02\/IMG_4777-630x420.jpg 630w, https:\/\/www.eldiario.net\/portal\/wp-content\/uploads\/2025\/02\/IMG_4777-696x464.jpg 696w\" sizes=\"auto, (max-width: 800px) 100vw, 800px\" \/><figcaption id=\"caption-attachment-281357\" class=\"wp-caption-text\">ANA PALZA, MAGUI DE LA RIVA, BEBA URIOSTE Y GIANCARLA MU\u00d1OZ.<\/figcaption><\/figure>\n<figure id=\"attachment_281356\" aria-describedby=\"caption-attachment-281356\" style=\"width: 800px\" class=\"wp-caption aligncenter\"><img loading=\"lazy\" decoding=\"async\" class=\"wp-image-281356 size-full\" src=\"https:\/\/www.eldiario.net\/portal\/wp-content\/uploads\/2025\/02\/IMG_4782.jpg\" alt=\"\" width=\"800\" height=\"533\" srcset=\"https:\/\/www.eldiario.net\/portal\/wp-content\/uploads\/2025\/02\/IMG_4782.jpg 800w, https:\/\/www.eldiario.net\/portal\/wp-content\/uploads\/2025\/02\/IMG_4782-300x200.jpg 300w, https:\/\/www.eldiario.net\/portal\/wp-content\/uploads\/2025\/02\/IMG_4782-768x512.jpg 768w, https:\/\/www.eldiario.net\/portal\/wp-content\/uploads\/2025\/02\/IMG_4782-630x420.jpg 630w, https:\/\/www.eldiario.net\/portal\/wp-content\/uploads\/2025\/02\/IMG_4782-696x464.jpg 696w\" sizes=\"auto, (max-width: 800px) 100vw, 800px\" \/><figcaption id=\"caption-attachment-281356\" class=\"wp-caption-text\">PAOLA CARVAJAL Y KARINA CALDER\u00d3N.<\/figcaption><\/figure>\n<figure id=\"attachment_281355\" aria-describedby=\"caption-attachment-281355\" style=\"width: 800px\" class=\"wp-caption aligncenter\"><img loading=\"lazy\" decoding=\"async\" class=\"wp-image-281355 size-full\" src=\"https:\/\/www.eldiario.net\/portal\/wp-content\/uploads\/2025\/02\/IMG_4794.jpg\" alt=\"\" width=\"800\" height=\"533\" srcset=\"https:\/\/www.eldiario.net\/portal\/wp-content\/uploads\/2025\/02\/IMG_4794.jpg 800w, https:\/\/www.eldiario.net\/portal\/wp-content\/uploads\/2025\/02\/IMG_4794-300x200.jpg 300w, https:\/\/www.eldiario.net\/portal\/wp-content\/uploads\/2025\/02\/IMG_4794-768x512.jpg 768w, https:\/\/www.eldiario.net\/portal\/wp-content\/uploads\/2025\/02\/IMG_4794-630x420.jpg 630w, https:\/\/www.eldiario.net\/portal\/wp-content\/uploads\/2025\/02\/IMG_4794-696x464.jpg 696w\" sizes=\"auto, (max-width: 800px) 100vw, 800px\" \/><figcaption id=\"caption-attachment-281355\" class=\"wp-caption-text\">LULY SEGOVIA, MIRIAM SEGOVIA, GERHALD BURGOA Y BRANDON BURGOA.<\/figcaption><\/figure>\n<figure id=\"attachment_281354\" aria-describedby=\"caption-attachment-281354\" style=\"width: 800px\" class=\"wp-caption aligncenter\"><img loading=\"lazy\" decoding=\"async\" class=\"wp-image-281354 size-full\" src=\"https:\/\/www.eldiario.net\/portal\/wp-content\/uploads\/2025\/02\/IMG_4780.jpg\" alt=\"\" width=\"800\" height=\"533\" srcset=\"https:\/\/www.eldiario.net\/portal\/wp-content\/uploads\/2025\/02\/IMG_4780.jpg 800w, https:\/\/www.eldiario.net\/portal\/wp-content\/uploads\/2025\/02\/IMG_4780-300x200.jpg 300w, https:\/\/www.eldiario.net\/portal\/wp-content\/uploads\/2025\/02\/IMG_4780-768x512.jpg 768w, https:\/\/www.eldiario.net\/portal\/wp-content\/uploads\/2025\/02\/IMG_4780-630x420.jpg 630w, https:\/\/www.eldiario.net\/portal\/wp-content\/uploads\/2025\/02\/IMG_4780-696x464.jpg 696w\" sizes=\"auto, (max-width: 800px) 100vw, 800px\" \/><figcaption id=\"caption-attachment-281354\" class=\"wp-caption-text\">CARMEN JOHNSON, VER\u00d3NICA OSSIO Y FLORENCIA BALLIVI\u00c1N.<\/figcaption><\/figure>\n<figure id=\"attachment_281353\" aria-describedby=\"caption-attachment-281353\" style=\"width: 800px\" class=\"wp-caption aligncenter\"><img loading=\"lazy\" decoding=\"async\" class=\"wp-image-281353 size-full\" src=\"https:\/\/www.eldiario.net\/portal\/wp-content\/uploads\/2025\/02\/IMG_4826.jpg\" alt=\"\" width=\"800\" height=\"533\" srcset=\"https:\/\/www.eldiario.net\/portal\/wp-content\/uploads\/2025\/02\/IMG_4826.jpg 800w, https:\/\/www.eldiario.net\/portal\/wp-content\/uploads\/2025\/02\/IMG_4826-300x200.jpg 300w, https:\/\/www.eldiario.net\/portal\/wp-content\/uploads\/2025\/02\/IMG_4826-768x512.jpg 768w, https:\/\/www.eldiario.net\/portal\/wp-content\/uploads\/2025\/02\/IMG_4826-630x420.jpg 630w, https:\/\/www.eldiario.net\/portal\/wp-content\/uploads\/2025\/02\/IMG_4826-696x464.jpg 696w\" sizes=\"auto, (max-width: 800px) 100vw, 800px\" \/><figcaption id=\"caption-attachment-281353\" class=\"wp-caption-text\">JUAN CARLOS ZAMORANO, PABEL FLORES, JAIME CISNEROS, SANDRA BOULANGER, MOIRA MACHICADO Y GRACIELA RODO,<\/figcaption><\/figure>\n<figure id=\"attachment_281351\" aria-describedby=\"caption-attachment-281351\" style=\"width: 800px\" class=\"wp-caption aligncenter\"><img loading=\"lazy\" decoding=\"async\" class=\"wp-image-281351 size-full\" src=\"https:\/\/www.eldiario.net\/portal\/wp-content\/uploads\/2025\/02\/IMG_4757.jpg\" alt=\"\" width=\"800\" height=\"533\" srcset=\"https:\/\/www.eldiario.net\/portal\/wp-content\/uploads\/2025\/02\/IMG_4757.jpg 800w, https:\/\/www.eldiario.net\/portal\/wp-content\/uploads\/2025\/02\/IMG_4757-300x200.jpg 300w, https:\/\/www.eldiario.net\/portal\/wp-content\/uploads\/2025\/02\/IMG_4757-768x512.jpg 768w, https:\/\/www.eldiario.net\/portal\/wp-content\/uploads\/2025\/02\/IMG_4757-630x420.jpg 630w, https:\/\/www.eldiario.net\/portal\/wp-content\/uploads\/2025\/02\/IMG_4757-696x464.jpg 696w\" sizes=\"auto, (max-width: 800px) 100vw, 800px\" \/><figcaption id=\"caption-attachment-281351\" class=\"wp-caption-text\">GABRIELA OROZCO, GRACIELA RODO, SANDRA BOULANGER Y RAMIRO SORIANO.<\/figcaption><\/figure>\n<figure id=\"attachment_281350\" aria-describedby=\"caption-attachment-281350\" style=\"width: 800px\" class=\"wp-caption aligncenter\"><img loading=\"lazy\" decoding=\"async\" class=\"wp-image-281350 size-full\" src=\"https:\/\/www.eldiario.net\/portal\/wp-content\/uploads\/2025\/02\/IMG_4721.jpg\" alt=\"\" width=\"800\" height=\"533\" srcset=\"https:\/\/www.eldiario.net\/portal\/wp-content\/uploads\/2025\/02\/IMG_4721.jpg 800w, https:\/\/www.eldiario.net\/portal\/wp-content\/uploads\/2025\/02\/IMG_4721-300x200.jpg 300w, https:\/\/www.eldiario.net\/portal\/wp-content\/uploads\/2025\/02\/IMG_4721-768x512.jpg 768w, https:\/\/www.eldiario.net\/portal\/wp-content\/uploads\/2025\/02\/IMG_4721-630x420.jpg 630w, https:\/\/www.eldiario.net\/portal\/wp-content\/uploads\/2025\/02\/IMG_4721-696x464.jpg 696w\" sizes=\"auto, (max-width: 800px) 100vw, 800px\" \/><figcaption id=\"caption-attachment-281350\" class=\"wp-caption-text\">GRACIELA RODO BOULANGER, SANDRA BOULANGER RODO Y RAMIRO SORIANO.<\/figcaption><\/figure>\n<figure id=\"attachment_281349\" aria-describedby=\"caption-attachment-281349\" style=\"width: 800px\" class=\"wp-caption aligncenter\"><img loading=\"lazy\" decoding=\"async\" class=\"wp-image-281349 size-full\" src=\"https:\/\/www.eldiario.net\/portal\/wp-content\/uploads\/2025\/02\/IMG_4746.jpg\" alt=\"\" width=\"800\" height=\"1200\" srcset=\"https:\/\/www.eldiario.net\/portal\/wp-content\/uploads\/2025\/02\/IMG_4746.jpg 800w, https:\/\/www.eldiario.net\/portal\/wp-content\/uploads\/2025\/02\/IMG_4746-200x300.jpg 200w, https:\/\/www.eldiario.net\/portal\/wp-content\/uploads\/2025\/02\/IMG_4746-683x1024.jpg 683w, https:\/\/www.eldiario.net\/portal\/wp-content\/uploads\/2025\/02\/IMG_4746-768x1152.jpg 768w, https:\/\/www.eldiario.net\/portal\/wp-content\/uploads\/2025\/02\/IMG_4746-280x420.jpg 280w, https:\/\/www.eldiario.net\/portal\/wp-content\/uploads\/2025\/02\/IMG_4746-696x1044.jpg 696w\" sizes=\"auto, (max-width: 800px) 100vw, 800px\" \/><figcaption id=\"caption-attachment-281349\" class=\"wp-caption-text\">UN MERECIDO HOMENAJE A LA ARTISTA BOLIVIANA, GRACIELA RODO BOULANGER.<\/figcaption><\/figure>\n<p><img loading=\"lazy\" decoding=\"async\" class=\"aligncenter size-full wp-image-281361\" src=\"https:\/\/www.eldiario.net\/portal\/wp-content\/uploads\/2025\/02\/IMG_4732.jpg\" alt=\"\" width=\"800\" height=\"533\" srcset=\"https:\/\/www.eldiario.net\/portal\/wp-content\/uploads\/2025\/02\/IMG_4732.jpg 800w, https:\/\/www.eldiario.net\/portal\/wp-content\/uploads\/2025\/02\/IMG_4732-300x200.jpg 300w, https:\/\/www.eldiario.net\/portal\/wp-content\/uploads\/2025\/02\/IMG_4732-768x512.jpg 768w, https:\/\/www.eldiario.net\/portal\/wp-content\/uploads\/2025\/02\/IMG_4732-630x420.jpg 630w, https:\/\/www.eldiario.net\/portal\/wp-content\/uploads\/2025\/02\/IMG_4732-696x464.jpg 696w\" sizes=\"auto, (max-width: 800px) 100vw, 800px\" \/><\/p>\n","protected":false},"excerpt":{"rendered":"<p>El Banco Nacional de Bolivia, a trav\u00e9s de su espacio BNB Art, present\u00f3 el libro \u201cLas l\u00edneas de la memoria\u201d, de la reconocida artista boliviana Graciela Rodo Boulanger, en acto emotivo y lleno de significado. La obra es un viaje a trav\u00e9s del tiempo y la emoci\u00f3n, donde la autora explora la relaci\u00f3n entre la [&hellip;]<\/p>\n","protected":false},"author":2,"featured_media":281352,"comment_status":"closed","ping_status":"open","sticky":false,"template":"","format":"standard","meta":{"_acf_changed":false,"footnotes":""},"categories":[40],"tags":[],"class_list":["post-281348","post","type-post","status-publish","format-standard","has-post-thumbnail","category-sociales"],"acf":{"antetitulo":""},"yoast_head":"<!-- This site is optimized with the Yoast SEO plugin v28.4 - https:\/\/yoast.com\/product\/yoast-seo-wordpress\/ -->\n<title>&quot;Las l\u00edneas de la memoria&quot; rinde homenaje a Graciela Rodo Boulanger - El Diario - Bolivia<\/title>\n<meta name=\"robots\" content=\"index, follow, max-snippet:-1, max-image-preview:large, max-video-preview:-1\" \/>\n<link rel=\"canonical\" href=\"https:\/\/www.eldiario.net\/portal\/2025\/02\/12\/las-lineas-de-la-memoria-rinde-homenaje-a-graciela-rodo-boulanger\/\" \/>\n<meta property=\"og:locale\" content=\"es_ES\" \/>\n<meta property=\"og:type\" content=\"article\" \/>\n<meta property=\"og:title\" content=\"&quot;Las l\u00edneas de la memoria&quot; rinde homenaje a Graciela Rodo Boulanger - El Diario - Bolivia\" \/>\n<meta property=\"og:description\" content=\"El Banco Nacional de Bolivia, a trav\u00e9s de su espacio BNB Art, present\u00f3 el libro \u201cLas l\u00edneas de la memoria\u201d, de la reconocida artista boliviana Graciela Rodo Boulanger, en acto emotivo y lleno de significado. La obra es un viaje a trav\u00e9s del tiempo y la emoci\u00f3n, donde la autora explora la relaci\u00f3n entre la [&hellip;]\" \/>\n<meta property=\"og:url\" content=\"https:\/\/www.eldiario.net\/portal\/2025\/02\/12\/las-lineas-de-la-memoria-rinde-homenaje-a-graciela-rodo-boulanger\/\" \/>\n<meta property=\"og:site_name\" content=\"El Diario - Bolivia\" \/>\n<meta property=\"article:publisher\" content=\"https:\/\/www.facebook.com\/eldiario.bolivia\/\" \/>\n<meta property=\"article:published_time\" content=\"2025-02-12T12:50:30+00:00\" \/>\n<meta property=\"og:image\" content=\"https:\/\/www.eldiario.net\/portal\/wp-content\/uploads\/2025\/02\/IMG_4821.jpg\" \/>\n\t<meta property=\"og:image:width\" content=\"800\" \/>\n\t<meta property=\"og:image:height\" content=\"533\" \/>\n\t<meta property=\"og:image:type\" content=\"image\/jpeg\" \/>\n<meta name=\"author\" content=\"luis Camacho\" \/>\n<meta name=\"twitter:card\" content=\"summary_large_image\" \/>\n<meta name=\"twitter:creator\" content=\"@eldiario_net\" \/>\n<meta name=\"twitter:site\" content=\"@eldiario_net\" \/>\n<meta name=\"twitter:label1\" content=\"Escrito por\" \/>\n\t<meta name=\"twitter:data1\" content=\"luis Camacho\" \/>\n\t<meta name=\"twitter:label2\" content=\"Tiempo de lectura\" \/>\n\t<meta name=\"twitter:data2\" content=\"6 minutos\" \/>\n<script type=\"application\/ld+json\" class=\"yoast-schema-graph\">{\"@context\":\"https:\\\/\\\/schema.org\",\"@graph\":[{\"@type\":\"Article\",\"@id\":\"https:\\\/\\\/www.eldiario.net\\\/portal\\\/2025\\\/02\\\/12\\\/las-lineas-de-la-memoria-rinde-homenaje-a-graciela-rodo-boulanger\\\/#article\",\"isPartOf\":{\"@id\":\"https:\\\/\\\/www.eldiario.net\\\/portal\\\/2025\\\/02\\\/12\\\/las-lineas-de-la-memoria-rinde-homenaje-a-graciela-rodo-boulanger\\\/\"},\"author\":{\"name\":\"luis Camacho\",\"@id\":\"https:\\\/\\\/www.eldiario.net\\\/portal\\\/#\\\/schema\\\/person\\\/cab1ae4db27e5f008a62cbffb05fbfee\"},\"headline\":\"\u00abLas l\u00edneas de la memoria\u00bb rinde homenaje a Graciela Rodo Boulanger\",\"datePublished\":\"2025-02-12T12:50:30+00:00\",\"mainEntityOfPage\":{\"@id\":\"https:\\\/\\\/www.eldiario.net\\\/portal\\\/2025\\\/02\\\/12\\\/las-lineas-de-la-memoria-rinde-homenaje-a-graciela-rodo-boulanger\\\/\"},\"wordCount\":608,\"publisher\":{\"@id\":\"https:\\\/\\\/www.eldiario.net\\\/portal\\\/#organization\"},\"image\":{\"@id\":\"https:\\\/\\\/www.eldiario.net\\\/portal\\\/2025\\\/02\\\/12\\\/las-lineas-de-la-memoria-rinde-homenaje-a-graciela-rodo-boulanger\\\/#primaryimage\"},\"thumbnailUrl\":\"https:\\\/\\\/www.eldiario.net\\\/portal\\\/wp-content\\\/uploads\\\/2025\\\/02\\\/IMG_4821.jpg\",\"articleSection\":[\"Sociales\"],\"inLanguage\":\"es\"},{\"@type\":\"WebPage\",\"@id\":\"https:\\\/\\\/www.eldiario.net\\\/portal\\\/2025\\\/02\\\/12\\\/las-lineas-de-la-memoria-rinde-homenaje-a-graciela-rodo-boulanger\\\/\",\"url\":\"https:\\\/\\\/www.eldiario.net\\\/portal\\\/2025\\\/02\\\/12\\\/las-lineas-de-la-memoria-rinde-homenaje-a-graciela-rodo-boulanger\\\/\",\"name\":\"\\\"Las l\u00edneas de la memoria\\\" rinde homenaje a Graciela Rodo Boulanger - El Diario - Bolivia\",\"isPartOf\":{\"@id\":\"https:\\\/\\\/www.eldiario.net\\\/portal\\\/#website\"},\"primaryImageOfPage\":{\"@id\":\"https:\\\/\\\/www.eldiario.net\\\/portal\\\/2025\\\/02\\\/12\\\/las-lineas-de-la-memoria-rinde-homenaje-a-graciela-rodo-boulanger\\\/#primaryimage\"},\"image\":{\"@id\":\"https:\\\/\\\/www.eldiario.net\\\/portal\\\/2025\\\/02\\\/12\\\/las-lineas-de-la-memoria-rinde-homenaje-a-graciela-rodo-boulanger\\\/#primaryimage\"},\"thumbnailUrl\":\"https:\\\/\\\/www.eldiario.net\\\/portal\\\/wp-content\\\/uploads\\\/2025\\\/02\\\/IMG_4821.jpg\",\"datePublished\":\"2025-02-12T12:50:30+00:00\",\"breadcrumb\":{\"@id\":\"https:\\\/\\\/www.eldiario.net\\\/portal\\\/2025\\\/02\\\/12\\\/las-lineas-de-la-memoria-rinde-homenaje-a-graciela-rodo-boulanger\\\/#breadcrumb\"},\"inLanguage\":\"es\",\"potentialAction\":[{\"@type\":\"ReadAction\",\"target\":[\"https:\\\/\\\/www.eldiario.net\\\/portal\\\/2025\\\/02\\\/12\\\/las-lineas-de-la-memoria-rinde-homenaje-a-graciela-rodo-boulanger\\\/\"]}]},{\"@type\":\"ImageObject\",\"inLanguage\":\"es\",\"@id\":\"https:\\\/\\\/www.eldiario.net\\\/portal\\\/2025\\\/02\\\/12\\\/las-lineas-de-la-memoria-rinde-homenaje-a-graciela-rodo-boulanger\\\/#primaryimage\",\"url\":\"https:\\\/\\\/www.eldiario.net\\\/portal\\\/wp-content\\\/uploads\\\/2025\\\/02\\\/IMG_4821.jpg\",\"contentUrl\":\"https:\\\/\\\/www.eldiario.net\\\/portal\\\/wp-content\\\/uploads\\\/2025\\\/02\\\/IMG_4821.jpg\",\"width\":800,\"height\":533,\"caption\":\"JAIME CISNEROS, JUAN CARLOS ZAMORANO, MOIRA MACHICADO, GRACIELA RODO BOULANGER, SANDRA BOULANGER, GABRIELA OROZCO Y RAMIRO SORIANO.\"},{\"@type\":\"BreadcrumbList\",\"@id\":\"https:\\\/\\\/www.eldiario.net\\\/portal\\\/2025\\\/02\\\/12\\\/las-lineas-de-la-memoria-rinde-homenaje-a-graciela-rodo-boulanger\\\/#breadcrumb\",\"itemListElement\":[{\"@type\":\"ListItem\",\"position\":1,\"name\":\"Portada\",\"item\":\"https:\\\/\\\/www.eldiario.net\\\/portal\\\/\"},{\"@type\":\"ListItem\",\"position\":2,\"name\":\"\u00abLas l\u00edneas de la memoria\u00bb rinde homenaje a Graciela Rodo Boulanger\"}]},{\"@type\":\"WebSite\",\"@id\":\"https:\\\/\\\/www.eldiario.net\\\/portal\\\/#website\",\"url\":\"https:\\\/\\\/www.eldiario.net\\\/portal\\\/\",\"name\":\"El Diario - Decano de la prensa nacional\",\"description\":\"El Diario - Decano de la prensa nacional\",\"publisher\":{\"@id\":\"https:\\\/\\\/www.eldiario.net\\\/portal\\\/#organization\"},\"potentialAction\":[{\"@type\":\"SearchAction\",\"target\":{\"@type\":\"EntryPoint\",\"urlTemplate\":\"https:\\\/\\\/www.eldiario.net\\\/portal\\\/?s={search_term_string}\"},\"query-input\":{\"@type\":\"PropertyValueSpecification\",\"valueRequired\":true,\"valueName\":\"search_term_string\"}}],\"inLanguage\":\"es\"},{\"@type\":\"Organization\",\"@id\":\"https:\\\/\\\/www.eldiario.net\\\/portal\\\/#organization\",\"name\":\"El Diario - Decano de la prensa nacional\",\"url\":\"https:\\\/\\\/www.eldiario.net\\\/portal\\\/\",\"logo\":{\"@type\":\"ImageObject\",\"inLanguage\":\"es\",\"@id\":\"https:\\\/\\\/www.eldiario.net\\\/portal\\\/#\\\/schema\\\/logo\\\/image\\\/\",\"url\":\"https:\\\/\\\/www.eldiario.net\\\/portal\\\/wp-content\\\/uploads\\\/2023\\\/07\\\/logo_ED.jpg\",\"contentUrl\":\"https:\\\/\\\/www.eldiario.net\\\/portal\\\/wp-content\\\/uploads\\\/2023\\\/07\\\/logo_ED.jpg\",\"width\":272,\"height\":52,\"caption\":\"El Diario - Decano de la prensa nacional\"},\"image\":{\"@id\":\"https:\\\/\\\/www.eldiario.net\\\/portal\\\/#\\\/schema\\\/logo\\\/image\\\/\"},\"sameAs\":[\"https:\\\/\\\/www.facebook.com\\\/eldiario.bolivia\\\/\",\"https:\\\/\\\/x.com\\\/eldiario_net\"]},{\"@type\":\"Person\",\"@id\":\"https:\\\/\\\/www.eldiario.net\\\/portal\\\/#\\\/schema\\\/person\\\/cab1ae4db27e5f008a62cbffb05fbfee\",\"name\":\"luis Camacho\",\"image\":{\"@type\":\"ImageObject\",\"inLanguage\":\"es\",\"@id\":\"https:\\\/\\\/secure.gravatar.com\\\/avatar\\\/69ecb836b3826d5a2501bf06ab2a2f2c8ab211cc846758f395df21684cb38313?s=96&d=mm&r=g\",\"url\":\"https:\\\/\\\/secure.gravatar.com\\\/avatar\\\/69ecb836b3826d5a2501bf06ab2a2f2c8ab211cc846758f395df21684cb38313?s=96&d=mm&r=g\",\"contentUrl\":\"https:\\\/\\\/secure.gravatar.com\\\/avatar\\\/69ecb836b3826d5a2501bf06ab2a2f2c8ab211cc846758f395df21684cb38313?s=96&d=mm&r=g\",\"caption\":\"luis Camacho\"},\"url\":\"https:\\\/\\\/www.eldiario.net\\\/portal\\\/author\\\/luis\\\/\"}]}<\/script>\n<!-- \/ Yoast SEO plugin. -->","yoast_head_json":{"title":"\"Las l\u00edneas de la memoria\" rinde homenaje a Graciela Rodo Boulanger - El Diario - Bolivia","robots":{"index":"index","follow":"follow","max-snippet":"max-snippet:-1","max-image-preview":"max-image-preview:large","max-video-preview":"max-video-preview:-1"},"canonical":"https:\/\/www.eldiario.net\/portal\/2025\/02\/12\/las-lineas-de-la-memoria-rinde-homenaje-a-graciela-rodo-boulanger\/","og_locale":"es_ES","og_type":"article","og_title":"\"Las l\u00edneas de la memoria\" rinde homenaje a Graciela Rodo Boulanger - El Diario - Bolivia","og_description":"El Banco Nacional de Bolivia, a trav\u00e9s de su espacio BNB Art, present\u00f3 el libro \u201cLas l\u00edneas de la memoria\u201d, de la reconocida artista boliviana Graciela Rodo Boulanger, en acto emotivo y lleno de significado. La obra es un viaje a trav\u00e9s del tiempo y la emoci\u00f3n, donde la autora explora la relaci\u00f3n entre la [&hellip;]","og_url":"https:\/\/www.eldiario.net\/portal\/2025\/02\/12\/las-lineas-de-la-memoria-rinde-homenaje-a-graciela-rodo-boulanger\/","og_site_name":"El Diario - Bolivia","article_publisher":"https:\/\/www.facebook.com\/eldiario.bolivia\/","article_published_time":"2025-02-12T12:50:30+00:00","og_image":[{"width":800,"height":533,"url":"https:\/\/www.eldiario.net\/portal\/wp-content\/uploads\/2025\/02\/IMG_4821.jpg","type":"image\/jpeg"}],"author":"luis Camacho","twitter_card":"summary_large_image","twitter_creator":"@eldiario_net","twitter_site":"@eldiario_net","twitter_misc":{"Escrito por":"luis Camacho","Tiempo de lectura":"6 minutos"},"schema":{"@context":"https:\/\/schema.org","@graph":[{"@type":"Article","@id":"https:\/\/www.eldiario.net\/portal\/2025\/02\/12\/las-lineas-de-la-memoria-rinde-homenaje-a-graciela-rodo-boulanger\/#article","isPartOf":{"@id":"https:\/\/www.eldiario.net\/portal\/2025\/02\/12\/las-lineas-de-la-memoria-rinde-homenaje-a-graciela-rodo-boulanger\/"},"author":{"name":"luis Camacho","@id":"https:\/\/www.eldiario.net\/portal\/#\/schema\/person\/cab1ae4db27e5f008a62cbffb05fbfee"},"headline":"\u00abLas l\u00edneas de la memoria\u00bb rinde homenaje a Graciela Rodo Boulanger","datePublished":"2025-02-12T12:50:30+00:00","mainEntityOfPage":{"@id":"https:\/\/www.eldiario.net\/portal\/2025\/02\/12\/las-lineas-de-la-memoria-rinde-homenaje-a-graciela-rodo-boulanger\/"},"wordCount":608,"publisher":{"@id":"https:\/\/www.eldiario.net\/portal\/#organization"},"image":{"@id":"https:\/\/www.eldiario.net\/portal\/2025\/02\/12\/las-lineas-de-la-memoria-rinde-homenaje-a-graciela-rodo-boulanger\/#primaryimage"},"thumbnailUrl":"https:\/\/www.eldiario.net\/portal\/wp-content\/uploads\/2025\/02\/IMG_4821.jpg","articleSection":["Sociales"],"inLanguage":"es"},{"@type":"WebPage","@id":"https:\/\/www.eldiario.net\/portal\/2025\/02\/12\/las-lineas-de-la-memoria-rinde-homenaje-a-graciela-rodo-boulanger\/","url":"https:\/\/www.eldiario.net\/portal\/2025\/02\/12\/las-lineas-de-la-memoria-rinde-homenaje-a-graciela-rodo-boulanger\/","name":"\"Las l\u00edneas de la memoria\" rinde homenaje a Graciela Rodo Boulanger - El Diario - Bolivia","isPartOf":{"@id":"https:\/\/www.eldiario.net\/portal\/#website"},"primaryImageOfPage":{"@id":"https:\/\/www.eldiario.net\/portal\/2025\/02\/12\/las-lineas-de-la-memoria-rinde-homenaje-a-graciela-rodo-boulanger\/#primaryimage"},"image":{"@id":"https:\/\/www.eldiario.net\/portal\/2025\/02\/12\/las-lineas-de-la-memoria-rinde-homenaje-a-graciela-rodo-boulanger\/#primaryimage"},"thumbnailUrl":"https:\/\/www.eldiario.net\/portal\/wp-content\/uploads\/2025\/02\/IMG_4821.jpg","datePublished":"2025-02-12T12:50:30+00:00","breadcrumb":{"@id":"https:\/\/www.eldiario.net\/portal\/2025\/02\/12\/las-lineas-de-la-memoria-rinde-homenaje-a-graciela-rodo-boulanger\/#breadcrumb"},"inLanguage":"es","potentialAction":[{"@type":"ReadAction","target":["https:\/\/www.eldiario.net\/portal\/2025\/02\/12\/las-lineas-de-la-memoria-rinde-homenaje-a-graciela-rodo-boulanger\/"]}]},{"@type":"ImageObject","inLanguage":"es","@id":"https:\/\/www.eldiario.net\/portal\/2025\/02\/12\/las-lineas-de-la-memoria-rinde-homenaje-a-graciela-rodo-boulanger\/#primaryimage","url":"https:\/\/www.eldiario.net\/portal\/wp-content\/uploads\/2025\/02\/IMG_4821.jpg","contentUrl":"https:\/\/www.eldiario.net\/portal\/wp-content\/uploads\/2025\/02\/IMG_4821.jpg","width":800,"height":533,"caption":"JAIME CISNEROS, JUAN CARLOS ZAMORANO, MOIRA MACHICADO, GRACIELA RODO BOULANGER, SANDRA BOULANGER, GABRIELA OROZCO Y RAMIRO SORIANO."},{"@type":"BreadcrumbList","@id":"https:\/\/www.eldiario.net\/portal\/2025\/02\/12\/las-lineas-de-la-memoria-rinde-homenaje-a-graciela-rodo-boulanger\/#breadcrumb","itemListElement":[{"@type":"ListItem","position":1,"name":"Portada","item":"https:\/\/www.eldiario.net\/portal\/"},{"@type":"ListItem","position":2,"name":"\u00abLas l\u00edneas de la memoria\u00bb rinde homenaje a Graciela Rodo Boulanger"}]},{"@type":"WebSite","@id":"https:\/\/www.eldiario.net\/portal\/#website","url":"https:\/\/www.eldiario.net\/portal\/","name":"El Diario - Decano de la prensa nacional","description":"El Diario - Decano de la prensa nacional","publisher":{"@id":"https:\/\/www.eldiario.net\/portal\/#organization"},"potentialAction":[{"@type":"SearchAction","target":{"@type":"EntryPoint","urlTemplate":"https:\/\/www.eldiario.net\/portal\/?s={search_term_string}"},"query-input":{"@type":"PropertyValueSpecification","valueRequired":true,"valueName":"search_term_string"}}],"inLanguage":"es"},{"@type":"Organization","@id":"https:\/\/www.eldiario.net\/portal\/#organization","name":"El Diario - Decano de la prensa nacional","url":"https:\/\/www.eldiario.net\/portal\/","logo":{"@type":"ImageObject","inLanguage":"es","@id":"https:\/\/www.eldiario.net\/portal\/#\/schema\/logo\/image\/","url":"https:\/\/www.eldiario.net\/portal\/wp-content\/uploads\/2023\/07\/logo_ED.jpg","contentUrl":"https:\/\/www.eldiario.net\/portal\/wp-content\/uploads\/2023\/07\/logo_ED.jpg","width":272,"height":52,"caption":"El Diario - Decano de la prensa nacional"},"image":{"@id":"https:\/\/www.eldiario.net\/portal\/#\/schema\/logo\/image\/"},"sameAs":["https:\/\/www.facebook.com\/eldiario.bolivia\/","https:\/\/x.com\/eldiario_net"]},{"@type":"Person","@id":"https:\/\/www.eldiario.net\/portal\/#\/schema\/person\/cab1ae4db27e5f008a62cbffb05fbfee","name":"luis Camacho","image":{"@type":"ImageObject","inLanguage":"es","@id":"https:\/\/secure.gravatar.com\/avatar\/69ecb836b3826d5a2501bf06ab2a2f2c8ab211cc846758f395df21684cb38313?s=96&d=mm&r=g","url":"https:\/\/secure.gravatar.com\/avatar\/69ecb836b3826d5a2501bf06ab2a2f2c8ab211cc846758f395df21684cb38313?s=96&d=mm&r=g","contentUrl":"https:\/\/secure.gravatar.com\/avatar\/69ecb836b3826d5a2501bf06ab2a2f2c8ab211cc846758f395df21684cb38313?s=96&d=mm&r=g","caption":"luis Camacho"},"url":"https:\/\/www.eldiario.net\/portal\/author\/luis\/"}]}},"_links":{"self":[{"href":"https:\/\/www.eldiario.net\/portal\/wp-json\/wp\/v2\/posts\/281348","targetHints":{"allow":["GET"]}}],"collection":[{"href":"https:\/\/www.eldiario.net\/portal\/wp-json\/wp\/v2\/posts"}],"about":[{"href":"https:\/\/www.eldiario.net\/portal\/wp-json\/wp\/v2\/types\/post"}],"author":[{"embeddable":true,"href":"https:\/\/www.eldiario.net\/portal\/wp-json\/wp\/v2\/users\/2"}],"replies":[{"embeddable":true,"href":"https:\/\/www.eldiario.net\/portal\/wp-json\/wp\/v2\/comments?post=281348"}],"version-history":[{"count":1,"href":"https:\/\/www.eldiario.net\/portal\/wp-json\/wp\/v2\/posts\/281348\/revisions"}],"predecessor-version":[{"id":281369,"href":"https:\/\/www.eldiario.net\/portal\/wp-json\/wp\/v2\/posts\/281348\/revisions\/281369"}],"wp:featuredmedia":[{"embeddable":true,"href":"https:\/\/www.eldiario.net\/portal\/wp-json\/wp\/v2\/media\/281352"}],"wp:attachment":[{"href":"https:\/\/www.eldiario.net\/portal\/wp-json\/wp\/v2\/media?parent=281348"}],"wp:term":[{"taxonomy":"category","embeddable":true,"href":"https:\/\/www.eldiario.net\/portal\/wp-json\/wp\/v2\/categories?post=281348"},{"taxonomy":"post_tag","embeddable":true,"href":"https:\/\/www.eldiario.net\/portal\/wp-json\/wp\/v2\/tags?post=281348"}],"curies":[{"name":"wp","href":"https:\/\/api.w.org\/{rel}","templated":true}]}}