{"id":281273,"date":"2025-02-12T06:21:02","date_gmt":"2025-02-12T10:21:02","guid":{"rendered":"https:\/\/www.eldiario.net\/portal\/?p=281273"},"modified":"2025-02-12T06:21:02","modified_gmt":"2025-02-12T10:21:02","slug":"civicos-potosinos-no-descartan-paro-contra-los-contratos-de-litio","status":"publish","type":"post","link":"https:\/\/www.eldiario.net\/portal\/2025\/02\/12\/civicos-potosinos-no-descartan-paro-contra-los-contratos-de-litio\/","title":{"rendered":"C\u00edvicos potosinos no descartan paro contra los contratos de litio"},"content":{"rendered":"<p>Tras la marcha de diferentes sectores potosinos en rechazo a los contratos de litio, el Comit\u00e9 C\u00edvico Potosinista (Comcipo) no descart\u00f3 ayer realizar un paro de 24 horas o uno escalonado. Adem\u00e1s, declar\u00f3 \u201ctraidores a la patria\u201d a diputados que aprobaron en comisi\u00f3n uno de los documentos cuestionados.<br \/>\nDesde hace varios d\u00edas existe inconformidad en Potos\u00ed, por los contratos que se tramitan en la C\u00e1mara de Diputados y que ahora debe pasar por el pleno, cuya presidencia est\u00e1 en manos de Omar Yujra, af\u00edn al bloque \u201carcista\u201d del MAS.<br \/>\nLos potosinos advierten con revivir las protestas de 2019, a\u00f1o en el que renunci\u00f3 Evo Morales a la presidencia de Bolivia, por la crisis pol\u00edtica y social que se vivi\u00f3 por las elecciones, calificadas fraudulentas por la Organizaci\u00f3n de los Estados Americanos (OEA).<br \/>\n\u201cSe va a conformar un Comit\u00e9 de movilizaciones tal como se lo ha hecho el 2019, cuando hemos dicho no al presidente Evo Morales y por eso justamente se le ha votado del pa\u00eds (&#8230;) por eso, si esto contin\u00faa, el se\u00f1or Luis Arce va a seguir el mismo paso\u201d, manifest\u00f3 Alberto P\u00e9rez, presidente de Comcipo.<br \/>\nEl c\u00edvico sostuvo que hay cansancio en la poblaci\u00f3n por la manera c\u00f3mo se est\u00e1 administrando el pa\u00eds y se\u00f1al\u00f3 que hoy se conformar\u00e1 un comit\u00e9 de movilizaciones que definir\u00e1 las pr\u00f3ximas medidas de protesta.<br \/>\n\u201cNo estamos de acuerdo con medidas totalmente radicales, pero si el pueblo lo quiere, si as\u00ed el presidente Luis Arce Catacora y su entorno lo va a llevar, vamos a tener que seguir adelante\u201d, manifest\u00f3 P\u00e9rez.<br \/>\nEl c\u00edvico explic\u00f3 que existe la posibilidad de llevar adelante un paro de 24 y 48 horas, o incluso uno escalonado en todo el departamento.<br \/>\n\u201cSi hay medidas, disc\u00falpenme, van a ser de reivindicaci\u00f3n porque estamos siendo maltratados por este Gobierno de turno\u201d, concluy\u00f3 P\u00e9rez.<br \/>\nREGAL\u00cdAS<br \/>\nVecinos del Distrito 2 protagonizaron una multitudinaria marcha ayer que exigi\u00f3 el pago de regal\u00edas por su explotaci\u00f3n, m\u00ednimamente por el 12%, de acuerdo con los voceros de la movilizaci\u00f3n.<br \/>\n\u201cHoy por hoy, el litio, una riqueza que verdaderamente es de Potos\u00ed, est\u00e1n queriendo negociarlo\u201d, advirti\u00f3 el presidente del Distrito 2, Freddy Soto, cuestionando as\u00ed que el departamento de Potos\u00ed sea considerado solo fuente de recursos y no reciba a cambio beneficios. (Potos\u00ed, agencias)<\/p>\n","protected":false},"excerpt":{"rendered":"<p>Tras la marcha de diferentes sectores potosinos en rechazo a los contratos de litio, el Comit\u00e9 C\u00edvico Potosinista (Comcipo) no descart\u00f3 ayer realizar un paro de 24 horas o uno escalonado. Adem\u00e1s, declar\u00f3 \u201ctraidores a la patria\u201d a diputados que aprobaron en comisi\u00f3n uno de los documentos cuestionados. Desde hace varios d\u00edas existe inconformidad en [&hellip;]<\/p>\n","protected":false},"author":1,"featured_media":281277,"comment_status":"closed","ping_status":"open","sticky":false,"template":"","format":"standard","meta":{"_acf_changed":false,"footnotes":""},"categories":[12],"tags":[],"class_list":["post-281273","post","type-post","status-publish","format-standard","has-post-thumbnail","category-nacional"],"acf":{"antetitulo":""},"yoast_head":"<!-- This site is optimized with the Yoast SEO plugin v28.4 - https:\/\/yoast.com\/product\/yoast-seo-wordpress\/ -->\n<title>C\u00edvicos potosinos no descartan paro contra los contratos de litio - El Diario - Bolivia<\/title>\n<meta name=\"robots\" content=\"index, follow, max-snippet:-1, max-image-preview:large, max-video-preview:-1\" \/>\n<link rel=\"canonical\" href=\"https:\/\/www.eldiario.net\/portal\/2025\/02\/12\/civicos-potosinos-no-descartan-paro-contra-los-contratos-de-litio\/\" \/>\n<meta property=\"og:locale\" content=\"es_ES\" \/>\n<meta property=\"og:type\" content=\"article\" \/>\n<meta property=\"og:title\" content=\"C\u00edvicos potosinos no descartan paro contra los contratos de litio - El Diario - Bolivia\" \/>\n<meta property=\"og:description\" content=\"Tras la marcha de diferentes sectores potosinos en rechazo a los contratos de litio, el Comit\u00e9 C\u00edvico Potosinista (Comcipo) no descart\u00f3 ayer realizar un paro de 24 horas o uno escalonado. Adem\u00e1s, declar\u00f3 \u201ctraidores a la patria\u201d a diputados que aprobaron en comisi\u00f3n uno de los documentos cuestionados. Desde hace varios d\u00edas existe inconformidad en [&hellip;]\" \/>\n<meta property=\"og:url\" content=\"https:\/\/www.eldiario.net\/portal\/2025\/02\/12\/civicos-potosinos-no-descartan-paro-contra-los-contratos-de-litio\/\" \/>\n<meta property=\"og:site_name\" content=\"El Diario - Bolivia\" \/>\n<meta property=\"article:publisher\" content=\"https:\/\/www.facebook.com\/eldiario.bolivia\/\" \/>\n<meta property=\"article:published_time\" content=\"2025-02-12T10:21:02+00:00\" \/>\n<meta property=\"og:image\" content=\"https:\/\/www.eldiario.net\/portal\/wp-content\/uploads\/2025\/02\/11-NAL-COLOR-1.jpg\" \/>\n\t<meta property=\"og:image:width\" content=\"1280\" \/>\n\t<meta property=\"og:image:height\" content=\"545\" \/>\n\t<meta property=\"og:image:type\" content=\"image\/jpeg\" \/>\n<meta name=\"author\" content=\"Jeanette\" \/>\n<meta name=\"twitter:card\" content=\"summary_large_image\" \/>\n<meta name=\"twitter:creator\" content=\"@eldiario_net\" \/>\n<meta name=\"twitter:site\" content=\"@eldiario_net\" \/>\n<meta name=\"twitter:label1\" content=\"Escrito por\" \/>\n\t<meta name=\"twitter:data1\" content=\"Jeanette\" \/>\n\t<meta name=\"twitter:label2\" content=\"Tiempo de lectura\" \/>\n\t<meta name=\"twitter:data2\" content=\"2 minutos\" \/>\n<script type=\"application\/ld+json\" class=\"yoast-schema-graph\">{\"@context\":\"https:\\\/\\\/schema.org\",\"@graph\":[{\"@type\":\"Article\",\"@id\":\"https:\\\/\\\/www.eldiario.net\\\/portal\\\/2025\\\/02\\\/12\\\/civicos-potosinos-no-descartan-paro-contra-los-contratos-de-litio\\\/#article\",\"isPartOf\":{\"@id\":\"https:\\\/\\\/www.eldiario.net\\\/portal\\\/2025\\\/02\\\/12\\\/civicos-potosinos-no-descartan-paro-contra-los-contratos-de-litio\\\/\"},\"author\":{\"name\":\"Jeanette\",\"@id\":\"https:\\\/\\\/www.eldiario.net\\\/portal\\\/#\\\/schema\\\/person\\\/f46445640444750d7d753ccd04ae01b7\"},\"headline\":\"C\u00edvicos potosinos no descartan paro contra los contratos de litio\",\"datePublished\":\"2025-02-12T10:21:02+00:00\",\"mainEntityOfPage\":{\"@id\":\"https:\\\/\\\/www.eldiario.net\\\/portal\\\/2025\\\/02\\\/12\\\/civicos-potosinos-no-descartan-paro-contra-los-contratos-de-litio\\\/\"},\"wordCount\":411,\"publisher\":{\"@id\":\"https:\\\/\\\/www.eldiario.net\\\/portal\\\/#organization\"},\"image\":{\"@id\":\"https:\\\/\\\/www.eldiario.net\\\/portal\\\/2025\\\/02\\\/12\\\/civicos-potosinos-no-descartan-paro-contra-los-contratos-de-litio\\\/#primaryimage\"},\"thumbnailUrl\":\"https:\\\/\\\/www.eldiario.net\\\/portal\\\/wp-content\\\/uploads\\\/2025\\\/02\\\/11-NAL-COLOR-1.jpg\",\"articleSection\":[\"Nacional\"],\"inLanguage\":\"es\"},{\"@type\":\"WebPage\",\"@id\":\"https:\\\/\\\/www.eldiario.net\\\/portal\\\/2025\\\/02\\\/12\\\/civicos-potosinos-no-descartan-paro-contra-los-contratos-de-litio\\\/\",\"url\":\"https:\\\/\\\/www.eldiario.net\\\/portal\\\/2025\\\/02\\\/12\\\/civicos-potosinos-no-descartan-paro-contra-los-contratos-de-litio\\\/\",\"name\":\"C\u00edvicos potosinos no descartan paro contra los contratos de litio - El Diario - Bolivia\",\"isPartOf\":{\"@id\":\"https:\\\/\\\/www.eldiario.net\\\/portal\\\/#website\"},\"primaryImageOfPage\":{\"@id\":\"https:\\\/\\\/www.eldiario.net\\\/portal\\\/2025\\\/02\\\/12\\\/civicos-potosinos-no-descartan-paro-contra-los-contratos-de-litio\\\/#primaryimage\"},\"image\":{\"@id\":\"https:\\\/\\\/www.eldiario.net\\\/portal\\\/2025\\\/02\\\/12\\\/civicos-potosinos-no-descartan-paro-contra-los-contratos-de-litio\\\/#primaryimage\"},\"thumbnailUrl\":\"https:\\\/\\\/www.eldiario.net\\\/portal\\\/wp-content\\\/uploads\\\/2025\\\/02\\\/11-NAL-COLOR-1.jpg\",\"datePublished\":\"2025-02-12T10:21:02+00:00\",\"breadcrumb\":{\"@id\":\"https:\\\/\\\/www.eldiario.net\\\/portal\\\/2025\\\/02\\\/12\\\/civicos-potosinos-no-descartan-paro-contra-los-contratos-de-litio\\\/#breadcrumb\"},\"inLanguage\":\"es\",\"potentialAction\":[{\"@type\":\"ReadAction\",\"target\":[\"https:\\\/\\\/www.eldiario.net\\\/portal\\\/2025\\\/02\\\/12\\\/civicos-potosinos-no-descartan-paro-contra-los-contratos-de-litio\\\/\"]}]},{\"@type\":\"ImageObject\",\"inLanguage\":\"es\",\"@id\":\"https:\\\/\\\/www.eldiario.net\\\/portal\\\/2025\\\/02\\\/12\\\/civicos-potosinos-no-descartan-paro-contra-los-contratos-de-litio\\\/#primaryimage\",\"url\":\"https:\\\/\\\/www.eldiario.net\\\/portal\\\/wp-content\\\/uploads\\\/2025\\\/02\\\/11-NAL-COLOR-1.jpg\",\"contentUrl\":\"https:\\\/\\\/www.eldiario.net\\\/portal\\\/wp-content\\\/uploads\\\/2025\\\/02\\\/11-NAL-COLOR-1.jpg\",\"width\":1280,\"height\":545,\"caption\":\"En Potos\u00ed, varias personas salieron a las calles para expresar su rechazo a los contratos de litio.\"},{\"@type\":\"BreadcrumbList\",\"@id\":\"https:\\\/\\\/www.eldiario.net\\\/portal\\\/2025\\\/02\\\/12\\\/civicos-potosinos-no-descartan-paro-contra-los-contratos-de-litio\\\/#breadcrumb\",\"itemListElement\":[{\"@type\":\"ListItem\",\"position\":1,\"name\":\"Portada\",\"item\":\"https:\\\/\\\/www.eldiario.net\\\/portal\\\/\"},{\"@type\":\"ListItem\",\"position\":2,\"name\":\"C\u00edvicos potosinos no descartan paro contra los contratos de litio\"}]},{\"@type\":\"WebSite\",\"@id\":\"https:\\\/\\\/www.eldiario.net\\\/portal\\\/#website\",\"url\":\"https:\\\/\\\/www.eldiario.net\\\/portal\\\/\",\"name\":\"El Diario - Decano de la prensa nacional\",\"description\":\"El Diario - Decano de la prensa nacional\",\"publisher\":{\"@id\":\"https:\\\/\\\/www.eldiario.net\\\/portal\\\/#organization\"},\"potentialAction\":[{\"@type\":\"SearchAction\",\"target\":{\"@type\":\"EntryPoint\",\"urlTemplate\":\"https:\\\/\\\/www.eldiario.net\\\/portal\\\/?s={search_term_string}\"},\"query-input\":{\"@type\":\"PropertyValueSpecification\",\"valueRequired\":true,\"valueName\":\"search_term_string\"}}],\"inLanguage\":\"es\"},{\"@type\":\"Organization\",\"@id\":\"https:\\\/\\\/www.eldiario.net\\\/portal\\\/#organization\",\"name\":\"El Diario - Decano de la prensa nacional\",\"url\":\"https:\\\/\\\/www.eldiario.net\\\/portal\\\/\",\"logo\":{\"@type\":\"ImageObject\",\"inLanguage\":\"es\",\"@id\":\"https:\\\/\\\/www.eldiario.net\\\/portal\\\/#\\\/schema\\\/logo\\\/image\\\/\",\"url\":\"https:\\\/\\\/www.eldiario.net\\\/portal\\\/wp-content\\\/uploads\\\/2023\\\/07\\\/logo_ED.jpg\",\"contentUrl\":\"https:\\\/\\\/www.eldiario.net\\\/portal\\\/wp-content\\\/uploads\\\/2023\\\/07\\\/logo_ED.jpg\",\"width\":272,\"height\":52,\"caption\":\"El Diario - Decano de la prensa nacional\"},\"image\":{\"@id\":\"https:\\\/\\\/www.eldiario.net\\\/portal\\\/#\\\/schema\\\/logo\\\/image\\\/\"},\"sameAs\":[\"https:\\\/\\\/www.facebook.com\\\/eldiario.bolivia\\\/\",\"https:\\\/\\\/x.com\\\/eldiario_net\"]},{\"@type\":\"Person\",\"@id\":\"https:\\\/\\\/www.eldiario.net\\\/portal\\\/#\\\/schema\\\/person\\\/f46445640444750d7d753ccd04ae01b7\",\"name\":\"Jeanette\",\"image\":{\"@type\":\"ImageObject\",\"inLanguage\":\"es\",\"@id\":\"https:\\\/\\\/secure.gravatar.com\\\/avatar\\\/3ea2118a5f7dad2b7138b1187a6b7ee55f160b9968b66013c3a3ef39dd7e5798?s=96&d=mm&r=g\",\"url\":\"https:\\\/\\\/secure.gravatar.com\\\/avatar\\\/3ea2118a5f7dad2b7138b1187a6b7ee55f160b9968b66013c3a3ef39dd7e5798?s=96&d=mm&r=g\",\"contentUrl\":\"https:\\\/\\\/secure.gravatar.com\\\/avatar\\\/3ea2118a5f7dad2b7138b1187a6b7ee55f160b9968b66013c3a3ef39dd7e5798?s=96&d=mm&r=g\",\"caption\":\"Jeanette\"},\"sameAs\":[\"https:\\\/\\\/www.eldiario.net\\\/portal\"],\"url\":\"https:\\\/\\\/www.eldiario.net\\\/portal\\\/author\\\/jeanette\\\/\"}]}<\/script>\n<!-- \/ Yoast SEO plugin. -->","yoast_head_json":{"title":"C\u00edvicos potosinos no descartan paro contra los contratos de litio - El Diario - Bolivia","robots":{"index":"index","follow":"follow","max-snippet":"max-snippet:-1","max-image-preview":"max-image-preview:large","max-video-preview":"max-video-preview:-1"},"canonical":"https:\/\/www.eldiario.net\/portal\/2025\/02\/12\/civicos-potosinos-no-descartan-paro-contra-los-contratos-de-litio\/","og_locale":"es_ES","og_type":"article","og_title":"C\u00edvicos potosinos no descartan paro contra los contratos de litio - El Diario - Bolivia","og_description":"Tras la marcha de diferentes sectores potosinos en rechazo a los contratos de litio, el Comit\u00e9 C\u00edvico Potosinista (Comcipo) no descart\u00f3 ayer realizar un paro de 24 horas o uno escalonado. Adem\u00e1s, declar\u00f3 \u201ctraidores a la patria\u201d a diputados que aprobaron en comisi\u00f3n uno de los documentos cuestionados. Desde hace varios d\u00edas existe inconformidad en [&hellip;]","og_url":"https:\/\/www.eldiario.net\/portal\/2025\/02\/12\/civicos-potosinos-no-descartan-paro-contra-los-contratos-de-litio\/","og_site_name":"El Diario - Bolivia","article_publisher":"https:\/\/www.facebook.com\/eldiario.bolivia\/","article_published_time":"2025-02-12T10:21:02+00:00","og_image":[{"width":1280,"height":545,"url":"https:\/\/www.eldiario.net\/portal\/wp-content\/uploads\/2025\/02\/11-NAL-COLOR-1.jpg","type":"image\/jpeg"}],"author":"Jeanette","twitter_card":"summary_large_image","twitter_creator":"@eldiario_net","twitter_site":"@eldiario_net","twitter_misc":{"Escrito por":"Jeanette","Tiempo de lectura":"2 minutos"},"schema":{"@context":"https:\/\/schema.org","@graph":[{"@type":"Article","@id":"https:\/\/www.eldiario.net\/portal\/2025\/02\/12\/civicos-potosinos-no-descartan-paro-contra-los-contratos-de-litio\/#article","isPartOf":{"@id":"https:\/\/www.eldiario.net\/portal\/2025\/02\/12\/civicos-potosinos-no-descartan-paro-contra-los-contratos-de-litio\/"},"author":{"name":"Jeanette","@id":"https:\/\/www.eldiario.net\/portal\/#\/schema\/person\/f46445640444750d7d753ccd04ae01b7"},"headline":"C\u00edvicos potosinos no descartan paro contra los contratos de litio","datePublished":"2025-02-12T10:21:02+00:00","mainEntityOfPage":{"@id":"https:\/\/www.eldiario.net\/portal\/2025\/02\/12\/civicos-potosinos-no-descartan-paro-contra-los-contratos-de-litio\/"},"wordCount":411,"publisher":{"@id":"https:\/\/www.eldiario.net\/portal\/#organization"},"image":{"@id":"https:\/\/www.eldiario.net\/portal\/2025\/02\/12\/civicos-potosinos-no-descartan-paro-contra-los-contratos-de-litio\/#primaryimage"},"thumbnailUrl":"https:\/\/www.eldiario.net\/portal\/wp-content\/uploads\/2025\/02\/11-NAL-COLOR-1.jpg","articleSection":["Nacional"],"inLanguage":"es"},{"@type":"WebPage","@id":"https:\/\/www.eldiario.net\/portal\/2025\/02\/12\/civicos-potosinos-no-descartan-paro-contra-los-contratos-de-litio\/","url":"https:\/\/www.eldiario.net\/portal\/2025\/02\/12\/civicos-potosinos-no-descartan-paro-contra-los-contratos-de-litio\/","name":"C\u00edvicos potosinos no descartan paro contra los contratos de litio - El Diario - Bolivia","isPartOf":{"@id":"https:\/\/www.eldiario.net\/portal\/#website"},"primaryImageOfPage":{"@id":"https:\/\/www.eldiario.net\/portal\/2025\/02\/12\/civicos-potosinos-no-descartan-paro-contra-los-contratos-de-litio\/#primaryimage"},"image":{"@id":"https:\/\/www.eldiario.net\/portal\/2025\/02\/12\/civicos-potosinos-no-descartan-paro-contra-los-contratos-de-litio\/#primaryimage"},"thumbnailUrl":"https:\/\/www.eldiario.net\/portal\/wp-content\/uploads\/2025\/02\/11-NAL-COLOR-1.jpg","datePublished":"2025-02-12T10:21:02+00:00","breadcrumb":{"@id":"https:\/\/www.eldiario.net\/portal\/2025\/02\/12\/civicos-potosinos-no-descartan-paro-contra-los-contratos-de-litio\/#breadcrumb"},"inLanguage":"es","potentialAction":[{"@type":"ReadAction","target":["https:\/\/www.eldiario.net\/portal\/2025\/02\/12\/civicos-potosinos-no-descartan-paro-contra-los-contratos-de-litio\/"]}]},{"@type":"ImageObject","inLanguage":"es","@id":"https:\/\/www.eldiario.net\/portal\/2025\/02\/12\/civicos-potosinos-no-descartan-paro-contra-los-contratos-de-litio\/#primaryimage","url":"https:\/\/www.eldiario.net\/portal\/wp-content\/uploads\/2025\/02\/11-NAL-COLOR-1.jpg","contentUrl":"https:\/\/www.eldiario.net\/portal\/wp-content\/uploads\/2025\/02\/11-NAL-COLOR-1.jpg","width":1280,"height":545,"caption":"En Potos\u00ed, varias personas salieron a las calles para expresar su rechazo a los contratos de litio."},{"@type":"BreadcrumbList","@id":"https:\/\/www.eldiario.net\/portal\/2025\/02\/12\/civicos-potosinos-no-descartan-paro-contra-los-contratos-de-litio\/#breadcrumb","itemListElement":[{"@type":"ListItem","position":1,"name":"Portada","item":"https:\/\/www.eldiario.net\/portal\/"},{"@type":"ListItem","position":2,"name":"C\u00edvicos potosinos no descartan paro contra los contratos de litio"}]},{"@type":"WebSite","@id":"https:\/\/www.eldiario.net\/portal\/#website","url":"https:\/\/www.eldiario.net\/portal\/","name":"El Diario - Decano de la prensa nacional","description":"El Diario - Decano de la prensa nacional","publisher":{"@id":"https:\/\/www.eldiario.net\/portal\/#organization"},"potentialAction":[{"@type":"SearchAction","target":{"@type":"EntryPoint","urlTemplate":"https:\/\/www.eldiario.net\/portal\/?s={search_term_string}"},"query-input":{"@type":"PropertyValueSpecification","valueRequired":true,"valueName":"search_term_string"}}],"inLanguage":"es"},{"@type":"Organization","@id":"https:\/\/www.eldiario.net\/portal\/#organization","name":"El Diario - Decano de la prensa nacional","url":"https:\/\/www.eldiario.net\/portal\/","logo":{"@type":"ImageObject","inLanguage":"es","@id":"https:\/\/www.eldiario.net\/portal\/#\/schema\/logo\/image\/","url":"https:\/\/www.eldiario.net\/portal\/wp-content\/uploads\/2023\/07\/logo_ED.jpg","contentUrl":"https:\/\/www.eldiario.net\/portal\/wp-content\/uploads\/2023\/07\/logo_ED.jpg","width":272,"height":52,"caption":"El Diario - Decano de la prensa nacional"},"image":{"@id":"https:\/\/www.eldiario.net\/portal\/#\/schema\/logo\/image\/"},"sameAs":["https:\/\/www.facebook.com\/eldiario.bolivia\/","https:\/\/x.com\/eldiario_net"]},{"@type":"Person","@id":"https:\/\/www.eldiario.net\/portal\/#\/schema\/person\/f46445640444750d7d753ccd04ae01b7","name":"Jeanette","image":{"@type":"ImageObject","inLanguage":"es","@id":"https:\/\/secure.gravatar.com\/avatar\/3ea2118a5f7dad2b7138b1187a6b7ee55f160b9968b66013c3a3ef39dd7e5798?s=96&d=mm&r=g","url":"https:\/\/secure.gravatar.com\/avatar\/3ea2118a5f7dad2b7138b1187a6b7ee55f160b9968b66013c3a3ef39dd7e5798?s=96&d=mm&r=g","contentUrl":"https:\/\/secure.gravatar.com\/avatar\/3ea2118a5f7dad2b7138b1187a6b7ee55f160b9968b66013c3a3ef39dd7e5798?s=96&d=mm&r=g","caption":"Jeanette"},"sameAs":["https:\/\/www.eldiario.net\/portal"],"url":"https:\/\/www.eldiario.net\/portal\/author\/jeanette\/"}]}},"_links":{"self":[{"href":"https:\/\/www.eldiario.net\/portal\/wp-json\/wp\/v2\/posts\/281273","targetHints":{"allow":["GET"]}}],"collection":[{"href":"https:\/\/www.eldiario.net\/portal\/wp-json\/wp\/v2\/posts"}],"about":[{"href":"https:\/\/www.eldiario.net\/portal\/wp-json\/wp\/v2\/types\/post"}],"author":[{"embeddable":true,"href":"https:\/\/www.eldiario.net\/portal\/wp-json\/wp\/v2\/users\/1"}],"replies":[{"embeddable":true,"href":"https:\/\/www.eldiario.net\/portal\/wp-json\/wp\/v2\/comments?post=281273"}],"version-history":[{"count":1,"href":"https:\/\/www.eldiario.net\/portal\/wp-json\/wp\/v2\/posts\/281273\/revisions"}],"predecessor-version":[{"id":281278,"href":"https:\/\/www.eldiario.net\/portal\/wp-json\/wp\/v2\/posts\/281273\/revisions\/281278"}],"wp:featuredmedia":[{"embeddable":true,"href":"https:\/\/www.eldiario.net\/portal\/wp-json\/wp\/v2\/media\/281277"}],"wp:attachment":[{"href":"https:\/\/www.eldiario.net\/portal\/wp-json\/wp\/v2\/media?parent=281273"}],"wp:term":[{"taxonomy":"category","embeddable":true,"href":"https:\/\/www.eldiario.net\/portal\/wp-json\/wp\/v2\/categories?post=281273"},{"taxonomy":"post_tag","embeddable":true,"href":"https:\/\/www.eldiario.net\/portal\/wp-json\/wp\/v2\/tags?post=281273"}],"curies":[{"name":"wp","href":"https:\/\/api.w.org\/{rel}","templated":true}]}}