{"id":281268,"date":"2025-02-12T06:18:35","date_gmt":"2025-02-12T10:18:35","guid":{"rendered":"https:\/\/www.eldiario.net\/portal\/?p=281268"},"modified":"2025-02-12T06:18:35","modified_gmt":"2025-02-12T10:18:35","slug":"panorama-politico-incierto","status":"publish","type":"post","link":"https:\/\/www.eldiario.net\/portal\/2025\/02\/12\/panorama-politico-incierto\/","title":{"rendered":"Panorama pol\u00edtico incierto"},"content":{"rendered":"<p>Cuando estamos a siete meses para la realizaci\u00f3n de las elecciones generales fijadas por el Tribunal Supremo Electoral (TSE) para el 17 de agosto pr\u00f3ximo, en la ciudadan\u00eda reina un panorama pol\u00edtico muy incierto para que se decida por qui\u00e9n votar\u00e1 en esas justas electorales que nos permitir\u00e1 elegir a un nuevo presidente y vicepresidente que dirijan los destinos de nuestra patria hasta el 2030.<br \/>\nNi en el oficialismo ni en la oposici\u00f3n se tiene algo claro sobre el particular. Ojo que no elegiremos a un simple dirigente sindical o de barrio, sino a las primeras autoridades nacionales, quienes nos gobernar\u00e1n por los siguientes cinco a\u00f1os. Todo anda en nubarrones, lo cual confunde a\u00fan m\u00e1s a la poblaci\u00f3n para que decida su voto, mediante el mismo diga si permanecemos con el actual gobierno o cambiamos de dignatarios de Estado.<br \/>\nTanto el MAS como la oposici\u00f3n andan perdidos en su laberinto. Los primeros totalmente divididos, que hasta ahora no tienen candidatos a la presidencia y vicepresidencia definidos. Evo Morales, quedando fuera de la competencia electoral pr\u00f3xima por motivos jur\u00eddicos y morales, a\u00fan no entiende que ya no puede ser candidato presidencial, no s\u00e9 qu\u00e9 parte del mismo no capta. Solo en su terru\u00f1o que es el Chapare tiene apoyo.<br \/>\nEn cuanto a la reelecci\u00f3n de los actuales presidente Luis Arce y vicepresidente David Choquehuanca, ambos est\u00e1n cada vez m\u00e1s lejos de ese prop\u00f3sito. Su mala gesti\u00f3n presidencial y mal manejo econ\u00f3mico del pa\u00eds, los hacen ver como no aptos para seguir gobernando. Sobre Andr\u00f3nico Rodr\u00edguez, todav\u00eda no se lo ve con la suficiente personalidad y decisi\u00f3n propia como para dirigir el pa\u00eds, depende de su \u201cjefazo\u201d que le levante o le baje el pulgar. A\u00fan no es su tiempo y, adem\u00e1s, dijo varias veces de manera p\u00fablica que no ser\u00e1 candidato.<br \/>\nEn el otro lado de la acera, donde est\u00e1 la oposici\u00f3n, tampoco hay algo cierto. El Bloque de Unidad naci\u00f3 con fuerza en diciembre del a\u00f1o pasado a la cabeza de Jorge Quiroga, Samuel Doria Medina, Carlos Mesa y Fernando Camacho. El cual tuvo la idea central de que se elegir\u00e1 a un solo candidato a presidente para las elecciones de agosto, pero a medida que pasan los d\u00edas, ya se mostraron fricciones entre los dos primeros. Dejando dudas en la ciudadan\u00eda, sobre si realmente cumplir\u00e1n con su palabra, \u00bfo ir\u00e1n separados, cada uno por su lado?<br \/>\nS\u00ed van con sus candidaturas por separado, estar\u00edan demostrando no ser serios con el pa\u00eds y que ese acuerdo pol\u00edtico, Bloque de Unidad, fue una total burla a las expectativas de la poblaci\u00f3n, que deposit\u00f3 su esperanza en ellos para que nos saquen de la crisis econ\u00f3mica galopante que vivimos hoy, gracias al nefasto manejo econ\u00f3mico por casi 20 a\u00f1os del MAS sobre las arcas del Estado. Cuando naci\u00f3 dicho bloque pol\u00edtico, nos aseguraron que de ah\u00ed saldr\u00e1 un solo candidato a la presidencia, que le har\u00e1 frente al MAS en las elecciones generales de agosto. Si no hacen eso, demostrar\u00edan ser solo candidatos opositores funcionales al masismo.<br \/>\nCon respecto a las precandidaturas de Manfred Reyes Villa y Chi Hyun Chung, varios sectores sociales perciben que los mismos tienen como objetivo partir el voto entre los opositores para favorecer al oficialismo y beneficiarse con cuotas de poder, si el MAS sigue en el gobierno. Adem\u00e1s, queda claro que el precandidato surcoreano-nacionalizado boliviano solo aparece y se hace figura p\u00fablica cuando existen elecciones generales, pues en el resto de las semanas, meses y a\u00f1os pasa desapercibido, sin que se sepa qu\u00e9 hace por el bien del pa\u00eds. Por lo que debemos hacernos la siguiente pregunta: \u00bfun extranjero, en este caso nacionalizado, puede ser candidato a la presidencia, seg\u00fan nuestra Constituci\u00f3n Pol\u00edtica del Estado? Y \u00bfser\u00e1 qu\u00e9 un boliviano, por m\u00e1s que se haya nacionalizado surcoreano, puede ser candidato a la presidencia en Corea del Sur?<br \/>\nEn cuanto a Manfred Reyes Villa, aparte de que la poblaci\u00f3n lo siente aliado del ala arcista del MAS, no tiene un peso pol\u00edtico nacional de gran robustez, qued\u00e1ndose en lo regional y lo que m\u00e1s llama la atenci\u00f3n es que hasta ahora no present\u00f3 un plan serio de soluci\u00f3n econ\u00f3mica que pueda dar la esperanza de sacarnos de la grave situaci\u00f3n que atravesamos. Lo \u00fanico que se le escucha decir es: \u201cyo s\u00e9 c\u00f3mo voy a solucionar\u201d. Que nos diga de frente y sin mantenernos en la incertidumbre o inc\u00f3gnita. Y s\u00ed se\u00f1ala ser de principios \u00e9ticos altamente destacables, debe renunciar a su cargo de alcalde y no pedir licencia.<br \/>\nSin duda que hay de nuevo preocupaci\u00f3n e incertidumbre en el soberano, porque nada claro hay con respecto a que pueda haber una sola candidatura de oposici\u00f3n que le haga frente al MAS en agosto venidero. Ese pedido que hace la gente, desde las elecciones generales del 2019 y 2020, de que haya un solo candidato opositor, no es entendido por los pol\u00edticos que se arrojan ser opositores al masismo. S\u00ed esta vez de nuevo fallan, el pa\u00eds no los perdonar\u00e1. \u00a1Dios te salve, Bolivia!<\/p>\n<p>El autor es Comunicador social.<\/p>\n","protected":false},"excerpt":{"rendered":"<p>Cuando estamos a siete meses para la realizaci\u00f3n de las elecciones generales fijadas por el Tribunal Supremo Electoral (TSE) para el 17 de agosto pr\u00f3ximo, en la ciudadan\u00eda reina un panorama pol\u00edtico muy incierto para que se decida por qui\u00e9n votar\u00e1 en esas justas electorales que nos permitir\u00e1 elegir a un nuevo presidente y vicepresidente [&hellip;]<\/p>\n","protected":false},"author":1,"featured_media":161157,"comment_status":"closed","ping_status":"open","sticky":false,"template":"","format":"standard","meta":{"_acf_changed":false,"footnotes":""},"categories":[9],"tags":[],"class_list":["post-281268","post","type-post","status-publish","format-standard","has-post-thumbnail","category-opinion"],"acf":{"antetitulo":""},"yoast_head":"<!-- This site is optimized with the Yoast SEO plugin v28.4 - https:\/\/yoast.com\/product\/yoast-seo-wordpress\/ -->\n<title>Panorama pol\u00edtico incierto - El Diario - Bolivia<\/title>\n<meta name=\"robots\" content=\"index, follow, max-snippet:-1, max-image-preview:large, max-video-preview:-1\" \/>\n<link rel=\"canonical\" href=\"https:\/\/www.eldiario.net\/portal\/2025\/02\/12\/panorama-politico-incierto\/\" \/>\n<meta property=\"og:locale\" content=\"es_ES\" \/>\n<meta property=\"og:type\" content=\"article\" \/>\n<meta property=\"og:title\" content=\"Panorama pol\u00edtico incierto - El Diario - Bolivia\" \/>\n<meta property=\"og:description\" content=\"Cuando estamos a siete meses para la realizaci\u00f3n de las elecciones generales fijadas por el Tribunal Supremo Electoral (TSE) para el 17 de agosto pr\u00f3ximo, en la ciudadan\u00eda reina un panorama pol\u00edtico muy incierto para que se decida por qui\u00e9n votar\u00e1 en esas justas electorales que nos permitir\u00e1 elegir a un nuevo presidente y vicepresidente [&hellip;]\" \/>\n<meta property=\"og:url\" content=\"https:\/\/www.eldiario.net\/portal\/2025\/02\/12\/panorama-politico-incierto\/\" \/>\n<meta property=\"og:site_name\" content=\"El Diario - Bolivia\" \/>\n<meta property=\"article:publisher\" content=\"https:\/\/www.facebook.com\/eldiario.bolivia\/\" \/>\n<meta property=\"article:published_time\" content=\"2025-02-12T10:18:35+00:00\" \/>\n<meta property=\"og:image\" content=\"https:\/\/www.eldiario.net\/portal\/wp-content\/uploads\/2023\/06\/Juan-Carlos-Ferreyra-Penarrieta.jpg\" \/>\n\t<meta property=\"og:image:width\" content=\"1200\" \/>\n\t<meta property=\"og:image:height\" content=\"628\" \/>\n\t<meta property=\"og:image:type\" content=\"image\/jpeg\" \/>\n<meta name=\"author\" content=\"Jeanette\" \/>\n<meta name=\"twitter:card\" content=\"summary_large_image\" \/>\n<meta name=\"twitter:creator\" content=\"@eldiario_net\" \/>\n<meta name=\"twitter:site\" content=\"@eldiario_net\" \/>\n<meta name=\"twitter:label1\" content=\"Escrito por\" \/>\n\t<meta name=\"twitter:data1\" content=\"Jeanette\" \/>\n\t<meta name=\"twitter:label2\" content=\"Tiempo de lectura\" \/>\n\t<meta name=\"twitter:data2\" content=\"4 minutos\" \/>\n<script type=\"application\/ld+json\" class=\"yoast-schema-graph\">{\"@context\":\"https:\\\/\\\/schema.org\",\"@graph\":[{\"@type\":\"Article\",\"@id\":\"https:\\\/\\\/www.eldiario.net\\\/portal\\\/2025\\\/02\\\/12\\\/panorama-politico-incierto\\\/#article\",\"isPartOf\":{\"@id\":\"https:\\\/\\\/www.eldiario.net\\\/portal\\\/2025\\\/02\\\/12\\\/panorama-politico-incierto\\\/\"},\"author\":{\"name\":\"Jeanette\",\"@id\":\"https:\\\/\\\/www.eldiario.net\\\/portal\\\/#\\\/schema\\\/person\\\/f46445640444750d7d753ccd04ae01b7\"},\"headline\":\"Panorama pol\u00edtico incierto\",\"datePublished\":\"2025-02-12T10:18:35+00:00\",\"mainEntityOfPage\":{\"@id\":\"https:\\\/\\\/www.eldiario.net\\\/portal\\\/2025\\\/02\\\/12\\\/panorama-politico-incierto\\\/\"},\"wordCount\":910,\"publisher\":{\"@id\":\"https:\\\/\\\/www.eldiario.net\\\/portal\\\/#organization\"},\"image\":{\"@id\":\"https:\\\/\\\/www.eldiario.net\\\/portal\\\/2025\\\/02\\\/12\\\/panorama-politico-incierto\\\/#primaryimage\"},\"thumbnailUrl\":\"https:\\\/\\\/www.eldiario.net\\\/portal\\\/wp-content\\\/uploads\\\/2023\\\/06\\\/Juan-Carlos-Ferreyra-Penarrieta.jpg\",\"articleSection\":[\"Opini\u00f3n\"],\"inLanguage\":\"es\"},{\"@type\":\"WebPage\",\"@id\":\"https:\\\/\\\/www.eldiario.net\\\/portal\\\/2025\\\/02\\\/12\\\/panorama-politico-incierto\\\/\",\"url\":\"https:\\\/\\\/www.eldiario.net\\\/portal\\\/2025\\\/02\\\/12\\\/panorama-politico-incierto\\\/\",\"name\":\"Panorama pol\u00edtico incierto - El Diario - Bolivia\",\"isPartOf\":{\"@id\":\"https:\\\/\\\/www.eldiario.net\\\/portal\\\/#website\"},\"primaryImageOfPage\":{\"@id\":\"https:\\\/\\\/www.eldiario.net\\\/portal\\\/2025\\\/02\\\/12\\\/panorama-politico-incierto\\\/#primaryimage\"},\"image\":{\"@id\":\"https:\\\/\\\/www.eldiario.net\\\/portal\\\/2025\\\/02\\\/12\\\/panorama-politico-incierto\\\/#primaryimage\"},\"thumbnailUrl\":\"https:\\\/\\\/www.eldiario.net\\\/portal\\\/wp-content\\\/uploads\\\/2023\\\/06\\\/Juan-Carlos-Ferreyra-Penarrieta.jpg\",\"datePublished\":\"2025-02-12T10:18:35+00:00\",\"breadcrumb\":{\"@id\":\"https:\\\/\\\/www.eldiario.net\\\/portal\\\/2025\\\/02\\\/12\\\/panorama-politico-incierto\\\/#breadcrumb\"},\"inLanguage\":\"es\",\"potentialAction\":[{\"@type\":\"ReadAction\",\"target\":[\"https:\\\/\\\/www.eldiario.net\\\/portal\\\/2025\\\/02\\\/12\\\/panorama-politico-incierto\\\/\"]}]},{\"@type\":\"ImageObject\",\"inLanguage\":\"es\",\"@id\":\"https:\\\/\\\/www.eldiario.net\\\/portal\\\/2025\\\/02\\\/12\\\/panorama-politico-incierto\\\/#primaryimage\",\"url\":\"https:\\\/\\\/www.eldiario.net\\\/portal\\\/wp-content\\\/uploads\\\/2023\\\/06\\\/Juan-Carlos-Ferreyra-Penarrieta.jpg\",\"contentUrl\":\"https:\\\/\\\/www.eldiario.net\\\/portal\\\/wp-content\\\/uploads\\\/2023\\\/06\\\/Juan-Carlos-Ferreyra-Penarrieta.jpg\",\"width\":1200,\"height\":628,\"caption\":\"Juan Carlos Ferreyra Pe\u00f1arrieta\"},{\"@type\":\"BreadcrumbList\",\"@id\":\"https:\\\/\\\/www.eldiario.net\\\/portal\\\/2025\\\/02\\\/12\\\/panorama-politico-incierto\\\/#breadcrumb\",\"itemListElement\":[{\"@type\":\"ListItem\",\"position\":1,\"name\":\"Portada\",\"item\":\"https:\\\/\\\/www.eldiario.net\\\/portal\\\/\"},{\"@type\":\"ListItem\",\"position\":2,\"name\":\"Panorama pol\u00edtico incierto\"}]},{\"@type\":\"WebSite\",\"@id\":\"https:\\\/\\\/www.eldiario.net\\\/portal\\\/#website\",\"url\":\"https:\\\/\\\/www.eldiario.net\\\/portal\\\/\",\"name\":\"El Diario - Decano de la prensa nacional\",\"description\":\"El Diario - Decano de la prensa nacional\",\"publisher\":{\"@id\":\"https:\\\/\\\/www.eldiario.net\\\/portal\\\/#organization\"},\"potentialAction\":[{\"@type\":\"SearchAction\",\"target\":{\"@type\":\"EntryPoint\",\"urlTemplate\":\"https:\\\/\\\/www.eldiario.net\\\/portal\\\/?s={search_term_string}\"},\"query-input\":{\"@type\":\"PropertyValueSpecification\",\"valueRequired\":true,\"valueName\":\"search_term_string\"}}],\"inLanguage\":\"es\"},{\"@type\":\"Organization\",\"@id\":\"https:\\\/\\\/www.eldiario.net\\\/portal\\\/#organization\",\"name\":\"El Diario - Decano de la prensa nacional\",\"url\":\"https:\\\/\\\/www.eldiario.net\\\/portal\\\/\",\"logo\":{\"@type\":\"ImageObject\",\"inLanguage\":\"es\",\"@id\":\"https:\\\/\\\/www.eldiario.net\\\/portal\\\/#\\\/schema\\\/logo\\\/image\\\/\",\"url\":\"https:\\\/\\\/www.eldiario.net\\\/portal\\\/wp-content\\\/uploads\\\/2023\\\/07\\\/logo_ED.jpg\",\"contentUrl\":\"https:\\\/\\\/www.eldiario.net\\\/portal\\\/wp-content\\\/uploads\\\/2023\\\/07\\\/logo_ED.jpg\",\"width\":272,\"height\":52,\"caption\":\"El Diario - Decano de la prensa nacional\"},\"image\":{\"@id\":\"https:\\\/\\\/www.eldiario.net\\\/portal\\\/#\\\/schema\\\/logo\\\/image\\\/\"},\"sameAs\":[\"https:\\\/\\\/www.facebook.com\\\/eldiario.bolivia\\\/\",\"https:\\\/\\\/x.com\\\/eldiario_net\"]},{\"@type\":\"Person\",\"@id\":\"https:\\\/\\\/www.eldiario.net\\\/portal\\\/#\\\/schema\\\/person\\\/f46445640444750d7d753ccd04ae01b7\",\"name\":\"Jeanette\",\"image\":{\"@type\":\"ImageObject\",\"inLanguage\":\"es\",\"@id\":\"https:\\\/\\\/secure.gravatar.com\\\/avatar\\\/3ea2118a5f7dad2b7138b1187a6b7ee55f160b9968b66013c3a3ef39dd7e5798?s=96&d=mm&r=g\",\"url\":\"https:\\\/\\\/secure.gravatar.com\\\/avatar\\\/3ea2118a5f7dad2b7138b1187a6b7ee55f160b9968b66013c3a3ef39dd7e5798?s=96&d=mm&r=g\",\"contentUrl\":\"https:\\\/\\\/secure.gravatar.com\\\/avatar\\\/3ea2118a5f7dad2b7138b1187a6b7ee55f160b9968b66013c3a3ef39dd7e5798?s=96&d=mm&r=g\",\"caption\":\"Jeanette\"},\"sameAs\":[\"https:\\\/\\\/www.eldiario.net\\\/portal\"],\"url\":\"https:\\\/\\\/www.eldiario.net\\\/portal\\\/author\\\/jeanette\\\/\"}]}<\/script>\n<!-- \/ Yoast SEO plugin. -->","yoast_head_json":{"title":"Panorama pol\u00edtico incierto - El Diario - Bolivia","robots":{"index":"index","follow":"follow","max-snippet":"max-snippet:-1","max-image-preview":"max-image-preview:large","max-video-preview":"max-video-preview:-1"},"canonical":"https:\/\/www.eldiario.net\/portal\/2025\/02\/12\/panorama-politico-incierto\/","og_locale":"es_ES","og_type":"article","og_title":"Panorama pol\u00edtico incierto - El Diario - Bolivia","og_description":"Cuando estamos a siete meses para la realizaci\u00f3n de las elecciones generales fijadas por el Tribunal Supremo Electoral (TSE) para el 17 de agosto pr\u00f3ximo, en la ciudadan\u00eda reina un panorama pol\u00edtico muy incierto para que se decida por qui\u00e9n votar\u00e1 en esas justas electorales que nos permitir\u00e1 elegir a un nuevo presidente y vicepresidente [&hellip;]","og_url":"https:\/\/www.eldiario.net\/portal\/2025\/02\/12\/panorama-politico-incierto\/","og_site_name":"El Diario - Bolivia","article_publisher":"https:\/\/www.facebook.com\/eldiario.bolivia\/","article_published_time":"2025-02-12T10:18:35+00:00","og_image":[{"width":1200,"height":628,"url":"https:\/\/www.eldiario.net\/portal\/wp-content\/uploads\/2023\/06\/Juan-Carlos-Ferreyra-Penarrieta.jpg","type":"image\/jpeg"}],"author":"Jeanette","twitter_card":"summary_large_image","twitter_creator":"@eldiario_net","twitter_site":"@eldiario_net","twitter_misc":{"Escrito por":"Jeanette","Tiempo de lectura":"4 minutos"},"schema":{"@context":"https:\/\/schema.org","@graph":[{"@type":"Article","@id":"https:\/\/www.eldiario.net\/portal\/2025\/02\/12\/panorama-politico-incierto\/#article","isPartOf":{"@id":"https:\/\/www.eldiario.net\/portal\/2025\/02\/12\/panorama-politico-incierto\/"},"author":{"name":"Jeanette","@id":"https:\/\/www.eldiario.net\/portal\/#\/schema\/person\/f46445640444750d7d753ccd04ae01b7"},"headline":"Panorama pol\u00edtico incierto","datePublished":"2025-02-12T10:18:35+00:00","mainEntityOfPage":{"@id":"https:\/\/www.eldiario.net\/portal\/2025\/02\/12\/panorama-politico-incierto\/"},"wordCount":910,"publisher":{"@id":"https:\/\/www.eldiario.net\/portal\/#organization"},"image":{"@id":"https:\/\/www.eldiario.net\/portal\/2025\/02\/12\/panorama-politico-incierto\/#primaryimage"},"thumbnailUrl":"https:\/\/www.eldiario.net\/portal\/wp-content\/uploads\/2023\/06\/Juan-Carlos-Ferreyra-Penarrieta.jpg","articleSection":["Opini\u00f3n"],"inLanguage":"es"},{"@type":"WebPage","@id":"https:\/\/www.eldiario.net\/portal\/2025\/02\/12\/panorama-politico-incierto\/","url":"https:\/\/www.eldiario.net\/portal\/2025\/02\/12\/panorama-politico-incierto\/","name":"Panorama pol\u00edtico incierto - El Diario - Bolivia","isPartOf":{"@id":"https:\/\/www.eldiario.net\/portal\/#website"},"primaryImageOfPage":{"@id":"https:\/\/www.eldiario.net\/portal\/2025\/02\/12\/panorama-politico-incierto\/#primaryimage"},"image":{"@id":"https:\/\/www.eldiario.net\/portal\/2025\/02\/12\/panorama-politico-incierto\/#primaryimage"},"thumbnailUrl":"https:\/\/www.eldiario.net\/portal\/wp-content\/uploads\/2023\/06\/Juan-Carlos-Ferreyra-Penarrieta.jpg","datePublished":"2025-02-12T10:18:35+00:00","breadcrumb":{"@id":"https:\/\/www.eldiario.net\/portal\/2025\/02\/12\/panorama-politico-incierto\/#breadcrumb"},"inLanguage":"es","potentialAction":[{"@type":"ReadAction","target":["https:\/\/www.eldiario.net\/portal\/2025\/02\/12\/panorama-politico-incierto\/"]}]},{"@type":"ImageObject","inLanguage":"es","@id":"https:\/\/www.eldiario.net\/portal\/2025\/02\/12\/panorama-politico-incierto\/#primaryimage","url":"https:\/\/www.eldiario.net\/portal\/wp-content\/uploads\/2023\/06\/Juan-Carlos-Ferreyra-Penarrieta.jpg","contentUrl":"https:\/\/www.eldiario.net\/portal\/wp-content\/uploads\/2023\/06\/Juan-Carlos-Ferreyra-Penarrieta.jpg","width":1200,"height":628,"caption":"Juan Carlos Ferreyra Pe\u00f1arrieta"},{"@type":"BreadcrumbList","@id":"https:\/\/www.eldiario.net\/portal\/2025\/02\/12\/panorama-politico-incierto\/#breadcrumb","itemListElement":[{"@type":"ListItem","position":1,"name":"Portada","item":"https:\/\/www.eldiario.net\/portal\/"},{"@type":"ListItem","position":2,"name":"Panorama pol\u00edtico incierto"}]},{"@type":"WebSite","@id":"https:\/\/www.eldiario.net\/portal\/#website","url":"https:\/\/www.eldiario.net\/portal\/","name":"El Diario - Decano de la prensa nacional","description":"El Diario - Decano de la prensa nacional","publisher":{"@id":"https:\/\/www.eldiario.net\/portal\/#organization"},"potentialAction":[{"@type":"SearchAction","target":{"@type":"EntryPoint","urlTemplate":"https:\/\/www.eldiario.net\/portal\/?s={search_term_string}"},"query-input":{"@type":"PropertyValueSpecification","valueRequired":true,"valueName":"search_term_string"}}],"inLanguage":"es"},{"@type":"Organization","@id":"https:\/\/www.eldiario.net\/portal\/#organization","name":"El Diario - Decano de la prensa nacional","url":"https:\/\/www.eldiario.net\/portal\/","logo":{"@type":"ImageObject","inLanguage":"es","@id":"https:\/\/www.eldiario.net\/portal\/#\/schema\/logo\/image\/","url":"https:\/\/www.eldiario.net\/portal\/wp-content\/uploads\/2023\/07\/logo_ED.jpg","contentUrl":"https:\/\/www.eldiario.net\/portal\/wp-content\/uploads\/2023\/07\/logo_ED.jpg","width":272,"height":52,"caption":"El Diario - Decano de la prensa nacional"},"image":{"@id":"https:\/\/www.eldiario.net\/portal\/#\/schema\/logo\/image\/"},"sameAs":["https:\/\/www.facebook.com\/eldiario.bolivia\/","https:\/\/x.com\/eldiario_net"]},{"@type":"Person","@id":"https:\/\/www.eldiario.net\/portal\/#\/schema\/person\/f46445640444750d7d753ccd04ae01b7","name":"Jeanette","image":{"@type":"ImageObject","inLanguage":"es","@id":"https:\/\/secure.gravatar.com\/avatar\/3ea2118a5f7dad2b7138b1187a6b7ee55f160b9968b66013c3a3ef39dd7e5798?s=96&d=mm&r=g","url":"https:\/\/secure.gravatar.com\/avatar\/3ea2118a5f7dad2b7138b1187a6b7ee55f160b9968b66013c3a3ef39dd7e5798?s=96&d=mm&r=g","contentUrl":"https:\/\/secure.gravatar.com\/avatar\/3ea2118a5f7dad2b7138b1187a6b7ee55f160b9968b66013c3a3ef39dd7e5798?s=96&d=mm&r=g","caption":"Jeanette"},"sameAs":["https:\/\/www.eldiario.net\/portal"],"url":"https:\/\/www.eldiario.net\/portal\/author\/jeanette\/"}]}},"_links":{"self":[{"href":"https:\/\/www.eldiario.net\/portal\/wp-json\/wp\/v2\/posts\/281268","targetHints":{"allow":["GET"]}}],"collection":[{"href":"https:\/\/www.eldiario.net\/portal\/wp-json\/wp\/v2\/posts"}],"about":[{"href":"https:\/\/www.eldiario.net\/portal\/wp-json\/wp\/v2\/types\/post"}],"author":[{"embeddable":true,"href":"https:\/\/www.eldiario.net\/portal\/wp-json\/wp\/v2\/users\/1"}],"replies":[{"embeddable":true,"href":"https:\/\/www.eldiario.net\/portal\/wp-json\/wp\/v2\/comments?post=281268"}],"version-history":[{"count":1,"href":"https:\/\/www.eldiario.net\/portal\/wp-json\/wp\/v2\/posts\/281268\/revisions"}],"predecessor-version":[{"id":281269,"href":"https:\/\/www.eldiario.net\/portal\/wp-json\/wp\/v2\/posts\/281268\/revisions\/281269"}],"wp:featuredmedia":[{"embeddable":true,"href":"https:\/\/www.eldiario.net\/portal\/wp-json\/wp\/v2\/media\/161157"}],"wp:attachment":[{"href":"https:\/\/www.eldiario.net\/portal\/wp-json\/wp\/v2\/media?parent=281268"}],"wp:term":[{"taxonomy":"category","embeddable":true,"href":"https:\/\/www.eldiario.net\/portal\/wp-json\/wp\/v2\/categories?post=281268"},{"taxonomy":"post_tag","embeddable":true,"href":"https:\/\/www.eldiario.net\/portal\/wp-json\/wp\/v2\/tags?post=281268"}],"curies":[{"name":"wp","href":"https:\/\/api.w.org\/{rel}","templated":true}]}}