{"id":281261,"date":"2025-02-12T06:17:16","date_gmt":"2025-02-12T10:17:16","guid":{"rendered":"https:\/\/www.eldiario.net\/portal\/?p=281261"},"modified":"2025-02-12T06:17:16","modified_gmt":"2025-02-12T10:17:16","slug":"califican-acuerdo-entre-gobierno-y-la-cepb-como-fingido-e-inutil","status":"publish","type":"post","link":"https:\/\/www.eldiario.net\/portal\/2025\/02\/12\/califican-acuerdo-entre-gobierno-y-la-cepb-como-fingido-e-inutil\/","title":{"rendered":"Califican acuerdo entre Gobierno  y la CEPB como fingido e in\u00fatil"},"content":{"rendered":"<p>Despu\u00e9s de una reuni\u00f3n entre el Gobierno y el titular de la Confederaci\u00f3n de Empresarios Privados de Bolivia (CEPB), en el cual acordaron suspender la aplicaci\u00f3n de la Disposici\u00f3n S\u00e9ptima del Presupuesto General del Estado (PGE) 2025, normativa confiscatoria; opiniones observan que dada la situaci\u00f3n de la misma, el anuncio es fingido e in\u00fatil. La cadena productiva mantiene su posici\u00f3n y exige la derogaci\u00f3n.<br \/>\nEl presidente en Ejercicio de la C\u00e1mara Agropecuaria del Oriente (CAO), Klaus Frerking, dijo que la decisi\u00f3n multisectorial se mantiene con el pedido de derogar la Disposici\u00f3n S\u00e9ptima y anunci\u00f3 la realizaci\u00f3n de un ampliado nacional en los pr\u00f3ximos d\u00edas para determinar nuevas medidas.<br \/>\nIndic\u00f3 que tuvieron conocimiento de una reuni\u00f3n entre la CEPB y el Gobierno, pero resalt\u00f3 que la entidad gremial nunca particip\u00f3 de un ampliado de la cadena productiva y tampoco se acerc\u00f3 a este comit\u00e9.<br \/>\nInform\u00f3 que son 45 instituciones, entre las que se encuentran la C\u00e1mara de Industrias, de Exportadores, Confederaci\u00f3n de Gremialista, el Transporte Pesado, la C\u00e1mara Nacional de Industrias Oleaginosas de Bolivia (Caniob), entre otras.<br \/>\nAdem\u00e1s observ\u00f3 el acuerdo, pues pregunt\u00f3, c\u00f3mo una ley se pone en pausa. La ley es la ley y la \u00fanica salida es la derogaci\u00f3n, la reuni\u00f3n del Gobierno con la CEPB, la calific\u00f3 como una jugada de las autoridades.<br \/>\n\u201cSabemos que tiene que ser derogada. Hemos presentado el proyecto de ley a diputados con un art\u00edculo \u00fanico, que es la derogaci\u00f3n de la cl\u00e1usula s\u00e9ptima\u201d, apunt\u00f3.<br \/>\nEl Comit\u00e9 Multisectorial seguir\u00e1 con las medidas escalonadas y pr\u00f3ximamente se realizar\u00e1 un ampliado nacional para seguir radicalizando las medidas, anunci\u00f3 el ejecutivo de la CAO.<br \/>\nObserv\u00f3 que el Ejecutivo tiene su bancada y puede apurar la derogaci\u00f3n del art\u00edculo, ya que el mismo es confiscatorio; una muestra de las acciones del Gobierno es lo que ocurri\u00f3 en Montero, Santa Cruz, cuando funcionarios p\u00fablicos se entraron a propiedad privada, a los ingenios arroceros, con el objetivo de incautar la producci\u00f3n.<br \/>\n\u201cNo permitiremos que ocurra (esa situaci\u00f3n) en Bolivia\u201d, advirti\u00f3 y pidi\u00f3 certidumbre para toda la cadena productiva, que genera impuestos y mueve la econom\u00eda del pa\u00eds.<br \/>\nMala intenci\u00f3n<br \/>\nMientras tanto, el dirigente gremial de Santa Cruz, Edgar \u00c1lvarez, calific\u00f3 al encuentro como una mala intenci\u00f3n del Gobierno al reunirse con terceras personas afines al Movimiento al Socialismo (MAS) y no con sectores movilizados.<br \/>\n\u201cNo vamos asistir a ning\u00fan tipo de di\u00e1logo hasta que se derogue la Disposici\u00f3n S\u00e9ptima. (Estamos) en emergencia y permanente comunicaci\u00f3n y reuniones, planificando para lo que se viene\u201d, anunci\u00f3.<br \/>\nFingido e in\u00fatil<br \/>\nPor su parte, el economista y exdirector del Banco Central de Bolivia (BCB), Gabriel Espinoza, opin\u00f3 sobre el acuerdo entre la CEPB y el Gobierno, a la cual calific\u00f3 como fingido e in\u00fatil, en su cuenta @g_espinoza.<br \/>\n\u201cEl Gobierno dice que no tiene la potestad de derogar o abrogar una Ley, lo que es cierto. Sin embargo, firman un acuerdo con la CEPB para suspender unilateralmente la aplicaci\u00f3n de una Ley (que no fue aprobada por la Asamblea), para lo cual tampoco tienen potestad. El Gobierno debe cumplir las leyes, siempre. En consecuencia, el acuerdo es un acto fingido e in\u00fatil\u201d, se\u00f1ala en su cuenta de la red social X.<br \/>\n\u201cLo que debe hacer el \u2018arcismo\u2019, si de verdad quiere gobernar conforme a la CPE, es instruir a su bancada la redacci\u00f3n y aprobaci\u00f3n de un Proyecto de Ley que derogue los art\u00edculos inconstitucionales, incluidos de manera abusiva por Luis Arce y su banda en la Ley del PGE\u201d, plantea.<br \/>\nPor su parte, la CEPB debe empezar a hacer lo que debe hacer para defender la libertad de empresa en Bolivia. A Arce se le debe exigir la derogaci\u00f3n de los art\u00edculos inconstitucionales, a trav\u00e9s de su bancada, cosa que s\u00ed puede hacer. Con la oposici\u00f3n debe coordinar, una vez que Arce deje de atentar contra el derecho a la libre empresa, la aprobaci\u00f3n de todas las normas que permitan proteger ese derecho, a\u00f1ade.<br \/>\nTodo acuerdo por fuera de esos t\u00e9rminos es in\u00fatil y solo sirve para darle ox\u00edgeno a un Gobierno que atenta contra todo m\u00ednimo criterio de seguridad jur\u00eddica, alerta.<br \/>\nVoluntad<br \/>\nPor su parte, el senador del ala \u201cevista\u201d William Torrez declar\u00f3 a la prensa que si el Gobierno tuviera voluntad, a trav\u00e9s de sus diputados, debe derogar ese art\u00edculo, as\u00ed se acaban los problemas.<br \/>\nDe acuerdo con el legislador, el Gobierno quiere atropellar y quiere incautar abusivamente, a trav\u00e9s de esa normativa.<br \/>\nOficial<br \/>\nEntretanto, el ministro de Desarrollo Rural y Tierras, Yamil Flores, inform\u00f3 sobre los acuerdos alcanzados con la dirigencia del empresariado en una reuni\u00f3n realizada en la ciudad de La Paz, que contemplan tres temas.<br \/>\nEl primero se\u00f1ala que \u201cla derogaci\u00f3n que los empresarios solicitan de esta disposici\u00f3n\u201d no est\u00e1 en manos del Ejecutivo, sino en la Asamblea Legislativa; el segundo est\u00e1 relacionado a que, mientras no haya una reglamentaci\u00f3n de la disposici\u00f3n s\u00e9ptima, no puede ser aplicada; y el \u00faltimo punto, indica que los empresarios deben plantear un cronograma para continuar las reuniones sobre la disposici\u00f3n s\u00e9ptima.<\/p>\n","protected":false},"excerpt":{"rendered":"<p>Despu\u00e9s de una reuni\u00f3n entre el Gobierno y el titular de la Confederaci\u00f3n de Empresarios Privados de Bolivia (CEPB), en el cual acordaron suspender la aplicaci\u00f3n de la Disposici\u00f3n S\u00e9ptima del Presupuesto General del Estado (PGE) 2025, normativa confiscatoria; opiniones observan que dada la situaci\u00f3n de la misma, el anuncio es fingido e in\u00fatil. La [&hellip;]<\/p>\n","protected":false},"author":1,"featured_media":281262,"comment_status":"closed","ping_status":"open","sticky":false,"template":"","format":"standard","meta":{"_acf_changed":false,"footnotes":""},"categories":[7],"tags":[],"class_list":["post-281261","post","type-post","status-publish","format-standard","has-post-thumbnail","category-economia"],"acf":{"antetitulo":"Piden derogaci\u00f3n de la Disposici\u00f3n S\u00e9ptima del PGE 2025 "},"yoast_head":"<!-- This site is optimized with the Yoast SEO plugin v28.3 - https:\/\/yoast.com\/product\/yoast-seo-wordpress\/ -->\n<title>Califican acuerdo entre Gobierno y la CEPB como fingido e in\u00fatil - El Diario - Bolivia<\/title>\n<meta name=\"robots\" content=\"index, follow, max-snippet:-1, max-image-preview:large, max-video-preview:-1\" \/>\n<link rel=\"canonical\" href=\"https:\/\/www.eldiario.net\/portal\/2025\/02\/12\/califican-acuerdo-entre-gobierno-y-la-cepb-como-fingido-e-inutil\/\" \/>\n<meta property=\"og:locale\" content=\"es_ES\" \/>\n<meta property=\"og:type\" content=\"article\" \/>\n<meta property=\"og:title\" content=\"Califican acuerdo entre Gobierno y la CEPB como fingido e in\u00fatil - El Diario - Bolivia\" \/>\n<meta property=\"og:description\" content=\"Despu\u00e9s de una reuni\u00f3n entre el Gobierno y el titular de la Confederaci\u00f3n de Empresarios Privados de Bolivia (CEPB), en el cual acordaron suspender la aplicaci\u00f3n de la Disposici\u00f3n S\u00e9ptima del Presupuesto General del Estado (PGE) 2025, normativa confiscatoria; opiniones observan que dada la situaci\u00f3n de la misma, el anuncio es fingido e in\u00fatil. La [&hellip;]\" \/>\n<meta property=\"og:url\" content=\"https:\/\/www.eldiario.net\/portal\/2025\/02\/12\/califican-acuerdo-entre-gobierno-y-la-cepb-como-fingido-e-inutil\/\" \/>\n<meta property=\"og:site_name\" content=\"El Diario - Bolivia\" \/>\n<meta property=\"article:publisher\" content=\"https:\/\/www.facebook.com\/eldiario.bolivia\/\" \/>\n<meta property=\"article:published_time\" content=\"2025-02-12T10:17:16+00:00\" \/>\n<meta property=\"og:image\" content=\"https:\/\/www.eldiario.net\/portal\/wp-content\/uploads\/2025\/02\/cao.jpg\" \/>\n\t<meta property=\"og:image:width\" content=\"1600\" \/>\n\t<meta property=\"og:image:height\" content=\"901\" \/>\n\t<meta property=\"og:image:type\" content=\"image\/jpeg\" \/>\n<meta name=\"author\" content=\"Jeanette\" \/>\n<meta name=\"twitter:card\" content=\"summary_large_image\" \/>\n<meta name=\"twitter:creator\" content=\"@eldiario_net\" \/>\n<meta name=\"twitter:site\" content=\"@eldiario_net\" \/>\n<meta name=\"twitter:label1\" content=\"Escrito por\" \/>\n\t<meta name=\"twitter:data1\" content=\"Jeanette\" \/>\n\t<meta name=\"twitter:label2\" content=\"Tiempo de lectura\" \/>\n\t<meta name=\"twitter:data2\" content=\"4 minutos\" \/>\n<script type=\"application\/ld+json\" class=\"yoast-schema-graph\">{\"@context\":\"https:\\\/\\\/schema.org\",\"@graph\":[{\"@type\":\"Article\",\"@id\":\"https:\\\/\\\/www.eldiario.net\\\/portal\\\/2025\\\/02\\\/12\\\/califican-acuerdo-entre-gobierno-y-la-cepb-como-fingido-e-inutil\\\/#article\",\"isPartOf\":{\"@id\":\"https:\\\/\\\/www.eldiario.net\\\/portal\\\/2025\\\/02\\\/12\\\/califican-acuerdo-entre-gobierno-y-la-cepb-como-fingido-e-inutil\\\/\"},\"author\":{\"name\":\"Jeanette\",\"@id\":\"https:\\\/\\\/www.eldiario.net\\\/portal\\\/#\\\/schema\\\/person\\\/f46445640444750d7d753ccd04ae01b7\"},\"headline\":\"Califican acuerdo entre Gobierno y la CEPB como fingido e in\u00fatil\",\"datePublished\":\"2025-02-12T10:17:16+00:00\",\"mainEntityOfPage\":{\"@id\":\"https:\\\/\\\/www.eldiario.net\\\/portal\\\/2025\\\/02\\\/12\\\/califican-acuerdo-entre-gobierno-y-la-cepb-como-fingido-e-inutil\\\/\"},\"wordCount\":918,\"publisher\":{\"@id\":\"https:\\\/\\\/www.eldiario.net\\\/portal\\\/#organization\"},\"image\":{\"@id\":\"https:\\\/\\\/www.eldiario.net\\\/portal\\\/2025\\\/02\\\/12\\\/califican-acuerdo-entre-gobierno-y-la-cepb-como-fingido-e-inutil\\\/#primaryimage\"},\"thumbnailUrl\":\"https:\\\/\\\/www.eldiario.net\\\/portal\\\/wp-content\\\/uploads\\\/2025\\\/02\\\/cao.jpg\",\"articleSection\":[\"Econom\u00eda\"],\"inLanguage\":\"es\"},{\"@type\":\"WebPage\",\"@id\":\"https:\\\/\\\/www.eldiario.net\\\/portal\\\/2025\\\/02\\\/12\\\/califican-acuerdo-entre-gobierno-y-la-cepb-como-fingido-e-inutil\\\/\",\"url\":\"https:\\\/\\\/www.eldiario.net\\\/portal\\\/2025\\\/02\\\/12\\\/califican-acuerdo-entre-gobierno-y-la-cepb-como-fingido-e-inutil\\\/\",\"name\":\"Califican acuerdo entre Gobierno y la CEPB como fingido e in\u00fatil - El Diario - Bolivia\",\"isPartOf\":{\"@id\":\"https:\\\/\\\/www.eldiario.net\\\/portal\\\/#website\"},\"primaryImageOfPage\":{\"@id\":\"https:\\\/\\\/www.eldiario.net\\\/portal\\\/2025\\\/02\\\/12\\\/califican-acuerdo-entre-gobierno-y-la-cepb-como-fingido-e-inutil\\\/#primaryimage\"},\"image\":{\"@id\":\"https:\\\/\\\/www.eldiario.net\\\/portal\\\/2025\\\/02\\\/12\\\/califican-acuerdo-entre-gobierno-y-la-cepb-como-fingido-e-inutil\\\/#primaryimage\"},\"thumbnailUrl\":\"https:\\\/\\\/www.eldiario.net\\\/portal\\\/wp-content\\\/uploads\\\/2025\\\/02\\\/cao.jpg\",\"datePublished\":\"2025-02-12T10:17:16+00:00\",\"breadcrumb\":{\"@id\":\"https:\\\/\\\/www.eldiario.net\\\/portal\\\/2025\\\/02\\\/12\\\/califican-acuerdo-entre-gobierno-y-la-cepb-como-fingido-e-inutil\\\/#breadcrumb\"},\"inLanguage\":\"es\",\"potentialAction\":[{\"@type\":\"ReadAction\",\"target\":[\"https:\\\/\\\/www.eldiario.net\\\/portal\\\/2025\\\/02\\\/12\\\/califican-acuerdo-entre-gobierno-y-la-cepb-como-fingido-e-inutil\\\/\"]}]},{\"@type\":\"ImageObject\",\"inLanguage\":\"es\",\"@id\":\"https:\\\/\\\/www.eldiario.net\\\/portal\\\/2025\\\/02\\\/12\\\/califican-acuerdo-entre-gobierno-y-la-cepb-como-fingido-e-inutil\\\/#primaryimage\",\"url\":\"https:\\\/\\\/www.eldiario.net\\\/portal\\\/wp-content\\\/uploads\\\/2025\\\/02\\\/cao.jpg\",\"contentUrl\":\"https:\\\/\\\/www.eldiario.net\\\/portal\\\/wp-content\\\/uploads\\\/2025\\\/02\\\/cao.jpg\",\"width\":1600,\"height\":901,\"caption\":\"Miembros del Comit\u00e9 Multisectorial en conferencia de prensa, en Santa Cruz.\"},{\"@type\":\"BreadcrumbList\",\"@id\":\"https:\\\/\\\/www.eldiario.net\\\/portal\\\/2025\\\/02\\\/12\\\/califican-acuerdo-entre-gobierno-y-la-cepb-como-fingido-e-inutil\\\/#breadcrumb\",\"itemListElement\":[{\"@type\":\"ListItem\",\"position\":1,\"name\":\"Portada\",\"item\":\"https:\\\/\\\/www.eldiario.net\\\/portal\\\/\"},{\"@type\":\"ListItem\",\"position\":2,\"name\":\"Califican acuerdo entre Gobierno y la CEPB como fingido e in\u00fatil\"}]},{\"@type\":\"WebSite\",\"@id\":\"https:\\\/\\\/www.eldiario.net\\\/portal\\\/#website\",\"url\":\"https:\\\/\\\/www.eldiario.net\\\/portal\\\/\",\"name\":\"El Diario - Decano de la prensa nacional\",\"description\":\"El Diario - Decano de la prensa nacional\",\"publisher\":{\"@id\":\"https:\\\/\\\/www.eldiario.net\\\/portal\\\/#organization\"},\"potentialAction\":[{\"@type\":\"SearchAction\",\"target\":{\"@type\":\"EntryPoint\",\"urlTemplate\":\"https:\\\/\\\/www.eldiario.net\\\/portal\\\/?s={search_term_string}\"},\"query-input\":{\"@type\":\"PropertyValueSpecification\",\"valueRequired\":true,\"valueName\":\"search_term_string\"}}],\"inLanguage\":\"es\"},{\"@type\":\"Organization\",\"@id\":\"https:\\\/\\\/www.eldiario.net\\\/portal\\\/#organization\",\"name\":\"El Diario - Decano de la prensa nacional\",\"url\":\"https:\\\/\\\/www.eldiario.net\\\/portal\\\/\",\"logo\":{\"@type\":\"ImageObject\",\"inLanguage\":\"es\",\"@id\":\"https:\\\/\\\/www.eldiario.net\\\/portal\\\/#\\\/schema\\\/logo\\\/image\\\/\",\"url\":\"https:\\\/\\\/www.eldiario.net\\\/portal\\\/wp-content\\\/uploads\\\/2023\\\/07\\\/logo_ED.jpg\",\"contentUrl\":\"https:\\\/\\\/www.eldiario.net\\\/portal\\\/wp-content\\\/uploads\\\/2023\\\/07\\\/logo_ED.jpg\",\"width\":272,\"height\":52,\"caption\":\"El Diario - Decano de la prensa nacional\"},\"image\":{\"@id\":\"https:\\\/\\\/www.eldiario.net\\\/portal\\\/#\\\/schema\\\/logo\\\/image\\\/\"},\"sameAs\":[\"https:\\\/\\\/www.facebook.com\\\/eldiario.bolivia\\\/\",\"https:\\\/\\\/x.com\\\/eldiario_net\"]},{\"@type\":\"Person\",\"@id\":\"https:\\\/\\\/www.eldiario.net\\\/portal\\\/#\\\/schema\\\/person\\\/f46445640444750d7d753ccd04ae01b7\",\"name\":\"Jeanette\",\"image\":{\"@type\":\"ImageObject\",\"inLanguage\":\"es\",\"@id\":\"https:\\\/\\\/secure.gravatar.com\\\/avatar\\\/3ea2118a5f7dad2b7138b1187a6b7ee55f160b9968b66013c3a3ef39dd7e5798?s=96&d=mm&r=g\",\"url\":\"https:\\\/\\\/secure.gravatar.com\\\/avatar\\\/3ea2118a5f7dad2b7138b1187a6b7ee55f160b9968b66013c3a3ef39dd7e5798?s=96&d=mm&r=g\",\"contentUrl\":\"https:\\\/\\\/secure.gravatar.com\\\/avatar\\\/3ea2118a5f7dad2b7138b1187a6b7ee55f160b9968b66013c3a3ef39dd7e5798?s=96&d=mm&r=g\",\"caption\":\"Jeanette\"},\"sameAs\":[\"https:\\\/\\\/www.eldiario.net\\\/portal\"],\"url\":\"https:\\\/\\\/www.eldiario.net\\\/portal\\\/author\\\/jeanette\\\/\"}]}<\/script>\n<!-- \/ Yoast SEO plugin. -->","yoast_head_json":{"title":"Califican acuerdo entre Gobierno y la CEPB como fingido e in\u00fatil - El Diario - Bolivia","robots":{"index":"index","follow":"follow","max-snippet":"max-snippet:-1","max-image-preview":"max-image-preview:large","max-video-preview":"max-video-preview:-1"},"canonical":"https:\/\/www.eldiario.net\/portal\/2025\/02\/12\/califican-acuerdo-entre-gobierno-y-la-cepb-como-fingido-e-inutil\/","og_locale":"es_ES","og_type":"article","og_title":"Califican acuerdo entre Gobierno y la CEPB como fingido e in\u00fatil - El Diario - Bolivia","og_description":"Despu\u00e9s de una reuni\u00f3n entre el Gobierno y el titular de la Confederaci\u00f3n de Empresarios Privados de Bolivia (CEPB), en el cual acordaron suspender la aplicaci\u00f3n de la Disposici\u00f3n S\u00e9ptima del Presupuesto General del Estado (PGE) 2025, normativa confiscatoria; opiniones observan que dada la situaci\u00f3n de la misma, el anuncio es fingido e in\u00fatil. La [&hellip;]","og_url":"https:\/\/www.eldiario.net\/portal\/2025\/02\/12\/califican-acuerdo-entre-gobierno-y-la-cepb-como-fingido-e-inutil\/","og_site_name":"El Diario - Bolivia","article_publisher":"https:\/\/www.facebook.com\/eldiario.bolivia\/","article_published_time":"2025-02-12T10:17:16+00:00","og_image":[{"width":1600,"height":901,"url":"https:\/\/www.eldiario.net\/portal\/wp-content\/uploads\/2025\/02\/cao.jpg","type":"image\/jpeg"}],"author":"Jeanette","twitter_card":"summary_large_image","twitter_creator":"@eldiario_net","twitter_site":"@eldiario_net","twitter_misc":{"Escrito por":"Jeanette","Tiempo de lectura":"4 minutos"},"schema":{"@context":"https:\/\/schema.org","@graph":[{"@type":"Article","@id":"https:\/\/www.eldiario.net\/portal\/2025\/02\/12\/califican-acuerdo-entre-gobierno-y-la-cepb-como-fingido-e-inutil\/#article","isPartOf":{"@id":"https:\/\/www.eldiario.net\/portal\/2025\/02\/12\/califican-acuerdo-entre-gobierno-y-la-cepb-como-fingido-e-inutil\/"},"author":{"name":"Jeanette","@id":"https:\/\/www.eldiario.net\/portal\/#\/schema\/person\/f46445640444750d7d753ccd04ae01b7"},"headline":"Califican acuerdo entre Gobierno y la CEPB como fingido e in\u00fatil","datePublished":"2025-02-12T10:17:16+00:00","mainEntityOfPage":{"@id":"https:\/\/www.eldiario.net\/portal\/2025\/02\/12\/califican-acuerdo-entre-gobierno-y-la-cepb-como-fingido-e-inutil\/"},"wordCount":918,"publisher":{"@id":"https:\/\/www.eldiario.net\/portal\/#organization"},"image":{"@id":"https:\/\/www.eldiario.net\/portal\/2025\/02\/12\/califican-acuerdo-entre-gobierno-y-la-cepb-como-fingido-e-inutil\/#primaryimage"},"thumbnailUrl":"https:\/\/www.eldiario.net\/portal\/wp-content\/uploads\/2025\/02\/cao.jpg","articleSection":["Econom\u00eda"],"inLanguage":"es"},{"@type":"WebPage","@id":"https:\/\/www.eldiario.net\/portal\/2025\/02\/12\/califican-acuerdo-entre-gobierno-y-la-cepb-como-fingido-e-inutil\/","url":"https:\/\/www.eldiario.net\/portal\/2025\/02\/12\/califican-acuerdo-entre-gobierno-y-la-cepb-como-fingido-e-inutil\/","name":"Califican acuerdo entre Gobierno y la CEPB como fingido e in\u00fatil - El Diario - Bolivia","isPartOf":{"@id":"https:\/\/www.eldiario.net\/portal\/#website"},"primaryImageOfPage":{"@id":"https:\/\/www.eldiario.net\/portal\/2025\/02\/12\/califican-acuerdo-entre-gobierno-y-la-cepb-como-fingido-e-inutil\/#primaryimage"},"image":{"@id":"https:\/\/www.eldiario.net\/portal\/2025\/02\/12\/califican-acuerdo-entre-gobierno-y-la-cepb-como-fingido-e-inutil\/#primaryimage"},"thumbnailUrl":"https:\/\/www.eldiario.net\/portal\/wp-content\/uploads\/2025\/02\/cao.jpg","datePublished":"2025-02-12T10:17:16+00:00","breadcrumb":{"@id":"https:\/\/www.eldiario.net\/portal\/2025\/02\/12\/califican-acuerdo-entre-gobierno-y-la-cepb-como-fingido-e-inutil\/#breadcrumb"},"inLanguage":"es","potentialAction":[{"@type":"ReadAction","target":["https:\/\/www.eldiario.net\/portal\/2025\/02\/12\/califican-acuerdo-entre-gobierno-y-la-cepb-como-fingido-e-inutil\/"]}]},{"@type":"ImageObject","inLanguage":"es","@id":"https:\/\/www.eldiario.net\/portal\/2025\/02\/12\/califican-acuerdo-entre-gobierno-y-la-cepb-como-fingido-e-inutil\/#primaryimage","url":"https:\/\/www.eldiario.net\/portal\/wp-content\/uploads\/2025\/02\/cao.jpg","contentUrl":"https:\/\/www.eldiario.net\/portal\/wp-content\/uploads\/2025\/02\/cao.jpg","width":1600,"height":901,"caption":"Miembros del Comit\u00e9 Multisectorial en conferencia de prensa, en Santa Cruz."},{"@type":"BreadcrumbList","@id":"https:\/\/www.eldiario.net\/portal\/2025\/02\/12\/califican-acuerdo-entre-gobierno-y-la-cepb-como-fingido-e-inutil\/#breadcrumb","itemListElement":[{"@type":"ListItem","position":1,"name":"Portada","item":"https:\/\/www.eldiario.net\/portal\/"},{"@type":"ListItem","position":2,"name":"Califican acuerdo entre Gobierno y la CEPB como fingido e in\u00fatil"}]},{"@type":"WebSite","@id":"https:\/\/www.eldiario.net\/portal\/#website","url":"https:\/\/www.eldiario.net\/portal\/","name":"El Diario - Decano de la prensa nacional","description":"El Diario - Decano de la prensa nacional","publisher":{"@id":"https:\/\/www.eldiario.net\/portal\/#organization"},"potentialAction":[{"@type":"SearchAction","target":{"@type":"EntryPoint","urlTemplate":"https:\/\/www.eldiario.net\/portal\/?s={search_term_string}"},"query-input":{"@type":"PropertyValueSpecification","valueRequired":true,"valueName":"search_term_string"}}],"inLanguage":"es"},{"@type":"Organization","@id":"https:\/\/www.eldiario.net\/portal\/#organization","name":"El Diario - Decano de la prensa nacional","url":"https:\/\/www.eldiario.net\/portal\/","logo":{"@type":"ImageObject","inLanguage":"es","@id":"https:\/\/www.eldiario.net\/portal\/#\/schema\/logo\/image\/","url":"https:\/\/www.eldiario.net\/portal\/wp-content\/uploads\/2023\/07\/logo_ED.jpg","contentUrl":"https:\/\/www.eldiario.net\/portal\/wp-content\/uploads\/2023\/07\/logo_ED.jpg","width":272,"height":52,"caption":"El Diario - Decano de la prensa nacional"},"image":{"@id":"https:\/\/www.eldiario.net\/portal\/#\/schema\/logo\/image\/"},"sameAs":["https:\/\/www.facebook.com\/eldiario.bolivia\/","https:\/\/x.com\/eldiario_net"]},{"@type":"Person","@id":"https:\/\/www.eldiario.net\/portal\/#\/schema\/person\/f46445640444750d7d753ccd04ae01b7","name":"Jeanette","image":{"@type":"ImageObject","inLanguage":"es","@id":"https:\/\/secure.gravatar.com\/avatar\/3ea2118a5f7dad2b7138b1187a6b7ee55f160b9968b66013c3a3ef39dd7e5798?s=96&d=mm&r=g","url":"https:\/\/secure.gravatar.com\/avatar\/3ea2118a5f7dad2b7138b1187a6b7ee55f160b9968b66013c3a3ef39dd7e5798?s=96&d=mm&r=g","contentUrl":"https:\/\/secure.gravatar.com\/avatar\/3ea2118a5f7dad2b7138b1187a6b7ee55f160b9968b66013c3a3ef39dd7e5798?s=96&d=mm&r=g","caption":"Jeanette"},"sameAs":["https:\/\/www.eldiario.net\/portal"],"url":"https:\/\/www.eldiario.net\/portal\/author\/jeanette\/"}]}},"_links":{"self":[{"href":"https:\/\/www.eldiario.net\/portal\/wp-json\/wp\/v2\/posts\/281261","targetHints":{"allow":["GET"]}}],"collection":[{"href":"https:\/\/www.eldiario.net\/portal\/wp-json\/wp\/v2\/posts"}],"about":[{"href":"https:\/\/www.eldiario.net\/portal\/wp-json\/wp\/v2\/types\/post"}],"author":[{"embeddable":true,"href":"https:\/\/www.eldiario.net\/portal\/wp-json\/wp\/v2\/users\/1"}],"replies":[{"embeddable":true,"href":"https:\/\/www.eldiario.net\/portal\/wp-json\/wp\/v2\/comments?post=281261"}],"version-history":[{"count":1,"href":"https:\/\/www.eldiario.net\/portal\/wp-json\/wp\/v2\/posts\/281261\/revisions"}],"predecessor-version":[{"id":281263,"href":"https:\/\/www.eldiario.net\/portal\/wp-json\/wp\/v2\/posts\/281261\/revisions\/281263"}],"wp:featuredmedia":[{"embeddable":true,"href":"https:\/\/www.eldiario.net\/portal\/wp-json\/wp\/v2\/media\/281262"}],"wp:attachment":[{"href":"https:\/\/www.eldiario.net\/portal\/wp-json\/wp\/v2\/media?parent=281261"}],"wp:term":[{"taxonomy":"category","embeddable":true,"href":"https:\/\/www.eldiario.net\/portal\/wp-json\/wp\/v2\/categories?post=281261"},{"taxonomy":"post_tag","embeddable":true,"href":"https:\/\/www.eldiario.net\/portal\/wp-json\/wp\/v2\/tags?post=281261"}],"curies":[{"name":"wp","href":"https:\/\/api.w.org\/{rel}","templated":true}]}}