{"id":281258,"date":"2025-02-12T06:16:42","date_gmt":"2025-02-12T10:16:42","guid":{"rendered":"https:\/\/www.eldiario.net\/portal\/?p=281258"},"modified":"2025-02-12T06:16:42","modified_gmt":"2025-02-12T10:16:42","slug":"el-litio-mantiene-en-vilo-a-bolivia-por-contratos-adversos","status":"publish","type":"post","link":"https:\/\/www.eldiario.net\/portal\/2025\/02\/12\/el-litio-mantiene-en-vilo-a-bolivia-por-contratos-adversos\/","title":{"rendered":"El Litio mantiene en vilo a  Bolivia por contratos adversos"},"content":{"rendered":"<p>A pesar de que ya denunciaron que los contratos suscritos por el Gobierno con una empresa china y otra rusa, donde los bolivianos pagar\u00e1n las inversiones de estas compa\u00f1\u00edas y esperar\u00e1n la voluntad de las mismas para recibir regal\u00edas, en el porcentaje que ellos decidan, el Gobierno presiona a la Asamblea Legislativa Plurinacional (ALP) para su aprobaci\u00f3n. Las redes sociales expresan que el Movimiento al Socialismo (MAS) perdi\u00f3 el gas, el mar, el Silala y ahora entrega el litio a empresas de China y Rusia.<br \/>\nA eso se ha sumado otra denuncia de la diputada Luciana Campero, de que dentro del contrato con la empresa china figura una compa\u00f1\u00eda fantasma, con un patrimonio que no pasa los 10.000 d\u00f3lares.<br \/>\nEl litio es estrat\u00e9gico para Bolivia, pero los contratos con Uranium One Group y CBC benefician m\u00e1s a empresas extranjeras que al pa\u00eds. Organizaciones de la sociedad civil piden que la Asamblea no los apruebe, se\u00f1ala la Fundaci\u00f3n Milenio en su cuenta @fmilenio.<br \/>\n\u201cBolivia, antes de aprobar contratos de largo plazo, debe tener una ley socializada y espec\u00edfica de Litio, por su importancia. Luego, se deben realizar licitaciones abiertas y transparentes dirigidas a postores calificados\u201d, opin\u00f3 el expertos en temas hidrocarbur\u00edferos \u00c1lvaro R\u00edos, en X.<br \/>\nAnulaci\u00f3n<br \/>\nMientras comunarios de las zonas otorgadas por el Gobierno a las transnacionales, piden la anulaci\u00f3n de los contratos, pues se\u00f1alan que no fueron consultados y ahora quieren socializar una cosa ya hecha.<br \/>\nAsimismo, ciudadanos se adhieren al manifiesto emitido por la Fundaci\u00f3n Jubileo, la Fundaci\u00f3n Milenio, la Fundaci\u00f3n Sol\u00f3n, el Club de Ginebra y el Cedib respecto a los contratos que la empresa Yacimientos de Litio Bolivianos (YLB) suscribi\u00f3 con las empresas Uranium One y Hong Kong CBC.<br \/>\n\u201cPedimos a la Asamblea Legislativa Plurinacional no aprobarlos por el car\u00e1cter lesivo a los intereses del pa\u00eds y exigimos al Gobierno resolverlos\u201d, por las razones expuestas en el manifiesto.<br \/>\nComo se recordar\u00e1, las cinco instituciones expusieron 13 puntos, por el cual no se deber\u00eda viabilizar los contratos con la empresa china y rusa, pues los bolivianos pierden.<br \/>\n\u201cConstatamos que la improvisaci\u00f3n y falta de experiencia de parte de Yacimientos del Litio Bolivianos (YLB) en la negociaci\u00f3n de los contratos de recursos naturales y la camisa de fuerza de las normas podr\u00edan llevarnos a una nueva frustraci\u00f3n, por la duraci\u00f3n de los contratos (m\u00e1s de 30 a\u00f1os), similar a lo sucedido con otros proyectos fallidos en los \u00faltimos 19 a\u00f1os\u201d, se\u00f1ala parte de las conclusiones que difundieron las cinco instituciones.<\/p>\n","protected":false},"excerpt":{"rendered":"<p>A pesar de que ya denunciaron que los contratos suscritos por el Gobierno con una empresa china y otra rusa, donde los bolivianos pagar\u00e1n las inversiones de estas compa\u00f1\u00edas y esperar\u00e1n la voluntad de las mismas para recibir regal\u00edas, en el porcentaje que ellos decidan, el Gobierno presiona a la Asamblea Legislativa Plurinacional (ALP) para [&hellip;]<\/p>\n","protected":false},"author":1,"featured_media":281259,"comment_status":"closed","ping_status":"open","sticky":false,"template":"","format":"standard","meta":{"_acf_changed":false,"footnotes":""},"categories":[7],"tags":[],"class_list":["post-281258","post","type-post","status-publish","format-standard","has-post-thumbnail","category-economia"],"acf":{"antetitulo":""},"yoast_head":"<!-- This site is optimized with the Yoast SEO plugin v28.3 - https:\/\/yoast.com\/product\/yoast-seo-wordpress\/ -->\n<title>El Litio mantiene en vilo a Bolivia por contratos adversos - El Diario - Bolivia<\/title>\n<meta name=\"robots\" content=\"index, follow, max-snippet:-1, max-image-preview:large, max-video-preview:-1\" \/>\n<link rel=\"canonical\" href=\"https:\/\/www.eldiario.net\/portal\/2025\/02\/12\/el-litio-mantiene-en-vilo-a-bolivia-por-contratos-adversos\/\" \/>\n<meta property=\"og:locale\" content=\"es_ES\" \/>\n<meta property=\"og:type\" content=\"article\" \/>\n<meta property=\"og:title\" content=\"El Litio mantiene en vilo a Bolivia por contratos adversos - El Diario - Bolivia\" \/>\n<meta property=\"og:description\" content=\"A pesar de que ya denunciaron que los contratos suscritos por el Gobierno con una empresa china y otra rusa, donde los bolivianos pagar\u00e1n las inversiones de estas compa\u00f1\u00edas y esperar\u00e1n la voluntad de las mismas para recibir regal\u00edas, en el porcentaje que ellos decidan, el Gobierno presiona a la Asamblea Legislativa Plurinacional (ALP) para [&hellip;]\" \/>\n<meta property=\"og:url\" content=\"https:\/\/www.eldiario.net\/portal\/2025\/02\/12\/el-litio-mantiene-en-vilo-a-bolivia-por-contratos-adversos\/\" \/>\n<meta property=\"og:site_name\" content=\"El Diario - Bolivia\" \/>\n<meta property=\"article:publisher\" content=\"https:\/\/www.facebook.com\/eldiario.bolivia\/\" \/>\n<meta property=\"article:published_time\" content=\"2025-02-12T10:16:42+00:00\" \/>\n<meta property=\"og:image\" content=\"https:\/\/www.eldiario.net\/portal\/wp-content\/uploads\/2025\/02\/litio-1.jpg\" \/>\n\t<meta property=\"og:image:width\" content=\"1280\" \/>\n\t<meta property=\"og:image:height\" content=\"720\" \/>\n\t<meta property=\"og:image:type\" content=\"image\/jpeg\" \/>\n<meta name=\"author\" content=\"Jeanette\" \/>\n<meta name=\"twitter:card\" content=\"summary_large_image\" \/>\n<meta name=\"twitter:creator\" content=\"@eldiario_net\" \/>\n<meta name=\"twitter:site\" content=\"@eldiario_net\" \/>\n<meta name=\"twitter:label1\" content=\"Escrito por\" \/>\n\t<meta name=\"twitter:data1\" content=\"Jeanette\" \/>\n\t<meta name=\"twitter:label2\" content=\"Tiempo de lectura\" \/>\n\t<meta name=\"twitter:data2\" content=\"3 minutos\" \/>\n<script type=\"application\/ld+json\" class=\"yoast-schema-graph\">{\"@context\":\"https:\\\/\\\/schema.org\",\"@graph\":[{\"@type\":\"Article\",\"@id\":\"https:\\\/\\\/www.eldiario.net\\\/portal\\\/2025\\\/02\\\/12\\\/el-litio-mantiene-en-vilo-a-bolivia-por-contratos-adversos\\\/#article\",\"isPartOf\":{\"@id\":\"https:\\\/\\\/www.eldiario.net\\\/portal\\\/2025\\\/02\\\/12\\\/el-litio-mantiene-en-vilo-a-bolivia-por-contratos-adversos\\\/\"},\"author\":{\"name\":\"Jeanette\",\"@id\":\"https:\\\/\\\/www.eldiario.net\\\/portal\\\/#\\\/schema\\\/person\\\/f46445640444750d7d753ccd04ae01b7\"},\"headline\":\"El Litio mantiene en vilo a Bolivia por contratos adversos\",\"datePublished\":\"2025-02-12T10:16:42+00:00\",\"mainEntityOfPage\":{\"@id\":\"https:\\\/\\\/www.eldiario.net\\\/portal\\\/2025\\\/02\\\/12\\\/el-litio-mantiene-en-vilo-a-bolivia-por-contratos-adversos\\\/\"},\"wordCount\":452,\"publisher\":{\"@id\":\"https:\\\/\\\/www.eldiario.net\\\/portal\\\/#organization\"},\"image\":{\"@id\":\"https:\\\/\\\/www.eldiario.net\\\/portal\\\/2025\\\/02\\\/12\\\/el-litio-mantiene-en-vilo-a-bolivia-por-contratos-adversos\\\/#primaryimage\"},\"thumbnailUrl\":\"https:\\\/\\\/www.eldiario.net\\\/portal\\\/wp-content\\\/uploads\\\/2025\\\/02\\\/litio-1.jpg\",\"articleSection\":[\"Econom\u00eda\"],\"inLanguage\":\"es\"},{\"@type\":\"WebPage\",\"@id\":\"https:\\\/\\\/www.eldiario.net\\\/portal\\\/2025\\\/02\\\/12\\\/el-litio-mantiene-en-vilo-a-bolivia-por-contratos-adversos\\\/\",\"url\":\"https:\\\/\\\/www.eldiario.net\\\/portal\\\/2025\\\/02\\\/12\\\/el-litio-mantiene-en-vilo-a-bolivia-por-contratos-adversos\\\/\",\"name\":\"El Litio mantiene en vilo a Bolivia por contratos adversos - El Diario - Bolivia\",\"isPartOf\":{\"@id\":\"https:\\\/\\\/www.eldiario.net\\\/portal\\\/#website\"},\"primaryImageOfPage\":{\"@id\":\"https:\\\/\\\/www.eldiario.net\\\/portal\\\/2025\\\/02\\\/12\\\/el-litio-mantiene-en-vilo-a-bolivia-por-contratos-adversos\\\/#primaryimage\"},\"image\":{\"@id\":\"https:\\\/\\\/www.eldiario.net\\\/portal\\\/2025\\\/02\\\/12\\\/el-litio-mantiene-en-vilo-a-bolivia-por-contratos-adversos\\\/#primaryimage\"},\"thumbnailUrl\":\"https:\\\/\\\/www.eldiario.net\\\/portal\\\/wp-content\\\/uploads\\\/2025\\\/02\\\/litio-1.jpg\",\"datePublished\":\"2025-02-12T10:16:42+00:00\",\"breadcrumb\":{\"@id\":\"https:\\\/\\\/www.eldiario.net\\\/portal\\\/2025\\\/02\\\/12\\\/el-litio-mantiene-en-vilo-a-bolivia-por-contratos-adversos\\\/#breadcrumb\"},\"inLanguage\":\"es\",\"potentialAction\":[{\"@type\":\"ReadAction\",\"target\":[\"https:\\\/\\\/www.eldiario.net\\\/portal\\\/2025\\\/02\\\/12\\\/el-litio-mantiene-en-vilo-a-bolivia-por-contratos-adversos\\\/\"]}]},{\"@type\":\"ImageObject\",\"inLanguage\":\"es\",\"@id\":\"https:\\\/\\\/www.eldiario.net\\\/portal\\\/2025\\\/02\\\/12\\\/el-litio-mantiene-en-vilo-a-bolivia-por-contratos-adversos\\\/#primaryimage\",\"url\":\"https:\\\/\\\/www.eldiario.net\\\/portal\\\/wp-content\\\/uploads\\\/2025\\\/02\\\/litio-1.jpg\",\"contentUrl\":\"https:\\\/\\\/www.eldiario.net\\\/portal\\\/wp-content\\\/uploads\\\/2025\\\/02\\\/litio-1.jpg\",\"width\":1280,\"height\":720,\"caption\":\"Trabajando en el salar de Uyuni.\"},{\"@type\":\"BreadcrumbList\",\"@id\":\"https:\\\/\\\/www.eldiario.net\\\/portal\\\/2025\\\/02\\\/12\\\/el-litio-mantiene-en-vilo-a-bolivia-por-contratos-adversos\\\/#breadcrumb\",\"itemListElement\":[{\"@type\":\"ListItem\",\"position\":1,\"name\":\"Portada\",\"item\":\"https:\\\/\\\/www.eldiario.net\\\/portal\\\/\"},{\"@type\":\"ListItem\",\"position\":2,\"name\":\"El Litio mantiene en vilo a Bolivia por contratos adversos\"}]},{\"@type\":\"WebSite\",\"@id\":\"https:\\\/\\\/www.eldiario.net\\\/portal\\\/#website\",\"url\":\"https:\\\/\\\/www.eldiario.net\\\/portal\\\/\",\"name\":\"El Diario - Decano de la prensa nacional\",\"description\":\"El Diario - Decano de la prensa nacional\",\"publisher\":{\"@id\":\"https:\\\/\\\/www.eldiario.net\\\/portal\\\/#organization\"},\"potentialAction\":[{\"@type\":\"SearchAction\",\"target\":{\"@type\":\"EntryPoint\",\"urlTemplate\":\"https:\\\/\\\/www.eldiario.net\\\/portal\\\/?s={search_term_string}\"},\"query-input\":{\"@type\":\"PropertyValueSpecification\",\"valueRequired\":true,\"valueName\":\"search_term_string\"}}],\"inLanguage\":\"es\"},{\"@type\":\"Organization\",\"@id\":\"https:\\\/\\\/www.eldiario.net\\\/portal\\\/#organization\",\"name\":\"El Diario - Decano de la prensa nacional\",\"url\":\"https:\\\/\\\/www.eldiario.net\\\/portal\\\/\",\"logo\":{\"@type\":\"ImageObject\",\"inLanguage\":\"es\",\"@id\":\"https:\\\/\\\/www.eldiario.net\\\/portal\\\/#\\\/schema\\\/logo\\\/image\\\/\",\"url\":\"https:\\\/\\\/www.eldiario.net\\\/portal\\\/wp-content\\\/uploads\\\/2023\\\/07\\\/logo_ED.jpg\",\"contentUrl\":\"https:\\\/\\\/www.eldiario.net\\\/portal\\\/wp-content\\\/uploads\\\/2023\\\/07\\\/logo_ED.jpg\",\"width\":272,\"height\":52,\"caption\":\"El Diario - Decano de la prensa nacional\"},\"image\":{\"@id\":\"https:\\\/\\\/www.eldiario.net\\\/portal\\\/#\\\/schema\\\/logo\\\/image\\\/\"},\"sameAs\":[\"https:\\\/\\\/www.facebook.com\\\/eldiario.bolivia\\\/\",\"https:\\\/\\\/x.com\\\/eldiario_net\"]},{\"@type\":\"Person\",\"@id\":\"https:\\\/\\\/www.eldiario.net\\\/portal\\\/#\\\/schema\\\/person\\\/f46445640444750d7d753ccd04ae01b7\",\"name\":\"Jeanette\",\"image\":{\"@type\":\"ImageObject\",\"inLanguage\":\"es\",\"@id\":\"https:\\\/\\\/secure.gravatar.com\\\/avatar\\\/3ea2118a5f7dad2b7138b1187a6b7ee55f160b9968b66013c3a3ef39dd7e5798?s=96&d=mm&r=g\",\"url\":\"https:\\\/\\\/secure.gravatar.com\\\/avatar\\\/3ea2118a5f7dad2b7138b1187a6b7ee55f160b9968b66013c3a3ef39dd7e5798?s=96&d=mm&r=g\",\"contentUrl\":\"https:\\\/\\\/secure.gravatar.com\\\/avatar\\\/3ea2118a5f7dad2b7138b1187a6b7ee55f160b9968b66013c3a3ef39dd7e5798?s=96&d=mm&r=g\",\"caption\":\"Jeanette\"},\"sameAs\":[\"https:\\\/\\\/www.eldiario.net\\\/portal\"],\"url\":\"https:\\\/\\\/www.eldiario.net\\\/portal\\\/author\\\/jeanette\\\/\"}]}<\/script>\n<!-- \/ Yoast SEO plugin. -->","yoast_head_json":{"title":"El Litio mantiene en vilo a Bolivia por contratos adversos - El Diario - Bolivia","robots":{"index":"index","follow":"follow","max-snippet":"max-snippet:-1","max-image-preview":"max-image-preview:large","max-video-preview":"max-video-preview:-1"},"canonical":"https:\/\/www.eldiario.net\/portal\/2025\/02\/12\/el-litio-mantiene-en-vilo-a-bolivia-por-contratos-adversos\/","og_locale":"es_ES","og_type":"article","og_title":"El Litio mantiene en vilo a Bolivia por contratos adversos - El Diario - Bolivia","og_description":"A pesar de que ya denunciaron que los contratos suscritos por el Gobierno con una empresa china y otra rusa, donde los bolivianos pagar\u00e1n las inversiones de estas compa\u00f1\u00edas y esperar\u00e1n la voluntad de las mismas para recibir regal\u00edas, en el porcentaje que ellos decidan, el Gobierno presiona a la Asamblea Legislativa Plurinacional (ALP) para [&hellip;]","og_url":"https:\/\/www.eldiario.net\/portal\/2025\/02\/12\/el-litio-mantiene-en-vilo-a-bolivia-por-contratos-adversos\/","og_site_name":"El Diario - Bolivia","article_publisher":"https:\/\/www.facebook.com\/eldiario.bolivia\/","article_published_time":"2025-02-12T10:16:42+00:00","og_image":[{"width":1280,"height":720,"url":"https:\/\/www.eldiario.net\/portal\/wp-content\/uploads\/2025\/02\/litio-1.jpg","type":"image\/jpeg"}],"author":"Jeanette","twitter_card":"summary_large_image","twitter_creator":"@eldiario_net","twitter_site":"@eldiario_net","twitter_misc":{"Escrito por":"Jeanette","Tiempo de lectura":"3 minutos"},"schema":{"@context":"https:\/\/schema.org","@graph":[{"@type":"Article","@id":"https:\/\/www.eldiario.net\/portal\/2025\/02\/12\/el-litio-mantiene-en-vilo-a-bolivia-por-contratos-adversos\/#article","isPartOf":{"@id":"https:\/\/www.eldiario.net\/portal\/2025\/02\/12\/el-litio-mantiene-en-vilo-a-bolivia-por-contratos-adversos\/"},"author":{"name":"Jeanette","@id":"https:\/\/www.eldiario.net\/portal\/#\/schema\/person\/f46445640444750d7d753ccd04ae01b7"},"headline":"El Litio mantiene en vilo a Bolivia por contratos adversos","datePublished":"2025-02-12T10:16:42+00:00","mainEntityOfPage":{"@id":"https:\/\/www.eldiario.net\/portal\/2025\/02\/12\/el-litio-mantiene-en-vilo-a-bolivia-por-contratos-adversos\/"},"wordCount":452,"publisher":{"@id":"https:\/\/www.eldiario.net\/portal\/#organization"},"image":{"@id":"https:\/\/www.eldiario.net\/portal\/2025\/02\/12\/el-litio-mantiene-en-vilo-a-bolivia-por-contratos-adversos\/#primaryimage"},"thumbnailUrl":"https:\/\/www.eldiario.net\/portal\/wp-content\/uploads\/2025\/02\/litio-1.jpg","articleSection":["Econom\u00eda"],"inLanguage":"es"},{"@type":"WebPage","@id":"https:\/\/www.eldiario.net\/portal\/2025\/02\/12\/el-litio-mantiene-en-vilo-a-bolivia-por-contratos-adversos\/","url":"https:\/\/www.eldiario.net\/portal\/2025\/02\/12\/el-litio-mantiene-en-vilo-a-bolivia-por-contratos-adversos\/","name":"El Litio mantiene en vilo a Bolivia por contratos adversos - El Diario - Bolivia","isPartOf":{"@id":"https:\/\/www.eldiario.net\/portal\/#website"},"primaryImageOfPage":{"@id":"https:\/\/www.eldiario.net\/portal\/2025\/02\/12\/el-litio-mantiene-en-vilo-a-bolivia-por-contratos-adversos\/#primaryimage"},"image":{"@id":"https:\/\/www.eldiario.net\/portal\/2025\/02\/12\/el-litio-mantiene-en-vilo-a-bolivia-por-contratos-adversos\/#primaryimage"},"thumbnailUrl":"https:\/\/www.eldiario.net\/portal\/wp-content\/uploads\/2025\/02\/litio-1.jpg","datePublished":"2025-02-12T10:16:42+00:00","breadcrumb":{"@id":"https:\/\/www.eldiario.net\/portal\/2025\/02\/12\/el-litio-mantiene-en-vilo-a-bolivia-por-contratos-adversos\/#breadcrumb"},"inLanguage":"es","potentialAction":[{"@type":"ReadAction","target":["https:\/\/www.eldiario.net\/portal\/2025\/02\/12\/el-litio-mantiene-en-vilo-a-bolivia-por-contratos-adversos\/"]}]},{"@type":"ImageObject","inLanguage":"es","@id":"https:\/\/www.eldiario.net\/portal\/2025\/02\/12\/el-litio-mantiene-en-vilo-a-bolivia-por-contratos-adversos\/#primaryimage","url":"https:\/\/www.eldiario.net\/portal\/wp-content\/uploads\/2025\/02\/litio-1.jpg","contentUrl":"https:\/\/www.eldiario.net\/portal\/wp-content\/uploads\/2025\/02\/litio-1.jpg","width":1280,"height":720,"caption":"Trabajando en el salar de Uyuni."},{"@type":"BreadcrumbList","@id":"https:\/\/www.eldiario.net\/portal\/2025\/02\/12\/el-litio-mantiene-en-vilo-a-bolivia-por-contratos-adversos\/#breadcrumb","itemListElement":[{"@type":"ListItem","position":1,"name":"Portada","item":"https:\/\/www.eldiario.net\/portal\/"},{"@type":"ListItem","position":2,"name":"El Litio mantiene en vilo a Bolivia por contratos adversos"}]},{"@type":"WebSite","@id":"https:\/\/www.eldiario.net\/portal\/#website","url":"https:\/\/www.eldiario.net\/portal\/","name":"El Diario - Decano de la prensa nacional","description":"El Diario - Decano de la prensa nacional","publisher":{"@id":"https:\/\/www.eldiario.net\/portal\/#organization"},"potentialAction":[{"@type":"SearchAction","target":{"@type":"EntryPoint","urlTemplate":"https:\/\/www.eldiario.net\/portal\/?s={search_term_string}"},"query-input":{"@type":"PropertyValueSpecification","valueRequired":true,"valueName":"search_term_string"}}],"inLanguage":"es"},{"@type":"Organization","@id":"https:\/\/www.eldiario.net\/portal\/#organization","name":"El Diario - Decano de la prensa nacional","url":"https:\/\/www.eldiario.net\/portal\/","logo":{"@type":"ImageObject","inLanguage":"es","@id":"https:\/\/www.eldiario.net\/portal\/#\/schema\/logo\/image\/","url":"https:\/\/www.eldiario.net\/portal\/wp-content\/uploads\/2023\/07\/logo_ED.jpg","contentUrl":"https:\/\/www.eldiario.net\/portal\/wp-content\/uploads\/2023\/07\/logo_ED.jpg","width":272,"height":52,"caption":"El Diario - Decano de la prensa nacional"},"image":{"@id":"https:\/\/www.eldiario.net\/portal\/#\/schema\/logo\/image\/"},"sameAs":["https:\/\/www.facebook.com\/eldiario.bolivia\/","https:\/\/x.com\/eldiario_net"]},{"@type":"Person","@id":"https:\/\/www.eldiario.net\/portal\/#\/schema\/person\/f46445640444750d7d753ccd04ae01b7","name":"Jeanette","image":{"@type":"ImageObject","inLanguage":"es","@id":"https:\/\/secure.gravatar.com\/avatar\/3ea2118a5f7dad2b7138b1187a6b7ee55f160b9968b66013c3a3ef39dd7e5798?s=96&d=mm&r=g","url":"https:\/\/secure.gravatar.com\/avatar\/3ea2118a5f7dad2b7138b1187a6b7ee55f160b9968b66013c3a3ef39dd7e5798?s=96&d=mm&r=g","contentUrl":"https:\/\/secure.gravatar.com\/avatar\/3ea2118a5f7dad2b7138b1187a6b7ee55f160b9968b66013c3a3ef39dd7e5798?s=96&d=mm&r=g","caption":"Jeanette"},"sameAs":["https:\/\/www.eldiario.net\/portal"],"url":"https:\/\/www.eldiario.net\/portal\/author\/jeanette\/"}]}},"_links":{"self":[{"href":"https:\/\/www.eldiario.net\/portal\/wp-json\/wp\/v2\/posts\/281258","targetHints":{"allow":["GET"]}}],"collection":[{"href":"https:\/\/www.eldiario.net\/portal\/wp-json\/wp\/v2\/posts"}],"about":[{"href":"https:\/\/www.eldiario.net\/portal\/wp-json\/wp\/v2\/types\/post"}],"author":[{"embeddable":true,"href":"https:\/\/www.eldiario.net\/portal\/wp-json\/wp\/v2\/users\/1"}],"replies":[{"embeddable":true,"href":"https:\/\/www.eldiario.net\/portal\/wp-json\/wp\/v2\/comments?post=281258"}],"version-history":[{"count":1,"href":"https:\/\/www.eldiario.net\/portal\/wp-json\/wp\/v2\/posts\/281258\/revisions"}],"predecessor-version":[{"id":281260,"href":"https:\/\/www.eldiario.net\/portal\/wp-json\/wp\/v2\/posts\/281258\/revisions\/281260"}],"wp:featuredmedia":[{"embeddable":true,"href":"https:\/\/www.eldiario.net\/portal\/wp-json\/wp\/v2\/media\/281259"}],"wp:attachment":[{"href":"https:\/\/www.eldiario.net\/portal\/wp-json\/wp\/v2\/media?parent=281258"}],"wp:term":[{"taxonomy":"category","embeddable":true,"href":"https:\/\/www.eldiario.net\/portal\/wp-json\/wp\/v2\/categories?post=281258"},{"taxonomy":"post_tag","embeddable":true,"href":"https:\/\/www.eldiario.net\/portal\/wp-json\/wp\/v2\/tags?post=281258"}],"curies":[{"name":"wp","href":"https:\/\/api.w.org\/{rel}","templated":true}]}}