{"id":281255,"date":"2025-02-12T06:16:15","date_gmt":"2025-02-12T10:16:15","guid":{"rendered":"https:\/\/www.eldiario.net\/portal\/?p=281255"},"modified":"2025-02-12T06:16:15","modified_gmt":"2025-02-12T10:16:15","slug":"suman-rechazos-contra-ds-5327-porque-afectara-flujo-de-empresas","status":"publish","type":"post","link":"https:\/\/www.eldiario.net\/portal\/2025\/02\/12\/suman-rechazos-contra-ds-5327-porque-afectara-flujo-de-empresas\/","title":{"rendered":"Suman rechazos contra DS 5327  porque afectar\u00e1 flujo de empresas"},"content":{"rendered":"<p>La Federaci\u00f3n de Empresarios Privados de La Paz (Feplp), entidad empresarial que representa a los principales sectores de la empresa privada pace\u00f1a, expresa su rechazo a la Disposici\u00f3n Adicional Segunda del Decreto Supremo 5327, emitido el 5 de febrero de 2025, porque su alcance va m\u00e1s all\u00e1 del tratamiento tributario para la contrataci\u00f3n de obras y salidas a\u00e9reas al exterior, afectando a otros sectores de la actividad econ\u00f3mica ya que modifica el DS 21532 que reglamenta el Impuesto a las Transacciones (IT) y atenta contra la seguridad jur\u00eddica tributaria de los contribuyentes sujetos al pago del Impuesto sobre las Utilidades de las Empresas (IUE).<br \/>\n\u201cLa nueva normativa asfixiar\u00e1 a dichos contribuyentes al no poder compensar el pago del IUE, tributo que se debe pagar de forma anual, con la compensaci\u00f3n del IT, obligando a las empresas a realizar pagos del IT en efectivo y al 100% \u2013hasta la fecha de vencimiento\u2013 para poder compensar, afectando su capital de trabajo, su flujo de efectivo y su inversi\u00f3n, mucho m\u00e1s aun en la actual situaci\u00f3n econ\u00f3mica que el pa\u00eds est\u00e1 atravesando\u201d, se\u00f1ala el comunicado de la Feplp.<br \/>\nPor esa raz\u00f3n, los empresarios formales solicitan al Gobierno Central la anulaci\u00f3n del texto que fue a\u00f1adido en el nuevo DS y manifestamos la necesidad de generar pol\u00edticas que incentiven la inversi\u00f3n privada que genera crecimiento econ\u00f3mico y empleo digno.<br \/>\nEl Decreto fue aprobado la semana pasada con el argumento de beneficiar al sector de la construcci\u00f3n y a las l\u00edneas a\u00e9reas, pero en el an\u00e1lisis de los consultores y de empresarios, dicha norma afecta a las empresas.<br \/>\nEl Gobierno indic\u00f3 que el beneficio est\u00e1 intacto y no afecta a las empresas; sin embargo, los emprendedores se\u00f1alan que al indicar el texto de la normativa \u201chasta la fecha de vencimiento\u201d, cambia el esp\u00edritu de la normativa, ya que deber\u00e1n pagar todo para beneficiarse, de lo contrario perder\u00e1n el beneficio.<\/p>\n","protected":false},"excerpt":{"rendered":"<p>La Federaci\u00f3n de Empresarios Privados de La Paz (Feplp), entidad empresarial que representa a los principales sectores de la empresa privada pace\u00f1a, expresa su rechazo a la Disposici\u00f3n Adicional Segunda del Decreto Supremo 5327, emitido el 5 de febrero de 2025, porque su alcance va m\u00e1s all\u00e1 del tratamiento tributario para la contrataci\u00f3n de obras [&hellip;]<\/p>\n","protected":false},"author":1,"featured_media":281256,"comment_status":"closed","ping_status":"open","sticky":false,"template":"","format":"standard","meta":{"_acf_changed":false,"footnotes":""},"categories":[7],"tags":[],"class_list":["post-281255","post","type-post","status-publish","format-standard","has-post-thumbnail","category-economia"],"acf":{"antetitulo":""},"yoast_head":"<!-- This site is optimized with the Yoast SEO plugin v28.4 - https:\/\/yoast.com\/product\/yoast-seo-wordpress\/ -->\n<title>Suman rechazos contra DS 5327 porque afectar\u00e1 flujo de empresas - El Diario - Bolivia<\/title>\n<meta name=\"robots\" content=\"index, follow, max-snippet:-1, max-image-preview:large, max-video-preview:-1\" \/>\n<link rel=\"canonical\" href=\"https:\/\/www.eldiario.net\/portal\/2025\/02\/12\/suman-rechazos-contra-ds-5327-porque-afectara-flujo-de-empresas\/\" \/>\n<meta property=\"og:locale\" content=\"es_ES\" \/>\n<meta property=\"og:type\" content=\"article\" \/>\n<meta property=\"og:title\" content=\"Suman rechazos contra DS 5327 porque afectar\u00e1 flujo de empresas - El Diario - Bolivia\" \/>\n<meta property=\"og:description\" content=\"La Federaci\u00f3n de Empresarios Privados de La Paz (Feplp), entidad empresarial que representa a los principales sectores de la empresa privada pace\u00f1a, expresa su rechazo a la Disposici\u00f3n Adicional Segunda del Decreto Supremo 5327, emitido el 5 de febrero de 2025, porque su alcance va m\u00e1s all\u00e1 del tratamiento tributario para la contrataci\u00f3n de obras [&hellip;]\" \/>\n<meta property=\"og:url\" content=\"https:\/\/www.eldiario.net\/portal\/2025\/02\/12\/suman-rechazos-contra-ds-5327-porque-afectara-flujo-de-empresas\/\" \/>\n<meta property=\"og:site_name\" content=\"El Diario - Bolivia\" \/>\n<meta property=\"article:publisher\" content=\"https:\/\/www.facebook.com\/eldiario.bolivia\/\" \/>\n<meta property=\"article:published_time\" content=\"2025-02-12T10:16:15+00:00\" \/>\n<meta property=\"og:image\" content=\"https:\/\/www.eldiario.net\/portal\/wp-content\/uploads\/2025\/02\/suman.jpg\" \/>\n\t<meta property=\"og:image:width\" content=\"588\" \/>\n\t<meta property=\"og:image:height\" content=\"324\" \/>\n\t<meta property=\"og:image:type\" content=\"image\/jpeg\" \/>\n<meta name=\"author\" content=\"Jeanette\" \/>\n<meta name=\"twitter:card\" content=\"summary_large_image\" \/>\n<meta name=\"twitter:creator\" content=\"@eldiario_net\" \/>\n<meta name=\"twitter:site\" content=\"@eldiario_net\" \/>\n<meta name=\"twitter:label1\" content=\"Escrito por\" \/>\n\t<meta name=\"twitter:data1\" content=\"Jeanette\" \/>\n\t<meta name=\"twitter:label2\" content=\"Tiempo de lectura\" \/>\n\t<meta name=\"twitter:data2\" content=\"2 minutos\" \/>\n<script type=\"application\/ld+json\" class=\"yoast-schema-graph\">{\"@context\":\"https:\\\/\\\/schema.org\",\"@graph\":[{\"@type\":\"Article\",\"@id\":\"https:\\\/\\\/www.eldiario.net\\\/portal\\\/2025\\\/02\\\/12\\\/suman-rechazos-contra-ds-5327-porque-afectara-flujo-de-empresas\\\/#article\",\"isPartOf\":{\"@id\":\"https:\\\/\\\/www.eldiario.net\\\/portal\\\/2025\\\/02\\\/12\\\/suman-rechazos-contra-ds-5327-porque-afectara-flujo-de-empresas\\\/\"},\"author\":{\"name\":\"Jeanette\",\"@id\":\"https:\\\/\\\/www.eldiario.net\\\/portal\\\/#\\\/schema\\\/person\\\/f46445640444750d7d753ccd04ae01b7\"},\"headline\":\"Suman rechazos contra DS 5327 porque afectar\u00e1 flujo de empresas\",\"datePublished\":\"2025-02-12T10:16:15+00:00\",\"mainEntityOfPage\":{\"@id\":\"https:\\\/\\\/www.eldiario.net\\\/portal\\\/2025\\\/02\\\/12\\\/suman-rechazos-contra-ds-5327-porque-afectara-flujo-de-empresas\\\/\"},\"wordCount\":347,\"publisher\":{\"@id\":\"https:\\\/\\\/www.eldiario.net\\\/portal\\\/#organization\"},\"image\":{\"@id\":\"https:\\\/\\\/www.eldiario.net\\\/portal\\\/2025\\\/02\\\/12\\\/suman-rechazos-contra-ds-5327-porque-afectara-flujo-de-empresas\\\/#primaryimage\"},\"thumbnailUrl\":\"https:\\\/\\\/www.eldiario.net\\\/portal\\\/wp-content\\\/uploads\\\/2025\\\/02\\\/suman.jpg\",\"articleSection\":[\"Econom\u00eda\"],\"inLanguage\":\"es\"},{\"@type\":\"WebPage\",\"@id\":\"https:\\\/\\\/www.eldiario.net\\\/portal\\\/2025\\\/02\\\/12\\\/suman-rechazos-contra-ds-5327-porque-afectara-flujo-de-empresas\\\/\",\"url\":\"https:\\\/\\\/www.eldiario.net\\\/portal\\\/2025\\\/02\\\/12\\\/suman-rechazos-contra-ds-5327-porque-afectara-flujo-de-empresas\\\/\",\"name\":\"Suman rechazos contra DS 5327 porque afectar\u00e1 flujo de empresas - El Diario - Bolivia\",\"isPartOf\":{\"@id\":\"https:\\\/\\\/www.eldiario.net\\\/portal\\\/#website\"},\"primaryImageOfPage\":{\"@id\":\"https:\\\/\\\/www.eldiario.net\\\/portal\\\/2025\\\/02\\\/12\\\/suman-rechazos-contra-ds-5327-porque-afectara-flujo-de-empresas\\\/#primaryimage\"},\"image\":{\"@id\":\"https:\\\/\\\/www.eldiario.net\\\/portal\\\/2025\\\/02\\\/12\\\/suman-rechazos-contra-ds-5327-porque-afectara-flujo-de-empresas\\\/#primaryimage\"},\"thumbnailUrl\":\"https:\\\/\\\/www.eldiario.net\\\/portal\\\/wp-content\\\/uploads\\\/2025\\\/02\\\/suman.jpg\",\"datePublished\":\"2025-02-12T10:16:15+00:00\",\"breadcrumb\":{\"@id\":\"https:\\\/\\\/www.eldiario.net\\\/portal\\\/2025\\\/02\\\/12\\\/suman-rechazos-contra-ds-5327-porque-afectara-flujo-de-empresas\\\/#breadcrumb\"},\"inLanguage\":\"es\",\"potentialAction\":[{\"@type\":\"ReadAction\",\"target\":[\"https:\\\/\\\/www.eldiario.net\\\/portal\\\/2025\\\/02\\\/12\\\/suman-rechazos-contra-ds-5327-porque-afectara-flujo-de-empresas\\\/\"]}]},{\"@type\":\"ImageObject\",\"inLanguage\":\"es\",\"@id\":\"https:\\\/\\\/www.eldiario.net\\\/portal\\\/2025\\\/02\\\/12\\\/suman-rechazos-contra-ds-5327-porque-afectara-flujo-de-empresas\\\/#primaryimage\",\"url\":\"https:\\\/\\\/www.eldiario.net\\\/portal\\\/wp-content\\\/uploads\\\/2025\\\/02\\\/suman.jpg\",\"contentUrl\":\"https:\\\/\\\/www.eldiario.net\\\/portal\\\/wp-content\\\/uploads\\\/2025\\\/02\\\/suman.jpg\",\"width\":588,\"height\":324,\"caption\":\"las actividades agroindustriales observan la normativa, Como otros sectores.\"},{\"@type\":\"BreadcrumbList\",\"@id\":\"https:\\\/\\\/www.eldiario.net\\\/portal\\\/2025\\\/02\\\/12\\\/suman-rechazos-contra-ds-5327-porque-afectara-flujo-de-empresas\\\/#breadcrumb\",\"itemListElement\":[{\"@type\":\"ListItem\",\"position\":1,\"name\":\"Portada\",\"item\":\"https:\\\/\\\/www.eldiario.net\\\/portal\\\/\"},{\"@type\":\"ListItem\",\"position\":2,\"name\":\"Suman rechazos contra DS 5327 porque afectar\u00e1 flujo de empresas\"}]},{\"@type\":\"WebSite\",\"@id\":\"https:\\\/\\\/www.eldiario.net\\\/portal\\\/#website\",\"url\":\"https:\\\/\\\/www.eldiario.net\\\/portal\\\/\",\"name\":\"El Diario - Decano de la prensa nacional\",\"description\":\"El Diario - Decano de la prensa nacional\",\"publisher\":{\"@id\":\"https:\\\/\\\/www.eldiario.net\\\/portal\\\/#organization\"},\"potentialAction\":[{\"@type\":\"SearchAction\",\"target\":{\"@type\":\"EntryPoint\",\"urlTemplate\":\"https:\\\/\\\/www.eldiario.net\\\/portal\\\/?s={search_term_string}\"},\"query-input\":{\"@type\":\"PropertyValueSpecification\",\"valueRequired\":true,\"valueName\":\"search_term_string\"}}],\"inLanguage\":\"es\"},{\"@type\":\"Organization\",\"@id\":\"https:\\\/\\\/www.eldiario.net\\\/portal\\\/#organization\",\"name\":\"El Diario - Decano de la prensa nacional\",\"url\":\"https:\\\/\\\/www.eldiario.net\\\/portal\\\/\",\"logo\":{\"@type\":\"ImageObject\",\"inLanguage\":\"es\",\"@id\":\"https:\\\/\\\/www.eldiario.net\\\/portal\\\/#\\\/schema\\\/logo\\\/image\\\/\",\"url\":\"https:\\\/\\\/www.eldiario.net\\\/portal\\\/wp-content\\\/uploads\\\/2023\\\/07\\\/logo_ED.jpg\",\"contentUrl\":\"https:\\\/\\\/www.eldiario.net\\\/portal\\\/wp-content\\\/uploads\\\/2023\\\/07\\\/logo_ED.jpg\",\"width\":272,\"height\":52,\"caption\":\"El Diario - Decano de la prensa nacional\"},\"image\":{\"@id\":\"https:\\\/\\\/www.eldiario.net\\\/portal\\\/#\\\/schema\\\/logo\\\/image\\\/\"},\"sameAs\":[\"https:\\\/\\\/www.facebook.com\\\/eldiario.bolivia\\\/\",\"https:\\\/\\\/x.com\\\/eldiario_net\"]},{\"@type\":\"Person\",\"@id\":\"https:\\\/\\\/www.eldiario.net\\\/portal\\\/#\\\/schema\\\/person\\\/f46445640444750d7d753ccd04ae01b7\",\"name\":\"Jeanette\",\"image\":{\"@type\":\"ImageObject\",\"inLanguage\":\"es\",\"@id\":\"https:\\\/\\\/secure.gravatar.com\\\/avatar\\\/3ea2118a5f7dad2b7138b1187a6b7ee55f160b9968b66013c3a3ef39dd7e5798?s=96&d=mm&r=g\",\"url\":\"https:\\\/\\\/secure.gravatar.com\\\/avatar\\\/3ea2118a5f7dad2b7138b1187a6b7ee55f160b9968b66013c3a3ef39dd7e5798?s=96&d=mm&r=g\",\"contentUrl\":\"https:\\\/\\\/secure.gravatar.com\\\/avatar\\\/3ea2118a5f7dad2b7138b1187a6b7ee55f160b9968b66013c3a3ef39dd7e5798?s=96&d=mm&r=g\",\"caption\":\"Jeanette\"},\"sameAs\":[\"https:\\\/\\\/www.eldiario.net\\\/portal\"],\"url\":\"https:\\\/\\\/www.eldiario.net\\\/portal\\\/author\\\/jeanette\\\/\"}]}<\/script>\n<!-- \/ Yoast SEO plugin. -->","yoast_head_json":{"title":"Suman rechazos contra DS 5327 porque afectar\u00e1 flujo de empresas - El Diario - Bolivia","robots":{"index":"index","follow":"follow","max-snippet":"max-snippet:-1","max-image-preview":"max-image-preview:large","max-video-preview":"max-video-preview:-1"},"canonical":"https:\/\/www.eldiario.net\/portal\/2025\/02\/12\/suman-rechazos-contra-ds-5327-porque-afectara-flujo-de-empresas\/","og_locale":"es_ES","og_type":"article","og_title":"Suman rechazos contra DS 5327 porque afectar\u00e1 flujo de empresas - El Diario - Bolivia","og_description":"La Federaci\u00f3n de Empresarios Privados de La Paz (Feplp), entidad empresarial que representa a los principales sectores de la empresa privada pace\u00f1a, expresa su rechazo a la Disposici\u00f3n Adicional Segunda del Decreto Supremo 5327, emitido el 5 de febrero de 2025, porque su alcance va m\u00e1s all\u00e1 del tratamiento tributario para la contrataci\u00f3n de obras [&hellip;]","og_url":"https:\/\/www.eldiario.net\/portal\/2025\/02\/12\/suman-rechazos-contra-ds-5327-porque-afectara-flujo-de-empresas\/","og_site_name":"El Diario - Bolivia","article_publisher":"https:\/\/www.facebook.com\/eldiario.bolivia\/","article_published_time":"2025-02-12T10:16:15+00:00","og_image":[{"width":588,"height":324,"url":"https:\/\/www.eldiario.net\/portal\/wp-content\/uploads\/2025\/02\/suman.jpg","type":"image\/jpeg"}],"author":"Jeanette","twitter_card":"summary_large_image","twitter_creator":"@eldiario_net","twitter_site":"@eldiario_net","twitter_misc":{"Escrito por":"Jeanette","Tiempo de lectura":"2 minutos"},"schema":{"@context":"https:\/\/schema.org","@graph":[{"@type":"Article","@id":"https:\/\/www.eldiario.net\/portal\/2025\/02\/12\/suman-rechazos-contra-ds-5327-porque-afectara-flujo-de-empresas\/#article","isPartOf":{"@id":"https:\/\/www.eldiario.net\/portal\/2025\/02\/12\/suman-rechazos-contra-ds-5327-porque-afectara-flujo-de-empresas\/"},"author":{"name":"Jeanette","@id":"https:\/\/www.eldiario.net\/portal\/#\/schema\/person\/f46445640444750d7d753ccd04ae01b7"},"headline":"Suman rechazos contra DS 5327 porque afectar\u00e1 flujo de empresas","datePublished":"2025-02-12T10:16:15+00:00","mainEntityOfPage":{"@id":"https:\/\/www.eldiario.net\/portal\/2025\/02\/12\/suman-rechazos-contra-ds-5327-porque-afectara-flujo-de-empresas\/"},"wordCount":347,"publisher":{"@id":"https:\/\/www.eldiario.net\/portal\/#organization"},"image":{"@id":"https:\/\/www.eldiario.net\/portal\/2025\/02\/12\/suman-rechazos-contra-ds-5327-porque-afectara-flujo-de-empresas\/#primaryimage"},"thumbnailUrl":"https:\/\/www.eldiario.net\/portal\/wp-content\/uploads\/2025\/02\/suman.jpg","articleSection":["Econom\u00eda"],"inLanguage":"es"},{"@type":"WebPage","@id":"https:\/\/www.eldiario.net\/portal\/2025\/02\/12\/suman-rechazos-contra-ds-5327-porque-afectara-flujo-de-empresas\/","url":"https:\/\/www.eldiario.net\/portal\/2025\/02\/12\/suman-rechazos-contra-ds-5327-porque-afectara-flujo-de-empresas\/","name":"Suman rechazos contra DS 5327 porque afectar\u00e1 flujo de empresas - El Diario - Bolivia","isPartOf":{"@id":"https:\/\/www.eldiario.net\/portal\/#website"},"primaryImageOfPage":{"@id":"https:\/\/www.eldiario.net\/portal\/2025\/02\/12\/suman-rechazos-contra-ds-5327-porque-afectara-flujo-de-empresas\/#primaryimage"},"image":{"@id":"https:\/\/www.eldiario.net\/portal\/2025\/02\/12\/suman-rechazos-contra-ds-5327-porque-afectara-flujo-de-empresas\/#primaryimage"},"thumbnailUrl":"https:\/\/www.eldiario.net\/portal\/wp-content\/uploads\/2025\/02\/suman.jpg","datePublished":"2025-02-12T10:16:15+00:00","breadcrumb":{"@id":"https:\/\/www.eldiario.net\/portal\/2025\/02\/12\/suman-rechazos-contra-ds-5327-porque-afectara-flujo-de-empresas\/#breadcrumb"},"inLanguage":"es","potentialAction":[{"@type":"ReadAction","target":["https:\/\/www.eldiario.net\/portal\/2025\/02\/12\/suman-rechazos-contra-ds-5327-porque-afectara-flujo-de-empresas\/"]}]},{"@type":"ImageObject","inLanguage":"es","@id":"https:\/\/www.eldiario.net\/portal\/2025\/02\/12\/suman-rechazos-contra-ds-5327-porque-afectara-flujo-de-empresas\/#primaryimage","url":"https:\/\/www.eldiario.net\/portal\/wp-content\/uploads\/2025\/02\/suman.jpg","contentUrl":"https:\/\/www.eldiario.net\/portal\/wp-content\/uploads\/2025\/02\/suman.jpg","width":588,"height":324,"caption":"las actividades agroindustriales observan la normativa, Como otros sectores."},{"@type":"BreadcrumbList","@id":"https:\/\/www.eldiario.net\/portal\/2025\/02\/12\/suman-rechazos-contra-ds-5327-porque-afectara-flujo-de-empresas\/#breadcrumb","itemListElement":[{"@type":"ListItem","position":1,"name":"Portada","item":"https:\/\/www.eldiario.net\/portal\/"},{"@type":"ListItem","position":2,"name":"Suman rechazos contra DS 5327 porque afectar\u00e1 flujo de empresas"}]},{"@type":"WebSite","@id":"https:\/\/www.eldiario.net\/portal\/#website","url":"https:\/\/www.eldiario.net\/portal\/","name":"El Diario - Decano de la prensa nacional","description":"El Diario - Decano de la prensa nacional","publisher":{"@id":"https:\/\/www.eldiario.net\/portal\/#organization"},"potentialAction":[{"@type":"SearchAction","target":{"@type":"EntryPoint","urlTemplate":"https:\/\/www.eldiario.net\/portal\/?s={search_term_string}"},"query-input":{"@type":"PropertyValueSpecification","valueRequired":true,"valueName":"search_term_string"}}],"inLanguage":"es"},{"@type":"Organization","@id":"https:\/\/www.eldiario.net\/portal\/#organization","name":"El Diario - Decano de la prensa nacional","url":"https:\/\/www.eldiario.net\/portal\/","logo":{"@type":"ImageObject","inLanguage":"es","@id":"https:\/\/www.eldiario.net\/portal\/#\/schema\/logo\/image\/","url":"https:\/\/www.eldiario.net\/portal\/wp-content\/uploads\/2023\/07\/logo_ED.jpg","contentUrl":"https:\/\/www.eldiario.net\/portal\/wp-content\/uploads\/2023\/07\/logo_ED.jpg","width":272,"height":52,"caption":"El Diario - Decano de la prensa nacional"},"image":{"@id":"https:\/\/www.eldiario.net\/portal\/#\/schema\/logo\/image\/"},"sameAs":["https:\/\/www.facebook.com\/eldiario.bolivia\/","https:\/\/x.com\/eldiario_net"]},{"@type":"Person","@id":"https:\/\/www.eldiario.net\/portal\/#\/schema\/person\/f46445640444750d7d753ccd04ae01b7","name":"Jeanette","image":{"@type":"ImageObject","inLanguage":"es","@id":"https:\/\/secure.gravatar.com\/avatar\/3ea2118a5f7dad2b7138b1187a6b7ee55f160b9968b66013c3a3ef39dd7e5798?s=96&d=mm&r=g","url":"https:\/\/secure.gravatar.com\/avatar\/3ea2118a5f7dad2b7138b1187a6b7ee55f160b9968b66013c3a3ef39dd7e5798?s=96&d=mm&r=g","contentUrl":"https:\/\/secure.gravatar.com\/avatar\/3ea2118a5f7dad2b7138b1187a6b7ee55f160b9968b66013c3a3ef39dd7e5798?s=96&d=mm&r=g","caption":"Jeanette"},"sameAs":["https:\/\/www.eldiario.net\/portal"],"url":"https:\/\/www.eldiario.net\/portal\/author\/jeanette\/"}]}},"_links":{"self":[{"href":"https:\/\/www.eldiario.net\/portal\/wp-json\/wp\/v2\/posts\/281255","targetHints":{"allow":["GET"]}}],"collection":[{"href":"https:\/\/www.eldiario.net\/portal\/wp-json\/wp\/v2\/posts"}],"about":[{"href":"https:\/\/www.eldiario.net\/portal\/wp-json\/wp\/v2\/types\/post"}],"author":[{"embeddable":true,"href":"https:\/\/www.eldiario.net\/portal\/wp-json\/wp\/v2\/users\/1"}],"replies":[{"embeddable":true,"href":"https:\/\/www.eldiario.net\/portal\/wp-json\/wp\/v2\/comments?post=281255"}],"version-history":[{"count":1,"href":"https:\/\/www.eldiario.net\/portal\/wp-json\/wp\/v2\/posts\/281255\/revisions"}],"predecessor-version":[{"id":281257,"href":"https:\/\/www.eldiario.net\/portal\/wp-json\/wp\/v2\/posts\/281255\/revisions\/281257"}],"wp:featuredmedia":[{"embeddable":true,"href":"https:\/\/www.eldiario.net\/portal\/wp-json\/wp\/v2\/media\/281256"}],"wp:attachment":[{"href":"https:\/\/www.eldiario.net\/portal\/wp-json\/wp\/v2\/media?parent=281255"}],"wp:term":[{"taxonomy":"category","embeddable":true,"href":"https:\/\/www.eldiario.net\/portal\/wp-json\/wp\/v2\/categories?post=281255"},{"taxonomy":"post_tag","embeddable":true,"href":"https:\/\/www.eldiario.net\/portal\/wp-json\/wp\/v2\/tags?post=281255"}],"curies":[{"name":"wp","href":"https:\/\/api.w.org\/{rel}","templated":true}]}}