{"id":281253,"date":"2025-02-12T06:15:34","date_gmt":"2025-02-12T10:15:34","guid":{"rendered":"https:\/\/www.eldiario.net\/portal\/?p=281253"},"modified":"2025-02-12T06:15:34","modified_gmt":"2025-02-12T10:15:34","slug":"oruro-construye-un-nuevo-futuro","status":"publish","type":"post","link":"https:\/\/www.eldiario.net\/portal\/2025\/02\/12\/oruro-construye-un-nuevo-futuro\/","title":{"rendered":"Oruro construye un nuevo futuro"},"content":{"rendered":"<p>Oruro es una de las regiones con mayor potencial econ\u00f3mico de nuestro pa\u00eds. Heredero de una rica historia, un legado cultural invaluable y un futuro lleno de desaf\u00edos y oportunidades, ha padecido en el \u00faltimo siglo, los efectos de pol\u00edticas p\u00fablicas err\u00e1ticas, dependencia del extractivismo y ausencia de proyectos de desarrollo sostenibles que, sin embargo, no han doblegado el esp\u00edritu emprendedor, creativo y resiliente de sus habitantes.<br \/>\nCon una poblaci\u00f3n de 570.000 habitantes y una extensi\u00f3n de 53.588 Km2, en 2023 Oruro aport\u00f3 con el 5% al PIB nacional y con 3.21% al PIB industrial, ambos indicadores por debajo de la media nacional. Seg\u00fan datos del INE, a noviembre de 2024 alcanz\u00f3 los 577 millones de d\u00f3lares en exportaciones, aunque en los \u00faltimos 10 a\u00f1os su saldo comercial fue negativo. En miner\u00eda destaca la producci\u00f3n y comercializaci\u00f3n de zinc, esta\u00f1o, plomo, antimonio y plata, mientras que, en agricultura, su producto m\u00e1s relevante es la quinua, que en 2024 le produjo ingresos por 69 millones de d\u00f3lares, seg\u00fan datos del IBCE.<br \/>\nOruro representa de manera descarnada, la paradoja del desarrollo que marc\u00f3 a nuestro pa\u00eds en sus dos siglos de existencia. Pese a que guarda en su territorio inconmensurables riquezas, a\u00fan presenta niveles de pobreza inaceptables, crecimiento insuficiente, informalidad cr\u00f3nica y una continua migraci\u00f3n que implica, sobre todo, la p\u00e9rdida progresiva de su capital humano.<br \/>\nDesde mi responsabilidad, como Presidente de la Confederaci\u00f3n de Empresarios Privados de Bolivia hace poco m\u00e1s de un lustro, he conocido de cerca las capacidades no desarrolladas en Oruro por falta de apoyo, escasa inversi\u00f3n, inseguridad jur\u00eddica e inestabilidad pol\u00edtica, que se tradujeron siempre en proyectos inconclusos, planes frustrados y promesas incumplidas. Pero tambi\u00e9n pude evidenciar su gran potencialidad para generar riqueza y bienestar.<br \/>\nLa recuperaci\u00f3n del liderazgo mundial en la exportaci\u00f3n de la quinua, sigue siendo una alternativa econ\u00f3mica viable por sus caracter\u00edsticas singulares de adaptaci\u00f3n clim\u00e1tica, bajos requerimiento de insumos, demanda global en aumento, certificaci\u00f3n org\u00e1nica y posibilidad de desarrollo de productos derivados. Estudios especializados han concluido que el departamento tiene la capacidad de quintuplicar su producci\u00f3n, estimada hoy en m\u00e1s de 30.000 toneladas, lo que le reportar\u00eda ingresos superiores a los 300 millones de d\u00f3lares anuales.<br \/>\nLa puesta en marcha de plantas para la producci\u00f3n de hidrogeno verde es otra opci\u00f3n altamente factible y rentable debido a las condiciones de radiaci\u00f3n solar, altura, topograf\u00eda y ausencia de factores que impidan los procesos de producci\u00f3n y transporte. La demanda de esta fuente de energ\u00eda est\u00e1 en aumento, impulsada por la necesidad de descarbonizar sectores industriales y del transporte.<br \/>\nLa planta de zinc, dise\u00f1ada para la recuperaci\u00f3n y procesamiento de este mineral, es uno de los proyectos cruciales para el desarrollo de la regi\u00f3n. La obra que ya tiene financiamiento chino, podr\u00e1 procesar 65.000 toneladas de zinc met\u00e1lico al a\u00f1o, y generar ingresos cercanos a los 200 millones de d\u00f3lares anuales. Urge que Oruro asuma el control de la implementaci\u00f3n de la Planta y se involucre directamente en sus operaciones y su administraci\u00f3n, para evitar la deficiencia y poca transparencia que caracterizan a las empresas p\u00fablicas.<br \/>\nAdem\u00e1s de los temas mencionados, Oruro tiene potencial de generaci\u00f3n de riqueza importante con la implementaci\u00f3n de las plantas de litio en el salar de Coipasa, cuyas reservas son estimadas en 1,85 millones de toneladas, el fortalecimiento del turismo y del comercio internacional, la implementaci\u00f3n del Puerto Seco, una infraestructura que operar\u00e1 como recinto aduanero y almacenamiento de carga para exportaci\u00f3n.<br \/>\nAunque los orure\u00f1os tienen motivos de preocupaci\u00f3n, tambi\u00e9n los tienen para celebrar la esperanza y la fortaleza de sus hijos, en cuyas manos est\u00e1 la construcci\u00f3n de una regi\u00f3n con m\u00e1s desarrollo, justicia y bienestar. Desde este espacio env\u00edo mi m\u00e1s sentido homenaje a esta tierra generosa y valiente que merece un futuro de prosperidad y libertad.<\/p>\n<p>El autor es Industrial y ex Presidente de la Confederaci\u00f3n de Empresarios Privados de Bolivia.<\/p>\n","protected":false},"excerpt":{"rendered":"<p>Oruro es una de las regiones con mayor potencial econ\u00f3mico de nuestro pa\u00eds. Heredero de una rica historia, un legado cultural invaluable y un futuro lleno de desaf\u00edos y oportunidades, ha padecido en el \u00faltimo siglo, los efectos de pol\u00edticas p\u00fablicas err\u00e1ticas, dependencia del extractivismo y ausencia de proyectos de desarrollo sostenibles que, sin embargo, [&hellip;]<\/p>\n","protected":false},"author":1,"featured_media":188324,"comment_status":"closed","ping_status":"open","sticky":false,"template":"","format":"standard","meta":{"_acf_changed":false,"footnotes":""},"categories":[9],"tags":[],"class_list":["post-281253","post","type-post","status-publish","format-standard","has-post-thumbnail","category-opinion"],"acf":{"antetitulo":""},"yoast_head":"<!-- This site is optimized with the Yoast SEO plugin v28.4 - https:\/\/yoast.com\/product\/yoast-seo-wordpress\/ -->\n<title>Oruro construye un nuevo futuro - El Diario - Bolivia<\/title>\n<meta name=\"robots\" content=\"index, follow, max-snippet:-1, max-image-preview:large, max-video-preview:-1\" \/>\n<link rel=\"canonical\" href=\"https:\/\/www.eldiario.net\/portal\/2025\/02\/12\/oruro-construye-un-nuevo-futuro\/\" \/>\n<meta property=\"og:locale\" content=\"es_ES\" \/>\n<meta property=\"og:type\" content=\"article\" \/>\n<meta property=\"og:title\" content=\"Oruro construye un nuevo futuro - El Diario - Bolivia\" \/>\n<meta property=\"og:description\" content=\"Oruro es una de las regiones con mayor potencial econ\u00f3mico de nuestro pa\u00eds. Heredero de una rica historia, un legado cultural invaluable y un futuro lleno de desaf\u00edos y oportunidades, ha padecido en el \u00faltimo siglo, los efectos de pol\u00edticas p\u00fablicas err\u00e1ticas, dependencia del extractivismo y ausencia de proyectos de desarrollo sostenibles que, sin embargo, [&hellip;]\" \/>\n<meta property=\"og:url\" content=\"https:\/\/www.eldiario.net\/portal\/2025\/02\/12\/oruro-construye-un-nuevo-futuro\/\" \/>\n<meta property=\"og:site_name\" content=\"El Diario - Bolivia\" \/>\n<meta property=\"article:publisher\" content=\"https:\/\/www.facebook.com\/eldiario.bolivia\/\" \/>\n<meta property=\"article:published_time\" content=\"2025-02-12T10:15:34+00:00\" \/>\n<meta property=\"og:image\" content=\"https:\/\/www.eldiario.net\/portal\/wp-content\/uploads\/2023\/11\/Ronald-Nostas-Ardaya.jpg\" \/>\n\t<meta property=\"og:image:width\" content=\"1200\" \/>\n\t<meta property=\"og:image:height\" content=\"628\" \/>\n\t<meta property=\"og:image:type\" content=\"image\/jpeg\" \/>\n<meta name=\"author\" content=\"Jeanette\" \/>\n<meta name=\"twitter:card\" content=\"summary_large_image\" \/>\n<meta name=\"twitter:creator\" content=\"@eldiario_net\" \/>\n<meta name=\"twitter:site\" content=\"@eldiario_net\" \/>\n<meta name=\"twitter:label1\" content=\"Escrito por\" \/>\n\t<meta name=\"twitter:data1\" content=\"Jeanette\" \/>\n\t<meta name=\"twitter:label2\" content=\"Tiempo de lectura\" \/>\n\t<meta name=\"twitter:data2\" content=\"4 minutos\" \/>\n<script type=\"application\/ld+json\" class=\"yoast-schema-graph\">{\"@context\":\"https:\\\/\\\/schema.org\",\"@graph\":[{\"@type\":\"Article\",\"@id\":\"https:\\\/\\\/www.eldiario.net\\\/portal\\\/2025\\\/02\\\/12\\\/oruro-construye-un-nuevo-futuro\\\/#article\",\"isPartOf\":{\"@id\":\"https:\\\/\\\/www.eldiario.net\\\/portal\\\/2025\\\/02\\\/12\\\/oruro-construye-un-nuevo-futuro\\\/\"},\"author\":{\"name\":\"Jeanette\",\"@id\":\"https:\\\/\\\/www.eldiario.net\\\/portal\\\/#\\\/schema\\\/person\\\/f46445640444750d7d753ccd04ae01b7\"},\"headline\":\"Oruro construye un nuevo futuro\",\"datePublished\":\"2025-02-12T10:15:34+00:00\",\"mainEntityOfPage\":{\"@id\":\"https:\\\/\\\/www.eldiario.net\\\/portal\\\/2025\\\/02\\\/12\\\/oruro-construye-un-nuevo-futuro\\\/\"},\"wordCount\":705,\"publisher\":{\"@id\":\"https:\\\/\\\/www.eldiario.net\\\/portal\\\/#organization\"},\"image\":{\"@id\":\"https:\\\/\\\/www.eldiario.net\\\/portal\\\/2025\\\/02\\\/12\\\/oruro-construye-un-nuevo-futuro\\\/#primaryimage\"},\"thumbnailUrl\":\"https:\\\/\\\/www.eldiario.net\\\/portal\\\/wp-content\\\/uploads\\\/2023\\\/11\\\/Ronald-Nostas-Ardaya.jpg\",\"articleSection\":[\"Opini\u00f3n\"],\"inLanguage\":\"es\"},{\"@type\":\"WebPage\",\"@id\":\"https:\\\/\\\/www.eldiario.net\\\/portal\\\/2025\\\/02\\\/12\\\/oruro-construye-un-nuevo-futuro\\\/\",\"url\":\"https:\\\/\\\/www.eldiario.net\\\/portal\\\/2025\\\/02\\\/12\\\/oruro-construye-un-nuevo-futuro\\\/\",\"name\":\"Oruro construye un nuevo futuro - El Diario - Bolivia\",\"isPartOf\":{\"@id\":\"https:\\\/\\\/www.eldiario.net\\\/portal\\\/#website\"},\"primaryImageOfPage\":{\"@id\":\"https:\\\/\\\/www.eldiario.net\\\/portal\\\/2025\\\/02\\\/12\\\/oruro-construye-un-nuevo-futuro\\\/#primaryimage\"},\"image\":{\"@id\":\"https:\\\/\\\/www.eldiario.net\\\/portal\\\/2025\\\/02\\\/12\\\/oruro-construye-un-nuevo-futuro\\\/#primaryimage\"},\"thumbnailUrl\":\"https:\\\/\\\/www.eldiario.net\\\/portal\\\/wp-content\\\/uploads\\\/2023\\\/11\\\/Ronald-Nostas-Ardaya.jpg\",\"datePublished\":\"2025-02-12T10:15:34+00:00\",\"breadcrumb\":{\"@id\":\"https:\\\/\\\/www.eldiario.net\\\/portal\\\/2025\\\/02\\\/12\\\/oruro-construye-un-nuevo-futuro\\\/#breadcrumb\"},\"inLanguage\":\"es\",\"potentialAction\":[{\"@type\":\"ReadAction\",\"target\":[\"https:\\\/\\\/www.eldiario.net\\\/portal\\\/2025\\\/02\\\/12\\\/oruro-construye-un-nuevo-futuro\\\/\"]}]},{\"@type\":\"ImageObject\",\"inLanguage\":\"es\",\"@id\":\"https:\\\/\\\/www.eldiario.net\\\/portal\\\/2025\\\/02\\\/12\\\/oruro-construye-un-nuevo-futuro\\\/#primaryimage\",\"url\":\"https:\\\/\\\/www.eldiario.net\\\/portal\\\/wp-content\\\/uploads\\\/2023\\\/11\\\/Ronald-Nostas-Ardaya.jpg\",\"contentUrl\":\"https:\\\/\\\/www.eldiario.net\\\/portal\\\/wp-content\\\/uploads\\\/2023\\\/11\\\/Ronald-Nostas-Ardaya.jpg\",\"width\":1200,\"height\":628,\"caption\":\"Ronald Nostas Ardaya\"},{\"@type\":\"BreadcrumbList\",\"@id\":\"https:\\\/\\\/www.eldiario.net\\\/portal\\\/2025\\\/02\\\/12\\\/oruro-construye-un-nuevo-futuro\\\/#breadcrumb\",\"itemListElement\":[{\"@type\":\"ListItem\",\"position\":1,\"name\":\"Portada\",\"item\":\"https:\\\/\\\/www.eldiario.net\\\/portal\\\/\"},{\"@type\":\"ListItem\",\"position\":2,\"name\":\"Oruro construye un nuevo futuro\"}]},{\"@type\":\"WebSite\",\"@id\":\"https:\\\/\\\/www.eldiario.net\\\/portal\\\/#website\",\"url\":\"https:\\\/\\\/www.eldiario.net\\\/portal\\\/\",\"name\":\"El Diario - Decano de la prensa nacional\",\"description\":\"El Diario - Decano de la prensa nacional\",\"publisher\":{\"@id\":\"https:\\\/\\\/www.eldiario.net\\\/portal\\\/#organization\"},\"potentialAction\":[{\"@type\":\"SearchAction\",\"target\":{\"@type\":\"EntryPoint\",\"urlTemplate\":\"https:\\\/\\\/www.eldiario.net\\\/portal\\\/?s={search_term_string}\"},\"query-input\":{\"@type\":\"PropertyValueSpecification\",\"valueRequired\":true,\"valueName\":\"search_term_string\"}}],\"inLanguage\":\"es\"},{\"@type\":\"Organization\",\"@id\":\"https:\\\/\\\/www.eldiario.net\\\/portal\\\/#organization\",\"name\":\"El Diario - Decano de la prensa nacional\",\"url\":\"https:\\\/\\\/www.eldiario.net\\\/portal\\\/\",\"logo\":{\"@type\":\"ImageObject\",\"inLanguage\":\"es\",\"@id\":\"https:\\\/\\\/www.eldiario.net\\\/portal\\\/#\\\/schema\\\/logo\\\/image\\\/\",\"url\":\"https:\\\/\\\/www.eldiario.net\\\/portal\\\/wp-content\\\/uploads\\\/2023\\\/07\\\/logo_ED.jpg\",\"contentUrl\":\"https:\\\/\\\/www.eldiario.net\\\/portal\\\/wp-content\\\/uploads\\\/2023\\\/07\\\/logo_ED.jpg\",\"width\":272,\"height\":52,\"caption\":\"El Diario - Decano de la prensa nacional\"},\"image\":{\"@id\":\"https:\\\/\\\/www.eldiario.net\\\/portal\\\/#\\\/schema\\\/logo\\\/image\\\/\"},\"sameAs\":[\"https:\\\/\\\/www.facebook.com\\\/eldiario.bolivia\\\/\",\"https:\\\/\\\/x.com\\\/eldiario_net\"]},{\"@type\":\"Person\",\"@id\":\"https:\\\/\\\/www.eldiario.net\\\/portal\\\/#\\\/schema\\\/person\\\/f46445640444750d7d753ccd04ae01b7\",\"name\":\"Jeanette\",\"image\":{\"@type\":\"ImageObject\",\"inLanguage\":\"es\",\"@id\":\"https:\\\/\\\/secure.gravatar.com\\\/avatar\\\/3ea2118a5f7dad2b7138b1187a6b7ee55f160b9968b66013c3a3ef39dd7e5798?s=96&d=mm&r=g\",\"url\":\"https:\\\/\\\/secure.gravatar.com\\\/avatar\\\/3ea2118a5f7dad2b7138b1187a6b7ee55f160b9968b66013c3a3ef39dd7e5798?s=96&d=mm&r=g\",\"contentUrl\":\"https:\\\/\\\/secure.gravatar.com\\\/avatar\\\/3ea2118a5f7dad2b7138b1187a6b7ee55f160b9968b66013c3a3ef39dd7e5798?s=96&d=mm&r=g\",\"caption\":\"Jeanette\"},\"sameAs\":[\"https:\\\/\\\/www.eldiario.net\\\/portal\"],\"url\":\"https:\\\/\\\/www.eldiario.net\\\/portal\\\/author\\\/jeanette\\\/\"}]}<\/script>\n<!-- \/ Yoast SEO plugin. -->","yoast_head_json":{"title":"Oruro construye un nuevo futuro - El Diario - Bolivia","robots":{"index":"index","follow":"follow","max-snippet":"max-snippet:-1","max-image-preview":"max-image-preview:large","max-video-preview":"max-video-preview:-1"},"canonical":"https:\/\/www.eldiario.net\/portal\/2025\/02\/12\/oruro-construye-un-nuevo-futuro\/","og_locale":"es_ES","og_type":"article","og_title":"Oruro construye un nuevo futuro - El Diario - Bolivia","og_description":"Oruro es una de las regiones con mayor potencial econ\u00f3mico de nuestro pa\u00eds. Heredero de una rica historia, un legado cultural invaluable y un futuro lleno de desaf\u00edos y oportunidades, ha padecido en el \u00faltimo siglo, los efectos de pol\u00edticas p\u00fablicas err\u00e1ticas, dependencia del extractivismo y ausencia de proyectos de desarrollo sostenibles que, sin embargo, [&hellip;]","og_url":"https:\/\/www.eldiario.net\/portal\/2025\/02\/12\/oruro-construye-un-nuevo-futuro\/","og_site_name":"El Diario - Bolivia","article_publisher":"https:\/\/www.facebook.com\/eldiario.bolivia\/","article_published_time":"2025-02-12T10:15:34+00:00","og_image":[{"width":1200,"height":628,"url":"https:\/\/www.eldiario.net\/portal\/wp-content\/uploads\/2023\/11\/Ronald-Nostas-Ardaya.jpg","type":"image\/jpeg"}],"author":"Jeanette","twitter_card":"summary_large_image","twitter_creator":"@eldiario_net","twitter_site":"@eldiario_net","twitter_misc":{"Escrito por":"Jeanette","Tiempo de lectura":"4 minutos"},"schema":{"@context":"https:\/\/schema.org","@graph":[{"@type":"Article","@id":"https:\/\/www.eldiario.net\/portal\/2025\/02\/12\/oruro-construye-un-nuevo-futuro\/#article","isPartOf":{"@id":"https:\/\/www.eldiario.net\/portal\/2025\/02\/12\/oruro-construye-un-nuevo-futuro\/"},"author":{"name":"Jeanette","@id":"https:\/\/www.eldiario.net\/portal\/#\/schema\/person\/f46445640444750d7d753ccd04ae01b7"},"headline":"Oruro construye un nuevo futuro","datePublished":"2025-02-12T10:15:34+00:00","mainEntityOfPage":{"@id":"https:\/\/www.eldiario.net\/portal\/2025\/02\/12\/oruro-construye-un-nuevo-futuro\/"},"wordCount":705,"publisher":{"@id":"https:\/\/www.eldiario.net\/portal\/#organization"},"image":{"@id":"https:\/\/www.eldiario.net\/portal\/2025\/02\/12\/oruro-construye-un-nuevo-futuro\/#primaryimage"},"thumbnailUrl":"https:\/\/www.eldiario.net\/portal\/wp-content\/uploads\/2023\/11\/Ronald-Nostas-Ardaya.jpg","articleSection":["Opini\u00f3n"],"inLanguage":"es"},{"@type":"WebPage","@id":"https:\/\/www.eldiario.net\/portal\/2025\/02\/12\/oruro-construye-un-nuevo-futuro\/","url":"https:\/\/www.eldiario.net\/portal\/2025\/02\/12\/oruro-construye-un-nuevo-futuro\/","name":"Oruro construye un nuevo futuro - El Diario - Bolivia","isPartOf":{"@id":"https:\/\/www.eldiario.net\/portal\/#website"},"primaryImageOfPage":{"@id":"https:\/\/www.eldiario.net\/portal\/2025\/02\/12\/oruro-construye-un-nuevo-futuro\/#primaryimage"},"image":{"@id":"https:\/\/www.eldiario.net\/portal\/2025\/02\/12\/oruro-construye-un-nuevo-futuro\/#primaryimage"},"thumbnailUrl":"https:\/\/www.eldiario.net\/portal\/wp-content\/uploads\/2023\/11\/Ronald-Nostas-Ardaya.jpg","datePublished":"2025-02-12T10:15:34+00:00","breadcrumb":{"@id":"https:\/\/www.eldiario.net\/portal\/2025\/02\/12\/oruro-construye-un-nuevo-futuro\/#breadcrumb"},"inLanguage":"es","potentialAction":[{"@type":"ReadAction","target":["https:\/\/www.eldiario.net\/portal\/2025\/02\/12\/oruro-construye-un-nuevo-futuro\/"]}]},{"@type":"ImageObject","inLanguage":"es","@id":"https:\/\/www.eldiario.net\/portal\/2025\/02\/12\/oruro-construye-un-nuevo-futuro\/#primaryimage","url":"https:\/\/www.eldiario.net\/portal\/wp-content\/uploads\/2023\/11\/Ronald-Nostas-Ardaya.jpg","contentUrl":"https:\/\/www.eldiario.net\/portal\/wp-content\/uploads\/2023\/11\/Ronald-Nostas-Ardaya.jpg","width":1200,"height":628,"caption":"Ronald Nostas Ardaya"},{"@type":"BreadcrumbList","@id":"https:\/\/www.eldiario.net\/portal\/2025\/02\/12\/oruro-construye-un-nuevo-futuro\/#breadcrumb","itemListElement":[{"@type":"ListItem","position":1,"name":"Portada","item":"https:\/\/www.eldiario.net\/portal\/"},{"@type":"ListItem","position":2,"name":"Oruro construye un nuevo futuro"}]},{"@type":"WebSite","@id":"https:\/\/www.eldiario.net\/portal\/#website","url":"https:\/\/www.eldiario.net\/portal\/","name":"El Diario - Decano de la prensa nacional","description":"El Diario - Decano de la prensa nacional","publisher":{"@id":"https:\/\/www.eldiario.net\/portal\/#organization"},"potentialAction":[{"@type":"SearchAction","target":{"@type":"EntryPoint","urlTemplate":"https:\/\/www.eldiario.net\/portal\/?s={search_term_string}"},"query-input":{"@type":"PropertyValueSpecification","valueRequired":true,"valueName":"search_term_string"}}],"inLanguage":"es"},{"@type":"Organization","@id":"https:\/\/www.eldiario.net\/portal\/#organization","name":"El Diario - Decano de la prensa nacional","url":"https:\/\/www.eldiario.net\/portal\/","logo":{"@type":"ImageObject","inLanguage":"es","@id":"https:\/\/www.eldiario.net\/portal\/#\/schema\/logo\/image\/","url":"https:\/\/www.eldiario.net\/portal\/wp-content\/uploads\/2023\/07\/logo_ED.jpg","contentUrl":"https:\/\/www.eldiario.net\/portal\/wp-content\/uploads\/2023\/07\/logo_ED.jpg","width":272,"height":52,"caption":"El Diario - Decano de la prensa nacional"},"image":{"@id":"https:\/\/www.eldiario.net\/portal\/#\/schema\/logo\/image\/"},"sameAs":["https:\/\/www.facebook.com\/eldiario.bolivia\/","https:\/\/x.com\/eldiario_net"]},{"@type":"Person","@id":"https:\/\/www.eldiario.net\/portal\/#\/schema\/person\/f46445640444750d7d753ccd04ae01b7","name":"Jeanette","image":{"@type":"ImageObject","inLanguage":"es","@id":"https:\/\/secure.gravatar.com\/avatar\/3ea2118a5f7dad2b7138b1187a6b7ee55f160b9968b66013c3a3ef39dd7e5798?s=96&d=mm&r=g","url":"https:\/\/secure.gravatar.com\/avatar\/3ea2118a5f7dad2b7138b1187a6b7ee55f160b9968b66013c3a3ef39dd7e5798?s=96&d=mm&r=g","contentUrl":"https:\/\/secure.gravatar.com\/avatar\/3ea2118a5f7dad2b7138b1187a6b7ee55f160b9968b66013c3a3ef39dd7e5798?s=96&d=mm&r=g","caption":"Jeanette"},"sameAs":["https:\/\/www.eldiario.net\/portal"],"url":"https:\/\/www.eldiario.net\/portal\/author\/jeanette\/"}]}},"_links":{"self":[{"href":"https:\/\/www.eldiario.net\/portal\/wp-json\/wp\/v2\/posts\/281253","targetHints":{"allow":["GET"]}}],"collection":[{"href":"https:\/\/www.eldiario.net\/portal\/wp-json\/wp\/v2\/posts"}],"about":[{"href":"https:\/\/www.eldiario.net\/portal\/wp-json\/wp\/v2\/types\/post"}],"author":[{"embeddable":true,"href":"https:\/\/www.eldiario.net\/portal\/wp-json\/wp\/v2\/users\/1"}],"replies":[{"embeddable":true,"href":"https:\/\/www.eldiario.net\/portal\/wp-json\/wp\/v2\/comments?post=281253"}],"version-history":[{"count":1,"href":"https:\/\/www.eldiario.net\/portal\/wp-json\/wp\/v2\/posts\/281253\/revisions"}],"predecessor-version":[{"id":281254,"href":"https:\/\/www.eldiario.net\/portal\/wp-json\/wp\/v2\/posts\/281253\/revisions\/281254"}],"wp:featuredmedia":[{"embeddable":true,"href":"https:\/\/www.eldiario.net\/portal\/wp-json\/wp\/v2\/media\/188324"}],"wp:attachment":[{"href":"https:\/\/www.eldiario.net\/portal\/wp-json\/wp\/v2\/media?parent=281253"}],"wp:term":[{"taxonomy":"category","embeddable":true,"href":"https:\/\/www.eldiario.net\/portal\/wp-json\/wp\/v2\/categories?post=281253"},{"taxonomy":"post_tag","embeddable":true,"href":"https:\/\/www.eldiario.net\/portal\/wp-json\/wp\/v2\/tags?post=281253"}],"curies":[{"name":"wp","href":"https:\/\/api.w.org\/{rel}","templated":true}]}}