{"id":281249,"date":"2025-02-12T06:14:37","date_gmt":"2025-02-12T10:14:37","guid":{"rendered":"https:\/\/www.eldiario.net\/portal\/?p=281249"},"modified":"2025-02-12T06:14:37","modified_gmt":"2025-02-12T10:14:37","slug":"el-canto-como-estrategia-pedagogica","status":"publish","type":"post","link":"https:\/\/www.eldiario.net\/portal\/2025\/02\/12\/el-canto-como-estrategia-pedagogica\/","title":{"rendered":"El canto como estrategia pedag\u00f3gica"},"content":{"rendered":"<p>El canto, como estrategia pedag\u00f3gica, es una herramienta eficaz para la ense\u00f1anza de la lectura y la escritura en diversos niveles educativos. Integrando m\u00fasica y palabras, el canto estimula el aprendizaje de manera l\u00fadica y participativa, facilitando la comprensi\u00f3n y expresi\u00f3n de los estudiantes. Esta metodolog\u00eda no solo hace que el aprendizaje sea m\u00e1s atractivo, sino que tambi\u00e9n aprovecha los recursos cognitivos que la m\u00fasica ofrece, como la memoria, la atenci\u00f3n, la emocionalidad y la creatividad.<br \/>\nEn primer lugar, el canto promueve el desarrollo de habilidades ling\u00fc\u00edsticas, ya que, al cantar, los estudiantes se familiarizan con el ritmo, la entonaci\u00f3n y la pronunciaci\u00f3n de las palabras. Al mismo tiempo, favorece la segmentaci\u00f3n de palabras y frases, lo que facilita la adquisici\u00f3n de la lectoescritura. De esta manera, los ni\u00f1os logran reconocer patrones fonol\u00f3gicos y ortogr\u00e1ficos de forma m\u00e1s natural, sin la rigidez de una ense\u00f1anza tradicional.<br \/>\nAdem\u00e1s, el canto es una herramienta motivadora y emocionalmente atractiva. La m\u00fasica, al ser un est\u00edmulo que evoca emociones, permite que los estudiantes se conecten de manera m\u00e1s profunda con el contenido y con el proceso de aprendizaje. Este componente afectivo facilita la integraci\u00f3n de nuevos conocimientos, pues los estudiantes tienden a recordar m\u00e1s f\u00e1cilmente lo que les genera placer y satisfacci\u00f3n.<br \/>\nEl uso del canto tambi\u00e9n promueve la interacci\u00f3n social, ya que se puede realizar actividades en grupo, donde los estudiantes compartan su aprendizaje y disfruten de la experiencia colectiva. De esta forma, se favorece el trabajo colaborativo, la comunicaci\u00f3n y el desarrollo de habilidades sociales, elementos esenciales en el proceso educativo.<br \/>\nLas letras de las canciones pueden servir como textos aut\u00e9nticos para la pr\u00e1ctica de la comprensi\u00f3n lectora. Despu\u00e9s de escuchar una canci\u00f3n, los estudiantes pueden analizar las letras, identificar palabras clave, extraer informaci\u00f3n relevante y responder preguntas sobre el contenido de la canci\u00f3n. Esto ayuda a desarrollar habilidades de comprensi\u00f3n lectora.<br \/>\nPor otro lado, el canto ofrece una oportunidad para trabajar la escritura de forma contextualizada. Al crear canciones o modificar letras, los estudiantes experimentan con la estructura de los textos, mejorando su capacidad para crear, organizar y expresar ideas de manera coherente. Adem\u00e1s, las letras de las canciones, muchas veces cargadas de significados simb\u00f3licos, permiten trabajar temas de inter\u00e9s general, fomentando la reflexi\u00f3n y la cr\u00edtica constructiva.<br \/>\nEn conclusi\u00f3n, el canto como estrategia pedag\u00f3gica en la ense\u00f1anza de la lectura y escritura ofrece m\u00faltiples beneficios. Adem\u00e1s de mejorar las habilidades ling\u00fc\u00edsticas, favorece el aprendizaje emocional y social de los estudiantes, convirti\u00e9ndose en una herramienta vers\u00e1til y atractiva para los docentes. A trav\u00e9s de su aplicaci\u00f3n, se puede transformar el proceso educativo en una experiencia m\u00e1s din\u00e1mica y enriquecedora.<\/p>\n","protected":false},"excerpt":{"rendered":"<p>El canto, como estrategia pedag\u00f3gica, es una herramienta eficaz para la ense\u00f1anza de la lectura y la escritura en diversos niveles educativos. Integrando m\u00fasica y palabras, el canto estimula el aprendizaje de manera l\u00fadica y participativa, facilitando la comprensi\u00f3n y expresi\u00f3n de los estudiantes. Esta metodolog\u00eda no solo hace que el aprendizaje sea m\u00e1s atractivo, [&hellip;]<\/p>\n","protected":false},"author":1,"featured_media":194790,"comment_status":"closed","ping_status":"open","sticky":false,"template":"","format":"standard","meta":{"_acf_changed":false,"footnotes":""},"categories":[9],"tags":[],"class_list":["post-281249","post","type-post","status-publish","format-standard","has-post-thumbnail","category-opinion"],"acf":{"antetitulo":""},"yoast_head":"<!-- This site is optimized with the Yoast SEO plugin v28.4 - https:\/\/yoast.com\/product\/yoast-seo-wordpress\/ -->\n<title>El canto como estrategia pedag\u00f3gica - El Diario - Bolivia<\/title>\n<meta name=\"robots\" content=\"index, follow, max-snippet:-1, max-image-preview:large, max-video-preview:-1\" \/>\n<link rel=\"canonical\" href=\"https:\/\/www.eldiario.net\/portal\/2025\/02\/12\/el-canto-como-estrategia-pedagogica\/\" \/>\n<meta property=\"og:locale\" content=\"es_ES\" \/>\n<meta property=\"og:type\" content=\"article\" \/>\n<meta property=\"og:title\" content=\"El canto como estrategia pedag\u00f3gica - El Diario - Bolivia\" \/>\n<meta property=\"og:description\" content=\"El canto, como estrategia pedag\u00f3gica, es una herramienta eficaz para la ense\u00f1anza de la lectura y la escritura en diversos niveles educativos. Integrando m\u00fasica y palabras, el canto estimula el aprendizaje de manera l\u00fadica y participativa, facilitando la comprensi\u00f3n y expresi\u00f3n de los estudiantes. Esta metodolog\u00eda no solo hace que el aprendizaje sea m\u00e1s atractivo, [&hellip;]\" \/>\n<meta property=\"og:url\" content=\"https:\/\/www.eldiario.net\/portal\/2025\/02\/12\/el-canto-como-estrategia-pedagogica\/\" \/>\n<meta property=\"og:site_name\" content=\"El Diario - Bolivia\" \/>\n<meta property=\"article:publisher\" content=\"https:\/\/www.facebook.com\/eldiario.bolivia\/\" \/>\n<meta property=\"article:published_time\" content=\"2025-02-12T10:14:37+00:00\" \/>\n<meta property=\"og:image\" content=\"https:\/\/www.eldiario.net\/portal\/wp-content\/uploads\/2023\/12\/Opinion.jpg\" \/>\n\t<meta property=\"og:image:width\" content=\"800\" \/>\n\t<meta property=\"og:image:height\" content=\"500\" \/>\n\t<meta property=\"og:image:type\" content=\"image\/jpeg\" \/>\n<meta name=\"author\" content=\"Jeanette\" \/>\n<meta name=\"twitter:card\" content=\"summary_large_image\" \/>\n<meta name=\"twitter:creator\" content=\"@eldiario_net\" \/>\n<meta name=\"twitter:site\" content=\"@eldiario_net\" \/>\n<meta name=\"twitter:label1\" content=\"Escrito por\" \/>\n\t<meta name=\"twitter:data1\" content=\"Jeanette\" \/>\n\t<meta name=\"twitter:label2\" content=\"Tiempo de lectura\" \/>\n\t<meta name=\"twitter:data2\" content=\"3 minutos\" \/>\n<script type=\"application\/ld+json\" class=\"yoast-schema-graph\">{\"@context\":\"https:\\\/\\\/schema.org\",\"@graph\":[{\"@type\":\"Article\",\"@id\":\"https:\\\/\\\/www.eldiario.net\\\/portal\\\/2025\\\/02\\\/12\\\/el-canto-como-estrategia-pedagogica\\\/#article\",\"isPartOf\":{\"@id\":\"https:\\\/\\\/www.eldiario.net\\\/portal\\\/2025\\\/02\\\/12\\\/el-canto-como-estrategia-pedagogica\\\/\"},\"author\":{\"name\":\"Jeanette\",\"@id\":\"https:\\\/\\\/www.eldiario.net\\\/portal\\\/#\\\/schema\\\/person\\\/f46445640444750d7d753ccd04ae01b7\"},\"headline\":\"El canto como estrategia pedag\u00f3gica\",\"datePublished\":\"2025-02-12T10:14:37+00:00\",\"mainEntityOfPage\":{\"@id\":\"https:\\\/\\\/www.eldiario.net\\\/portal\\\/2025\\\/02\\\/12\\\/el-canto-como-estrategia-pedagogica\\\/\"},\"wordCount\":501,\"publisher\":{\"@id\":\"https:\\\/\\\/www.eldiario.net\\\/portal\\\/#organization\"},\"image\":{\"@id\":\"https:\\\/\\\/www.eldiario.net\\\/portal\\\/2025\\\/02\\\/12\\\/el-canto-como-estrategia-pedagogica\\\/#primaryimage\"},\"thumbnailUrl\":\"https:\\\/\\\/www.eldiario.net\\\/portal\\\/wp-content\\\/uploads\\\/2023\\\/12\\\/Opinion.jpg\",\"articleSection\":[\"Opini\u00f3n\"],\"inLanguage\":\"es\"},{\"@type\":\"WebPage\",\"@id\":\"https:\\\/\\\/www.eldiario.net\\\/portal\\\/2025\\\/02\\\/12\\\/el-canto-como-estrategia-pedagogica\\\/\",\"url\":\"https:\\\/\\\/www.eldiario.net\\\/portal\\\/2025\\\/02\\\/12\\\/el-canto-como-estrategia-pedagogica\\\/\",\"name\":\"El canto como estrategia pedag\u00f3gica - El Diario - Bolivia\",\"isPartOf\":{\"@id\":\"https:\\\/\\\/www.eldiario.net\\\/portal\\\/#website\"},\"primaryImageOfPage\":{\"@id\":\"https:\\\/\\\/www.eldiario.net\\\/portal\\\/2025\\\/02\\\/12\\\/el-canto-como-estrategia-pedagogica\\\/#primaryimage\"},\"image\":{\"@id\":\"https:\\\/\\\/www.eldiario.net\\\/portal\\\/2025\\\/02\\\/12\\\/el-canto-como-estrategia-pedagogica\\\/#primaryimage\"},\"thumbnailUrl\":\"https:\\\/\\\/www.eldiario.net\\\/portal\\\/wp-content\\\/uploads\\\/2023\\\/12\\\/Opinion.jpg\",\"datePublished\":\"2025-02-12T10:14:37+00:00\",\"breadcrumb\":{\"@id\":\"https:\\\/\\\/www.eldiario.net\\\/portal\\\/2025\\\/02\\\/12\\\/el-canto-como-estrategia-pedagogica\\\/#breadcrumb\"},\"inLanguage\":\"es\",\"potentialAction\":[{\"@type\":\"ReadAction\",\"target\":[\"https:\\\/\\\/www.eldiario.net\\\/portal\\\/2025\\\/02\\\/12\\\/el-canto-como-estrategia-pedagogica\\\/\"]}]},{\"@type\":\"ImageObject\",\"inLanguage\":\"es\",\"@id\":\"https:\\\/\\\/www.eldiario.net\\\/portal\\\/2025\\\/02\\\/12\\\/el-canto-como-estrategia-pedagogica\\\/#primaryimage\",\"url\":\"https:\\\/\\\/www.eldiario.net\\\/portal\\\/wp-content\\\/uploads\\\/2023\\\/12\\\/Opinion.jpg\",\"contentUrl\":\"https:\\\/\\\/www.eldiario.net\\\/portal\\\/wp-content\\\/uploads\\\/2023\\\/12\\\/Opinion.jpg\",\"width\":800,\"height\":500},{\"@type\":\"BreadcrumbList\",\"@id\":\"https:\\\/\\\/www.eldiario.net\\\/portal\\\/2025\\\/02\\\/12\\\/el-canto-como-estrategia-pedagogica\\\/#breadcrumb\",\"itemListElement\":[{\"@type\":\"ListItem\",\"position\":1,\"name\":\"Portada\",\"item\":\"https:\\\/\\\/www.eldiario.net\\\/portal\\\/\"},{\"@type\":\"ListItem\",\"position\":2,\"name\":\"El canto como estrategia pedag\u00f3gica\"}]},{\"@type\":\"WebSite\",\"@id\":\"https:\\\/\\\/www.eldiario.net\\\/portal\\\/#website\",\"url\":\"https:\\\/\\\/www.eldiario.net\\\/portal\\\/\",\"name\":\"El Diario - Decano de la prensa nacional\",\"description\":\"El Diario - Decano de la prensa nacional\",\"publisher\":{\"@id\":\"https:\\\/\\\/www.eldiario.net\\\/portal\\\/#organization\"},\"potentialAction\":[{\"@type\":\"SearchAction\",\"target\":{\"@type\":\"EntryPoint\",\"urlTemplate\":\"https:\\\/\\\/www.eldiario.net\\\/portal\\\/?s={search_term_string}\"},\"query-input\":{\"@type\":\"PropertyValueSpecification\",\"valueRequired\":true,\"valueName\":\"search_term_string\"}}],\"inLanguage\":\"es\"},{\"@type\":\"Organization\",\"@id\":\"https:\\\/\\\/www.eldiario.net\\\/portal\\\/#organization\",\"name\":\"El Diario - Decano de la prensa nacional\",\"url\":\"https:\\\/\\\/www.eldiario.net\\\/portal\\\/\",\"logo\":{\"@type\":\"ImageObject\",\"inLanguage\":\"es\",\"@id\":\"https:\\\/\\\/www.eldiario.net\\\/portal\\\/#\\\/schema\\\/logo\\\/image\\\/\",\"url\":\"https:\\\/\\\/www.eldiario.net\\\/portal\\\/wp-content\\\/uploads\\\/2023\\\/07\\\/logo_ED.jpg\",\"contentUrl\":\"https:\\\/\\\/www.eldiario.net\\\/portal\\\/wp-content\\\/uploads\\\/2023\\\/07\\\/logo_ED.jpg\",\"width\":272,\"height\":52,\"caption\":\"El Diario - Decano de la prensa nacional\"},\"image\":{\"@id\":\"https:\\\/\\\/www.eldiario.net\\\/portal\\\/#\\\/schema\\\/logo\\\/image\\\/\"},\"sameAs\":[\"https:\\\/\\\/www.facebook.com\\\/eldiario.bolivia\\\/\",\"https:\\\/\\\/x.com\\\/eldiario_net\"]},{\"@type\":\"Person\",\"@id\":\"https:\\\/\\\/www.eldiario.net\\\/portal\\\/#\\\/schema\\\/person\\\/f46445640444750d7d753ccd04ae01b7\",\"name\":\"Jeanette\",\"image\":{\"@type\":\"ImageObject\",\"inLanguage\":\"es\",\"@id\":\"https:\\\/\\\/secure.gravatar.com\\\/avatar\\\/3ea2118a5f7dad2b7138b1187a6b7ee55f160b9968b66013c3a3ef39dd7e5798?s=96&d=mm&r=g\",\"url\":\"https:\\\/\\\/secure.gravatar.com\\\/avatar\\\/3ea2118a5f7dad2b7138b1187a6b7ee55f160b9968b66013c3a3ef39dd7e5798?s=96&d=mm&r=g\",\"contentUrl\":\"https:\\\/\\\/secure.gravatar.com\\\/avatar\\\/3ea2118a5f7dad2b7138b1187a6b7ee55f160b9968b66013c3a3ef39dd7e5798?s=96&d=mm&r=g\",\"caption\":\"Jeanette\"},\"sameAs\":[\"https:\\\/\\\/www.eldiario.net\\\/portal\"],\"url\":\"https:\\\/\\\/www.eldiario.net\\\/portal\\\/author\\\/jeanette\\\/\"}]}<\/script>\n<!-- \/ Yoast SEO plugin. -->","yoast_head_json":{"title":"El canto como estrategia pedag\u00f3gica - El Diario - Bolivia","robots":{"index":"index","follow":"follow","max-snippet":"max-snippet:-1","max-image-preview":"max-image-preview:large","max-video-preview":"max-video-preview:-1"},"canonical":"https:\/\/www.eldiario.net\/portal\/2025\/02\/12\/el-canto-como-estrategia-pedagogica\/","og_locale":"es_ES","og_type":"article","og_title":"El canto como estrategia pedag\u00f3gica - El Diario - Bolivia","og_description":"El canto, como estrategia pedag\u00f3gica, es una herramienta eficaz para la ense\u00f1anza de la lectura y la escritura en diversos niveles educativos. Integrando m\u00fasica y palabras, el canto estimula el aprendizaje de manera l\u00fadica y participativa, facilitando la comprensi\u00f3n y expresi\u00f3n de los estudiantes. Esta metodolog\u00eda no solo hace que el aprendizaje sea m\u00e1s atractivo, [&hellip;]","og_url":"https:\/\/www.eldiario.net\/portal\/2025\/02\/12\/el-canto-como-estrategia-pedagogica\/","og_site_name":"El Diario - Bolivia","article_publisher":"https:\/\/www.facebook.com\/eldiario.bolivia\/","article_published_time":"2025-02-12T10:14:37+00:00","og_image":[{"width":800,"height":500,"url":"https:\/\/www.eldiario.net\/portal\/wp-content\/uploads\/2023\/12\/Opinion.jpg","type":"image\/jpeg"}],"author":"Jeanette","twitter_card":"summary_large_image","twitter_creator":"@eldiario_net","twitter_site":"@eldiario_net","twitter_misc":{"Escrito por":"Jeanette","Tiempo de lectura":"3 minutos"},"schema":{"@context":"https:\/\/schema.org","@graph":[{"@type":"Article","@id":"https:\/\/www.eldiario.net\/portal\/2025\/02\/12\/el-canto-como-estrategia-pedagogica\/#article","isPartOf":{"@id":"https:\/\/www.eldiario.net\/portal\/2025\/02\/12\/el-canto-como-estrategia-pedagogica\/"},"author":{"name":"Jeanette","@id":"https:\/\/www.eldiario.net\/portal\/#\/schema\/person\/f46445640444750d7d753ccd04ae01b7"},"headline":"El canto como estrategia pedag\u00f3gica","datePublished":"2025-02-12T10:14:37+00:00","mainEntityOfPage":{"@id":"https:\/\/www.eldiario.net\/portal\/2025\/02\/12\/el-canto-como-estrategia-pedagogica\/"},"wordCount":501,"publisher":{"@id":"https:\/\/www.eldiario.net\/portal\/#organization"},"image":{"@id":"https:\/\/www.eldiario.net\/portal\/2025\/02\/12\/el-canto-como-estrategia-pedagogica\/#primaryimage"},"thumbnailUrl":"https:\/\/www.eldiario.net\/portal\/wp-content\/uploads\/2023\/12\/Opinion.jpg","articleSection":["Opini\u00f3n"],"inLanguage":"es"},{"@type":"WebPage","@id":"https:\/\/www.eldiario.net\/portal\/2025\/02\/12\/el-canto-como-estrategia-pedagogica\/","url":"https:\/\/www.eldiario.net\/portal\/2025\/02\/12\/el-canto-como-estrategia-pedagogica\/","name":"El canto como estrategia pedag\u00f3gica - El Diario - Bolivia","isPartOf":{"@id":"https:\/\/www.eldiario.net\/portal\/#website"},"primaryImageOfPage":{"@id":"https:\/\/www.eldiario.net\/portal\/2025\/02\/12\/el-canto-como-estrategia-pedagogica\/#primaryimage"},"image":{"@id":"https:\/\/www.eldiario.net\/portal\/2025\/02\/12\/el-canto-como-estrategia-pedagogica\/#primaryimage"},"thumbnailUrl":"https:\/\/www.eldiario.net\/portal\/wp-content\/uploads\/2023\/12\/Opinion.jpg","datePublished":"2025-02-12T10:14:37+00:00","breadcrumb":{"@id":"https:\/\/www.eldiario.net\/portal\/2025\/02\/12\/el-canto-como-estrategia-pedagogica\/#breadcrumb"},"inLanguage":"es","potentialAction":[{"@type":"ReadAction","target":["https:\/\/www.eldiario.net\/portal\/2025\/02\/12\/el-canto-como-estrategia-pedagogica\/"]}]},{"@type":"ImageObject","inLanguage":"es","@id":"https:\/\/www.eldiario.net\/portal\/2025\/02\/12\/el-canto-como-estrategia-pedagogica\/#primaryimage","url":"https:\/\/www.eldiario.net\/portal\/wp-content\/uploads\/2023\/12\/Opinion.jpg","contentUrl":"https:\/\/www.eldiario.net\/portal\/wp-content\/uploads\/2023\/12\/Opinion.jpg","width":800,"height":500},{"@type":"BreadcrumbList","@id":"https:\/\/www.eldiario.net\/portal\/2025\/02\/12\/el-canto-como-estrategia-pedagogica\/#breadcrumb","itemListElement":[{"@type":"ListItem","position":1,"name":"Portada","item":"https:\/\/www.eldiario.net\/portal\/"},{"@type":"ListItem","position":2,"name":"El canto como estrategia pedag\u00f3gica"}]},{"@type":"WebSite","@id":"https:\/\/www.eldiario.net\/portal\/#website","url":"https:\/\/www.eldiario.net\/portal\/","name":"El Diario - Decano de la prensa nacional","description":"El Diario - Decano de la prensa nacional","publisher":{"@id":"https:\/\/www.eldiario.net\/portal\/#organization"},"potentialAction":[{"@type":"SearchAction","target":{"@type":"EntryPoint","urlTemplate":"https:\/\/www.eldiario.net\/portal\/?s={search_term_string}"},"query-input":{"@type":"PropertyValueSpecification","valueRequired":true,"valueName":"search_term_string"}}],"inLanguage":"es"},{"@type":"Organization","@id":"https:\/\/www.eldiario.net\/portal\/#organization","name":"El Diario - Decano de la prensa nacional","url":"https:\/\/www.eldiario.net\/portal\/","logo":{"@type":"ImageObject","inLanguage":"es","@id":"https:\/\/www.eldiario.net\/portal\/#\/schema\/logo\/image\/","url":"https:\/\/www.eldiario.net\/portal\/wp-content\/uploads\/2023\/07\/logo_ED.jpg","contentUrl":"https:\/\/www.eldiario.net\/portal\/wp-content\/uploads\/2023\/07\/logo_ED.jpg","width":272,"height":52,"caption":"El Diario - Decano de la prensa nacional"},"image":{"@id":"https:\/\/www.eldiario.net\/portal\/#\/schema\/logo\/image\/"},"sameAs":["https:\/\/www.facebook.com\/eldiario.bolivia\/","https:\/\/x.com\/eldiario_net"]},{"@type":"Person","@id":"https:\/\/www.eldiario.net\/portal\/#\/schema\/person\/f46445640444750d7d753ccd04ae01b7","name":"Jeanette","image":{"@type":"ImageObject","inLanguage":"es","@id":"https:\/\/secure.gravatar.com\/avatar\/3ea2118a5f7dad2b7138b1187a6b7ee55f160b9968b66013c3a3ef39dd7e5798?s=96&d=mm&r=g","url":"https:\/\/secure.gravatar.com\/avatar\/3ea2118a5f7dad2b7138b1187a6b7ee55f160b9968b66013c3a3ef39dd7e5798?s=96&d=mm&r=g","contentUrl":"https:\/\/secure.gravatar.com\/avatar\/3ea2118a5f7dad2b7138b1187a6b7ee55f160b9968b66013c3a3ef39dd7e5798?s=96&d=mm&r=g","caption":"Jeanette"},"sameAs":["https:\/\/www.eldiario.net\/portal"],"url":"https:\/\/www.eldiario.net\/portal\/author\/jeanette\/"}]}},"_links":{"self":[{"href":"https:\/\/www.eldiario.net\/portal\/wp-json\/wp\/v2\/posts\/281249","targetHints":{"allow":["GET"]}}],"collection":[{"href":"https:\/\/www.eldiario.net\/portal\/wp-json\/wp\/v2\/posts"}],"about":[{"href":"https:\/\/www.eldiario.net\/portal\/wp-json\/wp\/v2\/types\/post"}],"author":[{"embeddable":true,"href":"https:\/\/www.eldiario.net\/portal\/wp-json\/wp\/v2\/users\/1"}],"replies":[{"embeddable":true,"href":"https:\/\/www.eldiario.net\/portal\/wp-json\/wp\/v2\/comments?post=281249"}],"version-history":[{"count":1,"href":"https:\/\/www.eldiario.net\/portal\/wp-json\/wp\/v2\/posts\/281249\/revisions"}],"predecessor-version":[{"id":281250,"href":"https:\/\/www.eldiario.net\/portal\/wp-json\/wp\/v2\/posts\/281249\/revisions\/281250"}],"wp:featuredmedia":[{"embeddable":true,"href":"https:\/\/www.eldiario.net\/portal\/wp-json\/wp\/v2\/media\/194790"}],"wp:attachment":[{"href":"https:\/\/www.eldiario.net\/portal\/wp-json\/wp\/v2\/media?parent=281249"}],"wp:term":[{"taxonomy":"category","embeddable":true,"href":"https:\/\/www.eldiario.net\/portal\/wp-json\/wp\/v2\/categories?post=281249"},{"taxonomy":"post_tag","embeddable":true,"href":"https:\/\/www.eldiario.net\/portal\/wp-json\/wp\/v2\/tags?post=281249"}],"curies":[{"name":"wp","href":"https:\/\/api.w.org\/{rel}","templated":true}]}}