{"id":281244,"date":"2025-02-12T06:12:48","date_gmt":"2025-02-12T10:12:48","guid":{"rendered":"https:\/\/www.eldiario.net\/portal\/?p=281244"},"modified":"2025-02-12T06:12:48","modified_gmt":"2025-02-12T10:12:48","slug":"libertad-empresarial-bolivia-democratica","status":"publish","type":"post","link":"https:\/\/www.eldiario.net\/portal\/2025\/02\/12\/libertad-empresarial-bolivia-democratica\/","title":{"rendered":"Libertad empresarial,  Bolivia democr\u00e1tica"},"content":{"rendered":"<p><em>En 1943, cuando ya eran anunciados vientos de cambio, el magnate minero Mauricio Hochschild dijo: \u201cVaticino para Bolivia un futuro esplendoroso. No de inmediato, sino en unas d\u00e9cadas m\u00e1s. Posee todos los requisitos para convertirse en una potencia de mediana importancia, como la Argentina o Nueva Zelandia. El mundo del futuro necesitar\u00e1 espacio para los excedentes de poblaci\u00f3n, materias alimenticias y fuerzas energ\u00e9ticas. Bolivia tiene todo eso. Su territorio podr\u00eda albergar con holgura a unos cincuenta millones de personas; tiene petr\u00f3leo y un enorme potencial hidroel\u00e9ctrico; un campo inmenso para el desarrollo de la ganader\u00eda y la agricultura. Esos nuevos contingentes demogr\u00e1ficos mezclados con la raza ind\u00edgena dar\u00edan un mestizaje de primer\u00edsima calidad. Adem\u00e1s, Bolivia est\u00e1 situada en el centro de Sudam\u00e9rica; todas las l\u00edneas a\u00e9reas del futuro tendr\u00e1n su foco radial en Santa Cruz. Es un para\u00edso tur\u00edstico. \u00a1Si solamente los bolivianos llegaran a entenderse a s\u00ed mismos!\u201d. Tales las palabras del audaz empresario alem\u00e1n.<\/em><br \/>\n<em>A partir de ciertos momentos de la historia, y por diversos factores, se comienza a ver mal ciertas actividades o personas. A partir de la Revoluci\u00f3n Nacional, por ejemplo, se desprestigi\u00f3 a la industria del esta\u00f1o, y a partir del Proceso de Cambio se estigmatiz\u00f3 a los empresarios privados, muchos de los cuales tuvieron que salir a otros pa\u00edses para continuar su trabajo. Los gobiernos socialistas, desconociendo el aporte del empresario a la econom\u00eda nacional, normalmente lo atacan, acus\u00e1ndolo de explotar a los trabajadores y de amasar fortunas que luego son transferidas al exterior. La demagogia, que ignora que el empresario tambi\u00e9n puede tener sentido de responsabilidad social y elevar el nivel de vida de sus trabajadores, se impone y genera en diversos sectores de la opini\u00f3n p\u00fablica una animadversi\u00f3n irracional a la empresa privada. Antes de 1952, mucha gente cre\u00eda que cuando el Estado administrara las minas, Bolivia se convertir\u00eda en un pa\u00eds pr\u00f3spero y que por fin se disfrutar\u00eda de la abundancia. Eso, como lo sabemos, no ocurri\u00f3.<\/em><br \/>\n<em>Lo cierto es que el dirigismo en materia econ\u00f3mica propende al autoritarismo. No puede haber democracia ni libertades ciudadanas sin respeto a la propiedad privada y a la libre empresa. Si la planificaci\u00f3n desde el Estado va copando toda actividad empresarial, se sofoca el esp\u00edritu de iniciativa individual, indispensable para una democracia.<\/em><br \/>\n<em>No hay que desconocer que la empresa privada puede generar brechas econ\u00f3micas, explotar al proletariado o generar monta\u00f1as de basura y desechos t\u00f3xicos, pero tampoco se puede no admitir que puede ser un factor positivo en el desarrollo de un pa\u00eds, ya sea dinamizando la econom\u00eda, construyendo infraestructura o, como dijimos antes, elevando el nivel de vida de sus obreros. Un buen ejemplo en este sentido fue la familia Aramayo de Chichas, que se distingui\u00f3 por una notable audacia empresarial, pero tambi\u00e9n por un compromiso para con sus trabajadores. Carlos V\u00edctor Aramayo fue un industrial pr\u00f3spero y cosmopolita, pero a la vez afable padrino de bodas y bautizos proletarios y uno de los pioneros en la introducci\u00f3n de reformas empresariales en pro de los trabajadores.<\/em><br \/>\n<em>Por todo eso, Bolivia necesita virar hacia la facilitaci\u00f3n de la libre empresa, si desea conquistar un sistema democr\u00e1tico.<\/em><\/p>\n","protected":false},"excerpt":{"rendered":"<p>En 1943, cuando ya eran anunciados vientos de cambio, el magnate minero Mauricio Hochschild dijo: \u201cVaticino para Bolivia un futuro esplendoroso. No de inmediato, sino en unas d\u00e9cadas m\u00e1s. Posee todos los requisitos para convertirse en una potencia de mediana importancia, como la Argentina o Nueva Zelandia. El mundo del futuro necesitar\u00e1 espacio para los [&hellip;]<\/p>\n","protected":false},"author":1,"featured_media":194776,"comment_status":"closed","ping_status":"open","sticky":false,"template":"","format":"standard","meta":{"_acf_changed":false,"footnotes":""},"categories":[4],"tags":[],"class_list":["post-281244","post","type-post","status-publish","format-standard","has-post-thumbnail","category-editorial"],"acf":{"antetitulo":""},"yoast_head":"<!-- This site is optimized with the Yoast SEO plugin v28.4 - https:\/\/yoast.com\/product\/yoast-seo-wordpress\/ -->\n<title>Libertad empresarial, Bolivia democr\u00e1tica - El Diario - Bolivia<\/title>\n<meta name=\"robots\" content=\"index, follow, max-snippet:-1, max-image-preview:large, max-video-preview:-1\" \/>\n<link rel=\"canonical\" href=\"https:\/\/www.eldiario.net\/portal\/2025\/02\/12\/libertad-empresarial-bolivia-democratica\/\" \/>\n<meta property=\"og:locale\" content=\"es_ES\" \/>\n<meta property=\"og:type\" content=\"article\" \/>\n<meta property=\"og:title\" content=\"Libertad empresarial, Bolivia democr\u00e1tica - El Diario - Bolivia\" \/>\n<meta property=\"og:description\" content=\"En 1943, cuando ya eran anunciados vientos de cambio, el magnate minero Mauricio Hochschild dijo: \u201cVaticino para Bolivia un futuro esplendoroso. No de inmediato, sino en unas d\u00e9cadas m\u00e1s. Posee todos los requisitos para convertirse en una potencia de mediana importancia, como la Argentina o Nueva Zelandia. El mundo del futuro necesitar\u00e1 espacio para los [&hellip;]\" \/>\n<meta property=\"og:url\" content=\"https:\/\/www.eldiario.net\/portal\/2025\/02\/12\/libertad-empresarial-bolivia-democratica\/\" \/>\n<meta property=\"og:site_name\" content=\"El Diario - Bolivia\" \/>\n<meta property=\"article:publisher\" content=\"https:\/\/www.facebook.com\/eldiario.bolivia\/\" \/>\n<meta property=\"article:published_time\" content=\"2025-02-12T10:12:48+00:00\" \/>\n<meta property=\"og:image\" content=\"https:\/\/www.eldiario.net\/portal\/wp-content\/uploads\/2023\/12\/Editorial.jpg\" \/>\n\t<meta property=\"og:image:width\" content=\"800\" \/>\n\t<meta property=\"og:image:height\" content=\"500\" \/>\n\t<meta property=\"og:image:type\" content=\"image\/jpeg\" \/>\n<meta name=\"author\" content=\"Jeanette\" \/>\n<meta name=\"twitter:card\" content=\"summary_large_image\" \/>\n<meta name=\"twitter:creator\" content=\"@eldiario_net\" \/>\n<meta name=\"twitter:site\" content=\"@eldiario_net\" \/>\n<meta name=\"twitter:label1\" content=\"Escrito por\" \/>\n\t<meta name=\"twitter:data1\" content=\"Jeanette\" \/>\n\t<meta name=\"twitter:label2\" content=\"Tiempo de lectura\" \/>\n\t<meta name=\"twitter:data2\" content=\"3 minutos\" \/>\n<script type=\"application\/ld+json\" class=\"yoast-schema-graph\">{\"@context\":\"https:\\\/\\\/schema.org\",\"@graph\":[{\"@type\":\"Article\",\"@id\":\"https:\\\/\\\/www.eldiario.net\\\/portal\\\/2025\\\/02\\\/12\\\/libertad-empresarial-bolivia-democratica\\\/#article\",\"isPartOf\":{\"@id\":\"https:\\\/\\\/www.eldiario.net\\\/portal\\\/2025\\\/02\\\/12\\\/libertad-empresarial-bolivia-democratica\\\/\"},\"author\":{\"name\":\"Jeanette\",\"@id\":\"https:\\\/\\\/www.eldiario.net\\\/portal\\\/#\\\/schema\\\/person\\\/f46445640444750d7d753ccd04ae01b7\"},\"headline\":\"Libertad empresarial, Bolivia democr\u00e1tica\",\"datePublished\":\"2025-02-12T10:12:48+00:00\",\"mainEntityOfPage\":{\"@id\":\"https:\\\/\\\/www.eldiario.net\\\/portal\\\/2025\\\/02\\\/12\\\/libertad-empresarial-bolivia-democratica\\\/\"},\"wordCount\":573,\"publisher\":{\"@id\":\"https:\\\/\\\/www.eldiario.net\\\/portal\\\/#organization\"},\"image\":{\"@id\":\"https:\\\/\\\/www.eldiario.net\\\/portal\\\/2025\\\/02\\\/12\\\/libertad-empresarial-bolivia-democratica\\\/#primaryimage\"},\"thumbnailUrl\":\"https:\\\/\\\/www.eldiario.net\\\/portal\\\/wp-content\\\/uploads\\\/2023\\\/12\\\/Editorial.jpg\",\"articleSection\":[\"Editorial\"],\"inLanguage\":\"es\"},{\"@type\":\"WebPage\",\"@id\":\"https:\\\/\\\/www.eldiario.net\\\/portal\\\/2025\\\/02\\\/12\\\/libertad-empresarial-bolivia-democratica\\\/\",\"url\":\"https:\\\/\\\/www.eldiario.net\\\/portal\\\/2025\\\/02\\\/12\\\/libertad-empresarial-bolivia-democratica\\\/\",\"name\":\"Libertad empresarial, Bolivia democr\u00e1tica - El Diario - Bolivia\",\"isPartOf\":{\"@id\":\"https:\\\/\\\/www.eldiario.net\\\/portal\\\/#website\"},\"primaryImageOfPage\":{\"@id\":\"https:\\\/\\\/www.eldiario.net\\\/portal\\\/2025\\\/02\\\/12\\\/libertad-empresarial-bolivia-democratica\\\/#primaryimage\"},\"image\":{\"@id\":\"https:\\\/\\\/www.eldiario.net\\\/portal\\\/2025\\\/02\\\/12\\\/libertad-empresarial-bolivia-democratica\\\/#primaryimage\"},\"thumbnailUrl\":\"https:\\\/\\\/www.eldiario.net\\\/portal\\\/wp-content\\\/uploads\\\/2023\\\/12\\\/Editorial.jpg\",\"datePublished\":\"2025-02-12T10:12:48+00:00\",\"breadcrumb\":{\"@id\":\"https:\\\/\\\/www.eldiario.net\\\/portal\\\/2025\\\/02\\\/12\\\/libertad-empresarial-bolivia-democratica\\\/#breadcrumb\"},\"inLanguage\":\"es\",\"potentialAction\":[{\"@type\":\"ReadAction\",\"target\":[\"https:\\\/\\\/www.eldiario.net\\\/portal\\\/2025\\\/02\\\/12\\\/libertad-empresarial-bolivia-democratica\\\/\"]}]},{\"@type\":\"ImageObject\",\"inLanguage\":\"es\",\"@id\":\"https:\\\/\\\/www.eldiario.net\\\/portal\\\/2025\\\/02\\\/12\\\/libertad-empresarial-bolivia-democratica\\\/#primaryimage\",\"url\":\"https:\\\/\\\/www.eldiario.net\\\/portal\\\/wp-content\\\/uploads\\\/2023\\\/12\\\/Editorial.jpg\",\"contentUrl\":\"https:\\\/\\\/www.eldiario.net\\\/portal\\\/wp-content\\\/uploads\\\/2023\\\/12\\\/Editorial.jpg\",\"width\":800,\"height\":500},{\"@type\":\"BreadcrumbList\",\"@id\":\"https:\\\/\\\/www.eldiario.net\\\/portal\\\/2025\\\/02\\\/12\\\/libertad-empresarial-bolivia-democratica\\\/#breadcrumb\",\"itemListElement\":[{\"@type\":\"ListItem\",\"position\":1,\"name\":\"Portada\",\"item\":\"https:\\\/\\\/www.eldiario.net\\\/portal\\\/\"},{\"@type\":\"ListItem\",\"position\":2,\"name\":\"Libertad empresarial, Bolivia democr\u00e1tica\"}]},{\"@type\":\"WebSite\",\"@id\":\"https:\\\/\\\/www.eldiario.net\\\/portal\\\/#website\",\"url\":\"https:\\\/\\\/www.eldiario.net\\\/portal\\\/\",\"name\":\"El Diario - Decano de la prensa nacional\",\"description\":\"El Diario - Decano de la prensa nacional\",\"publisher\":{\"@id\":\"https:\\\/\\\/www.eldiario.net\\\/portal\\\/#organization\"},\"potentialAction\":[{\"@type\":\"SearchAction\",\"target\":{\"@type\":\"EntryPoint\",\"urlTemplate\":\"https:\\\/\\\/www.eldiario.net\\\/portal\\\/?s={search_term_string}\"},\"query-input\":{\"@type\":\"PropertyValueSpecification\",\"valueRequired\":true,\"valueName\":\"search_term_string\"}}],\"inLanguage\":\"es\"},{\"@type\":\"Organization\",\"@id\":\"https:\\\/\\\/www.eldiario.net\\\/portal\\\/#organization\",\"name\":\"El Diario - Decano de la prensa nacional\",\"url\":\"https:\\\/\\\/www.eldiario.net\\\/portal\\\/\",\"logo\":{\"@type\":\"ImageObject\",\"inLanguage\":\"es\",\"@id\":\"https:\\\/\\\/www.eldiario.net\\\/portal\\\/#\\\/schema\\\/logo\\\/image\\\/\",\"url\":\"https:\\\/\\\/www.eldiario.net\\\/portal\\\/wp-content\\\/uploads\\\/2023\\\/07\\\/logo_ED.jpg\",\"contentUrl\":\"https:\\\/\\\/www.eldiario.net\\\/portal\\\/wp-content\\\/uploads\\\/2023\\\/07\\\/logo_ED.jpg\",\"width\":272,\"height\":52,\"caption\":\"El Diario - Decano de la prensa nacional\"},\"image\":{\"@id\":\"https:\\\/\\\/www.eldiario.net\\\/portal\\\/#\\\/schema\\\/logo\\\/image\\\/\"},\"sameAs\":[\"https:\\\/\\\/www.facebook.com\\\/eldiario.bolivia\\\/\",\"https:\\\/\\\/x.com\\\/eldiario_net\"]},{\"@type\":\"Person\",\"@id\":\"https:\\\/\\\/www.eldiario.net\\\/portal\\\/#\\\/schema\\\/person\\\/f46445640444750d7d753ccd04ae01b7\",\"name\":\"Jeanette\",\"image\":{\"@type\":\"ImageObject\",\"inLanguage\":\"es\",\"@id\":\"https:\\\/\\\/secure.gravatar.com\\\/avatar\\\/3ea2118a5f7dad2b7138b1187a6b7ee55f160b9968b66013c3a3ef39dd7e5798?s=96&d=mm&r=g\",\"url\":\"https:\\\/\\\/secure.gravatar.com\\\/avatar\\\/3ea2118a5f7dad2b7138b1187a6b7ee55f160b9968b66013c3a3ef39dd7e5798?s=96&d=mm&r=g\",\"contentUrl\":\"https:\\\/\\\/secure.gravatar.com\\\/avatar\\\/3ea2118a5f7dad2b7138b1187a6b7ee55f160b9968b66013c3a3ef39dd7e5798?s=96&d=mm&r=g\",\"caption\":\"Jeanette\"},\"sameAs\":[\"https:\\\/\\\/www.eldiario.net\\\/portal\"],\"url\":\"https:\\\/\\\/www.eldiario.net\\\/portal\\\/author\\\/jeanette\\\/\"}]}<\/script>\n<!-- \/ Yoast SEO plugin. -->","yoast_head_json":{"title":"Libertad empresarial, Bolivia democr\u00e1tica - El Diario - Bolivia","robots":{"index":"index","follow":"follow","max-snippet":"max-snippet:-1","max-image-preview":"max-image-preview:large","max-video-preview":"max-video-preview:-1"},"canonical":"https:\/\/www.eldiario.net\/portal\/2025\/02\/12\/libertad-empresarial-bolivia-democratica\/","og_locale":"es_ES","og_type":"article","og_title":"Libertad empresarial, Bolivia democr\u00e1tica - El Diario - Bolivia","og_description":"En 1943, cuando ya eran anunciados vientos de cambio, el magnate minero Mauricio Hochschild dijo: \u201cVaticino para Bolivia un futuro esplendoroso. No de inmediato, sino en unas d\u00e9cadas m\u00e1s. Posee todos los requisitos para convertirse en una potencia de mediana importancia, como la Argentina o Nueva Zelandia. El mundo del futuro necesitar\u00e1 espacio para los [&hellip;]","og_url":"https:\/\/www.eldiario.net\/portal\/2025\/02\/12\/libertad-empresarial-bolivia-democratica\/","og_site_name":"El Diario - Bolivia","article_publisher":"https:\/\/www.facebook.com\/eldiario.bolivia\/","article_published_time":"2025-02-12T10:12:48+00:00","og_image":[{"width":800,"height":500,"url":"https:\/\/www.eldiario.net\/portal\/wp-content\/uploads\/2023\/12\/Editorial.jpg","type":"image\/jpeg"}],"author":"Jeanette","twitter_card":"summary_large_image","twitter_creator":"@eldiario_net","twitter_site":"@eldiario_net","twitter_misc":{"Escrito por":"Jeanette","Tiempo de lectura":"3 minutos"},"schema":{"@context":"https:\/\/schema.org","@graph":[{"@type":"Article","@id":"https:\/\/www.eldiario.net\/portal\/2025\/02\/12\/libertad-empresarial-bolivia-democratica\/#article","isPartOf":{"@id":"https:\/\/www.eldiario.net\/portal\/2025\/02\/12\/libertad-empresarial-bolivia-democratica\/"},"author":{"name":"Jeanette","@id":"https:\/\/www.eldiario.net\/portal\/#\/schema\/person\/f46445640444750d7d753ccd04ae01b7"},"headline":"Libertad empresarial, Bolivia democr\u00e1tica","datePublished":"2025-02-12T10:12:48+00:00","mainEntityOfPage":{"@id":"https:\/\/www.eldiario.net\/portal\/2025\/02\/12\/libertad-empresarial-bolivia-democratica\/"},"wordCount":573,"publisher":{"@id":"https:\/\/www.eldiario.net\/portal\/#organization"},"image":{"@id":"https:\/\/www.eldiario.net\/portal\/2025\/02\/12\/libertad-empresarial-bolivia-democratica\/#primaryimage"},"thumbnailUrl":"https:\/\/www.eldiario.net\/portal\/wp-content\/uploads\/2023\/12\/Editorial.jpg","articleSection":["Editorial"],"inLanguage":"es"},{"@type":"WebPage","@id":"https:\/\/www.eldiario.net\/portal\/2025\/02\/12\/libertad-empresarial-bolivia-democratica\/","url":"https:\/\/www.eldiario.net\/portal\/2025\/02\/12\/libertad-empresarial-bolivia-democratica\/","name":"Libertad empresarial, Bolivia democr\u00e1tica - El Diario - Bolivia","isPartOf":{"@id":"https:\/\/www.eldiario.net\/portal\/#website"},"primaryImageOfPage":{"@id":"https:\/\/www.eldiario.net\/portal\/2025\/02\/12\/libertad-empresarial-bolivia-democratica\/#primaryimage"},"image":{"@id":"https:\/\/www.eldiario.net\/portal\/2025\/02\/12\/libertad-empresarial-bolivia-democratica\/#primaryimage"},"thumbnailUrl":"https:\/\/www.eldiario.net\/portal\/wp-content\/uploads\/2023\/12\/Editorial.jpg","datePublished":"2025-02-12T10:12:48+00:00","breadcrumb":{"@id":"https:\/\/www.eldiario.net\/portal\/2025\/02\/12\/libertad-empresarial-bolivia-democratica\/#breadcrumb"},"inLanguage":"es","potentialAction":[{"@type":"ReadAction","target":["https:\/\/www.eldiario.net\/portal\/2025\/02\/12\/libertad-empresarial-bolivia-democratica\/"]}]},{"@type":"ImageObject","inLanguage":"es","@id":"https:\/\/www.eldiario.net\/portal\/2025\/02\/12\/libertad-empresarial-bolivia-democratica\/#primaryimage","url":"https:\/\/www.eldiario.net\/portal\/wp-content\/uploads\/2023\/12\/Editorial.jpg","contentUrl":"https:\/\/www.eldiario.net\/portal\/wp-content\/uploads\/2023\/12\/Editorial.jpg","width":800,"height":500},{"@type":"BreadcrumbList","@id":"https:\/\/www.eldiario.net\/portal\/2025\/02\/12\/libertad-empresarial-bolivia-democratica\/#breadcrumb","itemListElement":[{"@type":"ListItem","position":1,"name":"Portada","item":"https:\/\/www.eldiario.net\/portal\/"},{"@type":"ListItem","position":2,"name":"Libertad empresarial, Bolivia democr\u00e1tica"}]},{"@type":"WebSite","@id":"https:\/\/www.eldiario.net\/portal\/#website","url":"https:\/\/www.eldiario.net\/portal\/","name":"El Diario - Decano de la prensa nacional","description":"El Diario - Decano de la prensa nacional","publisher":{"@id":"https:\/\/www.eldiario.net\/portal\/#organization"},"potentialAction":[{"@type":"SearchAction","target":{"@type":"EntryPoint","urlTemplate":"https:\/\/www.eldiario.net\/portal\/?s={search_term_string}"},"query-input":{"@type":"PropertyValueSpecification","valueRequired":true,"valueName":"search_term_string"}}],"inLanguage":"es"},{"@type":"Organization","@id":"https:\/\/www.eldiario.net\/portal\/#organization","name":"El Diario - Decano de la prensa nacional","url":"https:\/\/www.eldiario.net\/portal\/","logo":{"@type":"ImageObject","inLanguage":"es","@id":"https:\/\/www.eldiario.net\/portal\/#\/schema\/logo\/image\/","url":"https:\/\/www.eldiario.net\/portal\/wp-content\/uploads\/2023\/07\/logo_ED.jpg","contentUrl":"https:\/\/www.eldiario.net\/portal\/wp-content\/uploads\/2023\/07\/logo_ED.jpg","width":272,"height":52,"caption":"El Diario - Decano de la prensa nacional"},"image":{"@id":"https:\/\/www.eldiario.net\/portal\/#\/schema\/logo\/image\/"},"sameAs":["https:\/\/www.facebook.com\/eldiario.bolivia\/","https:\/\/x.com\/eldiario_net"]},{"@type":"Person","@id":"https:\/\/www.eldiario.net\/portal\/#\/schema\/person\/f46445640444750d7d753ccd04ae01b7","name":"Jeanette","image":{"@type":"ImageObject","inLanguage":"es","@id":"https:\/\/secure.gravatar.com\/avatar\/3ea2118a5f7dad2b7138b1187a6b7ee55f160b9968b66013c3a3ef39dd7e5798?s=96&d=mm&r=g","url":"https:\/\/secure.gravatar.com\/avatar\/3ea2118a5f7dad2b7138b1187a6b7ee55f160b9968b66013c3a3ef39dd7e5798?s=96&d=mm&r=g","contentUrl":"https:\/\/secure.gravatar.com\/avatar\/3ea2118a5f7dad2b7138b1187a6b7ee55f160b9968b66013c3a3ef39dd7e5798?s=96&d=mm&r=g","caption":"Jeanette"},"sameAs":["https:\/\/www.eldiario.net\/portal"],"url":"https:\/\/www.eldiario.net\/portal\/author\/jeanette\/"}]}},"_links":{"self":[{"href":"https:\/\/www.eldiario.net\/portal\/wp-json\/wp\/v2\/posts\/281244","targetHints":{"allow":["GET"]}}],"collection":[{"href":"https:\/\/www.eldiario.net\/portal\/wp-json\/wp\/v2\/posts"}],"about":[{"href":"https:\/\/www.eldiario.net\/portal\/wp-json\/wp\/v2\/types\/post"}],"author":[{"embeddable":true,"href":"https:\/\/www.eldiario.net\/portal\/wp-json\/wp\/v2\/users\/1"}],"replies":[{"embeddable":true,"href":"https:\/\/www.eldiario.net\/portal\/wp-json\/wp\/v2\/comments?post=281244"}],"version-history":[{"count":1,"href":"https:\/\/www.eldiario.net\/portal\/wp-json\/wp\/v2\/posts\/281244\/revisions"}],"predecessor-version":[{"id":281245,"href":"https:\/\/www.eldiario.net\/portal\/wp-json\/wp\/v2\/posts\/281244\/revisions\/281245"}],"wp:featuredmedia":[{"embeddable":true,"href":"https:\/\/www.eldiario.net\/portal\/wp-json\/wp\/v2\/media\/194776"}],"wp:attachment":[{"href":"https:\/\/www.eldiario.net\/portal\/wp-json\/wp\/v2\/media?parent=281244"}],"wp:term":[{"taxonomy":"category","embeddable":true,"href":"https:\/\/www.eldiario.net\/portal\/wp-json\/wp\/v2\/categories?post=281244"},{"taxonomy":"post_tag","embeddable":true,"href":"https:\/\/www.eldiario.net\/portal\/wp-json\/wp\/v2\/tags?post=281244"}],"curies":[{"name":"wp","href":"https:\/\/api.w.org\/{rel}","templated":true}]}}