{"id":281237,"date":"2025-02-12T06:10:37","date_gmt":"2025-02-12T10:10:37","guid":{"rendered":"https:\/\/www.eldiario.net\/portal\/?p=281237"},"modified":"2025-02-12T06:10:37","modified_gmt":"2025-02-12T10:10:37","slug":"plantean-apertura-del-bloque-de-unidad-a-la-sociedad-civil","status":"publish","type":"post","link":"https:\/\/www.eldiario.net\/portal\/2025\/02\/12\/plantean-apertura-del-bloque-de-unidad-a-la-sociedad-civil\/","title":{"rendered":"Plantean apertura del bloque  de unidad a la sociedad civil"},"content":{"rendered":"<p>Expresando preocupaci\u00f3n por el grado de aceptaci\u00f3n logrado con el denominado \u201cbloque de unidad\u201d que plantea una candidatura \u00fanica de la oposici\u00f3n para enfrentar al \u201cmasismo\u201d en las pr\u00f3ximas elecciones generales, un grupo de ciudadanos y legisladores propone integrar en este acuerdo a personalidades y organizaciones de la sociedad civil.<br \/>\nRecordando que una amplia mayor\u00eda del electorado demanda la unidad de la oposici\u00f3n para evitar la \u201cdestructiva prolongaci\u00f3n\u201d del MAS en el poder, se propone conformar un \u201cFrente Unitario Ampliado\u201d que permita la participaci\u00f3n de otras organizaciones de la sociedad civil, del campo y la ciudad, iniciativas y agrupaciones ciudadanas diversas, a personalidades acad\u00e9micas y a dirigentes sociales dispuestas a aportar colectivamente la construcci\u00f3n de una s\u00f3lida e incluyente alternativa democr\u00e1tica.<br \/>\nAsimismo, se apunta a contar con instancias ampliamente participativas de deliberaci\u00f3n y decisi\u00f3n para la conformaci\u00f3n de sus directivas, preselecci\u00f3n de candidaturas, construcci\u00f3n de un programa, y la organizaci\u00f3n del control electoral indispensable para evitar nuevos fraudes.<br \/>\nUna segunda propuesta tiene que ver con la elaboraci\u00f3n conjunta de un programa que articule medidas en el corto plazo como la estabilizaci\u00f3n monetaria y de precios, la soluci\u00f3n estructural al desabastecimiento de combustibles y de d\u00f3lares con transformaciones de largo plazo, como las reformas de la justicia, la administraci\u00f3n p\u00fablica o las autonom\u00edas.<br \/>\nFinalmente, se plantea que el programa de este \u201cfrente unitario\u201d incluya, como indispensable condici\u00f3n para la amplia y eficaz convocatoria pol\u00edtico-electoral que, a su vez, condiciona cualquier posibilidad de victoria, un compromiso program\u00e1tico m\u00ednimo que garantice convincentemente los m\u00e1s leg\u00edtimos y prioritarios intereses de la gran mayor\u00eda de los bolivianos.<br \/>\nSeg\u00fan el pronunciamiento, este compromiso m\u00ednimo debe contener: la restituci\u00f3n plena de todas las instituciones democr\u00e1ticas destruidas, conculcadas o amputadas por el gobierno \u201cmasista\u201d, la prevenci\u00f3n eficaz lograda por todos los medios necesarios, de toda destrucci\u00f3n de los bosques tropicales del pa\u00eds y de los cursos de agua contaminados por la miner\u00eda ilegal, el respeto irrestricto a los derechos de los pueblos ind\u00edgenas y la lucha frontal contra la corrupci\u00f3n y el narcotr\u00e1fico.<br \/>\nReconociendo las dificultades que debieron ser allanadas por los precandidatos para llegar al primer acuerdo unitario, los promotores de esta propuesta advierten que dicho acuerdo no parece haber superado a\u00fan las limitaciones que determinaron \u201cpobres resultados\u201d en las iniciativas unitarias precedentes, advirtiendo que la unidad democr\u00e1tica a construir, no debe reducirse a un acuerdo meramente procedimental, partidario y cupular.<br \/>\n\u201cEn la presente circunstancia hist\u00f3rica de agotamiento del ciclo pol\u00edtico del \u2018proceso de cambio\u2019, marcadamente m\u00e1s cr\u00edtica que la de los 20 a\u00f1os previos, y en la que a los graves problemas nacionales se a\u00f1ade la agudizaci\u00f3n de la crisis ambiental y la incertidumbre global, la opci\u00f3n electoral unitaria debe encarar solventemente los grandes desaf\u00edos del momento\u201d, se\u00f1alan.<br \/>\nEn ese sentido, advirtiendo las formulaciones ya expuestas pueden parecer excesivas, dada la progresiva desinstitucionalizaci\u00f3n del sistema pol\u00edtico boliviano, se reitera que es imprescindible la construcci\u00f3n de una verdadera opci\u00f3n democr\u00e1tica.<br \/>\n\u201cDe los procesos autoritarios no se sale con un simple cambio de gobierno, lo cual ya ser\u00eda un logro inmenso, sino con un cambio de las instituciones pol\u00edticas y sociales, es decir, con una reforma del Estado y de la sociedad, para lo cual es imprescindible construir un instrumento pol\u00edtico coherente y duradero\u201d, se enfatiz\u00f3.<br \/>\nAl respecto, el antrop\u00f3logo, soci\u00f3logo y docente universitario, Ricardo Calla, apunt\u00f3 que este planteamiento est\u00e1 dirigido a los candidatos y otros integrantes del \u201cBloque de Unidad\u201d, llamando a que se asuman con seriedad los pedidos de unidad que surgen de parte del electorado.<br \/>\n\u201cEste documento es una apelaci\u00f3n a los integrantes de este bloque, para que se dejen de lado las rencillas y las contradicciones, coordinando mejor sus acciones y que se asuma seriamente ese planteamiento de unidad. Es imprescindible que Bolivia entre en un proceso de reconstrucci\u00f3n institucional, econ\u00f3mica, social y ambiental\u201d, dijo.<br \/>\nSeg\u00fan Calla, para reconstruir Bolivia, una tarea imprescindible es que el MAS deje de gobernar y que ninguno de sus \u201callegados\u201d llegue al gobierno.<br \/>\n\u201cEs imprescindible que una corriente opositora seria, desaloje al grupo que est\u00e1 en Palacio de Gobierno y que el MAS deje de estar a cargo del Estado boliviano, eso significa que debemos ir en serio a una lucha pol\u00edtica electoral, donde la oposici\u00f3n debe iniciar con el respeto dentro de la propia casa\u201d, sostuvo.<br \/>\n\u201cLos que suscribimos esta propuesta, y muchos otros bolivianos que comparten nuestras aspiraciones y nuestro compromiso, estamos dispuestos a contribuir, con todo nuestro esfuerzo y capacidades, a la recuperaci\u00f3n de la democracia y a la construcci\u00f3n de un mejor futuro para nuestro pa\u00eds. El Bloque de Unidad tiene la palabra y quedamos a la espera de su respuesta\u201d, finaliza el pronunciamiento.<\/p>\n","protected":false},"excerpt":{"rendered":"<p>Expresando preocupaci\u00f3n por el grado de aceptaci\u00f3n logrado con el denominado \u201cbloque de unidad\u201d que plantea una candidatura \u00fanica de la oposici\u00f3n para enfrentar al \u201cmasismo\u201d en las pr\u00f3ximas elecciones generales, un grupo de ciudadanos y legisladores propone integrar en este acuerdo a personalidades y organizaciones de la sociedad civil. Recordando que una amplia mayor\u00eda [&hellip;]<\/p>\n","protected":false},"author":1,"featured_media":281238,"comment_status":"closed","ping_status":"open","sticky":false,"template":"","format":"standard","meta":{"_acf_changed":false,"footnotes":""},"categories":[14],"tags":[],"class_list":["post-281237","post","type-post","status-publish","format-standard","has-post-thumbnail","category-politica"],"acf":{"antetitulo":"La uni\u00f3n debe tomarse con seriedad"},"yoast_head":"<!-- This site is optimized with the Yoast SEO plugin v28.4 - https:\/\/yoast.com\/product\/yoast-seo-wordpress\/ -->\n<title>Plantean apertura del bloque de unidad a la sociedad civil - El Diario - Bolivia<\/title>\n<meta name=\"robots\" content=\"index, follow, max-snippet:-1, max-image-preview:large, max-video-preview:-1\" \/>\n<link rel=\"canonical\" href=\"https:\/\/www.eldiario.net\/portal\/2025\/02\/12\/plantean-apertura-del-bloque-de-unidad-a-la-sociedad-civil\/\" \/>\n<meta property=\"og:locale\" content=\"es_ES\" \/>\n<meta property=\"og:type\" content=\"article\" \/>\n<meta property=\"og:title\" content=\"Plantean apertura del bloque de unidad a la sociedad civil - El Diario - Bolivia\" \/>\n<meta property=\"og:description\" content=\"Expresando preocupaci\u00f3n por el grado de aceptaci\u00f3n logrado con el denominado \u201cbloque de unidad\u201d que plantea una candidatura \u00fanica de la oposici\u00f3n para enfrentar al \u201cmasismo\u201d en las pr\u00f3ximas elecciones generales, un grupo de ciudadanos y legisladores propone integrar en este acuerdo a personalidades y organizaciones de la sociedad civil. Recordando que una amplia mayor\u00eda [&hellip;]\" \/>\n<meta property=\"og:url\" content=\"https:\/\/www.eldiario.net\/portal\/2025\/02\/12\/plantean-apertura-del-bloque-de-unidad-a-la-sociedad-civil\/\" \/>\n<meta property=\"og:site_name\" content=\"El Diario - Bolivia\" \/>\n<meta property=\"article:publisher\" content=\"https:\/\/www.facebook.com\/eldiario.bolivia\/\" \/>\n<meta property=\"article:published_time\" content=\"2025-02-12T10:10:37+00:00\" \/>\n<meta property=\"og:image\" content=\"https:\/\/www.eldiario.net\/portal\/wp-content\/uploads\/2025\/02\/40-POL.jpeg\" \/>\n\t<meta property=\"og:image:width\" content=\"720\" \/>\n\t<meta property=\"og:image:height\" content=\"399\" \/>\n\t<meta property=\"og:image:type\" content=\"image\/jpeg\" \/>\n<meta name=\"author\" content=\"Jeanette\" \/>\n<meta name=\"twitter:card\" content=\"summary_large_image\" \/>\n<meta name=\"twitter:creator\" content=\"@eldiario_net\" \/>\n<meta name=\"twitter:site\" content=\"@eldiario_net\" \/>\n<meta name=\"twitter:label1\" content=\"Escrito por\" \/>\n\t<meta name=\"twitter:data1\" content=\"Jeanette\" \/>\n\t<meta name=\"twitter:label2\" content=\"Tiempo de lectura\" \/>\n\t<meta name=\"twitter:data2\" content=\"4 minutos\" \/>\n<script type=\"application\/ld+json\" class=\"yoast-schema-graph\">{\"@context\":\"https:\\\/\\\/schema.org\",\"@graph\":[{\"@type\":\"Article\",\"@id\":\"https:\\\/\\\/www.eldiario.net\\\/portal\\\/2025\\\/02\\\/12\\\/plantean-apertura-del-bloque-de-unidad-a-la-sociedad-civil\\\/#article\",\"isPartOf\":{\"@id\":\"https:\\\/\\\/www.eldiario.net\\\/portal\\\/2025\\\/02\\\/12\\\/plantean-apertura-del-bloque-de-unidad-a-la-sociedad-civil\\\/\"},\"author\":{\"name\":\"Jeanette\",\"@id\":\"https:\\\/\\\/www.eldiario.net\\\/portal\\\/#\\\/schema\\\/person\\\/f46445640444750d7d753ccd04ae01b7\"},\"headline\":\"Plantean apertura del bloque de unidad a la sociedad civil\",\"datePublished\":\"2025-02-12T10:10:37+00:00\",\"mainEntityOfPage\":{\"@id\":\"https:\\\/\\\/www.eldiario.net\\\/portal\\\/2025\\\/02\\\/12\\\/plantean-apertura-del-bloque-de-unidad-a-la-sociedad-civil\\\/\"},\"wordCount\":854,\"publisher\":{\"@id\":\"https:\\\/\\\/www.eldiario.net\\\/portal\\\/#organization\"},\"image\":{\"@id\":\"https:\\\/\\\/www.eldiario.net\\\/portal\\\/2025\\\/02\\\/12\\\/plantean-apertura-del-bloque-de-unidad-a-la-sociedad-civil\\\/#primaryimage\"},\"thumbnailUrl\":\"https:\\\/\\\/www.eldiario.net\\\/portal\\\/wp-content\\\/uploads\\\/2025\\\/02\\\/40-POL.jpeg\",\"articleSection\":[\"Pol\u00edtica\"],\"inLanguage\":\"es\"},{\"@type\":\"WebPage\",\"@id\":\"https:\\\/\\\/www.eldiario.net\\\/portal\\\/2025\\\/02\\\/12\\\/plantean-apertura-del-bloque-de-unidad-a-la-sociedad-civil\\\/\",\"url\":\"https:\\\/\\\/www.eldiario.net\\\/portal\\\/2025\\\/02\\\/12\\\/plantean-apertura-del-bloque-de-unidad-a-la-sociedad-civil\\\/\",\"name\":\"Plantean apertura del bloque de unidad a la sociedad civil - El Diario - Bolivia\",\"isPartOf\":{\"@id\":\"https:\\\/\\\/www.eldiario.net\\\/portal\\\/#website\"},\"primaryImageOfPage\":{\"@id\":\"https:\\\/\\\/www.eldiario.net\\\/portal\\\/2025\\\/02\\\/12\\\/plantean-apertura-del-bloque-de-unidad-a-la-sociedad-civil\\\/#primaryimage\"},\"image\":{\"@id\":\"https:\\\/\\\/www.eldiario.net\\\/portal\\\/2025\\\/02\\\/12\\\/plantean-apertura-del-bloque-de-unidad-a-la-sociedad-civil\\\/#primaryimage\"},\"thumbnailUrl\":\"https:\\\/\\\/www.eldiario.net\\\/portal\\\/wp-content\\\/uploads\\\/2025\\\/02\\\/40-POL.jpeg\",\"datePublished\":\"2025-02-12T10:10:37+00:00\",\"breadcrumb\":{\"@id\":\"https:\\\/\\\/www.eldiario.net\\\/portal\\\/2025\\\/02\\\/12\\\/plantean-apertura-del-bloque-de-unidad-a-la-sociedad-civil\\\/#breadcrumb\"},\"inLanguage\":\"es\",\"potentialAction\":[{\"@type\":\"ReadAction\",\"target\":[\"https:\\\/\\\/www.eldiario.net\\\/portal\\\/2025\\\/02\\\/12\\\/plantean-apertura-del-bloque-de-unidad-a-la-sociedad-civil\\\/\"]}]},{\"@type\":\"ImageObject\",\"inLanguage\":\"es\",\"@id\":\"https:\\\/\\\/www.eldiario.net\\\/portal\\\/2025\\\/02\\\/12\\\/plantean-apertura-del-bloque-de-unidad-a-la-sociedad-civil\\\/#primaryimage\",\"url\":\"https:\\\/\\\/www.eldiario.net\\\/portal\\\/wp-content\\\/uploads\\\/2025\\\/02\\\/40-POL.jpeg\",\"contentUrl\":\"https:\\\/\\\/www.eldiario.net\\\/portal\\\/wp-content\\\/uploads\\\/2025\\\/02\\\/40-POL.jpeg\",\"width\":720,\"height\":399,\"caption\":\"L\u00edderes del Bloque de Unidad (Referencial)\"},{\"@type\":\"BreadcrumbList\",\"@id\":\"https:\\\/\\\/www.eldiario.net\\\/portal\\\/2025\\\/02\\\/12\\\/plantean-apertura-del-bloque-de-unidad-a-la-sociedad-civil\\\/#breadcrumb\",\"itemListElement\":[{\"@type\":\"ListItem\",\"position\":1,\"name\":\"Portada\",\"item\":\"https:\\\/\\\/www.eldiario.net\\\/portal\\\/\"},{\"@type\":\"ListItem\",\"position\":2,\"name\":\"Plantean apertura del bloque de unidad a la sociedad civil\"}]},{\"@type\":\"WebSite\",\"@id\":\"https:\\\/\\\/www.eldiario.net\\\/portal\\\/#website\",\"url\":\"https:\\\/\\\/www.eldiario.net\\\/portal\\\/\",\"name\":\"El Diario - Decano de la prensa nacional\",\"description\":\"El Diario - Decano de la prensa nacional\",\"publisher\":{\"@id\":\"https:\\\/\\\/www.eldiario.net\\\/portal\\\/#organization\"},\"potentialAction\":[{\"@type\":\"SearchAction\",\"target\":{\"@type\":\"EntryPoint\",\"urlTemplate\":\"https:\\\/\\\/www.eldiario.net\\\/portal\\\/?s={search_term_string}\"},\"query-input\":{\"@type\":\"PropertyValueSpecification\",\"valueRequired\":true,\"valueName\":\"search_term_string\"}}],\"inLanguage\":\"es\"},{\"@type\":\"Organization\",\"@id\":\"https:\\\/\\\/www.eldiario.net\\\/portal\\\/#organization\",\"name\":\"El Diario - Decano de la prensa nacional\",\"url\":\"https:\\\/\\\/www.eldiario.net\\\/portal\\\/\",\"logo\":{\"@type\":\"ImageObject\",\"inLanguage\":\"es\",\"@id\":\"https:\\\/\\\/www.eldiario.net\\\/portal\\\/#\\\/schema\\\/logo\\\/image\\\/\",\"url\":\"https:\\\/\\\/www.eldiario.net\\\/portal\\\/wp-content\\\/uploads\\\/2023\\\/07\\\/logo_ED.jpg\",\"contentUrl\":\"https:\\\/\\\/www.eldiario.net\\\/portal\\\/wp-content\\\/uploads\\\/2023\\\/07\\\/logo_ED.jpg\",\"width\":272,\"height\":52,\"caption\":\"El Diario - Decano de la prensa nacional\"},\"image\":{\"@id\":\"https:\\\/\\\/www.eldiario.net\\\/portal\\\/#\\\/schema\\\/logo\\\/image\\\/\"},\"sameAs\":[\"https:\\\/\\\/www.facebook.com\\\/eldiario.bolivia\\\/\",\"https:\\\/\\\/x.com\\\/eldiario_net\"]},{\"@type\":\"Person\",\"@id\":\"https:\\\/\\\/www.eldiario.net\\\/portal\\\/#\\\/schema\\\/person\\\/f46445640444750d7d753ccd04ae01b7\",\"name\":\"Jeanette\",\"image\":{\"@type\":\"ImageObject\",\"inLanguage\":\"es\",\"@id\":\"https:\\\/\\\/secure.gravatar.com\\\/avatar\\\/3ea2118a5f7dad2b7138b1187a6b7ee55f160b9968b66013c3a3ef39dd7e5798?s=96&d=mm&r=g\",\"url\":\"https:\\\/\\\/secure.gravatar.com\\\/avatar\\\/3ea2118a5f7dad2b7138b1187a6b7ee55f160b9968b66013c3a3ef39dd7e5798?s=96&d=mm&r=g\",\"contentUrl\":\"https:\\\/\\\/secure.gravatar.com\\\/avatar\\\/3ea2118a5f7dad2b7138b1187a6b7ee55f160b9968b66013c3a3ef39dd7e5798?s=96&d=mm&r=g\",\"caption\":\"Jeanette\"},\"sameAs\":[\"https:\\\/\\\/www.eldiario.net\\\/portal\"],\"url\":\"https:\\\/\\\/www.eldiario.net\\\/portal\\\/author\\\/jeanette\\\/\"}]}<\/script>\n<!-- \/ Yoast SEO plugin. -->","yoast_head_json":{"title":"Plantean apertura del bloque de unidad a la sociedad civil - El Diario - Bolivia","robots":{"index":"index","follow":"follow","max-snippet":"max-snippet:-1","max-image-preview":"max-image-preview:large","max-video-preview":"max-video-preview:-1"},"canonical":"https:\/\/www.eldiario.net\/portal\/2025\/02\/12\/plantean-apertura-del-bloque-de-unidad-a-la-sociedad-civil\/","og_locale":"es_ES","og_type":"article","og_title":"Plantean apertura del bloque de unidad a la sociedad civil - El Diario - Bolivia","og_description":"Expresando preocupaci\u00f3n por el grado de aceptaci\u00f3n logrado con el denominado \u201cbloque de unidad\u201d que plantea una candidatura \u00fanica de la oposici\u00f3n para enfrentar al \u201cmasismo\u201d en las pr\u00f3ximas elecciones generales, un grupo de ciudadanos y legisladores propone integrar en este acuerdo a personalidades y organizaciones de la sociedad civil. Recordando que una amplia mayor\u00eda [&hellip;]","og_url":"https:\/\/www.eldiario.net\/portal\/2025\/02\/12\/plantean-apertura-del-bloque-de-unidad-a-la-sociedad-civil\/","og_site_name":"El Diario - Bolivia","article_publisher":"https:\/\/www.facebook.com\/eldiario.bolivia\/","article_published_time":"2025-02-12T10:10:37+00:00","og_image":[{"width":720,"height":399,"url":"https:\/\/www.eldiario.net\/portal\/wp-content\/uploads\/2025\/02\/40-POL.jpeg","type":"image\/jpeg"}],"author":"Jeanette","twitter_card":"summary_large_image","twitter_creator":"@eldiario_net","twitter_site":"@eldiario_net","twitter_misc":{"Escrito por":"Jeanette","Tiempo de lectura":"4 minutos"},"schema":{"@context":"https:\/\/schema.org","@graph":[{"@type":"Article","@id":"https:\/\/www.eldiario.net\/portal\/2025\/02\/12\/plantean-apertura-del-bloque-de-unidad-a-la-sociedad-civil\/#article","isPartOf":{"@id":"https:\/\/www.eldiario.net\/portal\/2025\/02\/12\/plantean-apertura-del-bloque-de-unidad-a-la-sociedad-civil\/"},"author":{"name":"Jeanette","@id":"https:\/\/www.eldiario.net\/portal\/#\/schema\/person\/f46445640444750d7d753ccd04ae01b7"},"headline":"Plantean apertura del bloque de unidad a la sociedad civil","datePublished":"2025-02-12T10:10:37+00:00","mainEntityOfPage":{"@id":"https:\/\/www.eldiario.net\/portal\/2025\/02\/12\/plantean-apertura-del-bloque-de-unidad-a-la-sociedad-civil\/"},"wordCount":854,"publisher":{"@id":"https:\/\/www.eldiario.net\/portal\/#organization"},"image":{"@id":"https:\/\/www.eldiario.net\/portal\/2025\/02\/12\/plantean-apertura-del-bloque-de-unidad-a-la-sociedad-civil\/#primaryimage"},"thumbnailUrl":"https:\/\/www.eldiario.net\/portal\/wp-content\/uploads\/2025\/02\/40-POL.jpeg","articleSection":["Pol\u00edtica"],"inLanguage":"es"},{"@type":"WebPage","@id":"https:\/\/www.eldiario.net\/portal\/2025\/02\/12\/plantean-apertura-del-bloque-de-unidad-a-la-sociedad-civil\/","url":"https:\/\/www.eldiario.net\/portal\/2025\/02\/12\/plantean-apertura-del-bloque-de-unidad-a-la-sociedad-civil\/","name":"Plantean apertura del bloque de unidad a la sociedad civil - El Diario - Bolivia","isPartOf":{"@id":"https:\/\/www.eldiario.net\/portal\/#website"},"primaryImageOfPage":{"@id":"https:\/\/www.eldiario.net\/portal\/2025\/02\/12\/plantean-apertura-del-bloque-de-unidad-a-la-sociedad-civil\/#primaryimage"},"image":{"@id":"https:\/\/www.eldiario.net\/portal\/2025\/02\/12\/plantean-apertura-del-bloque-de-unidad-a-la-sociedad-civil\/#primaryimage"},"thumbnailUrl":"https:\/\/www.eldiario.net\/portal\/wp-content\/uploads\/2025\/02\/40-POL.jpeg","datePublished":"2025-02-12T10:10:37+00:00","breadcrumb":{"@id":"https:\/\/www.eldiario.net\/portal\/2025\/02\/12\/plantean-apertura-del-bloque-de-unidad-a-la-sociedad-civil\/#breadcrumb"},"inLanguage":"es","potentialAction":[{"@type":"ReadAction","target":["https:\/\/www.eldiario.net\/portal\/2025\/02\/12\/plantean-apertura-del-bloque-de-unidad-a-la-sociedad-civil\/"]}]},{"@type":"ImageObject","inLanguage":"es","@id":"https:\/\/www.eldiario.net\/portal\/2025\/02\/12\/plantean-apertura-del-bloque-de-unidad-a-la-sociedad-civil\/#primaryimage","url":"https:\/\/www.eldiario.net\/portal\/wp-content\/uploads\/2025\/02\/40-POL.jpeg","contentUrl":"https:\/\/www.eldiario.net\/portal\/wp-content\/uploads\/2025\/02\/40-POL.jpeg","width":720,"height":399,"caption":"L\u00edderes del Bloque de Unidad (Referencial)"},{"@type":"BreadcrumbList","@id":"https:\/\/www.eldiario.net\/portal\/2025\/02\/12\/plantean-apertura-del-bloque-de-unidad-a-la-sociedad-civil\/#breadcrumb","itemListElement":[{"@type":"ListItem","position":1,"name":"Portada","item":"https:\/\/www.eldiario.net\/portal\/"},{"@type":"ListItem","position":2,"name":"Plantean apertura del bloque de unidad a la sociedad civil"}]},{"@type":"WebSite","@id":"https:\/\/www.eldiario.net\/portal\/#website","url":"https:\/\/www.eldiario.net\/portal\/","name":"El Diario - Decano de la prensa nacional","description":"El Diario - Decano de la prensa nacional","publisher":{"@id":"https:\/\/www.eldiario.net\/portal\/#organization"},"potentialAction":[{"@type":"SearchAction","target":{"@type":"EntryPoint","urlTemplate":"https:\/\/www.eldiario.net\/portal\/?s={search_term_string}"},"query-input":{"@type":"PropertyValueSpecification","valueRequired":true,"valueName":"search_term_string"}}],"inLanguage":"es"},{"@type":"Organization","@id":"https:\/\/www.eldiario.net\/portal\/#organization","name":"El Diario - Decano de la prensa nacional","url":"https:\/\/www.eldiario.net\/portal\/","logo":{"@type":"ImageObject","inLanguage":"es","@id":"https:\/\/www.eldiario.net\/portal\/#\/schema\/logo\/image\/","url":"https:\/\/www.eldiario.net\/portal\/wp-content\/uploads\/2023\/07\/logo_ED.jpg","contentUrl":"https:\/\/www.eldiario.net\/portal\/wp-content\/uploads\/2023\/07\/logo_ED.jpg","width":272,"height":52,"caption":"El Diario - Decano de la prensa nacional"},"image":{"@id":"https:\/\/www.eldiario.net\/portal\/#\/schema\/logo\/image\/"},"sameAs":["https:\/\/www.facebook.com\/eldiario.bolivia\/","https:\/\/x.com\/eldiario_net"]},{"@type":"Person","@id":"https:\/\/www.eldiario.net\/portal\/#\/schema\/person\/f46445640444750d7d753ccd04ae01b7","name":"Jeanette","image":{"@type":"ImageObject","inLanguage":"es","@id":"https:\/\/secure.gravatar.com\/avatar\/3ea2118a5f7dad2b7138b1187a6b7ee55f160b9968b66013c3a3ef39dd7e5798?s=96&d=mm&r=g","url":"https:\/\/secure.gravatar.com\/avatar\/3ea2118a5f7dad2b7138b1187a6b7ee55f160b9968b66013c3a3ef39dd7e5798?s=96&d=mm&r=g","contentUrl":"https:\/\/secure.gravatar.com\/avatar\/3ea2118a5f7dad2b7138b1187a6b7ee55f160b9968b66013c3a3ef39dd7e5798?s=96&d=mm&r=g","caption":"Jeanette"},"sameAs":["https:\/\/www.eldiario.net\/portal"],"url":"https:\/\/www.eldiario.net\/portal\/author\/jeanette\/"}]}},"_links":{"self":[{"href":"https:\/\/www.eldiario.net\/portal\/wp-json\/wp\/v2\/posts\/281237","targetHints":{"allow":["GET"]}}],"collection":[{"href":"https:\/\/www.eldiario.net\/portal\/wp-json\/wp\/v2\/posts"}],"about":[{"href":"https:\/\/www.eldiario.net\/portal\/wp-json\/wp\/v2\/types\/post"}],"author":[{"embeddable":true,"href":"https:\/\/www.eldiario.net\/portal\/wp-json\/wp\/v2\/users\/1"}],"replies":[{"embeddable":true,"href":"https:\/\/www.eldiario.net\/portal\/wp-json\/wp\/v2\/comments?post=281237"}],"version-history":[{"count":1,"href":"https:\/\/www.eldiario.net\/portal\/wp-json\/wp\/v2\/posts\/281237\/revisions"}],"predecessor-version":[{"id":281239,"href":"https:\/\/www.eldiario.net\/portal\/wp-json\/wp\/v2\/posts\/281237\/revisions\/281239"}],"wp:featuredmedia":[{"embeddable":true,"href":"https:\/\/www.eldiario.net\/portal\/wp-json\/wp\/v2\/media\/281238"}],"wp:attachment":[{"href":"https:\/\/www.eldiario.net\/portal\/wp-json\/wp\/v2\/media?parent=281237"}],"wp:term":[{"taxonomy":"category","embeddable":true,"href":"https:\/\/www.eldiario.net\/portal\/wp-json\/wp\/v2\/categories?post=281237"},{"taxonomy":"post_tag","embeddable":true,"href":"https:\/\/www.eldiario.net\/portal\/wp-json\/wp\/v2\/tags?post=281237"}],"curies":[{"name":"wp","href":"https:\/\/api.w.org\/{rel}","templated":true}]}}