{"id":281234,"date":"2025-02-12T06:10:07","date_gmt":"2025-02-12T10:10:07","guid":{"rendered":"https:\/\/www.eldiario.net\/portal\/?p=281234"},"modified":"2025-02-12T06:10:07","modified_gmt":"2025-02-12T10:10:07","slug":"toribia-lero-oficializa-denuncia-contra-diputado-hector-arce","status":"publish","type":"post","link":"https:\/\/www.eldiario.net\/portal\/2025\/02\/12\/toribia-lero-oficializa-denuncia-contra-diputado-hector-arce\/","title":{"rendered":"Toribia Lero oficializa denuncia  contra diputado H\u00e9ctor Arce"},"content":{"rendered":"<p>La diputada por Comunidad Ciudadana (CC), Toribia Lero Quispe, oficializ\u00f3 una denuncia por violencia pol\u00edtica y discriminaci\u00f3n ante la Comisi\u00f3n de \u00c9tica de la C\u00e1mara de Diputados, en contra de su colega H\u00e9ctor Arce, del Movimiento al Socialismo (MAS), adem\u00e1s adelant\u00f3 el inicio de otro proceso por la v\u00eda penal.<br \/>\n\u201cEl diputado no solo ha mellado mi dignidad como autoridad, sino que se ha afectado a la dignidad de todos los hermanos que estamos en pol\u00edtica, denunciando graves hechos de violencia y vulneraciones contra los pueblos ind\u00edgenas\u201d, sostuvo la legisladora en conferencia de prensa.<br \/>\nSeg\u00fan Lero, las palabras y actos del diputado Arce se deben a que actores pol\u00edticos ajenos y contrarios al Movimiento al Socialismo han levantado la voz para decirle al \u201cmasismo\u201d sus verdades y reclamar respeto a los derechos e intereses del pueblo boliviano.<br \/>\n\u201cTodo lo que ha dicho sobre m\u00ed es para acallarnos y se diga que a los ind\u00edgenas solo los representa el MAS, es para eso. Quieren hacer ver que no hay otra opci\u00f3n pol\u00edtica que no sea el partido azul. Nos quieren arrinconar\u201d, agreg\u00f3.<br \/>\nAsimismo, adelant\u00f3 que se esperar\u00e1 el cumplimiento de todos los plazos establecidos en los reglamentos internos de la C\u00e1mara de Diputados relacionados a denuncias ante la Comisi\u00f3n de \u00c9tica, pese a ello, se proceder\u00e1 de forma paralela ante las instancias judiciales que corresponda.<br \/>\n\u201c\u00c9l tiene que demostrar todas las acusaciones que ha vertido en mi contra (\u2026), vamos a seguir con la denuncia ante el Ministerio P\u00fablico\u201d, a\u00f1adi\u00f3.<br \/>\nDurante la sesi\u00f3n 44 de la C\u00e1mara de Diputados, el diputado H\u00e9ctor Arce, del MAS, acus\u00f3 a la segunda vicepresidenta de esta instancia legislativa, Toribia Lero, de ocupar una silla en la directiva \u201cde la manera m\u00e1s sucia y abominable\u201d, por supuestamente, legitimar a una \u201cdirectiva trucha\u201d, presidida por el \u201carcista\u201d Omar Yujra.<br \/>\n\u201cSaludar a nuestra futura presidenta del Estado Plurinacional de Bolivia, la diputada Toribia Lero (\u2026). Pero me estaba preguntando yo, se ha proclamado candidata y ha sido capaz de ocupar esa silla de la manera m\u00e1s sucia. \u00bfC\u00f3mo es posible que se proclame candidata, realmente me causa risa, de la manera m\u00e1s sucia y abominable est\u00e1 ocupando esa silla, esa dirigencia trucha, oiga tiene moral usted?\u201d, expres\u00f3 Arce.<br \/>\nDesde sus redes sociales, el expresidente y l\u00edder de Comunidad Ciudadana, Carlos Mesa Gisbert, instruy\u00f3 a su jefatura de bancada en Diputados, sumarse a la denuncia y demandar celeridad en el proceso.<br \/>\n\u201cExpreso mi profundo respeto y gratitud con la diputada Toribia Lero, parlamentaria, dirigente, Mag\u00edster en Derechos Ind\u00edgenas y Desarrollo, y digna integrante de la Naci\u00f3n Sura del Estado Plurinacional de Bolivia, que la pasada semana fue objeto de una agresi\u00f3n racista y machista por parte de un diputado \u2018masista\u2019 (\u2026), que este hecho que deshonra a la Asamblea Legislativa, no quede impune\u201d, public\u00f3 el exmandatario.<\/p>\n","protected":false},"excerpt":{"rendered":"<p>La diputada por Comunidad Ciudadana (CC), Toribia Lero Quispe, oficializ\u00f3 una denuncia por violencia pol\u00edtica y discriminaci\u00f3n ante la Comisi\u00f3n de \u00c9tica de la C\u00e1mara de Diputados, en contra de su colega H\u00e9ctor Arce, del Movimiento al Socialismo (MAS), adem\u00e1s adelant\u00f3 el inicio de otro proceso por la v\u00eda penal. \u201cEl diputado no solo ha [&hellip;]<\/p>\n","protected":false},"author":1,"featured_media":281235,"comment_status":"closed","ping_status":"open","sticky":false,"template":"","format":"standard","meta":{"_acf_changed":false,"footnotes":""},"categories":[14],"tags":[],"class_list":["post-281234","post","type-post","status-publish","format-standard","has-post-thumbnail","category-politica"],"acf":{"antetitulo":"Discriminaci\u00f3n y violencia pol\u00edtica"},"yoast_head":"<!-- This site is optimized with the Yoast SEO plugin v28.4 - https:\/\/yoast.com\/product\/yoast-seo-wordpress\/ -->\n<title>Toribia Lero oficializa denuncia contra diputado H\u00e9ctor Arce - El Diario - Bolivia<\/title>\n<meta name=\"robots\" content=\"index, follow, max-snippet:-1, max-image-preview:large, max-video-preview:-1\" \/>\n<link rel=\"canonical\" href=\"https:\/\/www.eldiario.net\/portal\/2025\/02\/12\/toribia-lero-oficializa-denuncia-contra-diputado-hector-arce\/\" \/>\n<meta property=\"og:locale\" content=\"es_ES\" \/>\n<meta property=\"og:type\" content=\"article\" \/>\n<meta property=\"og:title\" content=\"Toribia Lero oficializa denuncia contra diputado H\u00e9ctor Arce - El Diario - Bolivia\" \/>\n<meta property=\"og:description\" content=\"La diputada por Comunidad Ciudadana (CC), Toribia Lero Quispe, oficializ\u00f3 una denuncia por violencia pol\u00edtica y discriminaci\u00f3n ante la Comisi\u00f3n de \u00c9tica de la C\u00e1mara de Diputados, en contra de su colega H\u00e9ctor Arce, del Movimiento al Socialismo (MAS), adem\u00e1s adelant\u00f3 el inicio de otro proceso por la v\u00eda penal. \u201cEl diputado no solo ha [&hellip;]\" \/>\n<meta property=\"og:url\" content=\"https:\/\/www.eldiario.net\/portal\/2025\/02\/12\/toribia-lero-oficializa-denuncia-contra-diputado-hector-arce\/\" \/>\n<meta property=\"og:site_name\" content=\"El Diario - Bolivia\" \/>\n<meta property=\"article:publisher\" content=\"https:\/\/www.facebook.com\/eldiario.bolivia\/\" \/>\n<meta property=\"article:published_time\" content=\"2025-02-12T10:10:07+00:00\" \/>\n<meta property=\"og:image\" content=\"https:\/\/www.eldiario.net\/portal\/wp-content\/uploads\/2025\/02\/41-POL-6.jpg\" \/>\n\t<meta property=\"og:image:width\" content=\"1280\" \/>\n\t<meta property=\"og:image:height\" content=\"847\" \/>\n\t<meta property=\"og:image:type\" content=\"image\/jpeg\" \/>\n<meta name=\"author\" content=\"Jeanette\" \/>\n<meta name=\"twitter:card\" content=\"summary_large_image\" \/>\n<meta name=\"twitter:creator\" content=\"@eldiario_net\" \/>\n<meta name=\"twitter:site\" content=\"@eldiario_net\" \/>\n<meta name=\"twitter:label1\" content=\"Escrito por\" \/>\n\t<meta name=\"twitter:data1\" content=\"Jeanette\" \/>\n\t<meta name=\"twitter:label2\" content=\"Tiempo de lectura\" \/>\n\t<meta name=\"twitter:data2\" content=\"3 minutos\" \/>\n<script type=\"application\/ld+json\" class=\"yoast-schema-graph\">{\"@context\":\"https:\\\/\\\/schema.org\",\"@graph\":[{\"@type\":\"Article\",\"@id\":\"https:\\\/\\\/www.eldiario.net\\\/portal\\\/2025\\\/02\\\/12\\\/toribia-lero-oficializa-denuncia-contra-diputado-hector-arce\\\/#article\",\"isPartOf\":{\"@id\":\"https:\\\/\\\/www.eldiario.net\\\/portal\\\/2025\\\/02\\\/12\\\/toribia-lero-oficializa-denuncia-contra-diputado-hector-arce\\\/\"},\"author\":{\"name\":\"Jeanette\",\"@id\":\"https:\\\/\\\/www.eldiario.net\\\/portal\\\/#\\\/schema\\\/person\\\/2c57cf2b7a7ae032e449e4c9b1019eac\"},\"headline\":\"Toribia Lero oficializa denuncia contra diputado H\u00e9ctor Arce\",\"datePublished\":\"2025-02-12T10:10:07+00:00\",\"mainEntityOfPage\":{\"@id\":\"https:\\\/\\\/www.eldiario.net\\\/portal\\\/2025\\\/02\\\/12\\\/toribia-lero-oficializa-denuncia-contra-diputado-hector-arce\\\/\"},\"wordCount\":502,\"publisher\":{\"@id\":\"https:\\\/\\\/www.eldiario.net\\\/portal\\\/#organization\"},\"image\":{\"@id\":\"https:\\\/\\\/www.eldiario.net\\\/portal\\\/2025\\\/02\\\/12\\\/toribia-lero-oficializa-denuncia-contra-diputado-hector-arce\\\/#primaryimage\"},\"thumbnailUrl\":\"https:\\\/\\\/www.eldiario.net\\\/portal\\\/wp-content\\\/uploads\\\/2025\\\/02\\\/41-POL-6.jpg\",\"articleSection\":[\"Pol\u00edtica\"],\"inLanguage\":\"es\"},{\"@type\":\"WebPage\",\"@id\":\"https:\\\/\\\/www.eldiario.net\\\/portal\\\/2025\\\/02\\\/12\\\/toribia-lero-oficializa-denuncia-contra-diputado-hector-arce\\\/\",\"url\":\"https:\\\/\\\/www.eldiario.net\\\/portal\\\/2025\\\/02\\\/12\\\/toribia-lero-oficializa-denuncia-contra-diputado-hector-arce\\\/\",\"name\":\"Toribia Lero oficializa denuncia contra diputado H\u00e9ctor Arce - El Diario - Bolivia\",\"isPartOf\":{\"@id\":\"https:\\\/\\\/www.eldiario.net\\\/portal\\\/#website\"},\"primaryImageOfPage\":{\"@id\":\"https:\\\/\\\/www.eldiario.net\\\/portal\\\/2025\\\/02\\\/12\\\/toribia-lero-oficializa-denuncia-contra-diputado-hector-arce\\\/#primaryimage\"},\"image\":{\"@id\":\"https:\\\/\\\/www.eldiario.net\\\/portal\\\/2025\\\/02\\\/12\\\/toribia-lero-oficializa-denuncia-contra-diputado-hector-arce\\\/#primaryimage\"},\"thumbnailUrl\":\"https:\\\/\\\/www.eldiario.net\\\/portal\\\/wp-content\\\/uploads\\\/2025\\\/02\\\/41-POL-6.jpg\",\"datePublished\":\"2025-02-12T10:10:07+00:00\",\"breadcrumb\":{\"@id\":\"https:\\\/\\\/www.eldiario.net\\\/portal\\\/2025\\\/02\\\/12\\\/toribia-lero-oficializa-denuncia-contra-diputado-hector-arce\\\/#breadcrumb\"},\"inLanguage\":\"es\",\"potentialAction\":[{\"@type\":\"ReadAction\",\"target\":[\"https:\\\/\\\/www.eldiario.net\\\/portal\\\/2025\\\/02\\\/12\\\/toribia-lero-oficializa-denuncia-contra-diputado-hector-arce\\\/\"]}]},{\"@type\":\"ImageObject\",\"inLanguage\":\"es\",\"@id\":\"https:\\\/\\\/www.eldiario.net\\\/portal\\\/2025\\\/02\\\/12\\\/toribia-lero-oficializa-denuncia-contra-diputado-hector-arce\\\/#primaryimage\",\"url\":\"https:\\\/\\\/www.eldiario.net\\\/portal\\\/wp-content\\\/uploads\\\/2025\\\/02\\\/41-POL-6.jpg\",\"contentUrl\":\"https:\\\/\\\/www.eldiario.net\\\/portal\\\/wp-content\\\/uploads\\\/2025\\\/02\\\/41-POL-6.jpg\",\"width\":1280,\"height\":847},{\"@type\":\"BreadcrumbList\",\"@id\":\"https:\\\/\\\/www.eldiario.net\\\/portal\\\/2025\\\/02\\\/12\\\/toribia-lero-oficializa-denuncia-contra-diputado-hector-arce\\\/#breadcrumb\",\"itemListElement\":[{\"@type\":\"ListItem\",\"position\":1,\"name\":\"Portada\",\"item\":\"https:\\\/\\\/www.eldiario.net\\\/portal\\\/\"},{\"@type\":\"ListItem\",\"position\":2,\"name\":\"Toribia Lero oficializa denuncia contra diputado H\u00e9ctor Arce\"}]},{\"@type\":\"WebSite\",\"@id\":\"https:\\\/\\\/www.eldiario.net\\\/portal\\\/#website\",\"url\":\"https:\\\/\\\/www.eldiario.net\\\/portal\\\/\",\"name\":\"El Diario - Decano de la prensa nacional\",\"description\":\"El Diario - Decano de la prensa nacional\",\"publisher\":{\"@id\":\"https:\\\/\\\/www.eldiario.net\\\/portal\\\/#organization\"},\"potentialAction\":[{\"@type\":\"SearchAction\",\"target\":{\"@type\":\"EntryPoint\",\"urlTemplate\":\"https:\\\/\\\/www.eldiario.net\\\/portal\\\/?s={search_term_string}\"},\"query-input\":{\"@type\":\"PropertyValueSpecification\",\"valueRequired\":true,\"valueName\":\"search_term_string\"}}],\"inLanguage\":\"es\"},{\"@type\":\"Organization\",\"@id\":\"https:\\\/\\\/www.eldiario.net\\\/portal\\\/#organization\",\"name\":\"El Diario - Decano de la prensa nacional\",\"url\":\"https:\\\/\\\/www.eldiario.net\\\/portal\\\/\",\"logo\":{\"@type\":\"ImageObject\",\"inLanguage\":\"es\",\"@id\":\"https:\\\/\\\/www.eldiario.net\\\/portal\\\/#\\\/schema\\\/logo\\\/image\\\/\",\"url\":\"https:\\\/\\\/www.eldiario.net\\\/portal\\\/wp-content\\\/uploads\\\/2023\\\/07\\\/logo_ED.jpg\",\"contentUrl\":\"https:\\\/\\\/www.eldiario.net\\\/portal\\\/wp-content\\\/uploads\\\/2023\\\/07\\\/logo_ED.jpg\",\"width\":272,\"height\":52,\"caption\":\"El Diario - Decano de la prensa nacional\"},\"image\":{\"@id\":\"https:\\\/\\\/www.eldiario.net\\\/portal\\\/#\\\/schema\\\/logo\\\/image\\\/\"},\"sameAs\":[\"https:\\\/\\\/www.facebook.com\\\/eldiario.bolivia\\\/\",\"https:\\\/\\\/x.com\\\/eldiario_net\"]},{\"@type\":\"Person\",\"@id\":\"https:\\\/\\\/www.eldiario.net\\\/portal\\\/#\\\/schema\\\/person\\\/2c57cf2b7a7ae032e449e4c9b1019eac\",\"name\":\"Jeanette\",\"image\":{\"@type\":\"ImageObject\",\"inLanguage\":\"es\",\"@id\":\"https:\\\/\\\/secure.gravatar.com\\\/avatar\\\/3ea2118a5f7dad2b7138b1187a6b7ee55f160b9968b66013c3a3ef39dd7e5798?s=96&d=mm&r=g\",\"url\":\"https:\\\/\\\/secure.gravatar.com\\\/avatar\\\/3ea2118a5f7dad2b7138b1187a6b7ee55f160b9968b66013c3a3ef39dd7e5798?s=96&d=mm&r=g\",\"contentUrl\":\"https:\\\/\\\/secure.gravatar.com\\\/avatar\\\/3ea2118a5f7dad2b7138b1187a6b7ee55f160b9968b66013c3a3ef39dd7e5798?s=96&d=mm&r=g\",\"caption\":\"Jeanette\"},\"sameAs\":[\"https:\\\/\\\/www.eldiario.net\\\/portal\"],\"url\":\"https:\\\/\\\/www.eldiario.net\\\/portal\\\/author\\\/jeanette\\\/\"}]}<\/script>\n<!-- \/ Yoast SEO plugin. -->","yoast_head_json":{"title":"Toribia Lero oficializa denuncia contra diputado H\u00e9ctor Arce - El Diario - Bolivia","robots":{"index":"index","follow":"follow","max-snippet":"max-snippet:-1","max-image-preview":"max-image-preview:large","max-video-preview":"max-video-preview:-1"},"canonical":"https:\/\/www.eldiario.net\/portal\/2025\/02\/12\/toribia-lero-oficializa-denuncia-contra-diputado-hector-arce\/","og_locale":"es_ES","og_type":"article","og_title":"Toribia Lero oficializa denuncia contra diputado H\u00e9ctor Arce - El Diario - Bolivia","og_description":"La diputada por Comunidad Ciudadana (CC), Toribia Lero Quispe, oficializ\u00f3 una denuncia por violencia pol\u00edtica y discriminaci\u00f3n ante la Comisi\u00f3n de \u00c9tica de la C\u00e1mara de Diputados, en contra de su colega H\u00e9ctor Arce, del Movimiento al Socialismo (MAS), adem\u00e1s adelant\u00f3 el inicio de otro proceso por la v\u00eda penal. \u201cEl diputado no solo ha [&hellip;]","og_url":"https:\/\/www.eldiario.net\/portal\/2025\/02\/12\/toribia-lero-oficializa-denuncia-contra-diputado-hector-arce\/","og_site_name":"El Diario - Bolivia","article_publisher":"https:\/\/www.facebook.com\/eldiario.bolivia\/","article_published_time":"2025-02-12T10:10:07+00:00","og_image":[{"width":1280,"height":847,"url":"https:\/\/www.eldiario.net\/portal\/wp-content\/uploads\/2025\/02\/41-POL-6.jpg","type":"image\/jpeg"}],"author":"Jeanette","twitter_card":"summary_large_image","twitter_creator":"@eldiario_net","twitter_site":"@eldiario_net","twitter_misc":{"Escrito por":"Jeanette","Tiempo de lectura":"3 minutos"},"schema":{"@context":"https:\/\/schema.org","@graph":[{"@type":"Article","@id":"https:\/\/www.eldiario.net\/portal\/2025\/02\/12\/toribia-lero-oficializa-denuncia-contra-diputado-hector-arce\/#article","isPartOf":{"@id":"https:\/\/www.eldiario.net\/portal\/2025\/02\/12\/toribia-lero-oficializa-denuncia-contra-diputado-hector-arce\/"},"author":{"name":"Jeanette","@id":"https:\/\/www.eldiario.net\/portal\/#\/schema\/person\/2c57cf2b7a7ae032e449e4c9b1019eac"},"headline":"Toribia Lero oficializa denuncia contra diputado H\u00e9ctor Arce","datePublished":"2025-02-12T10:10:07+00:00","mainEntityOfPage":{"@id":"https:\/\/www.eldiario.net\/portal\/2025\/02\/12\/toribia-lero-oficializa-denuncia-contra-diputado-hector-arce\/"},"wordCount":502,"publisher":{"@id":"https:\/\/www.eldiario.net\/portal\/#organization"},"image":{"@id":"https:\/\/www.eldiario.net\/portal\/2025\/02\/12\/toribia-lero-oficializa-denuncia-contra-diputado-hector-arce\/#primaryimage"},"thumbnailUrl":"https:\/\/www.eldiario.net\/portal\/wp-content\/uploads\/2025\/02\/41-POL-6.jpg","articleSection":["Pol\u00edtica"],"inLanguage":"es"},{"@type":"WebPage","@id":"https:\/\/www.eldiario.net\/portal\/2025\/02\/12\/toribia-lero-oficializa-denuncia-contra-diputado-hector-arce\/","url":"https:\/\/www.eldiario.net\/portal\/2025\/02\/12\/toribia-lero-oficializa-denuncia-contra-diputado-hector-arce\/","name":"Toribia Lero oficializa denuncia contra diputado H\u00e9ctor Arce - El Diario - Bolivia","isPartOf":{"@id":"https:\/\/www.eldiario.net\/portal\/#website"},"primaryImageOfPage":{"@id":"https:\/\/www.eldiario.net\/portal\/2025\/02\/12\/toribia-lero-oficializa-denuncia-contra-diputado-hector-arce\/#primaryimage"},"image":{"@id":"https:\/\/www.eldiario.net\/portal\/2025\/02\/12\/toribia-lero-oficializa-denuncia-contra-diputado-hector-arce\/#primaryimage"},"thumbnailUrl":"https:\/\/www.eldiario.net\/portal\/wp-content\/uploads\/2025\/02\/41-POL-6.jpg","datePublished":"2025-02-12T10:10:07+00:00","breadcrumb":{"@id":"https:\/\/www.eldiario.net\/portal\/2025\/02\/12\/toribia-lero-oficializa-denuncia-contra-diputado-hector-arce\/#breadcrumb"},"inLanguage":"es","potentialAction":[{"@type":"ReadAction","target":["https:\/\/www.eldiario.net\/portal\/2025\/02\/12\/toribia-lero-oficializa-denuncia-contra-diputado-hector-arce\/"]}]},{"@type":"ImageObject","inLanguage":"es","@id":"https:\/\/www.eldiario.net\/portal\/2025\/02\/12\/toribia-lero-oficializa-denuncia-contra-diputado-hector-arce\/#primaryimage","url":"https:\/\/www.eldiario.net\/portal\/wp-content\/uploads\/2025\/02\/41-POL-6.jpg","contentUrl":"https:\/\/www.eldiario.net\/portal\/wp-content\/uploads\/2025\/02\/41-POL-6.jpg","width":1280,"height":847},{"@type":"BreadcrumbList","@id":"https:\/\/www.eldiario.net\/portal\/2025\/02\/12\/toribia-lero-oficializa-denuncia-contra-diputado-hector-arce\/#breadcrumb","itemListElement":[{"@type":"ListItem","position":1,"name":"Portada","item":"https:\/\/www.eldiario.net\/portal\/"},{"@type":"ListItem","position":2,"name":"Toribia Lero oficializa denuncia contra diputado H\u00e9ctor Arce"}]},{"@type":"WebSite","@id":"https:\/\/www.eldiario.net\/portal\/#website","url":"https:\/\/www.eldiario.net\/portal\/","name":"El Diario - Decano de la prensa nacional","description":"El Diario - Decano de la prensa nacional","publisher":{"@id":"https:\/\/www.eldiario.net\/portal\/#organization"},"potentialAction":[{"@type":"SearchAction","target":{"@type":"EntryPoint","urlTemplate":"https:\/\/www.eldiario.net\/portal\/?s={search_term_string}"},"query-input":{"@type":"PropertyValueSpecification","valueRequired":true,"valueName":"search_term_string"}}],"inLanguage":"es"},{"@type":"Organization","@id":"https:\/\/www.eldiario.net\/portal\/#organization","name":"El Diario - Decano de la prensa nacional","url":"https:\/\/www.eldiario.net\/portal\/","logo":{"@type":"ImageObject","inLanguage":"es","@id":"https:\/\/www.eldiario.net\/portal\/#\/schema\/logo\/image\/","url":"https:\/\/www.eldiario.net\/portal\/wp-content\/uploads\/2023\/07\/logo_ED.jpg","contentUrl":"https:\/\/www.eldiario.net\/portal\/wp-content\/uploads\/2023\/07\/logo_ED.jpg","width":272,"height":52,"caption":"El Diario - Decano de la prensa nacional"},"image":{"@id":"https:\/\/www.eldiario.net\/portal\/#\/schema\/logo\/image\/"},"sameAs":["https:\/\/www.facebook.com\/eldiario.bolivia\/","https:\/\/x.com\/eldiario_net"]},{"@type":"Person","@id":"https:\/\/www.eldiario.net\/portal\/#\/schema\/person\/2c57cf2b7a7ae032e449e4c9b1019eac","name":"Jeanette","image":{"@type":"ImageObject","inLanguage":"es","@id":"https:\/\/secure.gravatar.com\/avatar\/3ea2118a5f7dad2b7138b1187a6b7ee55f160b9968b66013c3a3ef39dd7e5798?s=96&d=mm&r=g","url":"https:\/\/secure.gravatar.com\/avatar\/3ea2118a5f7dad2b7138b1187a6b7ee55f160b9968b66013c3a3ef39dd7e5798?s=96&d=mm&r=g","contentUrl":"https:\/\/secure.gravatar.com\/avatar\/3ea2118a5f7dad2b7138b1187a6b7ee55f160b9968b66013c3a3ef39dd7e5798?s=96&d=mm&r=g","caption":"Jeanette"},"sameAs":["https:\/\/www.eldiario.net\/portal"],"url":"https:\/\/www.eldiario.net\/portal\/author\/jeanette\/"}]}},"_links":{"self":[{"href":"https:\/\/www.eldiario.net\/portal\/wp-json\/wp\/v2\/posts\/281234","targetHints":{"allow":["GET"]}}],"collection":[{"href":"https:\/\/www.eldiario.net\/portal\/wp-json\/wp\/v2\/posts"}],"about":[{"href":"https:\/\/www.eldiario.net\/portal\/wp-json\/wp\/v2\/types\/post"}],"author":[{"embeddable":true,"href":"https:\/\/www.eldiario.net\/portal\/wp-json\/wp\/v2\/users\/1"}],"replies":[{"embeddable":true,"href":"https:\/\/www.eldiario.net\/portal\/wp-json\/wp\/v2\/comments?post=281234"}],"version-history":[{"count":1,"href":"https:\/\/www.eldiario.net\/portal\/wp-json\/wp\/v2\/posts\/281234\/revisions"}],"predecessor-version":[{"id":281236,"href":"https:\/\/www.eldiario.net\/portal\/wp-json\/wp\/v2\/posts\/281234\/revisions\/281236"}],"wp:featuredmedia":[{"embeddable":true,"href":"https:\/\/www.eldiario.net\/portal\/wp-json\/wp\/v2\/media\/281235"}],"wp:attachment":[{"href":"https:\/\/www.eldiario.net\/portal\/wp-json\/wp\/v2\/media?parent=281234"}],"wp:term":[{"taxonomy":"category","embeddable":true,"href":"https:\/\/www.eldiario.net\/portal\/wp-json\/wp\/v2\/categories?post=281234"},{"taxonomy":"post_tag","embeddable":true,"href":"https:\/\/www.eldiario.net\/portal\/wp-json\/wp\/v2\/tags?post=281234"}],"curies":[{"name":"wp","href":"https:\/\/api.w.org\/{rel}","templated":true}]}}