{"id":280767,"date":"2025-02-10T05:21:11","date_gmt":"2025-02-10T09:21:11","guid":{"rendered":"https:\/\/www.eldiario.net\/portal\/?p=280767"},"modified":"2025-02-10T05:21:11","modified_gmt":"2025-02-10T09:21:11","slug":"el-saqueo-del-litio-en-el-gran-salar-de-tunupa","status":"publish","type":"post","link":"https:\/\/www.eldiario.net\/portal\/2025\/02\/10\/el-saqueo-del-litio-en-el-gran-salar-de-tunupa\/","title":{"rendered":"El saqueo del litio en el Gran Salar de Tunupa"},"content":{"rendered":"<p>Antecedentes<\/p>\n<p>En el delta del r\u00edo Grande de L\u00edpez, ubicado en el Sur-Este del Gran Salar de Tunupa, existen aproximadamente 430 mil toneladas m\u00e9tricas (TM) de Litio, que equivalen a 2.287.600 toneladas de carbonato de litio, (430.000 TM x 5,32 TM), seg\u00fan las investigaciones realizadas por la Orstom y la UMSA de La Paz.<br \/>\nSabemos que, entre 1978 y 1985 se realiz\u00f3 una serie de estudios que fueron ejecutados por el Instituto de Investigaci\u00f3n para el Desarrollo y la Cooperaci\u00f3n del gobierno franc\u00e9s: \u201cOrstom\u201d, bajo la direcci\u00f3n del Dr. Francois Risacher, en trabajo conjunto con los investigadores de la Universidad Mayor de San Andr\u00e9s de la ciudad de La Paz (UMSA). En esa oportunidad, ya se identific\u00f3 la existencia de litio entre 700 a 2000 mg por litro de salmuera (1).<\/p>\n<p>Concentraci\u00f3n de litio en el Delta del<br \/>\nR\u00edo Grande y todo el salar<br \/>\nEn la desembocadura del R\u00edo Grande de L\u00edpez, est\u00e1 el m\u00e1s rico yacimiento de litio, con respecto a otras \u00e1reas del Gran Salar de Tunupa. La zona de la desembocadura del R\u00edo Grande de L\u00edpez ha sido estudiada y analizada de forma seria y minuciosa por los t\u00e9cnicos franceses y los t\u00e9cnicos de la UMSA de La Paz.<br \/>\nPor otro lado, el Gobierno boliviano habla de la existencia de 21 millones de toneladas de litio en toda la superficie del Gran Salar de Tunupa; sin embargo, este dato es muy dudoso, porque no se ha demostrado ni se conoce como han realizado las investigaciones cient\u00edficas sobre el contenido de litio en toda el \u00e1rea del salar (aprox. 10.000 Km2), por lo tanto, los datos, las cifras y los vol\u00famenes de litio, que maneje el gobierno, pr\u00e1cticamente se desconoce o son una falacia.<\/p>\n<p>Ubicaci\u00f3n y recursos yacentes<br \/>\nEl Gran Salar de Tunupa es una de los m\u00e1s grandes salares del mundo (2). \u201cEst\u00e1 ubicado a 3.653 metros de altura en la depresi\u00f3n central del altiplano boliviano\u201d e \u00edntegramente ubicado en la jurisdicci\u00f3n territorial de la provincia Daniel Campos del departamento de Potos\u00ed-Bolivia. \u201cEl litio, potasio y magnesio se presentan casi exclusivamente como iones en las salmueras. Los dem\u00e1s elementos se encuentran a la vez en las salmueras y en las sales\u201d (3).<br \/>\nSeg\u00fan el estudio del Dr. F. Risacher se ha identificado hasta 8 elementos qu\u00edmicos (4), que est\u00e1n yacentes en el Gran Salar de Tunupa: Cloro (Cl), Sulfatos (SO4), Sodio (Na), Boro (B), Potasio (K), Litio (Li), Calcio (Ca) y Magnesio (Mg), que a\u00fan no han sido explotados a nivel industrial o en cantidades industriales.<\/p>\n<p>Datos sobre elementos qu\u00edmicos en el<br \/>\n\u00e1rea de R\u00edo Grande<br \/>\n1) Cada tonelada de litio significa 5,32 toneladas de carbonato de litio, es decir, que en el Delta del R\u00edo Grande de L\u00edpez, existe 2.287.600 TM de carbonato de litio (430.000 TM de Li x 5,32 TM de Li2CO3).<br \/>\n2) El Gobierno ha firmado contratos con la empresa rusa Uranion One Group y la empresa china CBC, y el Parlamento boliviano est\u00e1 en plena consideraci\u00f3n de los contratos para aprobar o rechazar los mismos.<br \/>\n3) As\u00ed mismo, cada una de las empresas citadas producir\u00edan 15 mil TM a\u00f1o de carbonato de Litio, entonces se puede decir que Bolivia podr\u00eda producir un total de 30 mil TM de Li2CO3 de aqu\u00ed en 5 a\u00f1os y durante 25 a\u00f1os<br \/>\n4) En 25 a\u00f1os, tanto la empresa rusa como la empresa china, extraer\u00e1n del delta del R\u00edo Grande, 750.000 TM de carbonato de litio (30.000 TM x 25 a\u00f1os)<br \/>\n5) Las 750.000 TM de carbonato de litio, que explotar\u00e1n los rusos y chinos, significa el 32,78 % (750.000 dividido entre 2.287.600) del volumen de carbonato de litio existente, en el \u00e1rea de del R\u00edo Grande.<\/p>\n<p>Conclusiones<br \/>\nPrimero.- En estas condiciones, el saqueo del litio, en el \u00e1rea de la desembocadura del R\u00edo Grande de L\u00edpez, es muy preocupante, porque los chinos y rusos desean llevarse el carbonato de litio, que es materia prima.<br \/>\nSegundo.- Las empresas rusa y china explotar\u00e1n la zona m\u00e1s rica en contenido de litio.<br \/>\nTercero.- A los chinos y rusos no les interesa la industrializaci\u00f3n del litio, sino llevarse la materia prima.<br \/>\nCuarto.- Una vez m\u00e1s, Potos\u00ed, concretamente la provincia Daniel Campos, ser\u00e1 la m\u00e1s afectada por el saqueo del litio en el Gran Salar de Tunupa y est\u00e1 condenada a vivir en la pobreza y miseria.<\/p>\n<p>Notas<br \/>\n1) Francois Risacher: Estudio Econ\u00f3mico del salar de Uyuni, p\u00e1g. 31, Informe No. 17 del 17 de agosto de 1989.<br \/>\n2) Ibid: p\u00e1g. 3<br \/>\n3) Ibid: p\u00e1g. 3<br \/>\n4) Ibid: p\u00e1g. 58<\/p>\n<p>El autor es Economista, experto en temas sobre las aguas del Silala y litio.<\/p>\n<p>E-Mail: milton.lerida1953@gmail.com<\/p>\n","protected":false},"excerpt":{"rendered":"<p>Antecedentes En el delta del r\u00edo Grande de L\u00edpez, ubicado en el Sur-Este del Gran Salar de Tunupa, existen aproximadamente 430 mil toneladas m\u00e9tricas (TM) de Litio, que equivalen a 2.287.600 toneladas de carbonato de litio, (430.000 TM x 5,32 TM), seg\u00fan las investigaciones realizadas por la Orstom y la UMSA de La Paz. Sabemos [&hellip;]<\/p>\n","protected":false},"author":1,"featured_media":192430,"comment_status":"closed","ping_status":"open","sticky":false,"template":"","format":"standard","meta":{"_acf_changed":false,"footnotes":""},"categories":[9],"tags":[],"class_list":["post-280767","post","type-post","status-publish","format-standard","has-post-thumbnail","category-opinion"],"acf":{"antetitulo":""},"yoast_head":"<!-- This site is optimized with the Yoast SEO plugin v28.3 - https:\/\/yoast.com\/product\/yoast-seo-wordpress\/ -->\n<title>El saqueo del litio en el Gran Salar de Tunupa - El Diario - Bolivia<\/title>\n<meta name=\"robots\" content=\"index, follow, max-snippet:-1, max-image-preview:large, max-video-preview:-1\" \/>\n<link rel=\"canonical\" href=\"https:\/\/www.eldiario.net\/portal\/2025\/02\/10\/el-saqueo-del-litio-en-el-gran-salar-de-tunupa\/\" \/>\n<meta property=\"og:locale\" content=\"es_ES\" \/>\n<meta property=\"og:type\" content=\"article\" \/>\n<meta property=\"og:title\" content=\"El saqueo del litio en el Gran Salar de Tunupa - El Diario - Bolivia\" \/>\n<meta property=\"og:description\" content=\"Antecedentes En el delta del r\u00edo Grande de L\u00edpez, ubicado en el Sur-Este del Gran Salar de Tunupa, existen aproximadamente 430 mil toneladas m\u00e9tricas (TM) de Litio, que equivalen a 2.287.600 toneladas de carbonato de litio, (430.000 TM x 5,32 TM), seg\u00fan las investigaciones realizadas por la Orstom y la UMSA de La Paz. Sabemos [&hellip;]\" \/>\n<meta property=\"og:url\" content=\"https:\/\/www.eldiario.net\/portal\/2025\/02\/10\/el-saqueo-del-litio-en-el-gran-salar-de-tunupa\/\" \/>\n<meta property=\"og:site_name\" content=\"El Diario - Bolivia\" \/>\n<meta property=\"article:publisher\" content=\"https:\/\/www.facebook.com\/eldiario.bolivia\/\" \/>\n<meta property=\"article:published_time\" content=\"2025-02-10T09:21:11+00:00\" \/>\n<meta property=\"og:image\" content=\"https:\/\/www.eldiario.net\/portal\/wp-content\/uploads\/2023\/12\/Milton-L.-Lerida-Aguirre.jpg\" \/>\n\t<meta property=\"og:image:width\" content=\"1200\" \/>\n\t<meta property=\"og:image:height\" content=\"628\" \/>\n\t<meta property=\"og:image:type\" content=\"image\/jpeg\" \/>\n<meta name=\"author\" content=\"Jeanette\" \/>\n<meta name=\"twitter:card\" content=\"summary_large_image\" \/>\n<meta name=\"twitter:creator\" content=\"@eldiario_net\" \/>\n<meta name=\"twitter:site\" content=\"@eldiario_net\" \/>\n<meta name=\"twitter:label1\" content=\"Escrito por\" \/>\n\t<meta name=\"twitter:data1\" content=\"Jeanette\" \/>\n\t<meta name=\"twitter:label2\" content=\"Tiempo de lectura\" \/>\n\t<meta name=\"twitter:data2\" content=\"4 minutos\" \/>\n<script type=\"application\/ld+json\" class=\"yoast-schema-graph\">{\"@context\":\"https:\\\/\\\/schema.org\",\"@graph\":[{\"@type\":\"Article\",\"@id\":\"https:\\\/\\\/www.eldiario.net\\\/portal\\\/2025\\\/02\\\/10\\\/el-saqueo-del-litio-en-el-gran-salar-de-tunupa\\\/#article\",\"isPartOf\":{\"@id\":\"https:\\\/\\\/www.eldiario.net\\\/portal\\\/2025\\\/02\\\/10\\\/el-saqueo-del-litio-en-el-gran-salar-de-tunupa\\\/\"},\"author\":{\"name\":\"Jeanette\",\"@id\":\"https:\\\/\\\/www.eldiario.net\\\/portal\\\/#\\\/schema\\\/person\\\/f46445640444750d7d753ccd04ae01b7\"},\"headline\":\"El saqueo del litio en el Gran Salar de Tunupa\",\"datePublished\":\"2025-02-10T09:21:11+00:00\",\"mainEntityOfPage\":{\"@id\":\"https:\\\/\\\/www.eldiario.net\\\/portal\\\/2025\\\/02\\\/10\\\/el-saqueo-del-litio-en-el-gran-salar-de-tunupa\\\/\"},\"wordCount\":795,\"publisher\":{\"@id\":\"https:\\\/\\\/www.eldiario.net\\\/portal\\\/#organization\"},\"image\":{\"@id\":\"https:\\\/\\\/www.eldiario.net\\\/portal\\\/2025\\\/02\\\/10\\\/el-saqueo-del-litio-en-el-gran-salar-de-tunupa\\\/#primaryimage\"},\"thumbnailUrl\":\"https:\\\/\\\/www.eldiario.net\\\/portal\\\/wp-content\\\/uploads\\\/2023\\\/12\\\/Milton-L.-Lerida-Aguirre.jpg\",\"articleSection\":[\"Opini\u00f3n\"],\"inLanguage\":\"es\"},{\"@type\":\"WebPage\",\"@id\":\"https:\\\/\\\/www.eldiario.net\\\/portal\\\/2025\\\/02\\\/10\\\/el-saqueo-del-litio-en-el-gran-salar-de-tunupa\\\/\",\"url\":\"https:\\\/\\\/www.eldiario.net\\\/portal\\\/2025\\\/02\\\/10\\\/el-saqueo-del-litio-en-el-gran-salar-de-tunupa\\\/\",\"name\":\"El saqueo del litio en el Gran Salar de Tunupa - El Diario - Bolivia\",\"isPartOf\":{\"@id\":\"https:\\\/\\\/www.eldiario.net\\\/portal\\\/#website\"},\"primaryImageOfPage\":{\"@id\":\"https:\\\/\\\/www.eldiario.net\\\/portal\\\/2025\\\/02\\\/10\\\/el-saqueo-del-litio-en-el-gran-salar-de-tunupa\\\/#primaryimage\"},\"image\":{\"@id\":\"https:\\\/\\\/www.eldiario.net\\\/portal\\\/2025\\\/02\\\/10\\\/el-saqueo-del-litio-en-el-gran-salar-de-tunupa\\\/#primaryimage\"},\"thumbnailUrl\":\"https:\\\/\\\/www.eldiario.net\\\/portal\\\/wp-content\\\/uploads\\\/2023\\\/12\\\/Milton-L.-Lerida-Aguirre.jpg\",\"datePublished\":\"2025-02-10T09:21:11+00:00\",\"breadcrumb\":{\"@id\":\"https:\\\/\\\/www.eldiario.net\\\/portal\\\/2025\\\/02\\\/10\\\/el-saqueo-del-litio-en-el-gran-salar-de-tunupa\\\/#breadcrumb\"},\"inLanguage\":\"es\",\"potentialAction\":[{\"@type\":\"ReadAction\",\"target\":[\"https:\\\/\\\/www.eldiario.net\\\/portal\\\/2025\\\/02\\\/10\\\/el-saqueo-del-litio-en-el-gran-salar-de-tunupa\\\/\"]}]},{\"@type\":\"ImageObject\",\"inLanguage\":\"es\",\"@id\":\"https:\\\/\\\/www.eldiario.net\\\/portal\\\/2025\\\/02\\\/10\\\/el-saqueo-del-litio-en-el-gran-salar-de-tunupa\\\/#primaryimage\",\"url\":\"https:\\\/\\\/www.eldiario.net\\\/portal\\\/wp-content\\\/uploads\\\/2023\\\/12\\\/Milton-L.-Lerida-Aguirre.jpg\",\"contentUrl\":\"https:\\\/\\\/www.eldiario.net\\\/portal\\\/wp-content\\\/uploads\\\/2023\\\/12\\\/Milton-L.-Lerida-Aguirre.jpg\",\"width\":1200,\"height\":628,\"caption\":\"Milton L. L\u00e9rida Aguirre\"},{\"@type\":\"BreadcrumbList\",\"@id\":\"https:\\\/\\\/www.eldiario.net\\\/portal\\\/2025\\\/02\\\/10\\\/el-saqueo-del-litio-en-el-gran-salar-de-tunupa\\\/#breadcrumb\",\"itemListElement\":[{\"@type\":\"ListItem\",\"position\":1,\"name\":\"Portada\",\"item\":\"https:\\\/\\\/www.eldiario.net\\\/portal\\\/\"},{\"@type\":\"ListItem\",\"position\":2,\"name\":\"El saqueo del litio en el Gran Salar de Tunupa\"}]},{\"@type\":\"WebSite\",\"@id\":\"https:\\\/\\\/www.eldiario.net\\\/portal\\\/#website\",\"url\":\"https:\\\/\\\/www.eldiario.net\\\/portal\\\/\",\"name\":\"El Diario - Decano de la prensa nacional\",\"description\":\"El Diario - Decano de la prensa nacional\",\"publisher\":{\"@id\":\"https:\\\/\\\/www.eldiario.net\\\/portal\\\/#organization\"},\"potentialAction\":[{\"@type\":\"SearchAction\",\"target\":{\"@type\":\"EntryPoint\",\"urlTemplate\":\"https:\\\/\\\/www.eldiario.net\\\/portal\\\/?s={search_term_string}\"},\"query-input\":{\"@type\":\"PropertyValueSpecification\",\"valueRequired\":true,\"valueName\":\"search_term_string\"}}],\"inLanguage\":\"es\"},{\"@type\":\"Organization\",\"@id\":\"https:\\\/\\\/www.eldiario.net\\\/portal\\\/#organization\",\"name\":\"El Diario - Decano de la prensa nacional\",\"url\":\"https:\\\/\\\/www.eldiario.net\\\/portal\\\/\",\"logo\":{\"@type\":\"ImageObject\",\"inLanguage\":\"es\",\"@id\":\"https:\\\/\\\/www.eldiario.net\\\/portal\\\/#\\\/schema\\\/logo\\\/image\\\/\",\"url\":\"https:\\\/\\\/www.eldiario.net\\\/portal\\\/wp-content\\\/uploads\\\/2023\\\/07\\\/logo_ED.jpg\",\"contentUrl\":\"https:\\\/\\\/www.eldiario.net\\\/portal\\\/wp-content\\\/uploads\\\/2023\\\/07\\\/logo_ED.jpg\",\"width\":272,\"height\":52,\"caption\":\"El Diario - Decano de la prensa nacional\"},\"image\":{\"@id\":\"https:\\\/\\\/www.eldiario.net\\\/portal\\\/#\\\/schema\\\/logo\\\/image\\\/\"},\"sameAs\":[\"https:\\\/\\\/www.facebook.com\\\/eldiario.bolivia\\\/\",\"https:\\\/\\\/x.com\\\/eldiario_net\"]},{\"@type\":\"Person\",\"@id\":\"https:\\\/\\\/www.eldiario.net\\\/portal\\\/#\\\/schema\\\/person\\\/f46445640444750d7d753ccd04ae01b7\",\"name\":\"Jeanette\",\"image\":{\"@type\":\"ImageObject\",\"inLanguage\":\"es\",\"@id\":\"https:\\\/\\\/secure.gravatar.com\\\/avatar\\\/3ea2118a5f7dad2b7138b1187a6b7ee55f160b9968b66013c3a3ef39dd7e5798?s=96&d=mm&r=g\",\"url\":\"https:\\\/\\\/secure.gravatar.com\\\/avatar\\\/3ea2118a5f7dad2b7138b1187a6b7ee55f160b9968b66013c3a3ef39dd7e5798?s=96&d=mm&r=g\",\"contentUrl\":\"https:\\\/\\\/secure.gravatar.com\\\/avatar\\\/3ea2118a5f7dad2b7138b1187a6b7ee55f160b9968b66013c3a3ef39dd7e5798?s=96&d=mm&r=g\",\"caption\":\"Jeanette\"},\"sameAs\":[\"https:\\\/\\\/www.eldiario.net\\\/portal\"],\"url\":\"https:\\\/\\\/www.eldiario.net\\\/portal\\\/author\\\/jeanette\\\/\"}]}<\/script>\n<!-- \/ Yoast SEO plugin. -->","yoast_head_json":{"title":"El saqueo del litio en el Gran Salar de Tunupa - El Diario - Bolivia","robots":{"index":"index","follow":"follow","max-snippet":"max-snippet:-1","max-image-preview":"max-image-preview:large","max-video-preview":"max-video-preview:-1"},"canonical":"https:\/\/www.eldiario.net\/portal\/2025\/02\/10\/el-saqueo-del-litio-en-el-gran-salar-de-tunupa\/","og_locale":"es_ES","og_type":"article","og_title":"El saqueo del litio en el Gran Salar de Tunupa - El Diario - Bolivia","og_description":"Antecedentes En el delta del r\u00edo Grande de L\u00edpez, ubicado en el Sur-Este del Gran Salar de Tunupa, existen aproximadamente 430 mil toneladas m\u00e9tricas (TM) de Litio, que equivalen a 2.287.600 toneladas de carbonato de litio, (430.000 TM x 5,32 TM), seg\u00fan las investigaciones realizadas por la Orstom y la UMSA de La Paz. Sabemos [&hellip;]","og_url":"https:\/\/www.eldiario.net\/portal\/2025\/02\/10\/el-saqueo-del-litio-en-el-gran-salar-de-tunupa\/","og_site_name":"El Diario - Bolivia","article_publisher":"https:\/\/www.facebook.com\/eldiario.bolivia\/","article_published_time":"2025-02-10T09:21:11+00:00","og_image":[{"width":1200,"height":628,"url":"https:\/\/www.eldiario.net\/portal\/wp-content\/uploads\/2023\/12\/Milton-L.-Lerida-Aguirre.jpg","type":"image\/jpeg"}],"author":"Jeanette","twitter_card":"summary_large_image","twitter_creator":"@eldiario_net","twitter_site":"@eldiario_net","twitter_misc":{"Escrito por":"Jeanette","Tiempo de lectura":"4 minutos"},"schema":{"@context":"https:\/\/schema.org","@graph":[{"@type":"Article","@id":"https:\/\/www.eldiario.net\/portal\/2025\/02\/10\/el-saqueo-del-litio-en-el-gran-salar-de-tunupa\/#article","isPartOf":{"@id":"https:\/\/www.eldiario.net\/portal\/2025\/02\/10\/el-saqueo-del-litio-en-el-gran-salar-de-tunupa\/"},"author":{"name":"Jeanette","@id":"https:\/\/www.eldiario.net\/portal\/#\/schema\/person\/f46445640444750d7d753ccd04ae01b7"},"headline":"El saqueo del litio en el Gran Salar de Tunupa","datePublished":"2025-02-10T09:21:11+00:00","mainEntityOfPage":{"@id":"https:\/\/www.eldiario.net\/portal\/2025\/02\/10\/el-saqueo-del-litio-en-el-gran-salar-de-tunupa\/"},"wordCount":795,"publisher":{"@id":"https:\/\/www.eldiario.net\/portal\/#organization"},"image":{"@id":"https:\/\/www.eldiario.net\/portal\/2025\/02\/10\/el-saqueo-del-litio-en-el-gran-salar-de-tunupa\/#primaryimage"},"thumbnailUrl":"https:\/\/www.eldiario.net\/portal\/wp-content\/uploads\/2023\/12\/Milton-L.-Lerida-Aguirre.jpg","articleSection":["Opini\u00f3n"],"inLanguage":"es"},{"@type":"WebPage","@id":"https:\/\/www.eldiario.net\/portal\/2025\/02\/10\/el-saqueo-del-litio-en-el-gran-salar-de-tunupa\/","url":"https:\/\/www.eldiario.net\/portal\/2025\/02\/10\/el-saqueo-del-litio-en-el-gran-salar-de-tunupa\/","name":"El saqueo del litio en el Gran Salar de Tunupa - El Diario - Bolivia","isPartOf":{"@id":"https:\/\/www.eldiario.net\/portal\/#website"},"primaryImageOfPage":{"@id":"https:\/\/www.eldiario.net\/portal\/2025\/02\/10\/el-saqueo-del-litio-en-el-gran-salar-de-tunupa\/#primaryimage"},"image":{"@id":"https:\/\/www.eldiario.net\/portal\/2025\/02\/10\/el-saqueo-del-litio-en-el-gran-salar-de-tunupa\/#primaryimage"},"thumbnailUrl":"https:\/\/www.eldiario.net\/portal\/wp-content\/uploads\/2023\/12\/Milton-L.-Lerida-Aguirre.jpg","datePublished":"2025-02-10T09:21:11+00:00","breadcrumb":{"@id":"https:\/\/www.eldiario.net\/portal\/2025\/02\/10\/el-saqueo-del-litio-en-el-gran-salar-de-tunupa\/#breadcrumb"},"inLanguage":"es","potentialAction":[{"@type":"ReadAction","target":["https:\/\/www.eldiario.net\/portal\/2025\/02\/10\/el-saqueo-del-litio-en-el-gran-salar-de-tunupa\/"]}]},{"@type":"ImageObject","inLanguage":"es","@id":"https:\/\/www.eldiario.net\/portal\/2025\/02\/10\/el-saqueo-del-litio-en-el-gran-salar-de-tunupa\/#primaryimage","url":"https:\/\/www.eldiario.net\/portal\/wp-content\/uploads\/2023\/12\/Milton-L.-Lerida-Aguirre.jpg","contentUrl":"https:\/\/www.eldiario.net\/portal\/wp-content\/uploads\/2023\/12\/Milton-L.-Lerida-Aguirre.jpg","width":1200,"height":628,"caption":"Milton L. L\u00e9rida Aguirre"},{"@type":"BreadcrumbList","@id":"https:\/\/www.eldiario.net\/portal\/2025\/02\/10\/el-saqueo-del-litio-en-el-gran-salar-de-tunupa\/#breadcrumb","itemListElement":[{"@type":"ListItem","position":1,"name":"Portada","item":"https:\/\/www.eldiario.net\/portal\/"},{"@type":"ListItem","position":2,"name":"El saqueo del litio en el Gran Salar de Tunupa"}]},{"@type":"WebSite","@id":"https:\/\/www.eldiario.net\/portal\/#website","url":"https:\/\/www.eldiario.net\/portal\/","name":"El Diario - Decano de la prensa nacional","description":"El Diario - Decano de la prensa nacional","publisher":{"@id":"https:\/\/www.eldiario.net\/portal\/#organization"},"potentialAction":[{"@type":"SearchAction","target":{"@type":"EntryPoint","urlTemplate":"https:\/\/www.eldiario.net\/portal\/?s={search_term_string}"},"query-input":{"@type":"PropertyValueSpecification","valueRequired":true,"valueName":"search_term_string"}}],"inLanguage":"es"},{"@type":"Organization","@id":"https:\/\/www.eldiario.net\/portal\/#organization","name":"El Diario - Decano de la prensa nacional","url":"https:\/\/www.eldiario.net\/portal\/","logo":{"@type":"ImageObject","inLanguage":"es","@id":"https:\/\/www.eldiario.net\/portal\/#\/schema\/logo\/image\/","url":"https:\/\/www.eldiario.net\/portal\/wp-content\/uploads\/2023\/07\/logo_ED.jpg","contentUrl":"https:\/\/www.eldiario.net\/portal\/wp-content\/uploads\/2023\/07\/logo_ED.jpg","width":272,"height":52,"caption":"El Diario - Decano de la prensa nacional"},"image":{"@id":"https:\/\/www.eldiario.net\/portal\/#\/schema\/logo\/image\/"},"sameAs":["https:\/\/www.facebook.com\/eldiario.bolivia\/","https:\/\/x.com\/eldiario_net"]},{"@type":"Person","@id":"https:\/\/www.eldiario.net\/portal\/#\/schema\/person\/f46445640444750d7d753ccd04ae01b7","name":"Jeanette","image":{"@type":"ImageObject","inLanguage":"es","@id":"https:\/\/secure.gravatar.com\/avatar\/3ea2118a5f7dad2b7138b1187a6b7ee55f160b9968b66013c3a3ef39dd7e5798?s=96&d=mm&r=g","url":"https:\/\/secure.gravatar.com\/avatar\/3ea2118a5f7dad2b7138b1187a6b7ee55f160b9968b66013c3a3ef39dd7e5798?s=96&d=mm&r=g","contentUrl":"https:\/\/secure.gravatar.com\/avatar\/3ea2118a5f7dad2b7138b1187a6b7ee55f160b9968b66013c3a3ef39dd7e5798?s=96&d=mm&r=g","caption":"Jeanette"},"sameAs":["https:\/\/www.eldiario.net\/portal"],"url":"https:\/\/www.eldiario.net\/portal\/author\/jeanette\/"}]}},"_links":{"self":[{"href":"https:\/\/www.eldiario.net\/portal\/wp-json\/wp\/v2\/posts\/280767","targetHints":{"allow":["GET"]}}],"collection":[{"href":"https:\/\/www.eldiario.net\/portal\/wp-json\/wp\/v2\/posts"}],"about":[{"href":"https:\/\/www.eldiario.net\/portal\/wp-json\/wp\/v2\/types\/post"}],"author":[{"embeddable":true,"href":"https:\/\/www.eldiario.net\/portal\/wp-json\/wp\/v2\/users\/1"}],"replies":[{"embeddable":true,"href":"https:\/\/www.eldiario.net\/portal\/wp-json\/wp\/v2\/comments?post=280767"}],"version-history":[{"count":1,"href":"https:\/\/www.eldiario.net\/portal\/wp-json\/wp\/v2\/posts\/280767\/revisions"}],"predecessor-version":[{"id":280768,"href":"https:\/\/www.eldiario.net\/portal\/wp-json\/wp\/v2\/posts\/280767\/revisions\/280768"}],"wp:featuredmedia":[{"embeddable":true,"href":"https:\/\/www.eldiario.net\/portal\/wp-json\/wp\/v2\/media\/192430"}],"wp:attachment":[{"href":"https:\/\/www.eldiario.net\/portal\/wp-json\/wp\/v2\/media?parent=280767"}],"wp:term":[{"taxonomy":"category","embeddable":true,"href":"https:\/\/www.eldiario.net\/portal\/wp-json\/wp\/v2\/categories?post=280767"},{"taxonomy":"post_tag","embeddable":true,"href":"https:\/\/www.eldiario.net\/portal\/wp-json\/wp\/v2\/tags?post=280767"}],"curies":[{"name":"wp","href":"https:\/\/api.w.org\/{rel}","templated":true}]}}