{"id":280761,"date":"2025-02-10T05:19:53","date_gmt":"2025-02-10T09:19:53","guid":{"rendered":"https:\/\/www.eldiario.net\/portal\/?p=280761"},"modified":"2025-02-10T05:19:53","modified_gmt":"2025-02-10T09:19:53","slug":"evo-morales-principal-politico-de-derecha-del-pais","status":"publish","type":"post","link":"https:\/\/www.eldiario.net\/portal\/2025\/02\/10\/evo-morales-principal-politico-de-derecha-del-pais\/","title":{"rendered":"Evo Morales, principal pol\u00edtico de derecha del pa\u00eds"},"content":{"rendered":"<p>Los te\u00f3ricos del r\u00e9gimen del Estado Plurinacional han recurrido a la t\u00e1ctica de decir que la oposici\u00f3n pol\u00edtica de amplios sectores de la poblaci\u00f3n boliviana es de \u201cderecha\u201d y que la pol\u00edtica del gobierno del Estado Plurinacional y sus seguidores es de \u201cizquierda\u201d, tanto que los se\u00f1alados con esos t\u00edtulos han aceptado a ciegas esas definiciones.<br \/>\nSin embargo, ese procedimiento es una falsedad, ya que toda regla tiene sus excepciones, comprobables. En primer lugar, la pol\u00edtica general del MAS est\u00e1 contenida tanto en su pr\u00e1ctica de gobierno, como en la Constituci\u00f3n Pol\u00edtica vigente (tambi\u00e9n aceptada y defendida por la oposici\u00f3n oficialista).<br \/>\nEn efecto, la orientaci\u00f3n de esa Constituci\u00f3n est\u00e1 dirigida hacia el pasado y no hacia el futuro. Determina retroceder al primitivo sistema comunitario y no a la democracia econ\u00f3mica. Es m\u00e1s, no solo est\u00e1 orientada a recular a la comunidad rural, sino a la gentilicia que se basaba en relaciones consangu\u00edneas y a\u00fan m\u00e1s atr\u00e1s. Entonces, para disimular, a esa f\u00f3rmula ultra derechista, le han agregado que, sin pasar previamente por la etapa capitalista, se llegar\u00e1 al socialismo en un proceso de unos dos mil a\u00f1os. Esa pol\u00edtica es populista. Y el MAS y sus jefes son eso: populistas confesos, ideolog\u00eda que fracas\u00f3 tanto en la teor\u00eda como en la pr\u00e1ctica, desde hace m\u00e1s de cien a\u00f1os.<br \/>\nQuerer hacer retroceder el tiempo y ofrecer un para\u00edso de palabras implica, con toda propiedad, no solo ser de derecha, sino de ultra derecha. Otra manifestaci\u00f3n de esa derecha es sacar al pa\u00eds de un colonialismo malo y someterlo a un colonialismo peor, es decir, \u201csaltamos\u201d de la sart\u00e9n a las brasas. As\u00ed, la medicina result\u00f3 peor que la enfermedad.<br \/>\nUna persona pol\u00edtica \u00fanicamente puede ser de izquierda o de derecha con relaci\u00f3n a la realidad hist\u00f3rica de su propio pa\u00eds. A diferencia de los llamados \u201cizquierdistas abstractos\u201d, que sirven a cualquier clase de pa\u00eds, a intereses for\u00e1neos.<br \/>\nEn el caso boliviano, la realidad hist\u00f3rica y no el deseo de los individuos define si un individuo es de una u otra de esas tendencias. En t\u00e9rminos espec\u00edficos, Bolivia ha salido reci\u00e9n de la condici\u00f3n feudal y est\u00e1 pasando al estadio democr\u00e1tico, pero el MAS quiere restaurar el feudalismo y hacer retroceder pa\u00eds hasta la comunidad. Por ello act\u00faa como de derecha, por m\u00e1s que nos ofrezca soluciones ut\u00f3picas. Tampoco puede ser considerado de izquierda, como el PIR de 1946 y el POR y el PCB y otros de 1964 que, a t\u00edtulo de izquierda, tumbaron a gobiernos de orientaci\u00f3n revolucionaria y devolvieron el poder a los m\u00e1s reaccionarios. Pero, a la vez, fueron sacados con violencia, pasado alg\u00fan tiempo.<br \/>\nTambi\u00e9n, ahora, son de derecha y ultra derecha quienes se oponen al desarrollo econ\u00f3mico del pa\u00eds, arrebatando a millones de campesinos ind\u00edgenas el derecho de propiedad sobre sus parcelas (y quienes lo hicieron dicen que son sus \u201chermanos\u201d y se califican como izquierdistas). Ese despojo ha sido establecido en la Constituci\u00f3n Pol\u00edtica en vigencia, as\u00ed como se anul\u00f3 otros derechos econ\u00f3micos por los que lucharon los campesinos desde tiempos de T\u00fapac Katari.<br \/>\nPor todo eso, desde Evo Morales hasta el \u00faltimo de sus partidarios no son de izquierda. Son derechistas a carta cabal. Y representan la prolongaci\u00f3n de la contrarrevoluci\u00f3n de 1964. Ni qu\u00e9 decir de esos pregoneros del \u201cproceso de cambio\u201d, del \u201cinstrumento pol\u00edtico\u201d, del \u201cpluralismo\u201d y otras abstracciones. Efectivamente, mientras el movimiento econ\u00f3mico de Bolivia marcha en una direcci\u00f3n definida, el pensamiento de Evo marcha en direcci\u00f3n contraria, al que se agrega la presi\u00f3n de sus asesores, quienes tienen la misma pr\u00e1ctica mental.<br \/>\nEn resumen, los principios y valores de Morales, su tienda partidaria y sus asesores no solo son de derecha, sino de extrema derecha.<\/p>\n","protected":false},"excerpt":{"rendered":"<p>Los te\u00f3ricos del r\u00e9gimen del Estado Plurinacional han recurrido a la t\u00e1ctica de decir que la oposici\u00f3n pol\u00edtica de amplios sectores de la poblaci\u00f3n boliviana es de \u201cderecha\u201d y que la pol\u00edtica del gobierno del Estado Plurinacional y sus seguidores es de \u201cizquierda\u201d, tanto que los se\u00f1alados con esos t\u00edtulos han aceptado a ciegas esas [&hellip;]<\/p>\n","protected":false},"author":1,"featured_media":164428,"comment_status":"closed","ping_status":"open","sticky":false,"template":"","format":"standard","meta":{"_acf_changed":false,"footnotes":""},"categories":[9],"tags":[],"class_list":["post-280761","post","type-post","status-publish","format-standard","has-post-thumbnail","category-opinion"],"acf":{"antetitulo":""},"yoast_head":"<!-- This site is optimized with the Yoast SEO plugin v28.3 - https:\/\/yoast.com\/product\/yoast-seo-wordpress\/ -->\n<title>Evo Morales, principal pol\u00edtico de derecha del pa\u00eds - El Diario - Bolivia<\/title>\n<meta name=\"robots\" content=\"index, follow, max-snippet:-1, max-image-preview:large, max-video-preview:-1\" \/>\n<link rel=\"canonical\" href=\"https:\/\/www.eldiario.net\/portal\/2025\/02\/10\/evo-morales-principal-politico-de-derecha-del-pais\/\" \/>\n<meta property=\"og:locale\" content=\"es_ES\" \/>\n<meta property=\"og:type\" content=\"article\" \/>\n<meta property=\"og:title\" content=\"Evo Morales, principal pol\u00edtico de derecha del pa\u00eds - El Diario - Bolivia\" \/>\n<meta property=\"og:description\" content=\"Los te\u00f3ricos del r\u00e9gimen del Estado Plurinacional han recurrido a la t\u00e1ctica de decir que la oposici\u00f3n pol\u00edtica de amplios sectores de la poblaci\u00f3n boliviana es de \u201cderecha\u201d y que la pol\u00edtica del gobierno del Estado Plurinacional y sus seguidores es de \u201cizquierda\u201d, tanto que los se\u00f1alados con esos t\u00edtulos han aceptado a ciegas esas [&hellip;]\" \/>\n<meta property=\"og:url\" content=\"https:\/\/www.eldiario.net\/portal\/2025\/02\/10\/evo-morales-principal-politico-de-derecha-del-pais\/\" \/>\n<meta property=\"og:site_name\" content=\"El Diario - Bolivia\" \/>\n<meta property=\"article:publisher\" content=\"https:\/\/www.facebook.com\/eldiario.bolivia\/\" \/>\n<meta property=\"article:published_time\" content=\"2025-02-10T09:19:53+00:00\" \/>\n<meta property=\"og:image\" content=\"https:\/\/www.eldiario.net\/portal\/wp-content\/uploads\/2023\/07\/Luis-Antezana-Ergueta.jpg\" \/>\n\t<meta property=\"og:image:width\" content=\"1200\" \/>\n\t<meta property=\"og:image:height\" content=\"628\" \/>\n\t<meta property=\"og:image:type\" content=\"image\/jpeg\" \/>\n<meta name=\"author\" content=\"Jeanette\" \/>\n<meta name=\"twitter:card\" content=\"summary_large_image\" \/>\n<meta name=\"twitter:creator\" content=\"@eldiario_net\" \/>\n<meta name=\"twitter:site\" content=\"@eldiario_net\" \/>\n<meta name=\"twitter:label1\" content=\"Escrito por\" \/>\n\t<meta name=\"twitter:data1\" content=\"Jeanette\" \/>\n\t<meta name=\"twitter:label2\" content=\"Tiempo de lectura\" \/>\n\t<meta name=\"twitter:data2\" content=\"3 minutos\" \/>\n<script type=\"application\/ld+json\" class=\"yoast-schema-graph\">{\"@context\":\"https:\\\/\\\/schema.org\",\"@graph\":[{\"@type\":\"Article\",\"@id\":\"https:\\\/\\\/www.eldiario.net\\\/portal\\\/2025\\\/02\\\/10\\\/evo-morales-principal-politico-de-derecha-del-pais\\\/#article\",\"isPartOf\":{\"@id\":\"https:\\\/\\\/www.eldiario.net\\\/portal\\\/2025\\\/02\\\/10\\\/evo-morales-principal-politico-de-derecha-del-pais\\\/\"},\"author\":{\"name\":\"Jeanette\",\"@id\":\"https:\\\/\\\/www.eldiario.net\\\/portal\\\/#\\\/schema\\\/person\\\/f46445640444750d7d753ccd04ae01b7\"},\"headline\":\"Evo Morales, principal pol\u00edtico de derecha del pa\u00eds\",\"datePublished\":\"2025-02-10T09:19:53+00:00\",\"mainEntityOfPage\":{\"@id\":\"https:\\\/\\\/www.eldiario.net\\\/portal\\\/2025\\\/02\\\/10\\\/evo-morales-principal-politico-de-derecha-del-pais\\\/\"},\"wordCount\":693,\"publisher\":{\"@id\":\"https:\\\/\\\/www.eldiario.net\\\/portal\\\/#organization\"},\"image\":{\"@id\":\"https:\\\/\\\/www.eldiario.net\\\/portal\\\/2025\\\/02\\\/10\\\/evo-morales-principal-politico-de-derecha-del-pais\\\/#primaryimage\"},\"thumbnailUrl\":\"https:\\\/\\\/www.eldiario.net\\\/portal\\\/wp-content\\\/uploads\\\/2023\\\/07\\\/Luis-Antezana-Ergueta.jpg\",\"articleSection\":[\"Opini\u00f3n\"],\"inLanguage\":\"es\"},{\"@type\":\"WebPage\",\"@id\":\"https:\\\/\\\/www.eldiario.net\\\/portal\\\/2025\\\/02\\\/10\\\/evo-morales-principal-politico-de-derecha-del-pais\\\/\",\"url\":\"https:\\\/\\\/www.eldiario.net\\\/portal\\\/2025\\\/02\\\/10\\\/evo-morales-principal-politico-de-derecha-del-pais\\\/\",\"name\":\"Evo Morales, principal pol\u00edtico de derecha del pa\u00eds - El Diario - Bolivia\",\"isPartOf\":{\"@id\":\"https:\\\/\\\/www.eldiario.net\\\/portal\\\/#website\"},\"primaryImageOfPage\":{\"@id\":\"https:\\\/\\\/www.eldiario.net\\\/portal\\\/2025\\\/02\\\/10\\\/evo-morales-principal-politico-de-derecha-del-pais\\\/#primaryimage\"},\"image\":{\"@id\":\"https:\\\/\\\/www.eldiario.net\\\/portal\\\/2025\\\/02\\\/10\\\/evo-morales-principal-politico-de-derecha-del-pais\\\/#primaryimage\"},\"thumbnailUrl\":\"https:\\\/\\\/www.eldiario.net\\\/portal\\\/wp-content\\\/uploads\\\/2023\\\/07\\\/Luis-Antezana-Ergueta.jpg\",\"datePublished\":\"2025-02-10T09:19:53+00:00\",\"breadcrumb\":{\"@id\":\"https:\\\/\\\/www.eldiario.net\\\/portal\\\/2025\\\/02\\\/10\\\/evo-morales-principal-politico-de-derecha-del-pais\\\/#breadcrumb\"},\"inLanguage\":\"es\",\"potentialAction\":[{\"@type\":\"ReadAction\",\"target\":[\"https:\\\/\\\/www.eldiario.net\\\/portal\\\/2025\\\/02\\\/10\\\/evo-morales-principal-politico-de-derecha-del-pais\\\/\"]}]},{\"@type\":\"ImageObject\",\"inLanguage\":\"es\",\"@id\":\"https:\\\/\\\/www.eldiario.net\\\/portal\\\/2025\\\/02\\\/10\\\/evo-morales-principal-politico-de-derecha-del-pais\\\/#primaryimage\",\"url\":\"https:\\\/\\\/www.eldiario.net\\\/portal\\\/wp-content\\\/uploads\\\/2023\\\/07\\\/Luis-Antezana-Ergueta.jpg\",\"contentUrl\":\"https:\\\/\\\/www.eldiario.net\\\/portal\\\/wp-content\\\/uploads\\\/2023\\\/07\\\/Luis-Antezana-Ergueta.jpg\",\"width\":1200,\"height\":628,\"caption\":\"Luis Antezana Ergueta\"},{\"@type\":\"BreadcrumbList\",\"@id\":\"https:\\\/\\\/www.eldiario.net\\\/portal\\\/2025\\\/02\\\/10\\\/evo-morales-principal-politico-de-derecha-del-pais\\\/#breadcrumb\",\"itemListElement\":[{\"@type\":\"ListItem\",\"position\":1,\"name\":\"Portada\",\"item\":\"https:\\\/\\\/www.eldiario.net\\\/portal\\\/\"},{\"@type\":\"ListItem\",\"position\":2,\"name\":\"Evo Morales, principal pol\u00edtico de derecha del pa\u00eds\"}]},{\"@type\":\"WebSite\",\"@id\":\"https:\\\/\\\/www.eldiario.net\\\/portal\\\/#website\",\"url\":\"https:\\\/\\\/www.eldiario.net\\\/portal\\\/\",\"name\":\"El Diario - Decano de la prensa nacional\",\"description\":\"El Diario - Decano de la prensa nacional\",\"publisher\":{\"@id\":\"https:\\\/\\\/www.eldiario.net\\\/portal\\\/#organization\"},\"potentialAction\":[{\"@type\":\"SearchAction\",\"target\":{\"@type\":\"EntryPoint\",\"urlTemplate\":\"https:\\\/\\\/www.eldiario.net\\\/portal\\\/?s={search_term_string}\"},\"query-input\":{\"@type\":\"PropertyValueSpecification\",\"valueRequired\":true,\"valueName\":\"search_term_string\"}}],\"inLanguage\":\"es\"},{\"@type\":\"Organization\",\"@id\":\"https:\\\/\\\/www.eldiario.net\\\/portal\\\/#organization\",\"name\":\"El Diario - Decano de la prensa nacional\",\"url\":\"https:\\\/\\\/www.eldiario.net\\\/portal\\\/\",\"logo\":{\"@type\":\"ImageObject\",\"inLanguage\":\"es\",\"@id\":\"https:\\\/\\\/www.eldiario.net\\\/portal\\\/#\\\/schema\\\/logo\\\/image\\\/\",\"url\":\"https:\\\/\\\/www.eldiario.net\\\/portal\\\/wp-content\\\/uploads\\\/2023\\\/07\\\/logo_ED.jpg\",\"contentUrl\":\"https:\\\/\\\/www.eldiario.net\\\/portal\\\/wp-content\\\/uploads\\\/2023\\\/07\\\/logo_ED.jpg\",\"width\":272,\"height\":52,\"caption\":\"El Diario - Decano de la prensa nacional\"},\"image\":{\"@id\":\"https:\\\/\\\/www.eldiario.net\\\/portal\\\/#\\\/schema\\\/logo\\\/image\\\/\"},\"sameAs\":[\"https:\\\/\\\/www.facebook.com\\\/eldiario.bolivia\\\/\",\"https:\\\/\\\/x.com\\\/eldiario_net\"]},{\"@type\":\"Person\",\"@id\":\"https:\\\/\\\/www.eldiario.net\\\/portal\\\/#\\\/schema\\\/person\\\/f46445640444750d7d753ccd04ae01b7\",\"name\":\"Jeanette\",\"image\":{\"@type\":\"ImageObject\",\"inLanguage\":\"es\",\"@id\":\"https:\\\/\\\/secure.gravatar.com\\\/avatar\\\/3ea2118a5f7dad2b7138b1187a6b7ee55f160b9968b66013c3a3ef39dd7e5798?s=96&d=mm&r=g\",\"url\":\"https:\\\/\\\/secure.gravatar.com\\\/avatar\\\/3ea2118a5f7dad2b7138b1187a6b7ee55f160b9968b66013c3a3ef39dd7e5798?s=96&d=mm&r=g\",\"contentUrl\":\"https:\\\/\\\/secure.gravatar.com\\\/avatar\\\/3ea2118a5f7dad2b7138b1187a6b7ee55f160b9968b66013c3a3ef39dd7e5798?s=96&d=mm&r=g\",\"caption\":\"Jeanette\"},\"sameAs\":[\"https:\\\/\\\/www.eldiario.net\\\/portal\"],\"url\":\"https:\\\/\\\/www.eldiario.net\\\/portal\\\/author\\\/jeanette\\\/\"}]}<\/script>\n<!-- \/ Yoast SEO plugin. -->","yoast_head_json":{"title":"Evo Morales, principal pol\u00edtico de derecha del pa\u00eds - El Diario - Bolivia","robots":{"index":"index","follow":"follow","max-snippet":"max-snippet:-1","max-image-preview":"max-image-preview:large","max-video-preview":"max-video-preview:-1"},"canonical":"https:\/\/www.eldiario.net\/portal\/2025\/02\/10\/evo-morales-principal-politico-de-derecha-del-pais\/","og_locale":"es_ES","og_type":"article","og_title":"Evo Morales, principal pol\u00edtico de derecha del pa\u00eds - El Diario - Bolivia","og_description":"Los te\u00f3ricos del r\u00e9gimen del Estado Plurinacional han recurrido a la t\u00e1ctica de decir que la oposici\u00f3n pol\u00edtica de amplios sectores de la poblaci\u00f3n boliviana es de \u201cderecha\u201d y que la pol\u00edtica del gobierno del Estado Plurinacional y sus seguidores es de \u201cizquierda\u201d, tanto que los se\u00f1alados con esos t\u00edtulos han aceptado a ciegas esas [&hellip;]","og_url":"https:\/\/www.eldiario.net\/portal\/2025\/02\/10\/evo-morales-principal-politico-de-derecha-del-pais\/","og_site_name":"El Diario - Bolivia","article_publisher":"https:\/\/www.facebook.com\/eldiario.bolivia\/","article_published_time":"2025-02-10T09:19:53+00:00","og_image":[{"width":1200,"height":628,"url":"https:\/\/www.eldiario.net\/portal\/wp-content\/uploads\/2023\/07\/Luis-Antezana-Ergueta.jpg","type":"image\/jpeg"}],"author":"Jeanette","twitter_card":"summary_large_image","twitter_creator":"@eldiario_net","twitter_site":"@eldiario_net","twitter_misc":{"Escrito por":"Jeanette","Tiempo de lectura":"3 minutos"},"schema":{"@context":"https:\/\/schema.org","@graph":[{"@type":"Article","@id":"https:\/\/www.eldiario.net\/portal\/2025\/02\/10\/evo-morales-principal-politico-de-derecha-del-pais\/#article","isPartOf":{"@id":"https:\/\/www.eldiario.net\/portal\/2025\/02\/10\/evo-morales-principal-politico-de-derecha-del-pais\/"},"author":{"name":"Jeanette","@id":"https:\/\/www.eldiario.net\/portal\/#\/schema\/person\/f46445640444750d7d753ccd04ae01b7"},"headline":"Evo Morales, principal pol\u00edtico de derecha del pa\u00eds","datePublished":"2025-02-10T09:19:53+00:00","mainEntityOfPage":{"@id":"https:\/\/www.eldiario.net\/portal\/2025\/02\/10\/evo-morales-principal-politico-de-derecha-del-pais\/"},"wordCount":693,"publisher":{"@id":"https:\/\/www.eldiario.net\/portal\/#organization"},"image":{"@id":"https:\/\/www.eldiario.net\/portal\/2025\/02\/10\/evo-morales-principal-politico-de-derecha-del-pais\/#primaryimage"},"thumbnailUrl":"https:\/\/www.eldiario.net\/portal\/wp-content\/uploads\/2023\/07\/Luis-Antezana-Ergueta.jpg","articleSection":["Opini\u00f3n"],"inLanguage":"es"},{"@type":"WebPage","@id":"https:\/\/www.eldiario.net\/portal\/2025\/02\/10\/evo-morales-principal-politico-de-derecha-del-pais\/","url":"https:\/\/www.eldiario.net\/portal\/2025\/02\/10\/evo-morales-principal-politico-de-derecha-del-pais\/","name":"Evo Morales, principal pol\u00edtico de derecha del pa\u00eds - El Diario - Bolivia","isPartOf":{"@id":"https:\/\/www.eldiario.net\/portal\/#website"},"primaryImageOfPage":{"@id":"https:\/\/www.eldiario.net\/portal\/2025\/02\/10\/evo-morales-principal-politico-de-derecha-del-pais\/#primaryimage"},"image":{"@id":"https:\/\/www.eldiario.net\/portal\/2025\/02\/10\/evo-morales-principal-politico-de-derecha-del-pais\/#primaryimage"},"thumbnailUrl":"https:\/\/www.eldiario.net\/portal\/wp-content\/uploads\/2023\/07\/Luis-Antezana-Ergueta.jpg","datePublished":"2025-02-10T09:19:53+00:00","breadcrumb":{"@id":"https:\/\/www.eldiario.net\/portal\/2025\/02\/10\/evo-morales-principal-politico-de-derecha-del-pais\/#breadcrumb"},"inLanguage":"es","potentialAction":[{"@type":"ReadAction","target":["https:\/\/www.eldiario.net\/portal\/2025\/02\/10\/evo-morales-principal-politico-de-derecha-del-pais\/"]}]},{"@type":"ImageObject","inLanguage":"es","@id":"https:\/\/www.eldiario.net\/portal\/2025\/02\/10\/evo-morales-principal-politico-de-derecha-del-pais\/#primaryimage","url":"https:\/\/www.eldiario.net\/portal\/wp-content\/uploads\/2023\/07\/Luis-Antezana-Ergueta.jpg","contentUrl":"https:\/\/www.eldiario.net\/portal\/wp-content\/uploads\/2023\/07\/Luis-Antezana-Ergueta.jpg","width":1200,"height":628,"caption":"Luis Antezana Ergueta"},{"@type":"BreadcrumbList","@id":"https:\/\/www.eldiario.net\/portal\/2025\/02\/10\/evo-morales-principal-politico-de-derecha-del-pais\/#breadcrumb","itemListElement":[{"@type":"ListItem","position":1,"name":"Portada","item":"https:\/\/www.eldiario.net\/portal\/"},{"@type":"ListItem","position":2,"name":"Evo Morales, principal pol\u00edtico de derecha del pa\u00eds"}]},{"@type":"WebSite","@id":"https:\/\/www.eldiario.net\/portal\/#website","url":"https:\/\/www.eldiario.net\/portal\/","name":"El Diario - Decano de la prensa nacional","description":"El Diario - Decano de la prensa nacional","publisher":{"@id":"https:\/\/www.eldiario.net\/portal\/#organization"},"potentialAction":[{"@type":"SearchAction","target":{"@type":"EntryPoint","urlTemplate":"https:\/\/www.eldiario.net\/portal\/?s={search_term_string}"},"query-input":{"@type":"PropertyValueSpecification","valueRequired":true,"valueName":"search_term_string"}}],"inLanguage":"es"},{"@type":"Organization","@id":"https:\/\/www.eldiario.net\/portal\/#organization","name":"El Diario - Decano de la prensa nacional","url":"https:\/\/www.eldiario.net\/portal\/","logo":{"@type":"ImageObject","inLanguage":"es","@id":"https:\/\/www.eldiario.net\/portal\/#\/schema\/logo\/image\/","url":"https:\/\/www.eldiario.net\/portal\/wp-content\/uploads\/2023\/07\/logo_ED.jpg","contentUrl":"https:\/\/www.eldiario.net\/portal\/wp-content\/uploads\/2023\/07\/logo_ED.jpg","width":272,"height":52,"caption":"El Diario - Decano de la prensa nacional"},"image":{"@id":"https:\/\/www.eldiario.net\/portal\/#\/schema\/logo\/image\/"},"sameAs":["https:\/\/www.facebook.com\/eldiario.bolivia\/","https:\/\/x.com\/eldiario_net"]},{"@type":"Person","@id":"https:\/\/www.eldiario.net\/portal\/#\/schema\/person\/f46445640444750d7d753ccd04ae01b7","name":"Jeanette","image":{"@type":"ImageObject","inLanguage":"es","@id":"https:\/\/secure.gravatar.com\/avatar\/3ea2118a5f7dad2b7138b1187a6b7ee55f160b9968b66013c3a3ef39dd7e5798?s=96&d=mm&r=g","url":"https:\/\/secure.gravatar.com\/avatar\/3ea2118a5f7dad2b7138b1187a6b7ee55f160b9968b66013c3a3ef39dd7e5798?s=96&d=mm&r=g","contentUrl":"https:\/\/secure.gravatar.com\/avatar\/3ea2118a5f7dad2b7138b1187a6b7ee55f160b9968b66013c3a3ef39dd7e5798?s=96&d=mm&r=g","caption":"Jeanette"},"sameAs":["https:\/\/www.eldiario.net\/portal"],"url":"https:\/\/www.eldiario.net\/portal\/author\/jeanette\/"}]}},"_links":{"self":[{"href":"https:\/\/www.eldiario.net\/portal\/wp-json\/wp\/v2\/posts\/280761","targetHints":{"allow":["GET"]}}],"collection":[{"href":"https:\/\/www.eldiario.net\/portal\/wp-json\/wp\/v2\/posts"}],"about":[{"href":"https:\/\/www.eldiario.net\/portal\/wp-json\/wp\/v2\/types\/post"}],"author":[{"embeddable":true,"href":"https:\/\/www.eldiario.net\/portal\/wp-json\/wp\/v2\/users\/1"}],"replies":[{"embeddable":true,"href":"https:\/\/www.eldiario.net\/portal\/wp-json\/wp\/v2\/comments?post=280761"}],"version-history":[{"count":1,"href":"https:\/\/www.eldiario.net\/portal\/wp-json\/wp\/v2\/posts\/280761\/revisions"}],"predecessor-version":[{"id":280762,"href":"https:\/\/www.eldiario.net\/portal\/wp-json\/wp\/v2\/posts\/280761\/revisions\/280762"}],"wp:featuredmedia":[{"embeddable":true,"href":"https:\/\/www.eldiario.net\/portal\/wp-json\/wp\/v2\/media\/164428"}],"wp:attachment":[{"href":"https:\/\/www.eldiario.net\/portal\/wp-json\/wp\/v2\/media?parent=280761"}],"wp:term":[{"taxonomy":"category","embeddable":true,"href":"https:\/\/www.eldiario.net\/portal\/wp-json\/wp\/v2\/categories?post=280761"},{"taxonomy":"post_tag","embeddable":true,"href":"https:\/\/www.eldiario.net\/portal\/wp-json\/wp\/v2\/tags?post=280761"}],"curies":[{"name":"wp","href":"https:\/\/api.w.org\/{rel}","templated":true}]}}