{"id":280298,"date":"2025-02-08T07:21:41","date_gmt":"2025-02-08T11:21:41","guid":{"rendered":"https:\/\/www.eldiario.net\/portal\/?p=280298"},"modified":"2025-02-08T07:21:41","modified_gmt":"2025-02-08T11:21:41","slug":"trump-anuncia-que-se-reunira-con-zelenski-la-proxima-semana","status":"publish","type":"post","link":"https:\/\/www.eldiario.net\/portal\/2025\/02\/08\/trump-anuncia-que-se-reunira-con-zelenski-la-proxima-semana\/","title":{"rendered":"Trump anuncia que se reunir\u00e1 con Zelenski la pr\u00f3xima semana"},"content":{"rendered":"<p>El presidente de Estados Unidos, Donald Trump, adelant\u00f3 ayer que la pr\u00f3xima semana se reunir\u00e1 con su hom\u00f3logo ucraniano Volodimir Zelenski, y no descarta una conversaci\u00f3n telef\u00f3nica con el mandatario ruso, Vladimir Putin.<br \/>\n\u201cProbablemente me reunir\u00e9 con el presidente Zelenski la pr\u00f3xima semana, y hablar\u00e9 con el presidente Putin\u201d, comunic\u00f3 el jefe de la Casa Blanca a los periodistas durante una rueda de prensa conjunta con el primer ministro japon\u00e9s, Shigeru Ishiba, con motivo de su visita oficial a Washington.<br \/>\nTrump destac\u00f3 que siempre tuvo una \u201cbuena relaci\u00f3n\u201d con Putin e incidi\u00f3 nuevamente en que, si hubiera estado en la Casa Blanca durante el anterior mandato, la guerra de Ucrania no se habr\u00eda producido.<br \/>\n\u201cQuiero ver el final de la guerra, en primer lugar porque est\u00e1n muriendo miles de personas\u201d, se\u00f1al\u00f3 Trump, quien adelant\u00f3 que uno de los temas de conversaci\u00f3n durante este encuentro con el presidente Zelenski conversar\u00e1 sobre la seguridad de las conocidas como \u201ctierras raras\u201d.<br \/>\nTrump aprovech\u00f3 tambi\u00e9n la ocasi\u00f3n para volver a sacar a relucir que Europa, o la OTAN, \u201cll\u00e1malo como quieras\u201d, est\u00e1 destinando \u201cmucho menos dinero\u201d que Estados Unidos en la defensa de Ucrania, cuando, seg\u00fan sostuvo, deber\u00edan ser los m\u00e1s interesados. \u201cNosotros tenemos un oc\u00e9ano en medio\u201d, apunt\u00f3.<br \/>\nEsta supuesta disparidad, adelant\u00f3, ser\u00e1 otra de las cuestiones que abordar\u00e1 con el presidente ucraniano en una reuni\u00f3n que no est\u00e1 previsto donde se producir\u00e1. \u201cDonde \u00e9l quiera, aqu\u00ed estoy, o a lo mejor voy yo ah\u00ed\u201d, finaliz\u00f3. (Europa Press)<\/p>\n","protected":false},"excerpt":{"rendered":"<p>El presidente de Estados Unidos, Donald Trump, adelant\u00f3 ayer que la pr\u00f3xima semana se reunir\u00e1 con su hom\u00f3logo ucraniano Volodimir Zelenski, y no descarta una conversaci\u00f3n telef\u00f3nica con el mandatario ruso, Vladimir Putin. \u201cProbablemente me reunir\u00e9 con el presidente Zelenski la pr\u00f3xima semana, y hablar\u00e9 con el presidente Putin\u201d, comunic\u00f3 el jefe de la Casa [&hellip;]<\/p>\n","protected":false},"author":1,"featured_media":280299,"comment_status":"closed","ping_status":"open","sticky":false,"template":"","format":"standard","meta":{"_acf_changed":false,"footnotes":""},"categories":[3],"tags":[],"class_list":["post-280298","post","type-post","status-publish","format-standard","has-post-thumbnail","category-internacional"],"acf":{"antetitulo":"Estados Unidos"},"yoast_head":"<!-- This site is optimized with the Yoast SEO plugin v28.4 - https:\/\/yoast.com\/product\/yoast-seo-wordpress\/ -->\n<title>Trump anuncia que se reunir\u00e1 con Zelenski la pr\u00f3xima semana - El Diario - Bolivia<\/title>\n<meta name=\"robots\" content=\"index, follow, max-snippet:-1, max-image-preview:large, max-video-preview:-1\" \/>\n<link rel=\"canonical\" href=\"https:\/\/www.eldiario.net\/portal\/2025\/02\/08\/trump-anuncia-que-se-reunira-con-zelenski-la-proxima-semana\/\" \/>\n<meta property=\"og:locale\" content=\"es_ES\" \/>\n<meta property=\"og:type\" content=\"article\" \/>\n<meta property=\"og:title\" content=\"Trump anuncia que se reunir\u00e1 con Zelenski la pr\u00f3xima semana - El Diario - Bolivia\" \/>\n<meta property=\"og:description\" content=\"El presidente de Estados Unidos, Donald Trump, adelant\u00f3 ayer que la pr\u00f3xima semana se reunir\u00e1 con su hom\u00f3logo ucraniano Volodimir Zelenski, y no descarta una conversaci\u00f3n telef\u00f3nica con el mandatario ruso, Vladimir Putin. \u201cProbablemente me reunir\u00e9 con el presidente Zelenski la pr\u00f3xima semana, y hablar\u00e9 con el presidente Putin\u201d, comunic\u00f3 el jefe de la Casa [&hellip;]\" \/>\n<meta property=\"og:url\" content=\"https:\/\/www.eldiario.net\/portal\/2025\/02\/08\/trump-anuncia-que-se-reunira-con-zelenski-la-proxima-semana\/\" \/>\n<meta property=\"og:site_name\" content=\"El Diario - Bolivia\" \/>\n<meta property=\"article:publisher\" content=\"https:\/\/www.facebook.com\/eldiario.bolivia\/\" \/>\n<meta property=\"article:published_time\" content=\"2025-02-08T11:21:41+00:00\" \/>\n<meta property=\"og:image\" content=\"https:\/\/www.eldiario.net\/portal\/wp-content\/uploads\/2025\/02\/GUERRA-Europa-Press.jpg\" \/>\n\t<meta property=\"og:image:width\" content=\"690\" \/>\n\t<meta property=\"og:image:height\" content=\"460\" \/>\n\t<meta property=\"og:image:type\" content=\"image\/jpeg\" \/>\n<meta name=\"author\" content=\"Jeanette\" \/>\n<meta name=\"twitter:card\" content=\"summary_large_image\" \/>\n<meta name=\"twitter:creator\" content=\"@eldiario_net\" \/>\n<meta name=\"twitter:site\" content=\"@eldiario_net\" \/>\n<meta name=\"twitter:label1\" content=\"Escrito por\" \/>\n\t<meta name=\"twitter:data1\" content=\"Jeanette\" \/>\n\t<meta name=\"twitter:label2\" content=\"Tiempo de lectura\" \/>\n\t<meta name=\"twitter:data2\" content=\"2 minutos\" \/>\n<script type=\"application\/ld+json\" class=\"yoast-schema-graph\">{\"@context\":\"https:\\\/\\\/schema.org\",\"@graph\":[{\"@type\":\"Article\",\"@id\":\"https:\\\/\\\/www.eldiario.net\\\/portal\\\/2025\\\/02\\\/08\\\/trump-anuncia-que-se-reunira-con-zelenski-la-proxima-semana\\\/#article\",\"isPartOf\":{\"@id\":\"https:\\\/\\\/www.eldiario.net\\\/portal\\\/2025\\\/02\\\/08\\\/trump-anuncia-que-se-reunira-con-zelenski-la-proxima-semana\\\/\"},\"author\":{\"name\":\"Jeanette\",\"@id\":\"https:\\\/\\\/www.eldiario.net\\\/portal\\\/#\\\/schema\\\/person\\\/f46445640444750d7d753ccd04ae01b7\"},\"headline\":\"Trump anuncia que se reunir\u00e1 con Zelenski la pr\u00f3xima semana\",\"datePublished\":\"2025-02-08T11:21:41+00:00\",\"mainEntityOfPage\":{\"@id\":\"https:\\\/\\\/www.eldiario.net\\\/portal\\\/2025\\\/02\\\/08\\\/trump-anuncia-que-se-reunira-con-zelenski-la-proxima-semana\\\/\"},\"wordCount\":275,\"publisher\":{\"@id\":\"https:\\\/\\\/www.eldiario.net\\\/portal\\\/#organization\"},\"image\":{\"@id\":\"https:\\\/\\\/www.eldiario.net\\\/portal\\\/2025\\\/02\\\/08\\\/trump-anuncia-que-se-reunira-con-zelenski-la-proxima-semana\\\/#primaryimage\"},\"thumbnailUrl\":\"https:\\\/\\\/www.eldiario.net\\\/portal\\\/wp-content\\\/uploads\\\/2025\\\/02\\\/GUERRA-Europa-Press.jpg\",\"articleSection\":[\"Internacional\"],\"inLanguage\":\"es\"},{\"@type\":\"WebPage\",\"@id\":\"https:\\\/\\\/www.eldiario.net\\\/portal\\\/2025\\\/02\\\/08\\\/trump-anuncia-que-se-reunira-con-zelenski-la-proxima-semana\\\/\",\"url\":\"https:\\\/\\\/www.eldiario.net\\\/portal\\\/2025\\\/02\\\/08\\\/trump-anuncia-que-se-reunira-con-zelenski-la-proxima-semana\\\/\",\"name\":\"Trump anuncia que se reunir\u00e1 con Zelenski la pr\u00f3xima semana - El Diario - Bolivia\",\"isPartOf\":{\"@id\":\"https:\\\/\\\/www.eldiario.net\\\/portal\\\/#website\"},\"primaryImageOfPage\":{\"@id\":\"https:\\\/\\\/www.eldiario.net\\\/portal\\\/2025\\\/02\\\/08\\\/trump-anuncia-que-se-reunira-con-zelenski-la-proxima-semana\\\/#primaryimage\"},\"image\":{\"@id\":\"https:\\\/\\\/www.eldiario.net\\\/portal\\\/2025\\\/02\\\/08\\\/trump-anuncia-que-se-reunira-con-zelenski-la-proxima-semana\\\/#primaryimage\"},\"thumbnailUrl\":\"https:\\\/\\\/www.eldiario.net\\\/portal\\\/wp-content\\\/uploads\\\/2025\\\/02\\\/GUERRA-Europa-Press.jpg\",\"datePublished\":\"2025-02-08T11:21:41+00:00\",\"breadcrumb\":{\"@id\":\"https:\\\/\\\/www.eldiario.net\\\/portal\\\/2025\\\/02\\\/08\\\/trump-anuncia-que-se-reunira-con-zelenski-la-proxima-semana\\\/#breadcrumb\"},\"inLanguage\":\"es\",\"potentialAction\":[{\"@type\":\"ReadAction\",\"target\":[\"https:\\\/\\\/www.eldiario.net\\\/portal\\\/2025\\\/02\\\/08\\\/trump-anuncia-que-se-reunira-con-zelenski-la-proxima-semana\\\/\"]}]},{\"@type\":\"ImageObject\",\"inLanguage\":\"es\",\"@id\":\"https:\\\/\\\/www.eldiario.net\\\/portal\\\/2025\\\/02\\\/08\\\/trump-anuncia-que-se-reunira-con-zelenski-la-proxima-semana\\\/#primaryimage\",\"url\":\"https:\\\/\\\/www.eldiario.net\\\/portal\\\/wp-content\\\/uploads\\\/2025\\\/02\\\/GUERRA-Europa-Press.jpg\",\"contentUrl\":\"https:\\\/\\\/www.eldiario.net\\\/portal\\\/wp-content\\\/uploads\\\/2025\\\/02\\\/GUERRA-Europa-Press.jpg\",\"width\":690,\"height\":460,\"caption\":\"El presidente de Ucrania, Volodimir Zelenski y su hom\u00f3logo estadounidense, Donald Trump.\"},{\"@type\":\"BreadcrumbList\",\"@id\":\"https:\\\/\\\/www.eldiario.net\\\/portal\\\/2025\\\/02\\\/08\\\/trump-anuncia-que-se-reunira-con-zelenski-la-proxima-semana\\\/#breadcrumb\",\"itemListElement\":[{\"@type\":\"ListItem\",\"position\":1,\"name\":\"Portada\",\"item\":\"https:\\\/\\\/www.eldiario.net\\\/portal\\\/\"},{\"@type\":\"ListItem\",\"position\":2,\"name\":\"Trump anuncia que se reunir\u00e1 con Zelenski la pr\u00f3xima semana\"}]},{\"@type\":\"WebSite\",\"@id\":\"https:\\\/\\\/www.eldiario.net\\\/portal\\\/#website\",\"url\":\"https:\\\/\\\/www.eldiario.net\\\/portal\\\/\",\"name\":\"El Diario - Decano de la prensa nacional\",\"description\":\"El Diario - Decano de la prensa nacional\",\"publisher\":{\"@id\":\"https:\\\/\\\/www.eldiario.net\\\/portal\\\/#organization\"},\"potentialAction\":[{\"@type\":\"SearchAction\",\"target\":{\"@type\":\"EntryPoint\",\"urlTemplate\":\"https:\\\/\\\/www.eldiario.net\\\/portal\\\/?s={search_term_string}\"},\"query-input\":{\"@type\":\"PropertyValueSpecification\",\"valueRequired\":true,\"valueName\":\"search_term_string\"}}],\"inLanguage\":\"es\"},{\"@type\":\"Organization\",\"@id\":\"https:\\\/\\\/www.eldiario.net\\\/portal\\\/#organization\",\"name\":\"El Diario - Decano de la prensa nacional\",\"url\":\"https:\\\/\\\/www.eldiario.net\\\/portal\\\/\",\"logo\":{\"@type\":\"ImageObject\",\"inLanguage\":\"es\",\"@id\":\"https:\\\/\\\/www.eldiario.net\\\/portal\\\/#\\\/schema\\\/logo\\\/image\\\/\",\"url\":\"https:\\\/\\\/www.eldiario.net\\\/portal\\\/wp-content\\\/uploads\\\/2023\\\/07\\\/logo_ED.jpg\",\"contentUrl\":\"https:\\\/\\\/www.eldiario.net\\\/portal\\\/wp-content\\\/uploads\\\/2023\\\/07\\\/logo_ED.jpg\",\"width\":272,\"height\":52,\"caption\":\"El Diario - Decano de la prensa nacional\"},\"image\":{\"@id\":\"https:\\\/\\\/www.eldiario.net\\\/portal\\\/#\\\/schema\\\/logo\\\/image\\\/\"},\"sameAs\":[\"https:\\\/\\\/www.facebook.com\\\/eldiario.bolivia\\\/\",\"https:\\\/\\\/x.com\\\/eldiario_net\"]},{\"@type\":\"Person\",\"@id\":\"https:\\\/\\\/www.eldiario.net\\\/portal\\\/#\\\/schema\\\/person\\\/f46445640444750d7d753ccd04ae01b7\",\"name\":\"Jeanette\",\"image\":{\"@type\":\"ImageObject\",\"inLanguage\":\"es\",\"@id\":\"https:\\\/\\\/secure.gravatar.com\\\/avatar\\\/3ea2118a5f7dad2b7138b1187a6b7ee55f160b9968b66013c3a3ef39dd7e5798?s=96&d=mm&r=g\",\"url\":\"https:\\\/\\\/secure.gravatar.com\\\/avatar\\\/3ea2118a5f7dad2b7138b1187a6b7ee55f160b9968b66013c3a3ef39dd7e5798?s=96&d=mm&r=g\",\"contentUrl\":\"https:\\\/\\\/secure.gravatar.com\\\/avatar\\\/3ea2118a5f7dad2b7138b1187a6b7ee55f160b9968b66013c3a3ef39dd7e5798?s=96&d=mm&r=g\",\"caption\":\"Jeanette\"},\"sameAs\":[\"https:\\\/\\\/www.eldiario.net\\\/portal\"],\"url\":\"https:\\\/\\\/www.eldiario.net\\\/portal\\\/author\\\/jeanette\\\/\"}]}<\/script>\n<!-- \/ Yoast SEO plugin. -->","yoast_head_json":{"title":"Trump anuncia que se reunir\u00e1 con Zelenski la pr\u00f3xima semana - El Diario - Bolivia","robots":{"index":"index","follow":"follow","max-snippet":"max-snippet:-1","max-image-preview":"max-image-preview:large","max-video-preview":"max-video-preview:-1"},"canonical":"https:\/\/www.eldiario.net\/portal\/2025\/02\/08\/trump-anuncia-que-se-reunira-con-zelenski-la-proxima-semana\/","og_locale":"es_ES","og_type":"article","og_title":"Trump anuncia que se reunir\u00e1 con Zelenski la pr\u00f3xima semana - El Diario - Bolivia","og_description":"El presidente de Estados Unidos, Donald Trump, adelant\u00f3 ayer que la pr\u00f3xima semana se reunir\u00e1 con su hom\u00f3logo ucraniano Volodimir Zelenski, y no descarta una conversaci\u00f3n telef\u00f3nica con el mandatario ruso, Vladimir Putin. \u201cProbablemente me reunir\u00e9 con el presidente Zelenski la pr\u00f3xima semana, y hablar\u00e9 con el presidente Putin\u201d, comunic\u00f3 el jefe de la Casa [&hellip;]","og_url":"https:\/\/www.eldiario.net\/portal\/2025\/02\/08\/trump-anuncia-que-se-reunira-con-zelenski-la-proxima-semana\/","og_site_name":"El Diario - Bolivia","article_publisher":"https:\/\/www.facebook.com\/eldiario.bolivia\/","article_published_time":"2025-02-08T11:21:41+00:00","og_image":[{"width":690,"height":460,"url":"https:\/\/www.eldiario.net\/portal\/wp-content\/uploads\/2025\/02\/GUERRA-Europa-Press.jpg","type":"image\/jpeg"}],"author":"Jeanette","twitter_card":"summary_large_image","twitter_creator":"@eldiario_net","twitter_site":"@eldiario_net","twitter_misc":{"Escrito por":"Jeanette","Tiempo de lectura":"2 minutos"},"schema":{"@context":"https:\/\/schema.org","@graph":[{"@type":"Article","@id":"https:\/\/www.eldiario.net\/portal\/2025\/02\/08\/trump-anuncia-que-se-reunira-con-zelenski-la-proxima-semana\/#article","isPartOf":{"@id":"https:\/\/www.eldiario.net\/portal\/2025\/02\/08\/trump-anuncia-que-se-reunira-con-zelenski-la-proxima-semana\/"},"author":{"name":"Jeanette","@id":"https:\/\/www.eldiario.net\/portal\/#\/schema\/person\/f46445640444750d7d753ccd04ae01b7"},"headline":"Trump anuncia que se reunir\u00e1 con Zelenski la pr\u00f3xima semana","datePublished":"2025-02-08T11:21:41+00:00","mainEntityOfPage":{"@id":"https:\/\/www.eldiario.net\/portal\/2025\/02\/08\/trump-anuncia-que-se-reunira-con-zelenski-la-proxima-semana\/"},"wordCount":275,"publisher":{"@id":"https:\/\/www.eldiario.net\/portal\/#organization"},"image":{"@id":"https:\/\/www.eldiario.net\/portal\/2025\/02\/08\/trump-anuncia-que-se-reunira-con-zelenski-la-proxima-semana\/#primaryimage"},"thumbnailUrl":"https:\/\/www.eldiario.net\/portal\/wp-content\/uploads\/2025\/02\/GUERRA-Europa-Press.jpg","articleSection":["Internacional"],"inLanguage":"es"},{"@type":"WebPage","@id":"https:\/\/www.eldiario.net\/portal\/2025\/02\/08\/trump-anuncia-que-se-reunira-con-zelenski-la-proxima-semana\/","url":"https:\/\/www.eldiario.net\/portal\/2025\/02\/08\/trump-anuncia-que-se-reunira-con-zelenski-la-proxima-semana\/","name":"Trump anuncia que se reunir\u00e1 con Zelenski la pr\u00f3xima semana - El Diario - Bolivia","isPartOf":{"@id":"https:\/\/www.eldiario.net\/portal\/#website"},"primaryImageOfPage":{"@id":"https:\/\/www.eldiario.net\/portal\/2025\/02\/08\/trump-anuncia-que-se-reunira-con-zelenski-la-proxima-semana\/#primaryimage"},"image":{"@id":"https:\/\/www.eldiario.net\/portal\/2025\/02\/08\/trump-anuncia-que-se-reunira-con-zelenski-la-proxima-semana\/#primaryimage"},"thumbnailUrl":"https:\/\/www.eldiario.net\/portal\/wp-content\/uploads\/2025\/02\/GUERRA-Europa-Press.jpg","datePublished":"2025-02-08T11:21:41+00:00","breadcrumb":{"@id":"https:\/\/www.eldiario.net\/portal\/2025\/02\/08\/trump-anuncia-que-se-reunira-con-zelenski-la-proxima-semana\/#breadcrumb"},"inLanguage":"es","potentialAction":[{"@type":"ReadAction","target":["https:\/\/www.eldiario.net\/portal\/2025\/02\/08\/trump-anuncia-que-se-reunira-con-zelenski-la-proxima-semana\/"]}]},{"@type":"ImageObject","inLanguage":"es","@id":"https:\/\/www.eldiario.net\/portal\/2025\/02\/08\/trump-anuncia-que-se-reunira-con-zelenski-la-proxima-semana\/#primaryimage","url":"https:\/\/www.eldiario.net\/portal\/wp-content\/uploads\/2025\/02\/GUERRA-Europa-Press.jpg","contentUrl":"https:\/\/www.eldiario.net\/portal\/wp-content\/uploads\/2025\/02\/GUERRA-Europa-Press.jpg","width":690,"height":460,"caption":"El presidente de Ucrania, Volodimir Zelenski y su hom\u00f3logo estadounidense, Donald Trump."},{"@type":"BreadcrumbList","@id":"https:\/\/www.eldiario.net\/portal\/2025\/02\/08\/trump-anuncia-que-se-reunira-con-zelenski-la-proxima-semana\/#breadcrumb","itemListElement":[{"@type":"ListItem","position":1,"name":"Portada","item":"https:\/\/www.eldiario.net\/portal\/"},{"@type":"ListItem","position":2,"name":"Trump anuncia que se reunir\u00e1 con Zelenski la pr\u00f3xima semana"}]},{"@type":"WebSite","@id":"https:\/\/www.eldiario.net\/portal\/#website","url":"https:\/\/www.eldiario.net\/portal\/","name":"El Diario - Decano de la prensa nacional","description":"El Diario - Decano de la prensa nacional","publisher":{"@id":"https:\/\/www.eldiario.net\/portal\/#organization"},"potentialAction":[{"@type":"SearchAction","target":{"@type":"EntryPoint","urlTemplate":"https:\/\/www.eldiario.net\/portal\/?s={search_term_string}"},"query-input":{"@type":"PropertyValueSpecification","valueRequired":true,"valueName":"search_term_string"}}],"inLanguage":"es"},{"@type":"Organization","@id":"https:\/\/www.eldiario.net\/portal\/#organization","name":"El Diario - Decano de la prensa nacional","url":"https:\/\/www.eldiario.net\/portal\/","logo":{"@type":"ImageObject","inLanguage":"es","@id":"https:\/\/www.eldiario.net\/portal\/#\/schema\/logo\/image\/","url":"https:\/\/www.eldiario.net\/portal\/wp-content\/uploads\/2023\/07\/logo_ED.jpg","contentUrl":"https:\/\/www.eldiario.net\/portal\/wp-content\/uploads\/2023\/07\/logo_ED.jpg","width":272,"height":52,"caption":"El Diario - Decano de la prensa nacional"},"image":{"@id":"https:\/\/www.eldiario.net\/portal\/#\/schema\/logo\/image\/"},"sameAs":["https:\/\/www.facebook.com\/eldiario.bolivia\/","https:\/\/x.com\/eldiario_net"]},{"@type":"Person","@id":"https:\/\/www.eldiario.net\/portal\/#\/schema\/person\/f46445640444750d7d753ccd04ae01b7","name":"Jeanette","image":{"@type":"ImageObject","inLanguage":"es","@id":"https:\/\/secure.gravatar.com\/avatar\/3ea2118a5f7dad2b7138b1187a6b7ee55f160b9968b66013c3a3ef39dd7e5798?s=96&d=mm&r=g","url":"https:\/\/secure.gravatar.com\/avatar\/3ea2118a5f7dad2b7138b1187a6b7ee55f160b9968b66013c3a3ef39dd7e5798?s=96&d=mm&r=g","contentUrl":"https:\/\/secure.gravatar.com\/avatar\/3ea2118a5f7dad2b7138b1187a6b7ee55f160b9968b66013c3a3ef39dd7e5798?s=96&d=mm&r=g","caption":"Jeanette"},"sameAs":["https:\/\/www.eldiario.net\/portal"],"url":"https:\/\/www.eldiario.net\/portal\/author\/jeanette\/"}]}},"_links":{"self":[{"href":"https:\/\/www.eldiario.net\/portal\/wp-json\/wp\/v2\/posts\/280298","targetHints":{"allow":["GET"]}}],"collection":[{"href":"https:\/\/www.eldiario.net\/portal\/wp-json\/wp\/v2\/posts"}],"about":[{"href":"https:\/\/www.eldiario.net\/portal\/wp-json\/wp\/v2\/types\/post"}],"author":[{"embeddable":true,"href":"https:\/\/www.eldiario.net\/portal\/wp-json\/wp\/v2\/users\/1"}],"replies":[{"embeddable":true,"href":"https:\/\/www.eldiario.net\/portal\/wp-json\/wp\/v2\/comments?post=280298"}],"version-history":[{"count":1,"href":"https:\/\/www.eldiario.net\/portal\/wp-json\/wp\/v2\/posts\/280298\/revisions"}],"predecessor-version":[{"id":280300,"href":"https:\/\/www.eldiario.net\/portal\/wp-json\/wp\/v2\/posts\/280298\/revisions\/280300"}],"wp:featuredmedia":[{"embeddable":true,"href":"https:\/\/www.eldiario.net\/portal\/wp-json\/wp\/v2\/media\/280299"}],"wp:attachment":[{"href":"https:\/\/www.eldiario.net\/portal\/wp-json\/wp\/v2\/media?parent=280298"}],"wp:term":[{"taxonomy":"category","embeddable":true,"href":"https:\/\/www.eldiario.net\/portal\/wp-json\/wp\/v2\/categories?post=280298"},{"taxonomy":"post_tag","embeddable":true,"href":"https:\/\/www.eldiario.net\/portal\/wp-json\/wp\/v2\/tags?post=280298"}],"curies":[{"name":"wp","href":"https:\/\/api.w.org\/{rel}","templated":true}]}}