{"id":280295,"date":"2025-02-08T07:21:13","date_gmt":"2025-02-08T11:21:13","guid":{"rendered":"https:\/\/www.eldiario.net\/portal\/?p=280295"},"modified":"2025-02-08T07:21:13","modified_gmt":"2025-02-08T11:21:13","slug":"eeuu-confisca-segunda-aeronave-venezolana","status":"publish","type":"post","link":"https:\/\/www.eldiario.net\/portal\/2025\/02\/08\/eeuu-confisca-segunda-aeronave-venezolana\/","title":{"rendered":"EEUU confisca segunda aeronave venezolana"},"content":{"rendered":"<p>El Gobierno de Estados Unidos anunci\u00f3 ayer que confisc\u00f3 un avi\u00f3n de las autoridades venezolanas en Rep\u00fablica Dominicana por la violaci\u00f3n de las sanciones estadounidenses interpuestas previamente al Ejecutivo de Nicol\u00e1s Maduro, lo que constituye la segunda acci\u00f3n de este tipo realizada por Washington en los \u00faltimos meses.<br \/>\nEl secretario del Departamento de Estado, Marco Rubio, que se encuentra en Rep\u00fablica Dominicana, donde supervis\u00f3 la confiscaci\u00f3n, asegur\u00f3 que junto a sus socios regionales seguir\u00e1 \u201ccontrarrestando cualquier plan para evadir las sanciones estadounidenses\u201d.<br \/>\n\u201cLa incautaci\u00f3n de esta aeronave venezolana, utilizada para evadir las sanciones estadounidenses y el lavado de dinero, es un poderoso ejemplo de nuestra determinaci\u00f3n de exigir cuentas al r\u00e9gimen ileg\u00edtimo de Maduro por sus acciones ilegales\u201d, expres\u00f3 a trav\u00e9s de su perfil en la red social X.<br \/>\nEl Departamento de Justicia estadounidense se\u00f1al\u00f3 a trav\u00e9s de un comunicado que se trata de una aeronave \u201cDassault Falcon 2000EX\u201d, que hab\u00eda sido utilizada por la sancionada empresa estatal venezolana de petr\u00f3leo y gas natural (Pdvsa), y cuyo mantenimiento y servicio \u201cse realiz\u00f3 de manera ilegal, utilizando piezas importadas de Estados Unidos\u201d.<br \/>\n\u201cEl uso de piezas fabricadas en Estados Unidos para reparar y mantener aeronaves operadas por entidades sancionadas como Pdvsa es intolerable\u201d, declar\u00f3 el jefe de la divisi\u00f3n de Seguridad Nacional del Departamento de Justicia, Devin DeBacker.<br \/>\nTrump emiti\u00f3 en 2019 una orden ejecutiva que, entre otras cosas, prohib\u00eda a los ciudadanos estadounidenses realizar transacciones con personas que actuar\u00e1n directa o indirectamente para Pdvsa, tras lo que el Tesoro identific\u00f3 15 aeronaves como propiedad bloqueada.<br \/>\nSeg\u00fan la investigaci\u00f3n, Pdvsa compr\u00f3 el avi\u00f3n a Estados Unidos en 2017 y lo export\u00f3 a Venezuela. Ante la imposici\u00f3n de sanciones a la compa\u00f1\u00eda y la identificaci\u00f3n del \u201cDassault Falcon 2000EX\u201d como propiedad bloqueada, la aeronave fue reparada y mantenida en m\u00faltiples ocasiones utilizando piezas de Estados Unidos, como frenos, pantallas de vuelo y ordenadores de gesti\u00f3n de vuelo.<br \/>\nAdem\u00e1s, habr\u00eda transportado, entre otros, al entonces ministro de Petr\u00f3leo de Venezuela, Manuel Salvador Quevedo Fern\u00e1ndez (2017-2020), que tambi\u00e9n est\u00e1 sancionado por las autoridades estadounidenses, a una reuni\u00f3n de la Organizaci\u00f3n de Pa\u00edses Exportadores de Petr\u00f3leo (OPEP) a Emiratos \u00c1rabes Unidos.<br \/>\nA principios de septiembre de 2024, Washington confisc\u00f3 el avi\u00f3n del presidente de Venezuela, que se encontraba requisado en Rep\u00fablica Dominicana desde principios de este a\u00f1o, alegando que fue adquirido y oper\u00f3 contraviniendo las sanciones, a lo que Caracas respondi\u00f3 denunciando la \u201cpirater\u00eda\u201d estadounidense. (EP)<\/p>\n","protected":false},"excerpt":{"rendered":"<p>El Gobierno de Estados Unidos anunci\u00f3 ayer que confisc\u00f3 un avi\u00f3n de las autoridades venezolanas en Rep\u00fablica Dominicana por la violaci\u00f3n de las sanciones estadounidenses interpuestas previamente al Ejecutivo de Nicol\u00e1s Maduro, lo que constituye la segunda acci\u00f3n de este tipo realizada por Washington en los \u00faltimos meses. El secretario del Departamento de Estado, Marco [&hellip;]<\/p>\n","protected":false},"author":1,"featured_media":280296,"comment_status":"closed","ping_status":"open","sticky":false,"template":"","format":"standard","meta":{"_acf_changed":false,"footnotes":""},"categories":[3],"tags":[],"class_list":["post-280295","post","type-post","status-publish","format-standard","has-post-thumbnail","category-internacional"],"acf":{"antetitulo":"En Rep\u00fablica Dominicana"},"yoast_head":"<!-- This site is optimized with the Yoast SEO plugin v28.4 - https:\/\/yoast.com\/product\/yoast-seo-wordpress\/ -->\n<title>EEUU confisca segunda aeronave venezolana - El Diario - Bolivia<\/title>\n<meta name=\"robots\" content=\"index, follow, max-snippet:-1, max-image-preview:large, max-video-preview:-1\" \/>\n<link rel=\"canonical\" href=\"https:\/\/www.eldiario.net\/portal\/2025\/02\/08\/eeuu-confisca-segunda-aeronave-venezolana\/\" \/>\n<meta property=\"og:locale\" content=\"es_ES\" \/>\n<meta property=\"og:type\" content=\"article\" \/>\n<meta property=\"og:title\" content=\"EEUU confisca segunda aeronave venezolana - El Diario - Bolivia\" \/>\n<meta property=\"og:description\" content=\"El Gobierno de Estados Unidos anunci\u00f3 ayer que confisc\u00f3 un avi\u00f3n de las autoridades venezolanas en Rep\u00fablica Dominicana por la violaci\u00f3n de las sanciones estadounidenses interpuestas previamente al Ejecutivo de Nicol\u00e1s Maduro, lo que constituye la segunda acci\u00f3n de este tipo realizada por Washington en los \u00faltimos meses. El secretario del Departamento de Estado, Marco [&hellip;]\" \/>\n<meta property=\"og:url\" content=\"https:\/\/www.eldiario.net\/portal\/2025\/02\/08\/eeuu-confisca-segunda-aeronave-venezolana\/\" \/>\n<meta property=\"og:site_name\" content=\"El Diario - Bolivia\" \/>\n<meta property=\"article:publisher\" content=\"https:\/\/www.facebook.com\/eldiario.bolivia\/\" \/>\n<meta property=\"article:published_time\" content=\"2025-02-08T11:21:13+00:00\" \/>\n<meta property=\"og:image\" content=\"https:\/\/www.eldiario.net\/portal\/wp-content\/uploads\/2025\/02\/INCAUTA-AFP.jpg\" \/>\n\t<meta property=\"og:image:width\" content=\"1200\" \/>\n\t<meta property=\"og:image:height\" content=\"525\" \/>\n\t<meta property=\"og:image:type\" content=\"image\/jpeg\" \/>\n<meta name=\"author\" content=\"Jeanette\" \/>\n<meta name=\"twitter:card\" content=\"summary_large_image\" \/>\n<meta name=\"twitter:creator\" content=\"@eldiario_net\" \/>\n<meta name=\"twitter:site\" content=\"@eldiario_net\" \/>\n<meta name=\"twitter:label1\" content=\"Escrito por\" \/>\n\t<meta name=\"twitter:data1\" content=\"Jeanette\" \/>\n\t<meta name=\"twitter:label2\" content=\"Tiempo de lectura\" \/>\n\t<meta name=\"twitter:data2\" content=\"3 minutos\" \/>\n<script type=\"application\/ld+json\" class=\"yoast-schema-graph\">{\"@context\":\"https:\\\/\\\/schema.org\",\"@graph\":[{\"@type\":\"Article\",\"@id\":\"https:\\\/\\\/www.eldiario.net\\\/portal\\\/2025\\\/02\\\/08\\\/eeuu-confisca-segunda-aeronave-venezolana\\\/#article\",\"isPartOf\":{\"@id\":\"https:\\\/\\\/www.eldiario.net\\\/portal\\\/2025\\\/02\\\/08\\\/eeuu-confisca-segunda-aeronave-venezolana\\\/\"},\"author\":{\"name\":\"Jeanette\",\"@id\":\"https:\\\/\\\/www.eldiario.net\\\/portal\\\/#\\\/schema\\\/person\\\/f46445640444750d7d753ccd04ae01b7\"},\"headline\":\"EEUU confisca segunda aeronave venezolana\",\"datePublished\":\"2025-02-08T11:21:13+00:00\",\"mainEntityOfPage\":{\"@id\":\"https:\\\/\\\/www.eldiario.net\\\/portal\\\/2025\\\/02\\\/08\\\/eeuu-confisca-segunda-aeronave-venezolana\\\/\"},\"wordCount\":442,\"publisher\":{\"@id\":\"https:\\\/\\\/www.eldiario.net\\\/portal\\\/#organization\"},\"image\":{\"@id\":\"https:\\\/\\\/www.eldiario.net\\\/portal\\\/2025\\\/02\\\/08\\\/eeuu-confisca-segunda-aeronave-venezolana\\\/#primaryimage\"},\"thumbnailUrl\":\"https:\\\/\\\/www.eldiario.net\\\/portal\\\/wp-content\\\/uploads\\\/2025\\\/02\\\/INCAUTA-AFP.jpg\",\"articleSection\":[\"Internacional\"],\"inLanguage\":\"es\"},{\"@type\":\"WebPage\",\"@id\":\"https:\\\/\\\/www.eldiario.net\\\/portal\\\/2025\\\/02\\\/08\\\/eeuu-confisca-segunda-aeronave-venezolana\\\/\",\"url\":\"https:\\\/\\\/www.eldiario.net\\\/portal\\\/2025\\\/02\\\/08\\\/eeuu-confisca-segunda-aeronave-venezolana\\\/\",\"name\":\"EEUU confisca segunda aeronave venezolana - El Diario - Bolivia\",\"isPartOf\":{\"@id\":\"https:\\\/\\\/www.eldiario.net\\\/portal\\\/#website\"},\"primaryImageOfPage\":{\"@id\":\"https:\\\/\\\/www.eldiario.net\\\/portal\\\/2025\\\/02\\\/08\\\/eeuu-confisca-segunda-aeronave-venezolana\\\/#primaryimage\"},\"image\":{\"@id\":\"https:\\\/\\\/www.eldiario.net\\\/portal\\\/2025\\\/02\\\/08\\\/eeuu-confisca-segunda-aeronave-venezolana\\\/#primaryimage\"},\"thumbnailUrl\":\"https:\\\/\\\/www.eldiario.net\\\/portal\\\/wp-content\\\/uploads\\\/2025\\\/02\\\/INCAUTA-AFP.jpg\",\"datePublished\":\"2025-02-08T11:21:13+00:00\",\"breadcrumb\":{\"@id\":\"https:\\\/\\\/www.eldiario.net\\\/portal\\\/2025\\\/02\\\/08\\\/eeuu-confisca-segunda-aeronave-venezolana\\\/#breadcrumb\"},\"inLanguage\":\"es\",\"potentialAction\":[{\"@type\":\"ReadAction\",\"target\":[\"https:\\\/\\\/www.eldiario.net\\\/portal\\\/2025\\\/02\\\/08\\\/eeuu-confisca-segunda-aeronave-venezolana\\\/\"]}]},{\"@type\":\"ImageObject\",\"inLanguage\":\"es\",\"@id\":\"https:\\\/\\\/www.eldiario.net\\\/portal\\\/2025\\\/02\\\/08\\\/eeuu-confisca-segunda-aeronave-venezolana\\\/#primaryimage\",\"url\":\"https:\\\/\\\/www.eldiario.net\\\/portal\\\/wp-content\\\/uploads\\\/2025\\\/02\\\/INCAUTA-AFP.jpg\",\"contentUrl\":\"https:\\\/\\\/www.eldiario.net\\\/portal\\\/wp-content\\\/uploads\\\/2025\\\/02\\\/INCAUTA-AFP.jpg\",\"width\":1200,\"height\":525},{\"@type\":\"BreadcrumbList\",\"@id\":\"https:\\\/\\\/www.eldiario.net\\\/portal\\\/2025\\\/02\\\/08\\\/eeuu-confisca-segunda-aeronave-venezolana\\\/#breadcrumb\",\"itemListElement\":[{\"@type\":\"ListItem\",\"position\":1,\"name\":\"Portada\",\"item\":\"https:\\\/\\\/www.eldiario.net\\\/portal\\\/\"},{\"@type\":\"ListItem\",\"position\":2,\"name\":\"EEUU confisca segunda aeronave venezolana\"}]},{\"@type\":\"WebSite\",\"@id\":\"https:\\\/\\\/www.eldiario.net\\\/portal\\\/#website\",\"url\":\"https:\\\/\\\/www.eldiario.net\\\/portal\\\/\",\"name\":\"El Diario - Decano de la prensa nacional\",\"description\":\"El Diario - Decano de la prensa nacional\",\"publisher\":{\"@id\":\"https:\\\/\\\/www.eldiario.net\\\/portal\\\/#organization\"},\"potentialAction\":[{\"@type\":\"SearchAction\",\"target\":{\"@type\":\"EntryPoint\",\"urlTemplate\":\"https:\\\/\\\/www.eldiario.net\\\/portal\\\/?s={search_term_string}\"},\"query-input\":{\"@type\":\"PropertyValueSpecification\",\"valueRequired\":true,\"valueName\":\"search_term_string\"}}],\"inLanguage\":\"es\"},{\"@type\":\"Organization\",\"@id\":\"https:\\\/\\\/www.eldiario.net\\\/portal\\\/#organization\",\"name\":\"El Diario - Decano de la prensa nacional\",\"url\":\"https:\\\/\\\/www.eldiario.net\\\/portal\\\/\",\"logo\":{\"@type\":\"ImageObject\",\"inLanguage\":\"es\",\"@id\":\"https:\\\/\\\/www.eldiario.net\\\/portal\\\/#\\\/schema\\\/logo\\\/image\\\/\",\"url\":\"https:\\\/\\\/www.eldiario.net\\\/portal\\\/wp-content\\\/uploads\\\/2023\\\/07\\\/logo_ED.jpg\",\"contentUrl\":\"https:\\\/\\\/www.eldiario.net\\\/portal\\\/wp-content\\\/uploads\\\/2023\\\/07\\\/logo_ED.jpg\",\"width\":272,\"height\":52,\"caption\":\"El Diario - Decano de la prensa nacional\"},\"image\":{\"@id\":\"https:\\\/\\\/www.eldiario.net\\\/portal\\\/#\\\/schema\\\/logo\\\/image\\\/\"},\"sameAs\":[\"https:\\\/\\\/www.facebook.com\\\/eldiario.bolivia\\\/\",\"https:\\\/\\\/x.com\\\/eldiario_net\"]},{\"@type\":\"Person\",\"@id\":\"https:\\\/\\\/www.eldiario.net\\\/portal\\\/#\\\/schema\\\/person\\\/f46445640444750d7d753ccd04ae01b7\",\"name\":\"Jeanette\",\"image\":{\"@type\":\"ImageObject\",\"inLanguage\":\"es\",\"@id\":\"https:\\\/\\\/secure.gravatar.com\\\/avatar\\\/3ea2118a5f7dad2b7138b1187a6b7ee55f160b9968b66013c3a3ef39dd7e5798?s=96&d=mm&r=g\",\"url\":\"https:\\\/\\\/secure.gravatar.com\\\/avatar\\\/3ea2118a5f7dad2b7138b1187a6b7ee55f160b9968b66013c3a3ef39dd7e5798?s=96&d=mm&r=g\",\"contentUrl\":\"https:\\\/\\\/secure.gravatar.com\\\/avatar\\\/3ea2118a5f7dad2b7138b1187a6b7ee55f160b9968b66013c3a3ef39dd7e5798?s=96&d=mm&r=g\",\"caption\":\"Jeanette\"},\"sameAs\":[\"https:\\\/\\\/www.eldiario.net\\\/portal\"],\"url\":\"https:\\\/\\\/www.eldiario.net\\\/portal\\\/author\\\/jeanette\\\/\"}]}<\/script>\n<!-- \/ Yoast SEO plugin. -->","yoast_head_json":{"title":"EEUU confisca segunda aeronave venezolana - El Diario - Bolivia","robots":{"index":"index","follow":"follow","max-snippet":"max-snippet:-1","max-image-preview":"max-image-preview:large","max-video-preview":"max-video-preview:-1"},"canonical":"https:\/\/www.eldiario.net\/portal\/2025\/02\/08\/eeuu-confisca-segunda-aeronave-venezolana\/","og_locale":"es_ES","og_type":"article","og_title":"EEUU confisca segunda aeronave venezolana - El Diario - Bolivia","og_description":"El Gobierno de Estados Unidos anunci\u00f3 ayer que confisc\u00f3 un avi\u00f3n de las autoridades venezolanas en Rep\u00fablica Dominicana por la violaci\u00f3n de las sanciones estadounidenses interpuestas previamente al Ejecutivo de Nicol\u00e1s Maduro, lo que constituye la segunda acci\u00f3n de este tipo realizada por Washington en los \u00faltimos meses. El secretario del Departamento de Estado, Marco [&hellip;]","og_url":"https:\/\/www.eldiario.net\/portal\/2025\/02\/08\/eeuu-confisca-segunda-aeronave-venezolana\/","og_site_name":"El Diario - Bolivia","article_publisher":"https:\/\/www.facebook.com\/eldiario.bolivia\/","article_published_time":"2025-02-08T11:21:13+00:00","og_image":[{"width":1200,"height":525,"url":"https:\/\/www.eldiario.net\/portal\/wp-content\/uploads\/2025\/02\/INCAUTA-AFP.jpg","type":"image\/jpeg"}],"author":"Jeanette","twitter_card":"summary_large_image","twitter_creator":"@eldiario_net","twitter_site":"@eldiario_net","twitter_misc":{"Escrito por":"Jeanette","Tiempo de lectura":"3 minutos"},"schema":{"@context":"https:\/\/schema.org","@graph":[{"@type":"Article","@id":"https:\/\/www.eldiario.net\/portal\/2025\/02\/08\/eeuu-confisca-segunda-aeronave-venezolana\/#article","isPartOf":{"@id":"https:\/\/www.eldiario.net\/portal\/2025\/02\/08\/eeuu-confisca-segunda-aeronave-venezolana\/"},"author":{"name":"Jeanette","@id":"https:\/\/www.eldiario.net\/portal\/#\/schema\/person\/f46445640444750d7d753ccd04ae01b7"},"headline":"EEUU confisca segunda aeronave venezolana","datePublished":"2025-02-08T11:21:13+00:00","mainEntityOfPage":{"@id":"https:\/\/www.eldiario.net\/portal\/2025\/02\/08\/eeuu-confisca-segunda-aeronave-venezolana\/"},"wordCount":442,"publisher":{"@id":"https:\/\/www.eldiario.net\/portal\/#organization"},"image":{"@id":"https:\/\/www.eldiario.net\/portal\/2025\/02\/08\/eeuu-confisca-segunda-aeronave-venezolana\/#primaryimage"},"thumbnailUrl":"https:\/\/www.eldiario.net\/portal\/wp-content\/uploads\/2025\/02\/INCAUTA-AFP.jpg","articleSection":["Internacional"],"inLanguage":"es"},{"@type":"WebPage","@id":"https:\/\/www.eldiario.net\/portal\/2025\/02\/08\/eeuu-confisca-segunda-aeronave-venezolana\/","url":"https:\/\/www.eldiario.net\/portal\/2025\/02\/08\/eeuu-confisca-segunda-aeronave-venezolana\/","name":"EEUU confisca segunda aeronave venezolana - El Diario - Bolivia","isPartOf":{"@id":"https:\/\/www.eldiario.net\/portal\/#website"},"primaryImageOfPage":{"@id":"https:\/\/www.eldiario.net\/portal\/2025\/02\/08\/eeuu-confisca-segunda-aeronave-venezolana\/#primaryimage"},"image":{"@id":"https:\/\/www.eldiario.net\/portal\/2025\/02\/08\/eeuu-confisca-segunda-aeronave-venezolana\/#primaryimage"},"thumbnailUrl":"https:\/\/www.eldiario.net\/portal\/wp-content\/uploads\/2025\/02\/INCAUTA-AFP.jpg","datePublished":"2025-02-08T11:21:13+00:00","breadcrumb":{"@id":"https:\/\/www.eldiario.net\/portal\/2025\/02\/08\/eeuu-confisca-segunda-aeronave-venezolana\/#breadcrumb"},"inLanguage":"es","potentialAction":[{"@type":"ReadAction","target":["https:\/\/www.eldiario.net\/portal\/2025\/02\/08\/eeuu-confisca-segunda-aeronave-venezolana\/"]}]},{"@type":"ImageObject","inLanguage":"es","@id":"https:\/\/www.eldiario.net\/portal\/2025\/02\/08\/eeuu-confisca-segunda-aeronave-venezolana\/#primaryimage","url":"https:\/\/www.eldiario.net\/portal\/wp-content\/uploads\/2025\/02\/INCAUTA-AFP.jpg","contentUrl":"https:\/\/www.eldiario.net\/portal\/wp-content\/uploads\/2025\/02\/INCAUTA-AFP.jpg","width":1200,"height":525},{"@type":"BreadcrumbList","@id":"https:\/\/www.eldiario.net\/portal\/2025\/02\/08\/eeuu-confisca-segunda-aeronave-venezolana\/#breadcrumb","itemListElement":[{"@type":"ListItem","position":1,"name":"Portada","item":"https:\/\/www.eldiario.net\/portal\/"},{"@type":"ListItem","position":2,"name":"EEUU confisca segunda aeronave venezolana"}]},{"@type":"WebSite","@id":"https:\/\/www.eldiario.net\/portal\/#website","url":"https:\/\/www.eldiario.net\/portal\/","name":"El Diario - Decano de la prensa nacional","description":"El Diario - Decano de la prensa nacional","publisher":{"@id":"https:\/\/www.eldiario.net\/portal\/#organization"},"potentialAction":[{"@type":"SearchAction","target":{"@type":"EntryPoint","urlTemplate":"https:\/\/www.eldiario.net\/portal\/?s={search_term_string}"},"query-input":{"@type":"PropertyValueSpecification","valueRequired":true,"valueName":"search_term_string"}}],"inLanguage":"es"},{"@type":"Organization","@id":"https:\/\/www.eldiario.net\/portal\/#organization","name":"El Diario - Decano de la prensa nacional","url":"https:\/\/www.eldiario.net\/portal\/","logo":{"@type":"ImageObject","inLanguage":"es","@id":"https:\/\/www.eldiario.net\/portal\/#\/schema\/logo\/image\/","url":"https:\/\/www.eldiario.net\/portal\/wp-content\/uploads\/2023\/07\/logo_ED.jpg","contentUrl":"https:\/\/www.eldiario.net\/portal\/wp-content\/uploads\/2023\/07\/logo_ED.jpg","width":272,"height":52,"caption":"El Diario - Decano de la prensa nacional"},"image":{"@id":"https:\/\/www.eldiario.net\/portal\/#\/schema\/logo\/image\/"},"sameAs":["https:\/\/www.facebook.com\/eldiario.bolivia\/","https:\/\/x.com\/eldiario_net"]},{"@type":"Person","@id":"https:\/\/www.eldiario.net\/portal\/#\/schema\/person\/f46445640444750d7d753ccd04ae01b7","name":"Jeanette","image":{"@type":"ImageObject","inLanguage":"es","@id":"https:\/\/secure.gravatar.com\/avatar\/3ea2118a5f7dad2b7138b1187a6b7ee55f160b9968b66013c3a3ef39dd7e5798?s=96&d=mm&r=g","url":"https:\/\/secure.gravatar.com\/avatar\/3ea2118a5f7dad2b7138b1187a6b7ee55f160b9968b66013c3a3ef39dd7e5798?s=96&d=mm&r=g","contentUrl":"https:\/\/secure.gravatar.com\/avatar\/3ea2118a5f7dad2b7138b1187a6b7ee55f160b9968b66013c3a3ef39dd7e5798?s=96&d=mm&r=g","caption":"Jeanette"},"sameAs":["https:\/\/www.eldiario.net\/portal"],"url":"https:\/\/www.eldiario.net\/portal\/author\/jeanette\/"}]}},"_links":{"self":[{"href":"https:\/\/www.eldiario.net\/portal\/wp-json\/wp\/v2\/posts\/280295","targetHints":{"allow":["GET"]}}],"collection":[{"href":"https:\/\/www.eldiario.net\/portal\/wp-json\/wp\/v2\/posts"}],"about":[{"href":"https:\/\/www.eldiario.net\/portal\/wp-json\/wp\/v2\/types\/post"}],"author":[{"embeddable":true,"href":"https:\/\/www.eldiario.net\/portal\/wp-json\/wp\/v2\/users\/1"}],"replies":[{"embeddable":true,"href":"https:\/\/www.eldiario.net\/portal\/wp-json\/wp\/v2\/comments?post=280295"}],"version-history":[{"count":1,"href":"https:\/\/www.eldiario.net\/portal\/wp-json\/wp\/v2\/posts\/280295\/revisions"}],"predecessor-version":[{"id":280297,"href":"https:\/\/www.eldiario.net\/portal\/wp-json\/wp\/v2\/posts\/280295\/revisions\/280297"}],"wp:featuredmedia":[{"embeddable":true,"href":"https:\/\/www.eldiario.net\/portal\/wp-json\/wp\/v2\/media\/280296"}],"wp:attachment":[{"href":"https:\/\/www.eldiario.net\/portal\/wp-json\/wp\/v2\/media?parent=280295"}],"wp:term":[{"taxonomy":"category","embeddable":true,"href":"https:\/\/www.eldiario.net\/portal\/wp-json\/wp\/v2\/categories?post=280295"},{"taxonomy":"post_tag","embeddable":true,"href":"https:\/\/www.eldiario.net\/portal\/wp-json\/wp\/v2\/tags?post=280295"}],"curies":[{"name":"wp","href":"https:\/\/api.w.org\/{rel}","templated":true}]}}