{"id":280292,"date":"2025-02-08T07:20:28","date_gmt":"2025-02-08T11:20:28","guid":{"rendered":"https:\/\/www.eldiario.net\/portal\/?p=280292"},"modified":"2025-02-08T07:20:28","modified_gmt":"2025-02-08T11:20:28","slug":"jueza-otorga-5-dias-a-mazon-para-informar-quien-dio-alerta-de-dana","status":"publish","type":"post","link":"https:\/\/www.eldiario.net\/portal\/2025\/02\/08\/jueza-otorga-5-dias-a-mazon-para-informar-quien-dio-alerta-de-dana\/","title":{"rendered":"Jueza otorga 5 d\u00edas a Maz\u00f3n para  informar qui\u00e9n dio alerta de Dana"},"content":{"rendered":"<p class=\"v1MsoNormal\">La titular del Juzgado de Primera Instancia e Instrucci\u00f3n 3 de Catarroja ha vuelto a requerir a la Generalitat para que comunique qu\u00e9 persona tom\u00f3 la decisi\u00f3n de enviar a la poblaci\u00f3n el SMS de alerta por la Dana el pasado 29 de octubre, al tiempo que pidi\u00f3 a la Confederaci\u00f3n Hidrogr\u00e1fica del J\u00facar (CHJ) que facilite los datos relativos al caudal del barranco del Poyo entre las 16.13 y las 18.42 horas de ese d\u00eda y precise de qu\u00e9 forma se transmitieron.<\/p>\n<p class=\"v1MsoNormal\">Sobre el \u00abapag\u00f3n\u00bb de la CHJ, el ministro de Transportes, \u00d3scar Puente, se\u00f1al\u00f3 que es \u00abun tema que est\u00e1 judicializado y ah\u00ed aflorar\u00e1 la verdad\u00bb. \u00abHe visto audios en algunos medios que despu\u00e9s fueron desmentido en otros. Vamos a dejar que sean los tribunales de justicia los que establezcan la verdad. Yo ignoro qu\u00e9 se produjo en esas dos horas\u00bb, afirm\u00f3 en un desayuno empresarial en Castell\u00f3n.<\/p>\n<p class=\"v1MsoNormal\">En un auto que fue notificado este jueves a las partes, la magistrada tambi\u00e9n resolvi\u00f3 solicitar a diferentes medios de comunicaci\u00f3n material de v\u00eddeo sobre la crecida de esa rambla y las declaraciones y comunicaciones efectuadas por autoridades y responsables de Emergencias, tanto sobre el conocimiento del sistema Es-Alert como \u00absobre el nivel de alerta y la evoluci\u00f3n de las circunstancias meteorol\u00f3gicas\u00bb durante esa fecha.<\/p>\n<p class=\"v1MsoNormal\">Por \u00faltimo, acord\u00f3 citar a declarar en calidad de perito a un investigador de la Universidad Polit\u00e9cnica de Valencia en relaci\u00f3n a un estudio cartogr\u00e1fico en el que se detalla de forma minuciosa las cotas a las que lleg\u00f3 el agua tras el desbordamiento del barranco del Poyo en municipios de la comarca de l&#8217;Horta Sud.<\/p>\n<p class=\"v1MsoNormal\">\n<p class=\"v1MsoNormal\">CECOPI TOM\u00d3 LA DECISI\u00d3N<\/p>\n<p class=\"v1MsoNormal\">Preguntado sobre este asunto, el presidente de la Generalitat, Carlos Maz\u00f3n, afirm\u00f3 que el Cecopi est\u00e1 codirigido por la Delegaci\u00f3n del Gobierno y la Conselleria valenciana de Emergencias y que las decisiones que se tomaron el d\u00eda de la Dana, el 29 de octubre, fueron de forma \u00abconjunta\u00bb y \u00abcolegiada\u00bb entre todas las administraciones.<\/p>\n<p class=\"v1MsoNormal\">Tras inaugurar una jornada sobre Inteligencia Artificial en el Auditorio de la Diputaci\u00f3n de Alicante (ADDA) organizadas por El Independiente, Maz\u00f3n fue preguntado por los periodistas el requerimiento de este jueves de una jueza de Catarroja (Valencia) para que la Generalitat comunique quien tom\u00f3 la decisi\u00f3n de enviar el SMS de alerta el d\u00eda de la riada.<\/p>\n<p class=\"v1MsoNormal\">El presidente repiti\u00f3 que habr\u00e1 \u00abtotal colaboraci\u00f3n\u00bb con la Justicia y se remiti\u00f3 en varias ocasiones a la informaci\u00f3n que est\u00e1n preparando los servicios jur\u00eddicos de la Generalitat para la jueza, aunque se\u00f1al\u00f3 que el Cecopi est\u00e1 \u00abcodirigido por la delegada del Gobierno (Pilar Bernab\u00e9) y la conselleria de Emergencias\u00bb y que las decisiones se tomaron \u00abcon la unanimidad de todos los que formaban parte y que constituyen ese \u00f3rgano de coordinaci\u00f3n t\u00e9cnica\u00bb.<\/p>\n<p class=\"v1MsoNormal\">\n<p class=\"v1MsoNormal\">V\u00cdCTIMAS EN PLANTAS BAJAS<\/p>\n<p class=\"v1MsoNormal\">La magistrada recuerda que muchas v\u00edctimas de la tercera edad se encontraban en las plantas bajas de sus domicilios y murieron en ellos, mientras que otras estaban o circulaban por las calles o bajaban a sacar veh\u00edculos de sus garajes cuando el mensaje de alerta donde se instaba a evitar desplazamientos se envi\u00f3 a los tel\u00e9fonos m\u00f3viles a las 20.11 horas.<\/p>\n<p class=\"v1MsoNormal\">La jueza considera que es necesario analizar no solo si se produjeron las oportunas mediciones del caudal del barranco del Poyo y su conocimiento por parte de los responsables de Emergencias, sino tambi\u00e9n si la \u00absimple percepci\u00f3n directa de cualquier persona cercana\u00bb a esa rambla de la \u00abintensidad del desbordamiento\u00bb pudo permitir a esos responsables conocer la situaci\u00f3n.<\/p>\n<p class=\"v1MsoNormal\">Adem\u00e1s de analizar la remisi\u00f3n del SMS por el sistema Es-Alert, la titular del \u00f3rgano judicial entiende que ha de dilucidarse tambi\u00e9n si se comunic\u00f3 el riesgo existente a la poblaci\u00f3n y la evoluci\u00f3n de las circunstancias meteorol\u00f3gicas por \u00abotros medios\u00bb de forma previa, como \u00abconferencias de prensa, declaraciones p\u00fablicas o comunicados oficiales a los medios\u00bb.<\/p>\n<p class=\"v1MsoNormal\">Respecto al env\u00edo del SMS de alerta a la poblaci\u00f3n, la juez se\u00f1ala que en la documentaci\u00f3n remitida por la Conselleria de Interior y Emergencias de la Generalitat no se responde a la petici\u00f3n de informaci\u00f3n sobre qu\u00e9 persona tom\u00f3 la decisi\u00f3n, por lo que vuelve a requerir a la Administraci\u00f3n auton\u00f3mica para que lo comunique \u00aben el improrrogable plazo de cinco d\u00edas\u00bb. Tambi\u00e9n solicita a la Conselleria que identifique al funcionario o al t\u00e9cnico que ejecut\u00f3 esa orden.<\/p>\n<p class=\"v1MsoNormal\">Por otro lado, el auto se\u00f1ala que existe un intervalo de tiempo sin mensajes sobre el caudal de la Rambla del Poyo en las comunicaciones de la CHJ de esa tarde del 29 de octubre, en concreto entre un correo fechado a las 16.13 horas y otro a las 18.42.<\/p>\n<p class=\"v1MsoNormal\">No obstante, precisa la juez, la propia Confederaci\u00f3n inform\u00f3 en una nota de prensa fechada el pasado 4 de febrero que el Sistema Autom\u00e1tico de Informaci\u00f3n Hidrol\u00f3gica (SAIH) funcionaba y transmit\u00eda datos actualizados cada cinco minutos.<\/p>\n<p class=\"v1MsoNormal\">Es por esta raz\u00f3n por la que la magistrada requiere al ente h\u00eddrico que facilite \u00abla integridad\u00bb de los datos existentes en ese intervalo de tiempo sobre el caudal del barranco y concrete \u00abel medio utilizado de transmisi\u00f3n\u00bb, si \u00e9ste consist\u00eda en su publicaci\u00f3n en la p\u00e1gina web de la CHJ o se us\u00f3 alg\u00fan otro.<\/p>\n<p class=\"v1MsoNormal\">El auto, que fue notificado ya a la Fiscal\u00eda y a las siete acusaciones particulares personadas hasta hoy en el procedimiento, puede ser recurrido en reforma o apelaci\u00f3n.(RTVE.es)<\/p>\n","protected":false},"excerpt":{"rendered":"<p>La titular del Juzgado de Primera Instancia e Instrucci\u00f3n 3 de Catarroja ha vuelto a requerir a la Generalitat para que comunique qu\u00e9 persona tom\u00f3 la decisi\u00f3n de enviar a la poblaci\u00f3n el SMS de alerta por la Dana el pasado 29 de octubre, al tiempo que pidi\u00f3 a la Confederaci\u00f3n Hidrogr\u00e1fica del J\u00facar (CHJ) [&hellip;]<\/p>\n","protected":false},"author":1,"featured_media":280293,"comment_status":"closed","ping_status":"open","sticky":false,"template":"","format":"standard","meta":{"_acf_changed":false,"footnotes":""},"categories":[3],"tags":[],"class_list":["post-280292","post","type-post","status-publish","format-standard","has-post-thumbnail","category-internacional"],"acf":{"antetitulo":"Espa\u00f1a"},"yoast_head":"<!-- This site is optimized with the Yoast SEO plugin v28.4 - https:\/\/yoast.com\/product\/yoast-seo-wordpress\/ -->\n<title>Jueza otorga 5 d\u00edas a Maz\u00f3n para informar qui\u00e9n dio alerta de Dana - El Diario - Bolivia<\/title>\n<meta name=\"robots\" content=\"index, follow, max-snippet:-1, max-image-preview:large, max-video-preview:-1\" \/>\n<link rel=\"canonical\" href=\"https:\/\/www.eldiario.net\/portal\/2025\/02\/08\/jueza-otorga-5-dias-a-mazon-para-informar-quien-dio-alerta-de-dana\/\" \/>\n<meta property=\"og:locale\" content=\"es_ES\" \/>\n<meta property=\"og:type\" content=\"article\" \/>\n<meta property=\"og:title\" content=\"Jueza otorga 5 d\u00edas a Maz\u00f3n para informar qui\u00e9n dio alerta de Dana - El Diario - Bolivia\" \/>\n<meta property=\"og:description\" content=\"La titular del Juzgado de Primera Instancia e Instrucci\u00f3n 3 de Catarroja ha vuelto a requerir a la Generalitat para que comunique qu\u00e9 persona tom\u00f3 la decisi\u00f3n de enviar a la poblaci\u00f3n el SMS de alerta por la Dana el pasado 29 de octubre, al tiempo que pidi\u00f3 a la Confederaci\u00f3n Hidrogr\u00e1fica del J\u00facar (CHJ) [&hellip;]\" \/>\n<meta property=\"og:url\" content=\"https:\/\/www.eldiario.net\/portal\/2025\/02\/08\/jueza-otorga-5-dias-a-mazon-para-informar-quien-dio-alerta-de-dana\/\" \/>\n<meta property=\"og:site_name\" content=\"El Diario - Bolivia\" \/>\n<meta property=\"article:publisher\" content=\"https:\/\/www.facebook.com\/eldiario.bolivia\/\" \/>\n<meta property=\"article:published_time\" content=\"2025-02-08T11:20:28+00:00\" \/>\n<meta property=\"og:image\" content=\"https:\/\/www.eldiario.net\/portal\/wp-content\/uploads\/2025\/02\/ESPANA-RTVE.es_.jpg\" \/>\n\t<meta property=\"og:image:width\" content=\"1200\" \/>\n\t<meta property=\"og:image:height\" content=\"675\" \/>\n\t<meta property=\"og:image:type\" content=\"image\/jpeg\" \/>\n<meta name=\"author\" content=\"Jeanette\" \/>\n<meta name=\"twitter:card\" content=\"summary_large_image\" \/>\n<meta name=\"twitter:creator\" content=\"@eldiario_net\" \/>\n<meta name=\"twitter:site\" content=\"@eldiario_net\" \/>\n<meta name=\"twitter:label1\" content=\"Escrito por\" \/>\n\t<meta name=\"twitter:data1\" content=\"Jeanette\" \/>\n\t<meta name=\"twitter:label2\" content=\"Tiempo de lectura\" \/>\n\t<meta name=\"twitter:data2\" content=\"5 minutos\" \/>\n<script type=\"application\/ld+json\" class=\"yoast-schema-graph\">{\"@context\":\"https:\\\/\\\/schema.org\",\"@graph\":[{\"@type\":\"Article\",\"@id\":\"https:\\\/\\\/www.eldiario.net\\\/portal\\\/2025\\\/02\\\/08\\\/jueza-otorga-5-dias-a-mazon-para-informar-quien-dio-alerta-de-dana\\\/#article\",\"isPartOf\":{\"@id\":\"https:\\\/\\\/www.eldiario.net\\\/portal\\\/2025\\\/02\\\/08\\\/jueza-otorga-5-dias-a-mazon-para-informar-quien-dio-alerta-de-dana\\\/\"},\"author\":{\"name\":\"Jeanette\",\"@id\":\"https:\\\/\\\/www.eldiario.net\\\/portal\\\/#\\\/schema\\\/person\\\/f46445640444750d7d753ccd04ae01b7\"},\"headline\":\"Jueza otorga 5 d\u00edas a Maz\u00f3n para informar qui\u00e9n dio alerta de Dana\",\"datePublished\":\"2025-02-08T11:20:28+00:00\",\"mainEntityOfPage\":{\"@id\":\"https:\\\/\\\/www.eldiario.net\\\/portal\\\/2025\\\/02\\\/08\\\/jueza-otorga-5-dias-a-mazon-para-informar-quien-dio-alerta-de-dana\\\/\"},\"wordCount\":971,\"publisher\":{\"@id\":\"https:\\\/\\\/www.eldiario.net\\\/portal\\\/#organization\"},\"image\":{\"@id\":\"https:\\\/\\\/www.eldiario.net\\\/portal\\\/2025\\\/02\\\/08\\\/jueza-otorga-5-dias-a-mazon-para-informar-quien-dio-alerta-de-dana\\\/#primaryimage\"},\"thumbnailUrl\":\"https:\\\/\\\/www.eldiario.net\\\/portal\\\/wp-content\\\/uploads\\\/2025\\\/02\\\/ESPANA-RTVE.es_.jpg\",\"articleSection\":[\"Internacional\"],\"inLanguage\":\"es\"},{\"@type\":\"WebPage\",\"@id\":\"https:\\\/\\\/www.eldiario.net\\\/portal\\\/2025\\\/02\\\/08\\\/jueza-otorga-5-dias-a-mazon-para-informar-quien-dio-alerta-de-dana\\\/\",\"url\":\"https:\\\/\\\/www.eldiario.net\\\/portal\\\/2025\\\/02\\\/08\\\/jueza-otorga-5-dias-a-mazon-para-informar-quien-dio-alerta-de-dana\\\/\",\"name\":\"Jueza otorga 5 d\u00edas a Maz\u00f3n para informar qui\u00e9n dio alerta de Dana - El Diario - Bolivia\",\"isPartOf\":{\"@id\":\"https:\\\/\\\/www.eldiario.net\\\/portal\\\/#website\"},\"primaryImageOfPage\":{\"@id\":\"https:\\\/\\\/www.eldiario.net\\\/portal\\\/2025\\\/02\\\/08\\\/jueza-otorga-5-dias-a-mazon-para-informar-quien-dio-alerta-de-dana\\\/#primaryimage\"},\"image\":{\"@id\":\"https:\\\/\\\/www.eldiario.net\\\/portal\\\/2025\\\/02\\\/08\\\/jueza-otorga-5-dias-a-mazon-para-informar-quien-dio-alerta-de-dana\\\/#primaryimage\"},\"thumbnailUrl\":\"https:\\\/\\\/www.eldiario.net\\\/portal\\\/wp-content\\\/uploads\\\/2025\\\/02\\\/ESPANA-RTVE.es_.jpg\",\"datePublished\":\"2025-02-08T11:20:28+00:00\",\"breadcrumb\":{\"@id\":\"https:\\\/\\\/www.eldiario.net\\\/portal\\\/2025\\\/02\\\/08\\\/jueza-otorga-5-dias-a-mazon-para-informar-quien-dio-alerta-de-dana\\\/#breadcrumb\"},\"inLanguage\":\"es\",\"potentialAction\":[{\"@type\":\"ReadAction\",\"target\":[\"https:\\\/\\\/www.eldiario.net\\\/portal\\\/2025\\\/02\\\/08\\\/jueza-otorga-5-dias-a-mazon-para-informar-quien-dio-alerta-de-dana\\\/\"]}]},{\"@type\":\"ImageObject\",\"inLanguage\":\"es\",\"@id\":\"https:\\\/\\\/www.eldiario.net\\\/portal\\\/2025\\\/02\\\/08\\\/jueza-otorga-5-dias-a-mazon-para-informar-quien-dio-alerta-de-dana\\\/#primaryimage\",\"url\":\"https:\\\/\\\/www.eldiario.net\\\/portal\\\/wp-content\\\/uploads\\\/2025\\\/02\\\/ESPANA-RTVE.es_.jpg\",\"contentUrl\":\"https:\\\/\\\/www.eldiario.net\\\/portal\\\/wp-content\\\/uploads\\\/2025\\\/02\\\/ESPANA-RTVE.es_.jpg\",\"width\":1200,\"height\":675,\"caption\":\"El presidente de la Generalitat, Carlos Maz\u00f3n. CREDITO: RTVE.es\"},{\"@type\":\"BreadcrumbList\",\"@id\":\"https:\\\/\\\/www.eldiario.net\\\/portal\\\/2025\\\/02\\\/08\\\/jueza-otorga-5-dias-a-mazon-para-informar-quien-dio-alerta-de-dana\\\/#breadcrumb\",\"itemListElement\":[{\"@type\":\"ListItem\",\"position\":1,\"name\":\"Portada\",\"item\":\"https:\\\/\\\/www.eldiario.net\\\/portal\\\/\"},{\"@type\":\"ListItem\",\"position\":2,\"name\":\"Jueza otorga 5 d\u00edas a Maz\u00f3n para informar qui\u00e9n dio alerta de Dana\"}]},{\"@type\":\"WebSite\",\"@id\":\"https:\\\/\\\/www.eldiario.net\\\/portal\\\/#website\",\"url\":\"https:\\\/\\\/www.eldiario.net\\\/portal\\\/\",\"name\":\"El Diario - Decano de la prensa nacional\",\"description\":\"El Diario - Decano de la prensa nacional\",\"publisher\":{\"@id\":\"https:\\\/\\\/www.eldiario.net\\\/portal\\\/#organization\"},\"potentialAction\":[{\"@type\":\"SearchAction\",\"target\":{\"@type\":\"EntryPoint\",\"urlTemplate\":\"https:\\\/\\\/www.eldiario.net\\\/portal\\\/?s={search_term_string}\"},\"query-input\":{\"@type\":\"PropertyValueSpecification\",\"valueRequired\":true,\"valueName\":\"search_term_string\"}}],\"inLanguage\":\"es\"},{\"@type\":\"Organization\",\"@id\":\"https:\\\/\\\/www.eldiario.net\\\/portal\\\/#organization\",\"name\":\"El Diario - Decano de la prensa nacional\",\"url\":\"https:\\\/\\\/www.eldiario.net\\\/portal\\\/\",\"logo\":{\"@type\":\"ImageObject\",\"inLanguage\":\"es\",\"@id\":\"https:\\\/\\\/www.eldiario.net\\\/portal\\\/#\\\/schema\\\/logo\\\/image\\\/\",\"url\":\"https:\\\/\\\/www.eldiario.net\\\/portal\\\/wp-content\\\/uploads\\\/2023\\\/07\\\/logo_ED.jpg\",\"contentUrl\":\"https:\\\/\\\/www.eldiario.net\\\/portal\\\/wp-content\\\/uploads\\\/2023\\\/07\\\/logo_ED.jpg\",\"width\":272,\"height\":52,\"caption\":\"El Diario - Decano de la prensa nacional\"},\"image\":{\"@id\":\"https:\\\/\\\/www.eldiario.net\\\/portal\\\/#\\\/schema\\\/logo\\\/image\\\/\"},\"sameAs\":[\"https:\\\/\\\/www.facebook.com\\\/eldiario.bolivia\\\/\",\"https:\\\/\\\/x.com\\\/eldiario_net\"]},{\"@type\":\"Person\",\"@id\":\"https:\\\/\\\/www.eldiario.net\\\/portal\\\/#\\\/schema\\\/person\\\/f46445640444750d7d753ccd04ae01b7\",\"name\":\"Jeanette\",\"image\":{\"@type\":\"ImageObject\",\"inLanguage\":\"es\",\"@id\":\"https:\\\/\\\/secure.gravatar.com\\\/avatar\\\/3ea2118a5f7dad2b7138b1187a6b7ee55f160b9968b66013c3a3ef39dd7e5798?s=96&d=mm&r=g\",\"url\":\"https:\\\/\\\/secure.gravatar.com\\\/avatar\\\/3ea2118a5f7dad2b7138b1187a6b7ee55f160b9968b66013c3a3ef39dd7e5798?s=96&d=mm&r=g\",\"contentUrl\":\"https:\\\/\\\/secure.gravatar.com\\\/avatar\\\/3ea2118a5f7dad2b7138b1187a6b7ee55f160b9968b66013c3a3ef39dd7e5798?s=96&d=mm&r=g\",\"caption\":\"Jeanette\"},\"sameAs\":[\"https:\\\/\\\/www.eldiario.net\\\/portal\"],\"url\":\"https:\\\/\\\/www.eldiario.net\\\/portal\\\/author\\\/jeanette\\\/\"}]}<\/script>\n<!-- \/ Yoast SEO plugin. -->","yoast_head_json":{"title":"Jueza otorga 5 d\u00edas a Maz\u00f3n para informar qui\u00e9n dio alerta de Dana - El Diario - Bolivia","robots":{"index":"index","follow":"follow","max-snippet":"max-snippet:-1","max-image-preview":"max-image-preview:large","max-video-preview":"max-video-preview:-1"},"canonical":"https:\/\/www.eldiario.net\/portal\/2025\/02\/08\/jueza-otorga-5-dias-a-mazon-para-informar-quien-dio-alerta-de-dana\/","og_locale":"es_ES","og_type":"article","og_title":"Jueza otorga 5 d\u00edas a Maz\u00f3n para informar qui\u00e9n dio alerta de Dana - El Diario - Bolivia","og_description":"La titular del Juzgado de Primera Instancia e Instrucci\u00f3n 3 de Catarroja ha vuelto a requerir a la Generalitat para que comunique qu\u00e9 persona tom\u00f3 la decisi\u00f3n de enviar a la poblaci\u00f3n el SMS de alerta por la Dana el pasado 29 de octubre, al tiempo que pidi\u00f3 a la Confederaci\u00f3n Hidrogr\u00e1fica del J\u00facar (CHJ) [&hellip;]","og_url":"https:\/\/www.eldiario.net\/portal\/2025\/02\/08\/jueza-otorga-5-dias-a-mazon-para-informar-quien-dio-alerta-de-dana\/","og_site_name":"El Diario - Bolivia","article_publisher":"https:\/\/www.facebook.com\/eldiario.bolivia\/","article_published_time":"2025-02-08T11:20:28+00:00","og_image":[{"width":1200,"height":675,"url":"https:\/\/www.eldiario.net\/portal\/wp-content\/uploads\/2025\/02\/ESPANA-RTVE.es_.jpg","type":"image\/jpeg"}],"author":"Jeanette","twitter_card":"summary_large_image","twitter_creator":"@eldiario_net","twitter_site":"@eldiario_net","twitter_misc":{"Escrito por":"Jeanette","Tiempo de lectura":"5 minutos"},"schema":{"@context":"https:\/\/schema.org","@graph":[{"@type":"Article","@id":"https:\/\/www.eldiario.net\/portal\/2025\/02\/08\/jueza-otorga-5-dias-a-mazon-para-informar-quien-dio-alerta-de-dana\/#article","isPartOf":{"@id":"https:\/\/www.eldiario.net\/portal\/2025\/02\/08\/jueza-otorga-5-dias-a-mazon-para-informar-quien-dio-alerta-de-dana\/"},"author":{"name":"Jeanette","@id":"https:\/\/www.eldiario.net\/portal\/#\/schema\/person\/f46445640444750d7d753ccd04ae01b7"},"headline":"Jueza otorga 5 d\u00edas a Maz\u00f3n para informar qui\u00e9n dio alerta de Dana","datePublished":"2025-02-08T11:20:28+00:00","mainEntityOfPage":{"@id":"https:\/\/www.eldiario.net\/portal\/2025\/02\/08\/jueza-otorga-5-dias-a-mazon-para-informar-quien-dio-alerta-de-dana\/"},"wordCount":971,"publisher":{"@id":"https:\/\/www.eldiario.net\/portal\/#organization"},"image":{"@id":"https:\/\/www.eldiario.net\/portal\/2025\/02\/08\/jueza-otorga-5-dias-a-mazon-para-informar-quien-dio-alerta-de-dana\/#primaryimage"},"thumbnailUrl":"https:\/\/www.eldiario.net\/portal\/wp-content\/uploads\/2025\/02\/ESPANA-RTVE.es_.jpg","articleSection":["Internacional"],"inLanguage":"es"},{"@type":"WebPage","@id":"https:\/\/www.eldiario.net\/portal\/2025\/02\/08\/jueza-otorga-5-dias-a-mazon-para-informar-quien-dio-alerta-de-dana\/","url":"https:\/\/www.eldiario.net\/portal\/2025\/02\/08\/jueza-otorga-5-dias-a-mazon-para-informar-quien-dio-alerta-de-dana\/","name":"Jueza otorga 5 d\u00edas a Maz\u00f3n para informar qui\u00e9n dio alerta de Dana - El Diario - Bolivia","isPartOf":{"@id":"https:\/\/www.eldiario.net\/portal\/#website"},"primaryImageOfPage":{"@id":"https:\/\/www.eldiario.net\/portal\/2025\/02\/08\/jueza-otorga-5-dias-a-mazon-para-informar-quien-dio-alerta-de-dana\/#primaryimage"},"image":{"@id":"https:\/\/www.eldiario.net\/portal\/2025\/02\/08\/jueza-otorga-5-dias-a-mazon-para-informar-quien-dio-alerta-de-dana\/#primaryimage"},"thumbnailUrl":"https:\/\/www.eldiario.net\/portal\/wp-content\/uploads\/2025\/02\/ESPANA-RTVE.es_.jpg","datePublished":"2025-02-08T11:20:28+00:00","breadcrumb":{"@id":"https:\/\/www.eldiario.net\/portal\/2025\/02\/08\/jueza-otorga-5-dias-a-mazon-para-informar-quien-dio-alerta-de-dana\/#breadcrumb"},"inLanguage":"es","potentialAction":[{"@type":"ReadAction","target":["https:\/\/www.eldiario.net\/portal\/2025\/02\/08\/jueza-otorga-5-dias-a-mazon-para-informar-quien-dio-alerta-de-dana\/"]}]},{"@type":"ImageObject","inLanguage":"es","@id":"https:\/\/www.eldiario.net\/portal\/2025\/02\/08\/jueza-otorga-5-dias-a-mazon-para-informar-quien-dio-alerta-de-dana\/#primaryimage","url":"https:\/\/www.eldiario.net\/portal\/wp-content\/uploads\/2025\/02\/ESPANA-RTVE.es_.jpg","contentUrl":"https:\/\/www.eldiario.net\/portal\/wp-content\/uploads\/2025\/02\/ESPANA-RTVE.es_.jpg","width":1200,"height":675,"caption":"El presidente de la Generalitat, Carlos Maz\u00f3n. CREDITO: RTVE.es"},{"@type":"BreadcrumbList","@id":"https:\/\/www.eldiario.net\/portal\/2025\/02\/08\/jueza-otorga-5-dias-a-mazon-para-informar-quien-dio-alerta-de-dana\/#breadcrumb","itemListElement":[{"@type":"ListItem","position":1,"name":"Portada","item":"https:\/\/www.eldiario.net\/portal\/"},{"@type":"ListItem","position":2,"name":"Jueza otorga 5 d\u00edas a Maz\u00f3n para informar qui\u00e9n dio alerta de Dana"}]},{"@type":"WebSite","@id":"https:\/\/www.eldiario.net\/portal\/#website","url":"https:\/\/www.eldiario.net\/portal\/","name":"El Diario - Decano de la prensa nacional","description":"El Diario - Decano de la prensa nacional","publisher":{"@id":"https:\/\/www.eldiario.net\/portal\/#organization"},"potentialAction":[{"@type":"SearchAction","target":{"@type":"EntryPoint","urlTemplate":"https:\/\/www.eldiario.net\/portal\/?s={search_term_string}"},"query-input":{"@type":"PropertyValueSpecification","valueRequired":true,"valueName":"search_term_string"}}],"inLanguage":"es"},{"@type":"Organization","@id":"https:\/\/www.eldiario.net\/portal\/#organization","name":"El Diario - Decano de la prensa nacional","url":"https:\/\/www.eldiario.net\/portal\/","logo":{"@type":"ImageObject","inLanguage":"es","@id":"https:\/\/www.eldiario.net\/portal\/#\/schema\/logo\/image\/","url":"https:\/\/www.eldiario.net\/portal\/wp-content\/uploads\/2023\/07\/logo_ED.jpg","contentUrl":"https:\/\/www.eldiario.net\/portal\/wp-content\/uploads\/2023\/07\/logo_ED.jpg","width":272,"height":52,"caption":"El Diario - Decano de la prensa nacional"},"image":{"@id":"https:\/\/www.eldiario.net\/portal\/#\/schema\/logo\/image\/"},"sameAs":["https:\/\/www.facebook.com\/eldiario.bolivia\/","https:\/\/x.com\/eldiario_net"]},{"@type":"Person","@id":"https:\/\/www.eldiario.net\/portal\/#\/schema\/person\/f46445640444750d7d753ccd04ae01b7","name":"Jeanette","image":{"@type":"ImageObject","inLanguage":"es","@id":"https:\/\/secure.gravatar.com\/avatar\/3ea2118a5f7dad2b7138b1187a6b7ee55f160b9968b66013c3a3ef39dd7e5798?s=96&d=mm&r=g","url":"https:\/\/secure.gravatar.com\/avatar\/3ea2118a5f7dad2b7138b1187a6b7ee55f160b9968b66013c3a3ef39dd7e5798?s=96&d=mm&r=g","contentUrl":"https:\/\/secure.gravatar.com\/avatar\/3ea2118a5f7dad2b7138b1187a6b7ee55f160b9968b66013c3a3ef39dd7e5798?s=96&d=mm&r=g","caption":"Jeanette"},"sameAs":["https:\/\/www.eldiario.net\/portal"],"url":"https:\/\/www.eldiario.net\/portal\/author\/jeanette\/"}]}},"_links":{"self":[{"href":"https:\/\/www.eldiario.net\/portal\/wp-json\/wp\/v2\/posts\/280292","targetHints":{"allow":["GET"]}}],"collection":[{"href":"https:\/\/www.eldiario.net\/portal\/wp-json\/wp\/v2\/posts"}],"about":[{"href":"https:\/\/www.eldiario.net\/portal\/wp-json\/wp\/v2\/types\/post"}],"author":[{"embeddable":true,"href":"https:\/\/www.eldiario.net\/portal\/wp-json\/wp\/v2\/users\/1"}],"replies":[{"embeddable":true,"href":"https:\/\/www.eldiario.net\/portal\/wp-json\/wp\/v2\/comments?post=280292"}],"version-history":[{"count":1,"href":"https:\/\/www.eldiario.net\/portal\/wp-json\/wp\/v2\/posts\/280292\/revisions"}],"predecessor-version":[{"id":280294,"href":"https:\/\/www.eldiario.net\/portal\/wp-json\/wp\/v2\/posts\/280292\/revisions\/280294"}],"wp:featuredmedia":[{"embeddable":true,"href":"https:\/\/www.eldiario.net\/portal\/wp-json\/wp\/v2\/media\/280293"}],"wp:attachment":[{"href":"https:\/\/www.eldiario.net\/portal\/wp-json\/wp\/v2\/media?parent=280292"}],"wp:term":[{"taxonomy":"category","embeddable":true,"href":"https:\/\/www.eldiario.net\/portal\/wp-json\/wp\/v2\/categories?post=280292"},{"taxonomy":"post_tag","embeddable":true,"href":"https:\/\/www.eldiario.net\/portal\/wp-json\/wp\/v2\/tags?post=280292"}],"curies":[{"name":"wp","href":"https:\/\/api.w.org\/{rel}","templated":true}]}}