{"id":280283,"date":"2025-02-08T07:18:02","date_gmt":"2025-02-08T11:18:02","guid":{"rendered":"https:\/\/www.eldiario.net\/portal\/?p=280283"},"modified":"2025-02-08T07:18:02","modified_gmt":"2025-02-08T11:18:02","slug":"limitaran-acceso-a-armas-semiautomaticas-tras-tiroteo","status":"publish","type":"post","link":"https:\/\/www.eldiario.net\/portal\/2025\/02\/08\/limitaran-acceso-a-armas-semiautomaticas-tras-tiroteo\/","title":{"rendered":"Limitar\u00e1n acceso a armas  semiautom\u00e1ticas tras tiroteo"},"content":{"rendered":"<p class=\"v1MsoNormal\">El Gobierno de Suecia anunci\u00f3 un acuerdo para endurecer las leyes sobre armas con el objetivo, entre otras medidas, de limitar el acceso a armamento semiautom\u00e1tico como el que habr\u00eda utilizado el pasado martes el tirador de la escuela para adultos de la ciudad de \u00d6rebro, donde murieron asesinadas unas diez personas.<\/p>\n<p class=\"v1MsoNormal\">\u00abEl horrible acto de violencia de \u00d6rebro plantea algunas cuestiones clave sobre la legislaci\u00f3n de control de armas\u00bb, expuso el Ejecutivo, partidario de buscar un nuevo equilibrio entre la necesidad de tener armas de fuego en casos \u00abjustificados\u00bb y \u00abprevenir delitos y accidentes\u00bb.<\/p>\n<p class=\"v1MsoNormal\">El Ejecutivo, que pact\u00f3 la revisi\u00f3n con la formaci\u00f3n ultraderechista Dem\u00f3cratas de Suecia, aludido al fusil de asalto AR-15, capaz de provocar \u00abmucho da\u00f1o\u00bb en un corto periodo de tiempo y compatible con grandes cargadores. Es \u00abtan peligrosa\u00bb que las autoridades entienden que s\u00f3lo deber\u00eda estar en manos de civiles \u00aben casos excepcionales\u00bb.<\/p>\n<p class=\"v1MsoNormal\">El tirador de \u00d6rebro ten\u00eda en su poder cuatro armas para las cuales dispon\u00eda de licencia y, cuando los polic\u00edas lo hallaron ya sin vida en el interior del campus donde perpetr\u00f3 el tiroteo encontraron tambi\u00e9n tres de estos equipos. Las autoridades a\u00fan no pudieron aclarar qu\u00e9 motivos le llevaron a abrir fuego de manera indiscriminada.<\/p>\n<p class=\"v1MsoNormal\">Otro de los objetivos del Gobierno es concretar qu\u00e9 aspectos deben comprobar las autoridades antes de dar luz verde al uso de armas, de tal manera que se tengan en cuentas cuestiones como la edad o circunstancias de \u00edndole m\u00e9dica, reza el comunicado difundido ayer.(EP)<\/p>\n","protected":false},"excerpt":{"rendered":"<p>El Gobierno de Suecia anunci\u00f3 un acuerdo para endurecer las leyes sobre armas con el objetivo, entre otras medidas, de limitar el acceso a armamento semiautom\u00e1tico como el que habr\u00eda utilizado el pasado martes el tirador de la escuela para adultos de la ciudad de \u00d6rebro, donde murieron asesinadas unas diez personas. \u00abEl horrible acto [&hellip;]<\/p>\n","protected":false},"author":1,"featured_media":280284,"comment_status":"closed","ping_status":"open","sticky":false,"template":"","format":"standard","meta":{"_acf_changed":false,"footnotes":""},"categories":[3],"tags":[],"class_list":["post-280283","post","type-post","status-publish","format-standard","has-post-thumbnail","category-internacional"],"acf":{"antetitulo":"En Suecia"},"yoast_head":"<!-- This site is optimized with the Yoast SEO plugin v28.4 - https:\/\/yoast.com\/product\/yoast-seo-wordpress\/ -->\n<title>Limitar\u00e1n acceso a armas semiautom\u00e1ticas tras tiroteo - El Diario - Bolivia<\/title>\n<meta name=\"robots\" content=\"index, follow, max-snippet:-1, max-image-preview:large, max-video-preview:-1\" \/>\n<link rel=\"canonical\" href=\"https:\/\/www.eldiario.net\/portal\/2025\/02\/08\/limitaran-acceso-a-armas-semiautomaticas-tras-tiroteo\/\" \/>\n<meta property=\"og:locale\" content=\"es_ES\" \/>\n<meta property=\"og:type\" content=\"article\" \/>\n<meta property=\"og:title\" content=\"Limitar\u00e1n acceso a armas semiautom\u00e1ticas tras tiroteo - El Diario - Bolivia\" \/>\n<meta property=\"og:description\" content=\"El Gobierno de Suecia anunci\u00f3 un acuerdo para endurecer las leyes sobre armas con el objetivo, entre otras medidas, de limitar el acceso a armamento semiautom\u00e1tico como el que habr\u00eda utilizado el pasado martes el tirador de la escuela para adultos de la ciudad de \u00d6rebro, donde murieron asesinadas unas diez personas. \u00abEl horrible acto [&hellip;]\" \/>\n<meta property=\"og:url\" content=\"https:\/\/www.eldiario.net\/portal\/2025\/02\/08\/limitaran-acceso-a-armas-semiautomaticas-tras-tiroteo\/\" \/>\n<meta property=\"og:site_name\" content=\"El Diario - Bolivia\" \/>\n<meta property=\"article:publisher\" content=\"https:\/\/www.facebook.com\/eldiario.bolivia\/\" \/>\n<meta property=\"article:published_time\" content=\"2025-02-08T11:18:02+00:00\" \/>\n<meta property=\"og:image\" content=\"https:\/\/www.eldiario.net\/portal\/wp-content\/uploads\/2025\/02\/SUECIA-IMAGO.webp\" \/>\n\t<meta property=\"og:image:width\" content=\"1200\" \/>\n\t<meta property=\"og:image:height\" content=\"525\" \/>\n\t<meta property=\"og:image:type\" content=\"image\/webp\" \/>\n<meta name=\"author\" content=\"Jeanette\" \/>\n<meta name=\"twitter:card\" content=\"summary_large_image\" \/>\n<meta name=\"twitter:creator\" content=\"@eldiario_net\" \/>\n<meta name=\"twitter:site\" content=\"@eldiario_net\" \/>\n<meta name=\"twitter:label1\" content=\"Escrito por\" \/>\n\t<meta name=\"twitter:data1\" content=\"Jeanette\" \/>\n\t<meta name=\"twitter:label2\" content=\"Tiempo de lectura\" \/>\n\t<meta name=\"twitter:data2\" content=\"2 minutos\" \/>\n<script type=\"application\/ld+json\" class=\"yoast-schema-graph\">{\"@context\":\"https:\\\/\\\/schema.org\",\"@graph\":[{\"@type\":\"Article\",\"@id\":\"https:\\\/\\\/www.eldiario.net\\\/portal\\\/2025\\\/02\\\/08\\\/limitaran-acceso-a-armas-semiautomaticas-tras-tiroteo\\\/#article\",\"isPartOf\":{\"@id\":\"https:\\\/\\\/www.eldiario.net\\\/portal\\\/2025\\\/02\\\/08\\\/limitaran-acceso-a-armas-semiautomaticas-tras-tiroteo\\\/\"},\"author\":{\"name\":\"Jeanette\",\"@id\":\"https:\\\/\\\/www.eldiario.net\\\/portal\\\/#\\\/schema\\\/person\\\/f46445640444750d7d753ccd04ae01b7\"},\"headline\":\"Limitar\u00e1n acceso a armas semiautom\u00e1ticas tras tiroteo\",\"datePublished\":\"2025-02-08T11:18:02+00:00\",\"mainEntityOfPage\":{\"@id\":\"https:\\\/\\\/www.eldiario.net\\\/portal\\\/2025\\\/02\\\/08\\\/limitaran-acceso-a-armas-semiautomaticas-tras-tiroteo\\\/\"},\"wordCount\":274,\"publisher\":{\"@id\":\"https:\\\/\\\/www.eldiario.net\\\/portal\\\/#organization\"},\"image\":{\"@id\":\"https:\\\/\\\/www.eldiario.net\\\/portal\\\/2025\\\/02\\\/08\\\/limitaran-acceso-a-armas-semiautomaticas-tras-tiroteo\\\/#primaryimage\"},\"thumbnailUrl\":\"https:\\\/\\\/www.eldiario.net\\\/portal\\\/wp-content\\\/uploads\\\/2025\\\/02\\\/SUECIA-IMAGO.webp\",\"articleSection\":[\"Internacional\"],\"inLanguage\":\"es\"},{\"@type\":\"WebPage\",\"@id\":\"https:\\\/\\\/www.eldiario.net\\\/portal\\\/2025\\\/02\\\/08\\\/limitaran-acceso-a-armas-semiautomaticas-tras-tiroteo\\\/\",\"url\":\"https:\\\/\\\/www.eldiario.net\\\/portal\\\/2025\\\/02\\\/08\\\/limitaran-acceso-a-armas-semiautomaticas-tras-tiroteo\\\/\",\"name\":\"Limitar\u00e1n acceso a armas semiautom\u00e1ticas tras tiroteo - El Diario - Bolivia\",\"isPartOf\":{\"@id\":\"https:\\\/\\\/www.eldiario.net\\\/portal\\\/#website\"},\"primaryImageOfPage\":{\"@id\":\"https:\\\/\\\/www.eldiario.net\\\/portal\\\/2025\\\/02\\\/08\\\/limitaran-acceso-a-armas-semiautomaticas-tras-tiroteo\\\/#primaryimage\"},\"image\":{\"@id\":\"https:\\\/\\\/www.eldiario.net\\\/portal\\\/2025\\\/02\\\/08\\\/limitaran-acceso-a-armas-semiautomaticas-tras-tiroteo\\\/#primaryimage\"},\"thumbnailUrl\":\"https:\\\/\\\/www.eldiario.net\\\/portal\\\/wp-content\\\/uploads\\\/2025\\\/02\\\/SUECIA-IMAGO.webp\",\"datePublished\":\"2025-02-08T11:18:02+00:00\",\"breadcrumb\":{\"@id\":\"https:\\\/\\\/www.eldiario.net\\\/portal\\\/2025\\\/02\\\/08\\\/limitaran-acceso-a-armas-semiautomaticas-tras-tiroteo\\\/#breadcrumb\"},\"inLanguage\":\"es\",\"potentialAction\":[{\"@type\":\"ReadAction\",\"target\":[\"https:\\\/\\\/www.eldiario.net\\\/portal\\\/2025\\\/02\\\/08\\\/limitaran-acceso-a-armas-semiautomaticas-tras-tiroteo\\\/\"]}]},{\"@type\":\"ImageObject\",\"inLanguage\":\"es\",\"@id\":\"https:\\\/\\\/www.eldiario.net\\\/portal\\\/2025\\\/02\\\/08\\\/limitaran-acceso-a-armas-semiautomaticas-tras-tiroteo\\\/#primaryimage\",\"url\":\"https:\\\/\\\/www.eldiario.net\\\/portal\\\/wp-content\\\/uploads\\\/2025\\\/02\\\/SUECIA-IMAGO.webp\",\"contentUrl\":\"https:\\\/\\\/www.eldiario.net\\\/portal\\\/wp-content\\\/uploads\\\/2025\\\/02\\\/SUECIA-IMAGO.webp\",\"width\":1200,\"height\":525,\"caption\":\"Gran operaci\u00f3n policial, tras un tiroteo esta semana en una escuela de \u00d6rebro, Suecia. CREDITO: Imago\"},{\"@type\":\"BreadcrumbList\",\"@id\":\"https:\\\/\\\/www.eldiario.net\\\/portal\\\/2025\\\/02\\\/08\\\/limitaran-acceso-a-armas-semiautomaticas-tras-tiroteo\\\/#breadcrumb\",\"itemListElement\":[{\"@type\":\"ListItem\",\"position\":1,\"name\":\"Portada\",\"item\":\"https:\\\/\\\/www.eldiario.net\\\/portal\\\/\"},{\"@type\":\"ListItem\",\"position\":2,\"name\":\"Limitar\u00e1n acceso a armas semiautom\u00e1ticas tras tiroteo\"}]},{\"@type\":\"WebSite\",\"@id\":\"https:\\\/\\\/www.eldiario.net\\\/portal\\\/#website\",\"url\":\"https:\\\/\\\/www.eldiario.net\\\/portal\\\/\",\"name\":\"El Diario - Decano de la prensa nacional\",\"description\":\"El Diario - Decano de la prensa nacional\",\"publisher\":{\"@id\":\"https:\\\/\\\/www.eldiario.net\\\/portal\\\/#organization\"},\"potentialAction\":[{\"@type\":\"SearchAction\",\"target\":{\"@type\":\"EntryPoint\",\"urlTemplate\":\"https:\\\/\\\/www.eldiario.net\\\/portal\\\/?s={search_term_string}\"},\"query-input\":{\"@type\":\"PropertyValueSpecification\",\"valueRequired\":true,\"valueName\":\"search_term_string\"}}],\"inLanguage\":\"es\"},{\"@type\":\"Organization\",\"@id\":\"https:\\\/\\\/www.eldiario.net\\\/portal\\\/#organization\",\"name\":\"El Diario - Decano de la prensa nacional\",\"url\":\"https:\\\/\\\/www.eldiario.net\\\/portal\\\/\",\"logo\":{\"@type\":\"ImageObject\",\"inLanguage\":\"es\",\"@id\":\"https:\\\/\\\/www.eldiario.net\\\/portal\\\/#\\\/schema\\\/logo\\\/image\\\/\",\"url\":\"https:\\\/\\\/www.eldiario.net\\\/portal\\\/wp-content\\\/uploads\\\/2023\\\/07\\\/logo_ED.jpg\",\"contentUrl\":\"https:\\\/\\\/www.eldiario.net\\\/portal\\\/wp-content\\\/uploads\\\/2023\\\/07\\\/logo_ED.jpg\",\"width\":272,\"height\":52,\"caption\":\"El Diario - Decano de la prensa nacional\"},\"image\":{\"@id\":\"https:\\\/\\\/www.eldiario.net\\\/portal\\\/#\\\/schema\\\/logo\\\/image\\\/\"},\"sameAs\":[\"https:\\\/\\\/www.facebook.com\\\/eldiario.bolivia\\\/\",\"https:\\\/\\\/x.com\\\/eldiario_net\"]},{\"@type\":\"Person\",\"@id\":\"https:\\\/\\\/www.eldiario.net\\\/portal\\\/#\\\/schema\\\/person\\\/f46445640444750d7d753ccd04ae01b7\",\"name\":\"Jeanette\",\"image\":{\"@type\":\"ImageObject\",\"inLanguage\":\"es\",\"@id\":\"https:\\\/\\\/secure.gravatar.com\\\/avatar\\\/3ea2118a5f7dad2b7138b1187a6b7ee55f160b9968b66013c3a3ef39dd7e5798?s=96&d=mm&r=g\",\"url\":\"https:\\\/\\\/secure.gravatar.com\\\/avatar\\\/3ea2118a5f7dad2b7138b1187a6b7ee55f160b9968b66013c3a3ef39dd7e5798?s=96&d=mm&r=g\",\"contentUrl\":\"https:\\\/\\\/secure.gravatar.com\\\/avatar\\\/3ea2118a5f7dad2b7138b1187a6b7ee55f160b9968b66013c3a3ef39dd7e5798?s=96&d=mm&r=g\",\"caption\":\"Jeanette\"},\"sameAs\":[\"https:\\\/\\\/www.eldiario.net\\\/portal\"],\"url\":\"https:\\\/\\\/www.eldiario.net\\\/portal\\\/author\\\/jeanette\\\/\"}]}<\/script>\n<!-- \/ Yoast SEO plugin. -->","yoast_head_json":{"title":"Limitar\u00e1n acceso a armas semiautom\u00e1ticas tras tiroteo - El Diario - Bolivia","robots":{"index":"index","follow":"follow","max-snippet":"max-snippet:-1","max-image-preview":"max-image-preview:large","max-video-preview":"max-video-preview:-1"},"canonical":"https:\/\/www.eldiario.net\/portal\/2025\/02\/08\/limitaran-acceso-a-armas-semiautomaticas-tras-tiroteo\/","og_locale":"es_ES","og_type":"article","og_title":"Limitar\u00e1n acceso a armas semiautom\u00e1ticas tras tiroteo - El Diario - Bolivia","og_description":"El Gobierno de Suecia anunci\u00f3 un acuerdo para endurecer las leyes sobre armas con el objetivo, entre otras medidas, de limitar el acceso a armamento semiautom\u00e1tico como el que habr\u00eda utilizado el pasado martes el tirador de la escuela para adultos de la ciudad de \u00d6rebro, donde murieron asesinadas unas diez personas. \u00abEl horrible acto [&hellip;]","og_url":"https:\/\/www.eldiario.net\/portal\/2025\/02\/08\/limitaran-acceso-a-armas-semiautomaticas-tras-tiroteo\/","og_site_name":"El Diario - Bolivia","article_publisher":"https:\/\/www.facebook.com\/eldiario.bolivia\/","article_published_time":"2025-02-08T11:18:02+00:00","og_image":[{"width":1200,"height":525,"url":"https:\/\/www.eldiario.net\/portal\/wp-content\/uploads\/2025\/02\/SUECIA-IMAGO.webp","type":"image\/webp"}],"author":"Jeanette","twitter_card":"summary_large_image","twitter_creator":"@eldiario_net","twitter_site":"@eldiario_net","twitter_misc":{"Escrito por":"Jeanette","Tiempo de lectura":"2 minutos"},"schema":{"@context":"https:\/\/schema.org","@graph":[{"@type":"Article","@id":"https:\/\/www.eldiario.net\/portal\/2025\/02\/08\/limitaran-acceso-a-armas-semiautomaticas-tras-tiroteo\/#article","isPartOf":{"@id":"https:\/\/www.eldiario.net\/portal\/2025\/02\/08\/limitaran-acceso-a-armas-semiautomaticas-tras-tiroteo\/"},"author":{"name":"Jeanette","@id":"https:\/\/www.eldiario.net\/portal\/#\/schema\/person\/f46445640444750d7d753ccd04ae01b7"},"headline":"Limitar\u00e1n acceso a armas semiautom\u00e1ticas tras tiroteo","datePublished":"2025-02-08T11:18:02+00:00","mainEntityOfPage":{"@id":"https:\/\/www.eldiario.net\/portal\/2025\/02\/08\/limitaran-acceso-a-armas-semiautomaticas-tras-tiroteo\/"},"wordCount":274,"publisher":{"@id":"https:\/\/www.eldiario.net\/portal\/#organization"},"image":{"@id":"https:\/\/www.eldiario.net\/portal\/2025\/02\/08\/limitaran-acceso-a-armas-semiautomaticas-tras-tiroteo\/#primaryimage"},"thumbnailUrl":"https:\/\/www.eldiario.net\/portal\/wp-content\/uploads\/2025\/02\/SUECIA-IMAGO.webp","articleSection":["Internacional"],"inLanguage":"es"},{"@type":"WebPage","@id":"https:\/\/www.eldiario.net\/portal\/2025\/02\/08\/limitaran-acceso-a-armas-semiautomaticas-tras-tiroteo\/","url":"https:\/\/www.eldiario.net\/portal\/2025\/02\/08\/limitaran-acceso-a-armas-semiautomaticas-tras-tiroteo\/","name":"Limitar\u00e1n acceso a armas semiautom\u00e1ticas tras tiroteo - El Diario - Bolivia","isPartOf":{"@id":"https:\/\/www.eldiario.net\/portal\/#website"},"primaryImageOfPage":{"@id":"https:\/\/www.eldiario.net\/portal\/2025\/02\/08\/limitaran-acceso-a-armas-semiautomaticas-tras-tiroteo\/#primaryimage"},"image":{"@id":"https:\/\/www.eldiario.net\/portal\/2025\/02\/08\/limitaran-acceso-a-armas-semiautomaticas-tras-tiroteo\/#primaryimage"},"thumbnailUrl":"https:\/\/www.eldiario.net\/portal\/wp-content\/uploads\/2025\/02\/SUECIA-IMAGO.webp","datePublished":"2025-02-08T11:18:02+00:00","breadcrumb":{"@id":"https:\/\/www.eldiario.net\/portal\/2025\/02\/08\/limitaran-acceso-a-armas-semiautomaticas-tras-tiroteo\/#breadcrumb"},"inLanguage":"es","potentialAction":[{"@type":"ReadAction","target":["https:\/\/www.eldiario.net\/portal\/2025\/02\/08\/limitaran-acceso-a-armas-semiautomaticas-tras-tiroteo\/"]}]},{"@type":"ImageObject","inLanguage":"es","@id":"https:\/\/www.eldiario.net\/portal\/2025\/02\/08\/limitaran-acceso-a-armas-semiautomaticas-tras-tiroteo\/#primaryimage","url":"https:\/\/www.eldiario.net\/portal\/wp-content\/uploads\/2025\/02\/SUECIA-IMAGO.webp","contentUrl":"https:\/\/www.eldiario.net\/portal\/wp-content\/uploads\/2025\/02\/SUECIA-IMAGO.webp","width":1200,"height":525,"caption":"Gran operaci\u00f3n policial, tras un tiroteo esta semana en una escuela de \u00d6rebro, Suecia. CREDITO: Imago"},{"@type":"BreadcrumbList","@id":"https:\/\/www.eldiario.net\/portal\/2025\/02\/08\/limitaran-acceso-a-armas-semiautomaticas-tras-tiroteo\/#breadcrumb","itemListElement":[{"@type":"ListItem","position":1,"name":"Portada","item":"https:\/\/www.eldiario.net\/portal\/"},{"@type":"ListItem","position":2,"name":"Limitar\u00e1n acceso a armas semiautom\u00e1ticas tras tiroteo"}]},{"@type":"WebSite","@id":"https:\/\/www.eldiario.net\/portal\/#website","url":"https:\/\/www.eldiario.net\/portal\/","name":"El Diario - Decano de la prensa nacional","description":"El Diario - Decano de la prensa nacional","publisher":{"@id":"https:\/\/www.eldiario.net\/portal\/#organization"},"potentialAction":[{"@type":"SearchAction","target":{"@type":"EntryPoint","urlTemplate":"https:\/\/www.eldiario.net\/portal\/?s={search_term_string}"},"query-input":{"@type":"PropertyValueSpecification","valueRequired":true,"valueName":"search_term_string"}}],"inLanguage":"es"},{"@type":"Organization","@id":"https:\/\/www.eldiario.net\/portal\/#organization","name":"El Diario - Decano de la prensa nacional","url":"https:\/\/www.eldiario.net\/portal\/","logo":{"@type":"ImageObject","inLanguage":"es","@id":"https:\/\/www.eldiario.net\/portal\/#\/schema\/logo\/image\/","url":"https:\/\/www.eldiario.net\/portal\/wp-content\/uploads\/2023\/07\/logo_ED.jpg","contentUrl":"https:\/\/www.eldiario.net\/portal\/wp-content\/uploads\/2023\/07\/logo_ED.jpg","width":272,"height":52,"caption":"El Diario - Decano de la prensa nacional"},"image":{"@id":"https:\/\/www.eldiario.net\/portal\/#\/schema\/logo\/image\/"},"sameAs":["https:\/\/www.facebook.com\/eldiario.bolivia\/","https:\/\/x.com\/eldiario_net"]},{"@type":"Person","@id":"https:\/\/www.eldiario.net\/portal\/#\/schema\/person\/f46445640444750d7d753ccd04ae01b7","name":"Jeanette","image":{"@type":"ImageObject","inLanguage":"es","@id":"https:\/\/secure.gravatar.com\/avatar\/3ea2118a5f7dad2b7138b1187a6b7ee55f160b9968b66013c3a3ef39dd7e5798?s=96&d=mm&r=g","url":"https:\/\/secure.gravatar.com\/avatar\/3ea2118a5f7dad2b7138b1187a6b7ee55f160b9968b66013c3a3ef39dd7e5798?s=96&d=mm&r=g","contentUrl":"https:\/\/secure.gravatar.com\/avatar\/3ea2118a5f7dad2b7138b1187a6b7ee55f160b9968b66013c3a3ef39dd7e5798?s=96&d=mm&r=g","caption":"Jeanette"},"sameAs":["https:\/\/www.eldiario.net\/portal"],"url":"https:\/\/www.eldiario.net\/portal\/author\/jeanette\/"}]}},"_links":{"self":[{"href":"https:\/\/www.eldiario.net\/portal\/wp-json\/wp\/v2\/posts\/280283","targetHints":{"allow":["GET"]}}],"collection":[{"href":"https:\/\/www.eldiario.net\/portal\/wp-json\/wp\/v2\/posts"}],"about":[{"href":"https:\/\/www.eldiario.net\/portal\/wp-json\/wp\/v2\/types\/post"}],"author":[{"embeddable":true,"href":"https:\/\/www.eldiario.net\/portal\/wp-json\/wp\/v2\/users\/1"}],"replies":[{"embeddable":true,"href":"https:\/\/www.eldiario.net\/portal\/wp-json\/wp\/v2\/comments?post=280283"}],"version-history":[{"count":1,"href":"https:\/\/www.eldiario.net\/portal\/wp-json\/wp\/v2\/posts\/280283\/revisions"}],"predecessor-version":[{"id":280285,"href":"https:\/\/www.eldiario.net\/portal\/wp-json\/wp\/v2\/posts\/280283\/revisions\/280285"}],"wp:featuredmedia":[{"embeddable":true,"href":"https:\/\/www.eldiario.net\/portal\/wp-json\/wp\/v2\/media\/280284"}],"wp:attachment":[{"href":"https:\/\/www.eldiario.net\/portal\/wp-json\/wp\/v2\/media?parent=280283"}],"wp:term":[{"taxonomy":"category","embeddable":true,"href":"https:\/\/www.eldiario.net\/portal\/wp-json\/wp\/v2\/categories?post=280283"},{"taxonomy":"post_tag","embeddable":true,"href":"https:\/\/www.eldiario.net\/portal\/wp-json\/wp\/v2\/tags?post=280283"}],"curies":[{"name":"wp","href":"https:\/\/api.w.org\/{rel}","templated":true}]}}