{"id":280277,"date":"2025-02-08T07:10:28","date_gmt":"2025-02-08T11:10:28","guid":{"rendered":"https:\/\/www.eldiario.net\/portal\/?p=280277"},"modified":"2025-02-08T07:15:11","modified_gmt":"2025-02-08T11:15:11","slug":"segun-aguilera-nueva-marcha-evista-es-senal-de-anarquia","status":"publish","type":"post","link":"https:\/\/www.eldiario.net\/portal\/2025\/02\/08\/segun-aguilera-nueva-marcha-evista-es-senal-de-anarquia\/","title":{"rendered":"Seg\u00fan Aguilera, nueva marcha \u201cevista\u201d es \u201cse\u00f1al de anarqu\u00eda\u201d"},"content":{"rendered":"<p>El viceministro de R\u00e9gimen Interior y Polic\u00eda, Jhonny Aguilera, manifest\u00f3 que la marcha que pretende impulsar el expresidente, Evo Morales, para inscribir su candidatura presidencial en las pr\u00f3ximas elecciones generales, es una indudable \u201cse\u00f1al de anarqu\u00eda\u201d y asegur\u00f3 su aprehensi\u00f3n.<\/p>\n<p>\u201cNosotros consideramos que es indudablemente una se\u00f1al de anarqu\u00eda, se pretende utilizar a comunarios o personas que motivadas por intereses pol\u00edticos y econ\u00f3micos\u201d, afirm\u00f3 la autoridad.<\/p>\n<p>Consultado sobre la orden de apremio en contra del exmandatario, Aguilera asever\u00f3 que \u201cse van a tomar las acciones necesarias para lograr su aprehensi\u00f3n\u201d, a tiempo de cuestionar que, debido a una vigilia convocada por el sector \u201cevista\u201d, se instal\u00f3 una serie de barreras que ocasionan el desv\u00edo del tr\u00e1fico vehicular.<\/p>\n<p>En pasados d\u00edas, el exmandatario insisti\u00f3 que se encuentra habilitado para participar de las justas de agosto y anunci\u00f3 que, para inscribir su candidatura, se organizar\u00eda una movilizaci\u00f3n con un partido \u201cprestado\u201d y con \u201cmiles y miles\u201d de seguidores, seg\u00fan refleja informaci\u00f3n difundida por Erbol.<\/p>\n<p>Desde octubre del a\u00f1o pasado, se presume que Morales se encuentra \u201catrincherado\u201d en la localidad de Lauca \u00d1, Cochabamba, ante la orden de aprehensi\u00f3n que pesa en su contra tras no presentarse a declarar a un par de audiencias por el proceso en el que se lo investiga por presunta trata de personas.<\/p>\n<p>Para Morales, la mitad de la poblaci\u00f3n del Tr\u00f3pico de Cochabamba, su principal basti\u00f3n pol\u00edtico y sindical, participar\u00e1 de la marcha. Por su parte, las organizaciones sociales \u201cevistas\u201d decidieron activar una vigilia para evitar su posible aprehensi\u00f3n, agrega la red radial.<\/p>\n","protected":false},"excerpt":{"rendered":"<p>El viceministro de R\u00e9gimen Interior y Polic\u00eda, Jhonny Aguilera, manifest\u00f3 que la marcha que pretende impulsar el expresidente, Evo Morales, para inscribir su candidatura presidencial en las pr\u00f3ximas elecciones generales, es una indudable \u201cse\u00f1al de anarqu\u00eda\u201d y asegur\u00f3 su aprehensi\u00f3n. \u201cNosotros consideramos que es indudablemente una se\u00f1al de anarqu\u00eda, se pretende utilizar a comunarios o [&hellip;]<\/p>\n","protected":false},"author":1,"featured_media":280278,"comment_status":"closed","ping_status":"open","sticky":false,"template":"","format":"standard","meta":{"_acf_changed":false,"footnotes":""},"categories":[39],"tags":[],"class_list":["post-280277","post","type-post","status-publish","format-standard","has-post-thumbnail","category-sociedad"],"acf":{"antetitulo":"Asegur\u00f3 aprehensi\u00f3n de Morales"},"yoast_head":"<!-- This site is optimized with the Yoast SEO plugin v28.3 - https:\/\/yoast.com\/product\/yoast-seo-wordpress\/ -->\n<title>Seg\u00fan Aguilera, nueva marcha \u201cevista\u201d es \u201cse\u00f1al de anarqu\u00eda\u201d - El Diario - Bolivia<\/title>\n<meta name=\"robots\" content=\"index, follow, max-snippet:-1, max-image-preview:large, max-video-preview:-1\" \/>\n<link rel=\"canonical\" href=\"https:\/\/www.eldiario.net\/portal\/2025\/02\/08\/segun-aguilera-nueva-marcha-evista-es-senal-de-anarquia\/\" \/>\n<meta property=\"og:locale\" content=\"es_ES\" \/>\n<meta property=\"og:type\" content=\"article\" \/>\n<meta property=\"og:title\" content=\"Seg\u00fan Aguilera, nueva marcha \u201cevista\u201d es \u201cse\u00f1al de anarqu\u00eda\u201d - El Diario - Bolivia\" \/>\n<meta property=\"og:description\" content=\"El viceministro de R\u00e9gimen Interior y Polic\u00eda, Jhonny Aguilera, manifest\u00f3 que la marcha que pretende impulsar el expresidente, Evo Morales, para inscribir su candidatura presidencial en las pr\u00f3ximas elecciones generales, es una indudable \u201cse\u00f1al de anarqu\u00eda\u201d y asegur\u00f3 su aprehensi\u00f3n. \u201cNosotros consideramos que es indudablemente una se\u00f1al de anarqu\u00eda, se pretende utilizar a comunarios o [&hellip;]\" \/>\n<meta property=\"og:url\" content=\"https:\/\/www.eldiario.net\/portal\/2025\/02\/08\/segun-aguilera-nueva-marcha-evista-es-senal-de-anarquia\/\" \/>\n<meta property=\"og:site_name\" content=\"El Diario - Bolivia\" \/>\n<meta property=\"article:publisher\" content=\"https:\/\/www.facebook.com\/eldiario.bolivia\/\" \/>\n<meta property=\"article:published_time\" content=\"2025-02-08T11:10:28+00:00\" \/>\n<meta property=\"article:modified_time\" content=\"2025-02-08T11:15:11+00:00\" \/>\n<meta property=\"og:image\" content=\"https:\/\/www.eldiario.net\/portal\/wp-content\/uploads\/2025\/02\/8-ANAR.jpg\" \/>\n\t<meta property=\"og:image:width\" content=\"1394\" \/>\n\t<meta property=\"og:image:height\" content=\"1000\" \/>\n\t<meta property=\"og:image:type\" content=\"image\/jpeg\" \/>\n<meta name=\"author\" content=\"Jeanette\" \/>\n<meta name=\"twitter:card\" content=\"summary_large_image\" \/>\n<meta name=\"twitter:creator\" content=\"@eldiario_net\" \/>\n<meta name=\"twitter:site\" content=\"@eldiario_net\" \/>\n<meta name=\"twitter:label1\" content=\"Escrito por\" \/>\n\t<meta name=\"twitter:data1\" content=\"Jeanette\" \/>\n\t<meta name=\"twitter:label2\" content=\"Tiempo de lectura\" \/>\n\t<meta name=\"twitter:data2\" content=\"2 minutos\" \/>\n<script type=\"application\/ld+json\" class=\"yoast-schema-graph\">{\"@context\":\"https:\\\/\\\/schema.org\",\"@graph\":[{\"@type\":\"Article\",\"@id\":\"https:\\\/\\\/www.eldiario.net\\\/portal\\\/2025\\\/02\\\/08\\\/segun-aguilera-nueva-marcha-evista-es-senal-de-anarquia\\\/#article\",\"isPartOf\":{\"@id\":\"https:\\\/\\\/www.eldiario.net\\\/portal\\\/2025\\\/02\\\/08\\\/segun-aguilera-nueva-marcha-evista-es-senal-de-anarquia\\\/\"},\"author\":{\"name\":\"Jeanette\",\"@id\":\"https:\\\/\\\/www.eldiario.net\\\/portal\\\/#\\\/schema\\\/person\\\/f46445640444750d7d753ccd04ae01b7\"},\"headline\":\"Seg\u00fan Aguilera, nueva marcha \u201cevista\u201d es \u201cse\u00f1al de anarqu\u00eda\u201d\",\"datePublished\":\"2025-02-08T11:10:28+00:00\",\"dateModified\":\"2025-02-08T11:15:11+00:00\",\"mainEntityOfPage\":{\"@id\":\"https:\\\/\\\/www.eldiario.net\\\/portal\\\/2025\\\/02\\\/08\\\/segun-aguilera-nueva-marcha-evista-es-senal-de-anarquia\\\/\"},\"wordCount\":292,\"publisher\":{\"@id\":\"https:\\\/\\\/www.eldiario.net\\\/portal\\\/#organization\"},\"image\":{\"@id\":\"https:\\\/\\\/www.eldiario.net\\\/portal\\\/2025\\\/02\\\/08\\\/segun-aguilera-nueva-marcha-evista-es-senal-de-anarquia\\\/#primaryimage\"},\"thumbnailUrl\":\"https:\\\/\\\/www.eldiario.net\\\/portal\\\/wp-content\\\/uploads\\\/2025\\\/02\\\/8-ANAR.jpg\",\"articleSection\":[\"Sociedad - Seguridad\"],\"inLanguage\":\"es\"},{\"@type\":\"WebPage\",\"@id\":\"https:\\\/\\\/www.eldiario.net\\\/portal\\\/2025\\\/02\\\/08\\\/segun-aguilera-nueva-marcha-evista-es-senal-de-anarquia\\\/\",\"url\":\"https:\\\/\\\/www.eldiario.net\\\/portal\\\/2025\\\/02\\\/08\\\/segun-aguilera-nueva-marcha-evista-es-senal-de-anarquia\\\/\",\"name\":\"Seg\u00fan Aguilera, nueva marcha \u201cevista\u201d es \u201cse\u00f1al de anarqu\u00eda\u201d - El Diario - Bolivia\",\"isPartOf\":{\"@id\":\"https:\\\/\\\/www.eldiario.net\\\/portal\\\/#website\"},\"primaryImageOfPage\":{\"@id\":\"https:\\\/\\\/www.eldiario.net\\\/portal\\\/2025\\\/02\\\/08\\\/segun-aguilera-nueva-marcha-evista-es-senal-de-anarquia\\\/#primaryimage\"},\"image\":{\"@id\":\"https:\\\/\\\/www.eldiario.net\\\/portal\\\/2025\\\/02\\\/08\\\/segun-aguilera-nueva-marcha-evista-es-senal-de-anarquia\\\/#primaryimage\"},\"thumbnailUrl\":\"https:\\\/\\\/www.eldiario.net\\\/portal\\\/wp-content\\\/uploads\\\/2025\\\/02\\\/8-ANAR.jpg\",\"datePublished\":\"2025-02-08T11:10:28+00:00\",\"dateModified\":\"2025-02-08T11:15:11+00:00\",\"breadcrumb\":{\"@id\":\"https:\\\/\\\/www.eldiario.net\\\/portal\\\/2025\\\/02\\\/08\\\/segun-aguilera-nueva-marcha-evista-es-senal-de-anarquia\\\/#breadcrumb\"},\"inLanguage\":\"es\",\"potentialAction\":[{\"@type\":\"ReadAction\",\"target\":[\"https:\\\/\\\/www.eldiario.net\\\/portal\\\/2025\\\/02\\\/08\\\/segun-aguilera-nueva-marcha-evista-es-senal-de-anarquia\\\/\"]}]},{\"@type\":\"ImageObject\",\"inLanguage\":\"es\",\"@id\":\"https:\\\/\\\/www.eldiario.net\\\/portal\\\/2025\\\/02\\\/08\\\/segun-aguilera-nueva-marcha-evista-es-senal-de-anarquia\\\/#primaryimage\",\"url\":\"https:\\\/\\\/www.eldiario.net\\\/portal\\\/wp-content\\\/uploads\\\/2025\\\/02\\\/8-ANAR.jpg\",\"contentUrl\":\"https:\\\/\\\/www.eldiario.net\\\/portal\\\/wp-content\\\/uploads\\\/2025\\\/02\\\/8-ANAR.jpg\",\"width\":1394,\"height\":1000,\"caption\":\"Viceministro de R\u00e9gimen Interior, Jhonny Aguilera. Cr\u00e9ditos: Erbol\"},{\"@type\":\"BreadcrumbList\",\"@id\":\"https:\\\/\\\/www.eldiario.net\\\/portal\\\/2025\\\/02\\\/08\\\/segun-aguilera-nueva-marcha-evista-es-senal-de-anarquia\\\/#breadcrumb\",\"itemListElement\":[{\"@type\":\"ListItem\",\"position\":1,\"name\":\"Portada\",\"item\":\"https:\\\/\\\/www.eldiario.net\\\/portal\\\/\"},{\"@type\":\"ListItem\",\"position\":2,\"name\":\"Seg\u00fan Aguilera, nueva marcha \u201cevista\u201d es \u201cse\u00f1al de anarqu\u00eda\u201d\"}]},{\"@type\":\"WebSite\",\"@id\":\"https:\\\/\\\/www.eldiario.net\\\/portal\\\/#website\",\"url\":\"https:\\\/\\\/www.eldiario.net\\\/portal\\\/\",\"name\":\"El Diario - Decano de la prensa nacional\",\"description\":\"El Diario - Decano de la prensa nacional\",\"publisher\":{\"@id\":\"https:\\\/\\\/www.eldiario.net\\\/portal\\\/#organization\"},\"potentialAction\":[{\"@type\":\"SearchAction\",\"target\":{\"@type\":\"EntryPoint\",\"urlTemplate\":\"https:\\\/\\\/www.eldiario.net\\\/portal\\\/?s={search_term_string}\"},\"query-input\":{\"@type\":\"PropertyValueSpecification\",\"valueRequired\":true,\"valueName\":\"search_term_string\"}}],\"inLanguage\":\"es\"},{\"@type\":\"Organization\",\"@id\":\"https:\\\/\\\/www.eldiario.net\\\/portal\\\/#organization\",\"name\":\"El Diario - Decano de la prensa nacional\",\"url\":\"https:\\\/\\\/www.eldiario.net\\\/portal\\\/\",\"logo\":{\"@type\":\"ImageObject\",\"inLanguage\":\"es\",\"@id\":\"https:\\\/\\\/www.eldiario.net\\\/portal\\\/#\\\/schema\\\/logo\\\/image\\\/\",\"url\":\"https:\\\/\\\/www.eldiario.net\\\/portal\\\/wp-content\\\/uploads\\\/2023\\\/07\\\/logo_ED.jpg\",\"contentUrl\":\"https:\\\/\\\/www.eldiario.net\\\/portal\\\/wp-content\\\/uploads\\\/2023\\\/07\\\/logo_ED.jpg\",\"width\":272,\"height\":52,\"caption\":\"El Diario - Decano de la prensa nacional\"},\"image\":{\"@id\":\"https:\\\/\\\/www.eldiario.net\\\/portal\\\/#\\\/schema\\\/logo\\\/image\\\/\"},\"sameAs\":[\"https:\\\/\\\/www.facebook.com\\\/eldiario.bolivia\\\/\",\"https:\\\/\\\/x.com\\\/eldiario_net\"]},{\"@type\":\"Person\",\"@id\":\"https:\\\/\\\/www.eldiario.net\\\/portal\\\/#\\\/schema\\\/person\\\/f46445640444750d7d753ccd04ae01b7\",\"name\":\"Jeanette\",\"image\":{\"@type\":\"ImageObject\",\"inLanguage\":\"es\",\"@id\":\"https:\\\/\\\/secure.gravatar.com\\\/avatar\\\/3ea2118a5f7dad2b7138b1187a6b7ee55f160b9968b66013c3a3ef39dd7e5798?s=96&d=mm&r=g\",\"url\":\"https:\\\/\\\/secure.gravatar.com\\\/avatar\\\/3ea2118a5f7dad2b7138b1187a6b7ee55f160b9968b66013c3a3ef39dd7e5798?s=96&d=mm&r=g\",\"contentUrl\":\"https:\\\/\\\/secure.gravatar.com\\\/avatar\\\/3ea2118a5f7dad2b7138b1187a6b7ee55f160b9968b66013c3a3ef39dd7e5798?s=96&d=mm&r=g\",\"caption\":\"Jeanette\"},\"sameAs\":[\"https:\\\/\\\/www.eldiario.net\\\/portal\"],\"url\":\"https:\\\/\\\/www.eldiario.net\\\/portal\\\/author\\\/jeanette\\\/\"}]}<\/script>\n<!-- \/ Yoast SEO plugin. -->","yoast_head_json":{"title":"Seg\u00fan Aguilera, nueva marcha \u201cevista\u201d es \u201cse\u00f1al de anarqu\u00eda\u201d - El Diario - Bolivia","robots":{"index":"index","follow":"follow","max-snippet":"max-snippet:-1","max-image-preview":"max-image-preview:large","max-video-preview":"max-video-preview:-1"},"canonical":"https:\/\/www.eldiario.net\/portal\/2025\/02\/08\/segun-aguilera-nueva-marcha-evista-es-senal-de-anarquia\/","og_locale":"es_ES","og_type":"article","og_title":"Seg\u00fan Aguilera, nueva marcha \u201cevista\u201d es \u201cse\u00f1al de anarqu\u00eda\u201d - El Diario - Bolivia","og_description":"El viceministro de R\u00e9gimen Interior y Polic\u00eda, Jhonny Aguilera, manifest\u00f3 que la marcha que pretende impulsar el expresidente, Evo Morales, para inscribir su candidatura presidencial en las pr\u00f3ximas elecciones generales, es una indudable \u201cse\u00f1al de anarqu\u00eda\u201d y asegur\u00f3 su aprehensi\u00f3n. \u201cNosotros consideramos que es indudablemente una se\u00f1al de anarqu\u00eda, se pretende utilizar a comunarios o [&hellip;]","og_url":"https:\/\/www.eldiario.net\/portal\/2025\/02\/08\/segun-aguilera-nueva-marcha-evista-es-senal-de-anarquia\/","og_site_name":"El Diario - Bolivia","article_publisher":"https:\/\/www.facebook.com\/eldiario.bolivia\/","article_published_time":"2025-02-08T11:10:28+00:00","article_modified_time":"2025-02-08T11:15:11+00:00","og_image":[{"width":1394,"height":1000,"url":"https:\/\/www.eldiario.net\/portal\/wp-content\/uploads\/2025\/02\/8-ANAR.jpg","type":"image\/jpeg"}],"author":"Jeanette","twitter_card":"summary_large_image","twitter_creator":"@eldiario_net","twitter_site":"@eldiario_net","twitter_misc":{"Escrito por":"Jeanette","Tiempo de lectura":"2 minutos"},"schema":{"@context":"https:\/\/schema.org","@graph":[{"@type":"Article","@id":"https:\/\/www.eldiario.net\/portal\/2025\/02\/08\/segun-aguilera-nueva-marcha-evista-es-senal-de-anarquia\/#article","isPartOf":{"@id":"https:\/\/www.eldiario.net\/portal\/2025\/02\/08\/segun-aguilera-nueva-marcha-evista-es-senal-de-anarquia\/"},"author":{"name":"Jeanette","@id":"https:\/\/www.eldiario.net\/portal\/#\/schema\/person\/f46445640444750d7d753ccd04ae01b7"},"headline":"Seg\u00fan Aguilera, nueva marcha \u201cevista\u201d es \u201cse\u00f1al de anarqu\u00eda\u201d","datePublished":"2025-02-08T11:10:28+00:00","dateModified":"2025-02-08T11:15:11+00:00","mainEntityOfPage":{"@id":"https:\/\/www.eldiario.net\/portal\/2025\/02\/08\/segun-aguilera-nueva-marcha-evista-es-senal-de-anarquia\/"},"wordCount":292,"publisher":{"@id":"https:\/\/www.eldiario.net\/portal\/#organization"},"image":{"@id":"https:\/\/www.eldiario.net\/portal\/2025\/02\/08\/segun-aguilera-nueva-marcha-evista-es-senal-de-anarquia\/#primaryimage"},"thumbnailUrl":"https:\/\/www.eldiario.net\/portal\/wp-content\/uploads\/2025\/02\/8-ANAR.jpg","articleSection":["Sociedad - Seguridad"],"inLanguage":"es"},{"@type":"WebPage","@id":"https:\/\/www.eldiario.net\/portal\/2025\/02\/08\/segun-aguilera-nueva-marcha-evista-es-senal-de-anarquia\/","url":"https:\/\/www.eldiario.net\/portal\/2025\/02\/08\/segun-aguilera-nueva-marcha-evista-es-senal-de-anarquia\/","name":"Seg\u00fan Aguilera, nueva marcha \u201cevista\u201d es \u201cse\u00f1al de anarqu\u00eda\u201d - El Diario - Bolivia","isPartOf":{"@id":"https:\/\/www.eldiario.net\/portal\/#website"},"primaryImageOfPage":{"@id":"https:\/\/www.eldiario.net\/portal\/2025\/02\/08\/segun-aguilera-nueva-marcha-evista-es-senal-de-anarquia\/#primaryimage"},"image":{"@id":"https:\/\/www.eldiario.net\/portal\/2025\/02\/08\/segun-aguilera-nueva-marcha-evista-es-senal-de-anarquia\/#primaryimage"},"thumbnailUrl":"https:\/\/www.eldiario.net\/portal\/wp-content\/uploads\/2025\/02\/8-ANAR.jpg","datePublished":"2025-02-08T11:10:28+00:00","dateModified":"2025-02-08T11:15:11+00:00","breadcrumb":{"@id":"https:\/\/www.eldiario.net\/portal\/2025\/02\/08\/segun-aguilera-nueva-marcha-evista-es-senal-de-anarquia\/#breadcrumb"},"inLanguage":"es","potentialAction":[{"@type":"ReadAction","target":["https:\/\/www.eldiario.net\/portal\/2025\/02\/08\/segun-aguilera-nueva-marcha-evista-es-senal-de-anarquia\/"]}]},{"@type":"ImageObject","inLanguage":"es","@id":"https:\/\/www.eldiario.net\/portal\/2025\/02\/08\/segun-aguilera-nueva-marcha-evista-es-senal-de-anarquia\/#primaryimage","url":"https:\/\/www.eldiario.net\/portal\/wp-content\/uploads\/2025\/02\/8-ANAR.jpg","contentUrl":"https:\/\/www.eldiario.net\/portal\/wp-content\/uploads\/2025\/02\/8-ANAR.jpg","width":1394,"height":1000,"caption":"Viceministro de R\u00e9gimen Interior, Jhonny Aguilera. Cr\u00e9ditos: Erbol"},{"@type":"BreadcrumbList","@id":"https:\/\/www.eldiario.net\/portal\/2025\/02\/08\/segun-aguilera-nueva-marcha-evista-es-senal-de-anarquia\/#breadcrumb","itemListElement":[{"@type":"ListItem","position":1,"name":"Portada","item":"https:\/\/www.eldiario.net\/portal\/"},{"@type":"ListItem","position":2,"name":"Seg\u00fan Aguilera, nueva marcha \u201cevista\u201d es \u201cse\u00f1al de anarqu\u00eda\u201d"}]},{"@type":"WebSite","@id":"https:\/\/www.eldiario.net\/portal\/#website","url":"https:\/\/www.eldiario.net\/portal\/","name":"El Diario - Decano de la prensa nacional","description":"El Diario - Decano de la prensa nacional","publisher":{"@id":"https:\/\/www.eldiario.net\/portal\/#organization"},"potentialAction":[{"@type":"SearchAction","target":{"@type":"EntryPoint","urlTemplate":"https:\/\/www.eldiario.net\/portal\/?s={search_term_string}"},"query-input":{"@type":"PropertyValueSpecification","valueRequired":true,"valueName":"search_term_string"}}],"inLanguage":"es"},{"@type":"Organization","@id":"https:\/\/www.eldiario.net\/portal\/#organization","name":"El Diario - Decano de la prensa nacional","url":"https:\/\/www.eldiario.net\/portal\/","logo":{"@type":"ImageObject","inLanguage":"es","@id":"https:\/\/www.eldiario.net\/portal\/#\/schema\/logo\/image\/","url":"https:\/\/www.eldiario.net\/portal\/wp-content\/uploads\/2023\/07\/logo_ED.jpg","contentUrl":"https:\/\/www.eldiario.net\/portal\/wp-content\/uploads\/2023\/07\/logo_ED.jpg","width":272,"height":52,"caption":"El Diario - Decano de la prensa nacional"},"image":{"@id":"https:\/\/www.eldiario.net\/portal\/#\/schema\/logo\/image\/"},"sameAs":["https:\/\/www.facebook.com\/eldiario.bolivia\/","https:\/\/x.com\/eldiario_net"]},{"@type":"Person","@id":"https:\/\/www.eldiario.net\/portal\/#\/schema\/person\/f46445640444750d7d753ccd04ae01b7","name":"Jeanette","image":{"@type":"ImageObject","inLanguage":"es","@id":"https:\/\/secure.gravatar.com\/avatar\/3ea2118a5f7dad2b7138b1187a6b7ee55f160b9968b66013c3a3ef39dd7e5798?s=96&d=mm&r=g","url":"https:\/\/secure.gravatar.com\/avatar\/3ea2118a5f7dad2b7138b1187a6b7ee55f160b9968b66013c3a3ef39dd7e5798?s=96&d=mm&r=g","contentUrl":"https:\/\/secure.gravatar.com\/avatar\/3ea2118a5f7dad2b7138b1187a6b7ee55f160b9968b66013c3a3ef39dd7e5798?s=96&d=mm&r=g","caption":"Jeanette"},"sameAs":["https:\/\/www.eldiario.net\/portal"],"url":"https:\/\/www.eldiario.net\/portal\/author\/jeanette\/"}]}},"_links":{"self":[{"href":"https:\/\/www.eldiario.net\/portal\/wp-json\/wp\/v2\/posts\/280277","targetHints":{"allow":["GET"]}}],"collection":[{"href":"https:\/\/www.eldiario.net\/portal\/wp-json\/wp\/v2\/posts"}],"about":[{"href":"https:\/\/www.eldiario.net\/portal\/wp-json\/wp\/v2\/types\/post"}],"author":[{"embeddable":true,"href":"https:\/\/www.eldiario.net\/portal\/wp-json\/wp\/v2\/users\/1"}],"replies":[{"embeddable":true,"href":"https:\/\/www.eldiario.net\/portal\/wp-json\/wp\/v2\/comments?post=280277"}],"version-history":[{"count":1,"href":"https:\/\/www.eldiario.net\/portal\/wp-json\/wp\/v2\/posts\/280277\/revisions"}],"predecessor-version":[{"id":280279,"href":"https:\/\/www.eldiario.net\/portal\/wp-json\/wp\/v2\/posts\/280277\/revisions\/280279"}],"wp:featuredmedia":[{"embeddable":true,"href":"https:\/\/www.eldiario.net\/portal\/wp-json\/wp\/v2\/media\/280278"}],"wp:attachment":[{"href":"https:\/\/www.eldiario.net\/portal\/wp-json\/wp\/v2\/media?parent=280277"}],"wp:term":[{"taxonomy":"category","embeddable":true,"href":"https:\/\/www.eldiario.net\/portal\/wp-json\/wp\/v2\/categories?post=280277"},{"taxonomy":"post_tag","embeddable":true,"href":"https:\/\/www.eldiario.net\/portal\/wp-json\/wp\/v2\/tags?post=280277"}],"curies":[{"name":"wp","href":"https:\/\/api.w.org\/{rel}","templated":true}]}}