{"id":280274,"date":"2025-02-08T07:14:21","date_gmt":"2025-02-08T11:14:21","guid":{"rendered":"https:\/\/www.eldiario.net\/portal\/?p=280274"},"modified":"2025-02-08T07:14:21","modified_gmt":"2025-02-08T11:14:21","slug":"hallan-muertos-a-ancianos-desaparecidos-desde-enero","status":"publish","type":"post","link":"https:\/\/www.eldiario.net\/portal\/2025\/02\/08\/hallan-muertos-a-ancianos-desaparecidos-desde-enero\/","title":{"rendered":"Hallan muertos a ancianos desaparecidos desde enero"},"content":{"rendered":"<p>Armando Ortega y Franklin Touchard, dos adultos mayores reportados como desaparecidos desde el 6 de enero, fueron encontrados sin vida ayer en las quebradas de Chu\u00f1avi, luego de arduos trabajos de rescate.<\/p>\n<p>La informaci\u00f3n fue proporcionada por Armando Ortega, hijo de una de los fallecidos, quien confirm\u00f3 el hallazgo de ambos cuerpos en medio de las quebradas, a medio kil\u00f3metro debajo del lugar donde estaban sus \u00faltimas prendas, se\u00f1ala el portal Urgente.bo.<\/p>\n<p>Luego de m\u00e1s de un mes de b\u00fasqueda, comunarios de Chu\u00f1avi, en Irupana, encontraron los cuerpos de los dos amigos, quienes habr\u00edan muerto por hipotermia y por falta de alimentaci\u00f3n, de acuerdo con reportes preliminares del jefe nacional de la Unidad de Bomberos, Gonzalo Velasco.<\/p>\n<p>Personal de la Fuerza Especial de Lucha Contra el Crimen (Felcc) se dirigi\u00f3 ayer al lugar para realizar el levantamiento legal de los cad\u00e1veres e iniciar con el respectivo proceso de investigaci\u00f3n.<\/p>\n<p>\u201cEn horas de la tarde, los dos adultos mayores que estaban desaparecidos en la poblaci\u00f3n de Chu\u00f1avi, Irupana, han sido encontrados. Personal de Bomberos se (dirigieron) al lugar para recuperar y trasladar los cuerpos\u201d, declar\u00f3 Velasco a BTV.<\/p>\n<p>El par de amigos de la tercera edad, Ortega (85 a\u00f1os) y Touchard (80), desapareci\u00f3 en circunstancias a\u00fan no esclarecidas, luego de viajar rumbo a esta localidad ubicada en los Yungas, el 6 de enero, con fines tur\u00edsticos. Los familiares perdieron su rastro y activaron las labores de b\u00fasqueda y rescate.<\/p>\n<p>&nbsp;<\/p>\n","protected":false},"excerpt":{"rendered":"<p>Armando Ortega y Franklin Touchard, dos adultos mayores reportados como desaparecidos desde el 6 de enero, fueron encontrados sin vida ayer en las quebradas de Chu\u00f1avi, luego de arduos trabajos de rescate. La informaci\u00f3n fue proporcionada por Armando Ortega, hijo de una de los fallecidos, quien confirm\u00f3 el hallazgo de ambos cuerpos en medio de [&hellip;]<\/p>\n","protected":false},"author":1,"featured_media":280275,"comment_status":"closed","ping_status":"open","sticky":false,"template":"","format":"standard","meta":{"_acf_changed":false,"footnotes":""},"categories":[39],"tags":[],"class_list":["post-280274","post","type-post","status-publish","format-standard","has-post-thumbnail","category-sociedad"],"acf":{"antetitulo":"Por hipotermia"},"yoast_head":"<!-- This site is optimized with the Yoast SEO plugin v28.4 - https:\/\/yoast.com\/product\/yoast-seo-wordpress\/ -->\n<title>Hallan muertos a ancianos desaparecidos desde enero - El Diario - Bolivia<\/title>\n<meta name=\"robots\" content=\"index, follow, max-snippet:-1, max-image-preview:large, max-video-preview:-1\" \/>\n<link rel=\"canonical\" href=\"https:\/\/www.eldiario.net\/portal\/2025\/02\/08\/hallan-muertos-a-ancianos-desaparecidos-desde-enero\/\" \/>\n<meta property=\"og:locale\" content=\"es_ES\" \/>\n<meta property=\"og:type\" content=\"article\" \/>\n<meta property=\"og:title\" content=\"Hallan muertos a ancianos desaparecidos desde enero - El Diario - Bolivia\" \/>\n<meta property=\"og:description\" content=\"Armando Ortega y Franklin Touchard, dos adultos mayores reportados como desaparecidos desde el 6 de enero, fueron encontrados sin vida ayer en las quebradas de Chu\u00f1avi, luego de arduos trabajos de rescate. La informaci\u00f3n fue proporcionada por Armando Ortega, hijo de una de los fallecidos, quien confirm\u00f3 el hallazgo de ambos cuerpos en medio de [&hellip;]\" \/>\n<meta property=\"og:url\" content=\"https:\/\/www.eldiario.net\/portal\/2025\/02\/08\/hallan-muertos-a-ancianos-desaparecidos-desde-enero\/\" \/>\n<meta property=\"og:site_name\" content=\"El Diario - Bolivia\" \/>\n<meta property=\"article:publisher\" content=\"https:\/\/www.facebook.com\/eldiario.bolivia\/\" \/>\n<meta property=\"article:published_time\" content=\"2025-02-08T11:14:21+00:00\" \/>\n<meta property=\"og:image\" content=\"https:\/\/www.eldiario.net\/portal\/wp-content\/uploads\/2025\/02\/8-ANC.jpg\" \/>\n\t<meta property=\"og:image:width\" content=\"1200\" \/>\n\t<meta property=\"og:image:height\" content=\"675\" \/>\n\t<meta property=\"og:image:type\" content=\"image\/jpeg\" \/>\n<meta name=\"author\" content=\"Jeanette\" \/>\n<meta name=\"twitter:card\" content=\"summary_large_image\" \/>\n<meta name=\"twitter:creator\" content=\"@eldiario_net\" \/>\n<meta name=\"twitter:site\" content=\"@eldiario_net\" \/>\n<meta name=\"twitter:label1\" content=\"Escrito por\" \/>\n\t<meta name=\"twitter:data1\" content=\"Jeanette\" \/>\n\t<meta name=\"twitter:label2\" content=\"Tiempo de lectura\" \/>\n\t<meta name=\"twitter:data2\" content=\"2 minutos\" \/>\n<script type=\"application\/ld+json\" class=\"yoast-schema-graph\">{\"@context\":\"https:\\\/\\\/schema.org\",\"@graph\":[{\"@type\":\"Article\",\"@id\":\"https:\\\/\\\/www.eldiario.net\\\/portal\\\/2025\\\/02\\\/08\\\/hallan-muertos-a-ancianos-desaparecidos-desde-enero\\\/#article\",\"isPartOf\":{\"@id\":\"https:\\\/\\\/www.eldiario.net\\\/portal\\\/2025\\\/02\\\/08\\\/hallan-muertos-a-ancianos-desaparecidos-desde-enero\\\/\"},\"author\":{\"name\":\"Jeanette\",\"@id\":\"https:\\\/\\\/www.eldiario.net\\\/portal\\\/#\\\/schema\\\/person\\\/f46445640444750d7d753ccd04ae01b7\"},\"headline\":\"Hallan muertos a ancianos desaparecidos desde enero\",\"datePublished\":\"2025-02-08T11:14:21+00:00\",\"mainEntityOfPage\":{\"@id\":\"https:\\\/\\\/www.eldiario.net\\\/portal\\\/2025\\\/02\\\/08\\\/hallan-muertos-a-ancianos-desaparecidos-desde-enero\\\/\"},\"wordCount\":260,\"publisher\":{\"@id\":\"https:\\\/\\\/www.eldiario.net\\\/portal\\\/#organization\"},\"image\":{\"@id\":\"https:\\\/\\\/www.eldiario.net\\\/portal\\\/2025\\\/02\\\/08\\\/hallan-muertos-a-ancianos-desaparecidos-desde-enero\\\/#primaryimage\"},\"thumbnailUrl\":\"https:\\\/\\\/www.eldiario.net\\\/portal\\\/wp-content\\\/uploads\\\/2025\\\/02\\\/8-ANC.jpg\",\"articleSection\":[\"Sociedad - Seguridad\"],\"inLanguage\":\"es\"},{\"@type\":\"WebPage\",\"@id\":\"https:\\\/\\\/www.eldiario.net\\\/portal\\\/2025\\\/02\\\/08\\\/hallan-muertos-a-ancianos-desaparecidos-desde-enero\\\/\",\"url\":\"https:\\\/\\\/www.eldiario.net\\\/portal\\\/2025\\\/02\\\/08\\\/hallan-muertos-a-ancianos-desaparecidos-desde-enero\\\/\",\"name\":\"Hallan muertos a ancianos desaparecidos desde enero - El Diario - Bolivia\",\"isPartOf\":{\"@id\":\"https:\\\/\\\/www.eldiario.net\\\/portal\\\/#website\"},\"primaryImageOfPage\":{\"@id\":\"https:\\\/\\\/www.eldiario.net\\\/portal\\\/2025\\\/02\\\/08\\\/hallan-muertos-a-ancianos-desaparecidos-desde-enero\\\/#primaryimage\"},\"image\":{\"@id\":\"https:\\\/\\\/www.eldiario.net\\\/portal\\\/2025\\\/02\\\/08\\\/hallan-muertos-a-ancianos-desaparecidos-desde-enero\\\/#primaryimage\"},\"thumbnailUrl\":\"https:\\\/\\\/www.eldiario.net\\\/portal\\\/wp-content\\\/uploads\\\/2025\\\/02\\\/8-ANC.jpg\",\"datePublished\":\"2025-02-08T11:14:21+00:00\",\"breadcrumb\":{\"@id\":\"https:\\\/\\\/www.eldiario.net\\\/portal\\\/2025\\\/02\\\/08\\\/hallan-muertos-a-ancianos-desaparecidos-desde-enero\\\/#breadcrumb\"},\"inLanguage\":\"es\",\"potentialAction\":[{\"@type\":\"ReadAction\",\"target\":[\"https:\\\/\\\/www.eldiario.net\\\/portal\\\/2025\\\/02\\\/08\\\/hallan-muertos-a-ancianos-desaparecidos-desde-enero\\\/\"]}]},{\"@type\":\"ImageObject\",\"inLanguage\":\"es\",\"@id\":\"https:\\\/\\\/www.eldiario.net\\\/portal\\\/2025\\\/02\\\/08\\\/hallan-muertos-a-ancianos-desaparecidos-desde-enero\\\/#primaryimage\",\"url\":\"https:\\\/\\\/www.eldiario.net\\\/portal\\\/wp-content\\\/uploads\\\/2025\\\/02\\\/8-ANC.jpg\",\"contentUrl\":\"https:\\\/\\\/www.eldiario.net\\\/portal\\\/wp-content\\\/uploads\\\/2025\\\/02\\\/8-ANC.jpg\",\"width\":1200,\"height\":675,\"caption\":\"Ortega indic\u00f3 que los cuerpos fueron hallados a 500 metros de donde se encontr\u00f3 sus prendas. Cr\u00e9ditos: Urgente.bo\"},{\"@type\":\"BreadcrumbList\",\"@id\":\"https:\\\/\\\/www.eldiario.net\\\/portal\\\/2025\\\/02\\\/08\\\/hallan-muertos-a-ancianos-desaparecidos-desde-enero\\\/#breadcrumb\",\"itemListElement\":[{\"@type\":\"ListItem\",\"position\":1,\"name\":\"Portada\",\"item\":\"https:\\\/\\\/www.eldiario.net\\\/portal\\\/\"},{\"@type\":\"ListItem\",\"position\":2,\"name\":\"Hallan muertos a ancianos desaparecidos desde enero\"}]},{\"@type\":\"WebSite\",\"@id\":\"https:\\\/\\\/www.eldiario.net\\\/portal\\\/#website\",\"url\":\"https:\\\/\\\/www.eldiario.net\\\/portal\\\/\",\"name\":\"El Diario - Decano de la prensa nacional\",\"description\":\"El Diario - Decano de la prensa nacional\",\"publisher\":{\"@id\":\"https:\\\/\\\/www.eldiario.net\\\/portal\\\/#organization\"},\"potentialAction\":[{\"@type\":\"SearchAction\",\"target\":{\"@type\":\"EntryPoint\",\"urlTemplate\":\"https:\\\/\\\/www.eldiario.net\\\/portal\\\/?s={search_term_string}\"},\"query-input\":{\"@type\":\"PropertyValueSpecification\",\"valueRequired\":true,\"valueName\":\"search_term_string\"}}],\"inLanguage\":\"es\"},{\"@type\":\"Organization\",\"@id\":\"https:\\\/\\\/www.eldiario.net\\\/portal\\\/#organization\",\"name\":\"El Diario - Decano de la prensa nacional\",\"url\":\"https:\\\/\\\/www.eldiario.net\\\/portal\\\/\",\"logo\":{\"@type\":\"ImageObject\",\"inLanguage\":\"es\",\"@id\":\"https:\\\/\\\/www.eldiario.net\\\/portal\\\/#\\\/schema\\\/logo\\\/image\\\/\",\"url\":\"https:\\\/\\\/www.eldiario.net\\\/portal\\\/wp-content\\\/uploads\\\/2023\\\/07\\\/logo_ED.jpg\",\"contentUrl\":\"https:\\\/\\\/www.eldiario.net\\\/portal\\\/wp-content\\\/uploads\\\/2023\\\/07\\\/logo_ED.jpg\",\"width\":272,\"height\":52,\"caption\":\"El Diario - Decano de la prensa nacional\"},\"image\":{\"@id\":\"https:\\\/\\\/www.eldiario.net\\\/portal\\\/#\\\/schema\\\/logo\\\/image\\\/\"},\"sameAs\":[\"https:\\\/\\\/www.facebook.com\\\/eldiario.bolivia\\\/\",\"https:\\\/\\\/x.com\\\/eldiario_net\"]},{\"@type\":\"Person\",\"@id\":\"https:\\\/\\\/www.eldiario.net\\\/portal\\\/#\\\/schema\\\/person\\\/f46445640444750d7d753ccd04ae01b7\",\"name\":\"Jeanette\",\"image\":{\"@type\":\"ImageObject\",\"inLanguage\":\"es\",\"@id\":\"https:\\\/\\\/secure.gravatar.com\\\/avatar\\\/3ea2118a5f7dad2b7138b1187a6b7ee55f160b9968b66013c3a3ef39dd7e5798?s=96&d=mm&r=g\",\"url\":\"https:\\\/\\\/secure.gravatar.com\\\/avatar\\\/3ea2118a5f7dad2b7138b1187a6b7ee55f160b9968b66013c3a3ef39dd7e5798?s=96&d=mm&r=g\",\"contentUrl\":\"https:\\\/\\\/secure.gravatar.com\\\/avatar\\\/3ea2118a5f7dad2b7138b1187a6b7ee55f160b9968b66013c3a3ef39dd7e5798?s=96&d=mm&r=g\",\"caption\":\"Jeanette\"},\"sameAs\":[\"https:\\\/\\\/www.eldiario.net\\\/portal\"],\"url\":\"https:\\\/\\\/www.eldiario.net\\\/portal\\\/author\\\/jeanette\\\/\"}]}<\/script>\n<!-- \/ Yoast SEO plugin. -->","yoast_head_json":{"title":"Hallan muertos a ancianos desaparecidos desde enero - El Diario - Bolivia","robots":{"index":"index","follow":"follow","max-snippet":"max-snippet:-1","max-image-preview":"max-image-preview:large","max-video-preview":"max-video-preview:-1"},"canonical":"https:\/\/www.eldiario.net\/portal\/2025\/02\/08\/hallan-muertos-a-ancianos-desaparecidos-desde-enero\/","og_locale":"es_ES","og_type":"article","og_title":"Hallan muertos a ancianos desaparecidos desde enero - El Diario - Bolivia","og_description":"Armando Ortega y Franklin Touchard, dos adultos mayores reportados como desaparecidos desde el 6 de enero, fueron encontrados sin vida ayer en las quebradas de Chu\u00f1avi, luego de arduos trabajos de rescate. La informaci\u00f3n fue proporcionada por Armando Ortega, hijo de una de los fallecidos, quien confirm\u00f3 el hallazgo de ambos cuerpos en medio de [&hellip;]","og_url":"https:\/\/www.eldiario.net\/portal\/2025\/02\/08\/hallan-muertos-a-ancianos-desaparecidos-desde-enero\/","og_site_name":"El Diario - Bolivia","article_publisher":"https:\/\/www.facebook.com\/eldiario.bolivia\/","article_published_time":"2025-02-08T11:14:21+00:00","og_image":[{"width":1200,"height":675,"url":"https:\/\/www.eldiario.net\/portal\/wp-content\/uploads\/2025\/02\/8-ANC.jpg","type":"image\/jpeg"}],"author":"Jeanette","twitter_card":"summary_large_image","twitter_creator":"@eldiario_net","twitter_site":"@eldiario_net","twitter_misc":{"Escrito por":"Jeanette","Tiempo de lectura":"2 minutos"},"schema":{"@context":"https:\/\/schema.org","@graph":[{"@type":"Article","@id":"https:\/\/www.eldiario.net\/portal\/2025\/02\/08\/hallan-muertos-a-ancianos-desaparecidos-desde-enero\/#article","isPartOf":{"@id":"https:\/\/www.eldiario.net\/portal\/2025\/02\/08\/hallan-muertos-a-ancianos-desaparecidos-desde-enero\/"},"author":{"name":"Jeanette","@id":"https:\/\/www.eldiario.net\/portal\/#\/schema\/person\/f46445640444750d7d753ccd04ae01b7"},"headline":"Hallan muertos a ancianos desaparecidos desde enero","datePublished":"2025-02-08T11:14:21+00:00","mainEntityOfPage":{"@id":"https:\/\/www.eldiario.net\/portal\/2025\/02\/08\/hallan-muertos-a-ancianos-desaparecidos-desde-enero\/"},"wordCount":260,"publisher":{"@id":"https:\/\/www.eldiario.net\/portal\/#organization"},"image":{"@id":"https:\/\/www.eldiario.net\/portal\/2025\/02\/08\/hallan-muertos-a-ancianos-desaparecidos-desde-enero\/#primaryimage"},"thumbnailUrl":"https:\/\/www.eldiario.net\/portal\/wp-content\/uploads\/2025\/02\/8-ANC.jpg","articleSection":["Sociedad - Seguridad"],"inLanguage":"es"},{"@type":"WebPage","@id":"https:\/\/www.eldiario.net\/portal\/2025\/02\/08\/hallan-muertos-a-ancianos-desaparecidos-desde-enero\/","url":"https:\/\/www.eldiario.net\/portal\/2025\/02\/08\/hallan-muertos-a-ancianos-desaparecidos-desde-enero\/","name":"Hallan muertos a ancianos desaparecidos desde enero - El Diario - Bolivia","isPartOf":{"@id":"https:\/\/www.eldiario.net\/portal\/#website"},"primaryImageOfPage":{"@id":"https:\/\/www.eldiario.net\/portal\/2025\/02\/08\/hallan-muertos-a-ancianos-desaparecidos-desde-enero\/#primaryimage"},"image":{"@id":"https:\/\/www.eldiario.net\/portal\/2025\/02\/08\/hallan-muertos-a-ancianos-desaparecidos-desde-enero\/#primaryimage"},"thumbnailUrl":"https:\/\/www.eldiario.net\/portal\/wp-content\/uploads\/2025\/02\/8-ANC.jpg","datePublished":"2025-02-08T11:14:21+00:00","breadcrumb":{"@id":"https:\/\/www.eldiario.net\/portal\/2025\/02\/08\/hallan-muertos-a-ancianos-desaparecidos-desde-enero\/#breadcrumb"},"inLanguage":"es","potentialAction":[{"@type":"ReadAction","target":["https:\/\/www.eldiario.net\/portal\/2025\/02\/08\/hallan-muertos-a-ancianos-desaparecidos-desde-enero\/"]}]},{"@type":"ImageObject","inLanguage":"es","@id":"https:\/\/www.eldiario.net\/portal\/2025\/02\/08\/hallan-muertos-a-ancianos-desaparecidos-desde-enero\/#primaryimage","url":"https:\/\/www.eldiario.net\/portal\/wp-content\/uploads\/2025\/02\/8-ANC.jpg","contentUrl":"https:\/\/www.eldiario.net\/portal\/wp-content\/uploads\/2025\/02\/8-ANC.jpg","width":1200,"height":675,"caption":"Ortega indic\u00f3 que los cuerpos fueron hallados a 500 metros de donde se encontr\u00f3 sus prendas. Cr\u00e9ditos: Urgente.bo"},{"@type":"BreadcrumbList","@id":"https:\/\/www.eldiario.net\/portal\/2025\/02\/08\/hallan-muertos-a-ancianos-desaparecidos-desde-enero\/#breadcrumb","itemListElement":[{"@type":"ListItem","position":1,"name":"Portada","item":"https:\/\/www.eldiario.net\/portal\/"},{"@type":"ListItem","position":2,"name":"Hallan muertos a ancianos desaparecidos desde enero"}]},{"@type":"WebSite","@id":"https:\/\/www.eldiario.net\/portal\/#website","url":"https:\/\/www.eldiario.net\/portal\/","name":"El Diario - Decano de la prensa nacional","description":"El Diario - Decano de la prensa nacional","publisher":{"@id":"https:\/\/www.eldiario.net\/portal\/#organization"},"potentialAction":[{"@type":"SearchAction","target":{"@type":"EntryPoint","urlTemplate":"https:\/\/www.eldiario.net\/portal\/?s={search_term_string}"},"query-input":{"@type":"PropertyValueSpecification","valueRequired":true,"valueName":"search_term_string"}}],"inLanguage":"es"},{"@type":"Organization","@id":"https:\/\/www.eldiario.net\/portal\/#organization","name":"El Diario - Decano de la prensa nacional","url":"https:\/\/www.eldiario.net\/portal\/","logo":{"@type":"ImageObject","inLanguage":"es","@id":"https:\/\/www.eldiario.net\/portal\/#\/schema\/logo\/image\/","url":"https:\/\/www.eldiario.net\/portal\/wp-content\/uploads\/2023\/07\/logo_ED.jpg","contentUrl":"https:\/\/www.eldiario.net\/portal\/wp-content\/uploads\/2023\/07\/logo_ED.jpg","width":272,"height":52,"caption":"El Diario - Decano de la prensa nacional"},"image":{"@id":"https:\/\/www.eldiario.net\/portal\/#\/schema\/logo\/image\/"},"sameAs":["https:\/\/www.facebook.com\/eldiario.bolivia\/","https:\/\/x.com\/eldiario_net"]},{"@type":"Person","@id":"https:\/\/www.eldiario.net\/portal\/#\/schema\/person\/f46445640444750d7d753ccd04ae01b7","name":"Jeanette","image":{"@type":"ImageObject","inLanguage":"es","@id":"https:\/\/secure.gravatar.com\/avatar\/3ea2118a5f7dad2b7138b1187a6b7ee55f160b9968b66013c3a3ef39dd7e5798?s=96&d=mm&r=g","url":"https:\/\/secure.gravatar.com\/avatar\/3ea2118a5f7dad2b7138b1187a6b7ee55f160b9968b66013c3a3ef39dd7e5798?s=96&d=mm&r=g","contentUrl":"https:\/\/secure.gravatar.com\/avatar\/3ea2118a5f7dad2b7138b1187a6b7ee55f160b9968b66013c3a3ef39dd7e5798?s=96&d=mm&r=g","caption":"Jeanette"},"sameAs":["https:\/\/www.eldiario.net\/portal"],"url":"https:\/\/www.eldiario.net\/portal\/author\/jeanette\/"}]}},"_links":{"self":[{"href":"https:\/\/www.eldiario.net\/portal\/wp-json\/wp\/v2\/posts\/280274","targetHints":{"allow":["GET"]}}],"collection":[{"href":"https:\/\/www.eldiario.net\/portal\/wp-json\/wp\/v2\/posts"}],"about":[{"href":"https:\/\/www.eldiario.net\/portal\/wp-json\/wp\/v2\/types\/post"}],"author":[{"embeddable":true,"href":"https:\/\/www.eldiario.net\/portal\/wp-json\/wp\/v2\/users\/1"}],"replies":[{"embeddable":true,"href":"https:\/\/www.eldiario.net\/portal\/wp-json\/wp\/v2\/comments?post=280274"}],"version-history":[{"count":1,"href":"https:\/\/www.eldiario.net\/portal\/wp-json\/wp\/v2\/posts\/280274\/revisions"}],"predecessor-version":[{"id":280276,"href":"https:\/\/www.eldiario.net\/portal\/wp-json\/wp\/v2\/posts\/280274\/revisions\/280276"}],"wp:featuredmedia":[{"embeddable":true,"href":"https:\/\/www.eldiario.net\/portal\/wp-json\/wp\/v2\/media\/280275"}],"wp:attachment":[{"href":"https:\/\/www.eldiario.net\/portal\/wp-json\/wp\/v2\/media?parent=280274"}],"wp:term":[{"taxonomy":"category","embeddable":true,"href":"https:\/\/www.eldiario.net\/portal\/wp-json\/wp\/v2\/categories?post=280274"},{"taxonomy":"post_tag","embeddable":true,"href":"https:\/\/www.eldiario.net\/portal\/wp-json\/wp\/v2\/tags?post=280274"}],"curies":[{"name":"wp","href":"https:\/\/api.w.org\/{rel}","templated":true}]}}