{"id":280270,"date":"2025-02-08T07:13:22","date_gmt":"2025-02-08T11:13:22","guid":{"rendered":"https:\/\/www.eldiario.net\/portal\/?p=280270"},"modified":"2025-02-08T07:13:22","modified_gmt":"2025-02-08T11:13:22","slug":"madre-e-hijo-hallados-sin-vida-en-el-bano-mujer-dejo-cartas-postumas","status":"publish","type":"post","link":"https:\/\/www.eldiario.net\/portal\/2025\/02\/08\/madre-e-hijo-hallados-sin-vida-en-el-bano-mujer-dejo-cartas-postumas\/","title":{"rendered":"Madre e hijo hallados sin vida en el ba\u00f1o; mujer dej\u00f3 cartas p\u00f3stumas"},"content":{"rendered":"<p>En un nuevo hecho tr\u00e1gico registrado en la zona Cosmos 79 de la ciudad de El Alto, un ni\u00f1o de cuatro a\u00f1os y su madre fueron encontrados sin vida en el ba\u00f1o de su vivienda, junto con dos cartas p\u00f3stumas; se presume que la mujer envenen\u00f3 al menor y luego se quit\u00f3 la vida porque sufr\u00eda violencia psicol\u00f3gica por parte de su pareja, hombre que fue aprehendido con fines investigativos.<\/p>\n<p>La hermana de la progenitora, identificada como Mary, encontr\u00f3 los cuerpos de la mujer de 35 a\u00f1os y la criatura, quien padec\u00eda de autismo, seg\u00fan inform\u00f3 la fiscal, Sarina Guardia. El jefe de la fuerza anticrimen, Walter Sossa, indic\u00f3 que la muerte data de al menos cuatro d\u00edas antes del hallazgo de los cad\u00e1veres.<\/p>\n<p>Tras la intervenci\u00f3n de la Polic\u00eda pace\u00f1a, los cuerpos fueron trasladados a la morgue judicial para los respectivos ex\u00e1menes forenses que esclarecer\u00e1n las causas de muerte, aunque preliminarmente se cree que fue por envenenamiento con raticida.<\/p>\n<p>Agreg\u00f3 que la fallecida dej\u00f3 dos cartas p\u00f3stumas, una dirigida a ella y otra a la pareja, el progenitor del menor. \u201cNo me explico cu\u00e1l fue el motivo. Ella dej\u00f3 dos cartas, una para su expareja y una para m\u00ed y ya hicimos las declaraciones pertinentes\u201d, se\u00f1al\u00f3 la familiar a Unitel.<\/p>\n<p>Las cartas hacen referencia a hechos de violencia dom\u00e9stica que podr\u00edan haber motivado el doble crimen investigado como presunto feminicidio y suicidio, seg\u00fan el reporte preliminar.<\/p>\n<p>La Fiscal\u00eda inform\u00f3 que el padre del menor aparentemente ejerc\u00eda violencia psicol\u00f3gica y econ\u00f3mica contra su mujer, raz\u00f3n por la que fue aprehendido y hasta ayer aguardaba sus medidas cautelares por abandono de ni\u00f1o, ni\u00f1a o adolescente.<\/p>\n","protected":false},"excerpt":{"rendered":"<p>En un nuevo hecho tr\u00e1gico registrado en la zona Cosmos 79 de la ciudad de El Alto, un ni\u00f1o de cuatro a\u00f1os y su madre fueron encontrados sin vida en el ba\u00f1o de su vivienda, junto con dos cartas p\u00f3stumas; se presume que la mujer envenen\u00f3 al menor y luego se quit\u00f3 la vida porque [&hellip;]<\/p>\n","protected":false},"author":1,"featured_media":280272,"comment_status":"closed","ping_status":"open","sticky":false,"template":"","format":"standard","meta":{"_acf_changed":false,"footnotes":""},"categories":[39],"tags":[],"class_list":["post-280270","post","type-post","status-publish","format-standard","has-post-thumbnail","category-sociedad"],"acf":{"antetitulo":"Presumen infanticidio y suicidio"},"yoast_head":"<!-- This site is optimized with the Yoast SEO plugin v28.4 - https:\/\/yoast.com\/product\/yoast-seo-wordpress\/ -->\n<title>Madre e hijo hallados sin vida en el ba\u00f1o; mujer dej\u00f3 cartas p\u00f3stumas - El Diario - Bolivia<\/title>\n<meta name=\"robots\" content=\"index, follow, max-snippet:-1, max-image-preview:large, max-video-preview:-1\" \/>\n<link rel=\"canonical\" href=\"https:\/\/www.eldiario.net\/portal\/2025\/02\/08\/madre-e-hijo-hallados-sin-vida-en-el-bano-mujer-dejo-cartas-postumas\/\" \/>\n<meta property=\"og:locale\" content=\"es_ES\" \/>\n<meta property=\"og:type\" content=\"article\" \/>\n<meta property=\"og:title\" content=\"Madre e hijo hallados sin vida en el ba\u00f1o; mujer dej\u00f3 cartas p\u00f3stumas - El Diario - Bolivia\" \/>\n<meta property=\"og:description\" content=\"En un nuevo hecho tr\u00e1gico registrado en la zona Cosmos 79 de la ciudad de El Alto, un ni\u00f1o de cuatro a\u00f1os y su madre fueron encontrados sin vida en el ba\u00f1o de su vivienda, junto con dos cartas p\u00f3stumas; se presume que la mujer envenen\u00f3 al menor y luego se quit\u00f3 la vida porque [&hellip;]\" \/>\n<meta property=\"og:url\" content=\"https:\/\/www.eldiario.net\/portal\/2025\/02\/08\/madre-e-hijo-hallados-sin-vida-en-el-bano-mujer-dejo-cartas-postumas\/\" \/>\n<meta property=\"og:site_name\" content=\"El Diario - Bolivia\" \/>\n<meta property=\"article:publisher\" content=\"https:\/\/www.facebook.com\/eldiario.bolivia\/\" \/>\n<meta property=\"article:published_time\" content=\"2025-02-08T11:13:22+00:00\" \/>\n<meta property=\"og:image\" content=\"https:\/\/www.eldiario.net\/portal\/wp-content\/uploads\/2025\/02\/8-BANO.jpg\" \/>\n\t<meta property=\"og:image:width\" content=\"1200\" \/>\n\t<meta property=\"og:image:height\" content=\"900\" \/>\n\t<meta property=\"og:image:type\" content=\"image\/jpeg\" \/>\n<meta name=\"author\" content=\"Jeanette\" \/>\n<meta name=\"twitter:card\" content=\"summary_large_image\" \/>\n<meta name=\"twitter:creator\" content=\"@eldiario_net\" \/>\n<meta name=\"twitter:site\" content=\"@eldiario_net\" \/>\n<meta name=\"twitter:label1\" content=\"Escrito por\" \/>\n\t<meta name=\"twitter:data1\" content=\"Jeanette\" \/>\n\t<meta name=\"twitter:label2\" content=\"Tiempo de lectura\" \/>\n\t<meta name=\"twitter:data2\" content=\"2 minutos\" \/>\n<script type=\"application\/ld+json\" class=\"yoast-schema-graph\">{\"@context\":\"https:\\\/\\\/schema.org\",\"@graph\":[{\"@type\":\"Article\",\"@id\":\"https:\\\/\\\/www.eldiario.net\\\/portal\\\/2025\\\/02\\\/08\\\/madre-e-hijo-hallados-sin-vida-en-el-bano-mujer-dejo-cartas-postumas\\\/#article\",\"isPartOf\":{\"@id\":\"https:\\\/\\\/www.eldiario.net\\\/portal\\\/2025\\\/02\\\/08\\\/madre-e-hijo-hallados-sin-vida-en-el-bano-mujer-dejo-cartas-postumas\\\/\"},\"author\":{\"name\":\"Jeanette\",\"@id\":\"https:\\\/\\\/www.eldiario.net\\\/portal\\\/#\\\/schema\\\/person\\\/f46445640444750d7d753ccd04ae01b7\"},\"headline\":\"Madre e hijo hallados sin vida en el ba\u00f1o; mujer dej\u00f3 cartas p\u00f3stumas\",\"datePublished\":\"2025-02-08T11:13:22+00:00\",\"mainEntityOfPage\":{\"@id\":\"https:\\\/\\\/www.eldiario.net\\\/portal\\\/2025\\\/02\\\/08\\\/madre-e-hijo-hallados-sin-vida-en-el-bano-mujer-dejo-cartas-postumas\\\/\"},\"wordCount\":317,\"publisher\":{\"@id\":\"https:\\\/\\\/www.eldiario.net\\\/portal\\\/#organization\"},\"image\":{\"@id\":\"https:\\\/\\\/www.eldiario.net\\\/portal\\\/2025\\\/02\\\/08\\\/madre-e-hijo-hallados-sin-vida-en-el-bano-mujer-dejo-cartas-postumas\\\/#primaryimage\"},\"thumbnailUrl\":\"https:\\\/\\\/www.eldiario.net\\\/portal\\\/wp-content\\\/uploads\\\/2025\\\/02\\\/8-BANO.jpg\",\"articleSection\":[\"Sociedad - Seguridad\"],\"inLanguage\":\"es\"},{\"@type\":\"WebPage\",\"@id\":\"https:\\\/\\\/www.eldiario.net\\\/portal\\\/2025\\\/02\\\/08\\\/madre-e-hijo-hallados-sin-vida-en-el-bano-mujer-dejo-cartas-postumas\\\/\",\"url\":\"https:\\\/\\\/www.eldiario.net\\\/portal\\\/2025\\\/02\\\/08\\\/madre-e-hijo-hallados-sin-vida-en-el-bano-mujer-dejo-cartas-postumas\\\/\",\"name\":\"Madre e hijo hallados sin vida en el ba\u00f1o; mujer dej\u00f3 cartas p\u00f3stumas - El Diario - Bolivia\",\"isPartOf\":{\"@id\":\"https:\\\/\\\/www.eldiario.net\\\/portal\\\/#website\"},\"primaryImageOfPage\":{\"@id\":\"https:\\\/\\\/www.eldiario.net\\\/portal\\\/2025\\\/02\\\/08\\\/madre-e-hijo-hallados-sin-vida-en-el-bano-mujer-dejo-cartas-postumas\\\/#primaryimage\"},\"image\":{\"@id\":\"https:\\\/\\\/www.eldiario.net\\\/portal\\\/2025\\\/02\\\/08\\\/madre-e-hijo-hallados-sin-vida-en-el-bano-mujer-dejo-cartas-postumas\\\/#primaryimage\"},\"thumbnailUrl\":\"https:\\\/\\\/www.eldiario.net\\\/portal\\\/wp-content\\\/uploads\\\/2025\\\/02\\\/8-BANO.jpg\",\"datePublished\":\"2025-02-08T11:13:22+00:00\",\"breadcrumb\":{\"@id\":\"https:\\\/\\\/www.eldiario.net\\\/portal\\\/2025\\\/02\\\/08\\\/madre-e-hijo-hallados-sin-vida-en-el-bano-mujer-dejo-cartas-postumas\\\/#breadcrumb\"},\"inLanguage\":\"es\",\"potentialAction\":[{\"@type\":\"ReadAction\",\"target\":[\"https:\\\/\\\/www.eldiario.net\\\/portal\\\/2025\\\/02\\\/08\\\/madre-e-hijo-hallados-sin-vida-en-el-bano-mujer-dejo-cartas-postumas\\\/\"]}]},{\"@type\":\"ImageObject\",\"inLanguage\":\"es\",\"@id\":\"https:\\\/\\\/www.eldiario.net\\\/portal\\\/2025\\\/02\\\/08\\\/madre-e-hijo-hallados-sin-vida-en-el-bano-mujer-dejo-cartas-postumas\\\/#primaryimage\",\"url\":\"https:\\\/\\\/www.eldiario.net\\\/portal\\\/wp-content\\\/uploads\\\/2025\\\/02\\\/8-BANO.jpg\",\"contentUrl\":\"https:\\\/\\\/www.eldiario.net\\\/portal\\\/wp-content\\\/uploads\\\/2025\\\/02\\\/8-BANO.jpg\",\"width\":1200,\"height\":900,\"caption\":\"La madre y su hijo fueron encontrados en el ba\u00f1o. Cr\u00e9ditos: Comando Polic\u00eda La Paz\"},{\"@type\":\"BreadcrumbList\",\"@id\":\"https:\\\/\\\/www.eldiario.net\\\/portal\\\/2025\\\/02\\\/08\\\/madre-e-hijo-hallados-sin-vida-en-el-bano-mujer-dejo-cartas-postumas\\\/#breadcrumb\",\"itemListElement\":[{\"@type\":\"ListItem\",\"position\":1,\"name\":\"Portada\",\"item\":\"https:\\\/\\\/www.eldiario.net\\\/portal\\\/\"},{\"@type\":\"ListItem\",\"position\":2,\"name\":\"Madre e hijo hallados sin vida en el ba\u00f1o; mujer dej\u00f3 cartas p\u00f3stumas\"}]},{\"@type\":\"WebSite\",\"@id\":\"https:\\\/\\\/www.eldiario.net\\\/portal\\\/#website\",\"url\":\"https:\\\/\\\/www.eldiario.net\\\/portal\\\/\",\"name\":\"El Diario - Decano de la prensa nacional\",\"description\":\"El Diario - Decano de la prensa nacional\",\"publisher\":{\"@id\":\"https:\\\/\\\/www.eldiario.net\\\/portal\\\/#organization\"},\"potentialAction\":[{\"@type\":\"SearchAction\",\"target\":{\"@type\":\"EntryPoint\",\"urlTemplate\":\"https:\\\/\\\/www.eldiario.net\\\/portal\\\/?s={search_term_string}\"},\"query-input\":{\"@type\":\"PropertyValueSpecification\",\"valueRequired\":true,\"valueName\":\"search_term_string\"}}],\"inLanguage\":\"es\"},{\"@type\":\"Organization\",\"@id\":\"https:\\\/\\\/www.eldiario.net\\\/portal\\\/#organization\",\"name\":\"El Diario - Decano de la prensa nacional\",\"url\":\"https:\\\/\\\/www.eldiario.net\\\/portal\\\/\",\"logo\":{\"@type\":\"ImageObject\",\"inLanguage\":\"es\",\"@id\":\"https:\\\/\\\/www.eldiario.net\\\/portal\\\/#\\\/schema\\\/logo\\\/image\\\/\",\"url\":\"https:\\\/\\\/www.eldiario.net\\\/portal\\\/wp-content\\\/uploads\\\/2023\\\/07\\\/logo_ED.jpg\",\"contentUrl\":\"https:\\\/\\\/www.eldiario.net\\\/portal\\\/wp-content\\\/uploads\\\/2023\\\/07\\\/logo_ED.jpg\",\"width\":272,\"height\":52,\"caption\":\"El Diario - Decano de la prensa nacional\"},\"image\":{\"@id\":\"https:\\\/\\\/www.eldiario.net\\\/portal\\\/#\\\/schema\\\/logo\\\/image\\\/\"},\"sameAs\":[\"https:\\\/\\\/www.facebook.com\\\/eldiario.bolivia\\\/\",\"https:\\\/\\\/x.com\\\/eldiario_net\"]},{\"@type\":\"Person\",\"@id\":\"https:\\\/\\\/www.eldiario.net\\\/portal\\\/#\\\/schema\\\/person\\\/f46445640444750d7d753ccd04ae01b7\",\"name\":\"Jeanette\",\"image\":{\"@type\":\"ImageObject\",\"inLanguage\":\"es\",\"@id\":\"https:\\\/\\\/secure.gravatar.com\\\/avatar\\\/3ea2118a5f7dad2b7138b1187a6b7ee55f160b9968b66013c3a3ef39dd7e5798?s=96&d=mm&r=g\",\"url\":\"https:\\\/\\\/secure.gravatar.com\\\/avatar\\\/3ea2118a5f7dad2b7138b1187a6b7ee55f160b9968b66013c3a3ef39dd7e5798?s=96&d=mm&r=g\",\"contentUrl\":\"https:\\\/\\\/secure.gravatar.com\\\/avatar\\\/3ea2118a5f7dad2b7138b1187a6b7ee55f160b9968b66013c3a3ef39dd7e5798?s=96&d=mm&r=g\",\"caption\":\"Jeanette\"},\"sameAs\":[\"https:\\\/\\\/www.eldiario.net\\\/portal\"],\"url\":\"https:\\\/\\\/www.eldiario.net\\\/portal\\\/author\\\/jeanette\\\/\"}]}<\/script>\n<!-- \/ Yoast SEO plugin. -->","yoast_head_json":{"title":"Madre e hijo hallados sin vida en el ba\u00f1o; mujer dej\u00f3 cartas p\u00f3stumas - El Diario - Bolivia","robots":{"index":"index","follow":"follow","max-snippet":"max-snippet:-1","max-image-preview":"max-image-preview:large","max-video-preview":"max-video-preview:-1"},"canonical":"https:\/\/www.eldiario.net\/portal\/2025\/02\/08\/madre-e-hijo-hallados-sin-vida-en-el-bano-mujer-dejo-cartas-postumas\/","og_locale":"es_ES","og_type":"article","og_title":"Madre e hijo hallados sin vida en el ba\u00f1o; mujer dej\u00f3 cartas p\u00f3stumas - El Diario - Bolivia","og_description":"En un nuevo hecho tr\u00e1gico registrado en la zona Cosmos 79 de la ciudad de El Alto, un ni\u00f1o de cuatro a\u00f1os y su madre fueron encontrados sin vida en el ba\u00f1o de su vivienda, junto con dos cartas p\u00f3stumas; se presume que la mujer envenen\u00f3 al menor y luego se quit\u00f3 la vida porque [&hellip;]","og_url":"https:\/\/www.eldiario.net\/portal\/2025\/02\/08\/madre-e-hijo-hallados-sin-vida-en-el-bano-mujer-dejo-cartas-postumas\/","og_site_name":"El Diario - Bolivia","article_publisher":"https:\/\/www.facebook.com\/eldiario.bolivia\/","article_published_time":"2025-02-08T11:13:22+00:00","og_image":[{"width":1200,"height":900,"url":"https:\/\/www.eldiario.net\/portal\/wp-content\/uploads\/2025\/02\/8-BANO.jpg","type":"image\/jpeg"}],"author":"Jeanette","twitter_card":"summary_large_image","twitter_creator":"@eldiario_net","twitter_site":"@eldiario_net","twitter_misc":{"Escrito por":"Jeanette","Tiempo de lectura":"2 minutos"},"schema":{"@context":"https:\/\/schema.org","@graph":[{"@type":"Article","@id":"https:\/\/www.eldiario.net\/portal\/2025\/02\/08\/madre-e-hijo-hallados-sin-vida-en-el-bano-mujer-dejo-cartas-postumas\/#article","isPartOf":{"@id":"https:\/\/www.eldiario.net\/portal\/2025\/02\/08\/madre-e-hijo-hallados-sin-vida-en-el-bano-mujer-dejo-cartas-postumas\/"},"author":{"name":"Jeanette","@id":"https:\/\/www.eldiario.net\/portal\/#\/schema\/person\/f46445640444750d7d753ccd04ae01b7"},"headline":"Madre e hijo hallados sin vida en el ba\u00f1o; mujer dej\u00f3 cartas p\u00f3stumas","datePublished":"2025-02-08T11:13:22+00:00","mainEntityOfPage":{"@id":"https:\/\/www.eldiario.net\/portal\/2025\/02\/08\/madre-e-hijo-hallados-sin-vida-en-el-bano-mujer-dejo-cartas-postumas\/"},"wordCount":317,"publisher":{"@id":"https:\/\/www.eldiario.net\/portal\/#organization"},"image":{"@id":"https:\/\/www.eldiario.net\/portal\/2025\/02\/08\/madre-e-hijo-hallados-sin-vida-en-el-bano-mujer-dejo-cartas-postumas\/#primaryimage"},"thumbnailUrl":"https:\/\/www.eldiario.net\/portal\/wp-content\/uploads\/2025\/02\/8-BANO.jpg","articleSection":["Sociedad - Seguridad"],"inLanguage":"es"},{"@type":"WebPage","@id":"https:\/\/www.eldiario.net\/portal\/2025\/02\/08\/madre-e-hijo-hallados-sin-vida-en-el-bano-mujer-dejo-cartas-postumas\/","url":"https:\/\/www.eldiario.net\/portal\/2025\/02\/08\/madre-e-hijo-hallados-sin-vida-en-el-bano-mujer-dejo-cartas-postumas\/","name":"Madre e hijo hallados sin vida en el ba\u00f1o; mujer dej\u00f3 cartas p\u00f3stumas - El Diario - Bolivia","isPartOf":{"@id":"https:\/\/www.eldiario.net\/portal\/#website"},"primaryImageOfPage":{"@id":"https:\/\/www.eldiario.net\/portal\/2025\/02\/08\/madre-e-hijo-hallados-sin-vida-en-el-bano-mujer-dejo-cartas-postumas\/#primaryimage"},"image":{"@id":"https:\/\/www.eldiario.net\/portal\/2025\/02\/08\/madre-e-hijo-hallados-sin-vida-en-el-bano-mujer-dejo-cartas-postumas\/#primaryimage"},"thumbnailUrl":"https:\/\/www.eldiario.net\/portal\/wp-content\/uploads\/2025\/02\/8-BANO.jpg","datePublished":"2025-02-08T11:13:22+00:00","breadcrumb":{"@id":"https:\/\/www.eldiario.net\/portal\/2025\/02\/08\/madre-e-hijo-hallados-sin-vida-en-el-bano-mujer-dejo-cartas-postumas\/#breadcrumb"},"inLanguage":"es","potentialAction":[{"@type":"ReadAction","target":["https:\/\/www.eldiario.net\/portal\/2025\/02\/08\/madre-e-hijo-hallados-sin-vida-en-el-bano-mujer-dejo-cartas-postumas\/"]}]},{"@type":"ImageObject","inLanguage":"es","@id":"https:\/\/www.eldiario.net\/portal\/2025\/02\/08\/madre-e-hijo-hallados-sin-vida-en-el-bano-mujer-dejo-cartas-postumas\/#primaryimage","url":"https:\/\/www.eldiario.net\/portal\/wp-content\/uploads\/2025\/02\/8-BANO.jpg","contentUrl":"https:\/\/www.eldiario.net\/portal\/wp-content\/uploads\/2025\/02\/8-BANO.jpg","width":1200,"height":900,"caption":"La madre y su hijo fueron encontrados en el ba\u00f1o. Cr\u00e9ditos: Comando Polic\u00eda La Paz"},{"@type":"BreadcrumbList","@id":"https:\/\/www.eldiario.net\/portal\/2025\/02\/08\/madre-e-hijo-hallados-sin-vida-en-el-bano-mujer-dejo-cartas-postumas\/#breadcrumb","itemListElement":[{"@type":"ListItem","position":1,"name":"Portada","item":"https:\/\/www.eldiario.net\/portal\/"},{"@type":"ListItem","position":2,"name":"Madre e hijo hallados sin vida en el ba\u00f1o; mujer dej\u00f3 cartas p\u00f3stumas"}]},{"@type":"WebSite","@id":"https:\/\/www.eldiario.net\/portal\/#website","url":"https:\/\/www.eldiario.net\/portal\/","name":"El Diario - Decano de la prensa nacional","description":"El Diario - Decano de la prensa nacional","publisher":{"@id":"https:\/\/www.eldiario.net\/portal\/#organization"},"potentialAction":[{"@type":"SearchAction","target":{"@type":"EntryPoint","urlTemplate":"https:\/\/www.eldiario.net\/portal\/?s={search_term_string}"},"query-input":{"@type":"PropertyValueSpecification","valueRequired":true,"valueName":"search_term_string"}}],"inLanguage":"es"},{"@type":"Organization","@id":"https:\/\/www.eldiario.net\/portal\/#organization","name":"El Diario - Decano de la prensa nacional","url":"https:\/\/www.eldiario.net\/portal\/","logo":{"@type":"ImageObject","inLanguage":"es","@id":"https:\/\/www.eldiario.net\/portal\/#\/schema\/logo\/image\/","url":"https:\/\/www.eldiario.net\/portal\/wp-content\/uploads\/2023\/07\/logo_ED.jpg","contentUrl":"https:\/\/www.eldiario.net\/portal\/wp-content\/uploads\/2023\/07\/logo_ED.jpg","width":272,"height":52,"caption":"El Diario - Decano de la prensa nacional"},"image":{"@id":"https:\/\/www.eldiario.net\/portal\/#\/schema\/logo\/image\/"},"sameAs":["https:\/\/www.facebook.com\/eldiario.bolivia\/","https:\/\/x.com\/eldiario_net"]},{"@type":"Person","@id":"https:\/\/www.eldiario.net\/portal\/#\/schema\/person\/f46445640444750d7d753ccd04ae01b7","name":"Jeanette","image":{"@type":"ImageObject","inLanguage":"es","@id":"https:\/\/secure.gravatar.com\/avatar\/3ea2118a5f7dad2b7138b1187a6b7ee55f160b9968b66013c3a3ef39dd7e5798?s=96&d=mm&r=g","url":"https:\/\/secure.gravatar.com\/avatar\/3ea2118a5f7dad2b7138b1187a6b7ee55f160b9968b66013c3a3ef39dd7e5798?s=96&d=mm&r=g","contentUrl":"https:\/\/secure.gravatar.com\/avatar\/3ea2118a5f7dad2b7138b1187a6b7ee55f160b9968b66013c3a3ef39dd7e5798?s=96&d=mm&r=g","caption":"Jeanette"},"sameAs":["https:\/\/www.eldiario.net\/portal"],"url":"https:\/\/www.eldiario.net\/portal\/author\/jeanette\/"}]}},"_links":{"self":[{"href":"https:\/\/www.eldiario.net\/portal\/wp-json\/wp\/v2\/posts\/280270","targetHints":{"allow":["GET"]}}],"collection":[{"href":"https:\/\/www.eldiario.net\/portal\/wp-json\/wp\/v2\/posts"}],"about":[{"href":"https:\/\/www.eldiario.net\/portal\/wp-json\/wp\/v2\/types\/post"}],"author":[{"embeddable":true,"href":"https:\/\/www.eldiario.net\/portal\/wp-json\/wp\/v2\/users\/1"}],"replies":[{"embeddable":true,"href":"https:\/\/www.eldiario.net\/portal\/wp-json\/wp\/v2\/comments?post=280270"}],"version-history":[{"count":1,"href":"https:\/\/www.eldiario.net\/portal\/wp-json\/wp\/v2\/posts\/280270\/revisions"}],"predecessor-version":[{"id":280273,"href":"https:\/\/www.eldiario.net\/portal\/wp-json\/wp\/v2\/posts\/280270\/revisions\/280273"}],"wp:featuredmedia":[{"embeddable":true,"href":"https:\/\/www.eldiario.net\/portal\/wp-json\/wp\/v2\/media\/280272"}],"wp:attachment":[{"href":"https:\/\/www.eldiario.net\/portal\/wp-json\/wp\/v2\/media?parent=280270"}],"wp:term":[{"taxonomy":"category","embeddable":true,"href":"https:\/\/www.eldiario.net\/portal\/wp-json\/wp\/v2\/categories?post=280270"},{"taxonomy":"post_tag","embeddable":true,"href":"https:\/\/www.eldiario.net\/portal\/wp-json\/wp\/v2\/tags?post=280270"}],"curies":[{"name":"wp","href":"https:\/\/api.w.org\/{rel}","templated":true}]}}