{"id":280267,"date":"2025-02-08T07:09:21","date_gmt":"2025-02-08T11:09:21","guid":{"rendered":"https:\/\/www.eldiario.net\/portal\/?p=280267"},"modified":"2025-02-08T07:09:21","modified_gmt":"2025-02-08T11:09:21","slug":"tres-exministros-de-jeanine-anez-son-condenados-por-caso-gases-de-ecuador","status":"publish","type":"post","link":"https:\/\/www.eldiario.net\/portal\/2025\/02\/08\/tres-exministros-de-jeanine-anez-son-condenados-por-caso-gases-de-ecuador\/","title":{"rendered":"Tres exministros de Jeanine A\u00f1ez son condenados por caso gases de Ecuador"},"content":{"rendered":"<p>Los exministros Arturo Murillo, Luis Fernando L\u00f3pez y Roxana Liz\u00e1rraga, todos del gobierno de la expresidenta Jeanine A\u00f1ez, fueron sentenciados a cinco a\u00f1os y cuatro meses de prisi\u00f3n por haber internado al pa\u00eds, de manera irregular, gases lacrim\u00f3genos desde Ecuador.<\/p>\n<p>Mientras, el militar exasistente del Ministerio de Defensa, H\u00e9ctor P\u00e9rez Ortiz, recibi\u00f3 una condena de tres a\u00f1os y cuatro meses de prisi\u00f3n en la c\u00e1rcel de San Pedro.<\/p>\n<p>La determinaci\u00f3n fue asumida por el Juzgado de Sentencia Anticorrupci\u00f3n y de Materia Contra la Violencia hacia la Mujer de La Paz que los declar\u00f3 culpables por el delito de incumplimiento de deberes. \u201cTodos (los sentenciados) deber\u00e1n pagar costes, da\u00f1os y perjuicios en favor del Estado\u201d, se\u00f1ala una nota de prensa de la Procuradur\u00eda.<\/p>\n<p>Seg\u00fan la resoluci\u00f3n, los exministros de A\u00f1ez deber\u00e1n guardar detenci\u00f3n preventiva en los penales de San Pedro y el Centro de Orientaci\u00f3n Femenina (COF) de Obrajes, ambos en la sede de Gobierno.<\/p>\n<p>El excomandante de la Polic\u00eda, Rodolfo Montero, tambi\u00e9n se encontraba procesado; sin embargo, la autoridad jurisdiccional dispuso una condena absolutoria debido a que las pruebas \u201cno aportaron lo suficiente\u201d para que sea sentenciado, inform\u00f3 su abogado, Francisco Romero.<\/p>\n<p>La investigaci\u00f3n estableci\u00f3 que el 15 de noviembre de 2019, en una reuni\u00f3n entre Murillo, L\u00f3pez, Liz\u00e1rraga y otras autoridades, se tom\u00f3 contacto con la Polic\u00eda de Ecuador y se acord\u00f3 la entrega de armamento no letal a Bolivia en calidad de pr\u00e9stamo.<\/p>\n<p>Tres d\u00edas despu\u00e9s, los hechos violentos registrados en Senkata, El Alto, dejaron un saldo de 11 personas fallecidas. El gobierno de Luis Arce denunci\u00f3 que el armamento fue utilizado para esa represi\u00f3n.<\/p>\n<p>Los agentes qu\u00edmicos que ingresaron a Bolivia consistieron en 5.000 unidades de granadas de mano LG-302; 2.389 proyectiles de largo alcance, calibre 37 mm; 560 proyectiles de corto alcance, calibre 37 mil\u00edmetros; y 500 granadas de sonido y destello para exteriores, de acuerdo con datos de la Fiscal\u00eda.<\/p>\n<p>El procurador general del Estado, Ricardo Condori, aplaudi\u00f3 la sentencia y mencion\u00f3 que la considera un \u201chito sin precedentes en la lucha contra la impunidad\u201d. (Con informaci\u00f3n de Erbol)<\/p>\n","protected":false},"excerpt":{"rendered":"<p>Los exministros Arturo Murillo, Luis Fernando L\u00f3pez y Roxana Liz\u00e1rraga, todos del gobierno de la expresidenta Jeanine A\u00f1ez, fueron sentenciados a cinco a\u00f1os y cuatro meses de prisi\u00f3n por haber internado al pa\u00eds, de manera irregular, gases lacrim\u00f3genos desde Ecuador. Mientras, el militar exasistente del Ministerio de Defensa, H\u00e9ctor P\u00e9rez Ortiz, recibi\u00f3 una condena de [&hellip;]<\/p>\n","protected":false},"author":1,"featured_media":280268,"comment_status":"closed","ping_status":"open","sticky":false,"template":"","format":"standard","meta":{"_acf_changed":false,"footnotes":""},"categories":[39],"tags":[],"class_list":["post-280267","post","type-post","status-publish","format-standard","has-post-thumbnail","category-sociedad"],"acf":{"antetitulo":"Recibieron cinco a\u00f1os"},"yoast_head":"<!-- This site is optimized with the Yoast SEO plugin v28.3 - https:\/\/yoast.com\/product\/yoast-seo-wordpress\/ -->\n<title>Tres exministros de Jeanine A\u00f1ez son condenados por caso gases de Ecuador - El Diario - Bolivia<\/title>\n<meta name=\"robots\" content=\"index, follow, max-snippet:-1, max-image-preview:large, max-video-preview:-1\" \/>\n<link rel=\"canonical\" href=\"https:\/\/www.eldiario.net\/portal\/2025\/02\/08\/tres-exministros-de-jeanine-anez-son-condenados-por-caso-gases-de-ecuador\/\" \/>\n<meta property=\"og:locale\" content=\"es_ES\" \/>\n<meta property=\"og:type\" content=\"article\" \/>\n<meta property=\"og:title\" content=\"Tres exministros de Jeanine A\u00f1ez son condenados por caso gases de Ecuador - El Diario - Bolivia\" \/>\n<meta property=\"og:description\" content=\"Los exministros Arturo Murillo, Luis Fernando L\u00f3pez y Roxana Liz\u00e1rraga, todos del gobierno de la expresidenta Jeanine A\u00f1ez, fueron sentenciados a cinco a\u00f1os y cuatro meses de prisi\u00f3n por haber internado al pa\u00eds, de manera irregular, gases lacrim\u00f3genos desde Ecuador. Mientras, el militar exasistente del Ministerio de Defensa, H\u00e9ctor P\u00e9rez Ortiz, recibi\u00f3 una condena de [&hellip;]\" \/>\n<meta property=\"og:url\" content=\"https:\/\/www.eldiario.net\/portal\/2025\/02\/08\/tres-exministros-de-jeanine-anez-son-condenados-por-caso-gases-de-ecuador\/\" \/>\n<meta property=\"og:site_name\" content=\"El Diario - Bolivia\" \/>\n<meta property=\"article:publisher\" content=\"https:\/\/www.facebook.com\/eldiario.bolivia\/\" \/>\n<meta property=\"article:published_time\" content=\"2025-02-08T11:09:21+00:00\" \/>\n<meta property=\"og:image\" content=\"https:\/\/www.eldiario.net\/portal\/wp-content\/uploads\/2025\/02\/8-GAS.jpg\" \/>\n\t<meta property=\"og:image:width\" content=\"2048\" \/>\n\t<meta property=\"og:image:height\" content=\"1147\" \/>\n\t<meta property=\"og:image:type\" content=\"image\/jpeg\" \/>\n<meta name=\"author\" content=\"Jeanette\" \/>\n<meta name=\"twitter:card\" content=\"summary_large_image\" \/>\n<meta name=\"twitter:creator\" content=\"@eldiario_net\" \/>\n<meta name=\"twitter:site\" content=\"@eldiario_net\" \/>\n<meta name=\"twitter:label1\" content=\"Escrito por\" \/>\n\t<meta name=\"twitter:data1\" content=\"Jeanette\" \/>\n\t<meta name=\"twitter:label2\" content=\"Tiempo de lectura\" \/>\n\t<meta name=\"twitter:data2\" content=\"2 minutos\" \/>\n<script type=\"application\/ld+json\" class=\"yoast-schema-graph\">{\"@context\":\"https:\\\/\\\/schema.org\",\"@graph\":[{\"@type\":\"Article\",\"@id\":\"https:\\\/\\\/www.eldiario.net\\\/portal\\\/2025\\\/02\\\/08\\\/tres-exministros-de-jeanine-anez-son-condenados-por-caso-gases-de-ecuador\\\/#article\",\"isPartOf\":{\"@id\":\"https:\\\/\\\/www.eldiario.net\\\/portal\\\/2025\\\/02\\\/08\\\/tres-exministros-de-jeanine-anez-son-condenados-por-caso-gases-de-ecuador\\\/\"},\"author\":{\"name\":\"Jeanette\",\"@id\":\"https:\\\/\\\/www.eldiario.net\\\/portal\\\/#\\\/schema\\\/person\\\/f46445640444750d7d753ccd04ae01b7\"},\"headline\":\"Tres exministros de Jeanine A\u00f1ez son condenados por caso gases de Ecuador\",\"datePublished\":\"2025-02-08T11:09:21+00:00\",\"mainEntityOfPage\":{\"@id\":\"https:\\\/\\\/www.eldiario.net\\\/portal\\\/2025\\\/02\\\/08\\\/tres-exministros-de-jeanine-anez-son-condenados-por-caso-gases-de-ecuador\\\/\"},\"wordCount\":387,\"publisher\":{\"@id\":\"https:\\\/\\\/www.eldiario.net\\\/portal\\\/#organization\"},\"image\":{\"@id\":\"https:\\\/\\\/www.eldiario.net\\\/portal\\\/2025\\\/02\\\/08\\\/tres-exministros-de-jeanine-anez-son-condenados-por-caso-gases-de-ecuador\\\/#primaryimage\"},\"thumbnailUrl\":\"https:\\\/\\\/www.eldiario.net\\\/portal\\\/wp-content\\\/uploads\\\/2025\\\/02\\\/8-GAS.jpg\",\"articleSection\":[\"Sociedad - Seguridad\"],\"inLanguage\":\"es\"},{\"@type\":\"WebPage\",\"@id\":\"https:\\\/\\\/www.eldiario.net\\\/portal\\\/2025\\\/02\\\/08\\\/tres-exministros-de-jeanine-anez-son-condenados-por-caso-gases-de-ecuador\\\/\",\"url\":\"https:\\\/\\\/www.eldiario.net\\\/portal\\\/2025\\\/02\\\/08\\\/tres-exministros-de-jeanine-anez-son-condenados-por-caso-gases-de-ecuador\\\/\",\"name\":\"Tres exministros de Jeanine A\u00f1ez son condenados por caso gases de Ecuador - El Diario - Bolivia\",\"isPartOf\":{\"@id\":\"https:\\\/\\\/www.eldiario.net\\\/portal\\\/#website\"},\"primaryImageOfPage\":{\"@id\":\"https:\\\/\\\/www.eldiario.net\\\/portal\\\/2025\\\/02\\\/08\\\/tres-exministros-de-jeanine-anez-son-condenados-por-caso-gases-de-ecuador\\\/#primaryimage\"},\"image\":{\"@id\":\"https:\\\/\\\/www.eldiario.net\\\/portal\\\/2025\\\/02\\\/08\\\/tres-exministros-de-jeanine-anez-son-condenados-por-caso-gases-de-ecuador\\\/#primaryimage\"},\"thumbnailUrl\":\"https:\\\/\\\/www.eldiario.net\\\/portal\\\/wp-content\\\/uploads\\\/2025\\\/02\\\/8-GAS.jpg\",\"datePublished\":\"2025-02-08T11:09:21+00:00\",\"breadcrumb\":{\"@id\":\"https:\\\/\\\/www.eldiario.net\\\/portal\\\/2025\\\/02\\\/08\\\/tres-exministros-de-jeanine-anez-son-condenados-por-caso-gases-de-ecuador\\\/#breadcrumb\"},\"inLanguage\":\"es\",\"potentialAction\":[{\"@type\":\"ReadAction\",\"target\":[\"https:\\\/\\\/www.eldiario.net\\\/portal\\\/2025\\\/02\\\/08\\\/tres-exministros-de-jeanine-anez-son-condenados-por-caso-gases-de-ecuador\\\/\"]}]},{\"@type\":\"ImageObject\",\"inLanguage\":\"es\",\"@id\":\"https:\\\/\\\/www.eldiario.net\\\/portal\\\/2025\\\/02\\\/08\\\/tres-exministros-de-jeanine-anez-son-condenados-por-caso-gases-de-ecuador\\\/#primaryimage\",\"url\":\"https:\\\/\\\/www.eldiario.net\\\/portal\\\/wp-content\\\/uploads\\\/2025\\\/02\\\/8-GAS.jpg\",\"contentUrl\":\"https:\\\/\\\/www.eldiario.net\\\/portal\\\/wp-content\\\/uploads\\\/2025\\\/02\\\/8-GAS.jpg\",\"width\":2048,\"height\":1147,\"caption\":\"Exministros sentenciados por el caso. Cr\u00e9ditos: RRSS\"},{\"@type\":\"BreadcrumbList\",\"@id\":\"https:\\\/\\\/www.eldiario.net\\\/portal\\\/2025\\\/02\\\/08\\\/tres-exministros-de-jeanine-anez-son-condenados-por-caso-gases-de-ecuador\\\/#breadcrumb\",\"itemListElement\":[{\"@type\":\"ListItem\",\"position\":1,\"name\":\"Portada\",\"item\":\"https:\\\/\\\/www.eldiario.net\\\/portal\\\/\"},{\"@type\":\"ListItem\",\"position\":2,\"name\":\"Tres exministros de Jeanine A\u00f1ez son condenados por caso gases de Ecuador\"}]},{\"@type\":\"WebSite\",\"@id\":\"https:\\\/\\\/www.eldiario.net\\\/portal\\\/#website\",\"url\":\"https:\\\/\\\/www.eldiario.net\\\/portal\\\/\",\"name\":\"El Diario - Decano de la prensa nacional\",\"description\":\"El Diario - Decano de la prensa nacional\",\"publisher\":{\"@id\":\"https:\\\/\\\/www.eldiario.net\\\/portal\\\/#organization\"},\"potentialAction\":[{\"@type\":\"SearchAction\",\"target\":{\"@type\":\"EntryPoint\",\"urlTemplate\":\"https:\\\/\\\/www.eldiario.net\\\/portal\\\/?s={search_term_string}\"},\"query-input\":{\"@type\":\"PropertyValueSpecification\",\"valueRequired\":true,\"valueName\":\"search_term_string\"}}],\"inLanguage\":\"es\"},{\"@type\":\"Organization\",\"@id\":\"https:\\\/\\\/www.eldiario.net\\\/portal\\\/#organization\",\"name\":\"El Diario - Decano de la prensa nacional\",\"url\":\"https:\\\/\\\/www.eldiario.net\\\/portal\\\/\",\"logo\":{\"@type\":\"ImageObject\",\"inLanguage\":\"es\",\"@id\":\"https:\\\/\\\/www.eldiario.net\\\/portal\\\/#\\\/schema\\\/logo\\\/image\\\/\",\"url\":\"https:\\\/\\\/www.eldiario.net\\\/portal\\\/wp-content\\\/uploads\\\/2023\\\/07\\\/logo_ED.jpg\",\"contentUrl\":\"https:\\\/\\\/www.eldiario.net\\\/portal\\\/wp-content\\\/uploads\\\/2023\\\/07\\\/logo_ED.jpg\",\"width\":272,\"height\":52,\"caption\":\"El Diario - Decano de la prensa nacional\"},\"image\":{\"@id\":\"https:\\\/\\\/www.eldiario.net\\\/portal\\\/#\\\/schema\\\/logo\\\/image\\\/\"},\"sameAs\":[\"https:\\\/\\\/www.facebook.com\\\/eldiario.bolivia\\\/\",\"https:\\\/\\\/x.com\\\/eldiario_net\"]},{\"@type\":\"Person\",\"@id\":\"https:\\\/\\\/www.eldiario.net\\\/portal\\\/#\\\/schema\\\/person\\\/f46445640444750d7d753ccd04ae01b7\",\"name\":\"Jeanette\",\"image\":{\"@type\":\"ImageObject\",\"inLanguage\":\"es\",\"@id\":\"https:\\\/\\\/secure.gravatar.com\\\/avatar\\\/3ea2118a5f7dad2b7138b1187a6b7ee55f160b9968b66013c3a3ef39dd7e5798?s=96&d=mm&r=g\",\"url\":\"https:\\\/\\\/secure.gravatar.com\\\/avatar\\\/3ea2118a5f7dad2b7138b1187a6b7ee55f160b9968b66013c3a3ef39dd7e5798?s=96&d=mm&r=g\",\"contentUrl\":\"https:\\\/\\\/secure.gravatar.com\\\/avatar\\\/3ea2118a5f7dad2b7138b1187a6b7ee55f160b9968b66013c3a3ef39dd7e5798?s=96&d=mm&r=g\",\"caption\":\"Jeanette\"},\"sameAs\":[\"https:\\\/\\\/www.eldiario.net\\\/portal\"],\"url\":\"https:\\\/\\\/www.eldiario.net\\\/portal\\\/author\\\/jeanette\\\/\"}]}<\/script>\n<!-- \/ Yoast SEO plugin. -->","yoast_head_json":{"title":"Tres exministros de Jeanine A\u00f1ez son condenados por caso gases de Ecuador - El Diario - Bolivia","robots":{"index":"index","follow":"follow","max-snippet":"max-snippet:-1","max-image-preview":"max-image-preview:large","max-video-preview":"max-video-preview:-1"},"canonical":"https:\/\/www.eldiario.net\/portal\/2025\/02\/08\/tres-exministros-de-jeanine-anez-son-condenados-por-caso-gases-de-ecuador\/","og_locale":"es_ES","og_type":"article","og_title":"Tres exministros de Jeanine A\u00f1ez son condenados por caso gases de Ecuador - El Diario - Bolivia","og_description":"Los exministros Arturo Murillo, Luis Fernando L\u00f3pez y Roxana Liz\u00e1rraga, todos del gobierno de la expresidenta Jeanine A\u00f1ez, fueron sentenciados a cinco a\u00f1os y cuatro meses de prisi\u00f3n por haber internado al pa\u00eds, de manera irregular, gases lacrim\u00f3genos desde Ecuador. Mientras, el militar exasistente del Ministerio de Defensa, H\u00e9ctor P\u00e9rez Ortiz, recibi\u00f3 una condena de [&hellip;]","og_url":"https:\/\/www.eldiario.net\/portal\/2025\/02\/08\/tres-exministros-de-jeanine-anez-son-condenados-por-caso-gases-de-ecuador\/","og_site_name":"El Diario - Bolivia","article_publisher":"https:\/\/www.facebook.com\/eldiario.bolivia\/","article_published_time":"2025-02-08T11:09:21+00:00","og_image":[{"width":2048,"height":1147,"url":"https:\/\/www.eldiario.net\/portal\/wp-content\/uploads\/2025\/02\/8-GAS.jpg","type":"image\/jpeg"}],"author":"Jeanette","twitter_card":"summary_large_image","twitter_creator":"@eldiario_net","twitter_site":"@eldiario_net","twitter_misc":{"Escrito por":"Jeanette","Tiempo de lectura":"2 minutos"},"schema":{"@context":"https:\/\/schema.org","@graph":[{"@type":"Article","@id":"https:\/\/www.eldiario.net\/portal\/2025\/02\/08\/tres-exministros-de-jeanine-anez-son-condenados-por-caso-gases-de-ecuador\/#article","isPartOf":{"@id":"https:\/\/www.eldiario.net\/portal\/2025\/02\/08\/tres-exministros-de-jeanine-anez-son-condenados-por-caso-gases-de-ecuador\/"},"author":{"name":"Jeanette","@id":"https:\/\/www.eldiario.net\/portal\/#\/schema\/person\/f46445640444750d7d753ccd04ae01b7"},"headline":"Tres exministros de Jeanine A\u00f1ez son condenados por caso gases de Ecuador","datePublished":"2025-02-08T11:09:21+00:00","mainEntityOfPage":{"@id":"https:\/\/www.eldiario.net\/portal\/2025\/02\/08\/tres-exministros-de-jeanine-anez-son-condenados-por-caso-gases-de-ecuador\/"},"wordCount":387,"publisher":{"@id":"https:\/\/www.eldiario.net\/portal\/#organization"},"image":{"@id":"https:\/\/www.eldiario.net\/portal\/2025\/02\/08\/tres-exministros-de-jeanine-anez-son-condenados-por-caso-gases-de-ecuador\/#primaryimage"},"thumbnailUrl":"https:\/\/www.eldiario.net\/portal\/wp-content\/uploads\/2025\/02\/8-GAS.jpg","articleSection":["Sociedad - Seguridad"],"inLanguage":"es"},{"@type":"WebPage","@id":"https:\/\/www.eldiario.net\/portal\/2025\/02\/08\/tres-exministros-de-jeanine-anez-son-condenados-por-caso-gases-de-ecuador\/","url":"https:\/\/www.eldiario.net\/portal\/2025\/02\/08\/tres-exministros-de-jeanine-anez-son-condenados-por-caso-gases-de-ecuador\/","name":"Tres exministros de Jeanine A\u00f1ez son condenados por caso gases de Ecuador - El Diario - Bolivia","isPartOf":{"@id":"https:\/\/www.eldiario.net\/portal\/#website"},"primaryImageOfPage":{"@id":"https:\/\/www.eldiario.net\/portal\/2025\/02\/08\/tres-exministros-de-jeanine-anez-son-condenados-por-caso-gases-de-ecuador\/#primaryimage"},"image":{"@id":"https:\/\/www.eldiario.net\/portal\/2025\/02\/08\/tres-exministros-de-jeanine-anez-son-condenados-por-caso-gases-de-ecuador\/#primaryimage"},"thumbnailUrl":"https:\/\/www.eldiario.net\/portal\/wp-content\/uploads\/2025\/02\/8-GAS.jpg","datePublished":"2025-02-08T11:09:21+00:00","breadcrumb":{"@id":"https:\/\/www.eldiario.net\/portal\/2025\/02\/08\/tres-exministros-de-jeanine-anez-son-condenados-por-caso-gases-de-ecuador\/#breadcrumb"},"inLanguage":"es","potentialAction":[{"@type":"ReadAction","target":["https:\/\/www.eldiario.net\/portal\/2025\/02\/08\/tres-exministros-de-jeanine-anez-son-condenados-por-caso-gases-de-ecuador\/"]}]},{"@type":"ImageObject","inLanguage":"es","@id":"https:\/\/www.eldiario.net\/portal\/2025\/02\/08\/tres-exministros-de-jeanine-anez-son-condenados-por-caso-gases-de-ecuador\/#primaryimage","url":"https:\/\/www.eldiario.net\/portal\/wp-content\/uploads\/2025\/02\/8-GAS.jpg","contentUrl":"https:\/\/www.eldiario.net\/portal\/wp-content\/uploads\/2025\/02\/8-GAS.jpg","width":2048,"height":1147,"caption":"Exministros sentenciados por el caso. Cr\u00e9ditos: RRSS"},{"@type":"BreadcrumbList","@id":"https:\/\/www.eldiario.net\/portal\/2025\/02\/08\/tres-exministros-de-jeanine-anez-son-condenados-por-caso-gases-de-ecuador\/#breadcrumb","itemListElement":[{"@type":"ListItem","position":1,"name":"Portada","item":"https:\/\/www.eldiario.net\/portal\/"},{"@type":"ListItem","position":2,"name":"Tres exministros de Jeanine A\u00f1ez son condenados por caso gases de Ecuador"}]},{"@type":"WebSite","@id":"https:\/\/www.eldiario.net\/portal\/#website","url":"https:\/\/www.eldiario.net\/portal\/","name":"El Diario - Decano de la prensa nacional","description":"El Diario - Decano de la prensa nacional","publisher":{"@id":"https:\/\/www.eldiario.net\/portal\/#organization"},"potentialAction":[{"@type":"SearchAction","target":{"@type":"EntryPoint","urlTemplate":"https:\/\/www.eldiario.net\/portal\/?s={search_term_string}"},"query-input":{"@type":"PropertyValueSpecification","valueRequired":true,"valueName":"search_term_string"}}],"inLanguage":"es"},{"@type":"Organization","@id":"https:\/\/www.eldiario.net\/portal\/#organization","name":"El Diario - Decano de la prensa nacional","url":"https:\/\/www.eldiario.net\/portal\/","logo":{"@type":"ImageObject","inLanguage":"es","@id":"https:\/\/www.eldiario.net\/portal\/#\/schema\/logo\/image\/","url":"https:\/\/www.eldiario.net\/portal\/wp-content\/uploads\/2023\/07\/logo_ED.jpg","contentUrl":"https:\/\/www.eldiario.net\/portal\/wp-content\/uploads\/2023\/07\/logo_ED.jpg","width":272,"height":52,"caption":"El Diario - Decano de la prensa nacional"},"image":{"@id":"https:\/\/www.eldiario.net\/portal\/#\/schema\/logo\/image\/"},"sameAs":["https:\/\/www.facebook.com\/eldiario.bolivia\/","https:\/\/x.com\/eldiario_net"]},{"@type":"Person","@id":"https:\/\/www.eldiario.net\/portal\/#\/schema\/person\/f46445640444750d7d753ccd04ae01b7","name":"Jeanette","image":{"@type":"ImageObject","inLanguage":"es","@id":"https:\/\/secure.gravatar.com\/avatar\/3ea2118a5f7dad2b7138b1187a6b7ee55f160b9968b66013c3a3ef39dd7e5798?s=96&d=mm&r=g","url":"https:\/\/secure.gravatar.com\/avatar\/3ea2118a5f7dad2b7138b1187a6b7ee55f160b9968b66013c3a3ef39dd7e5798?s=96&d=mm&r=g","contentUrl":"https:\/\/secure.gravatar.com\/avatar\/3ea2118a5f7dad2b7138b1187a6b7ee55f160b9968b66013c3a3ef39dd7e5798?s=96&d=mm&r=g","caption":"Jeanette"},"sameAs":["https:\/\/www.eldiario.net\/portal"],"url":"https:\/\/www.eldiario.net\/portal\/author\/jeanette\/"}]}},"_links":{"self":[{"href":"https:\/\/www.eldiario.net\/portal\/wp-json\/wp\/v2\/posts\/280267","targetHints":{"allow":["GET"]}}],"collection":[{"href":"https:\/\/www.eldiario.net\/portal\/wp-json\/wp\/v2\/posts"}],"about":[{"href":"https:\/\/www.eldiario.net\/portal\/wp-json\/wp\/v2\/types\/post"}],"author":[{"embeddable":true,"href":"https:\/\/www.eldiario.net\/portal\/wp-json\/wp\/v2\/users\/1"}],"replies":[{"embeddable":true,"href":"https:\/\/www.eldiario.net\/portal\/wp-json\/wp\/v2\/comments?post=280267"}],"version-history":[{"count":1,"href":"https:\/\/www.eldiario.net\/portal\/wp-json\/wp\/v2\/posts\/280267\/revisions"}],"predecessor-version":[{"id":280269,"href":"https:\/\/www.eldiario.net\/portal\/wp-json\/wp\/v2\/posts\/280267\/revisions\/280269"}],"wp:featuredmedia":[{"embeddable":true,"href":"https:\/\/www.eldiario.net\/portal\/wp-json\/wp\/v2\/media\/280268"}],"wp:attachment":[{"href":"https:\/\/www.eldiario.net\/portal\/wp-json\/wp\/v2\/media?parent=280267"}],"wp:term":[{"taxonomy":"category","embeddable":true,"href":"https:\/\/www.eldiario.net\/portal\/wp-json\/wp\/v2\/categories?post=280267"},{"taxonomy":"post_tag","embeddable":true,"href":"https:\/\/www.eldiario.net\/portal\/wp-json\/wp\/v2\/tags?post=280267"}],"curies":[{"name":"wp","href":"https:\/\/api.w.org\/{rel}","templated":true}]}}