{"id":280264,"date":"2025-02-08T07:08:44","date_gmt":"2025-02-08T11:08:44","guid":{"rendered":"https:\/\/www.eldiario.net\/portal\/?p=280264"},"modified":"2025-02-08T07:08:44","modified_gmt":"2025-02-08T11:08:44","slug":"sentencia-de-tres-anos-por-el-caso-tunas-genera-criticas","status":"publish","type":"post","link":"https:\/\/www.eldiario.net\/portal\/2025\/02\/08\/sentencia-de-tres-anos-por-el-caso-tunas-genera-criticas\/","title":{"rendered":"Sentencia de tres a\u00f1os por el caso \u201ctunas\u201d genera cr\u00edticas"},"content":{"rendered":"<p>La sentencia de tres a\u00f1os de c\u00e1rcel contra el hombre que impidi\u00f3 que una mujer coseche tunas en la Meseta de Achumani gener\u00f3 una oleada de cr\u00edticas en la opini\u00f3n p\u00fablica, donde muchos usuarios lamentaron que la Justicia haya actuado de manera tan c\u00e9lere en este caso, mientras existan otros que demoran hasta a\u00f1os en resolverse.<\/p>\n<p>Luego de una audiencia de proceso abreviado al que se someti\u00f3 Hugo Osvaldo Espinoza, la justicia lo sentenci\u00f3 a tres a\u00f1os de c\u00e1rcel en el penal de San Pedro por el delito de discriminaci\u00f3n. Sin embargo, Espinoza se acogi\u00f3 al perd\u00f3n judicial logrando determinarse la suspensi\u00f3n condicional de la pena, por lo que no cumplir\u00e1 la pena en la c\u00e1rcel.<\/p>\n<p>La suspensi\u00f3n incluye condiciones como la \u201cverificaci\u00f3n y permanencia en su domicilio, conclusi\u00f3n de un tratamiento psicol\u00f3gico obligatorio, donaci\u00f3n de alimentos a una instituci\u00f3n ben\u00e9fica, prohibici\u00f3n de consumo de bebidas alcoh\u00f3licas o estupefacientes y la presentaci\u00f3n mensual ante el juez competente\u201d, de acuerdo con un comunicado del Ministerio de Justicia.<\/p>\n<p>Varios usuarios en redes sociales criticaron el r\u00e1pido actuar de la justicia en este caso y c\u00f3mo el sistema judicial no resulta ser igual de eficiente en otros casos. Una de ellos, Stephany Saravia, lament\u00f3 que \u201cpara esto la justicia act\u00faa r\u00e1pido pero para casos realmente lamentables est\u00e1 uno ah\u00ed luchando a\u00f1os para lograr alguna sentencia\u201d.<\/p>\n<p>Una justicia \u201cpodrida\u201d y \u201crid\u00edcula\u201d que emiti\u00f3 una sentencia \u201cabsurda\u201d y \u201cexagerada\u201d fueron otras apreciaciones dejadas en redes sociales de varios medios de comunicaci\u00f3n. Otros argumentaron que la disculpa p\u00fablica que ofreci\u00f3 Espinoza debi\u00f3 ser sanci\u00f3n suficiente, en vez de una pena con c\u00e1rcel.<\/p>\n<p>\u201c\u00bfPor qu\u00e9 hay criminales y corruptos libres sin ser juzgados que se robaron y se siguen robando millones de nuestro pa\u00eds? \u00bfSer\u00e1 que esta justicia sirve, o solo funciona para juzgar a los m\u00e1s d\u00e9biles?\u201d, cuestion\u00f3 un usuario de Favebook con la cuenta Luis Gustavo Tintaya.<\/p>\n<p>Por su lado, la usuaria con el nombre Cintia Dur\u00e1n coment\u00f3 que la justicia boliviana es \u201cde terror\u201d porque, mientras casos como este se resuelven en pocas semanas, \u201cexisten violadores, asesinos y criminales asuetos a su libre albedr\u00edo\u201d cuyos procesos \u201ctardan una eternidad\u201d en finalizar.<\/p>\n<p>Varios usuarios tambi\u00e9n cuestionaron cu\u00e1ndo la justicia actuar\u00e1 con la misma rapidez en contra del expresidente, Evo Morales, a quien pesa una orden de aprehensi\u00f3n por un proceso por presunta trata de personas. La ciudadan\u00eda advirti\u00f3 que el Gobierno pretende desviar la atenci\u00f3n de temas relevantes con casos como este.<\/p>\n<p>&nbsp;<\/p>\n<p>CASO \u201cTUNAS\u201d<\/p>\n<p>El caso se conoci\u00f3 cuando se difundi\u00f3 el video de Espinoza, quien fue grabado junto con un adulto mayor, exigiendo a una mujer de condici\u00f3n humilde, Emilia Mamani Taco, y a su hijo que dejen de recoger tunas en la v\u00eda p\u00fablica en la zona de Achumani.<\/p>\n<p>\u201c\u00a1No quiero verla m\u00e1s ac\u00e1! Una verg\u00fcenza que traiga adem\u00e1s a su ni\u00f1o a ense\u00f1arle a robar. La pr\u00f3xima vez llamo a la patrulla\u201d, exclamaba el sentenciado a la mujer, mientras se o\u00eda al menor de edad llorar sin consuelo mientras presenciaba el hecho.<\/p>\n<p>El hecho escal\u00f3 r\u00e1pidamente hasta llegar a instancias penales, cuando el Servicio Plurinacional de Asistencia a la V\u00edctima (Sepdavi) inici\u00f3 el proceso contra el sujeto, quien voluntariamente se someti\u00f3 a proceso abreviado y reconoci\u00f3 su participaci\u00f3n y plena responsabilidad en los hechos.<\/p>\n<p>A medida que la sociedad se enteraba del caso, Mamani comenz\u00f3 a figurar en numerosos medios de comunicaci\u00f3n, hasta que lleg\u00f3 a recibir un anaquel de venta otorgado por la Alcald\u00eda de La Paz, as\u00ed como el ingreso al nuevo Palacio de Gobierno, Casa Grande del Pueblo, donde fue recibida por autoridades del Estado.<\/p>\n<p>El comunicado menciona tambi\u00e9n que con este caso estableci\u00f3 un precedente jur\u00eddico contra el delito de discriminaci\u00f3n, reiterando que \u201cno se tolera ni tolerar\u00e1 ning\u00fan acto que vulnere la dignidad, la libertad y el trato igualitario de las personas\u201d.<\/p>\n","protected":false},"excerpt":{"rendered":"<p>La sentencia de tres a\u00f1os de c\u00e1rcel contra el hombre que impidi\u00f3 que una mujer coseche tunas en la Meseta de Achumani gener\u00f3 una oleada de cr\u00edticas en la opini\u00f3n p\u00fablica, donde muchos usuarios lamentaron que la Justicia haya actuado de manera tan c\u00e9lere en este caso, mientras existan otros que demoran hasta a\u00f1os en [&hellip;]<\/p>\n","protected":false},"author":1,"featured_media":280265,"comment_status":"closed","ping_status":"open","sticky":false,"template":"","format":"standard","meta":{"_acf_changed":false,"footnotes":""},"categories":[39],"tags":[],"class_list":["post-280264","post","type-post","status-publish","format-standard","has-post-thumbnail","category-sociedad"],"acf":{"antetitulo":""},"yoast_head":"<!-- This site is optimized with the Yoast SEO plugin v28.3 - https:\/\/yoast.com\/product\/yoast-seo-wordpress\/ -->\n<title>Sentencia de tres a\u00f1os por el caso \u201ctunas\u201d genera cr\u00edticas - El Diario - Bolivia<\/title>\n<meta name=\"robots\" content=\"index, follow, max-snippet:-1, max-image-preview:large, max-video-preview:-1\" \/>\n<link rel=\"canonical\" href=\"https:\/\/www.eldiario.net\/portal\/2025\/02\/08\/sentencia-de-tres-anos-por-el-caso-tunas-genera-criticas\/\" \/>\n<meta property=\"og:locale\" content=\"es_ES\" \/>\n<meta property=\"og:type\" content=\"article\" \/>\n<meta property=\"og:title\" content=\"Sentencia de tres a\u00f1os por el caso \u201ctunas\u201d genera cr\u00edticas - El Diario - Bolivia\" \/>\n<meta property=\"og:description\" content=\"La sentencia de tres a\u00f1os de c\u00e1rcel contra el hombre que impidi\u00f3 que una mujer coseche tunas en la Meseta de Achumani gener\u00f3 una oleada de cr\u00edticas en la opini\u00f3n p\u00fablica, donde muchos usuarios lamentaron que la Justicia haya actuado de manera tan c\u00e9lere en este caso, mientras existan otros que demoran hasta a\u00f1os en [&hellip;]\" \/>\n<meta property=\"og:url\" content=\"https:\/\/www.eldiario.net\/portal\/2025\/02\/08\/sentencia-de-tres-anos-por-el-caso-tunas-genera-criticas\/\" \/>\n<meta property=\"og:site_name\" content=\"El Diario - Bolivia\" \/>\n<meta property=\"article:publisher\" content=\"https:\/\/www.facebook.com\/eldiario.bolivia\/\" \/>\n<meta property=\"article:published_time\" content=\"2025-02-08T11:08:44+00:00\" \/>\n<meta property=\"og:image\" content=\"https:\/\/www.eldiario.net\/portal\/wp-content\/uploads\/2025\/02\/8-TUNA.jpg\" \/>\n\t<meta property=\"og:image:width\" content=\"1200\" \/>\n\t<meta property=\"og:image:height\" content=\"700\" \/>\n\t<meta property=\"og:image:type\" content=\"image\/jpeg\" \/>\n<meta name=\"author\" content=\"Jeanette\" \/>\n<meta name=\"twitter:card\" content=\"summary_large_image\" \/>\n<meta name=\"twitter:creator\" content=\"@eldiario_net\" \/>\n<meta name=\"twitter:site\" content=\"@eldiario_net\" \/>\n<meta name=\"twitter:label1\" content=\"Escrito por\" \/>\n\t<meta name=\"twitter:data1\" content=\"Jeanette\" \/>\n\t<meta name=\"twitter:label2\" content=\"Tiempo de lectura\" \/>\n\t<meta name=\"twitter:data2\" content=\"3 minutos\" \/>\n<script type=\"application\/ld+json\" class=\"yoast-schema-graph\">{\"@context\":\"https:\\\/\\\/schema.org\",\"@graph\":[{\"@type\":\"Article\",\"@id\":\"https:\\\/\\\/www.eldiario.net\\\/portal\\\/2025\\\/02\\\/08\\\/sentencia-de-tres-anos-por-el-caso-tunas-genera-criticas\\\/#article\",\"isPartOf\":{\"@id\":\"https:\\\/\\\/www.eldiario.net\\\/portal\\\/2025\\\/02\\\/08\\\/sentencia-de-tres-anos-por-el-caso-tunas-genera-criticas\\\/\"},\"author\":{\"name\":\"Jeanette\",\"@id\":\"https:\\\/\\\/www.eldiario.net\\\/portal\\\/#\\\/schema\\\/person\\\/f46445640444750d7d753ccd04ae01b7\"},\"headline\":\"Sentencia de tres a\u00f1os por el caso \u201ctunas\u201d genera cr\u00edticas\",\"datePublished\":\"2025-02-08T11:08:44+00:00\",\"mainEntityOfPage\":{\"@id\":\"https:\\\/\\\/www.eldiario.net\\\/portal\\\/2025\\\/02\\\/08\\\/sentencia-de-tres-anos-por-el-caso-tunas-genera-criticas\\\/\"},\"wordCount\":710,\"publisher\":{\"@id\":\"https:\\\/\\\/www.eldiario.net\\\/portal\\\/#organization\"},\"image\":{\"@id\":\"https:\\\/\\\/www.eldiario.net\\\/portal\\\/2025\\\/02\\\/08\\\/sentencia-de-tres-anos-por-el-caso-tunas-genera-criticas\\\/#primaryimage\"},\"thumbnailUrl\":\"https:\\\/\\\/www.eldiario.net\\\/portal\\\/wp-content\\\/uploads\\\/2025\\\/02\\\/8-TUNA.jpg\",\"articleSection\":[\"Sociedad - Seguridad\"],\"inLanguage\":\"es\"},{\"@type\":\"WebPage\",\"@id\":\"https:\\\/\\\/www.eldiario.net\\\/portal\\\/2025\\\/02\\\/08\\\/sentencia-de-tres-anos-por-el-caso-tunas-genera-criticas\\\/\",\"url\":\"https:\\\/\\\/www.eldiario.net\\\/portal\\\/2025\\\/02\\\/08\\\/sentencia-de-tres-anos-por-el-caso-tunas-genera-criticas\\\/\",\"name\":\"Sentencia de tres a\u00f1os por el caso \u201ctunas\u201d genera cr\u00edticas - El Diario - Bolivia\",\"isPartOf\":{\"@id\":\"https:\\\/\\\/www.eldiario.net\\\/portal\\\/#website\"},\"primaryImageOfPage\":{\"@id\":\"https:\\\/\\\/www.eldiario.net\\\/portal\\\/2025\\\/02\\\/08\\\/sentencia-de-tres-anos-por-el-caso-tunas-genera-criticas\\\/#primaryimage\"},\"image\":{\"@id\":\"https:\\\/\\\/www.eldiario.net\\\/portal\\\/2025\\\/02\\\/08\\\/sentencia-de-tres-anos-por-el-caso-tunas-genera-criticas\\\/#primaryimage\"},\"thumbnailUrl\":\"https:\\\/\\\/www.eldiario.net\\\/portal\\\/wp-content\\\/uploads\\\/2025\\\/02\\\/8-TUNA.jpg\",\"datePublished\":\"2025-02-08T11:08:44+00:00\",\"breadcrumb\":{\"@id\":\"https:\\\/\\\/www.eldiario.net\\\/portal\\\/2025\\\/02\\\/08\\\/sentencia-de-tres-anos-por-el-caso-tunas-genera-criticas\\\/#breadcrumb\"},\"inLanguage\":\"es\",\"potentialAction\":[{\"@type\":\"ReadAction\",\"target\":[\"https:\\\/\\\/www.eldiario.net\\\/portal\\\/2025\\\/02\\\/08\\\/sentencia-de-tres-anos-por-el-caso-tunas-genera-criticas\\\/\"]}]},{\"@type\":\"ImageObject\",\"inLanguage\":\"es\",\"@id\":\"https:\\\/\\\/www.eldiario.net\\\/portal\\\/2025\\\/02\\\/08\\\/sentencia-de-tres-anos-por-el-caso-tunas-genera-criticas\\\/#primaryimage\",\"url\":\"https:\\\/\\\/www.eldiario.net\\\/portal\\\/wp-content\\\/uploads\\\/2025\\\/02\\\/8-TUNA.jpg\",\"contentUrl\":\"https:\\\/\\\/www.eldiario.net\\\/portal\\\/wp-content\\\/uploads\\\/2025\\\/02\\\/8-TUNA.jpg\",\"width\":1200,\"height\":700,\"caption\":\"El hecho se registr\u00f3 en video y fue ampliamente difundido en redes sociales. Cr\u00e9ditos: Captura\"},{\"@type\":\"BreadcrumbList\",\"@id\":\"https:\\\/\\\/www.eldiario.net\\\/portal\\\/2025\\\/02\\\/08\\\/sentencia-de-tres-anos-por-el-caso-tunas-genera-criticas\\\/#breadcrumb\",\"itemListElement\":[{\"@type\":\"ListItem\",\"position\":1,\"name\":\"Portada\",\"item\":\"https:\\\/\\\/www.eldiario.net\\\/portal\\\/\"},{\"@type\":\"ListItem\",\"position\":2,\"name\":\"Sentencia de tres a\u00f1os por el caso \u201ctunas\u201d genera cr\u00edticas\"}]},{\"@type\":\"WebSite\",\"@id\":\"https:\\\/\\\/www.eldiario.net\\\/portal\\\/#website\",\"url\":\"https:\\\/\\\/www.eldiario.net\\\/portal\\\/\",\"name\":\"El Diario - Decano de la prensa nacional\",\"description\":\"El Diario - Decano de la prensa nacional\",\"publisher\":{\"@id\":\"https:\\\/\\\/www.eldiario.net\\\/portal\\\/#organization\"},\"potentialAction\":[{\"@type\":\"SearchAction\",\"target\":{\"@type\":\"EntryPoint\",\"urlTemplate\":\"https:\\\/\\\/www.eldiario.net\\\/portal\\\/?s={search_term_string}\"},\"query-input\":{\"@type\":\"PropertyValueSpecification\",\"valueRequired\":true,\"valueName\":\"search_term_string\"}}],\"inLanguage\":\"es\"},{\"@type\":\"Organization\",\"@id\":\"https:\\\/\\\/www.eldiario.net\\\/portal\\\/#organization\",\"name\":\"El Diario - Decano de la prensa nacional\",\"url\":\"https:\\\/\\\/www.eldiario.net\\\/portal\\\/\",\"logo\":{\"@type\":\"ImageObject\",\"inLanguage\":\"es\",\"@id\":\"https:\\\/\\\/www.eldiario.net\\\/portal\\\/#\\\/schema\\\/logo\\\/image\\\/\",\"url\":\"https:\\\/\\\/www.eldiario.net\\\/portal\\\/wp-content\\\/uploads\\\/2023\\\/07\\\/logo_ED.jpg\",\"contentUrl\":\"https:\\\/\\\/www.eldiario.net\\\/portal\\\/wp-content\\\/uploads\\\/2023\\\/07\\\/logo_ED.jpg\",\"width\":272,\"height\":52,\"caption\":\"El Diario - Decano de la prensa nacional\"},\"image\":{\"@id\":\"https:\\\/\\\/www.eldiario.net\\\/portal\\\/#\\\/schema\\\/logo\\\/image\\\/\"},\"sameAs\":[\"https:\\\/\\\/www.facebook.com\\\/eldiario.bolivia\\\/\",\"https:\\\/\\\/x.com\\\/eldiario_net\"]},{\"@type\":\"Person\",\"@id\":\"https:\\\/\\\/www.eldiario.net\\\/portal\\\/#\\\/schema\\\/person\\\/f46445640444750d7d753ccd04ae01b7\",\"name\":\"Jeanette\",\"image\":{\"@type\":\"ImageObject\",\"inLanguage\":\"es\",\"@id\":\"https:\\\/\\\/secure.gravatar.com\\\/avatar\\\/3ea2118a5f7dad2b7138b1187a6b7ee55f160b9968b66013c3a3ef39dd7e5798?s=96&d=mm&r=g\",\"url\":\"https:\\\/\\\/secure.gravatar.com\\\/avatar\\\/3ea2118a5f7dad2b7138b1187a6b7ee55f160b9968b66013c3a3ef39dd7e5798?s=96&d=mm&r=g\",\"contentUrl\":\"https:\\\/\\\/secure.gravatar.com\\\/avatar\\\/3ea2118a5f7dad2b7138b1187a6b7ee55f160b9968b66013c3a3ef39dd7e5798?s=96&d=mm&r=g\",\"caption\":\"Jeanette\"},\"sameAs\":[\"https:\\\/\\\/www.eldiario.net\\\/portal\"],\"url\":\"https:\\\/\\\/www.eldiario.net\\\/portal\\\/author\\\/jeanette\\\/\"}]}<\/script>\n<!-- \/ Yoast SEO plugin. -->","yoast_head_json":{"title":"Sentencia de tres a\u00f1os por el caso \u201ctunas\u201d genera cr\u00edticas - El Diario - Bolivia","robots":{"index":"index","follow":"follow","max-snippet":"max-snippet:-1","max-image-preview":"max-image-preview:large","max-video-preview":"max-video-preview:-1"},"canonical":"https:\/\/www.eldiario.net\/portal\/2025\/02\/08\/sentencia-de-tres-anos-por-el-caso-tunas-genera-criticas\/","og_locale":"es_ES","og_type":"article","og_title":"Sentencia de tres a\u00f1os por el caso \u201ctunas\u201d genera cr\u00edticas - El Diario - Bolivia","og_description":"La sentencia de tres a\u00f1os de c\u00e1rcel contra el hombre que impidi\u00f3 que una mujer coseche tunas en la Meseta de Achumani gener\u00f3 una oleada de cr\u00edticas en la opini\u00f3n p\u00fablica, donde muchos usuarios lamentaron que la Justicia haya actuado de manera tan c\u00e9lere en este caso, mientras existan otros que demoran hasta a\u00f1os en [&hellip;]","og_url":"https:\/\/www.eldiario.net\/portal\/2025\/02\/08\/sentencia-de-tres-anos-por-el-caso-tunas-genera-criticas\/","og_site_name":"El Diario - Bolivia","article_publisher":"https:\/\/www.facebook.com\/eldiario.bolivia\/","article_published_time":"2025-02-08T11:08:44+00:00","og_image":[{"width":1200,"height":700,"url":"https:\/\/www.eldiario.net\/portal\/wp-content\/uploads\/2025\/02\/8-TUNA.jpg","type":"image\/jpeg"}],"author":"Jeanette","twitter_card":"summary_large_image","twitter_creator":"@eldiario_net","twitter_site":"@eldiario_net","twitter_misc":{"Escrito por":"Jeanette","Tiempo de lectura":"3 minutos"},"schema":{"@context":"https:\/\/schema.org","@graph":[{"@type":"Article","@id":"https:\/\/www.eldiario.net\/portal\/2025\/02\/08\/sentencia-de-tres-anos-por-el-caso-tunas-genera-criticas\/#article","isPartOf":{"@id":"https:\/\/www.eldiario.net\/portal\/2025\/02\/08\/sentencia-de-tres-anos-por-el-caso-tunas-genera-criticas\/"},"author":{"name":"Jeanette","@id":"https:\/\/www.eldiario.net\/portal\/#\/schema\/person\/f46445640444750d7d753ccd04ae01b7"},"headline":"Sentencia de tres a\u00f1os por el caso \u201ctunas\u201d genera cr\u00edticas","datePublished":"2025-02-08T11:08:44+00:00","mainEntityOfPage":{"@id":"https:\/\/www.eldiario.net\/portal\/2025\/02\/08\/sentencia-de-tres-anos-por-el-caso-tunas-genera-criticas\/"},"wordCount":710,"publisher":{"@id":"https:\/\/www.eldiario.net\/portal\/#organization"},"image":{"@id":"https:\/\/www.eldiario.net\/portal\/2025\/02\/08\/sentencia-de-tres-anos-por-el-caso-tunas-genera-criticas\/#primaryimage"},"thumbnailUrl":"https:\/\/www.eldiario.net\/portal\/wp-content\/uploads\/2025\/02\/8-TUNA.jpg","articleSection":["Sociedad - Seguridad"],"inLanguage":"es"},{"@type":"WebPage","@id":"https:\/\/www.eldiario.net\/portal\/2025\/02\/08\/sentencia-de-tres-anos-por-el-caso-tunas-genera-criticas\/","url":"https:\/\/www.eldiario.net\/portal\/2025\/02\/08\/sentencia-de-tres-anos-por-el-caso-tunas-genera-criticas\/","name":"Sentencia de tres a\u00f1os por el caso \u201ctunas\u201d genera cr\u00edticas - El Diario - Bolivia","isPartOf":{"@id":"https:\/\/www.eldiario.net\/portal\/#website"},"primaryImageOfPage":{"@id":"https:\/\/www.eldiario.net\/portal\/2025\/02\/08\/sentencia-de-tres-anos-por-el-caso-tunas-genera-criticas\/#primaryimage"},"image":{"@id":"https:\/\/www.eldiario.net\/portal\/2025\/02\/08\/sentencia-de-tres-anos-por-el-caso-tunas-genera-criticas\/#primaryimage"},"thumbnailUrl":"https:\/\/www.eldiario.net\/portal\/wp-content\/uploads\/2025\/02\/8-TUNA.jpg","datePublished":"2025-02-08T11:08:44+00:00","breadcrumb":{"@id":"https:\/\/www.eldiario.net\/portal\/2025\/02\/08\/sentencia-de-tres-anos-por-el-caso-tunas-genera-criticas\/#breadcrumb"},"inLanguage":"es","potentialAction":[{"@type":"ReadAction","target":["https:\/\/www.eldiario.net\/portal\/2025\/02\/08\/sentencia-de-tres-anos-por-el-caso-tunas-genera-criticas\/"]}]},{"@type":"ImageObject","inLanguage":"es","@id":"https:\/\/www.eldiario.net\/portal\/2025\/02\/08\/sentencia-de-tres-anos-por-el-caso-tunas-genera-criticas\/#primaryimage","url":"https:\/\/www.eldiario.net\/portal\/wp-content\/uploads\/2025\/02\/8-TUNA.jpg","contentUrl":"https:\/\/www.eldiario.net\/portal\/wp-content\/uploads\/2025\/02\/8-TUNA.jpg","width":1200,"height":700,"caption":"El hecho se registr\u00f3 en video y fue ampliamente difundido en redes sociales. Cr\u00e9ditos: Captura"},{"@type":"BreadcrumbList","@id":"https:\/\/www.eldiario.net\/portal\/2025\/02\/08\/sentencia-de-tres-anos-por-el-caso-tunas-genera-criticas\/#breadcrumb","itemListElement":[{"@type":"ListItem","position":1,"name":"Portada","item":"https:\/\/www.eldiario.net\/portal\/"},{"@type":"ListItem","position":2,"name":"Sentencia de tres a\u00f1os por el caso \u201ctunas\u201d genera cr\u00edticas"}]},{"@type":"WebSite","@id":"https:\/\/www.eldiario.net\/portal\/#website","url":"https:\/\/www.eldiario.net\/portal\/","name":"El Diario - Decano de la prensa nacional","description":"El Diario - Decano de la prensa nacional","publisher":{"@id":"https:\/\/www.eldiario.net\/portal\/#organization"},"potentialAction":[{"@type":"SearchAction","target":{"@type":"EntryPoint","urlTemplate":"https:\/\/www.eldiario.net\/portal\/?s={search_term_string}"},"query-input":{"@type":"PropertyValueSpecification","valueRequired":true,"valueName":"search_term_string"}}],"inLanguage":"es"},{"@type":"Organization","@id":"https:\/\/www.eldiario.net\/portal\/#organization","name":"El Diario - Decano de la prensa nacional","url":"https:\/\/www.eldiario.net\/portal\/","logo":{"@type":"ImageObject","inLanguage":"es","@id":"https:\/\/www.eldiario.net\/portal\/#\/schema\/logo\/image\/","url":"https:\/\/www.eldiario.net\/portal\/wp-content\/uploads\/2023\/07\/logo_ED.jpg","contentUrl":"https:\/\/www.eldiario.net\/portal\/wp-content\/uploads\/2023\/07\/logo_ED.jpg","width":272,"height":52,"caption":"El Diario - Decano de la prensa nacional"},"image":{"@id":"https:\/\/www.eldiario.net\/portal\/#\/schema\/logo\/image\/"},"sameAs":["https:\/\/www.facebook.com\/eldiario.bolivia\/","https:\/\/x.com\/eldiario_net"]},{"@type":"Person","@id":"https:\/\/www.eldiario.net\/portal\/#\/schema\/person\/f46445640444750d7d753ccd04ae01b7","name":"Jeanette","image":{"@type":"ImageObject","inLanguage":"es","@id":"https:\/\/secure.gravatar.com\/avatar\/3ea2118a5f7dad2b7138b1187a6b7ee55f160b9968b66013c3a3ef39dd7e5798?s=96&d=mm&r=g","url":"https:\/\/secure.gravatar.com\/avatar\/3ea2118a5f7dad2b7138b1187a6b7ee55f160b9968b66013c3a3ef39dd7e5798?s=96&d=mm&r=g","contentUrl":"https:\/\/secure.gravatar.com\/avatar\/3ea2118a5f7dad2b7138b1187a6b7ee55f160b9968b66013c3a3ef39dd7e5798?s=96&d=mm&r=g","caption":"Jeanette"},"sameAs":["https:\/\/www.eldiario.net\/portal"],"url":"https:\/\/www.eldiario.net\/portal\/author\/jeanette\/"}]}},"_links":{"self":[{"href":"https:\/\/www.eldiario.net\/portal\/wp-json\/wp\/v2\/posts\/280264","targetHints":{"allow":["GET"]}}],"collection":[{"href":"https:\/\/www.eldiario.net\/portal\/wp-json\/wp\/v2\/posts"}],"about":[{"href":"https:\/\/www.eldiario.net\/portal\/wp-json\/wp\/v2\/types\/post"}],"author":[{"embeddable":true,"href":"https:\/\/www.eldiario.net\/portal\/wp-json\/wp\/v2\/users\/1"}],"replies":[{"embeddable":true,"href":"https:\/\/www.eldiario.net\/portal\/wp-json\/wp\/v2\/comments?post=280264"}],"version-history":[{"count":1,"href":"https:\/\/www.eldiario.net\/portal\/wp-json\/wp\/v2\/posts\/280264\/revisions"}],"predecessor-version":[{"id":280266,"href":"https:\/\/www.eldiario.net\/portal\/wp-json\/wp\/v2\/posts\/280264\/revisions\/280266"}],"wp:featuredmedia":[{"embeddable":true,"href":"https:\/\/www.eldiario.net\/portal\/wp-json\/wp\/v2\/media\/280265"}],"wp:attachment":[{"href":"https:\/\/www.eldiario.net\/portal\/wp-json\/wp\/v2\/media?parent=280264"}],"wp:term":[{"taxonomy":"category","embeddable":true,"href":"https:\/\/www.eldiario.net\/portal\/wp-json\/wp\/v2\/categories?post=280264"},{"taxonomy":"post_tag","embeddable":true,"href":"https:\/\/www.eldiario.net\/portal\/wp-json\/wp\/v2\/tags?post=280264"}],"curies":[{"name":"wp","href":"https:\/\/api.w.org\/{rel}","templated":true}]}}