{"id":280261,"date":"2025-02-08T07:08:09","date_gmt":"2025-02-08T11:08:09","guid":{"rendered":"https:\/\/www.eldiario.net\/portal\/?p=280261"},"modified":"2025-02-08T07:08:09","modified_gmt":"2025-02-08T11:08:09","slug":"restituyen-a-uzquiano-como-jefe-de-area-protegida-de-beni","status":"publish","type":"post","link":"https:\/\/www.eldiario.net\/portal\/2025\/02\/08\/restituyen-a-uzquiano-como-jefe-de-area-protegida-de-beni\/","title":{"rendered":"Restituyen a Uzquiano como jefe de \u00e1rea protegida de Beni"},"content":{"rendered":"<p>El Servicio Nacional de \u00c1reas Protegidas (Sernap) restituy\u00f3 al guardaparques Marcos Uzquiano como jefe del \u00e1rea protegida Reserva Biol\u00f3gica y Bi\u00f3sfera del Beni. La decisi\u00f3n se dio a trav\u00e9s de un fallo de una sala Constitucional.<\/p>\n<p>El guardaparque fue destituido del cargo tras algunos cuestionamientos y denuncias que realiz\u00f3 al entonces director del SERNAP, Johnson Jim\u00e9nez. El despido de Uzquiano fue visto como un abuso del gobierno del presidente, Luis Arce, contra un funcionario que defiende al medioambiente.<\/p>\n<p>\u201cLa direcci\u00f3n administrativa financiera \u2013 Recursos humanos, en virtud a NIR-DIR\/RB-EBB\/001\/2025 emitida por la Direcci\u00f3n Reserva de Bi\u00f3sfera Estaci\u00f3n Biol\u00f3gica del Beni y RS N10\/2025 de 13 de enero de 2025 emitida por la Sala Constitucional Segunda del Departamento de La Paz se recomienda al servidor p\u00fablico Marcos Uzquiano, continuar cumpliendo sus funciones asignadas\u201d, indica una nota interna del Sernap.<\/p>\n<p>En un contacto con Br\u00fajula Digital, Uzquiano indic\u00f3 que con dicha nota se est\u00e1 formalizando su reincorporaci\u00f3n, pero que no es oficial porque existe una firma por parte del director de la instituci\u00f3n.<\/p>\n<p>\u201cM\u00e1s o menos lo que se est\u00e1 tratando de hacer con esta nota interna ser\u00eda regularizar mi reincorporaci\u00f3n, porque por parte del Sernap no hab\u00eda alguna comunicaci\u00f3n oficial. Sin embargo, falta el memor\u00e1ndum que solamente podr\u00eda firmarla el director ejecutivo\u201d, indic\u00f3 Uzquiano.<\/p>\n<p>\u201cCon esta nota solo est\u00e1n formalizado, regularizando el ingreso m\u00edo que hab\u00eda manifestado el memorial, pero a\u00fan no oficializa como debe corresponder. Es necesario anular el memor\u00e1ndum (de destituci\u00f3n) cosa que no se ha hecho, tambi\u00e9n deber\u00eda ser firmado por el director del Sernap\u201d, recalc\u00f3 el guardaparques y a\u00f1adi\u00f3 que \u201cla nota es v\u00e1lida para temas administrativos como los pagos de sueldos u otros tr\u00e1mites\u201d. (Br\u00fajula Digital)<\/p>\n","protected":false},"excerpt":{"rendered":"<p>El Servicio Nacional de \u00c1reas Protegidas (Sernap) restituy\u00f3 al guardaparques Marcos Uzquiano como jefe del \u00e1rea protegida Reserva Biol\u00f3gica y Bi\u00f3sfera del Beni. La decisi\u00f3n se dio a trav\u00e9s de un fallo de una sala Constitucional. El guardaparque fue destituido del cargo tras algunos cuestionamientos y denuncias que realiz\u00f3 al entonces director del SERNAP, Johnson [&hellip;]<\/p>\n","protected":false},"author":1,"featured_media":280262,"comment_status":"closed","ping_status":"open","sticky":false,"template":"","format":"standard","meta":{"_acf_changed":false,"footnotes":""},"categories":[39],"tags":[],"class_list":["post-280261","post","type-post","status-publish","format-standard","has-post-thumbnail","category-sociedad"],"acf":{"antetitulo":"Sernap"},"yoast_head":"<!-- This site is optimized with the Yoast SEO plugin v28.3 - https:\/\/yoast.com\/product\/yoast-seo-wordpress\/ -->\n<title>Restituyen a Uzquiano como jefe de \u00e1rea protegida de Beni - El Diario - Bolivia<\/title>\n<meta name=\"robots\" content=\"index, follow, max-snippet:-1, max-image-preview:large, max-video-preview:-1\" \/>\n<link rel=\"canonical\" href=\"https:\/\/www.eldiario.net\/portal\/2025\/02\/08\/restituyen-a-uzquiano-como-jefe-de-area-protegida-de-beni\/\" \/>\n<meta property=\"og:locale\" content=\"es_ES\" \/>\n<meta property=\"og:type\" content=\"article\" \/>\n<meta property=\"og:title\" content=\"Restituyen a Uzquiano como jefe de \u00e1rea protegida de Beni - El Diario - Bolivia\" \/>\n<meta property=\"og:description\" content=\"El Servicio Nacional de \u00c1reas Protegidas (Sernap) restituy\u00f3 al guardaparques Marcos Uzquiano como jefe del \u00e1rea protegida Reserva Biol\u00f3gica y Bi\u00f3sfera del Beni. La decisi\u00f3n se dio a trav\u00e9s de un fallo de una sala Constitucional. El guardaparque fue destituido del cargo tras algunos cuestionamientos y denuncias que realiz\u00f3 al entonces director del SERNAP, Johnson [&hellip;]\" \/>\n<meta property=\"og:url\" content=\"https:\/\/www.eldiario.net\/portal\/2025\/02\/08\/restituyen-a-uzquiano-como-jefe-de-area-protegida-de-beni\/\" \/>\n<meta property=\"og:site_name\" content=\"El Diario - Bolivia\" \/>\n<meta property=\"article:publisher\" content=\"https:\/\/www.facebook.com\/eldiario.bolivia\/\" \/>\n<meta property=\"article:published_time\" content=\"2025-02-08T11:08:09+00:00\" \/>\n<meta property=\"og:image\" content=\"https:\/\/www.eldiario.net\/portal\/wp-content\/uploads\/2025\/02\/8-UZQ.jpg\" \/>\n\t<meta property=\"og:image:width\" content=\"720\" \/>\n\t<meta property=\"og:image:height\" content=\"400\" \/>\n\t<meta property=\"og:image:type\" content=\"image\/jpeg\" \/>\n<meta name=\"author\" content=\"Jeanette\" \/>\n<meta name=\"twitter:card\" content=\"summary_large_image\" \/>\n<meta name=\"twitter:creator\" content=\"@eldiario_net\" \/>\n<meta name=\"twitter:site\" content=\"@eldiario_net\" \/>\n<meta name=\"twitter:label1\" content=\"Escrito por\" \/>\n\t<meta name=\"twitter:data1\" content=\"Jeanette\" \/>\n\t<meta name=\"twitter:label2\" content=\"Tiempo de lectura\" \/>\n\t<meta name=\"twitter:data2\" content=\"2 minutos\" \/>\n<script type=\"application\/ld+json\" class=\"yoast-schema-graph\">{\"@context\":\"https:\\\/\\\/schema.org\",\"@graph\":[{\"@type\":\"Article\",\"@id\":\"https:\\\/\\\/www.eldiario.net\\\/portal\\\/2025\\\/02\\\/08\\\/restituyen-a-uzquiano-como-jefe-de-area-protegida-de-beni\\\/#article\",\"isPartOf\":{\"@id\":\"https:\\\/\\\/www.eldiario.net\\\/portal\\\/2025\\\/02\\\/08\\\/restituyen-a-uzquiano-como-jefe-de-area-protegida-de-beni\\\/\"},\"author\":{\"name\":\"Jeanette\",\"@id\":\"https:\\\/\\\/www.eldiario.net\\\/portal\\\/#\\\/schema\\\/person\\\/f46445640444750d7d753ccd04ae01b7\"},\"headline\":\"Restituyen a Uzquiano como jefe de \u00e1rea protegida de Beni\",\"datePublished\":\"2025-02-08T11:08:09+00:00\",\"mainEntityOfPage\":{\"@id\":\"https:\\\/\\\/www.eldiario.net\\\/portal\\\/2025\\\/02\\\/08\\\/restituyen-a-uzquiano-como-jefe-de-area-protegida-de-beni\\\/\"},\"wordCount\":321,\"publisher\":{\"@id\":\"https:\\\/\\\/www.eldiario.net\\\/portal\\\/#organization\"},\"image\":{\"@id\":\"https:\\\/\\\/www.eldiario.net\\\/portal\\\/2025\\\/02\\\/08\\\/restituyen-a-uzquiano-como-jefe-de-area-protegida-de-beni\\\/#primaryimage\"},\"thumbnailUrl\":\"https:\\\/\\\/www.eldiario.net\\\/portal\\\/wp-content\\\/uploads\\\/2025\\\/02\\\/8-UZQ.jpg\",\"articleSection\":[\"Sociedad - Seguridad\"],\"inLanguage\":\"es\"},{\"@type\":\"WebPage\",\"@id\":\"https:\\\/\\\/www.eldiario.net\\\/portal\\\/2025\\\/02\\\/08\\\/restituyen-a-uzquiano-como-jefe-de-area-protegida-de-beni\\\/\",\"url\":\"https:\\\/\\\/www.eldiario.net\\\/portal\\\/2025\\\/02\\\/08\\\/restituyen-a-uzquiano-como-jefe-de-area-protegida-de-beni\\\/\",\"name\":\"Restituyen a Uzquiano como jefe de \u00e1rea protegida de Beni - El Diario - Bolivia\",\"isPartOf\":{\"@id\":\"https:\\\/\\\/www.eldiario.net\\\/portal\\\/#website\"},\"primaryImageOfPage\":{\"@id\":\"https:\\\/\\\/www.eldiario.net\\\/portal\\\/2025\\\/02\\\/08\\\/restituyen-a-uzquiano-como-jefe-de-area-protegida-de-beni\\\/#primaryimage\"},\"image\":{\"@id\":\"https:\\\/\\\/www.eldiario.net\\\/portal\\\/2025\\\/02\\\/08\\\/restituyen-a-uzquiano-como-jefe-de-area-protegida-de-beni\\\/#primaryimage\"},\"thumbnailUrl\":\"https:\\\/\\\/www.eldiario.net\\\/portal\\\/wp-content\\\/uploads\\\/2025\\\/02\\\/8-UZQ.jpg\",\"datePublished\":\"2025-02-08T11:08:09+00:00\",\"breadcrumb\":{\"@id\":\"https:\\\/\\\/www.eldiario.net\\\/portal\\\/2025\\\/02\\\/08\\\/restituyen-a-uzquiano-como-jefe-de-area-protegida-de-beni\\\/#breadcrumb\"},\"inLanguage\":\"es\",\"potentialAction\":[{\"@type\":\"ReadAction\",\"target\":[\"https:\\\/\\\/www.eldiario.net\\\/portal\\\/2025\\\/02\\\/08\\\/restituyen-a-uzquiano-como-jefe-de-area-protegida-de-beni\\\/\"]}]},{\"@type\":\"ImageObject\",\"inLanguage\":\"es\",\"@id\":\"https:\\\/\\\/www.eldiario.net\\\/portal\\\/2025\\\/02\\\/08\\\/restituyen-a-uzquiano-como-jefe-de-area-protegida-de-beni\\\/#primaryimage\",\"url\":\"https:\\\/\\\/www.eldiario.net\\\/portal\\\/wp-content\\\/uploads\\\/2025\\\/02\\\/8-UZQ.jpg\",\"contentUrl\":\"https:\\\/\\\/www.eldiario.net\\\/portal\\\/wp-content\\\/uploads\\\/2025\\\/02\\\/8-UZQ.jpg\",\"width\":720,\"height\":400,\"caption\":\"Guardaparques, Marcos Uzquiano. Cr\u00e9ditos: RRSS\"},{\"@type\":\"BreadcrumbList\",\"@id\":\"https:\\\/\\\/www.eldiario.net\\\/portal\\\/2025\\\/02\\\/08\\\/restituyen-a-uzquiano-como-jefe-de-area-protegida-de-beni\\\/#breadcrumb\",\"itemListElement\":[{\"@type\":\"ListItem\",\"position\":1,\"name\":\"Portada\",\"item\":\"https:\\\/\\\/www.eldiario.net\\\/portal\\\/\"},{\"@type\":\"ListItem\",\"position\":2,\"name\":\"Restituyen a Uzquiano como jefe de \u00e1rea protegida de Beni\"}]},{\"@type\":\"WebSite\",\"@id\":\"https:\\\/\\\/www.eldiario.net\\\/portal\\\/#website\",\"url\":\"https:\\\/\\\/www.eldiario.net\\\/portal\\\/\",\"name\":\"El Diario - Decano de la prensa nacional\",\"description\":\"El Diario - Decano de la prensa nacional\",\"publisher\":{\"@id\":\"https:\\\/\\\/www.eldiario.net\\\/portal\\\/#organization\"},\"potentialAction\":[{\"@type\":\"SearchAction\",\"target\":{\"@type\":\"EntryPoint\",\"urlTemplate\":\"https:\\\/\\\/www.eldiario.net\\\/portal\\\/?s={search_term_string}\"},\"query-input\":{\"@type\":\"PropertyValueSpecification\",\"valueRequired\":true,\"valueName\":\"search_term_string\"}}],\"inLanguage\":\"es\"},{\"@type\":\"Organization\",\"@id\":\"https:\\\/\\\/www.eldiario.net\\\/portal\\\/#organization\",\"name\":\"El Diario - Decano de la prensa nacional\",\"url\":\"https:\\\/\\\/www.eldiario.net\\\/portal\\\/\",\"logo\":{\"@type\":\"ImageObject\",\"inLanguage\":\"es\",\"@id\":\"https:\\\/\\\/www.eldiario.net\\\/portal\\\/#\\\/schema\\\/logo\\\/image\\\/\",\"url\":\"https:\\\/\\\/www.eldiario.net\\\/portal\\\/wp-content\\\/uploads\\\/2023\\\/07\\\/logo_ED.jpg\",\"contentUrl\":\"https:\\\/\\\/www.eldiario.net\\\/portal\\\/wp-content\\\/uploads\\\/2023\\\/07\\\/logo_ED.jpg\",\"width\":272,\"height\":52,\"caption\":\"El Diario - Decano de la prensa nacional\"},\"image\":{\"@id\":\"https:\\\/\\\/www.eldiario.net\\\/portal\\\/#\\\/schema\\\/logo\\\/image\\\/\"},\"sameAs\":[\"https:\\\/\\\/www.facebook.com\\\/eldiario.bolivia\\\/\",\"https:\\\/\\\/x.com\\\/eldiario_net\"]},{\"@type\":\"Person\",\"@id\":\"https:\\\/\\\/www.eldiario.net\\\/portal\\\/#\\\/schema\\\/person\\\/f46445640444750d7d753ccd04ae01b7\",\"name\":\"Jeanette\",\"image\":{\"@type\":\"ImageObject\",\"inLanguage\":\"es\",\"@id\":\"https:\\\/\\\/secure.gravatar.com\\\/avatar\\\/3ea2118a5f7dad2b7138b1187a6b7ee55f160b9968b66013c3a3ef39dd7e5798?s=96&d=mm&r=g\",\"url\":\"https:\\\/\\\/secure.gravatar.com\\\/avatar\\\/3ea2118a5f7dad2b7138b1187a6b7ee55f160b9968b66013c3a3ef39dd7e5798?s=96&d=mm&r=g\",\"contentUrl\":\"https:\\\/\\\/secure.gravatar.com\\\/avatar\\\/3ea2118a5f7dad2b7138b1187a6b7ee55f160b9968b66013c3a3ef39dd7e5798?s=96&d=mm&r=g\",\"caption\":\"Jeanette\"},\"sameAs\":[\"https:\\\/\\\/www.eldiario.net\\\/portal\"],\"url\":\"https:\\\/\\\/www.eldiario.net\\\/portal\\\/author\\\/jeanette\\\/\"}]}<\/script>\n<!-- \/ Yoast SEO plugin. -->","yoast_head_json":{"title":"Restituyen a Uzquiano como jefe de \u00e1rea protegida de Beni - El Diario - Bolivia","robots":{"index":"index","follow":"follow","max-snippet":"max-snippet:-1","max-image-preview":"max-image-preview:large","max-video-preview":"max-video-preview:-1"},"canonical":"https:\/\/www.eldiario.net\/portal\/2025\/02\/08\/restituyen-a-uzquiano-como-jefe-de-area-protegida-de-beni\/","og_locale":"es_ES","og_type":"article","og_title":"Restituyen a Uzquiano como jefe de \u00e1rea protegida de Beni - El Diario - Bolivia","og_description":"El Servicio Nacional de \u00c1reas Protegidas (Sernap) restituy\u00f3 al guardaparques Marcos Uzquiano como jefe del \u00e1rea protegida Reserva Biol\u00f3gica y Bi\u00f3sfera del Beni. La decisi\u00f3n se dio a trav\u00e9s de un fallo de una sala Constitucional. El guardaparque fue destituido del cargo tras algunos cuestionamientos y denuncias que realiz\u00f3 al entonces director del SERNAP, Johnson [&hellip;]","og_url":"https:\/\/www.eldiario.net\/portal\/2025\/02\/08\/restituyen-a-uzquiano-como-jefe-de-area-protegida-de-beni\/","og_site_name":"El Diario - Bolivia","article_publisher":"https:\/\/www.facebook.com\/eldiario.bolivia\/","article_published_time":"2025-02-08T11:08:09+00:00","og_image":[{"width":720,"height":400,"url":"https:\/\/www.eldiario.net\/portal\/wp-content\/uploads\/2025\/02\/8-UZQ.jpg","type":"image\/jpeg"}],"author":"Jeanette","twitter_card":"summary_large_image","twitter_creator":"@eldiario_net","twitter_site":"@eldiario_net","twitter_misc":{"Escrito por":"Jeanette","Tiempo de lectura":"2 minutos"},"schema":{"@context":"https:\/\/schema.org","@graph":[{"@type":"Article","@id":"https:\/\/www.eldiario.net\/portal\/2025\/02\/08\/restituyen-a-uzquiano-como-jefe-de-area-protegida-de-beni\/#article","isPartOf":{"@id":"https:\/\/www.eldiario.net\/portal\/2025\/02\/08\/restituyen-a-uzquiano-como-jefe-de-area-protegida-de-beni\/"},"author":{"name":"Jeanette","@id":"https:\/\/www.eldiario.net\/portal\/#\/schema\/person\/f46445640444750d7d753ccd04ae01b7"},"headline":"Restituyen a Uzquiano como jefe de \u00e1rea protegida de Beni","datePublished":"2025-02-08T11:08:09+00:00","mainEntityOfPage":{"@id":"https:\/\/www.eldiario.net\/portal\/2025\/02\/08\/restituyen-a-uzquiano-como-jefe-de-area-protegida-de-beni\/"},"wordCount":321,"publisher":{"@id":"https:\/\/www.eldiario.net\/portal\/#organization"},"image":{"@id":"https:\/\/www.eldiario.net\/portal\/2025\/02\/08\/restituyen-a-uzquiano-como-jefe-de-area-protegida-de-beni\/#primaryimage"},"thumbnailUrl":"https:\/\/www.eldiario.net\/portal\/wp-content\/uploads\/2025\/02\/8-UZQ.jpg","articleSection":["Sociedad - Seguridad"],"inLanguage":"es"},{"@type":"WebPage","@id":"https:\/\/www.eldiario.net\/portal\/2025\/02\/08\/restituyen-a-uzquiano-como-jefe-de-area-protegida-de-beni\/","url":"https:\/\/www.eldiario.net\/portal\/2025\/02\/08\/restituyen-a-uzquiano-como-jefe-de-area-protegida-de-beni\/","name":"Restituyen a Uzquiano como jefe de \u00e1rea protegida de Beni - El Diario - Bolivia","isPartOf":{"@id":"https:\/\/www.eldiario.net\/portal\/#website"},"primaryImageOfPage":{"@id":"https:\/\/www.eldiario.net\/portal\/2025\/02\/08\/restituyen-a-uzquiano-como-jefe-de-area-protegida-de-beni\/#primaryimage"},"image":{"@id":"https:\/\/www.eldiario.net\/portal\/2025\/02\/08\/restituyen-a-uzquiano-como-jefe-de-area-protegida-de-beni\/#primaryimage"},"thumbnailUrl":"https:\/\/www.eldiario.net\/portal\/wp-content\/uploads\/2025\/02\/8-UZQ.jpg","datePublished":"2025-02-08T11:08:09+00:00","breadcrumb":{"@id":"https:\/\/www.eldiario.net\/portal\/2025\/02\/08\/restituyen-a-uzquiano-como-jefe-de-area-protegida-de-beni\/#breadcrumb"},"inLanguage":"es","potentialAction":[{"@type":"ReadAction","target":["https:\/\/www.eldiario.net\/portal\/2025\/02\/08\/restituyen-a-uzquiano-como-jefe-de-area-protegida-de-beni\/"]}]},{"@type":"ImageObject","inLanguage":"es","@id":"https:\/\/www.eldiario.net\/portal\/2025\/02\/08\/restituyen-a-uzquiano-como-jefe-de-area-protegida-de-beni\/#primaryimage","url":"https:\/\/www.eldiario.net\/portal\/wp-content\/uploads\/2025\/02\/8-UZQ.jpg","contentUrl":"https:\/\/www.eldiario.net\/portal\/wp-content\/uploads\/2025\/02\/8-UZQ.jpg","width":720,"height":400,"caption":"Guardaparques, Marcos Uzquiano. Cr\u00e9ditos: RRSS"},{"@type":"BreadcrumbList","@id":"https:\/\/www.eldiario.net\/portal\/2025\/02\/08\/restituyen-a-uzquiano-como-jefe-de-area-protegida-de-beni\/#breadcrumb","itemListElement":[{"@type":"ListItem","position":1,"name":"Portada","item":"https:\/\/www.eldiario.net\/portal\/"},{"@type":"ListItem","position":2,"name":"Restituyen a Uzquiano como jefe de \u00e1rea protegida de Beni"}]},{"@type":"WebSite","@id":"https:\/\/www.eldiario.net\/portal\/#website","url":"https:\/\/www.eldiario.net\/portal\/","name":"El Diario - Decano de la prensa nacional","description":"El Diario - Decano de la prensa nacional","publisher":{"@id":"https:\/\/www.eldiario.net\/portal\/#organization"},"potentialAction":[{"@type":"SearchAction","target":{"@type":"EntryPoint","urlTemplate":"https:\/\/www.eldiario.net\/portal\/?s={search_term_string}"},"query-input":{"@type":"PropertyValueSpecification","valueRequired":true,"valueName":"search_term_string"}}],"inLanguage":"es"},{"@type":"Organization","@id":"https:\/\/www.eldiario.net\/portal\/#organization","name":"El Diario - Decano de la prensa nacional","url":"https:\/\/www.eldiario.net\/portal\/","logo":{"@type":"ImageObject","inLanguage":"es","@id":"https:\/\/www.eldiario.net\/portal\/#\/schema\/logo\/image\/","url":"https:\/\/www.eldiario.net\/portal\/wp-content\/uploads\/2023\/07\/logo_ED.jpg","contentUrl":"https:\/\/www.eldiario.net\/portal\/wp-content\/uploads\/2023\/07\/logo_ED.jpg","width":272,"height":52,"caption":"El Diario - Decano de la prensa nacional"},"image":{"@id":"https:\/\/www.eldiario.net\/portal\/#\/schema\/logo\/image\/"},"sameAs":["https:\/\/www.facebook.com\/eldiario.bolivia\/","https:\/\/x.com\/eldiario_net"]},{"@type":"Person","@id":"https:\/\/www.eldiario.net\/portal\/#\/schema\/person\/f46445640444750d7d753ccd04ae01b7","name":"Jeanette","image":{"@type":"ImageObject","inLanguage":"es","@id":"https:\/\/secure.gravatar.com\/avatar\/3ea2118a5f7dad2b7138b1187a6b7ee55f160b9968b66013c3a3ef39dd7e5798?s=96&d=mm&r=g","url":"https:\/\/secure.gravatar.com\/avatar\/3ea2118a5f7dad2b7138b1187a6b7ee55f160b9968b66013c3a3ef39dd7e5798?s=96&d=mm&r=g","contentUrl":"https:\/\/secure.gravatar.com\/avatar\/3ea2118a5f7dad2b7138b1187a6b7ee55f160b9968b66013c3a3ef39dd7e5798?s=96&d=mm&r=g","caption":"Jeanette"},"sameAs":["https:\/\/www.eldiario.net\/portal"],"url":"https:\/\/www.eldiario.net\/portal\/author\/jeanette\/"}]}},"_links":{"self":[{"href":"https:\/\/www.eldiario.net\/portal\/wp-json\/wp\/v2\/posts\/280261","targetHints":{"allow":["GET"]}}],"collection":[{"href":"https:\/\/www.eldiario.net\/portal\/wp-json\/wp\/v2\/posts"}],"about":[{"href":"https:\/\/www.eldiario.net\/portal\/wp-json\/wp\/v2\/types\/post"}],"author":[{"embeddable":true,"href":"https:\/\/www.eldiario.net\/portal\/wp-json\/wp\/v2\/users\/1"}],"replies":[{"embeddable":true,"href":"https:\/\/www.eldiario.net\/portal\/wp-json\/wp\/v2\/comments?post=280261"}],"version-history":[{"count":1,"href":"https:\/\/www.eldiario.net\/portal\/wp-json\/wp\/v2\/posts\/280261\/revisions"}],"predecessor-version":[{"id":280263,"href":"https:\/\/www.eldiario.net\/portal\/wp-json\/wp\/v2\/posts\/280261\/revisions\/280263"}],"wp:featuredmedia":[{"embeddable":true,"href":"https:\/\/www.eldiario.net\/portal\/wp-json\/wp\/v2\/media\/280262"}],"wp:attachment":[{"href":"https:\/\/www.eldiario.net\/portal\/wp-json\/wp\/v2\/media?parent=280261"}],"wp:term":[{"taxonomy":"category","embeddable":true,"href":"https:\/\/www.eldiario.net\/portal\/wp-json\/wp\/v2\/categories?post=280261"},{"taxonomy":"post_tag","embeddable":true,"href":"https:\/\/www.eldiario.net\/portal\/wp-json\/wp\/v2\/tags?post=280261"}],"curies":[{"name":"wp","href":"https:\/\/api.w.org\/{rel}","templated":true}]}}