{"id":280255,"date":"2025-02-08T07:05:06","date_gmt":"2025-02-08T11:05:06","guid":{"rendered":"https:\/\/www.eldiario.net\/portal\/?p=280255"},"modified":"2025-02-08T07:05:06","modified_gmt":"2025-02-08T11:05:06","slug":"reclamo-por-mineria-aurifera-en-cuencas-debe-tener-interes-legitimo","status":"publish","type":"post","link":"https:\/\/www.eldiario.net\/portal\/2025\/02\/08\/reclamo-por-mineria-aurifera-en-cuencas-debe-tener-interes-legitimo\/","title":{"rendered":"Reclamo por miner\u00eda aur\u00edfera en  cuencas debe tener \u201cinter\u00e9s leg\u00edtimo\u201d"},"content":{"rendered":"<p>A d\u00edas de haber sido posesionada en el cargo, la nueva directora de la Autoridad Jurisdiccional Administrativa Minera (AJAM), Ana Cameo Torrez, exigi\u00f3 demostrar el \u201cinter\u00e9s leg\u00edtimo\u201d al abogado Jaime Cu\u00e9llar, por denunciar miner\u00eda aur\u00edfera ilegal y la paralizaci\u00f3n de otorgaci\u00f3n de contratos mineros en cuencas y r\u00edos de los municipios de Yanacachi, Coripata de Sur y Nor Yungas.<br \/>\n\u201cCon relaci\u00f3n a los tr\u00e1mites de otorgaci\u00f3n de derechos mineros a los cuales hace referencia, se solicita acredite su inter\u00e9s leg\u00edtimo, conforme lo prev\u00e9 el par\u00e1grafo I del art\u00edculo 11 de la Ley 2341 de Procedimiento Administrativo de 23 de abril de 2002\u201d, se\u00f1ala en partes salientes de la respuesta de la AJAM.<br \/>\nAnte la respuesta con CITE: AJAM\/DESP\/NE\/140\/2025 de 31 de enero de 2025, el abogado lament\u00f3 la inacci\u00f3n de la autoridad minera y la calific\u00f3 como \u201cun golpe al medioambiente y la sostenibilidad de Bolivia\u201d.<br \/>\n\u201cLa falta de aplicaci\u00f3n del art\u00edculo 93, par\u00e1grafo II, inciso c) de la Ley de Miner\u00eda y Metalurgia por parte de la AJAM ha puesto de manifiesto una preocupante realidad; el medioambiente en el pa\u00eds enfrenta amenazas cr\u00edticas debido a la negligencia institucional. Esta situaci\u00f3n se evidencia de manera clara y objetiva\u201d, expres\u00f3.<br \/>\nEn an\u00e1lisis del jurista, este incumplimiento no solo afecta los derechos fundamentales de los ciudadanos, sino que tambi\u00e9n refleja un modelo de saqueo irracional de los recursos naturales que compromete gravemente el desarrollo sostenible del pa\u00eds.<br \/>\nEl art\u00edculo 93 de la Ley de Miner\u00eda establece restricciones claras para evitar actividades mineras que puedan generar impactos negativos sobre zonas de alto valor ambiental, social o cultural.<br \/>\n\u201cSin embargo, la inacci\u00f3n de la AJAM en su aplicaci\u00f3n ha sido constante, permitiendo que las actividades mineras contin\u00faen sin supervisi\u00f3n adecuada, incluso en \u00e1reas protegidas y territorios de importancia ecol\u00f3gica\u201d, asever\u00f3.<br \/>\nEn la relaci\u00f3n de hechos, Cu\u00e9llar expone en su nota, que el 23 de septiembre de 2024, puso en conocimiento de la AJAM informaci\u00f3n en la cual se identificaron varias \u00e1reas mineras, unas con solicitud de contrato administrativo minero y otras en solicitud de licencias de prospecci\u00f3n y exploraci\u00f3n en \u00e1reas mineras sobrepuestas a las comunidades de Machacamarca, Chacala y Moreja, afectadas por el uso de sus aguas para la actividad minera.<br \/>\n\u201cSiendo estas \u00e1reas pretendidas por la Empresa Minera Marjcaliz S.R.L., con una extensi\u00f3n solicitada de 315 cuadr\u00edculas (7.875 hect\u00e1reas) \u00e1rea por dem\u00e1s exponer, denominada Apex Gold Santander I, ubicadas en el departamento de La Paz; provincias Nor y Sud Yungas, en los municipios de Coripata y Yanacachi y por otro lado las \u00e1reas Chac\u00f3n II y Chac\u00f3n III, solicitadas por la cooperativa debidamente identificada ante su autoridad\u201d, justific\u00f3.<br \/>\nCon el prop\u00f3sito de dar curso a la denuncia por explotaci\u00f3n ilegal de oro, Cu\u00e9llar record\u00f3 que solicit\u00f3 la identificaci\u00f3n del \u00e1rea.<br \/>\n\u201cDebo reiterar que en estas \u00e1reas en solicitud y sin ning\u00fan derecho otorgado, existe presencia de ciudadanos extranjeros realizando actividades mineras que fueron puestas en conocimiento del Director Departamental La Paz en fecha 20 de diciembre de 2024\u201d, mencion\u00f3.<br \/>\nEn ese contexto, dijo que recibi\u00f3 la respuesta AJAMD-LP\/DD\/NEX\/1307\/2024, en el que se se\u00f1ala que no se cuenta con derecho otorgado, muy en especial en las \u00e1reas colindantes a las cuencas y fuentes de agua, en las \u00e1reas mineras denominadas \u201cApex Gold Santander I\u201d, Chac\u00f3n II y \u201cChac\u00f3n III.<br \/>\nLa Constituci\u00f3n Pol\u00edtica del Estado (CPE) consagra en su art\u00edculo 33, el derecho de toda persona a un medioambiente sano, recordando con ello a la Directora Ejecutiva de la AJAM, que la norma suprema est\u00e1 por encima de la propia ley 2341 referida en la nota enunciada, equilibrado y adecuado para el desarrollo de la vida.<br \/>\nEste derecho no es solo un enunciado, sino una garant\u00eda que faculta a cualquier ciudadano para denunciar actos que vulneren este principio fundamental. Adem\u00e1s, el art\u00edculo 38 de la Ley 1333 de Medio Ambiente otorga a las personas la posibilidad de intervenir activamente en la defensa de los recursos naturales. (ANA)<\/p>\n","protected":false},"excerpt":{"rendered":"<p>A d\u00edas de haber sido posesionada en el cargo, la nueva directora de la Autoridad Jurisdiccional Administrativa Minera (AJAM), Ana Cameo Torrez, exigi\u00f3 demostrar el \u201cinter\u00e9s leg\u00edtimo\u201d al abogado Jaime Cu\u00e9llar, por denunciar miner\u00eda aur\u00edfera ilegal y la paralizaci\u00f3n de otorgaci\u00f3n de contratos mineros en cuencas y r\u00edos de los municipios de Yanacachi, Coripata de [&hellip;]<\/p>\n","protected":false},"author":1,"featured_media":280256,"comment_status":"closed","ping_status":"open","sticky":false,"template":"","format":"standard","meta":{"_acf_changed":false,"footnotes":""},"categories":[12],"tags":[],"class_list":["post-280255","post","type-post","status-publish","format-standard","has-post-thumbnail","category-nacional"],"acf":{"antetitulo":"Directora de la AJAM asegura"},"yoast_head":"<!-- This site is optimized with the Yoast SEO plugin v28.3 - https:\/\/yoast.com\/product\/yoast-seo-wordpress\/ -->\n<title>Reclamo por miner\u00eda aur\u00edfera en cuencas debe tener \u201cinter\u00e9s leg\u00edtimo\u201d - El Diario - Bolivia<\/title>\n<meta name=\"robots\" content=\"index, follow, max-snippet:-1, max-image-preview:large, max-video-preview:-1\" \/>\n<link rel=\"canonical\" href=\"https:\/\/www.eldiario.net\/portal\/2025\/02\/08\/reclamo-por-mineria-aurifera-en-cuencas-debe-tener-interes-legitimo\/\" \/>\n<meta property=\"og:locale\" content=\"es_ES\" \/>\n<meta property=\"og:type\" content=\"article\" \/>\n<meta property=\"og:title\" content=\"Reclamo por miner\u00eda aur\u00edfera en cuencas debe tener \u201cinter\u00e9s leg\u00edtimo\u201d - El Diario - Bolivia\" \/>\n<meta property=\"og:description\" content=\"A d\u00edas de haber sido posesionada en el cargo, la nueva directora de la Autoridad Jurisdiccional Administrativa Minera (AJAM), Ana Cameo Torrez, exigi\u00f3 demostrar el \u201cinter\u00e9s leg\u00edtimo\u201d al abogado Jaime Cu\u00e9llar, por denunciar miner\u00eda aur\u00edfera ilegal y la paralizaci\u00f3n de otorgaci\u00f3n de contratos mineros en cuencas y r\u00edos de los municipios de Yanacachi, Coripata de [&hellip;]\" \/>\n<meta property=\"og:url\" content=\"https:\/\/www.eldiario.net\/portal\/2025\/02\/08\/reclamo-por-mineria-aurifera-en-cuencas-debe-tener-interes-legitimo\/\" \/>\n<meta property=\"og:site_name\" content=\"El Diario - Bolivia\" \/>\n<meta property=\"article:publisher\" content=\"https:\/\/www.facebook.com\/eldiario.bolivia\/\" \/>\n<meta property=\"article:published_time\" content=\"2025-02-08T11:05:06+00:00\" \/>\n<meta property=\"og:image\" content=\"https:\/\/www.eldiario.net\/portal\/wp-content\/uploads\/2025\/02\/70-NAL-1.jpg\" \/>\n\t<meta property=\"og:image:width\" content=\"778\" \/>\n\t<meta property=\"og:image:height\" content=\"468\" \/>\n\t<meta property=\"og:image:type\" content=\"image\/jpeg\" \/>\n<meta name=\"author\" content=\"Jeanette\" \/>\n<meta name=\"twitter:card\" content=\"summary_large_image\" \/>\n<meta name=\"twitter:creator\" content=\"@eldiario_net\" \/>\n<meta name=\"twitter:site\" content=\"@eldiario_net\" \/>\n<meta name=\"twitter:label1\" content=\"Escrito por\" \/>\n\t<meta name=\"twitter:data1\" content=\"Jeanette\" \/>\n\t<meta name=\"twitter:label2\" content=\"Tiempo de lectura\" \/>\n\t<meta name=\"twitter:data2\" content=\"3 minutos\" \/>\n<script type=\"application\/ld+json\" class=\"yoast-schema-graph\">{\"@context\":\"https:\\\/\\\/schema.org\",\"@graph\":[{\"@type\":\"Article\",\"@id\":\"https:\\\/\\\/www.eldiario.net\\\/portal\\\/2025\\\/02\\\/08\\\/reclamo-por-mineria-aurifera-en-cuencas-debe-tener-interes-legitimo\\\/#article\",\"isPartOf\":{\"@id\":\"https:\\\/\\\/www.eldiario.net\\\/portal\\\/2025\\\/02\\\/08\\\/reclamo-por-mineria-aurifera-en-cuencas-debe-tener-interes-legitimo\\\/\"},\"author\":{\"name\":\"Jeanette\",\"@id\":\"https:\\\/\\\/www.eldiario.net\\\/portal\\\/#\\\/schema\\\/person\\\/f46445640444750d7d753ccd04ae01b7\"},\"headline\":\"Reclamo por miner\u00eda aur\u00edfera en cuencas debe tener \u201cinter\u00e9s leg\u00edtimo\u201d\",\"datePublished\":\"2025-02-08T11:05:06+00:00\",\"mainEntityOfPage\":{\"@id\":\"https:\\\/\\\/www.eldiario.net\\\/portal\\\/2025\\\/02\\\/08\\\/reclamo-por-mineria-aurifera-en-cuencas-debe-tener-interes-legitimo\\\/\"},\"wordCount\":715,\"publisher\":{\"@id\":\"https:\\\/\\\/www.eldiario.net\\\/portal\\\/#organization\"},\"image\":{\"@id\":\"https:\\\/\\\/www.eldiario.net\\\/portal\\\/2025\\\/02\\\/08\\\/reclamo-por-mineria-aurifera-en-cuencas-debe-tener-interes-legitimo\\\/#primaryimage\"},\"thumbnailUrl\":\"https:\\\/\\\/www.eldiario.net\\\/portal\\\/wp-content\\\/uploads\\\/2025\\\/02\\\/70-NAL-1.jpg\",\"articleSection\":[\"Nacional\"],\"inLanguage\":\"es\"},{\"@type\":\"WebPage\",\"@id\":\"https:\\\/\\\/www.eldiario.net\\\/portal\\\/2025\\\/02\\\/08\\\/reclamo-por-mineria-aurifera-en-cuencas-debe-tener-interes-legitimo\\\/\",\"url\":\"https:\\\/\\\/www.eldiario.net\\\/portal\\\/2025\\\/02\\\/08\\\/reclamo-por-mineria-aurifera-en-cuencas-debe-tener-interes-legitimo\\\/\",\"name\":\"Reclamo por miner\u00eda aur\u00edfera en cuencas debe tener \u201cinter\u00e9s leg\u00edtimo\u201d - El Diario - Bolivia\",\"isPartOf\":{\"@id\":\"https:\\\/\\\/www.eldiario.net\\\/portal\\\/#website\"},\"primaryImageOfPage\":{\"@id\":\"https:\\\/\\\/www.eldiario.net\\\/portal\\\/2025\\\/02\\\/08\\\/reclamo-por-mineria-aurifera-en-cuencas-debe-tener-interes-legitimo\\\/#primaryimage\"},\"image\":{\"@id\":\"https:\\\/\\\/www.eldiario.net\\\/portal\\\/2025\\\/02\\\/08\\\/reclamo-por-mineria-aurifera-en-cuencas-debe-tener-interes-legitimo\\\/#primaryimage\"},\"thumbnailUrl\":\"https:\\\/\\\/www.eldiario.net\\\/portal\\\/wp-content\\\/uploads\\\/2025\\\/02\\\/70-NAL-1.jpg\",\"datePublished\":\"2025-02-08T11:05:06+00:00\",\"breadcrumb\":{\"@id\":\"https:\\\/\\\/www.eldiario.net\\\/portal\\\/2025\\\/02\\\/08\\\/reclamo-por-mineria-aurifera-en-cuencas-debe-tener-interes-legitimo\\\/#breadcrumb\"},\"inLanguage\":\"es\",\"potentialAction\":[{\"@type\":\"ReadAction\",\"target\":[\"https:\\\/\\\/www.eldiario.net\\\/portal\\\/2025\\\/02\\\/08\\\/reclamo-por-mineria-aurifera-en-cuencas-debe-tener-interes-legitimo\\\/\"]}]},{\"@type\":\"ImageObject\",\"inLanguage\":\"es\",\"@id\":\"https:\\\/\\\/www.eldiario.net\\\/portal\\\/2025\\\/02\\\/08\\\/reclamo-por-mineria-aurifera-en-cuencas-debe-tener-interes-legitimo\\\/#primaryimage\",\"url\":\"https:\\\/\\\/www.eldiario.net\\\/portal\\\/wp-content\\\/uploads\\\/2025\\\/02\\\/70-NAL-1.jpg\",\"contentUrl\":\"https:\\\/\\\/www.eldiario.net\\\/portal\\\/wp-content\\\/uploads\\\/2025\\\/02\\\/70-NAL-1.jpg\",\"width\":778,\"height\":468,\"caption\":\"Una de las muchas \u00e1reas afectadas por la actividad minera ilegal.\"},{\"@type\":\"BreadcrumbList\",\"@id\":\"https:\\\/\\\/www.eldiario.net\\\/portal\\\/2025\\\/02\\\/08\\\/reclamo-por-mineria-aurifera-en-cuencas-debe-tener-interes-legitimo\\\/#breadcrumb\",\"itemListElement\":[{\"@type\":\"ListItem\",\"position\":1,\"name\":\"Portada\",\"item\":\"https:\\\/\\\/www.eldiario.net\\\/portal\\\/\"},{\"@type\":\"ListItem\",\"position\":2,\"name\":\"Reclamo por miner\u00eda aur\u00edfera en cuencas debe tener \u201cinter\u00e9s leg\u00edtimo\u201d\"}]},{\"@type\":\"WebSite\",\"@id\":\"https:\\\/\\\/www.eldiario.net\\\/portal\\\/#website\",\"url\":\"https:\\\/\\\/www.eldiario.net\\\/portal\\\/\",\"name\":\"El Diario - Decano de la prensa nacional\",\"description\":\"El Diario - Decano de la prensa nacional\",\"publisher\":{\"@id\":\"https:\\\/\\\/www.eldiario.net\\\/portal\\\/#organization\"},\"potentialAction\":[{\"@type\":\"SearchAction\",\"target\":{\"@type\":\"EntryPoint\",\"urlTemplate\":\"https:\\\/\\\/www.eldiario.net\\\/portal\\\/?s={search_term_string}\"},\"query-input\":{\"@type\":\"PropertyValueSpecification\",\"valueRequired\":true,\"valueName\":\"search_term_string\"}}],\"inLanguage\":\"es\"},{\"@type\":\"Organization\",\"@id\":\"https:\\\/\\\/www.eldiario.net\\\/portal\\\/#organization\",\"name\":\"El Diario - Decano de la prensa nacional\",\"url\":\"https:\\\/\\\/www.eldiario.net\\\/portal\\\/\",\"logo\":{\"@type\":\"ImageObject\",\"inLanguage\":\"es\",\"@id\":\"https:\\\/\\\/www.eldiario.net\\\/portal\\\/#\\\/schema\\\/logo\\\/image\\\/\",\"url\":\"https:\\\/\\\/www.eldiario.net\\\/portal\\\/wp-content\\\/uploads\\\/2023\\\/07\\\/logo_ED.jpg\",\"contentUrl\":\"https:\\\/\\\/www.eldiario.net\\\/portal\\\/wp-content\\\/uploads\\\/2023\\\/07\\\/logo_ED.jpg\",\"width\":272,\"height\":52,\"caption\":\"El Diario - Decano de la prensa nacional\"},\"image\":{\"@id\":\"https:\\\/\\\/www.eldiario.net\\\/portal\\\/#\\\/schema\\\/logo\\\/image\\\/\"},\"sameAs\":[\"https:\\\/\\\/www.facebook.com\\\/eldiario.bolivia\\\/\",\"https:\\\/\\\/x.com\\\/eldiario_net\"]},{\"@type\":\"Person\",\"@id\":\"https:\\\/\\\/www.eldiario.net\\\/portal\\\/#\\\/schema\\\/person\\\/f46445640444750d7d753ccd04ae01b7\",\"name\":\"Jeanette\",\"image\":{\"@type\":\"ImageObject\",\"inLanguage\":\"es\",\"@id\":\"https:\\\/\\\/secure.gravatar.com\\\/avatar\\\/3ea2118a5f7dad2b7138b1187a6b7ee55f160b9968b66013c3a3ef39dd7e5798?s=96&d=mm&r=g\",\"url\":\"https:\\\/\\\/secure.gravatar.com\\\/avatar\\\/3ea2118a5f7dad2b7138b1187a6b7ee55f160b9968b66013c3a3ef39dd7e5798?s=96&d=mm&r=g\",\"contentUrl\":\"https:\\\/\\\/secure.gravatar.com\\\/avatar\\\/3ea2118a5f7dad2b7138b1187a6b7ee55f160b9968b66013c3a3ef39dd7e5798?s=96&d=mm&r=g\",\"caption\":\"Jeanette\"},\"sameAs\":[\"https:\\\/\\\/www.eldiario.net\\\/portal\"],\"url\":\"https:\\\/\\\/www.eldiario.net\\\/portal\\\/author\\\/jeanette\\\/\"}]}<\/script>\n<!-- \/ Yoast SEO plugin. -->","yoast_head_json":{"title":"Reclamo por miner\u00eda aur\u00edfera en cuencas debe tener \u201cinter\u00e9s leg\u00edtimo\u201d - El Diario - Bolivia","robots":{"index":"index","follow":"follow","max-snippet":"max-snippet:-1","max-image-preview":"max-image-preview:large","max-video-preview":"max-video-preview:-1"},"canonical":"https:\/\/www.eldiario.net\/portal\/2025\/02\/08\/reclamo-por-mineria-aurifera-en-cuencas-debe-tener-interes-legitimo\/","og_locale":"es_ES","og_type":"article","og_title":"Reclamo por miner\u00eda aur\u00edfera en cuencas debe tener \u201cinter\u00e9s leg\u00edtimo\u201d - El Diario - Bolivia","og_description":"A d\u00edas de haber sido posesionada en el cargo, la nueva directora de la Autoridad Jurisdiccional Administrativa Minera (AJAM), Ana Cameo Torrez, exigi\u00f3 demostrar el \u201cinter\u00e9s leg\u00edtimo\u201d al abogado Jaime Cu\u00e9llar, por denunciar miner\u00eda aur\u00edfera ilegal y la paralizaci\u00f3n de otorgaci\u00f3n de contratos mineros en cuencas y r\u00edos de los municipios de Yanacachi, Coripata de [&hellip;]","og_url":"https:\/\/www.eldiario.net\/portal\/2025\/02\/08\/reclamo-por-mineria-aurifera-en-cuencas-debe-tener-interes-legitimo\/","og_site_name":"El Diario - Bolivia","article_publisher":"https:\/\/www.facebook.com\/eldiario.bolivia\/","article_published_time":"2025-02-08T11:05:06+00:00","og_image":[{"width":778,"height":468,"url":"https:\/\/www.eldiario.net\/portal\/wp-content\/uploads\/2025\/02\/70-NAL-1.jpg","type":"image\/jpeg"}],"author":"Jeanette","twitter_card":"summary_large_image","twitter_creator":"@eldiario_net","twitter_site":"@eldiario_net","twitter_misc":{"Escrito por":"Jeanette","Tiempo de lectura":"3 minutos"},"schema":{"@context":"https:\/\/schema.org","@graph":[{"@type":"Article","@id":"https:\/\/www.eldiario.net\/portal\/2025\/02\/08\/reclamo-por-mineria-aurifera-en-cuencas-debe-tener-interes-legitimo\/#article","isPartOf":{"@id":"https:\/\/www.eldiario.net\/portal\/2025\/02\/08\/reclamo-por-mineria-aurifera-en-cuencas-debe-tener-interes-legitimo\/"},"author":{"name":"Jeanette","@id":"https:\/\/www.eldiario.net\/portal\/#\/schema\/person\/f46445640444750d7d753ccd04ae01b7"},"headline":"Reclamo por miner\u00eda aur\u00edfera en cuencas debe tener \u201cinter\u00e9s leg\u00edtimo\u201d","datePublished":"2025-02-08T11:05:06+00:00","mainEntityOfPage":{"@id":"https:\/\/www.eldiario.net\/portal\/2025\/02\/08\/reclamo-por-mineria-aurifera-en-cuencas-debe-tener-interes-legitimo\/"},"wordCount":715,"publisher":{"@id":"https:\/\/www.eldiario.net\/portal\/#organization"},"image":{"@id":"https:\/\/www.eldiario.net\/portal\/2025\/02\/08\/reclamo-por-mineria-aurifera-en-cuencas-debe-tener-interes-legitimo\/#primaryimage"},"thumbnailUrl":"https:\/\/www.eldiario.net\/portal\/wp-content\/uploads\/2025\/02\/70-NAL-1.jpg","articleSection":["Nacional"],"inLanguage":"es"},{"@type":"WebPage","@id":"https:\/\/www.eldiario.net\/portal\/2025\/02\/08\/reclamo-por-mineria-aurifera-en-cuencas-debe-tener-interes-legitimo\/","url":"https:\/\/www.eldiario.net\/portal\/2025\/02\/08\/reclamo-por-mineria-aurifera-en-cuencas-debe-tener-interes-legitimo\/","name":"Reclamo por miner\u00eda aur\u00edfera en cuencas debe tener \u201cinter\u00e9s leg\u00edtimo\u201d - El Diario - Bolivia","isPartOf":{"@id":"https:\/\/www.eldiario.net\/portal\/#website"},"primaryImageOfPage":{"@id":"https:\/\/www.eldiario.net\/portal\/2025\/02\/08\/reclamo-por-mineria-aurifera-en-cuencas-debe-tener-interes-legitimo\/#primaryimage"},"image":{"@id":"https:\/\/www.eldiario.net\/portal\/2025\/02\/08\/reclamo-por-mineria-aurifera-en-cuencas-debe-tener-interes-legitimo\/#primaryimage"},"thumbnailUrl":"https:\/\/www.eldiario.net\/portal\/wp-content\/uploads\/2025\/02\/70-NAL-1.jpg","datePublished":"2025-02-08T11:05:06+00:00","breadcrumb":{"@id":"https:\/\/www.eldiario.net\/portal\/2025\/02\/08\/reclamo-por-mineria-aurifera-en-cuencas-debe-tener-interes-legitimo\/#breadcrumb"},"inLanguage":"es","potentialAction":[{"@type":"ReadAction","target":["https:\/\/www.eldiario.net\/portal\/2025\/02\/08\/reclamo-por-mineria-aurifera-en-cuencas-debe-tener-interes-legitimo\/"]}]},{"@type":"ImageObject","inLanguage":"es","@id":"https:\/\/www.eldiario.net\/portal\/2025\/02\/08\/reclamo-por-mineria-aurifera-en-cuencas-debe-tener-interes-legitimo\/#primaryimage","url":"https:\/\/www.eldiario.net\/portal\/wp-content\/uploads\/2025\/02\/70-NAL-1.jpg","contentUrl":"https:\/\/www.eldiario.net\/portal\/wp-content\/uploads\/2025\/02\/70-NAL-1.jpg","width":778,"height":468,"caption":"Una de las muchas \u00e1reas afectadas por la actividad minera ilegal."},{"@type":"BreadcrumbList","@id":"https:\/\/www.eldiario.net\/portal\/2025\/02\/08\/reclamo-por-mineria-aurifera-en-cuencas-debe-tener-interes-legitimo\/#breadcrumb","itemListElement":[{"@type":"ListItem","position":1,"name":"Portada","item":"https:\/\/www.eldiario.net\/portal\/"},{"@type":"ListItem","position":2,"name":"Reclamo por miner\u00eda aur\u00edfera en cuencas debe tener \u201cinter\u00e9s leg\u00edtimo\u201d"}]},{"@type":"WebSite","@id":"https:\/\/www.eldiario.net\/portal\/#website","url":"https:\/\/www.eldiario.net\/portal\/","name":"El Diario - Decano de la prensa nacional","description":"El Diario - Decano de la prensa nacional","publisher":{"@id":"https:\/\/www.eldiario.net\/portal\/#organization"},"potentialAction":[{"@type":"SearchAction","target":{"@type":"EntryPoint","urlTemplate":"https:\/\/www.eldiario.net\/portal\/?s={search_term_string}"},"query-input":{"@type":"PropertyValueSpecification","valueRequired":true,"valueName":"search_term_string"}}],"inLanguage":"es"},{"@type":"Organization","@id":"https:\/\/www.eldiario.net\/portal\/#organization","name":"El Diario - Decano de la prensa nacional","url":"https:\/\/www.eldiario.net\/portal\/","logo":{"@type":"ImageObject","inLanguage":"es","@id":"https:\/\/www.eldiario.net\/portal\/#\/schema\/logo\/image\/","url":"https:\/\/www.eldiario.net\/portal\/wp-content\/uploads\/2023\/07\/logo_ED.jpg","contentUrl":"https:\/\/www.eldiario.net\/portal\/wp-content\/uploads\/2023\/07\/logo_ED.jpg","width":272,"height":52,"caption":"El Diario - Decano de la prensa nacional"},"image":{"@id":"https:\/\/www.eldiario.net\/portal\/#\/schema\/logo\/image\/"},"sameAs":["https:\/\/www.facebook.com\/eldiario.bolivia\/","https:\/\/x.com\/eldiario_net"]},{"@type":"Person","@id":"https:\/\/www.eldiario.net\/portal\/#\/schema\/person\/f46445640444750d7d753ccd04ae01b7","name":"Jeanette","image":{"@type":"ImageObject","inLanguage":"es","@id":"https:\/\/secure.gravatar.com\/avatar\/3ea2118a5f7dad2b7138b1187a6b7ee55f160b9968b66013c3a3ef39dd7e5798?s=96&d=mm&r=g","url":"https:\/\/secure.gravatar.com\/avatar\/3ea2118a5f7dad2b7138b1187a6b7ee55f160b9968b66013c3a3ef39dd7e5798?s=96&d=mm&r=g","contentUrl":"https:\/\/secure.gravatar.com\/avatar\/3ea2118a5f7dad2b7138b1187a6b7ee55f160b9968b66013c3a3ef39dd7e5798?s=96&d=mm&r=g","caption":"Jeanette"},"sameAs":["https:\/\/www.eldiario.net\/portal"],"url":"https:\/\/www.eldiario.net\/portal\/author\/jeanette\/"}]}},"_links":{"self":[{"href":"https:\/\/www.eldiario.net\/portal\/wp-json\/wp\/v2\/posts\/280255","targetHints":{"allow":["GET"]}}],"collection":[{"href":"https:\/\/www.eldiario.net\/portal\/wp-json\/wp\/v2\/posts"}],"about":[{"href":"https:\/\/www.eldiario.net\/portal\/wp-json\/wp\/v2\/types\/post"}],"author":[{"embeddable":true,"href":"https:\/\/www.eldiario.net\/portal\/wp-json\/wp\/v2\/users\/1"}],"replies":[{"embeddable":true,"href":"https:\/\/www.eldiario.net\/portal\/wp-json\/wp\/v2\/comments?post=280255"}],"version-history":[{"count":1,"href":"https:\/\/www.eldiario.net\/portal\/wp-json\/wp\/v2\/posts\/280255\/revisions"}],"predecessor-version":[{"id":280257,"href":"https:\/\/www.eldiario.net\/portal\/wp-json\/wp\/v2\/posts\/280255\/revisions\/280257"}],"wp:featuredmedia":[{"embeddable":true,"href":"https:\/\/www.eldiario.net\/portal\/wp-json\/wp\/v2\/media\/280256"}],"wp:attachment":[{"href":"https:\/\/www.eldiario.net\/portal\/wp-json\/wp\/v2\/media?parent=280255"}],"wp:term":[{"taxonomy":"category","embeddable":true,"href":"https:\/\/www.eldiario.net\/portal\/wp-json\/wp\/v2\/categories?post=280255"},{"taxonomy":"post_tag","embeddable":true,"href":"https:\/\/www.eldiario.net\/portal\/wp-json\/wp\/v2\/tags?post=280255"}],"curies":[{"name":"wp","href":"https:\/\/api.w.org\/{rel}","templated":true}]}}