{"id":280252,"date":"2025-02-08T07:04:25","date_gmt":"2025-02-08T11:04:25","guid":{"rendered":"https:\/\/www.eldiario.net\/portal\/?p=280252"},"modified":"2025-02-08T07:04:25","modified_gmt":"2025-02-08T11:04:25","slug":"entregan-alimentos-a-mas-de-150-familias-en-san-jose-de-chiquitos","status":"publish","type":"post","link":"https:\/\/www.eldiario.net\/portal\/2025\/02\/08\/entregan-alimentos-a-mas-de-150-familias-en-san-jose-de-chiquitos\/","title":{"rendered":"Entregan alimentos a m\u00e1s de 150 familias en San Jos\u00e9 de Chiquitos"},"content":{"rendered":"<p>La Gobernaci\u00f3n de Santa Cruz, a trav\u00e9s del Comit\u00e9 de Emergencia Departamental (COED), realiz\u00f3 la entrega de asistencia humanitaria donada por la ONG Save the Children para ayudar a m\u00e1s de 150 familias del municipio San Jos\u00e9 de Chiquitos.<br \/>\nLa donaci\u00f3n entregada por la ONG consisti\u00f3 en cuatro tanques, con capacidad de 5.000 litros de agua cada uno, agua potable, tres bombas sumergibles, kits educativos, recursos econ\u00f3micos en efectivo para 150 familias que permitir\u00e1 garantizar la seguridad alimentaria de las comunidades de San Jos\u00e9 de Chiquitos.<br \/>\nEl director de Gesti\u00f3n de Riesgo de la Gobernaci\u00f3n, Jhonny Rojas, indic\u00f3 que acudieron al municipio a invitaci\u00f3n de la ONG Save the Children y afirm\u00f3 que continuar\u00e1n realizando las gestiones para apoyar a los municipios afectados por los efectos clim\u00e1ticos y a las familias de diferentes comunidades.<br \/>\nDesde Save the Children, William Zabaleta, afirm\u00f3 que se trata de la segunda entrega de asistencia humanitaria para las familias que est\u00e1n sufriendo a consecuencia de los embates de la sequ\u00eda en el departamento cruce\u00f1o. Asegur\u00f3 que esta ayuda garantizar\u00e1 el acceso al agua potable y alimentos en las comunidades del lugar.<br \/>\nPor su parte, el subgobernador de la provincia Chiquitos, Hugo Salm\u00f3n, destac\u00f3 las gestiones realizadas por la Gobernaci\u00f3n para que la ONG Save the Children acuda al municipio con la asistencia humanitaria. (Santa Cruz, agencias)<\/p>\n","protected":false},"excerpt":{"rendered":"<p>La Gobernaci\u00f3n de Santa Cruz, a trav\u00e9s del Comit\u00e9 de Emergencia Departamental (COED), realiz\u00f3 la entrega de asistencia humanitaria donada por la ONG Save the Children para ayudar a m\u00e1s de 150 familias del municipio San Jos\u00e9 de Chiquitos. La donaci\u00f3n entregada por la ONG consisti\u00f3 en cuatro tanques, con capacidad de 5.000 litros de [&hellip;]<\/p>\n","protected":false},"author":1,"featured_media":280253,"comment_status":"closed","ping_status":"open","sticky":false,"template":"","format":"standard","meta":{"_acf_changed":false,"footnotes":""},"categories":[12],"tags":[],"class_list":["post-280252","post","type-post","status-publish","format-standard","has-post-thumbnail","category-nacional"],"acf":{"antetitulo":"En la capital cruce\u00f1a"},"yoast_head":"<!-- This site is optimized with the Yoast SEO plugin v28.3 - https:\/\/yoast.com\/product\/yoast-seo-wordpress\/ -->\n<title>Entregan alimentos a m\u00e1s de 150 familias en San Jos\u00e9 de Chiquitos - El Diario - Bolivia<\/title>\n<meta name=\"robots\" content=\"index, follow, max-snippet:-1, max-image-preview:large, max-video-preview:-1\" \/>\n<link rel=\"canonical\" href=\"https:\/\/www.eldiario.net\/portal\/2025\/02\/08\/entregan-alimentos-a-mas-de-150-familias-en-san-jose-de-chiquitos\/\" \/>\n<meta property=\"og:locale\" content=\"es_ES\" \/>\n<meta property=\"og:type\" content=\"article\" \/>\n<meta property=\"og:title\" content=\"Entregan alimentos a m\u00e1s de 150 familias en San Jos\u00e9 de Chiquitos - El Diario - Bolivia\" \/>\n<meta property=\"og:description\" content=\"La Gobernaci\u00f3n de Santa Cruz, a trav\u00e9s del Comit\u00e9 de Emergencia Departamental (COED), realiz\u00f3 la entrega de asistencia humanitaria donada por la ONG Save the Children para ayudar a m\u00e1s de 150 familias del municipio San Jos\u00e9 de Chiquitos. La donaci\u00f3n entregada por la ONG consisti\u00f3 en cuatro tanques, con capacidad de 5.000 litros de [&hellip;]\" \/>\n<meta property=\"og:url\" content=\"https:\/\/www.eldiario.net\/portal\/2025\/02\/08\/entregan-alimentos-a-mas-de-150-familias-en-san-jose-de-chiquitos\/\" \/>\n<meta property=\"og:site_name\" content=\"El Diario - Bolivia\" \/>\n<meta property=\"article:publisher\" content=\"https:\/\/www.facebook.com\/eldiario.bolivia\/\" \/>\n<meta property=\"article:published_time\" content=\"2025-02-08T11:04:25+00:00\" \/>\n<meta property=\"og:image\" content=\"https:\/\/www.eldiario.net\/portal\/wp-content\/uploads\/2025\/02\/71-NAL-1.jpg\" \/>\n\t<meta property=\"og:image:width\" content=\"1200\" \/>\n\t<meta property=\"og:image:height\" content=\"827\" \/>\n\t<meta property=\"og:image:type\" content=\"image\/jpeg\" \/>\n<meta name=\"author\" content=\"Jeanette\" \/>\n<meta name=\"twitter:card\" content=\"summary_large_image\" \/>\n<meta name=\"twitter:creator\" content=\"@eldiario_net\" \/>\n<meta name=\"twitter:site\" content=\"@eldiario_net\" \/>\n<meta name=\"twitter:label1\" content=\"Escrito por\" \/>\n\t<meta name=\"twitter:data1\" content=\"Jeanette\" \/>\n\t<meta name=\"twitter:label2\" content=\"Tiempo de lectura\" \/>\n\t<meta name=\"twitter:data2\" content=\"2 minutos\" \/>\n<script type=\"application\/ld+json\" class=\"yoast-schema-graph\">{\"@context\":\"https:\\\/\\\/schema.org\",\"@graph\":[{\"@type\":\"Article\",\"@id\":\"https:\\\/\\\/www.eldiario.net\\\/portal\\\/2025\\\/02\\\/08\\\/entregan-alimentos-a-mas-de-150-familias-en-san-jose-de-chiquitos\\\/#article\",\"isPartOf\":{\"@id\":\"https:\\\/\\\/www.eldiario.net\\\/portal\\\/2025\\\/02\\\/08\\\/entregan-alimentos-a-mas-de-150-familias-en-san-jose-de-chiquitos\\\/\"},\"author\":{\"name\":\"Jeanette\",\"@id\":\"https:\\\/\\\/www.eldiario.net\\\/portal\\\/#\\\/schema\\\/person\\\/f46445640444750d7d753ccd04ae01b7\"},\"headline\":\"Entregan alimentos a m\u00e1s de 150 familias en San Jos\u00e9 de Chiquitos\",\"datePublished\":\"2025-02-08T11:04:25+00:00\",\"mainEntityOfPage\":{\"@id\":\"https:\\\/\\\/www.eldiario.net\\\/portal\\\/2025\\\/02\\\/08\\\/entregan-alimentos-a-mas-de-150-familias-en-san-jose-de-chiquitos\\\/\"},\"wordCount\":245,\"publisher\":{\"@id\":\"https:\\\/\\\/www.eldiario.net\\\/portal\\\/#organization\"},\"image\":{\"@id\":\"https:\\\/\\\/www.eldiario.net\\\/portal\\\/2025\\\/02\\\/08\\\/entregan-alimentos-a-mas-de-150-familias-en-san-jose-de-chiquitos\\\/#primaryimage\"},\"thumbnailUrl\":\"https:\\\/\\\/www.eldiario.net\\\/portal\\\/wp-content\\\/uploads\\\/2025\\\/02\\\/71-NAL-1.jpg\",\"articleSection\":[\"Nacional\"],\"inLanguage\":\"es\"},{\"@type\":\"WebPage\",\"@id\":\"https:\\\/\\\/www.eldiario.net\\\/portal\\\/2025\\\/02\\\/08\\\/entregan-alimentos-a-mas-de-150-familias-en-san-jose-de-chiquitos\\\/\",\"url\":\"https:\\\/\\\/www.eldiario.net\\\/portal\\\/2025\\\/02\\\/08\\\/entregan-alimentos-a-mas-de-150-familias-en-san-jose-de-chiquitos\\\/\",\"name\":\"Entregan alimentos a m\u00e1s de 150 familias en San Jos\u00e9 de Chiquitos - El Diario - Bolivia\",\"isPartOf\":{\"@id\":\"https:\\\/\\\/www.eldiario.net\\\/portal\\\/#website\"},\"primaryImageOfPage\":{\"@id\":\"https:\\\/\\\/www.eldiario.net\\\/portal\\\/2025\\\/02\\\/08\\\/entregan-alimentos-a-mas-de-150-familias-en-san-jose-de-chiquitos\\\/#primaryimage\"},\"image\":{\"@id\":\"https:\\\/\\\/www.eldiario.net\\\/portal\\\/2025\\\/02\\\/08\\\/entregan-alimentos-a-mas-de-150-familias-en-san-jose-de-chiquitos\\\/#primaryimage\"},\"thumbnailUrl\":\"https:\\\/\\\/www.eldiario.net\\\/portal\\\/wp-content\\\/uploads\\\/2025\\\/02\\\/71-NAL-1.jpg\",\"datePublished\":\"2025-02-08T11:04:25+00:00\",\"breadcrumb\":{\"@id\":\"https:\\\/\\\/www.eldiario.net\\\/portal\\\/2025\\\/02\\\/08\\\/entregan-alimentos-a-mas-de-150-familias-en-san-jose-de-chiquitos\\\/#breadcrumb\"},\"inLanguage\":\"es\",\"potentialAction\":[{\"@type\":\"ReadAction\",\"target\":[\"https:\\\/\\\/www.eldiario.net\\\/portal\\\/2025\\\/02\\\/08\\\/entregan-alimentos-a-mas-de-150-familias-en-san-jose-de-chiquitos\\\/\"]}]},{\"@type\":\"ImageObject\",\"inLanguage\":\"es\",\"@id\":\"https:\\\/\\\/www.eldiario.net\\\/portal\\\/2025\\\/02\\\/08\\\/entregan-alimentos-a-mas-de-150-familias-en-san-jose-de-chiquitos\\\/#primaryimage\",\"url\":\"https:\\\/\\\/www.eldiario.net\\\/portal\\\/wp-content\\\/uploads\\\/2025\\\/02\\\/71-NAL-1.jpg\",\"contentUrl\":\"https:\\\/\\\/www.eldiario.net\\\/portal\\\/wp-content\\\/uploads\\\/2025\\\/02\\\/71-NAL-1.jpg\",\"width\":1200,\"height\":827,\"caption\":\"PARTE DE LA AYUDA HUMANITARIA.\"},{\"@type\":\"BreadcrumbList\",\"@id\":\"https:\\\/\\\/www.eldiario.net\\\/portal\\\/2025\\\/02\\\/08\\\/entregan-alimentos-a-mas-de-150-familias-en-san-jose-de-chiquitos\\\/#breadcrumb\",\"itemListElement\":[{\"@type\":\"ListItem\",\"position\":1,\"name\":\"Portada\",\"item\":\"https:\\\/\\\/www.eldiario.net\\\/portal\\\/\"},{\"@type\":\"ListItem\",\"position\":2,\"name\":\"Entregan alimentos a m\u00e1s de 150 familias en San Jos\u00e9 de Chiquitos\"}]},{\"@type\":\"WebSite\",\"@id\":\"https:\\\/\\\/www.eldiario.net\\\/portal\\\/#website\",\"url\":\"https:\\\/\\\/www.eldiario.net\\\/portal\\\/\",\"name\":\"El Diario - Decano de la prensa nacional\",\"description\":\"El Diario - Decano de la prensa nacional\",\"publisher\":{\"@id\":\"https:\\\/\\\/www.eldiario.net\\\/portal\\\/#organization\"},\"potentialAction\":[{\"@type\":\"SearchAction\",\"target\":{\"@type\":\"EntryPoint\",\"urlTemplate\":\"https:\\\/\\\/www.eldiario.net\\\/portal\\\/?s={search_term_string}\"},\"query-input\":{\"@type\":\"PropertyValueSpecification\",\"valueRequired\":true,\"valueName\":\"search_term_string\"}}],\"inLanguage\":\"es\"},{\"@type\":\"Organization\",\"@id\":\"https:\\\/\\\/www.eldiario.net\\\/portal\\\/#organization\",\"name\":\"El Diario - Decano de la prensa nacional\",\"url\":\"https:\\\/\\\/www.eldiario.net\\\/portal\\\/\",\"logo\":{\"@type\":\"ImageObject\",\"inLanguage\":\"es\",\"@id\":\"https:\\\/\\\/www.eldiario.net\\\/portal\\\/#\\\/schema\\\/logo\\\/image\\\/\",\"url\":\"https:\\\/\\\/www.eldiario.net\\\/portal\\\/wp-content\\\/uploads\\\/2023\\\/07\\\/logo_ED.jpg\",\"contentUrl\":\"https:\\\/\\\/www.eldiario.net\\\/portal\\\/wp-content\\\/uploads\\\/2023\\\/07\\\/logo_ED.jpg\",\"width\":272,\"height\":52,\"caption\":\"El Diario - Decano de la prensa nacional\"},\"image\":{\"@id\":\"https:\\\/\\\/www.eldiario.net\\\/portal\\\/#\\\/schema\\\/logo\\\/image\\\/\"},\"sameAs\":[\"https:\\\/\\\/www.facebook.com\\\/eldiario.bolivia\\\/\",\"https:\\\/\\\/x.com\\\/eldiario_net\"]},{\"@type\":\"Person\",\"@id\":\"https:\\\/\\\/www.eldiario.net\\\/portal\\\/#\\\/schema\\\/person\\\/f46445640444750d7d753ccd04ae01b7\",\"name\":\"Jeanette\",\"image\":{\"@type\":\"ImageObject\",\"inLanguage\":\"es\",\"@id\":\"https:\\\/\\\/secure.gravatar.com\\\/avatar\\\/3ea2118a5f7dad2b7138b1187a6b7ee55f160b9968b66013c3a3ef39dd7e5798?s=96&d=mm&r=g\",\"url\":\"https:\\\/\\\/secure.gravatar.com\\\/avatar\\\/3ea2118a5f7dad2b7138b1187a6b7ee55f160b9968b66013c3a3ef39dd7e5798?s=96&d=mm&r=g\",\"contentUrl\":\"https:\\\/\\\/secure.gravatar.com\\\/avatar\\\/3ea2118a5f7dad2b7138b1187a6b7ee55f160b9968b66013c3a3ef39dd7e5798?s=96&d=mm&r=g\",\"caption\":\"Jeanette\"},\"sameAs\":[\"https:\\\/\\\/www.eldiario.net\\\/portal\"],\"url\":\"https:\\\/\\\/www.eldiario.net\\\/portal\\\/author\\\/jeanette\\\/\"}]}<\/script>\n<!-- \/ Yoast SEO plugin. -->","yoast_head_json":{"title":"Entregan alimentos a m\u00e1s de 150 familias en San Jos\u00e9 de Chiquitos - El Diario - Bolivia","robots":{"index":"index","follow":"follow","max-snippet":"max-snippet:-1","max-image-preview":"max-image-preview:large","max-video-preview":"max-video-preview:-1"},"canonical":"https:\/\/www.eldiario.net\/portal\/2025\/02\/08\/entregan-alimentos-a-mas-de-150-familias-en-san-jose-de-chiquitos\/","og_locale":"es_ES","og_type":"article","og_title":"Entregan alimentos a m\u00e1s de 150 familias en San Jos\u00e9 de Chiquitos - El Diario - Bolivia","og_description":"La Gobernaci\u00f3n de Santa Cruz, a trav\u00e9s del Comit\u00e9 de Emergencia Departamental (COED), realiz\u00f3 la entrega de asistencia humanitaria donada por la ONG Save the Children para ayudar a m\u00e1s de 150 familias del municipio San Jos\u00e9 de Chiquitos. La donaci\u00f3n entregada por la ONG consisti\u00f3 en cuatro tanques, con capacidad de 5.000 litros de [&hellip;]","og_url":"https:\/\/www.eldiario.net\/portal\/2025\/02\/08\/entregan-alimentos-a-mas-de-150-familias-en-san-jose-de-chiquitos\/","og_site_name":"El Diario - Bolivia","article_publisher":"https:\/\/www.facebook.com\/eldiario.bolivia\/","article_published_time":"2025-02-08T11:04:25+00:00","og_image":[{"width":1200,"height":827,"url":"https:\/\/www.eldiario.net\/portal\/wp-content\/uploads\/2025\/02\/71-NAL-1.jpg","type":"image\/jpeg"}],"author":"Jeanette","twitter_card":"summary_large_image","twitter_creator":"@eldiario_net","twitter_site":"@eldiario_net","twitter_misc":{"Escrito por":"Jeanette","Tiempo de lectura":"2 minutos"},"schema":{"@context":"https:\/\/schema.org","@graph":[{"@type":"Article","@id":"https:\/\/www.eldiario.net\/portal\/2025\/02\/08\/entregan-alimentos-a-mas-de-150-familias-en-san-jose-de-chiquitos\/#article","isPartOf":{"@id":"https:\/\/www.eldiario.net\/portal\/2025\/02\/08\/entregan-alimentos-a-mas-de-150-familias-en-san-jose-de-chiquitos\/"},"author":{"name":"Jeanette","@id":"https:\/\/www.eldiario.net\/portal\/#\/schema\/person\/f46445640444750d7d753ccd04ae01b7"},"headline":"Entregan alimentos a m\u00e1s de 150 familias en San Jos\u00e9 de Chiquitos","datePublished":"2025-02-08T11:04:25+00:00","mainEntityOfPage":{"@id":"https:\/\/www.eldiario.net\/portal\/2025\/02\/08\/entregan-alimentos-a-mas-de-150-familias-en-san-jose-de-chiquitos\/"},"wordCount":245,"publisher":{"@id":"https:\/\/www.eldiario.net\/portal\/#organization"},"image":{"@id":"https:\/\/www.eldiario.net\/portal\/2025\/02\/08\/entregan-alimentos-a-mas-de-150-familias-en-san-jose-de-chiquitos\/#primaryimage"},"thumbnailUrl":"https:\/\/www.eldiario.net\/portal\/wp-content\/uploads\/2025\/02\/71-NAL-1.jpg","articleSection":["Nacional"],"inLanguage":"es"},{"@type":"WebPage","@id":"https:\/\/www.eldiario.net\/portal\/2025\/02\/08\/entregan-alimentos-a-mas-de-150-familias-en-san-jose-de-chiquitos\/","url":"https:\/\/www.eldiario.net\/portal\/2025\/02\/08\/entregan-alimentos-a-mas-de-150-familias-en-san-jose-de-chiquitos\/","name":"Entregan alimentos a m\u00e1s de 150 familias en San Jos\u00e9 de Chiquitos - El Diario - Bolivia","isPartOf":{"@id":"https:\/\/www.eldiario.net\/portal\/#website"},"primaryImageOfPage":{"@id":"https:\/\/www.eldiario.net\/portal\/2025\/02\/08\/entregan-alimentos-a-mas-de-150-familias-en-san-jose-de-chiquitos\/#primaryimage"},"image":{"@id":"https:\/\/www.eldiario.net\/portal\/2025\/02\/08\/entregan-alimentos-a-mas-de-150-familias-en-san-jose-de-chiquitos\/#primaryimage"},"thumbnailUrl":"https:\/\/www.eldiario.net\/portal\/wp-content\/uploads\/2025\/02\/71-NAL-1.jpg","datePublished":"2025-02-08T11:04:25+00:00","breadcrumb":{"@id":"https:\/\/www.eldiario.net\/portal\/2025\/02\/08\/entregan-alimentos-a-mas-de-150-familias-en-san-jose-de-chiquitos\/#breadcrumb"},"inLanguage":"es","potentialAction":[{"@type":"ReadAction","target":["https:\/\/www.eldiario.net\/portal\/2025\/02\/08\/entregan-alimentos-a-mas-de-150-familias-en-san-jose-de-chiquitos\/"]}]},{"@type":"ImageObject","inLanguage":"es","@id":"https:\/\/www.eldiario.net\/portal\/2025\/02\/08\/entregan-alimentos-a-mas-de-150-familias-en-san-jose-de-chiquitos\/#primaryimage","url":"https:\/\/www.eldiario.net\/portal\/wp-content\/uploads\/2025\/02\/71-NAL-1.jpg","contentUrl":"https:\/\/www.eldiario.net\/portal\/wp-content\/uploads\/2025\/02\/71-NAL-1.jpg","width":1200,"height":827,"caption":"PARTE DE LA AYUDA HUMANITARIA."},{"@type":"BreadcrumbList","@id":"https:\/\/www.eldiario.net\/portal\/2025\/02\/08\/entregan-alimentos-a-mas-de-150-familias-en-san-jose-de-chiquitos\/#breadcrumb","itemListElement":[{"@type":"ListItem","position":1,"name":"Portada","item":"https:\/\/www.eldiario.net\/portal\/"},{"@type":"ListItem","position":2,"name":"Entregan alimentos a m\u00e1s de 150 familias en San Jos\u00e9 de Chiquitos"}]},{"@type":"WebSite","@id":"https:\/\/www.eldiario.net\/portal\/#website","url":"https:\/\/www.eldiario.net\/portal\/","name":"El Diario - Decano de la prensa nacional","description":"El Diario - Decano de la prensa nacional","publisher":{"@id":"https:\/\/www.eldiario.net\/portal\/#organization"},"potentialAction":[{"@type":"SearchAction","target":{"@type":"EntryPoint","urlTemplate":"https:\/\/www.eldiario.net\/portal\/?s={search_term_string}"},"query-input":{"@type":"PropertyValueSpecification","valueRequired":true,"valueName":"search_term_string"}}],"inLanguage":"es"},{"@type":"Organization","@id":"https:\/\/www.eldiario.net\/portal\/#organization","name":"El Diario - Decano de la prensa nacional","url":"https:\/\/www.eldiario.net\/portal\/","logo":{"@type":"ImageObject","inLanguage":"es","@id":"https:\/\/www.eldiario.net\/portal\/#\/schema\/logo\/image\/","url":"https:\/\/www.eldiario.net\/portal\/wp-content\/uploads\/2023\/07\/logo_ED.jpg","contentUrl":"https:\/\/www.eldiario.net\/portal\/wp-content\/uploads\/2023\/07\/logo_ED.jpg","width":272,"height":52,"caption":"El Diario - Decano de la prensa nacional"},"image":{"@id":"https:\/\/www.eldiario.net\/portal\/#\/schema\/logo\/image\/"},"sameAs":["https:\/\/www.facebook.com\/eldiario.bolivia\/","https:\/\/x.com\/eldiario_net"]},{"@type":"Person","@id":"https:\/\/www.eldiario.net\/portal\/#\/schema\/person\/f46445640444750d7d753ccd04ae01b7","name":"Jeanette","image":{"@type":"ImageObject","inLanguage":"es","@id":"https:\/\/secure.gravatar.com\/avatar\/3ea2118a5f7dad2b7138b1187a6b7ee55f160b9968b66013c3a3ef39dd7e5798?s=96&d=mm&r=g","url":"https:\/\/secure.gravatar.com\/avatar\/3ea2118a5f7dad2b7138b1187a6b7ee55f160b9968b66013c3a3ef39dd7e5798?s=96&d=mm&r=g","contentUrl":"https:\/\/secure.gravatar.com\/avatar\/3ea2118a5f7dad2b7138b1187a6b7ee55f160b9968b66013c3a3ef39dd7e5798?s=96&d=mm&r=g","caption":"Jeanette"},"sameAs":["https:\/\/www.eldiario.net\/portal"],"url":"https:\/\/www.eldiario.net\/portal\/author\/jeanette\/"}]}},"_links":{"self":[{"href":"https:\/\/www.eldiario.net\/portal\/wp-json\/wp\/v2\/posts\/280252","targetHints":{"allow":["GET"]}}],"collection":[{"href":"https:\/\/www.eldiario.net\/portal\/wp-json\/wp\/v2\/posts"}],"about":[{"href":"https:\/\/www.eldiario.net\/portal\/wp-json\/wp\/v2\/types\/post"}],"author":[{"embeddable":true,"href":"https:\/\/www.eldiario.net\/portal\/wp-json\/wp\/v2\/users\/1"}],"replies":[{"embeddable":true,"href":"https:\/\/www.eldiario.net\/portal\/wp-json\/wp\/v2\/comments?post=280252"}],"version-history":[{"count":1,"href":"https:\/\/www.eldiario.net\/portal\/wp-json\/wp\/v2\/posts\/280252\/revisions"}],"predecessor-version":[{"id":280254,"href":"https:\/\/www.eldiario.net\/portal\/wp-json\/wp\/v2\/posts\/280252\/revisions\/280254"}],"wp:featuredmedia":[{"embeddable":true,"href":"https:\/\/www.eldiario.net\/portal\/wp-json\/wp\/v2\/media\/280253"}],"wp:attachment":[{"href":"https:\/\/www.eldiario.net\/portal\/wp-json\/wp\/v2\/media?parent=280252"}],"wp:term":[{"taxonomy":"category","embeddable":true,"href":"https:\/\/www.eldiario.net\/portal\/wp-json\/wp\/v2\/categories?post=280252"},{"taxonomy":"post_tag","embeddable":true,"href":"https:\/\/www.eldiario.net\/portal\/wp-json\/wp\/v2\/tags?post=280252"}],"curies":[{"name":"wp","href":"https:\/\/api.w.org\/{rel}","templated":true}]}}