{"id":280247,"date":"2025-02-08T07:02:46","date_gmt":"2025-02-08T11:02:46","guid":{"rendered":"https:\/\/www.eldiario.net\/portal\/?p=280247"},"modified":"2025-02-08T07:02:46","modified_gmt":"2025-02-08T11:02:46","slug":"paro-del-lunes-sera-una-medida-civica-afirma-fernando-larach","status":"publish","type":"post","link":"https:\/\/www.eldiario.net\/portal\/2025\/02\/08\/paro-del-lunes-sera-una-medida-civica-afirma-fernando-larach\/","title":{"rendered":"Paro del lunes ser\u00e1 una medida c\u00edvica afirma Fernando Larach"},"content":{"rendered":"<p>Este lunes, 10 de febrero, se realizar\u00e1 un paro nacional convocado por distintos sectores econ\u00f3micos y sociales que rechazan la disposici\u00f3n s\u00e9ptima del Presupuesto General del Estado (PGE) que contempla el decomiso de productos, medida del que tambi\u00e9n participar\u00e1 el Comit\u00e9 pro Santa Cruz cuyo expresidente Fernando Larach, puntualiz\u00f3 las diferencias que tendr\u00e1 esa movilizaci\u00f3n con un paro c\u00edvico.<br \/>\n\u201cNo implica bloqueos de camino, bloqueos de rotonda, ni pititas, ni ning\u00fan tipo de otra situaci\u00f3n similar a un paro c\u00edvico\u201d, enfatiz\u00f3 Larach al manifestar que los sectores que har\u00e1n la protesta no desarrollar\u00e1n las actividades que com\u00fanmente cumplen a diario.<br \/>\nRepresentantes de diversos sectores, que se reunieron el martes en Tarija, emitieron una resoluci\u00f3n que exige al presidente del Estado Plurinacional de Bolivia, Luis Arce Catacora, que mediante su bancada (en la Asamblea Legislativa) realice las acciones necesarias para que lo antes posible se realice la respectiva derogaci\u00f3n de la pol\u00e9mica disposici\u00f3n.<br \/>\n\u201cCada instituci\u00f3n de manera interna va a coordinar con sus afiliados, con sus dirigentes. La cadena productiva es grande. Adem\u00e1s, es importante mencionar que cuatro comit\u00e9s c\u00edvicos en este momento se han incorporado porque han entendido que esto (la disposici\u00f3n) est\u00e1 golpeando la propiedad privada de todos los bolivianos\u201d, se\u00f1al\u00f3 el exejecutivo. (Santa Cruz, agencias)<\/p>\n","protected":false},"excerpt":{"rendered":"<p>Este lunes, 10 de febrero, se realizar\u00e1 un paro nacional convocado por distintos sectores econ\u00f3micos y sociales que rechazan la disposici\u00f3n s\u00e9ptima del Presupuesto General del Estado (PGE) que contempla el decomiso de productos, medida del que tambi\u00e9n participar\u00e1 el Comit\u00e9 pro Santa Cruz cuyo expresidente Fernando Larach, puntualiz\u00f3 las diferencias que tendr\u00e1 esa movilizaci\u00f3n [&hellip;]<\/p>\n","protected":false},"author":1,"featured_media":280248,"comment_status":"closed","ping_status":"open","sticky":false,"template":"","format":"standard","meta":{"_acf_changed":false,"footnotes":""},"categories":[12],"tags":[],"class_list":["post-280247","post","type-post","status-publish","format-standard","has-post-thumbnail","category-nacional"],"acf":{"antetitulo":"Santa Cruz"},"yoast_head":"<!-- This site is optimized with the Yoast SEO plugin v28.3 - https:\/\/yoast.com\/product\/yoast-seo-wordpress\/ -->\n<title>Paro del lunes ser\u00e1 una medida c\u00edvica afirma Fernando Larach - El Diario - Bolivia<\/title>\n<meta name=\"robots\" content=\"index, follow, max-snippet:-1, max-image-preview:large, max-video-preview:-1\" \/>\n<link rel=\"canonical\" href=\"https:\/\/www.eldiario.net\/portal\/2025\/02\/08\/paro-del-lunes-sera-una-medida-civica-afirma-fernando-larach\/\" \/>\n<meta property=\"og:locale\" content=\"es_ES\" \/>\n<meta property=\"og:type\" content=\"article\" \/>\n<meta property=\"og:title\" content=\"Paro del lunes ser\u00e1 una medida c\u00edvica afirma Fernando Larach - El Diario - Bolivia\" \/>\n<meta property=\"og:description\" content=\"Este lunes, 10 de febrero, se realizar\u00e1 un paro nacional convocado por distintos sectores econ\u00f3micos y sociales que rechazan la disposici\u00f3n s\u00e9ptima del Presupuesto General del Estado (PGE) que contempla el decomiso de productos, medida del que tambi\u00e9n participar\u00e1 el Comit\u00e9 pro Santa Cruz cuyo expresidente Fernando Larach, puntualiz\u00f3 las diferencias que tendr\u00e1 esa movilizaci\u00f3n [&hellip;]\" \/>\n<meta property=\"og:url\" content=\"https:\/\/www.eldiario.net\/portal\/2025\/02\/08\/paro-del-lunes-sera-una-medida-civica-afirma-fernando-larach\/\" \/>\n<meta property=\"og:site_name\" content=\"El Diario - Bolivia\" \/>\n<meta property=\"article:publisher\" content=\"https:\/\/www.facebook.com\/eldiario.bolivia\/\" \/>\n<meta property=\"article:published_time\" content=\"2025-02-08T11:02:46+00:00\" \/>\n<meta property=\"og:image\" content=\"https:\/\/www.eldiario.net\/portal\/wp-content\/uploads\/2025\/02\/73-NAL-1.jpg\" \/>\n\t<meta property=\"og:image:width\" content=\"1200\" \/>\n\t<meta property=\"og:image:height\" content=\"511\" \/>\n\t<meta property=\"og:image:type\" content=\"image\/jpeg\" \/>\n<meta name=\"author\" content=\"Jeanette\" \/>\n<meta name=\"twitter:card\" content=\"summary_large_image\" \/>\n<meta name=\"twitter:creator\" content=\"@eldiario_net\" \/>\n<meta name=\"twitter:site\" content=\"@eldiario_net\" \/>\n<meta name=\"twitter:label1\" content=\"Escrito por\" \/>\n\t<meta name=\"twitter:data1\" content=\"Jeanette\" \/>\n\t<meta name=\"twitter:label2\" content=\"Tiempo de lectura\" \/>\n\t<meta name=\"twitter:data2\" content=\"2 minutos\" \/>\n<script type=\"application\/ld+json\" class=\"yoast-schema-graph\">{\"@context\":\"https:\\\/\\\/schema.org\",\"@graph\":[{\"@type\":\"Article\",\"@id\":\"https:\\\/\\\/www.eldiario.net\\\/portal\\\/2025\\\/02\\\/08\\\/paro-del-lunes-sera-una-medida-civica-afirma-fernando-larach\\\/#article\",\"isPartOf\":{\"@id\":\"https:\\\/\\\/www.eldiario.net\\\/portal\\\/2025\\\/02\\\/08\\\/paro-del-lunes-sera-una-medida-civica-afirma-fernando-larach\\\/\"},\"author\":{\"name\":\"Jeanette\",\"@id\":\"https:\\\/\\\/www.eldiario.net\\\/portal\\\/#\\\/schema\\\/person\\\/f46445640444750d7d753ccd04ae01b7\"},\"headline\":\"Paro del lunes ser\u00e1 una medida c\u00edvica afirma Fernando Larach\",\"datePublished\":\"2025-02-08T11:02:46+00:00\",\"mainEntityOfPage\":{\"@id\":\"https:\\\/\\\/www.eldiario.net\\\/portal\\\/2025\\\/02\\\/08\\\/paro-del-lunes-sera-una-medida-civica-afirma-fernando-larach\\\/\"},\"wordCount\":239,\"publisher\":{\"@id\":\"https:\\\/\\\/www.eldiario.net\\\/portal\\\/#organization\"},\"image\":{\"@id\":\"https:\\\/\\\/www.eldiario.net\\\/portal\\\/2025\\\/02\\\/08\\\/paro-del-lunes-sera-una-medida-civica-afirma-fernando-larach\\\/#primaryimage\"},\"thumbnailUrl\":\"https:\\\/\\\/www.eldiario.net\\\/portal\\\/wp-content\\\/uploads\\\/2025\\\/02\\\/73-NAL-1.jpg\",\"articleSection\":[\"Nacional\"],\"inLanguage\":\"es\"},{\"@type\":\"WebPage\",\"@id\":\"https:\\\/\\\/www.eldiario.net\\\/portal\\\/2025\\\/02\\\/08\\\/paro-del-lunes-sera-una-medida-civica-afirma-fernando-larach\\\/\",\"url\":\"https:\\\/\\\/www.eldiario.net\\\/portal\\\/2025\\\/02\\\/08\\\/paro-del-lunes-sera-una-medida-civica-afirma-fernando-larach\\\/\",\"name\":\"Paro del lunes ser\u00e1 una medida c\u00edvica afirma Fernando Larach - El Diario - Bolivia\",\"isPartOf\":{\"@id\":\"https:\\\/\\\/www.eldiario.net\\\/portal\\\/#website\"},\"primaryImageOfPage\":{\"@id\":\"https:\\\/\\\/www.eldiario.net\\\/portal\\\/2025\\\/02\\\/08\\\/paro-del-lunes-sera-una-medida-civica-afirma-fernando-larach\\\/#primaryimage\"},\"image\":{\"@id\":\"https:\\\/\\\/www.eldiario.net\\\/portal\\\/2025\\\/02\\\/08\\\/paro-del-lunes-sera-una-medida-civica-afirma-fernando-larach\\\/#primaryimage\"},\"thumbnailUrl\":\"https:\\\/\\\/www.eldiario.net\\\/portal\\\/wp-content\\\/uploads\\\/2025\\\/02\\\/73-NAL-1.jpg\",\"datePublished\":\"2025-02-08T11:02:46+00:00\",\"breadcrumb\":{\"@id\":\"https:\\\/\\\/www.eldiario.net\\\/portal\\\/2025\\\/02\\\/08\\\/paro-del-lunes-sera-una-medida-civica-afirma-fernando-larach\\\/#breadcrumb\"},\"inLanguage\":\"es\",\"potentialAction\":[{\"@type\":\"ReadAction\",\"target\":[\"https:\\\/\\\/www.eldiario.net\\\/portal\\\/2025\\\/02\\\/08\\\/paro-del-lunes-sera-una-medida-civica-afirma-fernando-larach\\\/\"]}]},{\"@type\":\"ImageObject\",\"inLanguage\":\"es\",\"@id\":\"https:\\\/\\\/www.eldiario.net\\\/portal\\\/2025\\\/02\\\/08\\\/paro-del-lunes-sera-una-medida-civica-afirma-fernando-larach\\\/#primaryimage\",\"url\":\"https:\\\/\\\/www.eldiario.net\\\/portal\\\/wp-content\\\/uploads\\\/2025\\\/02\\\/73-NAL-1.jpg\",\"contentUrl\":\"https:\\\/\\\/www.eldiario.net\\\/portal\\\/wp-content\\\/uploads\\\/2025\\\/02\\\/73-NAL-1.jpg\",\"width\":1200,\"height\":511,\"caption\":\"El expresidente del comit\u00e9 c\u00edvico cruce\u00f1o, Fernando Larach.\"},{\"@type\":\"BreadcrumbList\",\"@id\":\"https:\\\/\\\/www.eldiario.net\\\/portal\\\/2025\\\/02\\\/08\\\/paro-del-lunes-sera-una-medida-civica-afirma-fernando-larach\\\/#breadcrumb\",\"itemListElement\":[{\"@type\":\"ListItem\",\"position\":1,\"name\":\"Portada\",\"item\":\"https:\\\/\\\/www.eldiario.net\\\/portal\\\/\"},{\"@type\":\"ListItem\",\"position\":2,\"name\":\"Paro del lunes ser\u00e1 una medida c\u00edvica afirma Fernando Larach\"}]},{\"@type\":\"WebSite\",\"@id\":\"https:\\\/\\\/www.eldiario.net\\\/portal\\\/#website\",\"url\":\"https:\\\/\\\/www.eldiario.net\\\/portal\\\/\",\"name\":\"El Diario - Decano de la prensa nacional\",\"description\":\"El Diario - Decano de la prensa nacional\",\"publisher\":{\"@id\":\"https:\\\/\\\/www.eldiario.net\\\/portal\\\/#organization\"},\"potentialAction\":[{\"@type\":\"SearchAction\",\"target\":{\"@type\":\"EntryPoint\",\"urlTemplate\":\"https:\\\/\\\/www.eldiario.net\\\/portal\\\/?s={search_term_string}\"},\"query-input\":{\"@type\":\"PropertyValueSpecification\",\"valueRequired\":true,\"valueName\":\"search_term_string\"}}],\"inLanguage\":\"es\"},{\"@type\":\"Organization\",\"@id\":\"https:\\\/\\\/www.eldiario.net\\\/portal\\\/#organization\",\"name\":\"El Diario - Decano de la prensa nacional\",\"url\":\"https:\\\/\\\/www.eldiario.net\\\/portal\\\/\",\"logo\":{\"@type\":\"ImageObject\",\"inLanguage\":\"es\",\"@id\":\"https:\\\/\\\/www.eldiario.net\\\/portal\\\/#\\\/schema\\\/logo\\\/image\\\/\",\"url\":\"https:\\\/\\\/www.eldiario.net\\\/portal\\\/wp-content\\\/uploads\\\/2023\\\/07\\\/logo_ED.jpg\",\"contentUrl\":\"https:\\\/\\\/www.eldiario.net\\\/portal\\\/wp-content\\\/uploads\\\/2023\\\/07\\\/logo_ED.jpg\",\"width\":272,\"height\":52,\"caption\":\"El Diario - Decano de la prensa nacional\"},\"image\":{\"@id\":\"https:\\\/\\\/www.eldiario.net\\\/portal\\\/#\\\/schema\\\/logo\\\/image\\\/\"},\"sameAs\":[\"https:\\\/\\\/www.facebook.com\\\/eldiario.bolivia\\\/\",\"https:\\\/\\\/x.com\\\/eldiario_net\"]},{\"@type\":\"Person\",\"@id\":\"https:\\\/\\\/www.eldiario.net\\\/portal\\\/#\\\/schema\\\/person\\\/f46445640444750d7d753ccd04ae01b7\",\"name\":\"Jeanette\",\"image\":{\"@type\":\"ImageObject\",\"inLanguage\":\"es\",\"@id\":\"https:\\\/\\\/secure.gravatar.com\\\/avatar\\\/3ea2118a5f7dad2b7138b1187a6b7ee55f160b9968b66013c3a3ef39dd7e5798?s=96&d=mm&r=g\",\"url\":\"https:\\\/\\\/secure.gravatar.com\\\/avatar\\\/3ea2118a5f7dad2b7138b1187a6b7ee55f160b9968b66013c3a3ef39dd7e5798?s=96&d=mm&r=g\",\"contentUrl\":\"https:\\\/\\\/secure.gravatar.com\\\/avatar\\\/3ea2118a5f7dad2b7138b1187a6b7ee55f160b9968b66013c3a3ef39dd7e5798?s=96&d=mm&r=g\",\"caption\":\"Jeanette\"},\"sameAs\":[\"https:\\\/\\\/www.eldiario.net\\\/portal\"],\"url\":\"https:\\\/\\\/www.eldiario.net\\\/portal\\\/author\\\/jeanette\\\/\"}]}<\/script>\n<!-- \/ Yoast SEO plugin. -->","yoast_head_json":{"title":"Paro del lunes ser\u00e1 una medida c\u00edvica afirma Fernando Larach - El Diario - Bolivia","robots":{"index":"index","follow":"follow","max-snippet":"max-snippet:-1","max-image-preview":"max-image-preview:large","max-video-preview":"max-video-preview:-1"},"canonical":"https:\/\/www.eldiario.net\/portal\/2025\/02\/08\/paro-del-lunes-sera-una-medida-civica-afirma-fernando-larach\/","og_locale":"es_ES","og_type":"article","og_title":"Paro del lunes ser\u00e1 una medida c\u00edvica afirma Fernando Larach - El Diario - Bolivia","og_description":"Este lunes, 10 de febrero, se realizar\u00e1 un paro nacional convocado por distintos sectores econ\u00f3micos y sociales que rechazan la disposici\u00f3n s\u00e9ptima del Presupuesto General del Estado (PGE) que contempla el decomiso de productos, medida del que tambi\u00e9n participar\u00e1 el Comit\u00e9 pro Santa Cruz cuyo expresidente Fernando Larach, puntualiz\u00f3 las diferencias que tendr\u00e1 esa movilizaci\u00f3n [&hellip;]","og_url":"https:\/\/www.eldiario.net\/portal\/2025\/02\/08\/paro-del-lunes-sera-una-medida-civica-afirma-fernando-larach\/","og_site_name":"El Diario - Bolivia","article_publisher":"https:\/\/www.facebook.com\/eldiario.bolivia\/","article_published_time":"2025-02-08T11:02:46+00:00","og_image":[{"width":1200,"height":511,"url":"https:\/\/www.eldiario.net\/portal\/wp-content\/uploads\/2025\/02\/73-NAL-1.jpg","type":"image\/jpeg"}],"author":"Jeanette","twitter_card":"summary_large_image","twitter_creator":"@eldiario_net","twitter_site":"@eldiario_net","twitter_misc":{"Escrito por":"Jeanette","Tiempo de lectura":"2 minutos"},"schema":{"@context":"https:\/\/schema.org","@graph":[{"@type":"Article","@id":"https:\/\/www.eldiario.net\/portal\/2025\/02\/08\/paro-del-lunes-sera-una-medida-civica-afirma-fernando-larach\/#article","isPartOf":{"@id":"https:\/\/www.eldiario.net\/portal\/2025\/02\/08\/paro-del-lunes-sera-una-medida-civica-afirma-fernando-larach\/"},"author":{"name":"Jeanette","@id":"https:\/\/www.eldiario.net\/portal\/#\/schema\/person\/f46445640444750d7d753ccd04ae01b7"},"headline":"Paro del lunes ser\u00e1 una medida c\u00edvica afirma Fernando Larach","datePublished":"2025-02-08T11:02:46+00:00","mainEntityOfPage":{"@id":"https:\/\/www.eldiario.net\/portal\/2025\/02\/08\/paro-del-lunes-sera-una-medida-civica-afirma-fernando-larach\/"},"wordCount":239,"publisher":{"@id":"https:\/\/www.eldiario.net\/portal\/#organization"},"image":{"@id":"https:\/\/www.eldiario.net\/portal\/2025\/02\/08\/paro-del-lunes-sera-una-medida-civica-afirma-fernando-larach\/#primaryimage"},"thumbnailUrl":"https:\/\/www.eldiario.net\/portal\/wp-content\/uploads\/2025\/02\/73-NAL-1.jpg","articleSection":["Nacional"],"inLanguage":"es"},{"@type":"WebPage","@id":"https:\/\/www.eldiario.net\/portal\/2025\/02\/08\/paro-del-lunes-sera-una-medida-civica-afirma-fernando-larach\/","url":"https:\/\/www.eldiario.net\/portal\/2025\/02\/08\/paro-del-lunes-sera-una-medida-civica-afirma-fernando-larach\/","name":"Paro del lunes ser\u00e1 una medida c\u00edvica afirma Fernando Larach - El Diario - Bolivia","isPartOf":{"@id":"https:\/\/www.eldiario.net\/portal\/#website"},"primaryImageOfPage":{"@id":"https:\/\/www.eldiario.net\/portal\/2025\/02\/08\/paro-del-lunes-sera-una-medida-civica-afirma-fernando-larach\/#primaryimage"},"image":{"@id":"https:\/\/www.eldiario.net\/portal\/2025\/02\/08\/paro-del-lunes-sera-una-medida-civica-afirma-fernando-larach\/#primaryimage"},"thumbnailUrl":"https:\/\/www.eldiario.net\/portal\/wp-content\/uploads\/2025\/02\/73-NAL-1.jpg","datePublished":"2025-02-08T11:02:46+00:00","breadcrumb":{"@id":"https:\/\/www.eldiario.net\/portal\/2025\/02\/08\/paro-del-lunes-sera-una-medida-civica-afirma-fernando-larach\/#breadcrumb"},"inLanguage":"es","potentialAction":[{"@type":"ReadAction","target":["https:\/\/www.eldiario.net\/portal\/2025\/02\/08\/paro-del-lunes-sera-una-medida-civica-afirma-fernando-larach\/"]}]},{"@type":"ImageObject","inLanguage":"es","@id":"https:\/\/www.eldiario.net\/portal\/2025\/02\/08\/paro-del-lunes-sera-una-medida-civica-afirma-fernando-larach\/#primaryimage","url":"https:\/\/www.eldiario.net\/portal\/wp-content\/uploads\/2025\/02\/73-NAL-1.jpg","contentUrl":"https:\/\/www.eldiario.net\/portal\/wp-content\/uploads\/2025\/02\/73-NAL-1.jpg","width":1200,"height":511,"caption":"El expresidente del comit\u00e9 c\u00edvico cruce\u00f1o, Fernando Larach."},{"@type":"BreadcrumbList","@id":"https:\/\/www.eldiario.net\/portal\/2025\/02\/08\/paro-del-lunes-sera-una-medida-civica-afirma-fernando-larach\/#breadcrumb","itemListElement":[{"@type":"ListItem","position":1,"name":"Portada","item":"https:\/\/www.eldiario.net\/portal\/"},{"@type":"ListItem","position":2,"name":"Paro del lunes ser\u00e1 una medida c\u00edvica afirma Fernando Larach"}]},{"@type":"WebSite","@id":"https:\/\/www.eldiario.net\/portal\/#website","url":"https:\/\/www.eldiario.net\/portal\/","name":"El Diario - Decano de la prensa nacional","description":"El Diario - Decano de la prensa nacional","publisher":{"@id":"https:\/\/www.eldiario.net\/portal\/#organization"},"potentialAction":[{"@type":"SearchAction","target":{"@type":"EntryPoint","urlTemplate":"https:\/\/www.eldiario.net\/portal\/?s={search_term_string}"},"query-input":{"@type":"PropertyValueSpecification","valueRequired":true,"valueName":"search_term_string"}}],"inLanguage":"es"},{"@type":"Organization","@id":"https:\/\/www.eldiario.net\/portal\/#organization","name":"El Diario - Decano de la prensa nacional","url":"https:\/\/www.eldiario.net\/portal\/","logo":{"@type":"ImageObject","inLanguage":"es","@id":"https:\/\/www.eldiario.net\/portal\/#\/schema\/logo\/image\/","url":"https:\/\/www.eldiario.net\/portal\/wp-content\/uploads\/2023\/07\/logo_ED.jpg","contentUrl":"https:\/\/www.eldiario.net\/portal\/wp-content\/uploads\/2023\/07\/logo_ED.jpg","width":272,"height":52,"caption":"El Diario - Decano de la prensa nacional"},"image":{"@id":"https:\/\/www.eldiario.net\/portal\/#\/schema\/logo\/image\/"},"sameAs":["https:\/\/www.facebook.com\/eldiario.bolivia\/","https:\/\/x.com\/eldiario_net"]},{"@type":"Person","@id":"https:\/\/www.eldiario.net\/portal\/#\/schema\/person\/f46445640444750d7d753ccd04ae01b7","name":"Jeanette","image":{"@type":"ImageObject","inLanguage":"es","@id":"https:\/\/secure.gravatar.com\/avatar\/3ea2118a5f7dad2b7138b1187a6b7ee55f160b9968b66013c3a3ef39dd7e5798?s=96&d=mm&r=g","url":"https:\/\/secure.gravatar.com\/avatar\/3ea2118a5f7dad2b7138b1187a6b7ee55f160b9968b66013c3a3ef39dd7e5798?s=96&d=mm&r=g","contentUrl":"https:\/\/secure.gravatar.com\/avatar\/3ea2118a5f7dad2b7138b1187a6b7ee55f160b9968b66013c3a3ef39dd7e5798?s=96&d=mm&r=g","caption":"Jeanette"},"sameAs":["https:\/\/www.eldiario.net\/portal"],"url":"https:\/\/www.eldiario.net\/portal\/author\/jeanette\/"}]}},"_links":{"self":[{"href":"https:\/\/www.eldiario.net\/portal\/wp-json\/wp\/v2\/posts\/280247","targetHints":{"allow":["GET"]}}],"collection":[{"href":"https:\/\/www.eldiario.net\/portal\/wp-json\/wp\/v2\/posts"}],"about":[{"href":"https:\/\/www.eldiario.net\/portal\/wp-json\/wp\/v2\/types\/post"}],"author":[{"embeddable":true,"href":"https:\/\/www.eldiario.net\/portal\/wp-json\/wp\/v2\/users\/1"}],"replies":[{"embeddable":true,"href":"https:\/\/www.eldiario.net\/portal\/wp-json\/wp\/v2\/comments?post=280247"}],"version-history":[{"count":1,"href":"https:\/\/www.eldiario.net\/portal\/wp-json\/wp\/v2\/posts\/280247\/revisions"}],"predecessor-version":[{"id":280249,"href":"https:\/\/www.eldiario.net\/portal\/wp-json\/wp\/v2\/posts\/280247\/revisions\/280249"}],"wp:featuredmedia":[{"embeddable":true,"href":"https:\/\/www.eldiario.net\/portal\/wp-json\/wp\/v2\/media\/280248"}],"wp:attachment":[{"href":"https:\/\/www.eldiario.net\/portal\/wp-json\/wp\/v2\/media?parent=280247"}],"wp:term":[{"taxonomy":"category","embeddable":true,"href":"https:\/\/www.eldiario.net\/portal\/wp-json\/wp\/v2\/categories?post=280247"},{"taxonomy":"post_tag","embeddable":true,"href":"https:\/\/www.eldiario.net\/portal\/wp-json\/wp\/v2\/tags?post=280247"}],"curies":[{"name":"wp","href":"https:\/\/api.w.org\/{rel}","templated":true}]}}