{"id":280244,"date":"2025-02-08T07:01:38","date_gmt":"2025-02-08T11:01:38","guid":{"rendered":"https:\/\/www.eldiario.net\/portal\/?p=280244"},"modified":"2025-02-08T07:01:38","modified_gmt":"2025-02-08T11:01:38","slug":"cria-de-perezoso-se-recupera-tras-los-incendios-forestales","status":"publish","type":"post","link":"https:\/\/www.eldiario.net\/portal\/2025\/02\/08\/cria-de-perezoso-se-recupera-tras-los-incendios-forestales\/","title":{"rendered":"Cr\u00eda de perezoso se recupera tras los incendios forestales"},"content":{"rendered":"<p>En medio de la tragedia que dejaron los incendios forestales en Bolivia, en 2024, la historia de Tara, una cr\u00eda de perezoso, se erige como un s\u00edmbolo de resiliencia y esperanza. Su caso evidencia el extenso y complejo proceso de rehabilitaci\u00f3n que enfrentan los animales silvestres afectados por desastres ambientales.<br \/>\nTara fue encontrada en septiembre pasado, por una familia del poblado Santa Mar\u00eda en Guarayos, Santa Cruz. Aunque la zona no fue alcanzada por el fuego, la peque\u00f1a se vio envuelta en una densa nube de humo que result\u00f3 letal para muchas especies. Decenas de perezosos murieron intoxicados por la mala calidad del aire. Tara, una cr\u00eda, resisti\u00f3 durante d\u00edas aferrada al cuerpo sin vida de su madre hasta que, debilitada, cay\u00f3 al suelo. Su rescate marc\u00f3 el inicio de una ardua traves\u00eda de recuperaci\u00f3n en el Santuario Ambue Ari, gestionado por la Comunidad Inti Wara Yassi (CIWY).<br \/>\nDesde su llegada al santuario, la cachorra requiri\u00f3 atenci\u00f3n veterinaria especializada. Se le administr\u00f3 suero subcut\u00e1neo para combatir la deshidrataci\u00f3n y mejorar sus signos vitales. Sin embargo, la batalla por su supervivencia no fue sencilla: la p\u00e9rdida de peso, la anemia y el trauma por la p\u00e9rdida de su madre dificultaron su progreso, incluso con un equipo experto apoy\u00e1ndola.<br \/>\nCon el tiempo, Tara fue trasladada a distintos recintos para favorecer su adaptaci\u00f3n a un entorno cada vez m\u00e1s natural. Finalmente, se le construy\u00f3 una jaula mediana en plena selva, donde pudo continuar su rehabilitaci\u00f3n minimizando el contacto humano. Uno de los mayores desaf\u00edos en esta etapa fue encontrar su alimentaci\u00f3n ideal. Uno de los veterinarios que la trat\u00f3 debi\u00f3 aprender a identificar las hojas que prefer\u00eda, entre ellas las del ambaibo, toborochi, pacay y cacao.<br \/>\nCinco meses despu\u00e9s de su rescate, bi\u00f3logos y veterinarios de CIWY determinaron que Tara est\u00e1 lista para regresar a su h\u00e1bitat. Ahora, Ambue Ari, con sus mil hect\u00e1reas de selva protegida, se convierte en su nuevo hogar, un espacio libre de cazadores y alejado de las llamas.<br \/>\nSu caso resalta la importancia de la rehabilitaci\u00f3n de fauna silvestre y el tiempo que demanda la recuperaci\u00f3n de un animal afectado por desastres ambientales. Su historia tambi\u00e9n es un recordatorio de los esfuerzos humanos por revertir los da\u00f1os causados por los incendios forestales y otras amenazas al ecosistema. (La Regi\u00f3n, con datos de CIWY)<\/p>\n","protected":false},"excerpt":{"rendered":"<p>En medio de la tragedia que dejaron los incendios forestales en Bolivia, en 2024, la historia de Tara, una cr\u00eda de perezoso, se erige como un s\u00edmbolo de resiliencia y esperanza. Su caso evidencia el extenso y complejo proceso de rehabilitaci\u00f3n que enfrentan los animales silvestres afectados por desastres ambientales. Tara fue encontrada en septiembre [&hellip;]<\/p>\n","protected":false},"author":1,"featured_media":280245,"comment_status":"closed","ping_status":"open","sticky":false,"template":"","format":"standard","meta":{"_acf_changed":false,"footnotes":""},"categories":[12],"tags":[],"class_list":["post-280244","post","type-post","status-publish","format-standard","has-post-thumbnail","category-nacional"],"acf":{"antetitulo":"Santa Cruz"},"yoast_head":"<!-- This site is optimized with the Yoast SEO plugin v28.3 - https:\/\/yoast.com\/product\/yoast-seo-wordpress\/ -->\n<title>Cr\u00eda de perezoso se recupera tras los incendios forestales - El Diario - Bolivia<\/title>\n<meta name=\"robots\" content=\"index, follow, max-snippet:-1, max-image-preview:large, max-video-preview:-1\" \/>\n<link rel=\"canonical\" href=\"https:\/\/www.eldiario.net\/portal\/2025\/02\/08\/cria-de-perezoso-se-recupera-tras-los-incendios-forestales\/\" \/>\n<meta property=\"og:locale\" content=\"es_ES\" \/>\n<meta property=\"og:type\" content=\"article\" \/>\n<meta property=\"og:title\" content=\"Cr\u00eda de perezoso se recupera tras los incendios forestales - El Diario - Bolivia\" \/>\n<meta property=\"og:description\" content=\"En medio de la tragedia que dejaron los incendios forestales en Bolivia, en 2024, la historia de Tara, una cr\u00eda de perezoso, se erige como un s\u00edmbolo de resiliencia y esperanza. Su caso evidencia el extenso y complejo proceso de rehabilitaci\u00f3n que enfrentan los animales silvestres afectados por desastres ambientales. Tara fue encontrada en septiembre [&hellip;]\" \/>\n<meta property=\"og:url\" content=\"https:\/\/www.eldiario.net\/portal\/2025\/02\/08\/cria-de-perezoso-se-recupera-tras-los-incendios-forestales\/\" \/>\n<meta property=\"og:site_name\" content=\"El Diario - Bolivia\" \/>\n<meta property=\"article:publisher\" content=\"https:\/\/www.facebook.com\/eldiario.bolivia\/\" \/>\n<meta property=\"article:published_time\" content=\"2025-02-08T11:01:38+00:00\" \/>\n<meta property=\"og:image\" content=\"https:\/\/www.eldiario.net\/portal\/wp-content\/uploads\/2025\/02\/75-NAL.jpg\" \/>\n\t<meta property=\"og:image:width\" content=\"576\" \/>\n\t<meta property=\"og:image:height\" content=\"577\" \/>\n\t<meta property=\"og:image:type\" content=\"image\/jpeg\" \/>\n<meta name=\"author\" content=\"Jeanette\" \/>\n<meta name=\"twitter:card\" content=\"summary_large_image\" \/>\n<meta name=\"twitter:creator\" content=\"@eldiario_net\" \/>\n<meta name=\"twitter:site\" content=\"@eldiario_net\" \/>\n<meta name=\"twitter:label1\" content=\"Escrito por\" \/>\n\t<meta name=\"twitter:data1\" content=\"Jeanette\" \/>\n\t<meta name=\"twitter:label2\" content=\"Tiempo de lectura\" \/>\n\t<meta name=\"twitter:data2\" content=\"2 minutos\" \/>\n<script type=\"application\/ld+json\" class=\"yoast-schema-graph\">{\"@context\":\"https:\\\/\\\/schema.org\",\"@graph\":[{\"@type\":\"Article\",\"@id\":\"https:\\\/\\\/www.eldiario.net\\\/portal\\\/2025\\\/02\\\/08\\\/cria-de-perezoso-se-recupera-tras-los-incendios-forestales\\\/#article\",\"isPartOf\":{\"@id\":\"https:\\\/\\\/www.eldiario.net\\\/portal\\\/2025\\\/02\\\/08\\\/cria-de-perezoso-se-recupera-tras-los-incendios-forestales\\\/\"},\"author\":{\"name\":\"Jeanette\",\"@id\":\"https:\\\/\\\/www.eldiario.net\\\/portal\\\/#\\\/schema\\\/person\\\/f46445640444750d7d753ccd04ae01b7\"},\"headline\":\"Cr\u00eda de perezoso se recupera tras los incendios forestales\",\"datePublished\":\"2025-02-08T11:01:38+00:00\",\"mainEntityOfPage\":{\"@id\":\"https:\\\/\\\/www.eldiario.net\\\/portal\\\/2025\\\/02\\\/08\\\/cria-de-perezoso-se-recupera-tras-los-incendios-forestales\\\/\"},\"wordCount\":424,\"publisher\":{\"@id\":\"https:\\\/\\\/www.eldiario.net\\\/portal\\\/#organization\"},\"image\":{\"@id\":\"https:\\\/\\\/www.eldiario.net\\\/portal\\\/2025\\\/02\\\/08\\\/cria-de-perezoso-se-recupera-tras-los-incendios-forestales\\\/#primaryimage\"},\"thumbnailUrl\":\"https:\\\/\\\/www.eldiario.net\\\/portal\\\/wp-content\\\/uploads\\\/2025\\\/02\\\/75-NAL.jpg\",\"articleSection\":[\"Nacional\"],\"inLanguage\":\"es\"},{\"@type\":\"WebPage\",\"@id\":\"https:\\\/\\\/www.eldiario.net\\\/portal\\\/2025\\\/02\\\/08\\\/cria-de-perezoso-se-recupera-tras-los-incendios-forestales\\\/\",\"url\":\"https:\\\/\\\/www.eldiario.net\\\/portal\\\/2025\\\/02\\\/08\\\/cria-de-perezoso-se-recupera-tras-los-incendios-forestales\\\/\",\"name\":\"Cr\u00eda de perezoso se recupera tras los incendios forestales - El Diario - Bolivia\",\"isPartOf\":{\"@id\":\"https:\\\/\\\/www.eldiario.net\\\/portal\\\/#website\"},\"primaryImageOfPage\":{\"@id\":\"https:\\\/\\\/www.eldiario.net\\\/portal\\\/2025\\\/02\\\/08\\\/cria-de-perezoso-se-recupera-tras-los-incendios-forestales\\\/#primaryimage\"},\"image\":{\"@id\":\"https:\\\/\\\/www.eldiario.net\\\/portal\\\/2025\\\/02\\\/08\\\/cria-de-perezoso-se-recupera-tras-los-incendios-forestales\\\/#primaryimage\"},\"thumbnailUrl\":\"https:\\\/\\\/www.eldiario.net\\\/portal\\\/wp-content\\\/uploads\\\/2025\\\/02\\\/75-NAL.jpg\",\"datePublished\":\"2025-02-08T11:01:38+00:00\",\"breadcrumb\":{\"@id\":\"https:\\\/\\\/www.eldiario.net\\\/portal\\\/2025\\\/02\\\/08\\\/cria-de-perezoso-se-recupera-tras-los-incendios-forestales\\\/#breadcrumb\"},\"inLanguage\":\"es\",\"potentialAction\":[{\"@type\":\"ReadAction\",\"target\":[\"https:\\\/\\\/www.eldiario.net\\\/portal\\\/2025\\\/02\\\/08\\\/cria-de-perezoso-se-recupera-tras-los-incendios-forestales\\\/\"]}]},{\"@type\":\"ImageObject\",\"inLanguage\":\"es\",\"@id\":\"https:\\\/\\\/www.eldiario.net\\\/portal\\\/2025\\\/02\\\/08\\\/cria-de-perezoso-se-recupera-tras-los-incendios-forestales\\\/#primaryimage\",\"url\":\"https:\\\/\\\/www.eldiario.net\\\/portal\\\/wp-content\\\/uploads\\\/2025\\\/02\\\/75-NAL.jpg\",\"contentUrl\":\"https:\\\/\\\/www.eldiario.net\\\/portal\\\/wp-content\\\/uploads\\\/2025\\\/02\\\/75-NAL.jpg\",\"width\":576,\"height\":577,\"caption\":\"LA CR\u00cdA DE PEREZOSO EST\u00c1 COMPLETAMENTE RECUPERADA.\"},{\"@type\":\"BreadcrumbList\",\"@id\":\"https:\\\/\\\/www.eldiario.net\\\/portal\\\/2025\\\/02\\\/08\\\/cria-de-perezoso-se-recupera-tras-los-incendios-forestales\\\/#breadcrumb\",\"itemListElement\":[{\"@type\":\"ListItem\",\"position\":1,\"name\":\"Portada\",\"item\":\"https:\\\/\\\/www.eldiario.net\\\/portal\\\/\"},{\"@type\":\"ListItem\",\"position\":2,\"name\":\"Cr\u00eda de perezoso se recupera tras los incendios forestales\"}]},{\"@type\":\"WebSite\",\"@id\":\"https:\\\/\\\/www.eldiario.net\\\/portal\\\/#website\",\"url\":\"https:\\\/\\\/www.eldiario.net\\\/portal\\\/\",\"name\":\"El Diario - Decano de la prensa nacional\",\"description\":\"El Diario - Decano de la prensa nacional\",\"publisher\":{\"@id\":\"https:\\\/\\\/www.eldiario.net\\\/portal\\\/#organization\"},\"potentialAction\":[{\"@type\":\"SearchAction\",\"target\":{\"@type\":\"EntryPoint\",\"urlTemplate\":\"https:\\\/\\\/www.eldiario.net\\\/portal\\\/?s={search_term_string}\"},\"query-input\":{\"@type\":\"PropertyValueSpecification\",\"valueRequired\":true,\"valueName\":\"search_term_string\"}}],\"inLanguage\":\"es\"},{\"@type\":\"Organization\",\"@id\":\"https:\\\/\\\/www.eldiario.net\\\/portal\\\/#organization\",\"name\":\"El Diario - Decano de la prensa nacional\",\"url\":\"https:\\\/\\\/www.eldiario.net\\\/portal\\\/\",\"logo\":{\"@type\":\"ImageObject\",\"inLanguage\":\"es\",\"@id\":\"https:\\\/\\\/www.eldiario.net\\\/portal\\\/#\\\/schema\\\/logo\\\/image\\\/\",\"url\":\"https:\\\/\\\/www.eldiario.net\\\/portal\\\/wp-content\\\/uploads\\\/2023\\\/07\\\/logo_ED.jpg\",\"contentUrl\":\"https:\\\/\\\/www.eldiario.net\\\/portal\\\/wp-content\\\/uploads\\\/2023\\\/07\\\/logo_ED.jpg\",\"width\":272,\"height\":52,\"caption\":\"El Diario - Decano de la prensa nacional\"},\"image\":{\"@id\":\"https:\\\/\\\/www.eldiario.net\\\/portal\\\/#\\\/schema\\\/logo\\\/image\\\/\"},\"sameAs\":[\"https:\\\/\\\/www.facebook.com\\\/eldiario.bolivia\\\/\",\"https:\\\/\\\/x.com\\\/eldiario_net\"]},{\"@type\":\"Person\",\"@id\":\"https:\\\/\\\/www.eldiario.net\\\/portal\\\/#\\\/schema\\\/person\\\/f46445640444750d7d753ccd04ae01b7\",\"name\":\"Jeanette\",\"image\":{\"@type\":\"ImageObject\",\"inLanguage\":\"es\",\"@id\":\"https:\\\/\\\/secure.gravatar.com\\\/avatar\\\/3ea2118a5f7dad2b7138b1187a6b7ee55f160b9968b66013c3a3ef39dd7e5798?s=96&d=mm&r=g\",\"url\":\"https:\\\/\\\/secure.gravatar.com\\\/avatar\\\/3ea2118a5f7dad2b7138b1187a6b7ee55f160b9968b66013c3a3ef39dd7e5798?s=96&d=mm&r=g\",\"contentUrl\":\"https:\\\/\\\/secure.gravatar.com\\\/avatar\\\/3ea2118a5f7dad2b7138b1187a6b7ee55f160b9968b66013c3a3ef39dd7e5798?s=96&d=mm&r=g\",\"caption\":\"Jeanette\"},\"sameAs\":[\"https:\\\/\\\/www.eldiario.net\\\/portal\"],\"url\":\"https:\\\/\\\/www.eldiario.net\\\/portal\\\/author\\\/jeanette\\\/\"}]}<\/script>\n<!-- \/ Yoast SEO plugin. -->","yoast_head_json":{"title":"Cr\u00eda de perezoso se recupera tras los incendios forestales - El Diario - Bolivia","robots":{"index":"index","follow":"follow","max-snippet":"max-snippet:-1","max-image-preview":"max-image-preview:large","max-video-preview":"max-video-preview:-1"},"canonical":"https:\/\/www.eldiario.net\/portal\/2025\/02\/08\/cria-de-perezoso-se-recupera-tras-los-incendios-forestales\/","og_locale":"es_ES","og_type":"article","og_title":"Cr\u00eda de perezoso se recupera tras los incendios forestales - El Diario - Bolivia","og_description":"En medio de la tragedia que dejaron los incendios forestales en Bolivia, en 2024, la historia de Tara, una cr\u00eda de perezoso, se erige como un s\u00edmbolo de resiliencia y esperanza. Su caso evidencia el extenso y complejo proceso de rehabilitaci\u00f3n que enfrentan los animales silvestres afectados por desastres ambientales. Tara fue encontrada en septiembre [&hellip;]","og_url":"https:\/\/www.eldiario.net\/portal\/2025\/02\/08\/cria-de-perezoso-se-recupera-tras-los-incendios-forestales\/","og_site_name":"El Diario - Bolivia","article_publisher":"https:\/\/www.facebook.com\/eldiario.bolivia\/","article_published_time":"2025-02-08T11:01:38+00:00","og_image":[{"width":576,"height":577,"url":"https:\/\/www.eldiario.net\/portal\/wp-content\/uploads\/2025\/02\/75-NAL.jpg","type":"image\/jpeg"}],"author":"Jeanette","twitter_card":"summary_large_image","twitter_creator":"@eldiario_net","twitter_site":"@eldiario_net","twitter_misc":{"Escrito por":"Jeanette","Tiempo de lectura":"2 minutos"},"schema":{"@context":"https:\/\/schema.org","@graph":[{"@type":"Article","@id":"https:\/\/www.eldiario.net\/portal\/2025\/02\/08\/cria-de-perezoso-se-recupera-tras-los-incendios-forestales\/#article","isPartOf":{"@id":"https:\/\/www.eldiario.net\/portal\/2025\/02\/08\/cria-de-perezoso-se-recupera-tras-los-incendios-forestales\/"},"author":{"name":"Jeanette","@id":"https:\/\/www.eldiario.net\/portal\/#\/schema\/person\/f46445640444750d7d753ccd04ae01b7"},"headline":"Cr\u00eda de perezoso se recupera tras los incendios forestales","datePublished":"2025-02-08T11:01:38+00:00","mainEntityOfPage":{"@id":"https:\/\/www.eldiario.net\/portal\/2025\/02\/08\/cria-de-perezoso-se-recupera-tras-los-incendios-forestales\/"},"wordCount":424,"publisher":{"@id":"https:\/\/www.eldiario.net\/portal\/#organization"},"image":{"@id":"https:\/\/www.eldiario.net\/portal\/2025\/02\/08\/cria-de-perezoso-se-recupera-tras-los-incendios-forestales\/#primaryimage"},"thumbnailUrl":"https:\/\/www.eldiario.net\/portal\/wp-content\/uploads\/2025\/02\/75-NAL.jpg","articleSection":["Nacional"],"inLanguage":"es"},{"@type":"WebPage","@id":"https:\/\/www.eldiario.net\/portal\/2025\/02\/08\/cria-de-perezoso-se-recupera-tras-los-incendios-forestales\/","url":"https:\/\/www.eldiario.net\/portal\/2025\/02\/08\/cria-de-perezoso-se-recupera-tras-los-incendios-forestales\/","name":"Cr\u00eda de perezoso se recupera tras los incendios forestales - El Diario - Bolivia","isPartOf":{"@id":"https:\/\/www.eldiario.net\/portal\/#website"},"primaryImageOfPage":{"@id":"https:\/\/www.eldiario.net\/portal\/2025\/02\/08\/cria-de-perezoso-se-recupera-tras-los-incendios-forestales\/#primaryimage"},"image":{"@id":"https:\/\/www.eldiario.net\/portal\/2025\/02\/08\/cria-de-perezoso-se-recupera-tras-los-incendios-forestales\/#primaryimage"},"thumbnailUrl":"https:\/\/www.eldiario.net\/portal\/wp-content\/uploads\/2025\/02\/75-NAL.jpg","datePublished":"2025-02-08T11:01:38+00:00","breadcrumb":{"@id":"https:\/\/www.eldiario.net\/portal\/2025\/02\/08\/cria-de-perezoso-se-recupera-tras-los-incendios-forestales\/#breadcrumb"},"inLanguage":"es","potentialAction":[{"@type":"ReadAction","target":["https:\/\/www.eldiario.net\/portal\/2025\/02\/08\/cria-de-perezoso-se-recupera-tras-los-incendios-forestales\/"]}]},{"@type":"ImageObject","inLanguage":"es","@id":"https:\/\/www.eldiario.net\/portal\/2025\/02\/08\/cria-de-perezoso-se-recupera-tras-los-incendios-forestales\/#primaryimage","url":"https:\/\/www.eldiario.net\/portal\/wp-content\/uploads\/2025\/02\/75-NAL.jpg","contentUrl":"https:\/\/www.eldiario.net\/portal\/wp-content\/uploads\/2025\/02\/75-NAL.jpg","width":576,"height":577,"caption":"LA CR\u00cdA DE PEREZOSO EST\u00c1 COMPLETAMENTE RECUPERADA."},{"@type":"BreadcrumbList","@id":"https:\/\/www.eldiario.net\/portal\/2025\/02\/08\/cria-de-perezoso-se-recupera-tras-los-incendios-forestales\/#breadcrumb","itemListElement":[{"@type":"ListItem","position":1,"name":"Portada","item":"https:\/\/www.eldiario.net\/portal\/"},{"@type":"ListItem","position":2,"name":"Cr\u00eda de perezoso se recupera tras los incendios forestales"}]},{"@type":"WebSite","@id":"https:\/\/www.eldiario.net\/portal\/#website","url":"https:\/\/www.eldiario.net\/portal\/","name":"El Diario - Decano de la prensa nacional","description":"El Diario - Decano de la prensa nacional","publisher":{"@id":"https:\/\/www.eldiario.net\/portal\/#organization"},"potentialAction":[{"@type":"SearchAction","target":{"@type":"EntryPoint","urlTemplate":"https:\/\/www.eldiario.net\/portal\/?s={search_term_string}"},"query-input":{"@type":"PropertyValueSpecification","valueRequired":true,"valueName":"search_term_string"}}],"inLanguage":"es"},{"@type":"Organization","@id":"https:\/\/www.eldiario.net\/portal\/#organization","name":"El Diario - Decano de la prensa nacional","url":"https:\/\/www.eldiario.net\/portal\/","logo":{"@type":"ImageObject","inLanguage":"es","@id":"https:\/\/www.eldiario.net\/portal\/#\/schema\/logo\/image\/","url":"https:\/\/www.eldiario.net\/portal\/wp-content\/uploads\/2023\/07\/logo_ED.jpg","contentUrl":"https:\/\/www.eldiario.net\/portal\/wp-content\/uploads\/2023\/07\/logo_ED.jpg","width":272,"height":52,"caption":"El Diario - Decano de la prensa nacional"},"image":{"@id":"https:\/\/www.eldiario.net\/portal\/#\/schema\/logo\/image\/"},"sameAs":["https:\/\/www.facebook.com\/eldiario.bolivia\/","https:\/\/x.com\/eldiario_net"]},{"@type":"Person","@id":"https:\/\/www.eldiario.net\/portal\/#\/schema\/person\/f46445640444750d7d753ccd04ae01b7","name":"Jeanette","image":{"@type":"ImageObject","inLanguage":"es","@id":"https:\/\/secure.gravatar.com\/avatar\/3ea2118a5f7dad2b7138b1187a6b7ee55f160b9968b66013c3a3ef39dd7e5798?s=96&d=mm&r=g","url":"https:\/\/secure.gravatar.com\/avatar\/3ea2118a5f7dad2b7138b1187a6b7ee55f160b9968b66013c3a3ef39dd7e5798?s=96&d=mm&r=g","contentUrl":"https:\/\/secure.gravatar.com\/avatar\/3ea2118a5f7dad2b7138b1187a6b7ee55f160b9968b66013c3a3ef39dd7e5798?s=96&d=mm&r=g","caption":"Jeanette"},"sameAs":["https:\/\/www.eldiario.net\/portal"],"url":"https:\/\/www.eldiario.net\/portal\/author\/jeanette\/"}]}},"_links":{"self":[{"href":"https:\/\/www.eldiario.net\/portal\/wp-json\/wp\/v2\/posts\/280244","targetHints":{"allow":["GET"]}}],"collection":[{"href":"https:\/\/www.eldiario.net\/portal\/wp-json\/wp\/v2\/posts"}],"about":[{"href":"https:\/\/www.eldiario.net\/portal\/wp-json\/wp\/v2\/types\/post"}],"author":[{"embeddable":true,"href":"https:\/\/www.eldiario.net\/portal\/wp-json\/wp\/v2\/users\/1"}],"replies":[{"embeddable":true,"href":"https:\/\/www.eldiario.net\/portal\/wp-json\/wp\/v2\/comments?post=280244"}],"version-history":[{"count":1,"href":"https:\/\/www.eldiario.net\/portal\/wp-json\/wp\/v2\/posts\/280244\/revisions"}],"predecessor-version":[{"id":280246,"href":"https:\/\/www.eldiario.net\/portal\/wp-json\/wp\/v2\/posts\/280244\/revisions\/280246"}],"wp:featuredmedia":[{"embeddable":true,"href":"https:\/\/www.eldiario.net\/portal\/wp-json\/wp\/v2\/media\/280245"}],"wp:attachment":[{"href":"https:\/\/www.eldiario.net\/portal\/wp-json\/wp\/v2\/media?parent=280244"}],"wp:term":[{"taxonomy":"category","embeddable":true,"href":"https:\/\/www.eldiario.net\/portal\/wp-json\/wp\/v2\/categories?post=280244"},{"taxonomy":"post_tag","embeddable":true,"href":"https:\/\/www.eldiario.net\/portal\/wp-json\/wp\/v2\/tags?post=280244"}],"curies":[{"name":"wp","href":"https:\/\/api.w.org\/{rel}","templated":true}]}}