{"id":280242,"date":"2025-02-08T07:00:40","date_gmt":"2025-02-08T11:00:40","guid":{"rendered":"https:\/\/www.eldiario.net\/portal\/?p=280242"},"modified":"2025-02-08T07:00:40","modified_gmt":"2025-02-08T11:00:40","slug":"fexco-sera-del-24-de-abril-al-4-de-mayo-en-recinto-alalay","status":"publish","type":"post","link":"https:\/\/www.eldiario.net\/portal\/2025\/02\/08\/fexco-sera-del-24-de-abril-al-4-de-mayo-en-recinto-alalay\/","title":{"rendered":"Fexco ser\u00e1 del 24 de abril al  4 de mayo en recinto Alalay"},"content":{"rendered":"<p>La Feria Exposici\u00f3n Internacional de Cochabamba (Fexco), en su tercera versi\u00f3n, se realizar\u00e1 del 24 de abril al 4 de mayo en el recinto Ferial Alalay, anunciaron los organizadores.<br \/>\nPara la Fexco 2025 se estima la participaci\u00f3n de 1.500 expositores y 375 mil visitantes, generando as\u00ed un movimiento econ\u00f3mico de $us 175 millones, equivalente al 2.5% de aporte al PIB Departamental. Adem\u00e1s, generar\u00e1 m\u00e1s de 35 mil empleos directos e indirectos para la regi\u00f3n.<br \/>\n\u201cQuiero agradecer la participaci\u00f3n de la Federaci\u00f3n de Entidades Empresariales Privadas de Cochabamba porque no han dudado un instante para esta Alianza P\u00fablica Privada a fin de que la Feria sea un \u00e9xito\u201d, coment\u00f3 el alcalde de Cochabamba, Manfred Reyes Villa.<br \/>\nLa autoridad destac\u00f3 la construcci\u00f3n de la Plaza de Comidas para dar comodidad a los visitantes, indic\u00f3 que la misma tendr\u00e1 dos pisos y una capacidad para m\u00e1s de 1.500 comensales en 7.500 m2 de superficie.<br \/>\nAsimismo, manifest\u00f3 que los artesanos tendr\u00e1n un nuevo pabell\u00f3n para exponer sus productos. \u201cGracias a la Alianza P\u00fablica Privada tambi\u00e9n estamos construyendo el Fexco Arena, el cual tiene una inversi\u00f3n de m\u00e1s de Bs 12 millones para traer artistas internacionales y tendr\u00e1 una capacidad para m\u00e1s de 30 mil personas, esto coadyuva al movimiento econ\u00f3mico\u201d, destac\u00f3 el burgomaestre.<br \/>\nPor su parte, el gerente de la Fexco, Enrique Mendieta, se\u00f1al\u00f3 que durante los 11 d\u00edas de feria, Cochabamba ser\u00e1 el epicentro de los negocios donde peque\u00f1as, medianas y grandes empresas mostrar\u00e1n lo mejor de sus productos a Bolivia y al mundo.<br \/>\nLa Fexco Fest es un festival consolidado y este a\u00f1o contar\u00e1 con renombrados artistas nacionales e internacionales en cinco noches de shows en Fexco Arena. (Cochabamba, agencias)<\/p>\n","protected":false},"excerpt":{"rendered":"<p>La Feria Exposici\u00f3n Internacional de Cochabamba (Fexco), en su tercera versi\u00f3n, se realizar\u00e1 del 24 de abril al 4 de mayo en el recinto Ferial Alalay, anunciaron los organizadores. Para la Fexco 2025 se estima la participaci\u00f3n de 1.500 expositores y 375 mil visitantes, generando as\u00ed un movimiento econ\u00f3mico de $us 175 millones, equivalente al [&hellip;]<\/p>\n","protected":false},"author":1,"featured_media":194726,"comment_status":"closed","ping_status":"open","sticky":false,"template":"","format":"standard","meta":{"_acf_changed":false,"footnotes":""},"categories":[12],"tags":[],"class_list":["post-280242","post","type-post","status-publish","format-standard","has-post-thumbnail","category-nacional"],"acf":{"antetitulo":"Cochabamba"},"yoast_head":"<!-- This site is optimized with the Yoast SEO plugin v28.3 - https:\/\/yoast.com\/product\/yoast-seo-wordpress\/ -->\n<title>Fexco ser\u00e1 del 24 de abril al 4 de mayo en recinto Alalay - El Diario - Bolivia<\/title>\n<meta name=\"robots\" content=\"index, follow, max-snippet:-1, max-image-preview:large, max-video-preview:-1\" \/>\n<link rel=\"canonical\" href=\"https:\/\/www.eldiario.net\/portal\/2025\/02\/08\/fexco-sera-del-24-de-abril-al-4-de-mayo-en-recinto-alalay\/\" \/>\n<meta property=\"og:locale\" content=\"es_ES\" \/>\n<meta property=\"og:type\" content=\"article\" \/>\n<meta property=\"og:title\" content=\"Fexco ser\u00e1 del 24 de abril al 4 de mayo en recinto Alalay - El Diario - Bolivia\" \/>\n<meta property=\"og:description\" content=\"La Feria Exposici\u00f3n Internacional de Cochabamba (Fexco), en su tercera versi\u00f3n, se realizar\u00e1 del 24 de abril al 4 de mayo en el recinto Ferial Alalay, anunciaron los organizadores. Para la Fexco 2025 se estima la participaci\u00f3n de 1.500 expositores y 375 mil visitantes, generando as\u00ed un movimiento econ\u00f3mico de $us 175 millones, equivalente al [&hellip;]\" \/>\n<meta property=\"og:url\" content=\"https:\/\/www.eldiario.net\/portal\/2025\/02\/08\/fexco-sera-del-24-de-abril-al-4-de-mayo-en-recinto-alalay\/\" \/>\n<meta property=\"og:site_name\" content=\"El Diario - Bolivia\" \/>\n<meta property=\"article:publisher\" content=\"https:\/\/www.facebook.com\/eldiario.bolivia\/\" \/>\n<meta property=\"article:published_time\" content=\"2025-02-08T11:00:40+00:00\" \/>\n<meta property=\"og:image\" content=\"https:\/\/www.eldiario.net\/portal\/wp-content\/uploads\/2023\/12\/Nacional.jpg\" \/>\n\t<meta property=\"og:image:width\" content=\"800\" \/>\n\t<meta property=\"og:image:height\" content=\"500\" \/>\n\t<meta property=\"og:image:type\" content=\"image\/jpeg\" \/>\n<meta name=\"author\" content=\"Jeanette\" \/>\n<meta name=\"twitter:card\" content=\"summary_large_image\" \/>\n<meta name=\"twitter:creator\" content=\"@eldiario_net\" \/>\n<meta name=\"twitter:site\" content=\"@eldiario_net\" \/>\n<meta name=\"twitter:label1\" content=\"Escrito por\" \/>\n\t<meta name=\"twitter:data1\" content=\"Jeanette\" \/>\n\t<meta name=\"twitter:label2\" content=\"Tiempo de lectura\" \/>\n\t<meta name=\"twitter:data2\" content=\"2 minutos\" \/>\n<script type=\"application\/ld+json\" class=\"yoast-schema-graph\">{\"@context\":\"https:\\\/\\\/schema.org\",\"@graph\":[{\"@type\":\"Article\",\"@id\":\"https:\\\/\\\/www.eldiario.net\\\/portal\\\/2025\\\/02\\\/08\\\/fexco-sera-del-24-de-abril-al-4-de-mayo-en-recinto-alalay\\\/#article\",\"isPartOf\":{\"@id\":\"https:\\\/\\\/www.eldiario.net\\\/portal\\\/2025\\\/02\\\/08\\\/fexco-sera-del-24-de-abril-al-4-de-mayo-en-recinto-alalay\\\/\"},\"author\":{\"name\":\"Jeanette\",\"@id\":\"https:\\\/\\\/www.eldiario.net\\\/portal\\\/#\\\/schema\\\/person\\\/f46445640444750d7d753ccd04ae01b7\"},\"headline\":\"Fexco ser\u00e1 del 24 de abril al 4 de mayo en recinto Alalay\",\"datePublished\":\"2025-02-08T11:00:40+00:00\",\"mainEntityOfPage\":{\"@id\":\"https:\\\/\\\/www.eldiario.net\\\/portal\\\/2025\\\/02\\\/08\\\/fexco-sera-del-24-de-abril-al-4-de-mayo-en-recinto-alalay\\\/\"},\"wordCount\":301,\"publisher\":{\"@id\":\"https:\\\/\\\/www.eldiario.net\\\/portal\\\/#organization\"},\"image\":{\"@id\":\"https:\\\/\\\/www.eldiario.net\\\/portal\\\/2025\\\/02\\\/08\\\/fexco-sera-del-24-de-abril-al-4-de-mayo-en-recinto-alalay\\\/#primaryimage\"},\"thumbnailUrl\":\"https:\\\/\\\/www.eldiario.net\\\/portal\\\/wp-content\\\/uploads\\\/2023\\\/12\\\/Nacional.jpg\",\"articleSection\":[\"Nacional\"],\"inLanguage\":\"es\"},{\"@type\":\"WebPage\",\"@id\":\"https:\\\/\\\/www.eldiario.net\\\/portal\\\/2025\\\/02\\\/08\\\/fexco-sera-del-24-de-abril-al-4-de-mayo-en-recinto-alalay\\\/\",\"url\":\"https:\\\/\\\/www.eldiario.net\\\/portal\\\/2025\\\/02\\\/08\\\/fexco-sera-del-24-de-abril-al-4-de-mayo-en-recinto-alalay\\\/\",\"name\":\"Fexco ser\u00e1 del 24 de abril al 4 de mayo en recinto Alalay - El Diario - Bolivia\",\"isPartOf\":{\"@id\":\"https:\\\/\\\/www.eldiario.net\\\/portal\\\/#website\"},\"primaryImageOfPage\":{\"@id\":\"https:\\\/\\\/www.eldiario.net\\\/portal\\\/2025\\\/02\\\/08\\\/fexco-sera-del-24-de-abril-al-4-de-mayo-en-recinto-alalay\\\/#primaryimage\"},\"image\":{\"@id\":\"https:\\\/\\\/www.eldiario.net\\\/portal\\\/2025\\\/02\\\/08\\\/fexco-sera-del-24-de-abril-al-4-de-mayo-en-recinto-alalay\\\/#primaryimage\"},\"thumbnailUrl\":\"https:\\\/\\\/www.eldiario.net\\\/portal\\\/wp-content\\\/uploads\\\/2023\\\/12\\\/Nacional.jpg\",\"datePublished\":\"2025-02-08T11:00:40+00:00\",\"breadcrumb\":{\"@id\":\"https:\\\/\\\/www.eldiario.net\\\/portal\\\/2025\\\/02\\\/08\\\/fexco-sera-del-24-de-abril-al-4-de-mayo-en-recinto-alalay\\\/#breadcrumb\"},\"inLanguage\":\"es\",\"potentialAction\":[{\"@type\":\"ReadAction\",\"target\":[\"https:\\\/\\\/www.eldiario.net\\\/portal\\\/2025\\\/02\\\/08\\\/fexco-sera-del-24-de-abril-al-4-de-mayo-en-recinto-alalay\\\/\"]}]},{\"@type\":\"ImageObject\",\"inLanguage\":\"es\",\"@id\":\"https:\\\/\\\/www.eldiario.net\\\/portal\\\/2025\\\/02\\\/08\\\/fexco-sera-del-24-de-abril-al-4-de-mayo-en-recinto-alalay\\\/#primaryimage\",\"url\":\"https:\\\/\\\/www.eldiario.net\\\/portal\\\/wp-content\\\/uploads\\\/2023\\\/12\\\/Nacional.jpg\",\"contentUrl\":\"https:\\\/\\\/www.eldiario.net\\\/portal\\\/wp-content\\\/uploads\\\/2023\\\/12\\\/Nacional.jpg\",\"width\":800,\"height\":500},{\"@type\":\"BreadcrumbList\",\"@id\":\"https:\\\/\\\/www.eldiario.net\\\/portal\\\/2025\\\/02\\\/08\\\/fexco-sera-del-24-de-abril-al-4-de-mayo-en-recinto-alalay\\\/#breadcrumb\",\"itemListElement\":[{\"@type\":\"ListItem\",\"position\":1,\"name\":\"Portada\",\"item\":\"https:\\\/\\\/www.eldiario.net\\\/portal\\\/\"},{\"@type\":\"ListItem\",\"position\":2,\"name\":\"Fexco ser\u00e1 del 24 de abril al 4 de mayo en recinto Alalay\"}]},{\"@type\":\"WebSite\",\"@id\":\"https:\\\/\\\/www.eldiario.net\\\/portal\\\/#website\",\"url\":\"https:\\\/\\\/www.eldiario.net\\\/portal\\\/\",\"name\":\"El Diario - Decano de la prensa nacional\",\"description\":\"El Diario - Decano de la prensa nacional\",\"publisher\":{\"@id\":\"https:\\\/\\\/www.eldiario.net\\\/portal\\\/#organization\"},\"potentialAction\":[{\"@type\":\"SearchAction\",\"target\":{\"@type\":\"EntryPoint\",\"urlTemplate\":\"https:\\\/\\\/www.eldiario.net\\\/portal\\\/?s={search_term_string}\"},\"query-input\":{\"@type\":\"PropertyValueSpecification\",\"valueRequired\":true,\"valueName\":\"search_term_string\"}}],\"inLanguage\":\"es\"},{\"@type\":\"Organization\",\"@id\":\"https:\\\/\\\/www.eldiario.net\\\/portal\\\/#organization\",\"name\":\"El Diario - Decano de la prensa nacional\",\"url\":\"https:\\\/\\\/www.eldiario.net\\\/portal\\\/\",\"logo\":{\"@type\":\"ImageObject\",\"inLanguage\":\"es\",\"@id\":\"https:\\\/\\\/www.eldiario.net\\\/portal\\\/#\\\/schema\\\/logo\\\/image\\\/\",\"url\":\"https:\\\/\\\/www.eldiario.net\\\/portal\\\/wp-content\\\/uploads\\\/2023\\\/07\\\/logo_ED.jpg\",\"contentUrl\":\"https:\\\/\\\/www.eldiario.net\\\/portal\\\/wp-content\\\/uploads\\\/2023\\\/07\\\/logo_ED.jpg\",\"width\":272,\"height\":52,\"caption\":\"El Diario - Decano de la prensa nacional\"},\"image\":{\"@id\":\"https:\\\/\\\/www.eldiario.net\\\/portal\\\/#\\\/schema\\\/logo\\\/image\\\/\"},\"sameAs\":[\"https:\\\/\\\/www.facebook.com\\\/eldiario.bolivia\\\/\",\"https:\\\/\\\/x.com\\\/eldiario_net\"]},{\"@type\":\"Person\",\"@id\":\"https:\\\/\\\/www.eldiario.net\\\/portal\\\/#\\\/schema\\\/person\\\/f46445640444750d7d753ccd04ae01b7\",\"name\":\"Jeanette\",\"image\":{\"@type\":\"ImageObject\",\"inLanguage\":\"es\",\"@id\":\"https:\\\/\\\/secure.gravatar.com\\\/avatar\\\/3ea2118a5f7dad2b7138b1187a6b7ee55f160b9968b66013c3a3ef39dd7e5798?s=96&d=mm&r=g\",\"url\":\"https:\\\/\\\/secure.gravatar.com\\\/avatar\\\/3ea2118a5f7dad2b7138b1187a6b7ee55f160b9968b66013c3a3ef39dd7e5798?s=96&d=mm&r=g\",\"contentUrl\":\"https:\\\/\\\/secure.gravatar.com\\\/avatar\\\/3ea2118a5f7dad2b7138b1187a6b7ee55f160b9968b66013c3a3ef39dd7e5798?s=96&d=mm&r=g\",\"caption\":\"Jeanette\"},\"sameAs\":[\"https:\\\/\\\/www.eldiario.net\\\/portal\"],\"url\":\"https:\\\/\\\/www.eldiario.net\\\/portal\\\/author\\\/jeanette\\\/\"}]}<\/script>\n<!-- \/ Yoast SEO plugin. -->","yoast_head_json":{"title":"Fexco ser\u00e1 del 24 de abril al 4 de mayo en recinto Alalay - El Diario - Bolivia","robots":{"index":"index","follow":"follow","max-snippet":"max-snippet:-1","max-image-preview":"max-image-preview:large","max-video-preview":"max-video-preview:-1"},"canonical":"https:\/\/www.eldiario.net\/portal\/2025\/02\/08\/fexco-sera-del-24-de-abril-al-4-de-mayo-en-recinto-alalay\/","og_locale":"es_ES","og_type":"article","og_title":"Fexco ser\u00e1 del 24 de abril al 4 de mayo en recinto Alalay - El Diario - Bolivia","og_description":"La Feria Exposici\u00f3n Internacional de Cochabamba (Fexco), en su tercera versi\u00f3n, se realizar\u00e1 del 24 de abril al 4 de mayo en el recinto Ferial Alalay, anunciaron los organizadores. Para la Fexco 2025 se estima la participaci\u00f3n de 1.500 expositores y 375 mil visitantes, generando as\u00ed un movimiento econ\u00f3mico de $us 175 millones, equivalente al [&hellip;]","og_url":"https:\/\/www.eldiario.net\/portal\/2025\/02\/08\/fexco-sera-del-24-de-abril-al-4-de-mayo-en-recinto-alalay\/","og_site_name":"El Diario - Bolivia","article_publisher":"https:\/\/www.facebook.com\/eldiario.bolivia\/","article_published_time":"2025-02-08T11:00:40+00:00","og_image":[{"width":800,"height":500,"url":"https:\/\/www.eldiario.net\/portal\/wp-content\/uploads\/2023\/12\/Nacional.jpg","type":"image\/jpeg"}],"author":"Jeanette","twitter_card":"summary_large_image","twitter_creator":"@eldiario_net","twitter_site":"@eldiario_net","twitter_misc":{"Escrito por":"Jeanette","Tiempo de lectura":"2 minutos"},"schema":{"@context":"https:\/\/schema.org","@graph":[{"@type":"Article","@id":"https:\/\/www.eldiario.net\/portal\/2025\/02\/08\/fexco-sera-del-24-de-abril-al-4-de-mayo-en-recinto-alalay\/#article","isPartOf":{"@id":"https:\/\/www.eldiario.net\/portal\/2025\/02\/08\/fexco-sera-del-24-de-abril-al-4-de-mayo-en-recinto-alalay\/"},"author":{"name":"Jeanette","@id":"https:\/\/www.eldiario.net\/portal\/#\/schema\/person\/f46445640444750d7d753ccd04ae01b7"},"headline":"Fexco ser\u00e1 del 24 de abril al 4 de mayo en recinto Alalay","datePublished":"2025-02-08T11:00:40+00:00","mainEntityOfPage":{"@id":"https:\/\/www.eldiario.net\/portal\/2025\/02\/08\/fexco-sera-del-24-de-abril-al-4-de-mayo-en-recinto-alalay\/"},"wordCount":301,"publisher":{"@id":"https:\/\/www.eldiario.net\/portal\/#organization"},"image":{"@id":"https:\/\/www.eldiario.net\/portal\/2025\/02\/08\/fexco-sera-del-24-de-abril-al-4-de-mayo-en-recinto-alalay\/#primaryimage"},"thumbnailUrl":"https:\/\/www.eldiario.net\/portal\/wp-content\/uploads\/2023\/12\/Nacional.jpg","articleSection":["Nacional"],"inLanguage":"es"},{"@type":"WebPage","@id":"https:\/\/www.eldiario.net\/portal\/2025\/02\/08\/fexco-sera-del-24-de-abril-al-4-de-mayo-en-recinto-alalay\/","url":"https:\/\/www.eldiario.net\/portal\/2025\/02\/08\/fexco-sera-del-24-de-abril-al-4-de-mayo-en-recinto-alalay\/","name":"Fexco ser\u00e1 del 24 de abril al 4 de mayo en recinto Alalay - El Diario - Bolivia","isPartOf":{"@id":"https:\/\/www.eldiario.net\/portal\/#website"},"primaryImageOfPage":{"@id":"https:\/\/www.eldiario.net\/portal\/2025\/02\/08\/fexco-sera-del-24-de-abril-al-4-de-mayo-en-recinto-alalay\/#primaryimage"},"image":{"@id":"https:\/\/www.eldiario.net\/portal\/2025\/02\/08\/fexco-sera-del-24-de-abril-al-4-de-mayo-en-recinto-alalay\/#primaryimage"},"thumbnailUrl":"https:\/\/www.eldiario.net\/portal\/wp-content\/uploads\/2023\/12\/Nacional.jpg","datePublished":"2025-02-08T11:00:40+00:00","breadcrumb":{"@id":"https:\/\/www.eldiario.net\/portal\/2025\/02\/08\/fexco-sera-del-24-de-abril-al-4-de-mayo-en-recinto-alalay\/#breadcrumb"},"inLanguage":"es","potentialAction":[{"@type":"ReadAction","target":["https:\/\/www.eldiario.net\/portal\/2025\/02\/08\/fexco-sera-del-24-de-abril-al-4-de-mayo-en-recinto-alalay\/"]}]},{"@type":"ImageObject","inLanguage":"es","@id":"https:\/\/www.eldiario.net\/portal\/2025\/02\/08\/fexco-sera-del-24-de-abril-al-4-de-mayo-en-recinto-alalay\/#primaryimage","url":"https:\/\/www.eldiario.net\/portal\/wp-content\/uploads\/2023\/12\/Nacional.jpg","contentUrl":"https:\/\/www.eldiario.net\/portal\/wp-content\/uploads\/2023\/12\/Nacional.jpg","width":800,"height":500},{"@type":"BreadcrumbList","@id":"https:\/\/www.eldiario.net\/portal\/2025\/02\/08\/fexco-sera-del-24-de-abril-al-4-de-mayo-en-recinto-alalay\/#breadcrumb","itemListElement":[{"@type":"ListItem","position":1,"name":"Portada","item":"https:\/\/www.eldiario.net\/portal\/"},{"@type":"ListItem","position":2,"name":"Fexco ser\u00e1 del 24 de abril al 4 de mayo en recinto Alalay"}]},{"@type":"WebSite","@id":"https:\/\/www.eldiario.net\/portal\/#website","url":"https:\/\/www.eldiario.net\/portal\/","name":"El Diario - Decano de la prensa nacional","description":"El Diario - Decano de la prensa nacional","publisher":{"@id":"https:\/\/www.eldiario.net\/portal\/#organization"},"potentialAction":[{"@type":"SearchAction","target":{"@type":"EntryPoint","urlTemplate":"https:\/\/www.eldiario.net\/portal\/?s={search_term_string}"},"query-input":{"@type":"PropertyValueSpecification","valueRequired":true,"valueName":"search_term_string"}}],"inLanguage":"es"},{"@type":"Organization","@id":"https:\/\/www.eldiario.net\/portal\/#organization","name":"El Diario - Decano de la prensa nacional","url":"https:\/\/www.eldiario.net\/portal\/","logo":{"@type":"ImageObject","inLanguage":"es","@id":"https:\/\/www.eldiario.net\/portal\/#\/schema\/logo\/image\/","url":"https:\/\/www.eldiario.net\/portal\/wp-content\/uploads\/2023\/07\/logo_ED.jpg","contentUrl":"https:\/\/www.eldiario.net\/portal\/wp-content\/uploads\/2023\/07\/logo_ED.jpg","width":272,"height":52,"caption":"El Diario - Decano de la prensa nacional"},"image":{"@id":"https:\/\/www.eldiario.net\/portal\/#\/schema\/logo\/image\/"},"sameAs":["https:\/\/www.facebook.com\/eldiario.bolivia\/","https:\/\/x.com\/eldiario_net"]},{"@type":"Person","@id":"https:\/\/www.eldiario.net\/portal\/#\/schema\/person\/f46445640444750d7d753ccd04ae01b7","name":"Jeanette","image":{"@type":"ImageObject","inLanguage":"es","@id":"https:\/\/secure.gravatar.com\/avatar\/3ea2118a5f7dad2b7138b1187a6b7ee55f160b9968b66013c3a3ef39dd7e5798?s=96&d=mm&r=g","url":"https:\/\/secure.gravatar.com\/avatar\/3ea2118a5f7dad2b7138b1187a6b7ee55f160b9968b66013c3a3ef39dd7e5798?s=96&d=mm&r=g","contentUrl":"https:\/\/secure.gravatar.com\/avatar\/3ea2118a5f7dad2b7138b1187a6b7ee55f160b9968b66013c3a3ef39dd7e5798?s=96&d=mm&r=g","caption":"Jeanette"},"sameAs":["https:\/\/www.eldiario.net\/portal"],"url":"https:\/\/www.eldiario.net\/portal\/author\/jeanette\/"}]}},"_links":{"self":[{"href":"https:\/\/www.eldiario.net\/portal\/wp-json\/wp\/v2\/posts\/280242","targetHints":{"allow":["GET"]}}],"collection":[{"href":"https:\/\/www.eldiario.net\/portal\/wp-json\/wp\/v2\/posts"}],"about":[{"href":"https:\/\/www.eldiario.net\/portal\/wp-json\/wp\/v2\/types\/post"}],"author":[{"embeddable":true,"href":"https:\/\/www.eldiario.net\/portal\/wp-json\/wp\/v2\/users\/1"}],"replies":[{"embeddable":true,"href":"https:\/\/www.eldiario.net\/portal\/wp-json\/wp\/v2\/comments?post=280242"}],"version-history":[{"count":1,"href":"https:\/\/www.eldiario.net\/portal\/wp-json\/wp\/v2\/posts\/280242\/revisions"}],"predecessor-version":[{"id":280243,"href":"https:\/\/www.eldiario.net\/portal\/wp-json\/wp\/v2\/posts\/280242\/revisions\/280243"}],"wp:featuredmedia":[{"embeddable":true,"href":"https:\/\/www.eldiario.net\/portal\/wp-json\/wp\/v2\/media\/194726"}],"wp:attachment":[{"href":"https:\/\/www.eldiario.net\/portal\/wp-json\/wp\/v2\/media?parent=280242"}],"wp:term":[{"taxonomy":"category","embeddable":true,"href":"https:\/\/www.eldiario.net\/portal\/wp-json\/wp\/v2\/categories?post=280242"},{"taxonomy":"post_tag","embeddable":true,"href":"https:\/\/www.eldiario.net\/portal\/wp-json\/wp\/v2\/tags?post=280242"}],"curies":[{"name":"wp","href":"https:\/\/api.w.org\/{rel}","templated":true}]}}