{"id":280236,"date":"2025-02-08T06:55:49","date_gmt":"2025-02-08T10:55:49","guid":{"rendered":"https:\/\/www.eldiario.net\/portal\/?p=280236"},"modified":"2025-02-08T06:55:49","modified_gmt":"2025-02-08T10:55:49","slug":"empresas-en-alerta-por-decreto-que-modifica-el-impuesto-a-utilidades","status":"publish","type":"post","link":"https:\/\/www.eldiario.net\/portal\/2025\/02\/08\/empresas-en-alerta-por-decreto-que-modifica-el-impuesto-a-utilidades\/","title":{"rendered":"Empresas en alerta por decreto que  modifica el Impuesto a Utilidades"},"content":{"rendered":"<p>El presidente Luis Arce aprob\u00f3 el Decreto Supremo 5327, que, seg\u00fan Jasmine Daza, experta en temas impositivos, \u201cpone en alerta roja a todas las empresas de Bolivia\u201d debido a una disposici\u00f3n que incluye la norma y que supuestamente modificar\u00eda el Impuesto a las Utilidades (IU).<br \/>\nEl punto al que hace referencia Daza es la disposici\u00f3n adicional segunda que de manera textual indica: \u201cSe modifica, en el p\u00e1rrafo sexto del Art\u00edculo 7 del Decreto Supremo N\u00b0 21532 (Texto Ordenado), la frase \u2018&#8230;hubieren pagado efectivamente dicho impuesto&#8230;\u2019 por \u2018&#8230;hubieren pagado efectivamente dicho impuesto hasta la fecha de su vencimiento\u2019\u201d.<br \/>\nDe acuerdo con Daza, en dicha disposici\u00f3n \u201chacen una modificaci\u00f3n al art\u00edculo de lo que viene a ser el Impuesto a las Utilidades\u201d.<br \/>\n\u201cAntes este art\u00edculo dec\u00eda que lo efectivamente pagado se pod\u00eda compensar con nuestro Impuesto a las Transacciones (IT) y esto era sucesivamente. Ahora lo han modificado y a\u00f1adieron esta peque\u00f1a parte \u2018hasta la fecha de su vencimiento\u2019\u201d, se\u00f1ala la profesional.<br \/>\n\u00bfQu\u00e9 quiere decir esto? \u201cQue todos van a tener que pagar hasta la fecha de vencimiento del Impuesto a las Utilidades de las Empresas (IUE). Caso contrario, no van a poder habilitarse o poder compensar con su IT si lo pagan despu\u00e9s de esta fecha posterior\u201d, explic\u00f3.<br \/>\n\u201cA diferencia de lo que pregona el Gobierno, que con esta normativa se va a mejorar el sistema tributario nacional a las empresas constructores, aerol\u00edneas y empresas unipersonales, con esta disposici\u00f3n \u201cnos est\u00e1n queriendo cobrar al contado hasta la fecha de vencimiento del IUE, caso contrario perdemos el poder compensarnos con nuestro IT, lo que paguemos\u201d.<br \/>\nA pesar de que el Gobierno asegur\u00f3 que el decreto hace ajustes al tratamiento tributario para facilitar el cumplimiento de las obligaciones del sector de la construcci\u00f3n y en la venta de pasajes a\u00e9reos al exterior, la C\u00e1mara Nacional de Industrias (CNI) expres\u00f3 su rotundo rechazo a la Disposici\u00f3n Adicional Segunda del Decreto Supremo N\u00b0 5327 de 5 de febrero de 2025 que modifica el Decreto Reglamentario del Impuesto a las Transacciones (IT) N\u00b0 21532 de 27 de febrero de 1987.<br \/>\nPor otro lado, el Ministerio de Econom\u00eda y Finanzas P\u00fablicas informa a la opini\u00f3n p\u00fablica que la disposici\u00f3n adicional Segunda del Decreto N\u00b05327, de 5 de febrero de 2025, referido a la modificaci\u00f3n del Art\u00edculo 7 del Decreto N\u00b021532, reglamento del Impuesto a las Transacciones (IT), no transgrede ni elimina la compensaci\u00f3n del Impuesto a las Utilidades de las Empresas (IUE) liquidado y pagado con el Impuesto a las Transacciones (IT).<br \/>\nLos contribuyentes que efect\u00faen el pago del IUE hasta la fecha de su vencimiento podr\u00e1n compensar el IUE con el IT en cada per\u00edodo mensual, como un beneficio al pago oportuno de sus obligaciones tributarias. (El Diario-Unitel)<\/p>\n<p>&nbsp;<\/p>\n","protected":false},"excerpt":{"rendered":"<p>El presidente Luis Arce aprob\u00f3 el Decreto Supremo 5327, que, seg\u00fan Jasmine Daza, experta en temas impositivos, \u201cpone en alerta roja a todas las empresas de Bolivia\u201d debido a una disposici\u00f3n que incluye la norma y que supuestamente modificar\u00eda el Impuesto a las Utilidades (IU). El punto al que hace referencia Daza es la disposici\u00f3n [&hellip;]<\/p>\n","protected":false},"author":1,"featured_media":280237,"comment_status":"closed","ping_status":"open","sticky":false,"template":"","format":"standard","meta":{"_acf_changed":false,"footnotes":""},"categories":[17],"tags":[],"class_list":["post-280236","post","type-post","status-publish","format-standard","has-post-thumbnail","category-principal"],"acf":{"antetitulo":"Disposici\u00f3n genera incertidumbre "},"yoast_head":"<!-- This site is optimized with the Yoast SEO plugin v28.3 - https:\/\/yoast.com\/product\/yoast-seo-wordpress\/ -->\n<title>Empresas en alerta por decreto que modifica el Impuesto a Utilidades - El Diario - Bolivia<\/title>\n<meta name=\"robots\" content=\"index, follow, max-snippet:-1, max-image-preview:large, max-video-preview:-1\" \/>\n<link rel=\"canonical\" href=\"https:\/\/www.eldiario.net\/portal\/2025\/02\/08\/empresas-en-alerta-por-decreto-que-modifica-el-impuesto-a-utilidades\/\" \/>\n<meta property=\"og:locale\" content=\"es_ES\" \/>\n<meta property=\"og:type\" content=\"article\" \/>\n<meta property=\"og:title\" content=\"Empresas en alerta por decreto que modifica el Impuesto a Utilidades - El Diario - Bolivia\" \/>\n<meta property=\"og:description\" content=\"El presidente Luis Arce aprob\u00f3 el Decreto Supremo 5327, que, seg\u00fan Jasmine Daza, experta en temas impositivos, \u201cpone en alerta roja a todas las empresas de Bolivia\u201d debido a una disposici\u00f3n que incluye la norma y que supuestamente modificar\u00eda el Impuesto a las Utilidades (IU). El punto al que hace referencia Daza es la disposici\u00f3n [&hellip;]\" \/>\n<meta property=\"og:url\" content=\"https:\/\/www.eldiario.net\/portal\/2025\/02\/08\/empresas-en-alerta-por-decreto-que-modifica-el-impuesto-a-utilidades\/\" \/>\n<meta property=\"og:site_name\" content=\"El Diario - Bolivia\" \/>\n<meta property=\"article:publisher\" content=\"https:\/\/www.facebook.com\/eldiario.bolivia\/\" \/>\n<meta property=\"article:published_time\" content=\"2025-02-08T10:55:49+00:00\" \/>\n<meta property=\"og:image\" content=\"https:\/\/www.eldiario.net\/portal\/wp-content\/uploads\/2025\/02\/P-1-15-cm-x-10-3.jpg\" \/>\n\t<meta property=\"og:image:width\" content=\"1200\" \/>\n\t<meta property=\"og:image:height\" content=\"630\" \/>\n\t<meta property=\"og:image:type\" content=\"image\/jpeg\" \/>\n<meta name=\"author\" content=\"Jeanette\" \/>\n<meta name=\"twitter:card\" content=\"summary_large_image\" \/>\n<meta name=\"twitter:creator\" content=\"@eldiario_net\" \/>\n<meta name=\"twitter:site\" content=\"@eldiario_net\" \/>\n<meta name=\"twitter:label1\" content=\"Escrito por\" \/>\n\t<meta name=\"twitter:data1\" content=\"Jeanette\" \/>\n\t<meta name=\"twitter:label2\" content=\"Tiempo de lectura\" \/>\n\t<meta name=\"twitter:data2\" content=\"3 minutos\" \/>\n<script type=\"application\/ld+json\" class=\"yoast-schema-graph\">{\"@context\":\"https:\\\/\\\/schema.org\",\"@graph\":[{\"@type\":\"Article\",\"@id\":\"https:\\\/\\\/www.eldiario.net\\\/portal\\\/2025\\\/02\\\/08\\\/empresas-en-alerta-por-decreto-que-modifica-el-impuesto-a-utilidades\\\/#article\",\"isPartOf\":{\"@id\":\"https:\\\/\\\/www.eldiario.net\\\/portal\\\/2025\\\/02\\\/08\\\/empresas-en-alerta-por-decreto-que-modifica-el-impuesto-a-utilidades\\\/\"},\"author\":{\"name\":\"Jeanette\",\"@id\":\"https:\\\/\\\/www.eldiario.net\\\/portal\\\/#\\\/schema\\\/person\\\/f46445640444750d7d753ccd04ae01b7\"},\"headline\":\"Empresas en alerta por decreto que modifica el Impuesto a Utilidades\",\"datePublished\":\"2025-02-08T10:55:49+00:00\",\"mainEntityOfPage\":{\"@id\":\"https:\\\/\\\/www.eldiario.net\\\/portal\\\/2025\\\/02\\\/08\\\/empresas-en-alerta-por-decreto-que-modifica-el-impuesto-a-utilidades\\\/\"},\"wordCount\":486,\"publisher\":{\"@id\":\"https:\\\/\\\/www.eldiario.net\\\/portal\\\/#organization\"},\"image\":{\"@id\":\"https:\\\/\\\/www.eldiario.net\\\/portal\\\/2025\\\/02\\\/08\\\/empresas-en-alerta-por-decreto-que-modifica-el-impuesto-a-utilidades\\\/#primaryimage\"},\"thumbnailUrl\":\"https:\\\/\\\/www.eldiario.net\\\/portal\\\/wp-content\\\/uploads\\\/2025\\\/02\\\/P-1-15-cm-x-10-3.jpg\",\"articleSection\":[\"Principal\"],\"inLanguage\":\"es\"},{\"@type\":\"WebPage\",\"@id\":\"https:\\\/\\\/www.eldiario.net\\\/portal\\\/2025\\\/02\\\/08\\\/empresas-en-alerta-por-decreto-que-modifica-el-impuesto-a-utilidades\\\/\",\"url\":\"https:\\\/\\\/www.eldiario.net\\\/portal\\\/2025\\\/02\\\/08\\\/empresas-en-alerta-por-decreto-que-modifica-el-impuesto-a-utilidades\\\/\",\"name\":\"Empresas en alerta por decreto que modifica el Impuesto a Utilidades - El Diario - Bolivia\",\"isPartOf\":{\"@id\":\"https:\\\/\\\/www.eldiario.net\\\/portal\\\/#website\"},\"primaryImageOfPage\":{\"@id\":\"https:\\\/\\\/www.eldiario.net\\\/portal\\\/2025\\\/02\\\/08\\\/empresas-en-alerta-por-decreto-que-modifica-el-impuesto-a-utilidades\\\/#primaryimage\"},\"image\":{\"@id\":\"https:\\\/\\\/www.eldiario.net\\\/portal\\\/2025\\\/02\\\/08\\\/empresas-en-alerta-por-decreto-que-modifica-el-impuesto-a-utilidades\\\/#primaryimage\"},\"thumbnailUrl\":\"https:\\\/\\\/www.eldiario.net\\\/portal\\\/wp-content\\\/uploads\\\/2025\\\/02\\\/P-1-15-cm-x-10-3.jpg\",\"datePublished\":\"2025-02-08T10:55:49+00:00\",\"breadcrumb\":{\"@id\":\"https:\\\/\\\/www.eldiario.net\\\/portal\\\/2025\\\/02\\\/08\\\/empresas-en-alerta-por-decreto-que-modifica-el-impuesto-a-utilidades\\\/#breadcrumb\"},\"inLanguage\":\"es\",\"potentialAction\":[{\"@type\":\"ReadAction\",\"target\":[\"https:\\\/\\\/www.eldiario.net\\\/portal\\\/2025\\\/02\\\/08\\\/empresas-en-alerta-por-decreto-que-modifica-el-impuesto-a-utilidades\\\/\"]}]},{\"@type\":\"ImageObject\",\"inLanguage\":\"es\",\"@id\":\"https:\\\/\\\/www.eldiario.net\\\/portal\\\/2025\\\/02\\\/08\\\/empresas-en-alerta-por-decreto-que-modifica-el-impuesto-a-utilidades\\\/#primaryimage\",\"url\":\"https:\\\/\\\/www.eldiario.net\\\/portal\\\/wp-content\\\/uploads\\\/2025\\\/02\\\/P-1-15-cm-x-10-3.jpg\",\"contentUrl\":\"https:\\\/\\\/www.eldiario.net\\\/portal\\\/wp-content\\\/uploads\\\/2025\\\/02\\\/P-1-15-cm-x-10-3.jpg\",\"width\":1200,\"height\":630,\"caption\":\"Disposiciones del Gobierno referido a impuestos causan incertidumbre en la poblaci\u00f3n.\"},{\"@type\":\"BreadcrumbList\",\"@id\":\"https:\\\/\\\/www.eldiario.net\\\/portal\\\/2025\\\/02\\\/08\\\/empresas-en-alerta-por-decreto-que-modifica-el-impuesto-a-utilidades\\\/#breadcrumb\",\"itemListElement\":[{\"@type\":\"ListItem\",\"position\":1,\"name\":\"Portada\",\"item\":\"https:\\\/\\\/www.eldiario.net\\\/portal\\\/\"},{\"@type\":\"ListItem\",\"position\":2,\"name\":\"Empresas en alerta por decreto que modifica el Impuesto a Utilidades\"}]},{\"@type\":\"WebSite\",\"@id\":\"https:\\\/\\\/www.eldiario.net\\\/portal\\\/#website\",\"url\":\"https:\\\/\\\/www.eldiario.net\\\/portal\\\/\",\"name\":\"El Diario - Decano de la prensa nacional\",\"description\":\"El Diario - Decano de la prensa nacional\",\"publisher\":{\"@id\":\"https:\\\/\\\/www.eldiario.net\\\/portal\\\/#organization\"},\"potentialAction\":[{\"@type\":\"SearchAction\",\"target\":{\"@type\":\"EntryPoint\",\"urlTemplate\":\"https:\\\/\\\/www.eldiario.net\\\/portal\\\/?s={search_term_string}\"},\"query-input\":{\"@type\":\"PropertyValueSpecification\",\"valueRequired\":true,\"valueName\":\"search_term_string\"}}],\"inLanguage\":\"es\"},{\"@type\":\"Organization\",\"@id\":\"https:\\\/\\\/www.eldiario.net\\\/portal\\\/#organization\",\"name\":\"El Diario - Decano de la prensa nacional\",\"url\":\"https:\\\/\\\/www.eldiario.net\\\/portal\\\/\",\"logo\":{\"@type\":\"ImageObject\",\"inLanguage\":\"es\",\"@id\":\"https:\\\/\\\/www.eldiario.net\\\/portal\\\/#\\\/schema\\\/logo\\\/image\\\/\",\"url\":\"https:\\\/\\\/www.eldiario.net\\\/portal\\\/wp-content\\\/uploads\\\/2023\\\/07\\\/logo_ED.jpg\",\"contentUrl\":\"https:\\\/\\\/www.eldiario.net\\\/portal\\\/wp-content\\\/uploads\\\/2023\\\/07\\\/logo_ED.jpg\",\"width\":272,\"height\":52,\"caption\":\"El Diario - Decano de la prensa nacional\"},\"image\":{\"@id\":\"https:\\\/\\\/www.eldiario.net\\\/portal\\\/#\\\/schema\\\/logo\\\/image\\\/\"},\"sameAs\":[\"https:\\\/\\\/www.facebook.com\\\/eldiario.bolivia\\\/\",\"https:\\\/\\\/x.com\\\/eldiario_net\"]},{\"@type\":\"Person\",\"@id\":\"https:\\\/\\\/www.eldiario.net\\\/portal\\\/#\\\/schema\\\/person\\\/f46445640444750d7d753ccd04ae01b7\",\"name\":\"Jeanette\",\"image\":{\"@type\":\"ImageObject\",\"inLanguage\":\"es\",\"@id\":\"https:\\\/\\\/secure.gravatar.com\\\/avatar\\\/3ea2118a5f7dad2b7138b1187a6b7ee55f160b9968b66013c3a3ef39dd7e5798?s=96&d=mm&r=g\",\"url\":\"https:\\\/\\\/secure.gravatar.com\\\/avatar\\\/3ea2118a5f7dad2b7138b1187a6b7ee55f160b9968b66013c3a3ef39dd7e5798?s=96&d=mm&r=g\",\"contentUrl\":\"https:\\\/\\\/secure.gravatar.com\\\/avatar\\\/3ea2118a5f7dad2b7138b1187a6b7ee55f160b9968b66013c3a3ef39dd7e5798?s=96&d=mm&r=g\",\"caption\":\"Jeanette\"},\"sameAs\":[\"https:\\\/\\\/www.eldiario.net\\\/portal\"],\"url\":\"https:\\\/\\\/www.eldiario.net\\\/portal\\\/author\\\/jeanette\\\/\"}]}<\/script>\n<!-- \/ Yoast SEO plugin. -->","yoast_head_json":{"title":"Empresas en alerta por decreto que modifica el Impuesto a Utilidades - El Diario - Bolivia","robots":{"index":"index","follow":"follow","max-snippet":"max-snippet:-1","max-image-preview":"max-image-preview:large","max-video-preview":"max-video-preview:-1"},"canonical":"https:\/\/www.eldiario.net\/portal\/2025\/02\/08\/empresas-en-alerta-por-decreto-que-modifica-el-impuesto-a-utilidades\/","og_locale":"es_ES","og_type":"article","og_title":"Empresas en alerta por decreto que modifica el Impuesto a Utilidades - El Diario - Bolivia","og_description":"El presidente Luis Arce aprob\u00f3 el Decreto Supremo 5327, que, seg\u00fan Jasmine Daza, experta en temas impositivos, \u201cpone en alerta roja a todas las empresas de Bolivia\u201d debido a una disposici\u00f3n que incluye la norma y que supuestamente modificar\u00eda el Impuesto a las Utilidades (IU). El punto al que hace referencia Daza es la disposici\u00f3n [&hellip;]","og_url":"https:\/\/www.eldiario.net\/portal\/2025\/02\/08\/empresas-en-alerta-por-decreto-que-modifica-el-impuesto-a-utilidades\/","og_site_name":"El Diario - Bolivia","article_publisher":"https:\/\/www.facebook.com\/eldiario.bolivia\/","article_published_time":"2025-02-08T10:55:49+00:00","og_image":[{"width":1200,"height":630,"url":"https:\/\/www.eldiario.net\/portal\/wp-content\/uploads\/2025\/02\/P-1-15-cm-x-10-3.jpg","type":"image\/jpeg"}],"author":"Jeanette","twitter_card":"summary_large_image","twitter_creator":"@eldiario_net","twitter_site":"@eldiario_net","twitter_misc":{"Escrito por":"Jeanette","Tiempo de lectura":"3 minutos"},"schema":{"@context":"https:\/\/schema.org","@graph":[{"@type":"Article","@id":"https:\/\/www.eldiario.net\/portal\/2025\/02\/08\/empresas-en-alerta-por-decreto-que-modifica-el-impuesto-a-utilidades\/#article","isPartOf":{"@id":"https:\/\/www.eldiario.net\/portal\/2025\/02\/08\/empresas-en-alerta-por-decreto-que-modifica-el-impuesto-a-utilidades\/"},"author":{"name":"Jeanette","@id":"https:\/\/www.eldiario.net\/portal\/#\/schema\/person\/f46445640444750d7d753ccd04ae01b7"},"headline":"Empresas en alerta por decreto que modifica el Impuesto a Utilidades","datePublished":"2025-02-08T10:55:49+00:00","mainEntityOfPage":{"@id":"https:\/\/www.eldiario.net\/portal\/2025\/02\/08\/empresas-en-alerta-por-decreto-que-modifica-el-impuesto-a-utilidades\/"},"wordCount":486,"publisher":{"@id":"https:\/\/www.eldiario.net\/portal\/#organization"},"image":{"@id":"https:\/\/www.eldiario.net\/portal\/2025\/02\/08\/empresas-en-alerta-por-decreto-que-modifica-el-impuesto-a-utilidades\/#primaryimage"},"thumbnailUrl":"https:\/\/www.eldiario.net\/portal\/wp-content\/uploads\/2025\/02\/P-1-15-cm-x-10-3.jpg","articleSection":["Principal"],"inLanguage":"es"},{"@type":"WebPage","@id":"https:\/\/www.eldiario.net\/portal\/2025\/02\/08\/empresas-en-alerta-por-decreto-que-modifica-el-impuesto-a-utilidades\/","url":"https:\/\/www.eldiario.net\/portal\/2025\/02\/08\/empresas-en-alerta-por-decreto-que-modifica-el-impuesto-a-utilidades\/","name":"Empresas en alerta por decreto que modifica el Impuesto a Utilidades - El Diario - Bolivia","isPartOf":{"@id":"https:\/\/www.eldiario.net\/portal\/#website"},"primaryImageOfPage":{"@id":"https:\/\/www.eldiario.net\/portal\/2025\/02\/08\/empresas-en-alerta-por-decreto-que-modifica-el-impuesto-a-utilidades\/#primaryimage"},"image":{"@id":"https:\/\/www.eldiario.net\/portal\/2025\/02\/08\/empresas-en-alerta-por-decreto-que-modifica-el-impuesto-a-utilidades\/#primaryimage"},"thumbnailUrl":"https:\/\/www.eldiario.net\/portal\/wp-content\/uploads\/2025\/02\/P-1-15-cm-x-10-3.jpg","datePublished":"2025-02-08T10:55:49+00:00","breadcrumb":{"@id":"https:\/\/www.eldiario.net\/portal\/2025\/02\/08\/empresas-en-alerta-por-decreto-que-modifica-el-impuesto-a-utilidades\/#breadcrumb"},"inLanguage":"es","potentialAction":[{"@type":"ReadAction","target":["https:\/\/www.eldiario.net\/portal\/2025\/02\/08\/empresas-en-alerta-por-decreto-que-modifica-el-impuesto-a-utilidades\/"]}]},{"@type":"ImageObject","inLanguage":"es","@id":"https:\/\/www.eldiario.net\/portal\/2025\/02\/08\/empresas-en-alerta-por-decreto-que-modifica-el-impuesto-a-utilidades\/#primaryimage","url":"https:\/\/www.eldiario.net\/portal\/wp-content\/uploads\/2025\/02\/P-1-15-cm-x-10-3.jpg","contentUrl":"https:\/\/www.eldiario.net\/portal\/wp-content\/uploads\/2025\/02\/P-1-15-cm-x-10-3.jpg","width":1200,"height":630,"caption":"Disposiciones del Gobierno referido a impuestos causan incertidumbre en la poblaci\u00f3n."},{"@type":"BreadcrumbList","@id":"https:\/\/www.eldiario.net\/portal\/2025\/02\/08\/empresas-en-alerta-por-decreto-que-modifica-el-impuesto-a-utilidades\/#breadcrumb","itemListElement":[{"@type":"ListItem","position":1,"name":"Portada","item":"https:\/\/www.eldiario.net\/portal\/"},{"@type":"ListItem","position":2,"name":"Empresas en alerta por decreto que modifica el Impuesto a Utilidades"}]},{"@type":"WebSite","@id":"https:\/\/www.eldiario.net\/portal\/#website","url":"https:\/\/www.eldiario.net\/portal\/","name":"El Diario - Decano de la prensa nacional","description":"El Diario - Decano de la prensa nacional","publisher":{"@id":"https:\/\/www.eldiario.net\/portal\/#organization"},"potentialAction":[{"@type":"SearchAction","target":{"@type":"EntryPoint","urlTemplate":"https:\/\/www.eldiario.net\/portal\/?s={search_term_string}"},"query-input":{"@type":"PropertyValueSpecification","valueRequired":true,"valueName":"search_term_string"}}],"inLanguage":"es"},{"@type":"Organization","@id":"https:\/\/www.eldiario.net\/portal\/#organization","name":"El Diario - Decano de la prensa nacional","url":"https:\/\/www.eldiario.net\/portal\/","logo":{"@type":"ImageObject","inLanguage":"es","@id":"https:\/\/www.eldiario.net\/portal\/#\/schema\/logo\/image\/","url":"https:\/\/www.eldiario.net\/portal\/wp-content\/uploads\/2023\/07\/logo_ED.jpg","contentUrl":"https:\/\/www.eldiario.net\/portal\/wp-content\/uploads\/2023\/07\/logo_ED.jpg","width":272,"height":52,"caption":"El Diario - Decano de la prensa nacional"},"image":{"@id":"https:\/\/www.eldiario.net\/portal\/#\/schema\/logo\/image\/"},"sameAs":["https:\/\/www.facebook.com\/eldiario.bolivia\/","https:\/\/x.com\/eldiario_net"]},{"@type":"Person","@id":"https:\/\/www.eldiario.net\/portal\/#\/schema\/person\/f46445640444750d7d753ccd04ae01b7","name":"Jeanette","image":{"@type":"ImageObject","inLanguage":"es","@id":"https:\/\/secure.gravatar.com\/avatar\/3ea2118a5f7dad2b7138b1187a6b7ee55f160b9968b66013c3a3ef39dd7e5798?s=96&d=mm&r=g","url":"https:\/\/secure.gravatar.com\/avatar\/3ea2118a5f7dad2b7138b1187a6b7ee55f160b9968b66013c3a3ef39dd7e5798?s=96&d=mm&r=g","contentUrl":"https:\/\/secure.gravatar.com\/avatar\/3ea2118a5f7dad2b7138b1187a6b7ee55f160b9968b66013c3a3ef39dd7e5798?s=96&d=mm&r=g","caption":"Jeanette"},"sameAs":["https:\/\/www.eldiario.net\/portal"],"url":"https:\/\/www.eldiario.net\/portal\/author\/jeanette\/"}]}},"_links":{"self":[{"href":"https:\/\/www.eldiario.net\/portal\/wp-json\/wp\/v2\/posts\/280236","targetHints":{"allow":["GET"]}}],"collection":[{"href":"https:\/\/www.eldiario.net\/portal\/wp-json\/wp\/v2\/posts"}],"about":[{"href":"https:\/\/www.eldiario.net\/portal\/wp-json\/wp\/v2\/types\/post"}],"author":[{"embeddable":true,"href":"https:\/\/www.eldiario.net\/portal\/wp-json\/wp\/v2\/users\/1"}],"replies":[{"embeddable":true,"href":"https:\/\/www.eldiario.net\/portal\/wp-json\/wp\/v2\/comments?post=280236"}],"version-history":[{"count":1,"href":"https:\/\/www.eldiario.net\/portal\/wp-json\/wp\/v2\/posts\/280236\/revisions"}],"predecessor-version":[{"id":280238,"href":"https:\/\/www.eldiario.net\/portal\/wp-json\/wp\/v2\/posts\/280236\/revisions\/280238"}],"wp:featuredmedia":[{"embeddable":true,"href":"https:\/\/www.eldiario.net\/portal\/wp-json\/wp\/v2\/media\/280237"}],"wp:attachment":[{"href":"https:\/\/www.eldiario.net\/portal\/wp-json\/wp\/v2\/media?parent=280236"}],"wp:term":[{"taxonomy":"category","embeddable":true,"href":"https:\/\/www.eldiario.net\/portal\/wp-json\/wp\/v2\/categories?post=280236"},{"taxonomy":"post_tag","embeddable":true,"href":"https:\/\/www.eldiario.net\/portal\/wp-json\/wp\/v2\/tags?post=280236"}],"curies":[{"name":"wp","href":"https:\/\/api.w.org\/{rel}","templated":true}]}}