{"id":280221,"date":"2025-02-08T06:49:28","date_gmt":"2025-02-08T10:49:28","guid":{"rendered":"https:\/\/www.eldiario.net\/portal\/?p=280221"},"modified":"2025-02-08T06:49:28","modified_gmt":"2025-02-08T10:49:28","slug":"exigen-aprobar-la-ley-de-debate-obligatorio","status":"publish","type":"post","link":"https:\/\/www.eldiario.net\/portal\/2025\/02\/08\/exigen-aprobar-la-ley-de-debate-obligatorio\/","title":{"rendered":"Exigen aprobar la ley  de debate obligatorio"},"content":{"rendered":"<p class=\"v1MsoNormal\">Un grupo de 19 personalidades defensoras de los derechos humanos y 78 organizaciones de la sociedad civil solicitaron a la Asamblea Legislativa Plurinacional la pronta aprobaci\u00f3n del proyecto de ley presentado por el Tribunal Supremo Electoral (TSE), que establece la obligatoriedad de debates p\u00fablicos entre candidatos a cargos electivos en Bolivia.<\/p>\n<p class=\"v1MsoNormal\">El TSE propuso modificar la Ley N\u00b0 26 para incluir el debate obligatorio como un mecanismo que garantice la discusi\u00f3n de propuestas program\u00e1ticas de los candidatos a la presidencia. Este intercambio de ideas permitir\u00e1 a la ciudadan\u00eda evaluar de manera objetiva a quienes buscan ser representantes nacionales. La iniciativa busca fortalecer la democracia y promover un voto informado.<\/p>\n<p class=\"v1MsoNormal\">Las organizaciones y activistas firmantes resaltan que esta medida se alinea con los est\u00e1ndares interamericanos de derechos humanos y con recomendaciones de la Relator\u00eda Especial para la Libertad de Expresi\u00f3n de la Comisi\u00f3n Interamericana de Derechos Humanos (RELE &#8211; CIDH), que considera el debate p\u00fablico un derecho fundamental en los procesos electorales.<\/p>\n<p class=\"v1MsoNormal\">Las instituciones y personalidades firmantes instan a la Asamblea tratar y aprobar esta normativa con la celeridad necesaria para que se aplique en las elecciones generales de este a\u00f1o. Asimismo, advierten que de no aprobar esta medida representar\u00eda una oportunidad perdida para fortalecer la democracia.<\/p>\n<p class=\"v1MsoNormal\">Instituciones firmantes:<\/p>\n<p class=\"v1MsoNormal\">\n<p class=\"v1MsoNormal\">ACLO Potos\u00ed &#8211; ADESPROC Libertad &#8211; Alianza Libres Sin Violencia de Oruro &#8211; Anguir\u00fc Bolivia &#8211; Asociaci\u00f3n Boliviana de Ciencia Pol\u00edtica (ABCP) &#8211; Asociaci\u00f3n de Periodistas de Beni &#8211; Asociaci\u00f3n de Periodistas de Chuquisaca &#8211; Asociaci\u00f3n de Periodistas de Cochabamba &#8211; Asociaci\u00f3n de Periodistas de La Paz &#8211; Asociaci\u00f3n de Periodistas de Oruro &#8211; Asociaci\u00f3n de Periodistas de Pando &#8211; Asociaci\u00f3n de Periodistas de Potos\u00ed &#8211; Asociaci\u00f3n de Periodistas de Santa Cruz &#8211; Asociaci\u00f3n de Periodistas de Tarija &#8211; Asociaci\u00f3n de Promotores de Salud del \u00c1rea Rural (APROSAR) &#8211; Asociaci\u00f3n Derechos en Acci\u00f3n &#8211; Asociaci\u00f3n Humanista de Diversidades Sexuales \u00abAmigos sin Fronteras\u00bb El Alto &#8211; Asociaci\u00f3n Nacional de Periodistas de Bolivia (ANPB) &#8211; Asociaci\u00f3n Nacional de la Prensa (ANP) &#8211; Asociaci\u00f3n Un Nuevo Camino (ASUNCAMI) &#8211; Bolivia Verifica &#8211; Br\u00fajula medio digital &#8211; Casa de la Mujer &#8211; Casa Trans Cochabamba &#8211; Cat\u00f3licas por el Derecho a decidir Bolivia &#8211; Centro de Capacitaci\u00f3n e Investigaci\u00f3n de la Mujer Campesina de Tarija (CCIMCAT) &#8211; Centro de Documentaci\u00f3n e Informaci\u00f3n Bolivia (CEDIB) &#8211; Centro de Estudios y Apoyo al Desarrollo Local (CEADL) &#8211; Centro de Investigaci\u00f3n y Promoci\u00f3n del Campesinado (CIPCA) &#8211; Centro de Promoci\u00f3n de la Mujer Gregoria Apaza &#8211; Centro Juana Azurduy &#8211; CIES Salud Sexual, Salud Reproductiva &#8211; Colectivo CIBERWARMIS &#8211; Colectivo de Derechos Humanos EMPOD\u00c9RATE &#8211; Colectivo Eco Feminista SALVAGINAS &#8211; Colectivo GLBT del Sur &#8211; Colectivo PLAMETA &#8211; Colectivo Plurales &#8211; Colectivo TLGB del Departamento de La Paz &#8211; Comit\u00e9 de Am\u00e9rica Latina y el Caribe para la Defensa de los Derechos de las Mujeres (CLADEM Bolivia) &#8211; Comunidad de Derechos Humanos (CDH) &#8211; Construyendo Redes para el Desarrollo &#8211; COOMUJER Beni &#8211; Coordinadora de la Mujer &#8211; Coordinadora LGBTIQ+ Cochabamba &#8211; Educaci\u00f3n Radiof\u00f3nica de Bolivia (ERBOL) &#8211; Equipo de Comunicaci\u00f3n Alternativa con Mujeres (ECAM) &#8211; Federaci\u00f3n Sindical de Trabajadores de la Prensa de Potos\u00ed &#8211; Foro Pol\u00edtico Departamental de Mujeres Cochabamba &#8211; Fundaci\u00f3n CONSTRUIR &#8211; Fundaci\u00f3n de Desarrollo y Servicio Integral (FUNDESI) &#8211; Fundaci\u00f3n Esperanza Desarrollo y Dignidad (FEDDIG) &#8211; Fundaci\u00f3n Integral para la Juventud (FIJ) &#8211; Fundaci\u00f3n Internet Bolivia &#8211; Fundaci\u00f3n IRFA Instituto Radiof\u00f3nico Fe y Alegr\u00eda &#8211; Fundaci\u00f3n IVI MARAEI &#8211; Fundaci\u00f3n JUBILEO &#8211; Fundaci\u00f3n Kallpa &#8211; Fundaci\u00f3n Machaca Amawta &#8211; Fundaci\u00f3n Microjusticia Bolivia &#8211; Fundaci\u00f3n Mujeres en Comunidad &#8211; Fundaci\u00f3n \u00d1A\u00d1OPE &#8211; Fundaci\u00f3n para el Periodismo &#8211; Fundaci\u00f3n UNIR &#8211; Grupo de Trabajo en Masculinidades de Cochabamba (GTM Cochabamba) &#8211; IGUAL Bolivia &#8211; Instituto para el Desarrollo Rural de Sudam\u00e9rica (IPDRS) &#8211; La Guardiana medio digital &#8211; Laboratorio de Tecnolog\u00edas Sociales (LAB TECNOSOCIAL) &#8211; Movimiento Trans Feminista de Bolivia &#8211; Mujeres en Acci\u00f3n &#8211; Observatorio Ciudadano de la Democracia (OCD) &#8211; Oficina Jur\u00eddica para la Mujer &#8211; ONG Realidades &#8211; Organizaci\u00f3n de Mujeres Aymaras del Kollasuyo (OMAK) &#8211; Plataforma Ciudadana por el Acceso a la Justicia y los Derechos Humanos &#8211; Programa de Coordinaci\u00f3n en Salud Integral (Red PROCOSI) &#8211; Red de L\u00edderes para la Democracia y el Desarrollo (RELIDD Oruro) &#8211; Red Nacional de Promotoras Comunitarias de Prevenci\u00f3n de la Violencia en Raz\u00f3n de G\u00e9nero &#8211; Ruta de la Democracia &#8211; Uni\u00f3n Nacional de Instituciones para el Trabajo de Acci\u00f3n Social (UNITAS) &#8211; Veedur\u00eda Ciudadana de Derechos Humanos &#8211; Yo Activista<\/p>\n<p class=\"v1MsoNormal\">\n<p class=\"v1MsoNormal\">Personas defensoras de derechos humanos:<\/p>\n<p>Mayra Daza Monta\u00f1o \u2013 Rosa Talavera Simoni &#8211; Juan Carlos Fuertes Mamani \u2013 Wilmer Galarza Mendoza &#8211; Erika Camacho Guzm\u00e1n &#8211; Ana Mar\u00eda De la Fuente \u2013 Marco Antonio Mendoza \u2013 Ninoska Flores Loza \u2013 Hugo Eduardo Maraz &#8211; Romy Dur\u00e1n Sand\u00f3val &#8211; Mar\u00eda Elena Querejazu &#8211; Cristofer Quiller Flores \u2013 Natalia Peres \u2013 Juan Carlos Balderas \u2013 Ra\u00fal Pe\u00f1aranda \u2013 Franco Alejandro Albarrac\u00edn Vallejos \u2013 Juan Carlos Guti\u00e9rrez \u2013 Sergio Ardaya R\u00edos &#8211; Mar\u00eda Antonieta Alc\u00f3n S\u00e1nchez. (Br\u00fajula Digital)<\/p>\n","protected":false},"excerpt":{"rendered":"<p>Un grupo de 19 personalidades defensoras de los derechos humanos y 78 organizaciones de la sociedad civil solicitaron a la Asamblea Legislativa Plurinacional la pronta aprobaci\u00f3n del proyecto de ley presentado por el Tribunal Supremo Electoral (TSE), que establece la obligatoriedad de debates p\u00fablicos entre candidatos a cargos electivos en Bolivia. El TSE propuso modificar [&hellip;]<\/p>\n","protected":false},"author":1,"featured_media":280222,"comment_status":"closed","ping_status":"open","sticky":false,"template":"","format":"standard","meta":{"_acf_changed":false,"footnotes":""},"categories":[15],"tags":[],"class_list":["post-280221","post","type-post","status-publish","format-standard","has-post-thumbnail","category-portada"],"acf":{"antetitulo":"Pedido de organizaciones y activistas"},"yoast_head":"<!-- This site is optimized with the Yoast SEO plugin v28.3 - https:\/\/yoast.com\/product\/yoast-seo-wordpress\/ -->\n<title>Exigen aprobar la ley de debate obligatorio - El Diario - Bolivia<\/title>\n<meta name=\"robots\" content=\"index, follow, max-snippet:-1, max-image-preview:large, max-video-preview:-1\" \/>\n<link rel=\"canonical\" href=\"https:\/\/www.eldiario.net\/portal\/2025\/02\/08\/exigen-aprobar-la-ley-de-debate-obligatorio\/\" \/>\n<meta property=\"og:locale\" content=\"es_ES\" \/>\n<meta property=\"og:type\" content=\"article\" \/>\n<meta property=\"og:title\" content=\"Exigen aprobar la ley de debate obligatorio - El Diario - Bolivia\" \/>\n<meta property=\"og:description\" content=\"Un grupo de 19 personalidades defensoras de los derechos humanos y 78 organizaciones de la sociedad civil solicitaron a la Asamblea Legislativa Plurinacional la pronta aprobaci\u00f3n del proyecto de ley presentado por el Tribunal Supremo Electoral (TSE), que establece la obligatoriedad de debates p\u00fablicos entre candidatos a cargos electivos en Bolivia. El TSE propuso modificar [&hellip;]\" \/>\n<meta property=\"og:url\" content=\"https:\/\/www.eldiario.net\/portal\/2025\/02\/08\/exigen-aprobar-la-ley-de-debate-obligatorio\/\" \/>\n<meta property=\"og:site_name\" content=\"El Diario - Bolivia\" \/>\n<meta property=\"article:publisher\" content=\"https:\/\/www.facebook.com\/eldiario.bolivia\/\" \/>\n<meta property=\"article:published_time\" content=\"2025-02-08T10:49:28+00:00\" \/>\n<meta property=\"og:image\" content=\"https:\/\/www.eldiario.net\/portal\/wp-content\/uploads\/2025\/02\/elecciones-debate-BD.jpeg\" \/>\n\t<meta property=\"og:image:width\" content=\"720\" \/>\n\t<meta property=\"og:image:height\" content=\"399\" \/>\n\t<meta property=\"og:image:type\" content=\"image\/jpeg\" \/>\n<meta name=\"author\" content=\"Jeanette\" \/>\n<meta name=\"twitter:card\" content=\"summary_large_image\" \/>\n<meta name=\"twitter:creator\" content=\"@eldiario_net\" \/>\n<meta name=\"twitter:site\" content=\"@eldiario_net\" \/>\n<meta name=\"twitter:label1\" content=\"Escrito por\" \/>\n\t<meta name=\"twitter:data1\" content=\"Jeanette\" \/>\n\t<meta name=\"twitter:label2\" content=\"Tiempo de lectura\" \/>\n\t<meta name=\"twitter:data2\" content=\"4 minutos\" \/>\n<script type=\"application\/ld+json\" class=\"yoast-schema-graph\">{\"@context\":\"https:\\\/\\\/schema.org\",\"@graph\":[{\"@type\":\"Article\",\"@id\":\"https:\\\/\\\/www.eldiario.net\\\/portal\\\/2025\\\/02\\\/08\\\/exigen-aprobar-la-ley-de-debate-obligatorio\\\/#article\",\"isPartOf\":{\"@id\":\"https:\\\/\\\/www.eldiario.net\\\/portal\\\/2025\\\/02\\\/08\\\/exigen-aprobar-la-ley-de-debate-obligatorio\\\/\"},\"author\":{\"name\":\"Jeanette\",\"@id\":\"https:\\\/\\\/www.eldiario.net\\\/portal\\\/#\\\/schema\\\/person\\\/f46445640444750d7d753ccd04ae01b7\"},\"headline\":\"Exigen aprobar la ley de debate obligatorio\",\"datePublished\":\"2025-02-08T10:49:28+00:00\",\"mainEntityOfPage\":{\"@id\":\"https:\\\/\\\/www.eldiario.net\\\/portal\\\/2025\\\/02\\\/08\\\/exigen-aprobar-la-ley-de-debate-obligatorio\\\/\"},\"wordCount\":907,\"publisher\":{\"@id\":\"https:\\\/\\\/www.eldiario.net\\\/portal\\\/#organization\"},\"image\":{\"@id\":\"https:\\\/\\\/www.eldiario.net\\\/portal\\\/2025\\\/02\\\/08\\\/exigen-aprobar-la-ley-de-debate-obligatorio\\\/#primaryimage\"},\"thumbnailUrl\":\"https:\\\/\\\/www.eldiario.net\\\/portal\\\/wp-content\\\/uploads\\\/2025\\\/02\\\/elecciones-debate-BD.jpeg\",\"articleSection\":[\"Portada\"],\"inLanguage\":\"es\"},{\"@type\":\"WebPage\",\"@id\":\"https:\\\/\\\/www.eldiario.net\\\/portal\\\/2025\\\/02\\\/08\\\/exigen-aprobar-la-ley-de-debate-obligatorio\\\/\",\"url\":\"https:\\\/\\\/www.eldiario.net\\\/portal\\\/2025\\\/02\\\/08\\\/exigen-aprobar-la-ley-de-debate-obligatorio\\\/\",\"name\":\"Exigen aprobar la ley de debate obligatorio - El Diario - Bolivia\",\"isPartOf\":{\"@id\":\"https:\\\/\\\/www.eldiario.net\\\/portal\\\/#website\"},\"primaryImageOfPage\":{\"@id\":\"https:\\\/\\\/www.eldiario.net\\\/portal\\\/2025\\\/02\\\/08\\\/exigen-aprobar-la-ley-de-debate-obligatorio\\\/#primaryimage\"},\"image\":{\"@id\":\"https:\\\/\\\/www.eldiario.net\\\/portal\\\/2025\\\/02\\\/08\\\/exigen-aprobar-la-ley-de-debate-obligatorio\\\/#primaryimage\"},\"thumbnailUrl\":\"https:\\\/\\\/www.eldiario.net\\\/portal\\\/wp-content\\\/uploads\\\/2025\\\/02\\\/elecciones-debate-BD.jpeg\",\"datePublished\":\"2025-02-08T10:49:28+00:00\",\"breadcrumb\":{\"@id\":\"https:\\\/\\\/www.eldiario.net\\\/portal\\\/2025\\\/02\\\/08\\\/exigen-aprobar-la-ley-de-debate-obligatorio\\\/#breadcrumb\"},\"inLanguage\":\"es\",\"potentialAction\":[{\"@type\":\"ReadAction\",\"target\":[\"https:\\\/\\\/www.eldiario.net\\\/portal\\\/2025\\\/02\\\/08\\\/exigen-aprobar-la-ley-de-debate-obligatorio\\\/\"]}]},{\"@type\":\"ImageObject\",\"inLanguage\":\"es\",\"@id\":\"https:\\\/\\\/www.eldiario.net\\\/portal\\\/2025\\\/02\\\/08\\\/exigen-aprobar-la-ley-de-debate-obligatorio\\\/#primaryimage\",\"url\":\"https:\\\/\\\/www.eldiario.net\\\/portal\\\/wp-content\\\/uploads\\\/2025\\\/02\\\/elecciones-debate-BD.jpeg\",\"contentUrl\":\"https:\\\/\\\/www.eldiario.net\\\/portal\\\/wp-content\\\/uploads\\\/2025\\\/02\\\/elecciones-debate-BD.jpeg\",\"width\":720,\"height\":399},{\"@type\":\"BreadcrumbList\",\"@id\":\"https:\\\/\\\/www.eldiario.net\\\/portal\\\/2025\\\/02\\\/08\\\/exigen-aprobar-la-ley-de-debate-obligatorio\\\/#breadcrumb\",\"itemListElement\":[{\"@type\":\"ListItem\",\"position\":1,\"name\":\"Portada\",\"item\":\"https:\\\/\\\/www.eldiario.net\\\/portal\\\/\"},{\"@type\":\"ListItem\",\"position\":2,\"name\":\"Exigen aprobar la ley de debate obligatorio\"}]},{\"@type\":\"WebSite\",\"@id\":\"https:\\\/\\\/www.eldiario.net\\\/portal\\\/#website\",\"url\":\"https:\\\/\\\/www.eldiario.net\\\/portal\\\/\",\"name\":\"El Diario - Decano de la prensa nacional\",\"description\":\"El Diario - Decano de la prensa nacional\",\"publisher\":{\"@id\":\"https:\\\/\\\/www.eldiario.net\\\/portal\\\/#organization\"},\"potentialAction\":[{\"@type\":\"SearchAction\",\"target\":{\"@type\":\"EntryPoint\",\"urlTemplate\":\"https:\\\/\\\/www.eldiario.net\\\/portal\\\/?s={search_term_string}\"},\"query-input\":{\"@type\":\"PropertyValueSpecification\",\"valueRequired\":true,\"valueName\":\"search_term_string\"}}],\"inLanguage\":\"es\"},{\"@type\":\"Organization\",\"@id\":\"https:\\\/\\\/www.eldiario.net\\\/portal\\\/#organization\",\"name\":\"El Diario - Decano de la prensa nacional\",\"url\":\"https:\\\/\\\/www.eldiario.net\\\/portal\\\/\",\"logo\":{\"@type\":\"ImageObject\",\"inLanguage\":\"es\",\"@id\":\"https:\\\/\\\/www.eldiario.net\\\/portal\\\/#\\\/schema\\\/logo\\\/image\\\/\",\"url\":\"https:\\\/\\\/www.eldiario.net\\\/portal\\\/wp-content\\\/uploads\\\/2023\\\/07\\\/logo_ED.jpg\",\"contentUrl\":\"https:\\\/\\\/www.eldiario.net\\\/portal\\\/wp-content\\\/uploads\\\/2023\\\/07\\\/logo_ED.jpg\",\"width\":272,\"height\":52,\"caption\":\"El Diario - Decano de la prensa nacional\"},\"image\":{\"@id\":\"https:\\\/\\\/www.eldiario.net\\\/portal\\\/#\\\/schema\\\/logo\\\/image\\\/\"},\"sameAs\":[\"https:\\\/\\\/www.facebook.com\\\/eldiario.bolivia\\\/\",\"https:\\\/\\\/x.com\\\/eldiario_net\"]},{\"@type\":\"Person\",\"@id\":\"https:\\\/\\\/www.eldiario.net\\\/portal\\\/#\\\/schema\\\/person\\\/f46445640444750d7d753ccd04ae01b7\",\"name\":\"Jeanette\",\"image\":{\"@type\":\"ImageObject\",\"inLanguage\":\"es\",\"@id\":\"https:\\\/\\\/secure.gravatar.com\\\/avatar\\\/3ea2118a5f7dad2b7138b1187a6b7ee55f160b9968b66013c3a3ef39dd7e5798?s=96&d=mm&r=g\",\"url\":\"https:\\\/\\\/secure.gravatar.com\\\/avatar\\\/3ea2118a5f7dad2b7138b1187a6b7ee55f160b9968b66013c3a3ef39dd7e5798?s=96&d=mm&r=g\",\"contentUrl\":\"https:\\\/\\\/secure.gravatar.com\\\/avatar\\\/3ea2118a5f7dad2b7138b1187a6b7ee55f160b9968b66013c3a3ef39dd7e5798?s=96&d=mm&r=g\",\"caption\":\"Jeanette\"},\"sameAs\":[\"https:\\\/\\\/www.eldiario.net\\\/portal\"],\"url\":\"https:\\\/\\\/www.eldiario.net\\\/portal\\\/author\\\/jeanette\\\/\"}]}<\/script>\n<!-- \/ Yoast SEO plugin. -->","yoast_head_json":{"title":"Exigen aprobar la ley de debate obligatorio - El Diario - Bolivia","robots":{"index":"index","follow":"follow","max-snippet":"max-snippet:-1","max-image-preview":"max-image-preview:large","max-video-preview":"max-video-preview:-1"},"canonical":"https:\/\/www.eldiario.net\/portal\/2025\/02\/08\/exigen-aprobar-la-ley-de-debate-obligatorio\/","og_locale":"es_ES","og_type":"article","og_title":"Exigen aprobar la ley de debate obligatorio - El Diario - Bolivia","og_description":"Un grupo de 19 personalidades defensoras de los derechos humanos y 78 organizaciones de la sociedad civil solicitaron a la Asamblea Legislativa Plurinacional la pronta aprobaci\u00f3n del proyecto de ley presentado por el Tribunal Supremo Electoral (TSE), que establece la obligatoriedad de debates p\u00fablicos entre candidatos a cargos electivos en Bolivia. El TSE propuso modificar [&hellip;]","og_url":"https:\/\/www.eldiario.net\/portal\/2025\/02\/08\/exigen-aprobar-la-ley-de-debate-obligatorio\/","og_site_name":"El Diario - Bolivia","article_publisher":"https:\/\/www.facebook.com\/eldiario.bolivia\/","article_published_time":"2025-02-08T10:49:28+00:00","og_image":[{"width":720,"height":399,"url":"https:\/\/www.eldiario.net\/portal\/wp-content\/uploads\/2025\/02\/elecciones-debate-BD.jpeg","type":"image\/jpeg"}],"author":"Jeanette","twitter_card":"summary_large_image","twitter_creator":"@eldiario_net","twitter_site":"@eldiario_net","twitter_misc":{"Escrito por":"Jeanette","Tiempo de lectura":"4 minutos"},"schema":{"@context":"https:\/\/schema.org","@graph":[{"@type":"Article","@id":"https:\/\/www.eldiario.net\/portal\/2025\/02\/08\/exigen-aprobar-la-ley-de-debate-obligatorio\/#article","isPartOf":{"@id":"https:\/\/www.eldiario.net\/portal\/2025\/02\/08\/exigen-aprobar-la-ley-de-debate-obligatorio\/"},"author":{"name":"Jeanette","@id":"https:\/\/www.eldiario.net\/portal\/#\/schema\/person\/f46445640444750d7d753ccd04ae01b7"},"headline":"Exigen aprobar la ley de debate obligatorio","datePublished":"2025-02-08T10:49:28+00:00","mainEntityOfPage":{"@id":"https:\/\/www.eldiario.net\/portal\/2025\/02\/08\/exigen-aprobar-la-ley-de-debate-obligatorio\/"},"wordCount":907,"publisher":{"@id":"https:\/\/www.eldiario.net\/portal\/#organization"},"image":{"@id":"https:\/\/www.eldiario.net\/portal\/2025\/02\/08\/exigen-aprobar-la-ley-de-debate-obligatorio\/#primaryimage"},"thumbnailUrl":"https:\/\/www.eldiario.net\/portal\/wp-content\/uploads\/2025\/02\/elecciones-debate-BD.jpeg","articleSection":["Portada"],"inLanguage":"es"},{"@type":"WebPage","@id":"https:\/\/www.eldiario.net\/portal\/2025\/02\/08\/exigen-aprobar-la-ley-de-debate-obligatorio\/","url":"https:\/\/www.eldiario.net\/portal\/2025\/02\/08\/exigen-aprobar-la-ley-de-debate-obligatorio\/","name":"Exigen aprobar la ley de debate obligatorio - El Diario - Bolivia","isPartOf":{"@id":"https:\/\/www.eldiario.net\/portal\/#website"},"primaryImageOfPage":{"@id":"https:\/\/www.eldiario.net\/portal\/2025\/02\/08\/exigen-aprobar-la-ley-de-debate-obligatorio\/#primaryimage"},"image":{"@id":"https:\/\/www.eldiario.net\/portal\/2025\/02\/08\/exigen-aprobar-la-ley-de-debate-obligatorio\/#primaryimage"},"thumbnailUrl":"https:\/\/www.eldiario.net\/portal\/wp-content\/uploads\/2025\/02\/elecciones-debate-BD.jpeg","datePublished":"2025-02-08T10:49:28+00:00","breadcrumb":{"@id":"https:\/\/www.eldiario.net\/portal\/2025\/02\/08\/exigen-aprobar-la-ley-de-debate-obligatorio\/#breadcrumb"},"inLanguage":"es","potentialAction":[{"@type":"ReadAction","target":["https:\/\/www.eldiario.net\/portal\/2025\/02\/08\/exigen-aprobar-la-ley-de-debate-obligatorio\/"]}]},{"@type":"ImageObject","inLanguage":"es","@id":"https:\/\/www.eldiario.net\/portal\/2025\/02\/08\/exigen-aprobar-la-ley-de-debate-obligatorio\/#primaryimage","url":"https:\/\/www.eldiario.net\/portal\/wp-content\/uploads\/2025\/02\/elecciones-debate-BD.jpeg","contentUrl":"https:\/\/www.eldiario.net\/portal\/wp-content\/uploads\/2025\/02\/elecciones-debate-BD.jpeg","width":720,"height":399},{"@type":"BreadcrumbList","@id":"https:\/\/www.eldiario.net\/portal\/2025\/02\/08\/exigen-aprobar-la-ley-de-debate-obligatorio\/#breadcrumb","itemListElement":[{"@type":"ListItem","position":1,"name":"Portada","item":"https:\/\/www.eldiario.net\/portal\/"},{"@type":"ListItem","position":2,"name":"Exigen aprobar la ley de debate obligatorio"}]},{"@type":"WebSite","@id":"https:\/\/www.eldiario.net\/portal\/#website","url":"https:\/\/www.eldiario.net\/portal\/","name":"El Diario - Decano de la prensa nacional","description":"El Diario - Decano de la prensa nacional","publisher":{"@id":"https:\/\/www.eldiario.net\/portal\/#organization"},"potentialAction":[{"@type":"SearchAction","target":{"@type":"EntryPoint","urlTemplate":"https:\/\/www.eldiario.net\/portal\/?s={search_term_string}"},"query-input":{"@type":"PropertyValueSpecification","valueRequired":true,"valueName":"search_term_string"}}],"inLanguage":"es"},{"@type":"Organization","@id":"https:\/\/www.eldiario.net\/portal\/#organization","name":"El Diario - Decano de la prensa nacional","url":"https:\/\/www.eldiario.net\/portal\/","logo":{"@type":"ImageObject","inLanguage":"es","@id":"https:\/\/www.eldiario.net\/portal\/#\/schema\/logo\/image\/","url":"https:\/\/www.eldiario.net\/portal\/wp-content\/uploads\/2023\/07\/logo_ED.jpg","contentUrl":"https:\/\/www.eldiario.net\/portal\/wp-content\/uploads\/2023\/07\/logo_ED.jpg","width":272,"height":52,"caption":"El Diario - Decano de la prensa nacional"},"image":{"@id":"https:\/\/www.eldiario.net\/portal\/#\/schema\/logo\/image\/"},"sameAs":["https:\/\/www.facebook.com\/eldiario.bolivia\/","https:\/\/x.com\/eldiario_net"]},{"@type":"Person","@id":"https:\/\/www.eldiario.net\/portal\/#\/schema\/person\/f46445640444750d7d753ccd04ae01b7","name":"Jeanette","image":{"@type":"ImageObject","inLanguage":"es","@id":"https:\/\/secure.gravatar.com\/avatar\/3ea2118a5f7dad2b7138b1187a6b7ee55f160b9968b66013c3a3ef39dd7e5798?s=96&d=mm&r=g","url":"https:\/\/secure.gravatar.com\/avatar\/3ea2118a5f7dad2b7138b1187a6b7ee55f160b9968b66013c3a3ef39dd7e5798?s=96&d=mm&r=g","contentUrl":"https:\/\/secure.gravatar.com\/avatar\/3ea2118a5f7dad2b7138b1187a6b7ee55f160b9968b66013c3a3ef39dd7e5798?s=96&d=mm&r=g","caption":"Jeanette"},"sameAs":["https:\/\/www.eldiario.net\/portal"],"url":"https:\/\/www.eldiario.net\/portal\/author\/jeanette\/"}]}},"_links":{"self":[{"href":"https:\/\/www.eldiario.net\/portal\/wp-json\/wp\/v2\/posts\/280221","targetHints":{"allow":["GET"]}}],"collection":[{"href":"https:\/\/www.eldiario.net\/portal\/wp-json\/wp\/v2\/posts"}],"about":[{"href":"https:\/\/www.eldiario.net\/portal\/wp-json\/wp\/v2\/types\/post"}],"author":[{"embeddable":true,"href":"https:\/\/www.eldiario.net\/portal\/wp-json\/wp\/v2\/users\/1"}],"replies":[{"embeddable":true,"href":"https:\/\/www.eldiario.net\/portal\/wp-json\/wp\/v2\/comments?post=280221"}],"version-history":[{"count":1,"href":"https:\/\/www.eldiario.net\/portal\/wp-json\/wp\/v2\/posts\/280221\/revisions"}],"predecessor-version":[{"id":280223,"href":"https:\/\/www.eldiario.net\/portal\/wp-json\/wp\/v2\/posts\/280221\/revisions\/280223"}],"wp:featuredmedia":[{"embeddable":true,"href":"https:\/\/www.eldiario.net\/portal\/wp-json\/wp\/v2\/media\/280222"}],"wp:attachment":[{"href":"https:\/\/www.eldiario.net\/portal\/wp-json\/wp\/v2\/media?parent=280221"}],"wp:term":[{"taxonomy":"category","embeddable":true,"href":"https:\/\/www.eldiario.net\/portal\/wp-json\/wp\/v2\/categories?post=280221"},{"taxonomy":"post_tag","embeddable":true,"href":"https:\/\/www.eldiario.net\/portal\/wp-json\/wp\/v2\/tags?post=280221"}],"curies":[{"name":"wp","href":"https:\/\/api.w.org\/{rel}","templated":true}]}}