{"id":280218,"date":"2025-02-08T06:48:36","date_gmt":"2025-02-08T10:48:36","guid":{"rendered":"https:\/\/www.eldiario.net\/portal\/?p=280218"},"modified":"2025-02-08T06:48:36","modified_gmt":"2025-02-08T10:48:36","slug":"revocan-acceso-de-joe-biden-a-informacion-clasificada-en-eeuu","status":"publish","type":"post","link":"https:\/\/www.eldiario.net\/portal\/2025\/02\/08\/revocan-acceso-de-joe-biden-a-informacion-clasificada-en-eeuu\/","title":{"rendered":"Revocan acceso de Joe Biden a  Informaci\u00f3n clasificada en EEUU"},"content":{"rendered":"<p class=\"v1MsoNormal\">El presidente de Estados Unidos, Donald Trump, anunci\u00f3 ayer que revoc\u00f3 el acceso a informaci\u00f3n clasificada del ex mandatario Joe Biden (2021-2025) y suspendido sus sesiones diarias de inteligencia, en respuesta a la decisi\u00f3n que Biden tom\u00f3 en 2021 de retirarle el mismo privilegio.<\/p>\n<p class=\"v1MsoNormal\">Trump inform\u00f3 de la medida a trav\u00e9s de su red social Truth Social poco despu\u00e9s de llegar a su residencia privada de Mar-a-Lago, en Palm Beach, Florida, para pasar el fin de semana.<\/p>\n<p class=\"v1MsoNormal\">\u00abNo hay necesidad de que Joe Biden siga recibiendo acceso a informaci\u00f3n clasificada. Por lo tanto, estamos revocando inmediatamente sus autorizaciones de seguridad y deteniendo sus sesiones informativas diarias de Inteligencia\u00bb, escribi\u00f3.<\/p>\n<p class=\"v1MsoNormal\">El republicano justific\u00f3 su decisi\u00f3n al se\u00f1alar que Biden \u00absent\u00f3 este precedente en 2021\u2033, cuando orden\u00f3 a la Comunidad de Inteligencia (IC, por sus siglas en ingl\u00e9s) impedir que el entonces ex presidente Trump accediera a informaci\u00f3n de seguridad nacional.<\/p>\n<p class=\"v1MsoNormal\">El presidente estadounidense justific\u00f3 su decisi\u00f3n al se\u00f1alar que el ex mandatario dem\u00f3crata \u00absent\u00f3 este precedente en 2021\u2033, cuando orden\u00f3 a la Comunidad de Inteligencia (IC, por sus siglas en ingl\u00e9s) que le impidiera acceder a informaci\u00f3n de seguridad nacional<\/p>\n<p class=\"v1MsoNormal\">El presidente de Estados Unidos, Donald Trump, anunci\u00f3 ayer que revoc\u00f3 el acceso a informaci\u00f3n clasificada del ex mandatario Joe Biden (2021-2025) y suspendido sus sesiones diarias de inteligencia, en respuesta a la decisi\u00f3n que Biden tom\u00f3 en 2021 de retirarle el mismo privilegio.<\/p>\n<p class=\"v1MsoNormal\">Trump inform\u00f3 de la medida a trav\u00e9s de su red social Truth Social poco despu\u00e9s de llegar a su residencia privada de Mar-a-Lago, en Palm Beach, Florida, para pasar el fin de semana.<\/p>\n<p class=\"v1MsoNormal\">\u00abNo hay necesidad de que Joe Biden siga recibiendo acceso a informaci\u00f3n clasificada. Por lo tanto, estamos revocando inmediatamente sus autorizaciones de seguridad y deteniendo sus sesiones informativas diarias de Inteligencia\u00bb, escribi\u00f3.<\/p>\n<p class=\"v1MsoNormal\">El republicano justific\u00f3 su decisi\u00f3n al se\u00f1alar que Biden \u00absent\u00f3 este precedente en 2021\u2033, cuando orden\u00f3 a la Comunidad de Inteligencia (IC, por sus siglas en ingl\u00e9s) impedir que el entonces ex presidente Trump accediera a informaci\u00f3n de seguridad nacional.<\/p>\n<p class=\"v1MsoNormal\">\u00a0\u00ab\u00c9l instruy\u00f3 a la IC para que el 45.\u00ba presidente de Estados Unidos (\u00a1YO!) no pudiera acceder a detalles sobre seguridad nacional, una cortes\u00eda brindada a los ex presidentes\u00bb, agreg\u00f3 el mandatario. Hasta el momento, Joe Biden no emiti\u00f3 comentarios inmediatos sobre la decisi\u00f3n del presidente estadounidense. (Infobae)<\/p>\n<p class=\"v1MsoNormal\">\n","protected":false},"excerpt":{"rendered":"<p>El presidente de Estados Unidos, Donald Trump, anunci\u00f3 ayer que revoc\u00f3 el acceso a informaci\u00f3n clasificada del ex mandatario Joe Biden (2021-2025) y suspendido sus sesiones diarias de inteligencia, en respuesta a la decisi\u00f3n que Biden tom\u00f3 en 2021 de retirarle el mismo privilegio. Trump inform\u00f3 de la medida a trav\u00e9s de su red social [&hellip;]<\/p>\n","protected":false},"author":1,"featured_media":280219,"comment_status":"closed","ping_status":"open","sticky":false,"template":"","format":"standard","meta":{"_acf_changed":false,"footnotes":""},"categories":[15],"tags":[],"class_list":["post-280218","post","type-post","status-publish","format-standard","has-post-thumbnail","category-portada"],"acf":{"antetitulo":"Trump justifica"},"yoast_head":"<!-- This site is optimized with the Yoast SEO plugin v28.3 - https:\/\/yoast.com\/product\/yoast-seo-wordpress\/ -->\n<title>Revocan acceso de Joe Biden a Informaci\u00f3n clasificada en EEUU - El Diario - Bolivia<\/title>\n<meta name=\"robots\" content=\"index, follow, max-snippet:-1, max-image-preview:large, max-video-preview:-1\" \/>\n<link rel=\"canonical\" href=\"https:\/\/www.eldiario.net\/portal\/2025\/02\/08\/revocan-acceso-de-joe-biden-a-informacion-clasificada-en-eeuu\/\" \/>\n<meta property=\"og:locale\" content=\"es_ES\" \/>\n<meta property=\"og:type\" content=\"article\" \/>\n<meta property=\"og:title\" content=\"Revocan acceso de Joe Biden a Informaci\u00f3n clasificada en EEUU - El Diario - Bolivia\" \/>\n<meta property=\"og:description\" content=\"El presidente de Estados Unidos, Donald Trump, anunci\u00f3 ayer que revoc\u00f3 el acceso a informaci\u00f3n clasificada del ex mandatario Joe Biden (2021-2025) y suspendido sus sesiones diarias de inteligencia, en respuesta a la decisi\u00f3n que Biden tom\u00f3 en 2021 de retirarle el mismo privilegio. Trump inform\u00f3 de la medida a trav\u00e9s de su red social [&hellip;]\" \/>\n<meta property=\"og:url\" content=\"https:\/\/www.eldiario.net\/portal\/2025\/02\/08\/revocan-acceso-de-joe-biden-a-informacion-clasificada-en-eeuu\/\" \/>\n<meta property=\"og:site_name\" content=\"El Diario - Bolivia\" \/>\n<meta property=\"article:publisher\" content=\"https:\/\/www.facebook.com\/eldiario.bolivia\/\" \/>\n<meta property=\"article:published_time\" content=\"2025-02-08T10:48:36+00:00\" \/>\n<meta property=\"og:image\" content=\"https:\/\/www.eldiario.net\/portal\/wp-content\/uploads\/2025\/02\/Trump-Biden-CBS-News.webp\" \/>\n\t<meta property=\"og:image:width\" content=\"1280\" \/>\n\t<meta property=\"og:image:height\" content=\"720\" \/>\n\t<meta property=\"og:image:type\" content=\"image\/webp\" \/>\n<meta name=\"author\" content=\"Jeanette\" \/>\n<meta name=\"twitter:card\" content=\"summary_large_image\" \/>\n<meta name=\"twitter:creator\" content=\"@eldiario_net\" \/>\n<meta name=\"twitter:site\" content=\"@eldiario_net\" \/>\n<meta name=\"twitter:label1\" content=\"Escrito por\" \/>\n\t<meta name=\"twitter:data1\" content=\"Jeanette\" \/>\n\t<meta name=\"twitter:label2\" content=\"Tiempo de lectura\" \/>\n\t<meta name=\"twitter:data2\" content=\"2 minutos\" \/>\n<script type=\"application\/ld+json\" class=\"yoast-schema-graph\">{\"@context\":\"https:\\\/\\\/schema.org\",\"@graph\":[{\"@type\":\"Article\",\"@id\":\"https:\\\/\\\/www.eldiario.net\\\/portal\\\/2025\\\/02\\\/08\\\/revocan-acceso-de-joe-biden-a-informacion-clasificada-en-eeuu\\\/#article\",\"isPartOf\":{\"@id\":\"https:\\\/\\\/www.eldiario.net\\\/portal\\\/2025\\\/02\\\/08\\\/revocan-acceso-de-joe-biden-a-informacion-clasificada-en-eeuu\\\/\"},\"author\":{\"name\":\"Jeanette\",\"@id\":\"https:\\\/\\\/www.eldiario.net\\\/portal\\\/#\\\/schema\\\/person\\\/f46445640444750d7d753ccd04ae01b7\"},\"headline\":\"Revocan acceso de Joe Biden a Informaci\u00f3n clasificada en EEUU\",\"datePublished\":\"2025-02-08T10:48:36+00:00\",\"mainEntityOfPage\":{\"@id\":\"https:\\\/\\\/www.eldiario.net\\\/portal\\\/2025\\\/02\\\/08\\\/revocan-acceso-de-joe-biden-a-informacion-clasificada-en-eeuu\\\/\"},\"wordCount\":416,\"publisher\":{\"@id\":\"https:\\\/\\\/www.eldiario.net\\\/portal\\\/#organization\"},\"image\":{\"@id\":\"https:\\\/\\\/www.eldiario.net\\\/portal\\\/2025\\\/02\\\/08\\\/revocan-acceso-de-joe-biden-a-informacion-clasificada-en-eeuu\\\/#primaryimage\"},\"thumbnailUrl\":\"https:\\\/\\\/www.eldiario.net\\\/portal\\\/wp-content\\\/uploads\\\/2025\\\/02\\\/Trump-Biden-CBS-News.webp\",\"articleSection\":[\"Portada\"],\"inLanguage\":\"es\"},{\"@type\":\"WebPage\",\"@id\":\"https:\\\/\\\/www.eldiario.net\\\/portal\\\/2025\\\/02\\\/08\\\/revocan-acceso-de-joe-biden-a-informacion-clasificada-en-eeuu\\\/\",\"url\":\"https:\\\/\\\/www.eldiario.net\\\/portal\\\/2025\\\/02\\\/08\\\/revocan-acceso-de-joe-biden-a-informacion-clasificada-en-eeuu\\\/\",\"name\":\"Revocan acceso de Joe Biden a Informaci\u00f3n clasificada en EEUU - El Diario - Bolivia\",\"isPartOf\":{\"@id\":\"https:\\\/\\\/www.eldiario.net\\\/portal\\\/#website\"},\"primaryImageOfPage\":{\"@id\":\"https:\\\/\\\/www.eldiario.net\\\/portal\\\/2025\\\/02\\\/08\\\/revocan-acceso-de-joe-biden-a-informacion-clasificada-en-eeuu\\\/#primaryimage\"},\"image\":{\"@id\":\"https:\\\/\\\/www.eldiario.net\\\/portal\\\/2025\\\/02\\\/08\\\/revocan-acceso-de-joe-biden-a-informacion-clasificada-en-eeuu\\\/#primaryimage\"},\"thumbnailUrl\":\"https:\\\/\\\/www.eldiario.net\\\/portal\\\/wp-content\\\/uploads\\\/2025\\\/02\\\/Trump-Biden-CBS-News.webp\",\"datePublished\":\"2025-02-08T10:48:36+00:00\",\"breadcrumb\":{\"@id\":\"https:\\\/\\\/www.eldiario.net\\\/portal\\\/2025\\\/02\\\/08\\\/revocan-acceso-de-joe-biden-a-informacion-clasificada-en-eeuu\\\/#breadcrumb\"},\"inLanguage\":\"es\",\"potentialAction\":[{\"@type\":\"ReadAction\",\"target\":[\"https:\\\/\\\/www.eldiario.net\\\/portal\\\/2025\\\/02\\\/08\\\/revocan-acceso-de-joe-biden-a-informacion-clasificada-en-eeuu\\\/\"]}]},{\"@type\":\"ImageObject\",\"inLanguage\":\"es\",\"@id\":\"https:\\\/\\\/www.eldiario.net\\\/portal\\\/2025\\\/02\\\/08\\\/revocan-acceso-de-joe-biden-a-informacion-clasificada-en-eeuu\\\/#primaryimage\",\"url\":\"https:\\\/\\\/www.eldiario.net\\\/portal\\\/wp-content\\\/uploads\\\/2025\\\/02\\\/Trump-Biden-CBS-News.webp\",\"contentUrl\":\"https:\\\/\\\/www.eldiario.net\\\/portal\\\/wp-content\\\/uploads\\\/2025\\\/02\\\/Trump-Biden-CBS-News.webp\",\"width\":1280,\"height\":720,\"caption\":\"Presidente Donald Trump y el expresidente Joe Biden. CR\u00c9DITO: CBS\"},{\"@type\":\"BreadcrumbList\",\"@id\":\"https:\\\/\\\/www.eldiario.net\\\/portal\\\/2025\\\/02\\\/08\\\/revocan-acceso-de-joe-biden-a-informacion-clasificada-en-eeuu\\\/#breadcrumb\",\"itemListElement\":[{\"@type\":\"ListItem\",\"position\":1,\"name\":\"Portada\",\"item\":\"https:\\\/\\\/www.eldiario.net\\\/portal\\\/\"},{\"@type\":\"ListItem\",\"position\":2,\"name\":\"Revocan acceso de Joe Biden a Informaci\u00f3n clasificada en EEUU\"}]},{\"@type\":\"WebSite\",\"@id\":\"https:\\\/\\\/www.eldiario.net\\\/portal\\\/#website\",\"url\":\"https:\\\/\\\/www.eldiario.net\\\/portal\\\/\",\"name\":\"El Diario - Decano de la prensa nacional\",\"description\":\"El Diario - Decano de la prensa nacional\",\"publisher\":{\"@id\":\"https:\\\/\\\/www.eldiario.net\\\/portal\\\/#organization\"},\"potentialAction\":[{\"@type\":\"SearchAction\",\"target\":{\"@type\":\"EntryPoint\",\"urlTemplate\":\"https:\\\/\\\/www.eldiario.net\\\/portal\\\/?s={search_term_string}\"},\"query-input\":{\"@type\":\"PropertyValueSpecification\",\"valueRequired\":true,\"valueName\":\"search_term_string\"}}],\"inLanguage\":\"es\"},{\"@type\":\"Organization\",\"@id\":\"https:\\\/\\\/www.eldiario.net\\\/portal\\\/#organization\",\"name\":\"El Diario - Decano de la prensa nacional\",\"url\":\"https:\\\/\\\/www.eldiario.net\\\/portal\\\/\",\"logo\":{\"@type\":\"ImageObject\",\"inLanguage\":\"es\",\"@id\":\"https:\\\/\\\/www.eldiario.net\\\/portal\\\/#\\\/schema\\\/logo\\\/image\\\/\",\"url\":\"https:\\\/\\\/www.eldiario.net\\\/portal\\\/wp-content\\\/uploads\\\/2023\\\/07\\\/logo_ED.jpg\",\"contentUrl\":\"https:\\\/\\\/www.eldiario.net\\\/portal\\\/wp-content\\\/uploads\\\/2023\\\/07\\\/logo_ED.jpg\",\"width\":272,\"height\":52,\"caption\":\"El Diario - Decano de la prensa nacional\"},\"image\":{\"@id\":\"https:\\\/\\\/www.eldiario.net\\\/portal\\\/#\\\/schema\\\/logo\\\/image\\\/\"},\"sameAs\":[\"https:\\\/\\\/www.facebook.com\\\/eldiario.bolivia\\\/\",\"https:\\\/\\\/x.com\\\/eldiario_net\"]},{\"@type\":\"Person\",\"@id\":\"https:\\\/\\\/www.eldiario.net\\\/portal\\\/#\\\/schema\\\/person\\\/f46445640444750d7d753ccd04ae01b7\",\"name\":\"Jeanette\",\"image\":{\"@type\":\"ImageObject\",\"inLanguage\":\"es\",\"@id\":\"https:\\\/\\\/secure.gravatar.com\\\/avatar\\\/3ea2118a5f7dad2b7138b1187a6b7ee55f160b9968b66013c3a3ef39dd7e5798?s=96&d=mm&r=g\",\"url\":\"https:\\\/\\\/secure.gravatar.com\\\/avatar\\\/3ea2118a5f7dad2b7138b1187a6b7ee55f160b9968b66013c3a3ef39dd7e5798?s=96&d=mm&r=g\",\"contentUrl\":\"https:\\\/\\\/secure.gravatar.com\\\/avatar\\\/3ea2118a5f7dad2b7138b1187a6b7ee55f160b9968b66013c3a3ef39dd7e5798?s=96&d=mm&r=g\",\"caption\":\"Jeanette\"},\"sameAs\":[\"https:\\\/\\\/www.eldiario.net\\\/portal\"],\"url\":\"https:\\\/\\\/www.eldiario.net\\\/portal\\\/author\\\/jeanette\\\/\"}]}<\/script>\n<!-- \/ Yoast SEO plugin. -->","yoast_head_json":{"title":"Revocan acceso de Joe Biden a Informaci\u00f3n clasificada en EEUU - El Diario - Bolivia","robots":{"index":"index","follow":"follow","max-snippet":"max-snippet:-1","max-image-preview":"max-image-preview:large","max-video-preview":"max-video-preview:-1"},"canonical":"https:\/\/www.eldiario.net\/portal\/2025\/02\/08\/revocan-acceso-de-joe-biden-a-informacion-clasificada-en-eeuu\/","og_locale":"es_ES","og_type":"article","og_title":"Revocan acceso de Joe Biden a Informaci\u00f3n clasificada en EEUU - El Diario - Bolivia","og_description":"El presidente de Estados Unidos, Donald Trump, anunci\u00f3 ayer que revoc\u00f3 el acceso a informaci\u00f3n clasificada del ex mandatario Joe Biden (2021-2025) y suspendido sus sesiones diarias de inteligencia, en respuesta a la decisi\u00f3n que Biden tom\u00f3 en 2021 de retirarle el mismo privilegio. Trump inform\u00f3 de la medida a trav\u00e9s de su red social [&hellip;]","og_url":"https:\/\/www.eldiario.net\/portal\/2025\/02\/08\/revocan-acceso-de-joe-biden-a-informacion-clasificada-en-eeuu\/","og_site_name":"El Diario - Bolivia","article_publisher":"https:\/\/www.facebook.com\/eldiario.bolivia\/","article_published_time":"2025-02-08T10:48:36+00:00","og_image":[{"width":1280,"height":720,"url":"https:\/\/www.eldiario.net\/portal\/wp-content\/uploads\/2025\/02\/Trump-Biden-CBS-News.webp","type":"image\/webp"}],"author":"Jeanette","twitter_card":"summary_large_image","twitter_creator":"@eldiario_net","twitter_site":"@eldiario_net","twitter_misc":{"Escrito por":"Jeanette","Tiempo de lectura":"2 minutos"},"schema":{"@context":"https:\/\/schema.org","@graph":[{"@type":"Article","@id":"https:\/\/www.eldiario.net\/portal\/2025\/02\/08\/revocan-acceso-de-joe-biden-a-informacion-clasificada-en-eeuu\/#article","isPartOf":{"@id":"https:\/\/www.eldiario.net\/portal\/2025\/02\/08\/revocan-acceso-de-joe-biden-a-informacion-clasificada-en-eeuu\/"},"author":{"name":"Jeanette","@id":"https:\/\/www.eldiario.net\/portal\/#\/schema\/person\/f46445640444750d7d753ccd04ae01b7"},"headline":"Revocan acceso de Joe Biden a Informaci\u00f3n clasificada en EEUU","datePublished":"2025-02-08T10:48:36+00:00","mainEntityOfPage":{"@id":"https:\/\/www.eldiario.net\/portal\/2025\/02\/08\/revocan-acceso-de-joe-biden-a-informacion-clasificada-en-eeuu\/"},"wordCount":416,"publisher":{"@id":"https:\/\/www.eldiario.net\/portal\/#organization"},"image":{"@id":"https:\/\/www.eldiario.net\/portal\/2025\/02\/08\/revocan-acceso-de-joe-biden-a-informacion-clasificada-en-eeuu\/#primaryimage"},"thumbnailUrl":"https:\/\/www.eldiario.net\/portal\/wp-content\/uploads\/2025\/02\/Trump-Biden-CBS-News.webp","articleSection":["Portada"],"inLanguage":"es"},{"@type":"WebPage","@id":"https:\/\/www.eldiario.net\/portal\/2025\/02\/08\/revocan-acceso-de-joe-biden-a-informacion-clasificada-en-eeuu\/","url":"https:\/\/www.eldiario.net\/portal\/2025\/02\/08\/revocan-acceso-de-joe-biden-a-informacion-clasificada-en-eeuu\/","name":"Revocan acceso de Joe Biden a Informaci\u00f3n clasificada en EEUU - El Diario - Bolivia","isPartOf":{"@id":"https:\/\/www.eldiario.net\/portal\/#website"},"primaryImageOfPage":{"@id":"https:\/\/www.eldiario.net\/portal\/2025\/02\/08\/revocan-acceso-de-joe-biden-a-informacion-clasificada-en-eeuu\/#primaryimage"},"image":{"@id":"https:\/\/www.eldiario.net\/portal\/2025\/02\/08\/revocan-acceso-de-joe-biden-a-informacion-clasificada-en-eeuu\/#primaryimage"},"thumbnailUrl":"https:\/\/www.eldiario.net\/portal\/wp-content\/uploads\/2025\/02\/Trump-Biden-CBS-News.webp","datePublished":"2025-02-08T10:48:36+00:00","breadcrumb":{"@id":"https:\/\/www.eldiario.net\/portal\/2025\/02\/08\/revocan-acceso-de-joe-biden-a-informacion-clasificada-en-eeuu\/#breadcrumb"},"inLanguage":"es","potentialAction":[{"@type":"ReadAction","target":["https:\/\/www.eldiario.net\/portal\/2025\/02\/08\/revocan-acceso-de-joe-biden-a-informacion-clasificada-en-eeuu\/"]}]},{"@type":"ImageObject","inLanguage":"es","@id":"https:\/\/www.eldiario.net\/portal\/2025\/02\/08\/revocan-acceso-de-joe-biden-a-informacion-clasificada-en-eeuu\/#primaryimage","url":"https:\/\/www.eldiario.net\/portal\/wp-content\/uploads\/2025\/02\/Trump-Biden-CBS-News.webp","contentUrl":"https:\/\/www.eldiario.net\/portal\/wp-content\/uploads\/2025\/02\/Trump-Biden-CBS-News.webp","width":1280,"height":720,"caption":"Presidente Donald Trump y el expresidente Joe Biden. CR\u00c9DITO: CBS"},{"@type":"BreadcrumbList","@id":"https:\/\/www.eldiario.net\/portal\/2025\/02\/08\/revocan-acceso-de-joe-biden-a-informacion-clasificada-en-eeuu\/#breadcrumb","itemListElement":[{"@type":"ListItem","position":1,"name":"Portada","item":"https:\/\/www.eldiario.net\/portal\/"},{"@type":"ListItem","position":2,"name":"Revocan acceso de Joe Biden a Informaci\u00f3n clasificada en EEUU"}]},{"@type":"WebSite","@id":"https:\/\/www.eldiario.net\/portal\/#website","url":"https:\/\/www.eldiario.net\/portal\/","name":"El Diario - Decano de la prensa nacional","description":"El Diario - Decano de la prensa nacional","publisher":{"@id":"https:\/\/www.eldiario.net\/portal\/#organization"},"potentialAction":[{"@type":"SearchAction","target":{"@type":"EntryPoint","urlTemplate":"https:\/\/www.eldiario.net\/portal\/?s={search_term_string}"},"query-input":{"@type":"PropertyValueSpecification","valueRequired":true,"valueName":"search_term_string"}}],"inLanguage":"es"},{"@type":"Organization","@id":"https:\/\/www.eldiario.net\/portal\/#organization","name":"El Diario - Decano de la prensa nacional","url":"https:\/\/www.eldiario.net\/portal\/","logo":{"@type":"ImageObject","inLanguage":"es","@id":"https:\/\/www.eldiario.net\/portal\/#\/schema\/logo\/image\/","url":"https:\/\/www.eldiario.net\/portal\/wp-content\/uploads\/2023\/07\/logo_ED.jpg","contentUrl":"https:\/\/www.eldiario.net\/portal\/wp-content\/uploads\/2023\/07\/logo_ED.jpg","width":272,"height":52,"caption":"El Diario - Decano de la prensa nacional"},"image":{"@id":"https:\/\/www.eldiario.net\/portal\/#\/schema\/logo\/image\/"},"sameAs":["https:\/\/www.facebook.com\/eldiario.bolivia\/","https:\/\/x.com\/eldiario_net"]},{"@type":"Person","@id":"https:\/\/www.eldiario.net\/portal\/#\/schema\/person\/f46445640444750d7d753ccd04ae01b7","name":"Jeanette","image":{"@type":"ImageObject","inLanguage":"es","@id":"https:\/\/secure.gravatar.com\/avatar\/3ea2118a5f7dad2b7138b1187a6b7ee55f160b9968b66013c3a3ef39dd7e5798?s=96&d=mm&r=g","url":"https:\/\/secure.gravatar.com\/avatar\/3ea2118a5f7dad2b7138b1187a6b7ee55f160b9968b66013c3a3ef39dd7e5798?s=96&d=mm&r=g","contentUrl":"https:\/\/secure.gravatar.com\/avatar\/3ea2118a5f7dad2b7138b1187a6b7ee55f160b9968b66013c3a3ef39dd7e5798?s=96&d=mm&r=g","caption":"Jeanette"},"sameAs":["https:\/\/www.eldiario.net\/portal"],"url":"https:\/\/www.eldiario.net\/portal\/author\/jeanette\/"}]}},"_links":{"self":[{"href":"https:\/\/www.eldiario.net\/portal\/wp-json\/wp\/v2\/posts\/280218","targetHints":{"allow":["GET"]}}],"collection":[{"href":"https:\/\/www.eldiario.net\/portal\/wp-json\/wp\/v2\/posts"}],"about":[{"href":"https:\/\/www.eldiario.net\/portal\/wp-json\/wp\/v2\/types\/post"}],"author":[{"embeddable":true,"href":"https:\/\/www.eldiario.net\/portal\/wp-json\/wp\/v2\/users\/1"}],"replies":[{"embeddable":true,"href":"https:\/\/www.eldiario.net\/portal\/wp-json\/wp\/v2\/comments?post=280218"}],"version-history":[{"count":1,"href":"https:\/\/www.eldiario.net\/portal\/wp-json\/wp\/v2\/posts\/280218\/revisions"}],"predecessor-version":[{"id":280220,"href":"https:\/\/www.eldiario.net\/portal\/wp-json\/wp\/v2\/posts\/280218\/revisions\/280220"}],"wp:featuredmedia":[{"embeddable":true,"href":"https:\/\/www.eldiario.net\/portal\/wp-json\/wp\/v2\/media\/280219"}],"wp:attachment":[{"href":"https:\/\/www.eldiario.net\/portal\/wp-json\/wp\/v2\/media?parent=280218"}],"wp:term":[{"taxonomy":"category","embeddable":true,"href":"https:\/\/www.eldiario.net\/portal\/wp-json\/wp\/v2\/categories?post=280218"},{"taxonomy":"post_tag","embeddable":true,"href":"https:\/\/www.eldiario.net\/portal\/wp-json\/wp\/v2\/tags?post=280218"}],"curies":[{"name":"wp","href":"https:\/\/api.w.org\/{rel}","templated":true}]}}