{"id":280214,"date":"2025-02-07T19:43:05","date_gmt":"2025-02-07T23:43:05","guid":{"rendered":"https:\/\/www.eldiario.net\/portal\/?p=280214"},"modified":"2025-02-07T19:43:05","modified_gmt":"2025-02-07T23:43:05","slug":"orban-revelara-financiamiento-extranjero-para-ong-1942","status":"publish","type":"post","link":"https:\/\/www.eldiario.net\/portal\/2025\/02\/07\/orban-revelara-financiamiento-extranjero-para-ong-1942\/","title":{"rendered":"Orban revelar\u00e1 financiamiento extranjero para ONG. (19:42)"},"content":{"rendered":"<p>El primer ministro h\u00fangaro, Viktor Orban, anunci\u00f3 medidas para exponer la financiaci\u00f3n extranjera que reciben ONG\u2019s y medios cr\u00edticos con su gobierno, se\u00f1alando espec\u00edficamente a la ayuda proveniente de Estados Unidos a trav\u00e9s de la USAID. Durante una intervenci\u00f3n en la radio estatal, Orban afirm\u00f3 que estas organizaciones act\u00faan como \u00abagentes\u00bb de potencias extranjeras y representan una amenaza para la soberan\u00eda de Hungr\u00eda, por lo que deber\u00e1n enfrentar consecuencias legales.<\/p>\n<p>Desde su llegada al poder en 2010, Orban ha endurecido las restricciones contra organizaciones financiadas por el extranjero, incluyendo medidas como la ley \u201cStop Soros\u201d en 2018, que llev\u00f3 al cierre de la Universidad Centroeuropea en Budapest. La Comisi\u00f3n Europea ha criticado estas pol\u00edticas y mantiene congelada la financiaci\u00f3n a Hungr\u00eda por considerar que violan los valores democr\u00e1ticos del bloque.<\/p>\n","protected":false},"excerpt":{"rendered":"<p>El primer ministro h\u00fangaro, Viktor Orban, anunci\u00f3 medidas para exponer la financiaci\u00f3n extranjera que reciben ONG\u2019s y medios cr\u00edticos con su gobierno, se\u00f1alando espec\u00edficamente a la ayuda proveniente de Estados Unidos a trav\u00e9s de la USAID. Durante una intervenci\u00f3n en la radio estatal, Orban afirm\u00f3 que estas organizaciones act\u00faan como \u00abagentes\u00bb de potencias extranjeras y [&hellip;]<\/p>\n","protected":false},"author":7,"featured_media":280216,"comment_status":"closed","ping_status":"open","sticky":false,"template":"","format":"standard","meta":{"_acf_changed":false,"footnotes":""},"categories":[51],"tags":[],"class_list":["post-280214","post","type-post","status-publish","format-standard","has-post-thumbnail","category-ultima-hora"],"acf":{"antetitulo":""},"yoast_head":"<!-- This site is optimized with the Yoast SEO plugin v28.3 - https:\/\/yoast.com\/product\/yoast-seo-wordpress\/ -->\n<title>Orban revelar\u00e1 financiamiento extranjero para ONG. (19:42) - El Diario - Bolivia<\/title>\n<meta name=\"robots\" content=\"index, follow, max-snippet:-1, max-image-preview:large, max-video-preview:-1\" \/>\n<link rel=\"canonical\" href=\"https:\/\/www.eldiario.net\/portal\/2025\/02\/07\/orban-revelara-financiamiento-extranjero-para-ong-1942\/\" \/>\n<meta property=\"og:locale\" content=\"es_ES\" \/>\n<meta property=\"og:type\" content=\"article\" \/>\n<meta property=\"og:title\" content=\"Orban revelar\u00e1 financiamiento extranjero para ONG. (19:42) - El Diario - Bolivia\" \/>\n<meta property=\"og:description\" content=\"El primer ministro h\u00fangaro, Viktor Orban, anunci\u00f3 medidas para exponer la financiaci\u00f3n extranjera que reciben ONG\u2019s y medios cr\u00edticos con su gobierno, se\u00f1alando espec\u00edficamente a la ayuda proveniente de Estados Unidos a trav\u00e9s de la USAID. Durante una intervenci\u00f3n en la radio estatal, Orban afirm\u00f3 que estas organizaciones act\u00faan como \u00abagentes\u00bb de potencias extranjeras y [&hellip;]\" \/>\n<meta property=\"og:url\" content=\"https:\/\/www.eldiario.net\/portal\/2025\/02\/07\/orban-revelara-financiamiento-extranjero-para-ong-1942\/\" \/>\n<meta property=\"og:site_name\" content=\"El Diario - Bolivia\" \/>\n<meta property=\"article:publisher\" content=\"https:\/\/www.facebook.com\/eldiario.bolivia\/\" \/>\n<meta property=\"article:published_time\" content=\"2025-02-07T23:43:05+00:00\" \/>\n<meta property=\"og:image\" content=\"https:\/\/www.eldiario.net\/portal\/wp-content\/uploads\/2025\/02\/victor-orban-2-e1738971736485.png\" \/>\n\t<meta property=\"og:image:width\" content=\"250\" \/>\n\t<meta property=\"og:image:height\" content=\"266\" \/>\n\t<meta property=\"og:image:type\" content=\"image\/png\" \/>\n<meta name=\"author\" content=\"Viviana Monrroy\" \/>\n<meta name=\"twitter:card\" content=\"summary_large_image\" \/>\n<meta name=\"twitter:creator\" content=\"@eldiario_net\" \/>\n<meta name=\"twitter:site\" content=\"@eldiario_net\" \/>\n<meta name=\"twitter:label1\" content=\"Escrito por\" \/>\n\t<meta name=\"twitter:data1\" content=\"Viviana Monrroy\" \/>\n\t<meta name=\"twitter:label2\" content=\"Tiempo de lectura\" \/>\n\t<meta name=\"twitter:data2\" content=\"1 minuto\" \/>\n<script type=\"application\/ld+json\" class=\"yoast-schema-graph\">{\"@context\":\"https:\\\/\\\/schema.org\",\"@graph\":[{\"@type\":\"Article\",\"@id\":\"https:\\\/\\\/www.eldiario.net\\\/portal\\\/2025\\\/02\\\/07\\\/orban-revelara-financiamiento-extranjero-para-ong-1942\\\/#article\",\"isPartOf\":{\"@id\":\"https:\\\/\\\/www.eldiario.net\\\/portal\\\/2025\\\/02\\\/07\\\/orban-revelara-financiamiento-extranjero-para-ong-1942\\\/\"},\"author\":{\"name\":\"Viviana Monrroy\",\"@id\":\"https:\\\/\\\/www.eldiario.net\\\/portal\\\/#\\\/schema\\\/person\\\/ba370d92d160f4d3574381f6d9b78fab\"},\"headline\":\"Orban revelar\u00e1 financiamiento extranjero para ONG. (19:42)\",\"datePublished\":\"2025-02-07T23:43:05+00:00\",\"mainEntityOfPage\":{\"@id\":\"https:\\\/\\\/www.eldiario.net\\\/portal\\\/2025\\\/02\\\/07\\\/orban-revelara-financiamiento-extranjero-para-ong-1942\\\/\"},\"wordCount\":151,\"publisher\":{\"@id\":\"https:\\\/\\\/www.eldiario.net\\\/portal\\\/#organization\"},\"image\":{\"@id\":\"https:\\\/\\\/www.eldiario.net\\\/portal\\\/2025\\\/02\\\/07\\\/orban-revelara-financiamiento-extranjero-para-ong-1942\\\/#primaryimage\"},\"thumbnailUrl\":\"https:\\\/\\\/www.eldiario.net\\\/portal\\\/wp-content\\\/uploads\\\/2025\\\/02\\\/victor-orban-2-e1738971736485.png\",\"articleSection\":[\"\u00daltima Hora\"],\"inLanguage\":\"es\"},{\"@type\":\"WebPage\",\"@id\":\"https:\\\/\\\/www.eldiario.net\\\/portal\\\/2025\\\/02\\\/07\\\/orban-revelara-financiamiento-extranjero-para-ong-1942\\\/\",\"url\":\"https:\\\/\\\/www.eldiario.net\\\/portal\\\/2025\\\/02\\\/07\\\/orban-revelara-financiamiento-extranjero-para-ong-1942\\\/\",\"name\":\"Orban revelar\u00e1 financiamiento extranjero para ONG. (19:42) - El Diario - Bolivia\",\"isPartOf\":{\"@id\":\"https:\\\/\\\/www.eldiario.net\\\/portal\\\/#website\"},\"primaryImageOfPage\":{\"@id\":\"https:\\\/\\\/www.eldiario.net\\\/portal\\\/2025\\\/02\\\/07\\\/orban-revelara-financiamiento-extranjero-para-ong-1942\\\/#primaryimage\"},\"image\":{\"@id\":\"https:\\\/\\\/www.eldiario.net\\\/portal\\\/2025\\\/02\\\/07\\\/orban-revelara-financiamiento-extranjero-para-ong-1942\\\/#primaryimage\"},\"thumbnailUrl\":\"https:\\\/\\\/www.eldiario.net\\\/portal\\\/wp-content\\\/uploads\\\/2025\\\/02\\\/victor-orban-2-e1738971736485.png\",\"datePublished\":\"2025-02-07T23:43:05+00:00\",\"breadcrumb\":{\"@id\":\"https:\\\/\\\/www.eldiario.net\\\/portal\\\/2025\\\/02\\\/07\\\/orban-revelara-financiamiento-extranjero-para-ong-1942\\\/#breadcrumb\"},\"inLanguage\":\"es\",\"potentialAction\":[{\"@type\":\"ReadAction\",\"target\":[\"https:\\\/\\\/www.eldiario.net\\\/portal\\\/2025\\\/02\\\/07\\\/orban-revelara-financiamiento-extranjero-para-ong-1942\\\/\"]}]},{\"@type\":\"ImageObject\",\"inLanguage\":\"es\",\"@id\":\"https:\\\/\\\/www.eldiario.net\\\/portal\\\/2025\\\/02\\\/07\\\/orban-revelara-financiamiento-extranjero-para-ong-1942\\\/#primaryimage\",\"url\":\"https:\\\/\\\/www.eldiario.net\\\/portal\\\/wp-content\\\/uploads\\\/2025\\\/02\\\/victor-orban-2-e1738971736485.png\",\"contentUrl\":\"https:\\\/\\\/www.eldiario.net\\\/portal\\\/wp-content\\\/uploads\\\/2025\\\/02\\\/victor-orban-2-e1738971736485.png\",\"width\":250,\"height\":266,\"caption\":\"Foto: Victor Orban (RR.SS.)\"},{\"@type\":\"BreadcrumbList\",\"@id\":\"https:\\\/\\\/www.eldiario.net\\\/portal\\\/2025\\\/02\\\/07\\\/orban-revelara-financiamiento-extranjero-para-ong-1942\\\/#breadcrumb\",\"itemListElement\":[{\"@type\":\"ListItem\",\"position\":1,\"name\":\"Portada\",\"item\":\"https:\\\/\\\/www.eldiario.net\\\/portal\\\/\"},{\"@type\":\"ListItem\",\"position\":2,\"name\":\"Orban revelar\u00e1 financiamiento extranjero para ONG. (19:42)\"}]},{\"@type\":\"WebSite\",\"@id\":\"https:\\\/\\\/www.eldiario.net\\\/portal\\\/#website\",\"url\":\"https:\\\/\\\/www.eldiario.net\\\/portal\\\/\",\"name\":\"El Diario - Decano de la prensa nacional\",\"description\":\"El Diario - Decano de la prensa nacional\",\"publisher\":{\"@id\":\"https:\\\/\\\/www.eldiario.net\\\/portal\\\/#organization\"},\"potentialAction\":[{\"@type\":\"SearchAction\",\"target\":{\"@type\":\"EntryPoint\",\"urlTemplate\":\"https:\\\/\\\/www.eldiario.net\\\/portal\\\/?s={search_term_string}\"},\"query-input\":{\"@type\":\"PropertyValueSpecification\",\"valueRequired\":true,\"valueName\":\"search_term_string\"}}],\"inLanguage\":\"es\"},{\"@type\":\"Organization\",\"@id\":\"https:\\\/\\\/www.eldiario.net\\\/portal\\\/#organization\",\"name\":\"El Diario - Decano de la prensa nacional\",\"url\":\"https:\\\/\\\/www.eldiario.net\\\/portal\\\/\",\"logo\":{\"@type\":\"ImageObject\",\"inLanguage\":\"es\",\"@id\":\"https:\\\/\\\/www.eldiario.net\\\/portal\\\/#\\\/schema\\\/logo\\\/image\\\/\",\"url\":\"https:\\\/\\\/www.eldiario.net\\\/portal\\\/wp-content\\\/uploads\\\/2023\\\/07\\\/logo_ED.jpg\",\"contentUrl\":\"https:\\\/\\\/www.eldiario.net\\\/portal\\\/wp-content\\\/uploads\\\/2023\\\/07\\\/logo_ED.jpg\",\"width\":272,\"height\":52,\"caption\":\"El Diario - Decano de la prensa nacional\"},\"image\":{\"@id\":\"https:\\\/\\\/www.eldiario.net\\\/portal\\\/#\\\/schema\\\/logo\\\/image\\\/\"},\"sameAs\":[\"https:\\\/\\\/www.facebook.com\\\/eldiario.bolivia\\\/\",\"https:\\\/\\\/x.com\\\/eldiario_net\"]},{\"@type\":\"Person\",\"@id\":\"https:\\\/\\\/www.eldiario.net\\\/portal\\\/#\\\/schema\\\/person\\\/ba370d92d160f4d3574381f6d9b78fab\",\"name\":\"Viviana Monrroy\",\"image\":{\"@type\":\"ImageObject\",\"inLanguage\":\"es\",\"@id\":\"https:\\\/\\\/secure.gravatar.com\\\/avatar\\\/dfd1611ed5600959a0e5a9754503b6c05d1dcf190010998e0363aee2ad98afca?s=96&d=mm&r=g\",\"url\":\"https:\\\/\\\/secure.gravatar.com\\\/avatar\\\/dfd1611ed5600959a0e5a9754503b6c05d1dcf190010998e0363aee2ad98afca?s=96&d=mm&r=g\",\"contentUrl\":\"https:\\\/\\\/secure.gravatar.com\\\/avatar\\\/dfd1611ed5600959a0e5a9754503b6c05d1dcf190010998e0363aee2ad98afca?s=96&d=mm&r=g\",\"caption\":\"Viviana Monrroy\"},\"sameAs\":[\"http:\\\/\\\/www.eldiario.net\"],\"url\":\"https:\\\/\\\/www.eldiario.net\\\/portal\\\/author\\\/vivianamonrroy\\\/\"}]}<\/script>\n<!-- \/ Yoast SEO plugin. -->","yoast_head_json":{"title":"Orban revelar\u00e1 financiamiento extranjero para ONG. (19:42) - El Diario - Bolivia","robots":{"index":"index","follow":"follow","max-snippet":"max-snippet:-1","max-image-preview":"max-image-preview:large","max-video-preview":"max-video-preview:-1"},"canonical":"https:\/\/www.eldiario.net\/portal\/2025\/02\/07\/orban-revelara-financiamiento-extranjero-para-ong-1942\/","og_locale":"es_ES","og_type":"article","og_title":"Orban revelar\u00e1 financiamiento extranjero para ONG. (19:42) - El Diario - Bolivia","og_description":"El primer ministro h\u00fangaro, Viktor Orban, anunci\u00f3 medidas para exponer la financiaci\u00f3n extranjera que reciben ONG\u2019s y medios cr\u00edticos con su gobierno, se\u00f1alando espec\u00edficamente a la ayuda proveniente de Estados Unidos a trav\u00e9s de la USAID. Durante una intervenci\u00f3n en la radio estatal, Orban afirm\u00f3 que estas organizaciones act\u00faan como \u00abagentes\u00bb de potencias extranjeras y [&hellip;]","og_url":"https:\/\/www.eldiario.net\/portal\/2025\/02\/07\/orban-revelara-financiamiento-extranjero-para-ong-1942\/","og_site_name":"El Diario - Bolivia","article_publisher":"https:\/\/www.facebook.com\/eldiario.bolivia\/","article_published_time":"2025-02-07T23:43:05+00:00","og_image":[{"width":250,"height":266,"url":"https:\/\/www.eldiario.net\/portal\/wp-content\/uploads\/2025\/02\/victor-orban-2-e1738971736485.png","type":"image\/png"}],"author":"Viviana Monrroy","twitter_card":"summary_large_image","twitter_creator":"@eldiario_net","twitter_site":"@eldiario_net","twitter_misc":{"Escrito por":"Viviana Monrroy","Tiempo de lectura":"1 minuto"},"schema":{"@context":"https:\/\/schema.org","@graph":[{"@type":"Article","@id":"https:\/\/www.eldiario.net\/portal\/2025\/02\/07\/orban-revelara-financiamiento-extranjero-para-ong-1942\/#article","isPartOf":{"@id":"https:\/\/www.eldiario.net\/portal\/2025\/02\/07\/orban-revelara-financiamiento-extranjero-para-ong-1942\/"},"author":{"name":"Viviana Monrroy","@id":"https:\/\/www.eldiario.net\/portal\/#\/schema\/person\/ba370d92d160f4d3574381f6d9b78fab"},"headline":"Orban revelar\u00e1 financiamiento extranjero para ONG. (19:42)","datePublished":"2025-02-07T23:43:05+00:00","mainEntityOfPage":{"@id":"https:\/\/www.eldiario.net\/portal\/2025\/02\/07\/orban-revelara-financiamiento-extranjero-para-ong-1942\/"},"wordCount":151,"publisher":{"@id":"https:\/\/www.eldiario.net\/portal\/#organization"},"image":{"@id":"https:\/\/www.eldiario.net\/portal\/2025\/02\/07\/orban-revelara-financiamiento-extranjero-para-ong-1942\/#primaryimage"},"thumbnailUrl":"https:\/\/www.eldiario.net\/portal\/wp-content\/uploads\/2025\/02\/victor-orban-2-e1738971736485.png","articleSection":["\u00daltima Hora"],"inLanguage":"es"},{"@type":"WebPage","@id":"https:\/\/www.eldiario.net\/portal\/2025\/02\/07\/orban-revelara-financiamiento-extranjero-para-ong-1942\/","url":"https:\/\/www.eldiario.net\/portal\/2025\/02\/07\/orban-revelara-financiamiento-extranjero-para-ong-1942\/","name":"Orban revelar\u00e1 financiamiento extranjero para ONG. (19:42) - El Diario - Bolivia","isPartOf":{"@id":"https:\/\/www.eldiario.net\/portal\/#website"},"primaryImageOfPage":{"@id":"https:\/\/www.eldiario.net\/portal\/2025\/02\/07\/orban-revelara-financiamiento-extranjero-para-ong-1942\/#primaryimage"},"image":{"@id":"https:\/\/www.eldiario.net\/portal\/2025\/02\/07\/orban-revelara-financiamiento-extranjero-para-ong-1942\/#primaryimage"},"thumbnailUrl":"https:\/\/www.eldiario.net\/portal\/wp-content\/uploads\/2025\/02\/victor-orban-2-e1738971736485.png","datePublished":"2025-02-07T23:43:05+00:00","breadcrumb":{"@id":"https:\/\/www.eldiario.net\/portal\/2025\/02\/07\/orban-revelara-financiamiento-extranjero-para-ong-1942\/#breadcrumb"},"inLanguage":"es","potentialAction":[{"@type":"ReadAction","target":["https:\/\/www.eldiario.net\/portal\/2025\/02\/07\/orban-revelara-financiamiento-extranjero-para-ong-1942\/"]}]},{"@type":"ImageObject","inLanguage":"es","@id":"https:\/\/www.eldiario.net\/portal\/2025\/02\/07\/orban-revelara-financiamiento-extranjero-para-ong-1942\/#primaryimage","url":"https:\/\/www.eldiario.net\/portal\/wp-content\/uploads\/2025\/02\/victor-orban-2-e1738971736485.png","contentUrl":"https:\/\/www.eldiario.net\/portal\/wp-content\/uploads\/2025\/02\/victor-orban-2-e1738971736485.png","width":250,"height":266,"caption":"Foto: Victor Orban (RR.SS.)"},{"@type":"BreadcrumbList","@id":"https:\/\/www.eldiario.net\/portal\/2025\/02\/07\/orban-revelara-financiamiento-extranjero-para-ong-1942\/#breadcrumb","itemListElement":[{"@type":"ListItem","position":1,"name":"Portada","item":"https:\/\/www.eldiario.net\/portal\/"},{"@type":"ListItem","position":2,"name":"Orban revelar\u00e1 financiamiento extranjero para ONG. (19:42)"}]},{"@type":"WebSite","@id":"https:\/\/www.eldiario.net\/portal\/#website","url":"https:\/\/www.eldiario.net\/portal\/","name":"El Diario - Decano de la prensa nacional","description":"El Diario - Decano de la prensa nacional","publisher":{"@id":"https:\/\/www.eldiario.net\/portal\/#organization"},"potentialAction":[{"@type":"SearchAction","target":{"@type":"EntryPoint","urlTemplate":"https:\/\/www.eldiario.net\/portal\/?s={search_term_string}"},"query-input":{"@type":"PropertyValueSpecification","valueRequired":true,"valueName":"search_term_string"}}],"inLanguage":"es"},{"@type":"Organization","@id":"https:\/\/www.eldiario.net\/portal\/#organization","name":"El Diario - Decano de la prensa nacional","url":"https:\/\/www.eldiario.net\/portal\/","logo":{"@type":"ImageObject","inLanguage":"es","@id":"https:\/\/www.eldiario.net\/portal\/#\/schema\/logo\/image\/","url":"https:\/\/www.eldiario.net\/portal\/wp-content\/uploads\/2023\/07\/logo_ED.jpg","contentUrl":"https:\/\/www.eldiario.net\/portal\/wp-content\/uploads\/2023\/07\/logo_ED.jpg","width":272,"height":52,"caption":"El Diario - Decano de la prensa nacional"},"image":{"@id":"https:\/\/www.eldiario.net\/portal\/#\/schema\/logo\/image\/"},"sameAs":["https:\/\/www.facebook.com\/eldiario.bolivia\/","https:\/\/x.com\/eldiario_net"]},{"@type":"Person","@id":"https:\/\/www.eldiario.net\/portal\/#\/schema\/person\/ba370d92d160f4d3574381f6d9b78fab","name":"Viviana Monrroy","image":{"@type":"ImageObject","inLanguage":"es","@id":"https:\/\/secure.gravatar.com\/avatar\/dfd1611ed5600959a0e5a9754503b6c05d1dcf190010998e0363aee2ad98afca?s=96&d=mm&r=g","url":"https:\/\/secure.gravatar.com\/avatar\/dfd1611ed5600959a0e5a9754503b6c05d1dcf190010998e0363aee2ad98afca?s=96&d=mm&r=g","contentUrl":"https:\/\/secure.gravatar.com\/avatar\/dfd1611ed5600959a0e5a9754503b6c05d1dcf190010998e0363aee2ad98afca?s=96&d=mm&r=g","caption":"Viviana Monrroy"},"sameAs":["http:\/\/www.eldiario.net"],"url":"https:\/\/www.eldiario.net\/portal\/author\/vivianamonrroy\/"}]}},"_links":{"self":[{"href":"https:\/\/www.eldiario.net\/portal\/wp-json\/wp\/v2\/posts\/280214","targetHints":{"allow":["GET"]}}],"collection":[{"href":"https:\/\/www.eldiario.net\/portal\/wp-json\/wp\/v2\/posts"}],"about":[{"href":"https:\/\/www.eldiario.net\/portal\/wp-json\/wp\/v2\/types\/post"}],"author":[{"embeddable":true,"href":"https:\/\/www.eldiario.net\/portal\/wp-json\/wp\/v2\/users\/7"}],"replies":[{"embeddable":true,"href":"https:\/\/www.eldiario.net\/portal\/wp-json\/wp\/v2\/comments?post=280214"}],"version-history":[{"count":1,"href":"https:\/\/www.eldiario.net\/portal\/wp-json\/wp\/v2\/posts\/280214\/revisions"}],"predecessor-version":[{"id":280217,"href":"https:\/\/www.eldiario.net\/portal\/wp-json\/wp\/v2\/posts\/280214\/revisions\/280217"}],"wp:featuredmedia":[{"embeddable":true,"href":"https:\/\/www.eldiario.net\/portal\/wp-json\/wp\/v2\/media\/280216"}],"wp:attachment":[{"href":"https:\/\/www.eldiario.net\/portal\/wp-json\/wp\/v2\/media?parent=280214"}],"wp:term":[{"taxonomy":"category","embeddable":true,"href":"https:\/\/www.eldiario.net\/portal\/wp-json\/wp\/v2\/categories?post=280214"},{"taxonomy":"post_tag","embeddable":true,"href":"https:\/\/www.eldiario.net\/portal\/wp-json\/wp\/v2\/tags?post=280214"}],"curies":[{"name":"wp","href":"https:\/\/api.w.org\/{rel}","templated":true}]}}