{"id":280208,"date":"2025-02-07T19:34:54","date_gmt":"2025-02-07T23:34:54","guid":{"rendered":"https:\/\/www.eldiario.net\/portal\/?p=280208"},"modified":"2025-02-07T19:34:54","modified_gmt":"2025-02-07T23:34:54","slug":"trump-revertira-prohibicion-de-pajitas-de-plastico-1934","status":"publish","type":"post","link":"https:\/\/www.eldiario.net\/portal\/2025\/02\/07\/trump-revertira-prohibicion-de-pajitas-de-plastico-1934\/","title":{"rendered":"Trump revertir\u00e1 prohibici\u00f3n de pajitas de pl\u00e1stico. (19:34)"},"content":{"rendered":"<p>El presidente Donald Trump anunci\u00f3 que firmar\u00e1 una orden ejecutiva para frenar la eliminaci\u00f3n de pajitas de pl\u00e1stico en edificios gubernamentales, una medida impulsada por Joe Biden para reducir los desechos pl\u00e1sticos. Trump, quien ha criticado reiteradamente las pajitas de papel por desintegrarse con el uso, calific\u00f3 la campa\u00f1a de su sucesor como \u201crid\u00edcula\u201d y afirm\u00f3 que el pl\u00e1stico debe regresar.<\/p>\n<p>Durante su campa\u00f1a en 2019, Trump vendi\u00f3 pajitas de pl\u00e1stico reutilizables como s\u00edmbolo pol\u00edtico, recaudando cerca de 500.000 d\u00f3lares. En contraste, la administraci\u00f3n Biden busc\u00f3 eliminar gradualmente los pl\u00e1sticos de un solo uso para 2027 en servicios federales y para 2035 en todas las operaciones del gobierno, impulsando alternativas sostenibles.<\/p>\n","protected":false},"excerpt":{"rendered":"<p>El presidente Donald Trump anunci\u00f3 que firmar\u00e1 una orden ejecutiva para frenar la eliminaci\u00f3n de pajitas de pl\u00e1stico en edificios gubernamentales, una medida impulsada por Joe Biden para reducir los desechos pl\u00e1sticos. Trump, quien ha criticado reiteradamente las pajitas de papel por desintegrarse con el uso, calific\u00f3 la campa\u00f1a de su sucesor como \u201crid\u00edcula\u201d y [&hellip;]<\/p>\n","protected":false},"author":7,"featured_media":280211,"comment_status":"closed","ping_status":"open","sticky":false,"template":"","format":"standard","meta":{"_acf_changed":false,"footnotes":""},"categories":[51],"tags":[],"class_list":["post-280208","post","type-post","status-publish","format-standard","has-post-thumbnail","category-ultima-hora"],"acf":{"antetitulo":""},"yoast_head":"<!-- This site is optimized with the Yoast SEO plugin v28.3 - https:\/\/yoast.com\/product\/yoast-seo-wordpress\/ -->\n<title>Trump revertir\u00e1 prohibici\u00f3n de pajitas de pl\u00e1stico. (19:34) - El Diario - Bolivia<\/title>\n<meta name=\"robots\" content=\"index, follow, max-snippet:-1, max-image-preview:large, max-video-preview:-1\" \/>\n<link rel=\"canonical\" href=\"https:\/\/www.eldiario.net\/portal\/2025\/02\/07\/trump-revertira-prohibicion-de-pajitas-de-plastico-1934\/\" \/>\n<meta property=\"og:locale\" content=\"es_ES\" \/>\n<meta property=\"og:type\" content=\"article\" \/>\n<meta property=\"og:title\" content=\"Trump revertir\u00e1 prohibici\u00f3n de pajitas de pl\u00e1stico. (19:34) - El Diario - Bolivia\" \/>\n<meta property=\"og:description\" content=\"El presidente Donald Trump anunci\u00f3 que firmar\u00e1 una orden ejecutiva para frenar la eliminaci\u00f3n de pajitas de pl\u00e1stico en edificios gubernamentales, una medida impulsada por Joe Biden para reducir los desechos pl\u00e1sticos. Trump, quien ha criticado reiteradamente las pajitas de papel por desintegrarse con el uso, calific\u00f3 la campa\u00f1a de su sucesor como \u201crid\u00edcula\u201d y [&hellip;]\" \/>\n<meta property=\"og:url\" content=\"https:\/\/www.eldiario.net\/portal\/2025\/02\/07\/trump-revertira-prohibicion-de-pajitas-de-plastico-1934\/\" \/>\n<meta property=\"og:site_name\" content=\"El Diario - Bolivia\" \/>\n<meta property=\"article:publisher\" content=\"https:\/\/www.facebook.com\/eldiario.bolivia\/\" \/>\n<meta property=\"article:published_time\" content=\"2025-02-07T23:34:54+00:00\" \/>\n<meta property=\"og:image\" content=\"https:\/\/www.eldiario.net\/portal\/wp-content\/uploads\/2025\/02\/trump-33-e1738971250749.png\" \/>\n\t<meta property=\"og:image:width\" content=\"300\" \/>\n\t<meta property=\"og:image:height\" content=\"241\" \/>\n\t<meta property=\"og:image:type\" content=\"image\/png\" \/>\n<meta name=\"author\" content=\"Viviana Monrroy\" \/>\n<meta name=\"twitter:card\" content=\"summary_large_image\" \/>\n<meta name=\"twitter:creator\" content=\"@eldiario_net\" \/>\n<meta name=\"twitter:site\" content=\"@eldiario_net\" \/>\n<meta name=\"twitter:label1\" content=\"Escrito por\" \/>\n\t<meta name=\"twitter:data1\" content=\"Viviana Monrroy\" \/>\n\t<meta name=\"twitter:label2\" content=\"Tiempo de lectura\" \/>\n\t<meta name=\"twitter:data2\" content=\"1 minuto\" \/>\n<script type=\"application\/ld+json\" class=\"yoast-schema-graph\">{\"@context\":\"https:\\\/\\\/schema.org\",\"@graph\":[{\"@type\":\"Article\",\"@id\":\"https:\\\/\\\/www.eldiario.net\\\/portal\\\/2025\\\/02\\\/07\\\/trump-revertira-prohibicion-de-pajitas-de-plastico-1934\\\/#article\",\"isPartOf\":{\"@id\":\"https:\\\/\\\/www.eldiario.net\\\/portal\\\/2025\\\/02\\\/07\\\/trump-revertira-prohibicion-de-pajitas-de-plastico-1934\\\/\"},\"author\":{\"name\":\"Viviana Monrroy\",\"@id\":\"https:\\\/\\\/www.eldiario.net\\\/portal\\\/#\\\/schema\\\/person\\\/ba370d92d160f4d3574381f6d9b78fab\"},\"headline\":\"Trump revertir\u00e1 prohibici\u00f3n de pajitas de pl\u00e1stico. (19:34)\",\"datePublished\":\"2025-02-07T23:34:54+00:00\",\"mainEntityOfPage\":{\"@id\":\"https:\\\/\\\/www.eldiario.net\\\/portal\\\/2025\\\/02\\\/07\\\/trump-revertira-prohibicion-de-pajitas-de-plastico-1934\\\/\"},\"wordCount\":129,\"publisher\":{\"@id\":\"https:\\\/\\\/www.eldiario.net\\\/portal\\\/#organization\"},\"image\":{\"@id\":\"https:\\\/\\\/www.eldiario.net\\\/portal\\\/2025\\\/02\\\/07\\\/trump-revertira-prohibicion-de-pajitas-de-plastico-1934\\\/#primaryimage\"},\"thumbnailUrl\":\"https:\\\/\\\/www.eldiario.net\\\/portal\\\/wp-content\\\/uploads\\\/2025\\\/02\\\/trump-33-e1738971250749.png\",\"articleSection\":[\"\u00daltima Hora\"],\"inLanguage\":\"es\"},{\"@type\":\"WebPage\",\"@id\":\"https:\\\/\\\/www.eldiario.net\\\/portal\\\/2025\\\/02\\\/07\\\/trump-revertira-prohibicion-de-pajitas-de-plastico-1934\\\/\",\"url\":\"https:\\\/\\\/www.eldiario.net\\\/portal\\\/2025\\\/02\\\/07\\\/trump-revertira-prohibicion-de-pajitas-de-plastico-1934\\\/\",\"name\":\"Trump revertir\u00e1 prohibici\u00f3n de pajitas de pl\u00e1stico. (19:34) - El Diario - Bolivia\",\"isPartOf\":{\"@id\":\"https:\\\/\\\/www.eldiario.net\\\/portal\\\/#website\"},\"primaryImageOfPage\":{\"@id\":\"https:\\\/\\\/www.eldiario.net\\\/portal\\\/2025\\\/02\\\/07\\\/trump-revertira-prohibicion-de-pajitas-de-plastico-1934\\\/#primaryimage\"},\"image\":{\"@id\":\"https:\\\/\\\/www.eldiario.net\\\/portal\\\/2025\\\/02\\\/07\\\/trump-revertira-prohibicion-de-pajitas-de-plastico-1934\\\/#primaryimage\"},\"thumbnailUrl\":\"https:\\\/\\\/www.eldiario.net\\\/portal\\\/wp-content\\\/uploads\\\/2025\\\/02\\\/trump-33-e1738971250749.png\",\"datePublished\":\"2025-02-07T23:34:54+00:00\",\"breadcrumb\":{\"@id\":\"https:\\\/\\\/www.eldiario.net\\\/portal\\\/2025\\\/02\\\/07\\\/trump-revertira-prohibicion-de-pajitas-de-plastico-1934\\\/#breadcrumb\"},\"inLanguage\":\"es\",\"potentialAction\":[{\"@type\":\"ReadAction\",\"target\":[\"https:\\\/\\\/www.eldiario.net\\\/portal\\\/2025\\\/02\\\/07\\\/trump-revertira-prohibicion-de-pajitas-de-plastico-1934\\\/\"]}]},{\"@type\":\"ImageObject\",\"inLanguage\":\"es\",\"@id\":\"https:\\\/\\\/www.eldiario.net\\\/portal\\\/2025\\\/02\\\/07\\\/trump-revertira-prohibicion-de-pajitas-de-plastico-1934\\\/#primaryimage\",\"url\":\"https:\\\/\\\/www.eldiario.net\\\/portal\\\/wp-content\\\/uploads\\\/2025\\\/02\\\/trump-33-e1738971250749.png\",\"contentUrl\":\"https:\\\/\\\/www.eldiario.net\\\/portal\\\/wp-content\\\/uploads\\\/2025\\\/02\\\/trump-33-e1738971250749.png\",\"width\":300,\"height\":241,\"caption\":\"Foto: RR.SS.\"},{\"@type\":\"BreadcrumbList\",\"@id\":\"https:\\\/\\\/www.eldiario.net\\\/portal\\\/2025\\\/02\\\/07\\\/trump-revertira-prohibicion-de-pajitas-de-plastico-1934\\\/#breadcrumb\",\"itemListElement\":[{\"@type\":\"ListItem\",\"position\":1,\"name\":\"Portada\",\"item\":\"https:\\\/\\\/www.eldiario.net\\\/portal\\\/\"},{\"@type\":\"ListItem\",\"position\":2,\"name\":\"Trump revertir\u00e1 prohibici\u00f3n de pajitas de pl\u00e1stico. (19:34)\"}]},{\"@type\":\"WebSite\",\"@id\":\"https:\\\/\\\/www.eldiario.net\\\/portal\\\/#website\",\"url\":\"https:\\\/\\\/www.eldiario.net\\\/portal\\\/\",\"name\":\"El Diario - Decano de la prensa nacional\",\"description\":\"El Diario - Decano de la prensa nacional\",\"publisher\":{\"@id\":\"https:\\\/\\\/www.eldiario.net\\\/portal\\\/#organization\"},\"potentialAction\":[{\"@type\":\"SearchAction\",\"target\":{\"@type\":\"EntryPoint\",\"urlTemplate\":\"https:\\\/\\\/www.eldiario.net\\\/portal\\\/?s={search_term_string}\"},\"query-input\":{\"@type\":\"PropertyValueSpecification\",\"valueRequired\":true,\"valueName\":\"search_term_string\"}}],\"inLanguage\":\"es\"},{\"@type\":\"Organization\",\"@id\":\"https:\\\/\\\/www.eldiario.net\\\/portal\\\/#organization\",\"name\":\"El Diario - Decano de la prensa nacional\",\"url\":\"https:\\\/\\\/www.eldiario.net\\\/portal\\\/\",\"logo\":{\"@type\":\"ImageObject\",\"inLanguage\":\"es\",\"@id\":\"https:\\\/\\\/www.eldiario.net\\\/portal\\\/#\\\/schema\\\/logo\\\/image\\\/\",\"url\":\"https:\\\/\\\/www.eldiario.net\\\/portal\\\/wp-content\\\/uploads\\\/2023\\\/07\\\/logo_ED.jpg\",\"contentUrl\":\"https:\\\/\\\/www.eldiario.net\\\/portal\\\/wp-content\\\/uploads\\\/2023\\\/07\\\/logo_ED.jpg\",\"width\":272,\"height\":52,\"caption\":\"El Diario - Decano de la prensa nacional\"},\"image\":{\"@id\":\"https:\\\/\\\/www.eldiario.net\\\/portal\\\/#\\\/schema\\\/logo\\\/image\\\/\"},\"sameAs\":[\"https:\\\/\\\/www.facebook.com\\\/eldiario.bolivia\\\/\",\"https:\\\/\\\/x.com\\\/eldiario_net\"]},{\"@type\":\"Person\",\"@id\":\"https:\\\/\\\/www.eldiario.net\\\/portal\\\/#\\\/schema\\\/person\\\/ba370d92d160f4d3574381f6d9b78fab\",\"name\":\"Viviana Monrroy\",\"image\":{\"@type\":\"ImageObject\",\"inLanguage\":\"es\",\"@id\":\"https:\\\/\\\/secure.gravatar.com\\\/avatar\\\/dfd1611ed5600959a0e5a9754503b6c05d1dcf190010998e0363aee2ad98afca?s=96&d=mm&r=g\",\"url\":\"https:\\\/\\\/secure.gravatar.com\\\/avatar\\\/dfd1611ed5600959a0e5a9754503b6c05d1dcf190010998e0363aee2ad98afca?s=96&d=mm&r=g\",\"contentUrl\":\"https:\\\/\\\/secure.gravatar.com\\\/avatar\\\/dfd1611ed5600959a0e5a9754503b6c05d1dcf190010998e0363aee2ad98afca?s=96&d=mm&r=g\",\"caption\":\"Viviana Monrroy\"},\"sameAs\":[\"http:\\\/\\\/www.eldiario.net\"],\"url\":\"https:\\\/\\\/www.eldiario.net\\\/portal\\\/author\\\/vivianamonrroy\\\/\"}]}<\/script>\n<!-- \/ Yoast SEO plugin. -->","yoast_head_json":{"title":"Trump revertir\u00e1 prohibici\u00f3n de pajitas de pl\u00e1stico. (19:34) - El Diario - Bolivia","robots":{"index":"index","follow":"follow","max-snippet":"max-snippet:-1","max-image-preview":"max-image-preview:large","max-video-preview":"max-video-preview:-1"},"canonical":"https:\/\/www.eldiario.net\/portal\/2025\/02\/07\/trump-revertira-prohibicion-de-pajitas-de-plastico-1934\/","og_locale":"es_ES","og_type":"article","og_title":"Trump revertir\u00e1 prohibici\u00f3n de pajitas de pl\u00e1stico. (19:34) - El Diario - Bolivia","og_description":"El presidente Donald Trump anunci\u00f3 que firmar\u00e1 una orden ejecutiva para frenar la eliminaci\u00f3n de pajitas de pl\u00e1stico en edificios gubernamentales, una medida impulsada por Joe Biden para reducir los desechos pl\u00e1sticos. Trump, quien ha criticado reiteradamente las pajitas de papel por desintegrarse con el uso, calific\u00f3 la campa\u00f1a de su sucesor como \u201crid\u00edcula\u201d y [&hellip;]","og_url":"https:\/\/www.eldiario.net\/portal\/2025\/02\/07\/trump-revertira-prohibicion-de-pajitas-de-plastico-1934\/","og_site_name":"El Diario - Bolivia","article_publisher":"https:\/\/www.facebook.com\/eldiario.bolivia\/","article_published_time":"2025-02-07T23:34:54+00:00","og_image":[{"width":300,"height":241,"url":"https:\/\/www.eldiario.net\/portal\/wp-content\/uploads\/2025\/02\/trump-33-e1738971250749.png","type":"image\/png"}],"author":"Viviana Monrroy","twitter_card":"summary_large_image","twitter_creator":"@eldiario_net","twitter_site":"@eldiario_net","twitter_misc":{"Escrito por":"Viviana Monrroy","Tiempo de lectura":"1 minuto"},"schema":{"@context":"https:\/\/schema.org","@graph":[{"@type":"Article","@id":"https:\/\/www.eldiario.net\/portal\/2025\/02\/07\/trump-revertira-prohibicion-de-pajitas-de-plastico-1934\/#article","isPartOf":{"@id":"https:\/\/www.eldiario.net\/portal\/2025\/02\/07\/trump-revertira-prohibicion-de-pajitas-de-plastico-1934\/"},"author":{"name":"Viviana Monrroy","@id":"https:\/\/www.eldiario.net\/portal\/#\/schema\/person\/ba370d92d160f4d3574381f6d9b78fab"},"headline":"Trump revertir\u00e1 prohibici\u00f3n de pajitas de pl\u00e1stico. (19:34)","datePublished":"2025-02-07T23:34:54+00:00","mainEntityOfPage":{"@id":"https:\/\/www.eldiario.net\/portal\/2025\/02\/07\/trump-revertira-prohibicion-de-pajitas-de-plastico-1934\/"},"wordCount":129,"publisher":{"@id":"https:\/\/www.eldiario.net\/portal\/#organization"},"image":{"@id":"https:\/\/www.eldiario.net\/portal\/2025\/02\/07\/trump-revertira-prohibicion-de-pajitas-de-plastico-1934\/#primaryimage"},"thumbnailUrl":"https:\/\/www.eldiario.net\/portal\/wp-content\/uploads\/2025\/02\/trump-33-e1738971250749.png","articleSection":["\u00daltima Hora"],"inLanguage":"es"},{"@type":"WebPage","@id":"https:\/\/www.eldiario.net\/portal\/2025\/02\/07\/trump-revertira-prohibicion-de-pajitas-de-plastico-1934\/","url":"https:\/\/www.eldiario.net\/portal\/2025\/02\/07\/trump-revertira-prohibicion-de-pajitas-de-plastico-1934\/","name":"Trump revertir\u00e1 prohibici\u00f3n de pajitas de pl\u00e1stico. (19:34) - El Diario - Bolivia","isPartOf":{"@id":"https:\/\/www.eldiario.net\/portal\/#website"},"primaryImageOfPage":{"@id":"https:\/\/www.eldiario.net\/portal\/2025\/02\/07\/trump-revertira-prohibicion-de-pajitas-de-plastico-1934\/#primaryimage"},"image":{"@id":"https:\/\/www.eldiario.net\/portal\/2025\/02\/07\/trump-revertira-prohibicion-de-pajitas-de-plastico-1934\/#primaryimage"},"thumbnailUrl":"https:\/\/www.eldiario.net\/portal\/wp-content\/uploads\/2025\/02\/trump-33-e1738971250749.png","datePublished":"2025-02-07T23:34:54+00:00","breadcrumb":{"@id":"https:\/\/www.eldiario.net\/portal\/2025\/02\/07\/trump-revertira-prohibicion-de-pajitas-de-plastico-1934\/#breadcrumb"},"inLanguage":"es","potentialAction":[{"@type":"ReadAction","target":["https:\/\/www.eldiario.net\/portal\/2025\/02\/07\/trump-revertira-prohibicion-de-pajitas-de-plastico-1934\/"]}]},{"@type":"ImageObject","inLanguage":"es","@id":"https:\/\/www.eldiario.net\/portal\/2025\/02\/07\/trump-revertira-prohibicion-de-pajitas-de-plastico-1934\/#primaryimage","url":"https:\/\/www.eldiario.net\/portal\/wp-content\/uploads\/2025\/02\/trump-33-e1738971250749.png","contentUrl":"https:\/\/www.eldiario.net\/portal\/wp-content\/uploads\/2025\/02\/trump-33-e1738971250749.png","width":300,"height":241,"caption":"Foto: RR.SS."},{"@type":"BreadcrumbList","@id":"https:\/\/www.eldiario.net\/portal\/2025\/02\/07\/trump-revertira-prohibicion-de-pajitas-de-plastico-1934\/#breadcrumb","itemListElement":[{"@type":"ListItem","position":1,"name":"Portada","item":"https:\/\/www.eldiario.net\/portal\/"},{"@type":"ListItem","position":2,"name":"Trump revertir\u00e1 prohibici\u00f3n de pajitas de pl\u00e1stico. (19:34)"}]},{"@type":"WebSite","@id":"https:\/\/www.eldiario.net\/portal\/#website","url":"https:\/\/www.eldiario.net\/portal\/","name":"El Diario - Decano de la prensa nacional","description":"El Diario - Decano de la prensa nacional","publisher":{"@id":"https:\/\/www.eldiario.net\/portal\/#organization"},"potentialAction":[{"@type":"SearchAction","target":{"@type":"EntryPoint","urlTemplate":"https:\/\/www.eldiario.net\/portal\/?s={search_term_string}"},"query-input":{"@type":"PropertyValueSpecification","valueRequired":true,"valueName":"search_term_string"}}],"inLanguage":"es"},{"@type":"Organization","@id":"https:\/\/www.eldiario.net\/portal\/#organization","name":"El Diario - Decano de la prensa nacional","url":"https:\/\/www.eldiario.net\/portal\/","logo":{"@type":"ImageObject","inLanguage":"es","@id":"https:\/\/www.eldiario.net\/portal\/#\/schema\/logo\/image\/","url":"https:\/\/www.eldiario.net\/portal\/wp-content\/uploads\/2023\/07\/logo_ED.jpg","contentUrl":"https:\/\/www.eldiario.net\/portal\/wp-content\/uploads\/2023\/07\/logo_ED.jpg","width":272,"height":52,"caption":"El Diario - Decano de la prensa nacional"},"image":{"@id":"https:\/\/www.eldiario.net\/portal\/#\/schema\/logo\/image\/"},"sameAs":["https:\/\/www.facebook.com\/eldiario.bolivia\/","https:\/\/x.com\/eldiario_net"]},{"@type":"Person","@id":"https:\/\/www.eldiario.net\/portal\/#\/schema\/person\/ba370d92d160f4d3574381f6d9b78fab","name":"Viviana Monrroy","image":{"@type":"ImageObject","inLanguage":"es","@id":"https:\/\/secure.gravatar.com\/avatar\/dfd1611ed5600959a0e5a9754503b6c05d1dcf190010998e0363aee2ad98afca?s=96&d=mm&r=g","url":"https:\/\/secure.gravatar.com\/avatar\/dfd1611ed5600959a0e5a9754503b6c05d1dcf190010998e0363aee2ad98afca?s=96&d=mm&r=g","contentUrl":"https:\/\/secure.gravatar.com\/avatar\/dfd1611ed5600959a0e5a9754503b6c05d1dcf190010998e0363aee2ad98afca?s=96&d=mm&r=g","caption":"Viviana Monrroy"},"sameAs":["http:\/\/www.eldiario.net"],"url":"https:\/\/www.eldiario.net\/portal\/author\/vivianamonrroy\/"}]}},"_links":{"self":[{"href":"https:\/\/www.eldiario.net\/portal\/wp-json\/wp\/v2\/posts\/280208","targetHints":{"allow":["GET"]}}],"collection":[{"href":"https:\/\/www.eldiario.net\/portal\/wp-json\/wp\/v2\/posts"}],"about":[{"href":"https:\/\/www.eldiario.net\/portal\/wp-json\/wp\/v2\/types\/post"}],"author":[{"embeddable":true,"href":"https:\/\/www.eldiario.net\/portal\/wp-json\/wp\/v2\/users\/7"}],"replies":[{"embeddable":true,"href":"https:\/\/www.eldiario.net\/portal\/wp-json\/wp\/v2\/comments?post=280208"}],"version-history":[{"count":1,"href":"https:\/\/www.eldiario.net\/portal\/wp-json\/wp\/v2\/posts\/280208\/revisions"}],"predecessor-version":[{"id":280212,"href":"https:\/\/www.eldiario.net\/portal\/wp-json\/wp\/v2\/posts\/280208\/revisions\/280212"}],"wp:featuredmedia":[{"embeddable":true,"href":"https:\/\/www.eldiario.net\/portal\/wp-json\/wp\/v2\/media\/280211"}],"wp:attachment":[{"href":"https:\/\/www.eldiario.net\/portal\/wp-json\/wp\/v2\/media?parent=280208"}],"wp:term":[{"taxonomy":"category","embeddable":true,"href":"https:\/\/www.eldiario.net\/portal\/wp-json\/wp\/v2\/categories?post=280208"},{"taxonomy":"post_tag","embeddable":true,"href":"https:\/\/www.eldiario.net\/portal\/wp-json\/wp\/v2\/tags?post=280208"}],"curies":[{"name":"wp","href":"https:\/\/api.w.org\/{rel}","templated":true}]}}