{"id":280205,"date":"2025-02-07T19:24:34","date_gmt":"2025-02-07T23:24:34","guid":{"rendered":"https:\/\/www.eldiario.net\/portal\/?p=280205"},"modified":"2025-02-07T19:24:34","modified_gmt":"2025-02-07T23:24:34","slug":"suecia-endurece-leyes-de-armas-tras-el-tiroteo-en-orebro-1924","status":"publish","type":"post","link":"https:\/\/www.eldiario.net\/portal\/2025\/02\/07\/suecia-endurece-leyes-de-armas-tras-el-tiroteo-en-orebro-1924\/","title":{"rendered":"Suecia endurece leyes de armas tras el tiroteo en Orebro. (19:24)"},"content":{"rendered":"<p>El Gobierno de Suecia anunci\u00f3 un acuerdo para reforzar el control de armas tras el ataque en una escuela para adultos en Orebro, donde un hombre armado mat\u00f3 a diez personas antes de ser hallado sin vida. La nueva legislaci\u00f3n busca restringir el acceso a armas semiautom\u00e1ticas como el fusil AR-15, debido a su capacidad de causar estragos en segundos. Adem\u00e1s, se evaluar\u00e1n con mayor rigor factores como la edad y el estado de salud antes de conceder licencias.<\/p>\n<p>La Polic\u00eda identific\u00f3 a las v\u00edctimas como siete mujeres y tres hombres, de entre 28 y 68 a\u00f1os, mientras que el atacante fue se\u00f1alado como un hombre de 35 a\u00f1os, poseedor de cuatro armas registradas. A\u00fan se desconocen los motivos del crimen. Entre los fallecidos hay personas de diversas nacionalidades, aunque solo la Embajada de Siria ha confirmado la muerte de un ciudadano de su pa\u00eds.<\/p>\n","protected":false},"excerpt":{"rendered":"<p>El Gobierno de Suecia anunci\u00f3 un acuerdo para reforzar el control de armas tras el ataque en una escuela para adultos en Orebro, donde un hombre armado mat\u00f3 a diez personas antes de ser hallado sin vida. La nueva legislaci\u00f3n busca restringir el acceso a armas semiautom\u00e1ticas como el fusil AR-15, debido a su capacidad [&hellip;]<\/p>\n","protected":false},"author":7,"featured_media":280206,"comment_status":"closed","ping_status":"open","sticky":false,"template":"","format":"standard","meta":{"_acf_changed":false,"footnotes":""},"categories":[51],"tags":[],"class_list":["post-280205","post","type-post","status-publish","format-standard","has-post-thumbnail","category-ultima-hora"],"acf":{"antetitulo":""},"yoast_head":"<!-- This site is optimized with the Yoast SEO plugin v28.4 - https:\/\/yoast.com\/product\/yoast-seo-wordpress\/ -->\n<title>Suecia endurece leyes de armas tras el tiroteo en Orebro. (19:24) - El Diario - Bolivia<\/title>\n<meta name=\"robots\" content=\"index, follow, max-snippet:-1, max-image-preview:large, max-video-preview:-1\" \/>\n<link rel=\"canonical\" href=\"https:\/\/www.eldiario.net\/portal\/2025\/02\/07\/suecia-endurece-leyes-de-armas-tras-el-tiroteo-en-orebro-1924\/\" \/>\n<meta property=\"og:locale\" content=\"es_ES\" \/>\n<meta property=\"og:type\" content=\"article\" \/>\n<meta property=\"og:title\" content=\"Suecia endurece leyes de armas tras el tiroteo en Orebro. (19:24) - El Diario - Bolivia\" \/>\n<meta property=\"og:description\" content=\"El Gobierno de Suecia anunci\u00f3 un acuerdo para reforzar el control de armas tras el ataque en una escuela para adultos en Orebro, donde un hombre armado mat\u00f3 a diez personas antes de ser hallado sin vida. La nueva legislaci\u00f3n busca restringir el acceso a armas semiautom\u00e1ticas como el fusil AR-15, debido a su capacidad [&hellip;]\" \/>\n<meta property=\"og:url\" content=\"https:\/\/www.eldiario.net\/portal\/2025\/02\/07\/suecia-endurece-leyes-de-armas-tras-el-tiroteo-en-orebro-1924\/\" \/>\n<meta property=\"og:site_name\" content=\"El Diario - Bolivia\" \/>\n<meta property=\"article:publisher\" content=\"https:\/\/www.facebook.com\/eldiario.bolivia\/\" \/>\n<meta property=\"article:published_time\" content=\"2025-02-07T23:24:34+00:00\" \/>\n<meta property=\"og:image\" content=\"https:\/\/www.eldiario.net\/portal\/wp-content\/uploads\/2025\/02\/suecia-2-e1738970629610.png\" \/>\n\t<meta property=\"og:image:width\" content=\"400\" \/>\n\t<meta property=\"og:image:height\" content=\"213\" \/>\n\t<meta property=\"og:image:type\" content=\"image\/png\" \/>\n<meta name=\"author\" content=\"Viviana Monrroy\" \/>\n<meta name=\"twitter:card\" content=\"summary_large_image\" \/>\n<meta name=\"twitter:creator\" content=\"@eldiario_net\" \/>\n<meta name=\"twitter:site\" content=\"@eldiario_net\" \/>\n<meta name=\"twitter:label1\" content=\"Escrito por\" \/>\n\t<meta name=\"twitter:data1\" content=\"Viviana Monrroy\" \/>\n\t<meta name=\"twitter:label2\" content=\"Tiempo de lectura\" \/>\n\t<meta name=\"twitter:data2\" content=\"1 minuto\" \/>\n<script type=\"application\/ld+json\" class=\"yoast-schema-graph\">{\"@context\":\"https:\\\/\\\/schema.org\",\"@graph\":[{\"@type\":\"Article\",\"@id\":\"https:\\\/\\\/www.eldiario.net\\\/portal\\\/2025\\\/02\\\/07\\\/suecia-endurece-leyes-de-armas-tras-el-tiroteo-en-orebro-1924\\\/#article\",\"isPartOf\":{\"@id\":\"https:\\\/\\\/www.eldiario.net\\\/portal\\\/2025\\\/02\\\/07\\\/suecia-endurece-leyes-de-armas-tras-el-tiroteo-en-orebro-1924\\\/\"},\"author\":{\"name\":\"Viviana Monrroy\",\"@id\":\"https:\\\/\\\/www.eldiario.net\\\/portal\\\/#\\\/schema\\\/person\\\/ba370d92d160f4d3574381f6d9b78fab\"},\"headline\":\"Suecia endurece leyes de armas tras el tiroteo en Orebro. (19:24)\",\"datePublished\":\"2025-02-07T23:24:34+00:00\",\"mainEntityOfPage\":{\"@id\":\"https:\\\/\\\/www.eldiario.net\\\/portal\\\/2025\\\/02\\\/07\\\/suecia-endurece-leyes-de-armas-tras-el-tiroteo-en-orebro-1924\\\/\"},\"wordCount\":163,\"publisher\":{\"@id\":\"https:\\\/\\\/www.eldiario.net\\\/portal\\\/#organization\"},\"image\":{\"@id\":\"https:\\\/\\\/www.eldiario.net\\\/portal\\\/2025\\\/02\\\/07\\\/suecia-endurece-leyes-de-armas-tras-el-tiroteo-en-orebro-1924\\\/#primaryimage\"},\"thumbnailUrl\":\"https:\\\/\\\/www.eldiario.net\\\/portal\\\/wp-content\\\/uploads\\\/2025\\\/02\\\/suecia-2-e1738970629610.png\",\"articleSection\":[\"\u00daltima Hora\"],\"inLanguage\":\"es\"},{\"@type\":\"WebPage\",\"@id\":\"https:\\\/\\\/www.eldiario.net\\\/portal\\\/2025\\\/02\\\/07\\\/suecia-endurece-leyes-de-armas-tras-el-tiroteo-en-orebro-1924\\\/\",\"url\":\"https:\\\/\\\/www.eldiario.net\\\/portal\\\/2025\\\/02\\\/07\\\/suecia-endurece-leyes-de-armas-tras-el-tiroteo-en-orebro-1924\\\/\",\"name\":\"Suecia endurece leyes de armas tras el tiroteo en Orebro. (19:24) - El Diario - Bolivia\",\"isPartOf\":{\"@id\":\"https:\\\/\\\/www.eldiario.net\\\/portal\\\/#website\"},\"primaryImageOfPage\":{\"@id\":\"https:\\\/\\\/www.eldiario.net\\\/portal\\\/2025\\\/02\\\/07\\\/suecia-endurece-leyes-de-armas-tras-el-tiroteo-en-orebro-1924\\\/#primaryimage\"},\"image\":{\"@id\":\"https:\\\/\\\/www.eldiario.net\\\/portal\\\/2025\\\/02\\\/07\\\/suecia-endurece-leyes-de-armas-tras-el-tiroteo-en-orebro-1924\\\/#primaryimage\"},\"thumbnailUrl\":\"https:\\\/\\\/www.eldiario.net\\\/portal\\\/wp-content\\\/uploads\\\/2025\\\/02\\\/suecia-2-e1738970629610.png\",\"datePublished\":\"2025-02-07T23:24:34+00:00\",\"breadcrumb\":{\"@id\":\"https:\\\/\\\/www.eldiario.net\\\/portal\\\/2025\\\/02\\\/07\\\/suecia-endurece-leyes-de-armas-tras-el-tiroteo-en-orebro-1924\\\/#breadcrumb\"},\"inLanguage\":\"es\",\"potentialAction\":[{\"@type\":\"ReadAction\",\"target\":[\"https:\\\/\\\/www.eldiario.net\\\/portal\\\/2025\\\/02\\\/07\\\/suecia-endurece-leyes-de-armas-tras-el-tiroteo-en-orebro-1924\\\/\"]}]},{\"@type\":\"ImageObject\",\"inLanguage\":\"es\",\"@id\":\"https:\\\/\\\/www.eldiario.net\\\/portal\\\/2025\\\/02\\\/07\\\/suecia-endurece-leyes-de-armas-tras-el-tiroteo-en-orebro-1924\\\/#primaryimage\",\"url\":\"https:\\\/\\\/www.eldiario.net\\\/portal\\\/wp-content\\\/uploads\\\/2025\\\/02\\\/suecia-2-e1738970629610.png\",\"contentUrl\":\"https:\\\/\\\/www.eldiario.net\\\/portal\\\/wp-content\\\/uploads\\\/2025\\\/02\\\/suecia-2-e1738970629610.png\",\"width\":400,\"height\":213,\"caption\":\"Foto: RR.SS.\"},{\"@type\":\"BreadcrumbList\",\"@id\":\"https:\\\/\\\/www.eldiario.net\\\/portal\\\/2025\\\/02\\\/07\\\/suecia-endurece-leyes-de-armas-tras-el-tiroteo-en-orebro-1924\\\/#breadcrumb\",\"itemListElement\":[{\"@type\":\"ListItem\",\"position\":1,\"name\":\"Portada\",\"item\":\"https:\\\/\\\/www.eldiario.net\\\/portal\\\/\"},{\"@type\":\"ListItem\",\"position\":2,\"name\":\"Suecia endurece leyes de armas tras el tiroteo en Orebro. (19:24)\"}]},{\"@type\":\"WebSite\",\"@id\":\"https:\\\/\\\/www.eldiario.net\\\/portal\\\/#website\",\"url\":\"https:\\\/\\\/www.eldiario.net\\\/portal\\\/\",\"name\":\"El Diario - Decano de la prensa nacional\",\"description\":\"El Diario - Decano de la prensa nacional\",\"publisher\":{\"@id\":\"https:\\\/\\\/www.eldiario.net\\\/portal\\\/#organization\"},\"potentialAction\":[{\"@type\":\"SearchAction\",\"target\":{\"@type\":\"EntryPoint\",\"urlTemplate\":\"https:\\\/\\\/www.eldiario.net\\\/portal\\\/?s={search_term_string}\"},\"query-input\":{\"@type\":\"PropertyValueSpecification\",\"valueRequired\":true,\"valueName\":\"search_term_string\"}}],\"inLanguage\":\"es\"},{\"@type\":\"Organization\",\"@id\":\"https:\\\/\\\/www.eldiario.net\\\/portal\\\/#organization\",\"name\":\"El Diario - Decano de la prensa nacional\",\"url\":\"https:\\\/\\\/www.eldiario.net\\\/portal\\\/\",\"logo\":{\"@type\":\"ImageObject\",\"inLanguage\":\"es\",\"@id\":\"https:\\\/\\\/www.eldiario.net\\\/portal\\\/#\\\/schema\\\/logo\\\/image\\\/\",\"url\":\"https:\\\/\\\/www.eldiario.net\\\/portal\\\/wp-content\\\/uploads\\\/2023\\\/07\\\/logo_ED.jpg\",\"contentUrl\":\"https:\\\/\\\/www.eldiario.net\\\/portal\\\/wp-content\\\/uploads\\\/2023\\\/07\\\/logo_ED.jpg\",\"width\":272,\"height\":52,\"caption\":\"El Diario - Decano de la prensa nacional\"},\"image\":{\"@id\":\"https:\\\/\\\/www.eldiario.net\\\/portal\\\/#\\\/schema\\\/logo\\\/image\\\/\"},\"sameAs\":[\"https:\\\/\\\/www.facebook.com\\\/eldiario.bolivia\\\/\",\"https:\\\/\\\/x.com\\\/eldiario_net\"]},{\"@type\":\"Person\",\"@id\":\"https:\\\/\\\/www.eldiario.net\\\/portal\\\/#\\\/schema\\\/person\\\/ba370d92d160f4d3574381f6d9b78fab\",\"name\":\"Viviana Monrroy\",\"image\":{\"@type\":\"ImageObject\",\"inLanguage\":\"es\",\"@id\":\"https:\\\/\\\/secure.gravatar.com\\\/avatar\\\/dfd1611ed5600959a0e5a9754503b6c05d1dcf190010998e0363aee2ad98afca?s=96&d=mm&r=g\",\"url\":\"https:\\\/\\\/secure.gravatar.com\\\/avatar\\\/dfd1611ed5600959a0e5a9754503b6c05d1dcf190010998e0363aee2ad98afca?s=96&d=mm&r=g\",\"contentUrl\":\"https:\\\/\\\/secure.gravatar.com\\\/avatar\\\/dfd1611ed5600959a0e5a9754503b6c05d1dcf190010998e0363aee2ad98afca?s=96&d=mm&r=g\",\"caption\":\"Viviana Monrroy\"},\"sameAs\":[\"http:\\\/\\\/www.eldiario.net\"],\"url\":\"https:\\\/\\\/www.eldiario.net\\\/portal\\\/author\\\/vivianamonrroy\\\/\"}]}<\/script>\n<!-- \/ Yoast SEO plugin. -->","yoast_head_json":{"title":"Suecia endurece leyes de armas tras el tiroteo en Orebro. (19:24) - El Diario - Bolivia","robots":{"index":"index","follow":"follow","max-snippet":"max-snippet:-1","max-image-preview":"max-image-preview:large","max-video-preview":"max-video-preview:-1"},"canonical":"https:\/\/www.eldiario.net\/portal\/2025\/02\/07\/suecia-endurece-leyes-de-armas-tras-el-tiroteo-en-orebro-1924\/","og_locale":"es_ES","og_type":"article","og_title":"Suecia endurece leyes de armas tras el tiroteo en Orebro. (19:24) - El Diario - Bolivia","og_description":"El Gobierno de Suecia anunci\u00f3 un acuerdo para reforzar el control de armas tras el ataque en una escuela para adultos en Orebro, donde un hombre armado mat\u00f3 a diez personas antes de ser hallado sin vida. La nueva legislaci\u00f3n busca restringir el acceso a armas semiautom\u00e1ticas como el fusil AR-15, debido a su capacidad [&hellip;]","og_url":"https:\/\/www.eldiario.net\/portal\/2025\/02\/07\/suecia-endurece-leyes-de-armas-tras-el-tiroteo-en-orebro-1924\/","og_site_name":"El Diario - Bolivia","article_publisher":"https:\/\/www.facebook.com\/eldiario.bolivia\/","article_published_time":"2025-02-07T23:24:34+00:00","og_image":[{"width":400,"height":213,"url":"https:\/\/www.eldiario.net\/portal\/wp-content\/uploads\/2025\/02\/suecia-2-e1738970629610.png","type":"image\/png"}],"author":"Viviana Monrroy","twitter_card":"summary_large_image","twitter_creator":"@eldiario_net","twitter_site":"@eldiario_net","twitter_misc":{"Escrito por":"Viviana Monrroy","Tiempo de lectura":"1 minuto"},"schema":{"@context":"https:\/\/schema.org","@graph":[{"@type":"Article","@id":"https:\/\/www.eldiario.net\/portal\/2025\/02\/07\/suecia-endurece-leyes-de-armas-tras-el-tiroteo-en-orebro-1924\/#article","isPartOf":{"@id":"https:\/\/www.eldiario.net\/portal\/2025\/02\/07\/suecia-endurece-leyes-de-armas-tras-el-tiroteo-en-orebro-1924\/"},"author":{"name":"Viviana Monrroy","@id":"https:\/\/www.eldiario.net\/portal\/#\/schema\/person\/ba370d92d160f4d3574381f6d9b78fab"},"headline":"Suecia endurece leyes de armas tras el tiroteo en Orebro. (19:24)","datePublished":"2025-02-07T23:24:34+00:00","mainEntityOfPage":{"@id":"https:\/\/www.eldiario.net\/portal\/2025\/02\/07\/suecia-endurece-leyes-de-armas-tras-el-tiroteo-en-orebro-1924\/"},"wordCount":163,"publisher":{"@id":"https:\/\/www.eldiario.net\/portal\/#organization"},"image":{"@id":"https:\/\/www.eldiario.net\/portal\/2025\/02\/07\/suecia-endurece-leyes-de-armas-tras-el-tiroteo-en-orebro-1924\/#primaryimage"},"thumbnailUrl":"https:\/\/www.eldiario.net\/portal\/wp-content\/uploads\/2025\/02\/suecia-2-e1738970629610.png","articleSection":["\u00daltima Hora"],"inLanguage":"es"},{"@type":"WebPage","@id":"https:\/\/www.eldiario.net\/portal\/2025\/02\/07\/suecia-endurece-leyes-de-armas-tras-el-tiroteo-en-orebro-1924\/","url":"https:\/\/www.eldiario.net\/portal\/2025\/02\/07\/suecia-endurece-leyes-de-armas-tras-el-tiroteo-en-orebro-1924\/","name":"Suecia endurece leyes de armas tras el tiroteo en Orebro. (19:24) - El Diario - Bolivia","isPartOf":{"@id":"https:\/\/www.eldiario.net\/portal\/#website"},"primaryImageOfPage":{"@id":"https:\/\/www.eldiario.net\/portal\/2025\/02\/07\/suecia-endurece-leyes-de-armas-tras-el-tiroteo-en-orebro-1924\/#primaryimage"},"image":{"@id":"https:\/\/www.eldiario.net\/portal\/2025\/02\/07\/suecia-endurece-leyes-de-armas-tras-el-tiroteo-en-orebro-1924\/#primaryimage"},"thumbnailUrl":"https:\/\/www.eldiario.net\/portal\/wp-content\/uploads\/2025\/02\/suecia-2-e1738970629610.png","datePublished":"2025-02-07T23:24:34+00:00","breadcrumb":{"@id":"https:\/\/www.eldiario.net\/portal\/2025\/02\/07\/suecia-endurece-leyes-de-armas-tras-el-tiroteo-en-orebro-1924\/#breadcrumb"},"inLanguage":"es","potentialAction":[{"@type":"ReadAction","target":["https:\/\/www.eldiario.net\/portal\/2025\/02\/07\/suecia-endurece-leyes-de-armas-tras-el-tiroteo-en-orebro-1924\/"]}]},{"@type":"ImageObject","inLanguage":"es","@id":"https:\/\/www.eldiario.net\/portal\/2025\/02\/07\/suecia-endurece-leyes-de-armas-tras-el-tiroteo-en-orebro-1924\/#primaryimage","url":"https:\/\/www.eldiario.net\/portal\/wp-content\/uploads\/2025\/02\/suecia-2-e1738970629610.png","contentUrl":"https:\/\/www.eldiario.net\/portal\/wp-content\/uploads\/2025\/02\/suecia-2-e1738970629610.png","width":400,"height":213,"caption":"Foto: RR.SS."},{"@type":"BreadcrumbList","@id":"https:\/\/www.eldiario.net\/portal\/2025\/02\/07\/suecia-endurece-leyes-de-armas-tras-el-tiroteo-en-orebro-1924\/#breadcrumb","itemListElement":[{"@type":"ListItem","position":1,"name":"Portada","item":"https:\/\/www.eldiario.net\/portal\/"},{"@type":"ListItem","position":2,"name":"Suecia endurece leyes de armas tras el tiroteo en Orebro. (19:24)"}]},{"@type":"WebSite","@id":"https:\/\/www.eldiario.net\/portal\/#website","url":"https:\/\/www.eldiario.net\/portal\/","name":"El Diario - Decano de la prensa nacional","description":"El Diario - Decano de la prensa nacional","publisher":{"@id":"https:\/\/www.eldiario.net\/portal\/#organization"},"potentialAction":[{"@type":"SearchAction","target":{"@type":"EntryPoint","urlTemplate":"https:\/\/www.eldiario.net\/portal\/?s={search_term_string}"},"query-input":{"@type":"PropertyValueSpecification","valueRequired":true,"valueName":"search_term_string"}}],"inLanguage":"es"},{"@type":"Organization","@id":"https:\/\/www.eldiario.net\/portal\/#organization","name":"El Diario - Decano de la prensa nacional","url":"https:\/\/www.eldiario.net\/portal\/","logo":{"@type":"ImageObject","inLanguage":"es","@id":"https:\/\/www.eldiario.net\/portal\/#\/schema\/logo\/image\/","url":"https:\/\/www.eldiario.net\/portal\/wp-content\/uploads\/2023\/07\/logo_ED.jpg","contentUrl":"https:\/\/www.eldiario.net\/portal\/wp-content\/uploads\/2023\/07\/logo_ED.jpg","width":272,"height":52,"caption":"El Diario - Decano de la prensa nacional"},"image":{"@id":"https:\/\/www.eldiario.net\/portal\/#\/schema\/logo\/image\/"},"sameAs":["https:\/\/www.facebook.com\/eldiario.bolivia\/","https:\/\/x.com\/eldiario_net"]},{"@type":"Person","@id":"https:\/\/www.eldiario.net\/portal\/#\/schema\/person\/ba370d92d160f4d3574381f6d9b78fab","name":"Viviana Monrroy","image":{"@type":"ImageObject","inLanguage":"es","@id":"https:\/\/secure.gravatar.com\/avatar\/dfd1611ed5600959a0e5a9754503b6c05d1dcf190010998e0363aee2ad98afca?s=96&d=mm&r=g","url":"https:\/\/secure.gravatar.com\/avatar\/dfd1611ed5600959a0e5a9754503b6c05d1dcf190010998e0363aee2ad98afca?s=96&d=mm&r=g","contentUrl":"https:\/\/secure.gravatar.com\/avatar\/dfd1611ed5600959a0e5a9754503b6c05d1dcf190010998e0363aee2ad98afca?s=96&d=mm&r=g","caption":"Viviana Monrroy"},"sameAs":["http:\/\/www.eldiario.net"],"url":"https:\/\/www.eldiario.net\/portal\/author\/vivianamonrroy\/"}]}},"_links":{"self":[{"href":"https:\/\/www.eldiario.net\/portal\/wp-json\/wp\/v2\/posts\/280205","targetHints":{"allow":["GET"]}}],"collection":[{"href":"https:\/\/www.eldiario.net\/portal\/wp-json\/wp\/v2\/posts"}],"about":[{"href":"https:\/\/www.eldiario.net\/portal\/wp-json\/wp\/v2\/types\/post"}],"author":[{"embeddable":true,"href":"https:\/\/www.eldiario.net\/portal\/wp-json\/wp\/v2\/users\/7"}],"replies":[{"embeddable":true,"href":"https:\/\/www.eldiario.net\/portal\/wp-json\/wp\/v2\/comments?post=280205"}],"version-history":[{"count":1,"href":"https:\/\/www.eldiario.net\/portal\/wp-json\/wp\/v2\/posts\/280205\/revisions"}],"predecessor-version":[{"id":280207,"href":"https:\/\/www.eldiario.net\/portal\/wp-json\/wp\/v2\/posts\/280205\/revisions\/280207"}],"wp:featuredmedia":[{"embeddable":true,"href":"https:\/\/www.eldiario.net\/portal\/wp-json\/wp\/v2\/media\/280206"}],"wp:attachment":[{"href":"https:\/\/www.eldiario.net\/portal\/wp-json\/wp\/v2\/media?parent=280205"}],"wp:term":[{"taxonomy":"category","embeddable":true,"href":"https:\/\/www.eldiario.net\/portal\/wp-json\/wp\/v2\/categories?post=280205"},{"taxonomy":"post_tag","embeddable":true,"href":"https:\/\/www.eldiario.net\/portal\/wp-json\/wp\/v2\/tags?post=280205"}],"curies":[{"name":"wp","href":"https:\/\/api.w.org\/{rel}","templated":true}]}}