{"id":279824,"date":"2025-02-06T06:11:02","date_gmt":"2025-02-06T10:11:02","guid":{"rendered":"https:\/\/www.eldiario.net\/portal\/?p=279824"},"modified":"2025-02-06T06:11:02","modified_gmt":"2025-02-06T10:11:02","slug":"promesa-de-industrializacion-del-litio-fue-otra-mentira-del-masismo","status":"publish","type":"post","link":"https:\/\/www.eldiario.net\/portal\/2025\/02\/06\/promesa-de-industrializacion-del-litio-fue-otra-mentira-del-masismo\/","title":{"rendered":"Promesa de industrializaci\u00f3n del litio fue otra mentira del masismo"},"content":{"rendered":"<p>Asegurando que la problem\u00e1tica por el tratamiento de los contratos para la explotaci\u00f3n de litio debe ser de inter\u00e9s nacional, la diputada por Comunidad Ciudadana (CC), Toribia Lero, afirm\u00f3 que las promesas de gobiernos del Movimiento al Socialismo (MAS) sobre la industrializaci\u00f3n de este recurso fueron mentiras para justificar un despilfarro que ahora debe ser investigado.<\/p>\n<p>En declaraciones a medios de prensa, la asamble\u00edsta cochabambina anticip\u00f3 que en las pr\u00f3ximas sesiones plenarias y de comisi\u00f3n para el an\u00e1lisis de estos contratos, desde la oposici\u00f3n se continuar\u00e1 expresando el rechazo de la poblaci\u00f3n al car\u00e1cter \u201centreguista\u201d en la redacci\u00f3n de estos documentos, atendiendo adem\u00e1s las observaciones expresadas por distintos sectores al respecto.<\/p>\n<p>\u201cTenemos que cuidar los recursos del pa\u00eds, ya es suficiente la forma en que Evo Morales ha mentido al pa\u00eds se\u00f1alando que Bolivia iba a ser el primer productor de bater\u00edas de litio\u201d, record\u00f3 la diputada.<\/p>\n<p>Seg\u00fan Lero, desde los primeros anuncios sobre la explotaci\u00f3n de litio hasta la fecha, se han gastado y despilfarrado m\u00e1s de mil millones de d\u00f3lares, sin haberse obtenido resultados positivos para el pa\u00eds, situaci\u00f3n que no debe quedar impune.<\/p>\n<p>En ese sentido, record\u00f3 que ya son m\u00e1s diez a\u00f1os con la promesa de que el litio iba a ser industrializado en el pa\u00eds, claramente un enga\u00f1o m\u00e1s del masismo al pueblo boliviano.<\/p>\n<p>\u201cNadie est\u00e1 investigando, el gobierno y la justicia lo est\u00e1n dejando pasar. Esto debe resolverse\u201d, indic\u00f3.<\/p>\n<p>Esta semana, el diputado oficialista, Hern\u00e1n Hinojosa, en su calidad de presidente de la Comisi\u00f3n de Econom\u00eda Plural, Producci\u00f3n e Industria, inform\u00f3 que, a esa instancia ya llegaron los informes complementarios sobre los proyectos de contratos de extracci\u00f3n y producci\u00f3n de carbonato de litio con las empresas Hong Kong CBC y Uranium One Group, que fueron solicitados la pasada semana para su respectivo tratamiento.<\/p>\n","protected":false},"excerpt":{"rendered":"<p>Asegurando que la problem\u00e1tica por el tratamiento de los contratos para la explotaci\u00f3n de litio debe ser de inter\u00e9s nacional, la diputada por Comunidad Ciudadana (CC), Toribia Lero, afirm\u00f3 que las promesas de gobiernos del Movimiento al Socialismo (MAS) sobre la industrializaci\u00f3n de este recurso fueron mentiras para justificar un despilfarro que ahora debe ser [&hellip;]<\/p>\n","protected":false},"author":1,"featured_media":279825,"comment_status":"closed","ping_status":"open","sticky":false,"template":"","format":"standard","meta":{"_acf_changed":false,"footnotes":""},"categories":[14],"tags":[],"class_list":["post-279824","post","type-post","status-publish","format-standard","has-post-thumbnail","category-politica"],"acf":{"antetitulo":"Afirma Diputada"},"yoast_head":"<!-- This site is optimized with the Yoast SEO plugin v28.4 - https:\/\/yoast.com\/product\/yoast-seo-wordpress\/ -->\n<title>Promesa de industrializaci\u00f3n del litio fue otra mentira del masismo - El Diario - Bolivia<\/title>\n<meta name=\"robots\" content=\"index, follow, max-snippet:-1, max-image-preview:large, max-video-preview:-1\" \/>\n<link rel=\"canonical\" href=\"https:\/\/www.eldiario.net\/portal\/2025\/02\/06\/promesa-de-industrializacion-del-litio-fue-otra-mentira-del-masismo\/\" \/>\n<meta property=\"og:locale\" content=\"es_ES\" \/>\n<meta property=\"og:type\" content=\"article\" \/>\n<meta property=\"og:title\" content=\"Promesa de industrializaci\u00f3n del litio fue otra mentira del masismo - El Diario - Bolivia\" \/>\n<meta property=\"og:description\" content=\"Asegurando que la problem\u00e1tica por el tratamiento de los contratos para la explotaci\u00f3n de litio debe ser de inter\u00e9s nacional, la diputada por Comunidad Ciudadana (CC), Toribia Lero, afirm\u00f3 que las promesas de gobiernos del Movimiento al Socialismo (MAS) sobre la industrializaci\u00f3n de este recurso fueron mentiras para justificar un despilfarro que ahora debe ser [&hellip;]\" \/>\n<meta property=\"og:url\" content=\"https:\/\/www.eldiario.net\/portal\/2025\/02\/06\/promesa-de-industrializacion-del-litio-fue-otra-mentira-del-masismo\/\" \/>\n<meta property=\"og:site_name\" content=\"El Diario - Bolivia\" \/>\n<meta property=\"article:publisher\" content=\"https:\/\/www.facebook.com\/eldiario.bolivia\/\" \/>\n<meta property=\"article:published_time\" content=\"2025-02-06T10:11:02+00:00\" \/>\n<meta property=\"og:image\" content=\"https:\/\/www.eldiario.net\/portal\/wp-content\/uploads\/2025\/02\/MENTIRA-FOTO.jpg\" \/>\n\t<meta property=\"og:image:width\" content=\"1200\" \/>\n\t<meta property=\"og:image:height\" content=\"675\" \/>\n\t<meta property=\"og:image:type\" content=\"image\/jpeg\" \/>\n<meta name=\"author\" content=\"Jeanette\" \/>\n<meta name=\"twitter:card\" content=\"summary_large_image\" \/>\n<meta name=\"twitter:creator\" content=\"@eldiario_net\" \/>\n<meta name=\"twitter:site\" content=\"@eldiario_net\" \/>\n<meta name=\"twitter:label1\" content=\"Escrito por\" \/>\n\t<meta name=\"twitter:data1\" content=\"Jeanette\" \/>\n\t<meta name=\"twitter:label2\" content=\"Tiempo de lectura\" \/>\n\t<meta name=\"twitter:data2\" content=\"2 minutos\" \/>\n<script type=\"application\/ld+json\" class=\"yoast-schema-graph\">{\"@context\":\"https:\\\/\\\/schema.org\",\"@graph\":[{\"@type\":\"Article\",\"@id\":\"https:\\\/\\\/www.eldiario.net\\\/portal\\\/2025\\\/02\\\/06\\\/promesa-de-industrializacion-del-litio-fue-otra-mentira-del-masismo\\\/#article\",\"isPartOf\":{\"@id\":\"https:\\\/\\\/www.eldiario.net\\\/portal\\\/2025\\\/02\\\/06\\\/promesa-de-industrializacion-del-litio-fue-otra-mentira-del-masismo\\\/\"},\"author\":{\"name\":\"Jeanette\",\"@id\":\"https:\\\/\\\/www.eldiario.net\\\/portal\\\/#\\\/schema\\\/person\\\/f46445640444750d7d753ccd04ae01b7\"},\"headline\":\"Promesa de industrializaci\u00f3n del litio fue otra mentira del masismo\",\"datePublished\":\"2025-02-06T10:11:02+00:00\",\"mainEntityOfPage\":{\"@id\":\"https:\\\/\\\/www.eldiario.net\\\/portal\\\/2025\\\/02\\\/06\\\/promesa-de-industrializacion-del-litio-fue-otra-mentira-del-masismo\\\/\"},\"wordCount\":345,\"publisher\":{\"@id\":\"https:\\\/\\\/www.eldiario.net\\\/portal\\\/#organization\"},\"image\":{\"@id\":\"https:\\\/\\\/www.eldiario.net\\\/portal\\\/2025\\\/02\\\/06\\\/promesa-de-industrializacion-del-litio-fue-otra-mentira-del-masismo\\\/#primaryimage\"},\"thumbnailUrl\":\"https:\\\/\\\/www.eldiario.net\\\/portal\\\/wp-content\\\/uploads\\\/2025\\\/02\\\/MENTIRA-FOTO.jpg\",\"articleSection\":[\"Pol\u00edtica\"],\"inLanguage\":\"es\"},{\"@type\":\"WebPage\",\"@id\":\"https:\\\/\\\/www.eldiario.net\\\/portal\\\/2025\\\/02\\\/06\\\/promesa-de-industrializacion-del-litio-fue-otra-mentira-del-masismo\\\/\",\"url\":\"https:\\\/\\\/www.eldiario.net\\\/portal\\\/2025\\\/02\\\/06\\\/promesa-de-industrializacion-del-litio-fue-otra-mentira-del-masismo\\\/\",\"name\":\"Promesa de industrializaci\u00f3n del litio fue otra mentira del masismo - El Diario - Bolivia\",\"isPartOf\":{\"@id\":\"https:\\\/\\\/www.eldiario.net\\\/portal\\\/#website\"},\"primaryImageOfPage\":{\"@id\":\"https:\\\/\\\/www.eldiario.net\\\/portal\\\/2025\\\/02\\\/06\\\/promesa-de-industrializacion-del-litio-fue-otra-mentira-del-masismo\\\/#primaryimage\"},\"image\":{\"@id\":\"https:\\\/\\\/www.eldiario.net\\\/portal\\\/2025\\\/02\\\/06\\\/promesa-de-industrializacion-del-litio-fue-otra-mentira-del-masismo\\\/#primaryimage\"},\"thumbnailUrl\":\"https:\\\/\\\/www.eldiario.net\\\/portal\\\/wp-content\\\/uploads\\\/2025\\\/02\\\/MENTIRA-FOTO.jpg\",\"datePublished\":\"2025-02-06T10:11:02+00:00\",\"breadcrumb\":{\"@id\":\"https:\\\/\\\/www.eldiario.net\\\/portal\\\/2025\\\/02\\\/06\\\/promesa-de-industrializacion-del-litio-fue-otra-mentira-del-masismo\\\/#breadcrumb\"},\"inLanguage\":\"es\",\"potentialAction\":[{\"@type\":\"ReadAction\",\"target\":[\"https:\\\/\\\/www.eldiario.net\\\/portal\\\/2025\\\/02\\\/06\\\/promesa-de-industrializacion-del-litio-fue-otra-mentira-del-masismo\\\/\"]}]},{\"@type\":\"ImageObject\",\"inLanguage\":\"es\",\"@id\":\"https:\\\/\\\/www.eldiario.net\\\/portal\\\/2025\\\/02\\\/06\\\/promesa-de-industrializacion-del-litio-fue-otra-mentira-del-masismo\\\/#primaryimage\",\"url\":\"https:\\\/\\\/www.eldiario.net\\\/portal\\\/wp-content\\\/uploads\\\/2025\\\/02\\\/MENTIRA-FOTO.jpg\",\"contentUrl\":\"https:\\\/\\\/www.eldiario.net\\\/portal\\\/wp-content\\\/uploads\\\/2025\\\/02\\\/MENTIRA-FOTO.jpg\",\"width\":1200,\"height\":675,\"caption\":\"Diputada Toribia Lero (CC) CREDITOS \\\/ RRSS\"},{\"@type\":\"BreadcrumbList\",\"@id\":\"https:\\\/\\\/www.eldiario.net\\\/portal\\\/2025\\\/02\\\/06\\\/promesa-de-industrializacion-del-litio-fue-otra-mentira-del-masismo\\\/#breadcrumb\",\"itemListElement\":[{\"@type\":\"ListItem\",\"position\":1,\"name\":\"Portada\",\"item\":\"https:\\\/\\\/www.eldiario.net\\\/portal\\\/\"},{\"@type\":\"ListItem\",\"position\":2,\"name\":\"Promesa de industrializaci\u00f3n del litio fue otra mentira del masismo\"}]},{\"@type\":\"WebSite\",\"@id\":\"https:\\\/\\\/www.eldiario.net\\\/portal\\\/#website\",\"url\":\"https:\\\/\\\/www.eldiario.net\\\/portal\\\/\",\"name\":\"El Diario - Decano de la prensa nacional\",\"description\":\"El Diario - Decano de la prensa nacional\",\"publisher\":{\"@id\":\"https:\\\/\\\/www.eldiario.net\\\/portal\\\/#organization\"},\"potentialAction\":[{\"@type\":\"SearchAction\",\"target\":{\"@type\":\"EntryPoint\",\"urlTemplate\":\"https:\\\/\\\/www.eldiario.net\\\/portal\\\/?s={search_term_string}\"},\"query-input\":{\"@type\":\"PropertyValueSpecification\",\"valueRequired\":true,\"valueName\":\"search_term_string\"}}],\"inLanguage\":\"es\"},{\"@type\":\"Organization\",\"@id\":\"https:\\\/\\\/www.eldiario.net\\\/portal\\\/#organization\",\"name\":\"El Diario - Decano de la prensa nacional\",\"url\":\"https:\\\/\\\/www.eldiario.net\\\/portal\\\/\",\"logo\":{\"@type\":\"ImageObject\",\"inLanguage\":\"es\",\"@id\":\"https:\\\/\\\/www.eldiario.net\\\/portal\\\/#\\\/schema\\\/logo\\\/image\\\/\",\"url\":\"https:\\\/\\\/www.eldiario.net\\\/portal\\\/wp-content\\\/uploads\\\/2023\\\/07\\\/logo_ED.jpg\",\"contentUrl\":\"https:\\\/\\\/www.eldiario.net\\\/portal\\\/wp-content\\\/uploads\\\/2023\\\/07\\\/logo_ED.jpg\",\"width\":272,\"height\":52,\"caption\":\"El Diario - Decano de la prensa nacional\"},\"image\":{\"@id\":\"https:\\\/\\\/www.eldiario.net\\\/portal\\\/#\\\/schema\\\/logo\\\/image\\\/\"},\"sameAs\":[\"https:\\\/\\\/www.facebook.com\\\/eldiario.bolivia\\\/\",\"https:\\\/\\\/x.com\\\/eldiario_net\"]},{\"@type\":\"Person\",\"@id\":\"https:\\\/\\\/www.eldiario.net\\\/portal\\\/#\\\/schema\\\/person\\\/f46445640444750d7d753ccd04ae01b7\",\"name\":\"Jeanette\",\"image\":{\"@type\":\"ImageObject\",\"inLanguage\":\"es\",\"@id\":\"https:\\\/\\\/secure.gravatar.com\\\/avatar\\\/3ea2118a5f7dad2b7138b1187a6b7ee55f160b9968b66013c3a3ef39dd7e5798?s=96&d=mm&r=g\",\"url\":\"https:\\\/\\\/secure.gravatar.com\\\/avatar\\\/3ea2118a5f7dad2b7138b1187a6b7ee55f160b9968b66013c3a3ef39dd7e5798?s=96&d=mm&r=g\",\"contentUrl\":\"https:\\\/\\\/secure.gravatar.com\\\/avatar\\\/3ea2118a5f7dad2b7138b1187a6b7ee55f160b9968b66013c3a3ef39dd7e5798?s=96&d=mm&r=g\",\"caption\":\"Jeanette\"},\"sameAs\":[\"https:\\\/\\\/www.eldiario.net\\\/portal\"],\"url\":\"https:\\\/\\\/www.eldiario.net\\\/portal\\\/author\\\/jeanette\\\/\"}]}<\/script>\n<!-- \/ Yoast SEO plugin. -->","yoast_head_json":{"title":"Promesa de industrializaci\u00f3n del litio fue otra mentira del masismo - El Diario - Bolivia","robots":{"index":"index","follow":"follow","max-snippet":"max-snippet:-1","max-image-preview":"max-image-preview:large","max-video-preview":"max-video-preview:-1"},"canonical":"https:\/\/www.eldiario.net\/portal\/2025\/02\/06\/promesa-de-industrializacion-del-litio-fue-otra-mentira-del-masismo\/","og_locale":"es_ES","og_type":"article","og_title":"Promesa de industrializaci\u00f3n del litio fue otra mentira del masismo - El Diario - Bolivia","og_description":"Asegurando que la problem\u00e1tica por el tratamiento de los contratos para la explotaci\u00f3n de litio debe ser de inter\u00e9s nacional, la diputada por Comunidad Ciudadana (CC), Toribia Lero, afirm\u00f3 que las promesas de gobiernos del Movimiento al Socialismo (MAS) sobre la industrializaci\u00f3n de este recurso fueron mentiras para justificar un despilfarro que ahora debe ser [&hellip;]","og_url":"https:\/\/www.eldiario.net\/portal\/2025\/02\/06\/promesa-de-industrializacion-del-litio-fue-otra-mentira-del-masismo\/","og_site_name":"El Diario - Bolivia","article_publisher":"https:\/\/www.facebook.com\/eldiario.bolivia\/","article_published_time":"2025-02-06T10:11:02+00:00","og_image":[{"width":1200,"height":675,"url":"https:\/\/www.eldiario.net\/portal\/wp-content\/uploads\/2025\/02\/MENTIRA-FOTO.jpg","type":"image\/jpeg"}],"author":"Jeanette","twitter_card":"summary_large_image","twitter_creator":"@eldiario_net","twitter_site":"@eldiario_net","twitter_misc":{"Escrito por":"Jeanette","Tiempo de lectura":"2 minutos"},"schema":{"@context":"https:\/\/schema.org","@graph":[{"@type":"Article","@id":"https:\/\/www.eldiario.net\/portal\/2025\/02\/06\/promesa-de-industrializacion-del-litio-fue-otra-mentira-del-masismo\/#article","isPartOf":{"@id":"https:\/\/www.eldiario.net\/portal\/2025\/02\/06\/promesa-de-industrializacion-del-litio-fue-otra-mentira-del-masismo\/"},"author":{"name":"Jeanette","@id":"https:\/\/www.eldiario.net\/portal\/#\/schema\/person\/f46445640444750d7d753ccd04ae01b7"},"headline":"Promesa de industrializaci\u00f3n del litio fue otra mentira del masismo","datePublished":"2025-02-06T10:11:02+00:00","mainEntityOfPage":{"@id":"https:\/\/www.eldiario.net\/portal\/2025\/02\/06\/promesa-de-industrializacion-del-litio-fue-otra-mentira-del-masismo\/"},"wordCount":345,"publisher":{"@id":"https:\/\/www.eldiario.net\/portal\/#organization"},"image":{"@id":"https:\/\/www.eldiario.net\/portal\/2025\/02\/06\/promesa-de-industrializacion-del-litio-fue-otra-mentira-del-masismo\/#primaryimage"},"thumbnailUrl":"https:\/\/www.eldiario.net\/portal\/wp-content\/uploads\/2025\/02\/MENTIRA-FOTO.jpg","articleSection":["Pol\u00edtica"],"inLanguage":"es"},{"@type":"WebPage","@id":"https:\/\/www.eldiario.net\/portal\/2025\/02\/06\/promesa-de-industrializacion-del-litio-fue-otra-mentira-del-masismo\/","url":"https:\/\/www.eldiario.net\/portal\/2025\/02\/06\/promesa-de-industrializacion-del-litio-fue-otra-mentira-del-masismo\/","name":"Promesa de industrializaci\u00f3n del litio fue otra mentira del masismo - El Diario - Bolivia","isPartOf":{"@id":"https:\/\/www.eldiario.net\/portal\/#website"},"primaryImageOfPage":{"@id":"https:\/\/www.eldiario.net\/portal\/2025\/02\/06\/promesa-de-industrializacion-del-litio-fue-otra-mentira-del-masismo\/#primaryimage"},"image":{"@id":"https:\/\/www.eldiario.net\/portal\/2025\/02\/06\/promesa-de-industrializacion-del-litio-fue-otra-mentira-del-masismo\/#primaryimage"},"thumbnailUrl":"https:\/\/www.eldiario.net\/portal\/wp-content\/uploads\/2025\/02\/MENTIRA-FOTO.jpg","datePublished":"2025-02-06T10:11:02+00:00","breadcrumb":{"@id":"https:\/\/www.eldiario.net\/portal\/2025\/02\/06\/promesa-de-industrializacion-del-litio-fue-otra-mentira-del-masismo\/#breadcrumb"},"inLanguage":"es","potentialAction":[{"@type":"ReadAction","target":["https:\/\/www.eldiario.net\/portal\/2025\/02\/06\/promesa-de-industrializacion-del-litio-fue-otra-mentira-del-masismo\/"]}]},{"@type":"ImageObject","inLanguage":"es","@id":"https:\/\/www.eldiario.net\/portal\/2025\/02\/06\/promesa-de-industrializacion-del-litio-fue-otra-mentira-del-masismo\/#primaryimage","url":"https:\/\/www.eldiario.net\/portal\/wp-content\/uploads\/2025\/02\/MENTIRA-FOTO.jpg","contentUrl":"https:\/\/www.eldiario.net\/portal\/wp-content\/uploads\/2025\/02\/MENTIRA-FOTO.jpg","width":1200,"height":675,"caption":"Diputada Toribia Lero (CC) CREDITOS \/ RRSS"},{"@type":"BreadcrumbList","@id":"https:\/\/www.eldiario.net\/portal\/2025\/02\/06\/promesa-de-industrializacion-del-litio-fue-otra-mentira-del-masismo\/#breadcrumb","itemListElement":[{"@type":"ListItem","position":1,"name":"Portada","item":"https:\/\/www.eldiario.net\/portal\/"},{"@type":"ListItem","position":2,"name":"Promesa de industrializaci\u00f3n del litio fue otra mentira del masismo"}]},{"@type":"WebSite","@id":"https:\/\/www.eldiario.net\/portal\/#website","url":"https:\/\/www.eldiario.net\/portal\/","name":"El Diario - Decano de la prensa nacional","description":"El Diario - Decano de la prensa nacional","publisher":{"@id":"https:\/\/www.eldiario.net\/portal\/#organization"},"potentialAction":[{"@type":"SearchAction","target":{"@type":"EntryPoint","urlTemplate":"https:\/\/www.eldiario.net\/portal\/?s={search_term_string}"},"query-input":{"@type":"PropertyValueSpecification","valueRequired":true,"valueName":"search_term_string"}}],"inLanguage":"es"},{"@type":"Organization","@id":"https:\/\/www.eldiario.net\/portal\/#organization","name":"El Diario - Decano de la prensa nacional","url":"https:\/\/www.eldiario.net\/portal\/","logo":{"@type":"ImageObject","inLanguage":"es","@id":"https:\/\/www.eldiario.net\/portal\/#\/schema\/logo\/image\/","url":"https:\/\/www.eldiario.net\/portal\/wp-content\/uploads\/2023\/07\/logo_ED.jpg","contentUrl":"https:\/\/www.eldiario.net\/portal\/wp-content\/uploads\/2023\/07\/logo_ED.jpg","width":272,"height":52,"caption":"El Diario - Decano de la prensa nacional"},"image":{"@id":"https:\/\/www.eldiario.net\/portal\/#\/schema\/logo\/image\/"},"sameAs":["https:\/\/www.facebook.com\/eldiario.bolivia\/","https:\/\/x.com\/eldiario_net"]},{"@type":"Person","@id":"https:\/\/www.eldiario.net\/portal\/#\/schema\/person\/f46445640444750d7d753ccd04ae01b7","name":"Jeanette","image":{"@type":"ImageObject","inLanguage":"es","@id":"https:\/\/secure.gravatar.com\/avatar\/3ea2118a5f7dad2b7138b1187a6b7ee55f160b9968b66013c3a3ef39dd7e5798?s=96&d=mm&r=g","url":"https:\/\/secure.gravatar.com\/avatar\/3ea2118a5f7dad2b7138b1187a6b7ee55f160b9968b66013c3a3ef39dd7e5798?s=96&d=mm&r=g","contentUrl":"https:\/\/secure.gravatar.com\/avatar\/3ea2118a5f7dad2b7138b1187a6b7ee55f160b9968b66013c3a3ef39dd7e5798?s=96&d=mm&r=g","caption":"Jeanette"},"sameAs":["https:\/\/www.eldiario.net\/portal"],"url":"https:\/\/www.eldiario.net\/portal\/author\/jeanette\/"}]}},"_links":{"self":[{"href":"https:\/\/www.eldiario.net\/portal\/wp-json\/wp\/v2\/posts\/279824","targetHints":{"allow":["GET"]}}],"collection":[{"href":"https:\/\/www.eldiario.net\/portal\/wp-json\/wp\/v2\/posts"}],"about":[{"href":"https:\/\/www.eldiario.net\/portal\/wp-json\/wp\/v2\/types\/post"}],"author":[{"embeddable":true,"href":"https:\/\/www.eldiario.net\/portal\/wp-json\/wp\/v2\/users\/1"}],"replies":[{"embeddable":true,"href":"https:\/\/www.eldiario.net\/portal\/wp-json\/wp\/v2\/comments?post=279824"}],"version-history":[{"count":1,"href":"https:\/\/www.eldiario.net\/portal\/wp-json\/wp\/v2\/posts\/279824\/revisions"}],"predecessor-version":[{"id":279826,"href":"https:\/\/www.eldiario.net\/portal\/wp-json\/wp\/v2\/posts\/279824\/revisions\/279826"}],"wp:featuredmedia":[{"embeddable":true,"href":"https:\/\/www.eldiario.net\/portal\/wp-json\/wp\/v2\/media\/279825"}],"wp:attachment":[{"href":"https:\/\/www.eldiario.net\/portal\/wp-json\/wp\/v2\/media?parent=279824"}],"wp:term":[{"taxonomy":"category","embeddable":true,"href":"https:\/\/www.eldiario.net\/portal\/wp-json\/wp\/v2\/categories?post=279824"},{"taxonomy":"post_tag","embeddable":true,"href":"https:\/\/www.eldiario.net\/portal\/wp-json\/wp\/v2\/tags?post=279824"}],"curies":[{"name":"wp","href":"https:\/\/api.w.org\/{rel}","templated":true}]}}