{"id":279821,"date":"2025-02-06T06:10:34","date_gmt":"2025-02-06T10:10:34","guid":{"rendered":"https:\/\/www.eldiario.net\/portal\/?p=279821"},"modified":"2025-02-06T06:10:34","modified_gmt":"2025-02-06T10:10:34","slug":"aprueban-proyecto-de-ley-para-recuperar-us-3-mm-de-autores-de-violaciones-a-ddhh","status":"publish","type":"post","link":"https:\/\/www.eldiario.net\/portal\/2025\/02\/06\/aprueban-proyecto-de-ley-para-recuperar-us-3-mm-de-autores-de-violaciones-a-ddhh\/","title":{"rendered":"Aprueban proyecto de ley para recuperar  $us 3 MM de autores de violaciones a DDHH"},"content":{"rendered":"<p>En su quinta sesi\u00f3n, la Comisi\u00f3n de Constituci\u00f3n de la C\u00e1mara Baja aprob\u00f3 por unanimidad el proyecto de ley que busca que el Estado recupere $us 3 millones que pag\u00f3 por resarcimientos, por fallos de la Corte Interamericana de Derechos Humanos (Corte-IDH), a v\u00edctimas de violaciones de derechos humanos. Prev\u00e9 que los autores de esas vulneraciones devuelvan el dinero a arcas estatales.<\/p>\n<p>El proyecto de \u201cLey de Acci\u00f3n de Repetici\u00f3n Emergente del Pago de la Reparaci\u00f3n Patrimonial de Da\u00f1os y Perjuicios en el Marco del Sistema Interamericano de Derechos Humanos\u201d fue presentado ayer por el ministro de Justicia, C\u00e9sar Siles, quien destac\u00f3 que con esta norma se establezca los pasos para la recuperaci\u00f3n de esos $us 3 millones de parte de exautoridades estatales que vulneraron derechos humanos de personas.<\/p>\n<p>\u201cHubo mucho da\u00f1o econ\u00f3mico por parte de la irresponsabilidad de algunos servidores p\u00fablicos de distintos niveles de Estado, en cuanto a vulneraci\u00f3n de Derechos Humanos y, por estas situaciones, ha pagado unos montos cuantiosos el Estado boliviano; por esa raz\u00f3n, se trabaj\u00f3 esta ley con el objetivo de resguardar la econom\u00eda del pa\u00eds\u201d, explic\u00f3 la presidenta de la citada comisi\u00f3n, Olivia Guachalla.<\/p>\n<p>La legisladora, seg\u00fan un reporte de la C\u00e1mara Baja, lament\u00f3 que, por irresponsabilidad de algunos servidores p\u00fablicos, el Estado boliviano haya pagado unos $us 3 millones por concepto de resarcimientos, en casos vulneraci\u00f3n de derechos humanos. Asimismo, remarc\u00f3 que con el proyecto se busca que los delitos sean de car\u00e1cter personal. (Br\u00fajula Digital)<\/p>\n<p>&nbsp;<\/p>\n","protected":false},"excerpt":{"rendered":"<p>En su quinta sesi\u00f3n, la Comisi\u00f3n de Constituci\u00f3n de la C\u00e1mara Baja aprob\u00f3 por unanimidad el proyecto de ley que busca que el Estado recupere $us 3 millones que pag\u00f3 por resarcimientos, por fallos de la Corte Interamericana de Derechos Humanos (Corte-IDH), a v\u00edctimas de violaciones de derechos humanos. Prev\u00e9 que los autores de esas [&hellip;]<\/p>\n","protected":false},"author":1,"featured_media":279822,"comment_status":"closed","ping_status":"open","sticky":false,"template":"","format":"standard","meta":{"_acf_changed":false,"footnotes":""},"categories":[14],"tags":[],"class_list":["post-279821","post","type-post","status-publish","format-standard","has-post-thumbnail","category-politica"],"acf":{"antetitulo":""},"yoast_head":"<!-- This site is optimized with the Yoast SEO plugin v28.4 - https:\/\/yoast.com\/product\/yoast-seo-wordpress\/ -->\n<title>Aprueban proyecto de ley para recuperar $us 3 MM de autores de violaciones a DDHH - El Diario - Bolivia<\/title>\n<meta name=\"robots\" content=\"index, follow, max-snippet:-1, max-image-preview:large, max-video-preview:-1\" \/>\n<link rel=\"canonical\" href=\"https:\/\/www.eldiario.net\/portal\/2025\/02\/06\/aprueban-proyecto-de-ley-para-recuperar-us-3-mm-de-autores-de-violaciones-a-ddhh\/\" \/>\n<meta property=\"og:locale\" content=\"es_ES\" \/>\n<meta property=\"og:type\" content=\"article\" \/>\n<meta property=\"og:title\" content=\"Aprueban proyecto de ley para recuperar $us 3 MM de autores de violaciones a DDHH - El Diario - Bolivia\" \/>\n<meta property=\"og:description\" content=\"En su quinta sesi\u00f3n, la Comisi\u00f3n de Constituci\u00f3n de la C\u00e1mara Baja aprob\u00f3 por unanimidad el proyecto de ley que busca que el Estado recupere $us 3 millones que pag\u00f3 por resarcimientos, por fallos de la Corte Interamericana de Derechos Humanos (Corte-IDH), a v\u00edctimas de violaciones de derechos humanos. Prev\u00e9 que los autores de esas [&hellip;]\" \/>\n<meta property=\"og:url\" content=\"https:\/\/www.eldiario.net\/portal\/2025\/02\/06\/aprueban-proyecto-de-ley-para-recuperar-us-3-mm-de-autores-de-violaciones-a-ddhh\/\" \/>\n<meta property=\"og:site_name\" content=\"El Diario - Bolivia\" \/>\n<meta property=\"article:publisher\" content=\"https:\/\/www.facebook.com\/eldiario.bolivia\/\" \/>\n<meta property=\"article:published_time\" content=\"2025-02-06T10:10:34+00:00\" \/>\n<meta property=\"og:image\" content=\"https:\/\/www.eldiario.net\/portal\/wp-content\/uploads\/2025\/02\/RECUPERAR-FOTO.jpg\" \/>\n\t<meta property=\"og:image:width\" content=\"720\" \/>\n\t<meta property=\"og:image:height\" content=\"399\" \/>\n\t<meta property=\"og:image:type\" content=\"image\/jpeg\" \/>\n<meta name=\"author\" content=\"Jeanette\" \/>\n<meta name=\"twitter:card\" content=\"summary_large_image\" \/>\n<meta name=\"twitter:creator\" content=\"@eldiario_net\" \/>\n<meta name=\"twitter:site\" content=\"@eldiario_net\" \/>\n<meta name=\"twitter:label1\" content=\"Escrito por\" \/>\n\t<meta name=\"twitter:data1\" content=\"Jeanette\" \/>\n\t<meta name=\"twitter:label2\" content=\"Tiempo de lectura\" \/>\n\t<meta name=\"twitter:data2\" content=\"2 minutos\" \/>\n<script type=\"application\/ld+json\" class=\"yoast-schema-graph\">{\"@context\":\"https:\\\/\\\/schema.org\",\"@graph\":[{\"@type\":\"Article\",\"@id\":\"https:\\\/\\\/www.eldiario.net\\\/portal\\\/2025\\\/02\\\/06\\\/aprueban-proyecto-de-ley-para-recuperar-us-3-mm-de-autores-de-violaciones-a-ddhh\\\/#article\",\"isPartOf\":{\"@id\":\"https:\\\/\\\/www.eldiario.net\\\/portal\\\/2025\\\/02\\\/06\\\/aprueban-proyecto-de-ley-para-recuperar-us-3-mm-de-autores-de-violaciones-a-ddhh\\\/\"},\"author\":{\"name\":\"Jeanette\",\"@id\":\"https:\\\/\\\/www.eldiario.net\\\/portal\\\/#\\\/schema\\\/person\\\/f46445640444750d7d753ccd04ae01b7\"},\"headline\":\"Aprueban proyecto de ley para recuperar $us 3 MM de autores de violaciones a DDHH\",\"datePublished\":\"2025-02-06T10:10:34+00:00\",\"mainEntityOfPage\":{\"@id\":\"https:\\\/\\\/www.eldiario.net\\\/portal\\\/2025\\\/02\\\/06\\\/aprueban-proyecto-de-ley-para-recuperar-us-3-mm-de-autores-de-violaciones-a-ddhh\\\/\"},\"wordCount\":281,\"publisher\":{\"@id\":\"https:\\\/\\\/www.eldiario.net\\\/portal\\\/#organization\"},\"image\":{\"@id\":\"https:\\\/\\\/www.eldiario.net\\\/portal\\\/2025\\\/02\\\/06\\\/aprueban-proyecto-de-ley-para-recuperar-us-3-mm-de-autores-de-violaciones-a-ddhh\\\/#primaryimage\"},\"thumbnailUrl\":\"https:\\\/\\\/www.eldiario.net\\\/portal\\\/wp-content\\\/uploads\\\/2025\\\/02\\\/RECUPERAR-FOTO.jpg\",\"articleSection\":[\"Pol\u00edtica\"],\"inLanguage\":\"es\"},{\"@type\":\"WebPage\",\"@id\":\"https:\\\/\\\/www.eldiario.net\\\/portal\\\/2025\\\/02\\\/06\\\/aprueban-proyecto-de-ley-para-recuperar-us-3-mm-de-autores-de-violaciones-a-ddhh\\\/\",\"url\":\"https:\\\/\\\/www.eldiario.net\\\/portal\\\/2025\\\/02\\\/06\\\/aprueban-proyecto-de-ley-para-recuperar-us-3-mm-de-autores-de-violaciones-a-ddhh\\\/\",\"name\":\"Aprueban proyecto de ley para recuperar $us 3 MM de autores de violaciones a DDHH - El Diario - Bolivia\",\"isPartOf\":{\"@id\":\"https:\\\/\\\/www.eldiario.net\\\/portal\\\/#website\"},\"primaryImageOfPage\":{\"@id\":\"https:\\\/\\\/www.eldiario.net\\\/portal\\\/2025\\\/02\\\/06\\\/aprueban-proyecto-de-ley-para-recuperar-us-3-mm-de-autores-de-violaciones-a-ddhh\\\/#primaryimage\"},\"image\":{\"@id\":\"https:\\\/\\\/www.eldiario.net\\\/portal\\\/2025\\\/02\\\/06\\\/aprueban-proyecto-de-ley-para-recuperar-us-3-mm-de-autores-de-violaciones-a-ddhh\\\/#primaryimage\"},\"thumbnailUrl\":\"https:\\\/\\\/www.eldiario.net\\\/portal\\\/wp-content\\\/uploads\\\/2025\\\/02\\\/RECUPERAR-FOTO.jpg\",\"datePublished\":\"2025-02-06T10:10:34+00:00\",\"breadcrumb\":{\"@id\":\"https:\\\/\\\/www.eldiario.net\\\/portal\\\/2025\\\/02\\\/06\\\/aprueban-proyecto-de-ley-para-recuperar-us-3-mm-de-autores-de-violaciones-a-ddhh\\\/#breadcrumb\"},\"inLanguage\":\"es\",\"potentialAction\":[{\"@type\":\"ReadAction\",\"target\":[\"https:\\\/\\\/www.eldiario.net\\\/portal\\\/2025\\\/02\\\/06\\\/aprueban-proyecto-de-ley-para-recuperar-us-3-mm-de-autores-de-violaciones-a-ddhh\\\/\"]}]},{\"@type\":\"ImageObject\",\"inLanguage\":\"es\",\"@id\":\"https:\\\/\\\/www.eldiario.net\\\/portal\\\/2025\\\/02\\\/06\\\/aprueban-proyecto-de-ley-para-recuperar-us-3-mm-de-autores-de-violaciones-a-ddhh\\\/#primaryimage\",\"url\":\"https:\\\/\\\/www.eldiario.net\\\/portal\\\/wp-content\\\/uploads\\\/2025\\\/02\\\/RECUPERAR-FOTO.jpg\",\"contentUrl\":\"https:\\\/\\\/www.eldiario.net\\\/portal\\\/wp-content\\\/uploads\\\/2025\\\/02\\\/RECUPERAR-FOTO.jpg\",\"width\":720,\"height\":399,\"caption\":\"Votaci\u00f3n en la Comisi\u00f3n de Constituci\u00f3n de la C\u00e1mara Baja. Foto: CD\"},{\"@type\":\"BreadcrumbList\",\"@id\":\"https:\\\/\\\/www.eldiario.net\\\/portal\\\/2025\\\/02\\\/06\\\/aprueban-proyecto-de-ley-para-recuperar-us-3-mm-de-autores-de-violaciones-a-ddhh\\\/#breadcrumb\",\"itemListElement\":[{\"@type\":\"ListItem\",\"position\":1,\"name\":\"Portada\",\"item\":\"https:\\\/\\\/www.eldiario.net\\\/portal\\\/\"},{\"@type\":\"ListItem\",\"position\":2,\"name\":\"Aprueban proyecto de ley para recuperar $us 3 MM de autores de violaciones a DDHH\"}]},{\"@type\":\"WebSite\",\"@id\":\"https:\\\/\\\/www.eldiario.net\\\/portal\\\/#website\",\"url\":\"https:\\\/\\\/www.eldiario.net\\\/portal\\\/\",\"name\":\"El Diario - Decano de la prensa nacional\",\"description\":\"El Diario - Decano de la prensa nacional\",\"publisher\":{\"@id\":\"https:\\\/\\\/www.eldiario.net\\\/portal\\\/#organization\"},\"potentialAction\":[{\"@type\":\"SearchAction\",\"target\":{\"@type\":\"EntryPoint\",\"urlTemplate\":\"https:\\\/\\\/www.eldiario.net\\\/portal\\\/?s={search_term_string}\"},\"query-input\":{\"@type\":\"PropertyValueSpecification\",\"valueRequired\":true,\"valueName\":\"search_term_string\"}}],\"inLanguage\":\"es\"},{\"@type\":\"Organization\",\"@id\":\"https:\\\/\\\/www.eldiario.net\\\/portal\\\/#organization\",\"name\":\"El Diario - Decano de la prensa nacional\",\"url\":\"https:\\\/\\\/www.eldiario.net\\\/portal\\\/\",\"logo\":{\"@type\":\"ImageObject\",\"inLanguage\":\"es\",\"@id\":\"https:\\\/\\\/www.eldiario.net\\\/portal\\\/#\\\/schema\\\/logo\\\/image\\\/\",\"url\":\"https:\\\/\\\/www.eldiario.net\\\/portal\\\/wp-content\\\/uploads\\\/2023\\\/07\\\/logo_ED.jpg\",\"contentUrl\":\"https:\\\/\\\/www.eldiario.net\\\/portal\\\/wp-content\\\/uploads\\\/2023\\\/07\\\/logo_ED.jpg\",\"width\":272,\"height\":52,\"caption\":\"El Diario - Decano de la prensa nacional\"},\"image\":{\"@id\":\"https:\\\/\\\/www.eldiario.net\\\/portal\\\/#\\\/schema\\\/logo\\\/image\\\/\"},\"sameAs\":[\"https:\\\/\\\/www.facebook.com\\\/eldiario.bolivia\\\/\",\"https:\\\/\\\/x.com\\\/eldiario_net\"]},{\"@type\":\"Person\",\"@id\":\"https:\\\/\\\/www.eldiario.net\\\/portal\\\/#\\\/schema\\\/person\\\/f46445640444750d7d753ccd04ae01b7\",\"name\":\"Jeanette\",\"image\":{\"@type\":\"ImageObject\",\"inLanguage\":\"es\",\"@id\":\"https:\\\/\\\/secure.gravatar.com\\\/avatar\\\/3ea2118a5f7dad2b7138b1187a6b7ee55f160b9968b66013c3a3ef39dd7e5798?s=96&d=mm&r=g\",\"url\":\"https:\\\/\\\/secure.gravatar.com\\\/avatar\\\/3ea2118a5f7dad2b7138b1187a6b7ee55f160b9968b66013c3a3ef39dd7e5798?s=96&d=mm&r=g\",\"contentUrl\":\"https:\\\/\\\/secure.gravatar.com\\\/avatar\\\/3ea2118a5f7dad2b7138b1187a6b7ee55f160b9968b66013c3a3ef39dd7e5798?s=96&d=mm&r=g\",\"caption\":\"Jeanette\"},\"sameAs\":[\"https:\\\/\\\/www.eldiario.net\\\/portal\"],\"url\":\"https:\\\/\\\/www.eldiario.net\\\/portal\\\/author\\\/jeanette\\\/\"}]}<\/script>\n<!-- \/ Yoast SEO plugin. -->","yoast_head_json":{"title":"Aprueban proyecto de ley para recuperar $us 3 MM de autores de violaciones a DDHH - El Diario - Bolivia","robots":{"index":"index","follow":"follow","max-snippet":"max-snippet:-1","max-image-preview":"max-image-preview:large","max-video-preview":"max-video-preview:-1"},"canonical":"https:\/\/www.eldiario.net\/portal\/2025\/02\/06\/aprueban-proyecto-de-ley-para-recuperar-us-3-mm-de-autores-de-violaciones-a-ddhh\/","og_locale":"es_ES","og_type":"article","og_title":"Aprueban proyecto de ley para recuperar $us 3 MM de autores de violaciones a DDHH - El Diario - Bolivia","og_description":"En su quinta sesi\u00f3n, la Comisi\u00f3n de Constituci\u00f3n de la C\u00e1mara Baja aprob\u00f3 por unanimidad el proyecto de ley que busca que el Estado recupere $us 3 millones que pag\u00f3 por resarcimientos, por fallos de la Corte Interamericana de Derechos Humanos (Corte-IDH), a v\u00edctimas de violaciones de derechos humanos. Prev\u00e9 que los autores de esas [&hellip;]","og_url":"https:\/\/www.eldiario.net\/portal\/2025\/02\/06\/aprueban-proyecto-de-ley-para-recuperar-us-3-mm-de-autores-de-violaciones-a-ddhh\/","og_site_name":"El Diario - Bolivia","article_publisher":"https:\/\/www.facebook.com\/eldiario.bolivia\/","article_published_time":"2025-02-06T10:10:34+00:00","og_image":[{"width":720,"height":399,"url":"https:\/\/www.eldiario.net\/portal\/wp-content\/uploads\/2025\/02\/RECUPERAR-FOTO.jpg","type":"image\/jpeg"}],"author":"Jeanette","twitter_card":"summary_large_image","twitter_creator":"@eldiario_net","twitter_site":"@eldiario_net","twitter_misc":{"Escrito por":"Jeanette","Tiempo de lectura":"2 minutos"},"schema":{"@context":"https:\/\/schema.org","@graph":[{"@type":"Article","@id":"https:\/\/www.eldiario.net\/portal\/2025\/02\/06\/aprueban-proyecto-de-ley-para-recuperar-us-3-mm-de-autores-de-violaciones-a-ddhh\/#article","isPartOf":{"@id":"https:\/\/www.eldiario.net\/portal\/2025\/02\/06\/aprueban-proyecto-de-ley-para-recuperar-us-3-mm-de-autores-de-violaciones-a-ddhh\/"},"author":{"name":"Jeanette","@id":"https:\/\/www.eldiario.net\/portal\/#\/schema\/person\/f46445640444750d7d753ccd04ae01b7"},"headline":"Aprueban proyecto de ley para recuperar $us 3 MM de autores de violaciones a DDHH","datePublished":"2025-02-06T10:10:34+00:00","mainEntityOfPage":{"@id":"https:\/\/www.eldiario.net\/portal\/2025\/02\/06\/aprueban-proyecto-de-ley-para-recuperar-us-3-mm-de-autores-de-violaciones-a-ddhh\/"},"wordCount":281,"publisher":{"@id":"https:\/\/www.eldiario.net\/portal\/#organization"},"image":{"@id":"https:\/\/www.eldiario.net\/portal\/2025\/02\/06\/aprueban-proyecto-de-ley-para-recuperar-us-3-mm-de-autores-de-violaciones-a-ddhh\/#primaryimage"},"thumbnailUrl":"https:\/\/www.eldiario.net\/portal\/wp-content\/uploads\/2025\/02\/RECUPERAR-FOTO.jpg","articleSection":["Pol\u00edtica"],"inLanguage":"es"},{"@type":"WebPage","@id":"https:\/\/www.eldiario.net\/portal\/2025\/02\/06\/aprueban-proyecto-de-ley-para-recuperar-us-3-mm-de-autores-de-violaciones-a-ddhh\/","url":"https:\/\/www.eldiario.net\/portal\/2025\/02\/06\/aprueban-proyecto-de-ley-para-recuperar-us-3-mm-de-autores-de-violaciones-a-ddhh\/","name":"Aprueban proyecto de ley para recuperar $us 3 MM de autores de violaciones a DDHH - El Diario - Bolivia","isPartOf":{"@id":"https:\/\/www.eldiario.net\/portal\/#website"},"primaryImageOfPage":{"@id":"https:\/\/www.eldiario.net\/portal\/2025\/02\/06\/aprueban-proyecto-de-ley-para-recuperar-us-3-mm-de-autores-de-violaciones-a-ddhh\/#primaryimage"},"image":{"@id":"https:\/\/www.eldiario.net\/portal\/2025\/02\/06\/aprueban-proyecto-de-ley-para-recuperar-us-3-mm-de-autores-de-violaciones-a-ddhh\/#primaryimage"},"thumbnailUrl":"https:\/\/www.eldiario.net\/portal\/wp-content\/uploads\/2025\/02\/RECUPERAR-FOTO.jpg","datePublished":"2025-02-06T10:10:34+00:00","breadcrumb":{"@id":"https:\/\/www.eldiario.net\/portal\/2025\/02\/06\/aprueban-proyecto-de-ley-para-recuperar-us-3-mm-de-autores-de-violaciones-a-ddhh\/#breadcrumb"},"inLanguage":"es","potentialAction":[{"@type":"ReadAction","target":["https:\/\/www.eldiario.net\/portal\/2025\/02\/06\/aprueban-proyecto-de-ley-para-recuperar-us-3-mm-de-autores-de-violaciones-a-ddhh\/"]}]},{"@type":"ImageObject","inLanguage":"es","@id":"https:\/\/www.eldiario.net\/portal\/2025\/02\/06\/aprueban-proyecto-de-ley-para-recuperar-us-3-mm-de-autores-de-violaciones-a-ddhh\/#primaryimage","url":"https:\/\/www.eldiario.net\/portal\/wp-content\/uploads\/2025\/02\/RECUPERAR-FOTO.jpg","contentUrl":"https:\/\/www.eldiario.net\/portal\/wp-content\/uploads\/2025\/02\/RECUPERAR-FOTO.jpg","width":720,"height":399,"caption":"Votaci\u00f3n en la Comisi\u00f3n de Constituci\u00f3n de la C\u00e1mara Baja. Foto: CD"},{"@type":"BreadcrumbList","@id":"https:\/\/www.eldiario.net\/portal\/2025\/02\/06\/aprueban-proyecto-de-ley-para-recuperar-us-3-mm-de-autores-de-violaciones-a-ddhh\/#breadcrumb","itemListElement":[{"@type":"ListItem","position":1,"name":"Portada","item":"https:\/\/www.eldiario.net\/portal\/"},{"@type":"ListItem","position":2,"name":"Aprueban proyecto de ley para recuperar $us 3 MM de autores de violaciones a DDHH"}]},{"@type":"WebSite","@id":"https:\/\/www.eldiario.net\/portal\/#website","url":"https:\/\/www.eldiario.net\/portal\/","name":"El Diario - Decano de la prensa nacional","description":"El Diario - Decano de la prensa nacional","publisher":{"@id":"https:\/\/www.eldiario.net\/portal\/#organization"},"potentialAction":[{"@type":"SearchAction","target":{"@type":"EntryPoint","urlTemplate":"https:\/\/www.eldiario.net\/portal\/?s={search_term_string}"},"query-input":{"@type":"PropertyValueSpecification","valueRequired":true,"valueName":"search_term_string"}}],"inLanguage":"es"},{"@type":"Organization","@id":"https:\/\/www.eldiario.net\/portal\/#organization","name":"El Diario - Decano de la prensa nacional","url":"https:\/\/www.eldiario.net\/portal\/","logo":{"@type":"ImageObject","inLanguage":"es","@id":"https:\/\/www.eldiario.net\/portal\/#\/schema\/logo\/image\/","url":"https:\/\/www.eldiario.net\/portal\/wp-content\/uploads\/2023\/07\/logo_ED.jpg","contentUrl":"https:\/\/www.eldiario.net\/portal\/wp-content\/uploads\/2023\/07\/logo_ED.jpg","width":272,"height":52,"caption":"El Diario - Decano de la prensa nacional"},"image":{"@id":"https:\/\/www.eldiario.net\/portal\/#\/schema\/logo\/image\/"},"sameAs":["https:\/\/www.facebook.com\/eldiario.bolivia\/","https:\/\/x.com\/eldiario_net"]},{"@type":"Person","@id":"https:\/\/www.eldiario.net\/portal\/#\/schema\/person\/f46445640444750d7d753ccd04ae01b7","name":"Jeanette","image":{"@type":"ImageObject","inLanguage":"es","@id":"https:\/\/secure.gravatar.com\/avatar\/3ea2118a5f7dad2b7138b1187a6b7ee55f160b9968b66013c3a3ef39dd7e5798?s=96&d=mm&r=g","url":"https:\/\/secure.gravatar.com\/avatar\/3ea2118a5f7dad2b7138b1187a6b7ee55f160b9968b66013c3a3ef39dd7e5798?s=96&d=mm&r=g","contentUrl":"https:\/\/secure.gravatar.com\/avatar\/3ea2118a5f7dad2b7138b1187a6b7ee55f160b9968b66013c3a3ef39dd7e5798?s=96&d=mm&r=g","caption":"Jeanette"},"sameAs":["https:\/\/www.eldiario.net\/portal"],"url":"https:\/\/www.eldiario.net\/portal\/author\/jeanette\/"}]}},"_links":{"self":[{"href":"https:\/\/www.eldiario.net\/portal\/wp-json\/wp\/v2\/posts\/279821","targetHints":{"allow":["GET"]}}],"collection":[{"href":"https:\/\/www.eldiario.net\/portal\/wp-json\/wp\/v2\/posts"}],"about":[{"href":"https:\/\/www.eldiario.net\/portal\/wp-json\/wp\/v2\/types\/post"}],"author":[{"embeddable":true,"href":"https:\/\/www.eldiario.net\/portal\/wp-json\/wp\/v2\/users\/1"}],"replies":[{"embeddable":true,"href":"https:\/\/www.eldiario.net\/portal\/wp-json\/wp\/v2\/comments?post=279821"}],"version-history":[{"count":1,"href":"https:\/\/www.eldiario.net\/portal\/wp-json\/wp\/v2\/posts\/279821\/revisions"}],"predecessor-version":[{"id":279823,"href":"https:\/\/www.eldiario.net\/portal\/wp-json\/wp\/v2\/posts\/279821\/revisions\/279823"}],"wp:featuredmedia":[{"embeddable":true,"href":"https:\/\/www.eldiario.net\/portal\/wp-json\/wp\/v2\/media\/279822"}],"wp:attachment":[{"href":"https:\/\/www.eldiario.net\/portal\/wp-json\/wp\/v2\/media?parent=279821"}],"wp:term":[{"taxonomy":"category","embeddable":true,"href":"https:\/\/www.eldiario.net\/portal\/wp-json\/wp\/v2\/categories?post=279821"},{"taxonomy":"post_tag","embeddable":true,"href":"https:\/\/www.eldiario.net\/portal\/wp-json\/wp\/v2\/tags?post=279821"}],"curies":[{"name":"wp","href":"https:\/\/api.w.org\/{rel}","templated":true}]}}