{"id":279818,"date":"2025-02-06T06:10:05","date_gmt":"2025-02-06T10:10:05","guid":{"rendered":"https:\/\/www.eldiario.net\/portal\/?p=279818"},"modified":"2025-02-06T06:10:05","modified_gmt":"2025-02-06T10:10:05","slug":"boa-realizo-vuelos-a-cuba-pese-a-que-ruta-no-es-rentable","status":"publish","type":"post","link":"https:\/\/www.eldiario.net\/portal\/2025\/02\/06\/boa-realizo-vuelos-a-cuba-pese-a-que-ruta-no-es-rentable\/","title":{"rendered":"BoA realiz\u00f3 vuelos a Cuba  pese a que ruta no es rentable"},"content":{"rendered":"<p>Tras recibir respuesta a una Petici\u00f3n de Informe Escrito cursada a la estatal Boliviana de Aviaci\u00f3n (BoA), la senadora por la agrupaci\u00f3n Creemos, Centa Rek, denuncio que, en nueve meses de cubrir la ruta Santa Cruz de la Sierra-La Habana, y viceversa, esta empresa realiz\u00f3 36 vuelos con una cantidad de pasajeros menor a la capacidad sus aeronaves, con una p\u00e9rdida econ\u00f3mica evidente para el Estado.<\/p>\n<p>Seg\u00fan Rek, la respuesta de BoA es m\u00e1s que preocupante, toda vez que los vuelos se realizaron en un avi\u00f3n Boeing 737-800, que tiene una capacidad de entre 162 a 189 pasajeros, por lo que los viajes se concretaban con menos de la mitad de su capacidad, con una p\u00e9rdida econ\u00f3mica evidente para la empresa a\u00e9rea; confirmando que se trat\u00f3 de una ruta de car\u00e1cter ideol\u00f3gico y pol\u00edtico, antes que econ\u00f3mico.<\/p>\n<p>A esto se suma que, en nueve meses se transport\u00f3 un total de 4.842 pasajeros, con un costo operativo de $us 12.764.733,72, lo que significa que cada asiento ten\u00eda un costo de $us 2.636,2; monto muy alejado del precio del pasaje ofertado para esta ruta.<\/p>\n<p>Adem\u00e1s, la respuesta de BoA, confirma que la ruta fue establecida sin ning\u00fan tipo de estudio previo y de beneficios econ\u00f3micos al corroborar que los vuelos de Bolivia a Cuba \u201ca\u00fan se encuentran en un periodo de exploraci\u00f3n de mercado\u201d, lo que significa que existen responsables por las p\u00e9rdidas que pudieron generarse y en alg\u00fan momento tendr\u00e1n que responder por las mismas.<\/p>\n<p>Con toda la parafernalia y anuncios, m\u00e1s de corte ideol\u00f3gico y pol\u00edtico que econ\u00f3micos, la estatal BoA inaugur\u00f3 sus vuelos en la ruta Santa Cruz-La Habana, Cuba el jueves 26 de octubre de 2023. Exactamente nueve meses despu\u00e9s, el 25 de julio de 2024, se suspendi\u00f3 esta ruta sin mayores explicaciones.<\/p>\n<p>Una vez anunciada esta suspensi\u00f3n de vuelos en la ruta se\u00f1alada, la senadora Rek remiti\u00f3 una Petici\u00f3n de Informe enviada el pasado 28 de junio de 2024, misma que fue respondida por BoA el 3 de septiembre del mismo a\u00f1o; sin embargo, la respuesta qued\u00f3 retenida en el Ministerio de la Presidencia hasta el 24 de enero de 2025, siendo entregada reci\u00e9n el 26 de enero.<\/p>\n","protected":false},"excerpt":{"rendered":"<p>Tras recibir respuesta a una Petici\u00f3n de Informe Escrito cursada a la estatal Boliviana de Aviaci\u00f3n (BoA), la senadora por la agrupaci\u00f3n Creemos, Centa Rek, denuncio que, en nueve meses de cubrir la ruta Santa Cruz de la Sierra-La Habana, y viceversa, esta empresa realiz\u00f3 36 vuelos con una cantidad de pasajeros menor a la [&hellip;]<\/p>\n","protected":false},"author":1,"featured_media":279819,"comment_status":"closed","ping_status":"open","sticky":false,"template":"","format":"standard","meta":{"_acf_changed":false,"footnotes":""},"categories":[14],"tags":[],"class_list":["post-279818","post","type-post","status-publish","format-standard","has-post-thumbnail","category-politica"],"acf":{"antetitulo":"Seg\u00fan denuncia de Senadora"},"yoast_head":"<!-- This site is optimized with the Yoast SEO plugin v28.4 - https:\/\/yoast.com\/product\/yoast-seo-wordpress\/ -->\n<title>BoA realiz\u00f3 vuelos a Cuba pese a que ruta no es rentable - El Diario - Bolivia<\/title>\n<meta name=\"robots\" content=\"index, follow, max-snippet:-1, max-image-preview:large, max-video-preview:-1\" \/>\n<link rel=\"canonical\" href=\"https:\/\/www.eldiario.net\/portal\/2025\/02\/06\/boa-realizo-vuelos-a-cuba-pese-a-que-ruta-no-es-rentable\/\" \/>\n<meta property=\"og:locale\" content=\"es_ES\" \/>\n<meta property=\"og:type\" content=\"article\" \/>\n<meta property=\"og:title\" content=\"BoA realiz\u00f3 vuelos a Cuba pese a que ruta no es rentable - El Diario - Bolivia\" \/>\n<meta property=\"og:description\" content=\"Tras recibir respuesta a una Petici\u00f3n de Informe Escrito cursada a la estatal Boliviana de Aviaci\u00f3n (BoA), la senadora por la agrupaci\u00f3n Creemos, Centa Rek, denuncio que, en nueve meses de cubrir la ruta Santa Cruz de la Sierra-La Habana, y viceversa, esta empresa realiz\u00f3 36 vuelos con una cantidad de pasajeros menor a la [&hellip;]\" \/>\n<meta property=\"og:url\" content=\"https:\/\/www.eldiario.net\/portal\/2025\/02\/06\/boa-realizo-vuelos-a-cuba-pese-a-que-ruta-no-es-rentable\/\" \/>\n<meta property=\"og:site_name\" content=\"El Diario - Bolivia\" \/>\n<meta property=\"article:publisher\" content=\"https:\/\/www.facebook.com\/eldiario.bolivia\/\" \/>\n<meta property=\"article:published_time\" content=\"2025-02-06T10:10:05+00:00\" \/>\n<meta property=\"og:image\" content=\"https:\/\/www.eldiario.net\/portal\/wp-content\/uploads\/2025\/02\/RENTABLE-FOTO.jpg\" \/>\n\t<meta property=\"og:image:width\" content=\"1600\" \/>\n\t<meta property=\"og:image:height\" content=\"957\" \/>\n\t<meta property=\"og:image:type\" content=\"image\/jpeg\" \/>\n<meta name=\"author\" content=\"Jeanette\" \/>\n<meta name=\"twitter:card\" content=\"summary_large_image\" \/>\n<meta name=\"twitter:creator\" content=\"@eldiario_net\" \/>\n<meta name=\"twitter:site\" content=\"@eldiario_net\" \/>\n<meta name=\"twitter:label1\" content=\"Escrito por\" \/>\n\t<meta name=\"twitter:data1\" content=\"Jeanette\" \/>\n\t<meta name=\"twitter:label2\" content=\"Tiempo de lectura\" \/>\n\t<meta name=\"twitter:data2\" content=\"2 minutos\" \/>\n<script type=\"application\/ld+json\" class=\"yoast-schema-graph\">{\"@context\":\"https:\\\/\\\/schema.org\",\"@graph\":[{\"@type\":\"Article\",\"@id\":\"https:\\\/\\\/www.eldiario.net\\\/portal\\\/2025\\\/02\\\/06\\\/boa-realizo-vuelos-a-cuba-pese-a-que-ruta-no-es-rentable\\\/#article\",\"isPartOf\":{\"@id\":\"https:\\\/\\\/www.eldiario.net\\\/portal\\\/2025\\\/02\\\/06\\\/boa-realizo-vuelos-a-cuba-pese-a-que-ruta-no-es-rentable\\\/\"},\"author\":{\"name\":\"Jeanette\",\"@id\":\"https:\\\/\\\/www.eldiario.net\\\/portal\\\/#\\\/schema\\\/person\\\/f46445640444750d7d753ccd04ae01b7\"},\"headline\":\"BoA realiz\u00f3 vuelos a Cuba pese a que ruta no es rentable\",\"datePublished\":\"2025-02-06T10:10:05+00:00\",\"mainEntityOfPage\":{\"@id\":\"https:\\\/\\\/www.eldiario.net\\\/portal\\\/2025\\\/02\\\/06\\\/boa-realizo-vuelos-a-cuba-pese-a-que-ruta-no-es-rentable\\\/\"},\"wordCount\":391,\"publisher\":{\"@id\":\"https:\\\/\\\/www.eldiario.net\\\/portal\\\/#organization\"},\"image\":{\"@id\":\"https:\\\/\\\/www.eldiario.net\\\/portal\\\/2025\\\/02\\\/06\\\/boa-realizo-vuelos-a-cuba-pese-a-que-ruta-no-es-rentable\\\/#primaryimage\"},\"thumbnailUrl\":\"https:\\\/\\\/www.eldiario.net\\\/portal\\\/wp-content\\\/uploads\\\/2025\\\/02\\\/RENTABLE-FOTO.jpg\",\"articleSection\":[\"Pol\u00edtica\"],\"inLanguage\":\"es\"},{\"@type\":\"WebPage\",\"@id\":\"https:\\\/\\\/www.eldiario.net\\\/portal\\\/2025\\\/02\\\/06\\\/boa-realizo-vuelos-a-cuba-pese-a-que-ruta-no-es-rentable\\\/\",\"url\":\"https:\\\/\\\/www.eldiario.net\\\/portal\\\/2025\\\/02\\\/06\\\/boa-realizo-vuelos-a-cuba-pese-a-que-ruta-no-es-rentable\\\/\",\"name\":\"BoA realiz\u00f3 vuelos a Cuba pese a que ruta no es rentable - El Diario - Bolivia\",\"isPartOf\":{\"@id\":\"https:\\\/\\\/www.eldiario.net\\\/portal\\\/#website\"},\"primaryImageOfPage\":{\"@id\":\"https:\\\/\\\/www.eldiario.net\\\/portal\\\/2025\\\/02\\\/06\\\/boa-realizo-vuelos-a-cuba-pese-a-que-ruta-no-es-rentable\\\/#primaryimage\"},\"image\":{\"@id\":\"https:\\\/\\\/www.eldiario.net\\\/portal\\\/2025\\\/02\\\/06\\\/boa-realizo-vuelos-a-cuba-pese-a-que-ruta-no-es-rentable\\\/#primaryimage\"},\"thumbnailUrl\":\"https:\\\/\\\/www.eldiario.net\\\/portal\\\/wp-content\\\/uploads\\\/2025\\\/02\\\/RENTABLE-FOTO.jpg\",\"datePublished\":\"2025-02-06T10:10:05+00:00\",\"breadcrumb\":{\"@id\":\"https:\\\/\\\/www.eldiario.net\\\/portal\\\/2025\\\/02\\\/06\\\/boa-realizo-vuelos-a-cuba-pese-a-que-ruta-no-es-rentable\\\/#breadcrumb\"},\"inLanguage\":\"es\",\"potentialAction\":[{\"@type\":\"ReadAction\",\"target\":[\"https:\\\/\\\/www.eldiario.net\\\/portal\\\/2025\\\/02\\\/06\\\/boa-realizo-vuelos-a-cuba-pese-a-que-ruta-no-es-rentable\\\/\"]}]},{\"@type\":\"ImageObject\",\"inLanguage\":\"es\",\"@id\":\"https:\\\/\\\/www.eldiario.net\\\/portal\\\/2025\\\/02\\\/06\\\/boa-realizo-vuelos-a-cuba-pese-a-que-ruta-no-es-rentable\\\/#primaryimage\",\"url\":\"https:\\\/\\\/www.eldiario.net\\\/portal\\\/wp-content\\\/uploads\\\/2025\\\/02\\\/RENTABLE-FOTO.jpg\",\"contentUrl\":\"https:\\\/\\\/www.eldiario.net\\\/portal\\\/wp-content\\\/uploads\\\/2025\\\/02\\\/RENTABLE-FOTO.jpg\",\"width\":1600,\"height\":957,\"caption\":\"Senadora Centa Rek (Creemos) CREDITOS \\\/ RRSS\"},{\"@type\":\"BreadcrumbList\",\"@id\":\"https:\\\/\\\/www.eldiario.net\\\/portal\\\/2025\\\/02\\\/06\\\/boa-realizo-vuelos-a-cuba-pese-a-que-ruta-no-es-rentable\\\/#breadcrumb\",\"itemListElement\":[{\"@type\":\"ListItem\",\"position\":1,\"name\":\"Portada\",\"item\":\"https:\\\/\\\/www.eldiario.net\\\/portal\\\/\"},{\"@type\":\"ListItem\",\"position\":2,\"name\":\"BoA realiz\u00f3 vuelos a Cuba pese a que ruta no es rentable\"}]},{\"@type\":\"WebSite\",\"@id\":\"https:\\\/\\\/www.eldiario.net\\\/portal\\\/#website\",\"url\":\"https:\\\/\\\/www.eldiario.net\\\/portal\\\/\",\"name\":\"El Diario - Decano de la prensa nacional\",\"description\":\"El Diario - Decano de la prensa nacional\",\"publisher\":{\"@id\":\"https:\\\/\\\/www.eldiario.net\\\/portal\\\/#organization\"},\"potentialAction\":[{\"@type\":\"SearchAction\",\"target\":{\"@type\":\"EntryPoint\",\"urlTemplate\":\"https:\\\/\\\/www.eldiario.net\\\/portal\\\/?s={search_term_string}\"},\"query-input\":{\"@type\":\"PropertyValueSpecification\",\"valueRequired\":true,\"valueName\":\"search_term_string\"}}],\"inLanguage\":\"es\"},{\"@type\":\"Organization\",\"@id\":\"https:\\\/\\\/www.eldiario.net\\\/portal\\\/#organization\",\"name\":\"El Diario - Decano de la prensa nacional\",\"url\":\"https:\\\/\\\/www.eldiario.net\\\/portal\\\/\",\"logo\":{\"@type\":\"ImageObject\",\"inLanguage\":\"es\",\"@id\":\"https:\\\/\\\/www.eldiario.net\\\/portal\\\/#\\\/schema\\\/logo\\\/image\\\/\",\"url\":\"https:\\\/\\\/www.eldiario.net\\\/portal\\\/wp-content\\\/uploads\\\/2023\\\/07\\\/logo_ED.jpg\",\"contentUrl\":\"https:\\\/\\\/www.eldiario.net\\\/portal\\\/wp-content\\\/uploads\\\/2023\\\/07\\\/logo_ED.jpg\",\"width\":272,\"height\":52,\"caption\":\"El Diario - Decano de la prensa nacional\"},\"image\":{\"@id\":\"https:\\\/\\\/www.eldiario.net\\\/portal\\\/#\\\/schema\\\/logo\\\/image\\\/\"},\"sameAs\":[\"https:\\\/\\\/www.facebook.com\\\/eldiario.bolivia\\\/\",\"https:\\\/\\\/x.com\\\/eldiario_net\"]},{\"@type\":\"Person\",\"@id\":\"https:\\\/\\\/www.eldiario.net\\\/portal\\\/#\\\/schema\\\/person\\\/f46445640444750d7d753ccd04ae01b7\",\"name\":\"Jeanette\",\"image\":{\"@type\":\"ImageObject\",\"inLanguage\":\"es\",\"@id\":\"https:\\\/\\\/secure.gravatar.com\\\/avatar\\\/3ea2118a5f7dad2b7138b1187a6b7ee55f160b9968b66013c3a3ef39dd7e5798?s=96&d=mm&r=g\",\"url\":\"https:\\\/\\\/secure.gravatar.com\\\/avatar\\\/3ea2118a5f7dad2b7138b1187a6b7ee55f160b9968b66013c3a3ef39dd7e5798?s=96&d=mm&r=g\",\"contentUrl\":\"https:\\\/\\\/secure.gravatar.com\\\/avatar\\\/3ea2118a5f7dad2b7138b1187a6b7ee55f160b9968b66013c3a3ef39dd7e5798?s=96&d=mm&r=g\",\"caption\":\"Jeanette\"},\"sameAs\":[\"https:\\\/\\\/www.eldiario.net\\\/portal\"],\"url\":\"https:\\\/\\\/www.eldiario.net\\\/portal\\\/author\\\/jeanette\\\/\"}]}<\/script>\n<!-- \/ Yoast SEO plugin. -->","yoast_head_json":{"title":"BoA realiz\u00f3 vuelos a Cuba pese a que ruta no es rentable - El Diario - Bolivia","robots":{"index":"index","follow":"follow","max-snippet":"max-snippet:-1","max-image-preview":"max-image-preview:large","max-video-preview":"max-video-preview:-1"},"canonical":"https:\/\/www.eldiario.net\/portal\/2025\/02\/06\/boa-realizo-vuelos-a-cuba-pese-a-que-ruta-no-es-rentable\/","og_locale":"es_ES","og_type":"article","og_title":"BoA realiz\u00f3 vuelos a Cuba pese a que ruta no es rentable - El Diario - Bolivia","og_description":"Tras recibir respuesta a una Petici\u00f3n de Informe Escrito cursada a la estatal Boliviana de Aviaci\u00f3n (BoA), la senadora por la agrupaci\u00f3n Creemos, Centa Rek, denuncio que, en nueve meses de cubrir la ruta Santa Cruz de la Sierra-La Habana, y viceversa, esta empresa realiz\u00f3 36 vuelos con una cantidad de pasajeros menor a la [&hellip;]","og_url":"https:\/\/www.eldiario.net\/portal\/2025\/02\/06\/boa-realizo-vuelos-a-cuba-pese-a-que-ruta-no-es-rentable\/","og_site_name":"El Diario - Bolivia","article_publisher":"https:\/\/www.facebook.com\/eldiario.bolivia\/","article_published_time":"2025-02-06T10:10:05+00:00","og_image":[{"width":1600,"height":957,"url":"https:\/\/www.eldiario.net\/portal\/wp-content\/uploads\/2025\/02\/RENTABLE-FOTO.jpg","type":"image\/jpeg"}],"author":"Jeanette","twitter_card":"summary_large_image","twitter_creator":"@eldiario_net","twitter_site":"@eldiario_net","twitter_misc":{"Escrito por":"Jeanette","Tiempo de lectura":"2 minutos"},"schema":{"@context":"https:\/\/schema.org","@graph":[{"@type":"Article","@id":"https:\/\/www.eldiario.net\/portal\/2025\/02\/06\/boa-realizo-vuelos-a-cuba-pese-a-que-ruta-no-es-rentable\/#article","isPartOf":{"@id":"https:\/\/www.eldiario.net\/portal\/2025\/02\/06\/boa-realizo-vuelos-a-cuba-pese-a-que-ruta-no-es-rentable\/"},"author":{"name":"Jeanette","@id":"https:\/\/www.eldiario.net\/portal\/#\/schema\/person\/f46445640444750d7d753ccd04ae01b7"},"headline":"BoA realiz\u00f3 vuelos a Cuba pese a que ruta no es rentable","datePublished":"2025-02-06T10:10:05+00:00","mainEntityOfPage":{"@id":"https:\/\/www.eldiario.net\/portal\/2025\/02\/06\/boa-realizo-vuelos-a-cuba-pese-a-que-ruta-no-es-rentable\/"},"wordCount":391,"publisher":{"@id":"https:\/\/www.eldiario.net\/portal\/#organization"},"image":{"@id":"https:\/\/www.eldiario.net\/portal\/2025\/02\/06\/boa-realizo-vuelos-a-cuba-pese-a-que-ruta-no-es-rentable\/#primaryimage"},"thumbnailUrl":"https:\/\/www.eldiario.net\/portal\/wp-content\/uploads\/2025\/02\/RENTABLE-FOTO.jpg","articleSection":["Pol\u00edtica"],"inLanguage":"es"},{"@type":"WebPage","@id":"https:\/\/www.eldiario.net\/portal\/2025\/02\/06\/boa-realizo-vuelos-a-cuba-pese-a-que-ruta-no-es-rentable\/","url":"https:\/\/www.eldiario.net\/portal\/2025\/02\/06\/boa-realizo-vuelos-a-cuba-pese-a-que-ruta-no-es-rentable\/","name":"BoA realiz\u00f3 vuelos a Cuba pese a que ruta no es rentable - El Diario - Bolivia","isPartOf":{"@id":"https:\/\/www.eldiario.net\/portal\/#website"},"primaryImageOfPage":{"@id":"https:\/\/www.eldiario.net\/portal\/2025\/02\/06\/boa-realizo-vuelos-a-cuba-pese-a-que-ruta-no-es-rentable\/#primaryimage"},"image":{"@id":"https:\/\/www.eldiario.net\/portal\/2025\/02\/06\/boa-realizo-vuelos-a-cuba-pese-a-que-ruta-no-es-rentable\/#primaryimage"},"thumbnailUrl":"https:\/\/www.eldiario.net\/portal\/wp-content\/uploads\/2025\/02\/RENTABLE-FOTO.jpg","datePublished":"2025-02-06T10:10:05+00:00","breadcrumb":{"@id":"https:\/\/www.eldiario.net\/portal\/2025\/02\/06\/boa-realizo-vuelos-a-cuba-pese-a-que-ruta-no-es-rentable\/#breadcrumb"},"inLanguage":"es","potentialAction":[{"@type":"ReadAction","target":["https:\/\/www.eldiario.net\/portal\/2025\/02\/06\/boa-realizo-vuelos-a-cuba-pese-a-que-ruta-no-es-rentable\/"]}]},{"@type":"ImageObject","inLanguage":"es","@id":"https:\/\/www.eldiario.net\/portal\/2025\/02\/06\/boa-realizo-vuelos-a-cuba-pese-a-que-ruta-no-es-rentable\/#primaryimage","url":"https:\/\/www.eldiario.net\/portal\/wp-content\/uploads\/2025\/02\/RENTABLE-FOTO.jpg","contentUrl":"https:\/\/www.eldiario.net\/portal\/wp-content\/uploads\/2025\/02\/RENTABLE-FOTO.jpg","width":1600,"height":957,"caption":"Senadora Centa Rek (Creemos) CREDITOS \/ RRSS"},{"@type":"BreadcrumbList","@id":"https:\/\/www.eldiario.net\/portal\/2025\/02\/06\/boa-realizo-vuelos-a-cuba-pese-a-que-ruta-no-es-rentable\/#breadcrumb","itemListElement":[{"@type":"ListItem","position":1,"name":"Portada","item":"https:\/\/www.eldiario.net\/portal\/"},{"@type":"ListItem","position":2,"name":"BoA realiz\u00f3 vuelos a Cuba pese a que ruta no es rentable"}]},{"@type":"WebSite","@id":"https:\/\/www.eldiario.net\/portal\/#website","url":"https:\/\/www.eldiario.net\/portal\/","name":"El Diario - Decano de la prensa nacional","description":"El Diario - Decano de la prensa nacional","publisher":{"@id":"https:\/\/www.eldiario.net\/portal\/#organization"},"potentialAction":[{"@type":"SearchAction","target":{"@type":"EntryPoint","urlTemplate":"https:\/\/www.eldiario.net\/portal\/?s={search_term_string}"},"query-input":{"@type":"PropertyValueSpecification","valueRequired":true,"valueName":"search_term_string"}}],"inLanguage":"es"},{"@type":"Organization","@id":"https:\/\/www.eldiario.net\/portal\/#organization","name":"El Diario - Decano de la prensa nacional","url":"https:\/\/www.eldiario.net\/portal\/","logo":{"@type":"ImageObject","inLanguage":"es","@id":"https:\/\/www.eldiario.net\/portal\/#\/schema\/logo\/image\/","url":"https:\/\/www.eldiario.net\/portal\/wp-content\/uploads\/2023\/07\/logo_ED.jpg","contentUrl":"https:\/\/www.eldiario.net\/portal\/wp-content\/uploads\/2023\/07\/logo_ED.jpg","width":272,"height":52,"caption":"El Diario - Decano de la prensa nacional"},"image":{"@id":"https:\/\/www.eldiario.net\/portal\/#\/schema\/logo\/image\/"},"sameAs":["https:\/\/www.facebook.com\/eldiario.bolivia\/","https:\/\/x.com\/eldiario_net"]},{"@type":"Person","@id":"https:\/\/www.eldiario.net\/portal\/#\/schema\/person\/f46445640444750d7d753ccd04ae01b7","name":"Jeanette","image":{"@type":"ImageObject","inLanguage":"es","@id":"https:\/\/secure.gravatar.com\/avatar\/3ea2118a5f7dad2b7138b1187a6b7ee55f160b9968b66013c3a3ef39dd7e5798?s=96&d=mm&r=g","url":"https:\/\/secure.gravatar.com\/avatar\/3ea2118a5f7dad2b7138b1187a6b7ee55f160b9968b66013c3a3ef39dd7e5798?s=96&d=mm&r=g","contentUrl":"https:\/\/secure.gravatar.com\/avatar\/3ea2118a5f7dad2b7138b1187a6b7ee55f160b9968b66013c3a3ef39dd7e5798?s=96&d=mm&r=g","caption":"Jeanette"},"sameAs":["https:\/\/www.eldiario.net\/portal"],"url":"https:\/\/www.eldiario.net\/portal\/author\/jeanette\/"}]}},"_links":{"self":[{"href":"https:\/\/www.eldiario.net\/portal\/wp-json\/wp\/v2\/posts\/279818","targetHints":{"allow":["GET"]}}],"collection":[{"href":"https:\/\/www.eldiario.net\/portal\/wp-json\/wp\/v2\/posts"}],"about":[{"href":"https:\/\/www.eldiario.net\/portal\/wp-json\/wp\/v2\/types\/post"}],"author":[{"embeddable":true,"href":"https:\/\/www.eldiario.net\/portal\/wp-json\/wp\/v2\/users\/1"}],"replies":[{"embeddable":true,"href":"https:\/\/www.eldiario.net\/portal\/wp-json\/wp\/v2\/comments?post=279818"}],"version-history":[{"count":1,"href":"https:\/\/www.eldiario.net\/portal\/wp-json\/wp\/v2\/posts\/279818\/revisions"}],"predecessor-version":[{"id":279820,"href":"https:\/\/www.eldiario.net\/portal\/wp-json\/wp\/v2\/posts\/279818\/revisions\/279820"}],"wp:featuredmedia":[{"embeddable":true,"href":"https:\/\/www.eldiario.net\/portal\/wp-json\/wp\/v2\/media\/279819"}],"wp:attachment":[{"href":"https:\/\/www.eldiario.net\/portal\/wp-json\/wp\/v2\/media?parent=279818"}],"wp:term":[{"taxonomy":"category","embeddable":true,"href":"https:\/\/www.eldiario.net\/portal\/wp-json\/wp\/v2\/categories?post=279818"},{"taxonomy":"post_tag","embeddable":true,"href":"https:\/\/www.eldiario.net\/portal\/wp-json\/wp\/v2\/tags?post=279818"}],"curies":[{"name":"wp","href":"https:\/\/api.w.org\/{rel}","templated":true}]}}